{"id":66123,"date":"2025-08-15T13:15:48","date_gmt":"2025-08-15T11:15:48","guid":{"rendered":"https:\/\/www.revistarambla.com\/?p=66123"},"modified":"2025-08-16T10:19:42","modified_gmt":"2025-08-16T08:19:42","slug":"la-ola-de-calor-agrava-la-situacion-de-vulnerabilidad-de-la-personas-sin-hogar-en-barcelona","status":"publish","type":"post","link":"https:\/\/www.revistarambla.com\/en\/la-ola-de-calor-agrava-la-situacion-de-vulnerabilidad-de-la-personas-sin-hogar-en-barcelona\/","title":{"rendered":"La ola de calor agrava la situaci\u00f3n de vulnerabilidad de la personas sin hogar en Barcelona"},"content":{"rendered":"<p>La Ciudad Condal se ha convertido en un horno urbano durante esta ola de calor que azota Espa\u00f1a desde principios de mes. Con temperaturas diurnas superando los 34 grados Celsius y noches t\u00f3rridas que no bajan de los 28 grados, la metr\u00f3polis catalana enfrenta uno de los episodios t\u00e9rmicos m\u00e1s intensos de los \u00faltimos a\u00f1os. Pero mientras muchos residentes se refugian en hogares con aire acondicionado o escapan a playas cercanas, un grupo particularmente vulnerable \u2013las personas sin hogar\u2013 soporta el embate del calor en las calles, donde cada d\u00eda se convierte en una batalla por la supervivencia. Seg\u00fan datos del Ayuntamiento, entre 50 y 70 individuos han solicitado ayuda municipal este verano, un n\u00famero que podr\u00eda ser solo la punta del iceberg en una ciudad donde se estima que m\u00e1s de 1.200 personas viven en la intemperie.<\/p>\n<p>Esta ola de calor, que la Agencia Estatal de Meteorolog\u00eda (AEMET) ha prolongado en sus avisos especiales hasta al menos el fin de semana, no es un fen\u00f3meno aislado. Espa\u00f1a registra en estos primeros 20 d\u00edas de agosto las temperaturas m\u00e1s altas desde que hay registros, con picos que han causado muertes por golpes de calor en todo el pa\u00eds, incluyendo un joven de 21 a\u00f1os y una mujer de 61 en situaciones laborales expuestas. En Barcelona, el impacto se agrava por el efecto isla de calor urbano: el asfalto y los edificios absorben y retienen el calor, elevando las temperaturas locales hasta 5 grados m\u00e1s que en \u00e1reas rurales. Para las personas sin techo, esto significa deshidrataci\u00f3n, agotamiento, problemas cardiovasculares y un deterioro acelerado de la salud mental. \u00abEl calor no solo quema la piel, quema el alma\u00bb, cuenta Javier, un hombre de 45 a\u00f1os que duerme en los alrededores de la Rambla desde hace tres a\u00f1os. \u00abDurante el d\u00eda, buscas sombra como un animal, y por la noche, el sudor no te deja descansar. Es como vivir en un infierno constante\u00bb.<\/p>\n<h2>La vida en las calles: Una rutina alterada por el fuego del verano<\/h2>\n<p>Las personas sin hogar en Barcelona, un colectivo heterog\u00e9neo que incluye desde inmigrantes recientes hasta locales ca\u00eddos en desgracia por la crisis econ\u00f3mica, han visto su rutina diaria trastocada por esta ola de calor. Normalmente, las calles del centro \u2013como el Raval, el G\u00f3tico o la Barceloneta\u2013 sirven de hogar improvisado, con cartones y mantas como \u00fanico refugio. Pero con el sol abrasador, muchos se ven obligados a migrar constantemente en busca de alivio. Fuentes p\u00fablicas, como las m\u00e1s de 1.800 diseminadas por la ciudad, se convierten en oasis vitales para hidratarse y refrescarse, aunque el acceso a duchas es limitado y a menudo insuficiente.<\/p>\n<p>Organizaciones como Arrels Fundaci\u00f3, que atiende a cientos de personas sin hogar anualmente, han reportado un aumento en los problemas de salud relacionados con el calor. En un espacio abierto en el Raval, con ventilaci\u00f3n, sombra y puntos de hidrataci\u00f3n, voluntarios como Manel Lamadrid observan c\u00f3mo el calor agrava condiciones preexistentes. \u00abLa ola de calor golpea con fuerza a las personas sin hogar\u00bb, explica un informe de RTVE, destacando c\u00f3mo el estr\u00e9s t\u00e9rmico afecta la salud f\u00edsica y mental, con dificultades para acceder a servicios b\u00e1sicos como duchas p\u00fablicas. Una voluntaria de Arrels declara: \u00abVemos m\u00e1s casos de desmayos y ansiedad. El calor hace que la gente se a\u00edsle a\u00fan m\u00e1s, porque moverse es agotador. Ofrecemos agua y sombra, pero no es suficiente para todos\u00bb.<\/p>\n<p>Testimonios recogidos en las calles pintan un panorama desolador. Mar\u00eda, una mujer de 52 a\u00f1os originaria de Andaluc\u00eda que perdi\u00f3 su hogar durante la pandemia, relata su d\u00eda a d\u00eda: \u00abMe despierto empapada en sudor a las 6 de la ma\u00f1ana. Camino hasta una fuente para beber, pero el agua sale tibia. Durante el d\u00eda, me escondo en parques o bajo puentes, pero los mosquitos y el calor no dan tregua. Por la noche, es peor: el asfalto irradia calor como una plancha\u00bb. Similarmente, un informe de <em>El Peri\u00f3dico<\/em> describe c\u00f3mo Barcelona se transforma en \u00abun horno a cielo abierto\u00bb, con residentes \u2013incluyendo vulnerables\u2013 confinados o adaptando horarios para evitar las horas pico. Para los sin techo, esta adaptaci\u00f3n implica riesgos mayores: exposici\u00f3n prolongada al sol puede llevar a golpes de calor, que ya han cobrado vidas en Espa\u00f1a este mes.<\/p>\n<p>La vulnerabilidad es especialmente alta entre subgrupos: mujeres mayores de 75 a\u00f1os viviendo solas \u2013aunque no necesariamente sin hogar\u2013 enfrentan un riesgo de mortalidad 50% mayor cuando las temperaturas superan los 34 grados, seg\u00fan estudios locales. Entre los sin techo, los ancianos y aquellos con enfermedades cr\u00f3nicas son los m\u00e1s afectados.<\/p>\n<h2>Medidas de las administraciones: Un plan activado, pero con limitaciones<\/h2>\n<p>El Ayuntamiento de Barcelona ha activado un protocolo preventivo vigente desde el 15 de junio hasta el 15 de septiembre. Este plan incluye fases de alerta y emergencia, que se han escalado en agosto debido a las previsiones de AEMET. El 14 de agosto, se activ\u00f3 la alerta diurna por calor intenso y la emergencia nocturna por noches t\u00f3rridas, con temperaturas que no permiten el descanso adecuado.<\/p>\n<p>El Centro de Urgencias y Emergencias Sociales de Barcelona (CUESB), coordinado con Protecci\u00f3n Civil y la Cruz Roja, despliega equipos en las calles para localizar a personas en riesgo. Estos operativos informan sobre refugios clim\u00e1ticos, distribuyen materiales preventivos como gorras, abanicos, cantimploras y agua, y eval\u00faan casos individuales. Si se detecta un riesgo inminente, se alerta al 061 o 112, y se acompa\u00f1a a la persona a un centro climatizado. Merche Cuesta, directora territorial del CUESB, afirma: \u00abEntre 50 y 70 personas han accedido a recibir ayuda municipal este verano, entre las que se encuentran personas sin hogar\u00bb. Adem\u00e1s, se env\u00edan SMS a usuarios de servicios sociales vulnerables, recordando precauciones como evitar el sol entre las 12:00 y las 17:00, hidratarse y limitar actividades f\u00edsicas.<\/p>\n<p>A nivel nacional, el Plan Nacional de Actuaciones Preventivas por exceso de temperaturas, del Ministerio de Sanidad, establece alertas y mecanismos para reducir la mortalidad, aunque su implementaci\u00f3n es local. En Catalu\u00f1a, la Generalitat colabora con municipios para reforzar la atenci\u00f3n primaria, pero cr\u00edticos se\u00f1alan que las medidas son reactivas m\u00e1s que preventivas.<\/p>\n<p>Sin embargo, no todo es perfecto. Expertos como Adri\u00e0 Rodr\u00edguez, del Institut de Recerca Urbana de Barcelona, critican la visi\u00f3n \u00abnaif\u00bb del plan: \u00abCreer que solo con hacer un mapa con lugares con m\u00e1s confort t\u00e9rmico har\u00e1 que la gente vaya a pasar la tarde es tener una visi\u00f3n naif. Barcelona no est\u00e1 preparada para el calor; tenemos una ciudad entregada al transporte privado y con gran cobertura de asfalto que absorbe calor\u00bb. Miquel Vallmitjana, de Ecologistas en Acci\u00f3n, a\u00f1ade: \u00abNos estamos encaminando a superar temperaturas m\u00e1ximas durante todo el d\u00eda y eso puede ser mortal, no es suficiente con un lugar con sombra\u00bb. Estas declaraciones subrayan la necesidad de medidas estructurales, como aumentar la vegetaci\u00f3n urbana y reducir emisiones.<\/p>\n<h2>D\u00f3nde se refugian: La red de refugios clim\u00e1ticos, un salvavidas imperfecto<\/h2>\n<p>Barcelona presume de la red de refugios clim\u00e1ticos m\u00e1s extensa de Espa\u00f1a, con 400 espacios distribuidos en todos los distritos: 128 equipamientos de proximidad (centros c\u00edvicos y de barrio), 55 piscinas, 50 bibliotecas, 47 parques, 19 mercados y otros como iglesias y museos. Estos refugios, dise\u00f1ados para mantener temperaturas entre 26 y 27 grados, son accesibles en un radio de 10 minutos para la mayor\u00eda de residentes y est\u00e1n abiertos todo el a\u00f1o, aunque con horarios ampliados en verano. La mayor\u00eda son gratuitos, excepto piscinas y algunos espacios culturales.<\/p>\n<p>Para los sin hogar, estos refugios ofrecen un respiro temporal. Bibliotecas y centros c\u00edvicos permiten pasar horas en ambientes frescos, mientras parques con sombra y fuentes proporcionan alivio al aire libre. El \u00c1rea Metropolitana de Barcelona (AMB) a\u00f1ade 244 refugios adicionales en parques y bibliotecas metropolitanas. Organizaciones como Arrels Fundaci\u00f3 han abierto espacios espec\u00edficos, como el del Raval, con ventilaci\u00f3n e hidrataci\u00f3n para combatir riesgos de salud.<\/p>\n<p>A pesar de esto, hay cr\u00edticas: muchos refugios cierran fines de semana o mediod\u00eda, no todos tienen aire acondicionado, y algunos requieren pago, excluyendo a los m\u00e1s vulnerables. Un vecino an\u00f3nimo citado en informes dice: \u00abEn casa no se puede estar\u00bb, reflejando la dependencia de estos espacios para quienes carecen de hogar. Greenpeace, en su informe de 2025, urge soluciones basadas en la naturaleza, como m\u00e1s \u00e1rboles, para hacer las ciudades habitables.<\/p>\n<h2>Hacia un futuro m\u00e1s resiliente<\/h2>\n<p>Esta ola de calor de agosto de 2025 no solo expone las vulnerabilidades de las personas sin hogar en Barcelona, sino que subraya la urgencia de adaptar las ciudades al cambio clim\u00e1tico. Mientras el Ayuntamiento y ONGs trabajan en paliar el impacto inmediato, expertos llaman a inversiones a largo plazo: m\u00e1s verde urbano, vivienda asequible y pol\u00edticas inclusivas. Javier, el sin techo de la Rambla, resume el sentir: \u00abNecesitamos m\u00e1s que agua y gorras; necesitamos un techo que nos proteja del sol y de la indiferencia\u00bb. En una ciudad que se enorgullece de su solidaridad, esta crisis t\u00e9rmica es un recordatorio de que el calor no discrimina, pero la sociedad s\u00ed puede elegir c\u00f3mo responder.<\/p>","protected":false},"excerpt":{"rendered":"<p>La Ciudad Condal se ha convertido en un horno urbano durante esta ola de calor que azota Espa\u00f1a desde principios de mes. Con temperaturas diurnas superando los 34 grados Celsius y noches t\u00f3rridas que no bajan de los 28 grados, la metr\u00f3polis catalana enfrenta uno de los episodios t\u00e9rmicos m\u00e1s [&hellip;]<\/p>\n","protected":false},"author":3,"featured_media":66124,"comment_status":"closed","ping_status":"closed","sticky":false,"template":"","format":"standard","meta":{"footnotes":""},"categories":[76],"tags":[],"class_list":["post-66123","post","type-post","status-publish","format-standard","has-post-thumbnail","hentry","category-barcelona"],"yoast_head":"<!-- This site is optimized with the Yoast SEO plugin v27.5 - https:\/\/yoast.com\/product\/yoast-seo-wordpress\/ -->\n<title>La ola de calor agrava la situaci\u00f3n de vulnerabilidad de la personas sin hogar en Barcelona - Revista Rambla<\/title>\n<meta name=\"robots\" content=\"index, follow, max-snippet:-1, max-image-preview:large, max-video-preview:-1\" \/>\n<link rel=\"canonical\" href=\"https:\/\/www.revistarambla.com\/en\/la-ola-de-calor-agrava-la-situacion-de-vulnerabilidad-de-la-personas-sin-hogar-en-barcelona\/\" \/>\n<meta property=\"og:locale\" content=\"en_GB\" \/>\n<meta property=\"og:type\" content=\"article\" \/>\n<meta property=\"og:title\" content=\"La ola de calor agrava la situaci\u00f3n de vulnerabilidad de la personas sin hogar en Barcelona - Revista Rambla\" \/>\n<meta property=\"og:description\" content=\"La Ciudad Condal se ha convertido en un horno urbano durante esta ola de calor que azota Espa\u00f1a desde principios de mes. Con temperaturas diurnas superando los 34 grados Celsius y noches t\u00f3rridas que no bajan de los 28 grados, la metr\u00f3polis catalana enfrenta uno de los episodios t\u00e9rmicos m\u00e1s [&hellip;]\" \/>\n<meta property=\"og:url\" content=\"https:\/\/www.revistarambla.com\/en\/la-ola-de-calor-agrava-la-situacion-de-vulnerabilidad-de-la-personas-sin-hogar-en-barcelona\/\" \/>\n<meta property=\"og:site_name\" content=\"Revista Rambla\" \/>\n<meta property=\"article:publisher\" content=\"https:\/\/www.facebook.com\/revistarambla\/\" \/>\n<meta property=\"article:author\" content=\"https:\/\/www.facebook.com\/revistarambla\" \/>\n<meta property=\"article:published_time\" content=\"2025-08-15T11:15:48+00:00\" \/>\n<meta property=\"article:modified_time\" content=\"2025-08-16T08:19:42+00:00\" \/>\n<meta property=\"og:image\" content=\"https:\/\/www.revistarambla.com\/wp-content\/uploads\/2025\/08\/personas-sin-hogar-en-Barcelona.jpeg\" \/>\n\t<meta property=\"og:image:width\" content=\"1200\" \/>\n\t<meta property=\"og:image:height\" content=\"800\" \/>\n\t<meta property=\"og:image:type\" content=\"image\/jpeg\" \/>\n<meta name=\"author\" content=\"R@mbla\" \/>\n<meta name=\"twitter:card\" content=\"summary_large_image\" \/>\n<meta name=\"twitter:creator\" content=\"@revistarambla\" \/>\n<meta name=\"twitter:site\" content=\"@revistarambla\" \/>\n<meta name=\"twitter:label1\" content=\"Written by\" \/>\n\t<meta name=\"twitter:data1\" content=\"R@mbla\" \/>\n\t<meta name=\"twitter:label2\" content=\"Estimated reading time\" \/>\n\t<meta name=\"twitter:data2\" content=\"8 minutes\" \/>\n<script type=\"application\/ld+json\" class=\"yoast-schema-graph\">{\"@context\":\"https:\\\/\\\/schema.org\",\"@graph\":[{\"@type\":\"Article\",\"@id\":\"https:\\\/\\\/www.revistarambla.com\\\/la-ola-de-calor-agrava-la-situacion-de-vulnerabilidad-de-la-personas-sin-hogar-en-barcelona\\\/#article\",\"isPartOf\":{\"@id\":\"https:\\\/\\\/www.revistarambla.com\\\/la-ola-de-calor-agrava-la-situacion-de-vulnerabilidad-de-la-personas-sin-hogar-en-barcelona\\\/\"},\"author\":{\"name\":\"R@mbla\",\"@id\":\"https:\\\/\\\/www.revistarambla.com\\\/#\\\/schema\\\/person\\\/a146a5a2550b94981a75131180e1bd9c\"},\"headline\":\"La ola de calor agrava la situaci\u00f3n de vulnerabilidad de la personas sin hogar en Barcelona\",\"datePublished\":\"2025-08-15T11:15:48+00:00\",\"dateModified\":\"2025-08-16T08:19:42+00:00\",\"mainEntityOfPage\":{\"@id\":\"https:\\\/\\\/www.revistarambla.com\\\/la-ola-de-calor-agrava-la-situacion-de-vulnerabilidad-de-la-personas-sin-hogar-en-barcelona\\\/\"},\"wordCount\":1580,\"publisher\":{\"@id\":\"https:\\\/\\\/www.revistarambla.com\\\/#organization\"},\"image\":{\"@id\":\"https:\\\/\\\/www.revistarambla.com\\\/la-ola-de-calor-agrava-la-situacion-de-vulnerabilidad-de-la-personas-sin-hogar-en-barcelona\\\/#primaryimage\"},\"thumbnailUrl\":\"https:\\\/\\\/www.revistarambla.com\\\/wp-content\\\/uploads\\\/2025\\\/08\\\/personas-sin-hogar-en-Barcelona.jpeg\",\"articleSection\":[\"Barcelona\"],\"inLanguage\":\"en-GB\"},{\"@type\":\"WebPage\",\"@id\":\"https:\\\/\\\/www.revistarambla.com\\\/la-ola-de-calor-agrava-la-situacion-de-vulnerabilidad-de-la-personas-sin-hogar-en-barcelona\\\/\",\"url\":\"https:\\\/\\\/www.revistarambla.com\\\/la-ola-de-calor-agrava-la-situacion-de-vulnerabilidad-de-la-personas-sin-hogar-en-barcelona\\\/\",\"name\":\"La ola de calor agrava la situaci\u00f3n de vulnerabilidad de la personas sin hogar en Barcelona - Revista Rambla\",\"isPartOf\":{\"@id\":\"https:\\\/\\\/www.revistarambla.com\\\/#website\"},\"primaryImageOfPage\":{\"@id\":\"https:\\\/\\\/www.revistarambla.com\\\/la-ola-de-calor-agrava-la-situacion-de-vulnerabilidad-de-la-personas-sin-hogar-en-barcelona\\\/#primaryimage\"},\"image\":{\"@id\":\"https:\\\/\\\/www.revistarambla.com\\\/la-ola-de-calor-agrava-la-situacion-de-vulnerabilidad-de-la-personas-sin-hogar-en-barcelona\\\/#primaryimage\"},\"thumbnailUrl\":\"https:\\\/\\\/www.revistarambla.com\\\/wp-content\\\/uploads\\\/2025\\\/08\\\/personas-sin-hogar-en-Barcelona.jpeg\",\"datePublished\":\"2025-08-15T11:15:48+00:00\",\"dateModified\":\"2025-08-16T08:19:42+00:00\",\"breadcrumb\":{\"@id\":\"https:\\\/\\\/www.revistarambla.com\\\/la-ola-de-calor-agrava-la-situacion-de-vulnerabilidad-de-la-personas-sin-hogar-en-barcelona\\\/#breadcrumb\"},\"inLanguage\":\"en-GB\",\"potentialAction\":[{\"@type\":\"ReadAction\",\"target\":[\"https:\\\/\\\/www.revistarambla.com\\\/la-ola-de-calor-agrava-la-situacion-de-vulnerabilidad-de-la-personas-sin-hogar-en-barcelona\\\/\"]}]},{\"@type\":\"ImageObject\",\"inLanguage\":\"en-GB\",\"@id\":\"https:\\\/\\\/www.revistarambla.com\\\/la-ola-de-calor-agrava-la-situacion-de-vulnerabilidad-de-la-personas-sin-hogar-en-barcelona\\\/#primaryimage\",\"url\":\"https:\\\/\\\/www.revistarambla.com\\\/wp-content\\\/uploads\\\/2025\\\/08\\\/personas-sin-hogar-en-Barcelona.jpeg\",\"contentUrl\":\"https:\\\/\\\/www.revistarambla.com\\\/wp-content\\\/uploads\\\/2025\\\/08\\\/personas-sin-hogar-en-Barcelona.jpeg\",\"width\":1200,\"height\":800,\"caption\":\"personas sin hogar en Barcelona muertos frio\"},{\"@type\":\"BreadcrumbList\",\"@id\":\"https:\\\/\\\/www.revistarambla.com\\\/la-ola-de-calor-agrava-la-situacion-de-vulnerabilidad-de-la-personas-sin-hogar-en-barcelona\\\/#breadcrumb\",\"itemListElement\":[{\"@type\":\"ListItem\",\"position\":1,\"name\":\"Portada\",\"item\":\"https:\\\/\\\/www.revistarambla.com\\\/\"},{\"@type\":\"ListItem\",\"position\":2,\"name\":\"La ola de calor agrava la situaci\u00f3n de vulnerabilidad de la personas sin hogar en Barcelona\"}]},{\"@type\":\"WebSite\",\"@id\":\"https:\\\/\\\/www.revistarambla.com\\\/#website\",\"url\":\"https:\\\/\\\/www.revistarambla.com\\\/\",\"name\":\"Revista Rambla Barcelona\",\"description\":\"Periodismo independiente\",\"publisher\":{\"@id\":\"https:\\\/\\\/www.revistarambla.com\\\/#organization\"},\"potentialAction\":[{\"@type\":\"SearchAction\",\"target\":{\"@type\":\"EntryPoint\",\"urlTemplate\":\"https:\\\/\\\/www.revistarambla.com\\\/?s={search_term_string}\"},\"query-input\":{\"@type\":\"PropertyValueSpecification\",\"valueRequired\":true,\"valueName\":\"search_term_string\"}}],\"inLanguage\":\"en-GB\"},{\"@type\":\"Organization\",\"@id\":\"https:\\\/\\\/www.revistarambla.com\\\/#organization\",\"name\":\"Revista Rambla\",\"url\":\"https:\\\/\\\/www.revistarambla.com\\\/\",\"logo\":{\"@type\":\"ImageObject\",\"inLanguage\":\"en-GB\",\"@id\":\"https:\\\/\\\/www.revistarambla.com\\\/#\\\/schema\\\/logo\\\/image\\\/\",\"url\":\"https:\\\/\\\/www.revistarambla.com\\\/wp-content\\\/uploads\\\/2020\\\/09\\\/banner_rambla_1900x600_BB.png\",\"contentUrl\":\"https:\\\/\\\/www.revistarambla.com\\\/wp-content\\\/uploads\\\/2020\\\/09\\\/banner_rambla_1900x600_BB.png\",\"width\":1900,\"height\":600,\"caption\":\"Revista Rambla\"},\"image\":{\"@id\":\"https:\\\/\\\/www.revistarambla.com\\\/#\\\/schema\\\/logo\\\/image\\\/\"},\"sameAs\":[\"https:\\\/\\\/www.facebook.com\\\/revistarambla\\\/\",\"https:\\\/\\\/x.com\\\/revistarambla\",\"https:\\\/\\\/www.instagram.com\\\/revista_rambla\",\"https:\\\/\\\/es.linkedin.com\\\/company\\\/revista-rambla\"]},{\"@type\":\"Person\",\"@id\":\"https:\\\/\\\/www.revistarambla.com\\\/#\\\/schema\\\/person\\\/a146a5a2550b94981a75131180e1bd9c\",\"name\":\"R@mbla\",\"description\":\"Este art\u00edculo ha sido redactado y\\\/o validado por el equipo de redacci\u00f3n de Revista Rambla.\",\"sameAs\":[\"https:\\\/\\\/www.revistarambla.com\\\/\",\"https:\\\/\\\/www.facebook.com\\\/revistarambla\",\"https:\\\/\\\/x.com\\\/revistarambla\"]}]}<\/script>\n<!-- \/ Yoast SEO plugin. -->","yoast_head_json":{"title":"La ola de calor agrava la situaci\u00f3n de vulnerabilidad de la personas sin hogar en Barcelona - Revista Rambla","robots":{"index":"index","follow":"follow","max-snippet":"max-snippet:-1","max-image-preview":"max-image-preview:large","max-video-preview":"max-video-preview:-1"},"canonical":"https:\/\/www.revistarambla.com\/en\/la-ola-de-calor-agrava-la-situacion-de-vulnerabilidad-de-la-personas-sin-hogar-en-barcelona\/","og_locale":"en_GB","og_type":"article","og_title":"La ola de calor agrava la situaci\u00f3n de vulnerabilidad de la personas sin hogar en Barcelona - Revista Rambla","og_description":"La Ciudad Condal se ha convertido en un horno urbano durante esta ola de calor que azota Espa\u00f1a desde principios de mes. Con temperaturas diurnas superando los 34 grados Celsius y noches t\u00f3rridas que no bajan de los 28 grados, la metr\u00f3polis catalana enfrenta uno de los episodios t\u00e9rmicos m\u00e1s [&hellip;]","og_url":"https:\/\/www.revistarambla.com\/en\/la-ola-de-calor-agrava-la-situacion-de-vulnerabilidad-de-la-personas-sin-hogar-en-barcelona\/","og_site_name":"Revista Rambla","article_publisher":"https:\/\/www.facebook.com\/revistarambla\/","article_author":"https:\/\/www.facebook.com\/revistarambla","article_published_time":"2025-08-15T11:15:48+00:00","article_modified_time":"2025-08-16T08:19:42+00:00","og_image":[{"width":1200,"height":800,"url":"https:\/\/www.revistarambla.com\/wp-content\/uploads\/2025\/08\/personas-sin-hogar-en-Barcelona.jpeg","type":"image\/jpeg"}],"author":"R@mbla","twitter_card":"summary_large_image","twitter_creator":"@revistarambla","twitter_site":"@revistarambla","twitter_misc":{"Written by":"R@mbla","Estimated reading time":"8 minutes"},"schema":{"@context":"https:\/\/schema.org","@graph":[{"@type":"Article","@id":"https:\/\/www.revistarambla.com\/la-ola-de-calor-agrava-la-situacion-de-vulnerabilidad-de-la-personas-sin-hogar-en-barcelona\/#article","isPartOf":{"@id":"https:\/\/www.revistarambla.com\/la-ola-de-calor-agrava-la-situacion-de-vulnerabilidad-de-la-personas-sin-hogar-en-barcelona\/"},"author":{"name":"R@mbla","@id":"https:\/\/www.revistarambla.com\/#\/schema\/person\/a146a5a2550b94981a75131180e1bd9c"},"headline":"La ola de calor agrava la situaci\u00f3n de vulnerabilidad de la personas sin hogar en Barcelona","datePublished":"2025-08-15T11:15:48+00:00","dateModified":"2025-08-16T08:19:42+00:00","mainEntityOfPage":{"@id":"https:\/\/www.revistarambla.com\/la-ola-de-calor-agrava-la-situacion-de-vulnerabilidad-de-la-personas-sin-hogar-en-barcelona\/"},"wordCount":1580,"publisher":{"@id":"https:\/\/www.revistarambla.com\/#organization"},"image":{"@id":"https:\/\/www.revistarambla.com\/la-ola-de-calor-agrava-la-situacion-de-vulnerabilidad-de-la-personas-sin-hogar-en-barcelona\/#primaryimage"},"thumbnailUrl":"https:\/\/www.revistarambla.com\/wp-content\/uploads\/2025\/08\/personas-sin-hogar-en-Barcelona.jpeg","articleSection":["Barcelona"],"inLanguage":"en-GB"},{"@type":"WebPage","@id":"https:\/\/www.revistarambla.com\/la-ola-de-calor-agrava-la-situacion-de-vulnerabilidad-de-la-personas-sin-hogar-en-barcelona\/","url":"https:\/\/www.revistarambla.com\/la-ola-de-calor-agrava-la-situacion-de-vulnerabilidad-de-la-personas-sin-hogar-en-barcelona\/","name":"La ola de calor agrava la situaci\u00f3n de vulnerabilidad de la personas sin hogar en Barcelona - Revista Rambla","isPartOf":{"@id":"https:\/\/www.revistarambla.com\/#website"},"primaryImageOfPage":{"@id":"https:\/\/www.revistarambla.com\/la-ola-de-calor-agrava-la-situacion-de-vulnerabilidad-de-la-personas-sin-hogar-en-barcelona\/#primaryimage"},"image":{"@id":"https:\/\/www.revistarambla.com\/la-ola-de-calor-agrava-la-situacion-de-vulnerabilidad-de-la-personas-sin-hogar-en-barcelona\/#primaryimage"},"thumbnailUrl":"https:\/\/www.revistarambla.com\/wp-content\/uploads\/2025\/08\/personas-sin-hogar-en-Barcelona.jpeg","datePublished":"2025-08-15T11:15:48+00:00","dateModified":"2025-08-16T08:19:42+00:00","breadcrumb":{"@id":"https:\/\/www.revistarambla.com\/la-ola-de-calor-agrava-la-situacion-de-vulnerabilidad-de-la-personas-sin-hogar-en-barcelona\/#breadcrumb"},"inLanguage":"en-GB","potentialAction":[{"@type":"ReadAction","target":["https:\/\/www.revistarambla.com\/la-ola-de-calor-agrava-la-situacion-de-vulnerabilidad-de-la-personas-sin-hogar-en-barcelona\/"]}]},{"@type":"ImageObject","inLanguage":"en-GB","@id":"https:\/\/www.revistarambla.com\/la-ola-de-calor-agrava-la-situacion-de-vulnerabilidad-de-la-personas-sin-hogar-en-barcelona\/#primaryimage","url":"https:\/\/www.revistarambla.com\/wp-content\/uploads\/2025\/08\/personas-sin-hogar-en-Barcelona.jpeg","contentUrl":"https:\/\/www.revistarambla.com\/wp-content\/uploads\/2025\/08\/personas-sin-hogar-en-Barcelona.jpeg","width":1200,"height":800,"caption":"personas sin hogar en Barcelona muertos frio"},{"@type":"BreadcrumbList","@id":"https:\/\/www.revistarambla.com\/la-ola-de-calor-agrava-la-situacion-de-vulnerabilidad-de-la-personas-sin-hogar-en-barcelona\/#breadcrumb","itemListElement":[{"@type":"ListItem","position":1,"name":"Portada","item":"https:\/\/www.revistarambla.com\/"},{"@type":"ListItem","position":2,"name":"La ola de calor agrava la situaci\u00f3n de vulnerabilidad de la personas sin hogar en Barcelona"}]},{"@type":"WebSite","@id":"https:\/\/www.revistarambla.com\/#website","url":"https:\/\/www.revistarambla.com\/","name":"Revista Rambla Barcelona","description":"Periodismo independiente","publisher":{"@id":"https:\/\/www.revistarambla.com\/#organization"},"potentialAction":[{"@type":"SearchAction","target":{"@type":"EntryPoint","urlTemplate":"https:\/\/www.revistarambla.com\/?s={search_term_string}"},"query-input":{"@type":"PropertyValueSpecification","valueRequired":true,"valueName":"search_term_string"}}],"inLanguage":"en-GB"},{"@type":"Organization","@id":"https:\/\/www.revistarambla.com\/#organization","name":"Revista Rambla","url":"https:\/\/www.revistarambla.com\/","logo":{"@type":"ImageObject","inLanguage":"en-GB","@id":"https:\/\/www.revistarambla.com\/#\/schema\/logo\/image\/","url":"https:\/\/www.revistarambla.com\/wp-content\/uploads\/2020\/09\/banner_rambla_1900x600_BB.png","contentUrl":"https:\/\/www.revistarambla.com\/wp-content\/uploads\/2020\/09\/banner_rambla_1900x600_BB.png","width":1900,"height":600,"caption":"Revista Rambla"},"image":{"@id":"https:\/\/www.revistarambla.com\/#\/schema\/logo\/image\/"},"sameAs":["https:\/\/www.facebook.com\/revistarambla\/","https:\/\/x.com\/revistarambla","https:\/\/www.instagram.com\/revista_rambla","https:\/\/es.linkedin.com\/company\/revista-rambla"]},{"@type":"Person","@id":"https:\/\/www.revistarambla.com\/#\/schema\/person\/a146a5a2550b94981a75131180e1bd9c","name":"R@mbla","description":"Este art\u00edculo ha sido redactado y\/o validado por el equipo de redacci\u00f3n de Revista Rambla.","sameAs":["https:\/\/www.revistarambla.com\/","https:\/\/www.facebook.com\/revistarambla","https:\/\/x.com\/revistarambla"]}]}},"_links":{"self":[{"href":"https:\/\/www.revistarambla.com\/en\/wp-json\/wp\/v2\/posts\/66123","targetHints":{"allow":["GET"]}}],"collection":[{"href":"https:\/\/www.revistarambla.com\/en\/wp-json\/wp\/v2\/posts"}],"about":[{"href":"https:\/\/www.revistarambla.com\/en\/wp-json\/wp\/v2\/types\/post"}],"author":[{"embeddable":true,"href":"https:\/\/www.revistarambla.com\/en\/wp-json\/wp\/v2\/users\/3"}],"replies":[{"embeddable":true,"href":"https:\/\/www.revistarambla.com\/en\/wp-json\/wp\/v2\/comments?post=66123"}],"version-history":[{"count":1,"href":"https:\/\/www.revistarambla.com\/en\/wp-json\/wp\/v2\/posts\/66123\/revisions"}],"predecessor-version":[{"id":66125,"href":"https:\/\/www.revistarambla.com\/en\/wp-json\/wp\/v2\/posts\/66123\/revisions\/66125"}],"wp:featuredmedia":[{"embeddable":true,"href":"https:\/\/www.revistarambla.com\/en\/wp-json\/wp\/v2\/media\/66124"}],"wp:attachment":[{"href":"https:\/\/www.revistarambla.com\/en\/wp-json\/wp\/v2\/media?parent=66123"}],"wp:term":[{"taxonomy":"category","embeddable":true,"href":"https:\/\/www.revistarambla.com\/en\/wp-json\/wp\/v2\/categories?post=66123"},{"taxonomy":"post_tag","embeddable":true,"href":"https:\/\/www.revistarambla.com\/en\/wp-json\/wp\/v2\/tags?post=66123"}],"curies":[{"name":"wp","href":"https:\/\/api.w.org\/{rel}","templated":true}]}}