{"id":66120,"date":"2025-08-15T13:05:32","date_gmt":"2025-08-15T11:05:32","guid":{"rendered":"https:\/\/www.revistarambla.com\/?p=66120"},"modified":"2025-08-15T13:05:32","modified_gmt":"2025-08-15T11:05:32","slug":"los-maquinistas-piden-reducir-la-velocidad-del-ave-por-el-mal-estado-de-las-vias","status":"publish","type":"post","link":"https:\/\/www.revistarambla.com\/en\/los-maquinistas-piden-reducir-la-velocidad-del-ave-por-el-mal-estado-de-las-vias\/","title":{"rendered":"Los maquinistas piden reducir la velocidad del AVE por el mal estado de las v\u00edas"},"content":{"rendered":"<p>En un contexto de r\u00e9cord de pasajeros y competencia feroz en el sector ferroviario espa\u00f1ol, los maquinistas del AVE han lanzado una alarma que resuena en todo el sistema de alta velocidad: la necesidad de reducir la velocidad m\u00e1xima de 300 km\/h a 250 km\/h en varias l\u00edneas clave debido al mal estado de las v\u00edas. Esta petici\u00f3n, formulada por el Sindicato Espa\u00f1ol de Maquinistas y Ayudantes Ferroviarios (SEMAF), el sindicato mayoritario en el sector, no es un capricho sindical, sino una medida preventiva ante el \u00abuso intensivo\u00bb de la infraestructura y la acumulaci\u00f3n de imperfecciones que est\u00e1n generando vibraciones excesivas y da\u00f1os en los trenes. Seg\u00fan fuentes sindicales, esta situaci\u00f3n podr\u00eda comprometer la seguridad si no se act\u00faa con urgencia.<\/p>\n<p>El debate sobre el mantenimiento de la red de alta velocidad en Espa\u00f1a no es nuevo, pero ha cobrado relevancia en los \u00faltimos meses. Con la liberalizaci\u00f3n del mercado en 2021, operadores como Renfe, Iryo y Ouigo han multiplicado las circulaciones, llevando a un incremento del 77% en el n\u00famero de pasajeros en 2023 respecto a 2019, alcanzando los 39,6 millones de viajeros. Sin embargo, este boom ha venido acompa\u00f1ado de una ca\u00edda dr\u00e1stica en los ingresos por billete, con descensos del 35% en la l\u00ednea Madrid-Barcelona y del 42% en Madrid-Valencia, impulsados por subsidios y competencia agresiva. Esta presi\u00f3n sobre la infraestructura, gestionada por Adif Alta Velocidad (Adif AV), ha expuesto vulnerabilidades que los maquinistas denuncian desde hace al menos tres meses.<\/p>\n<h2>La expansi\u00f3n del AVE y sus desaf\u00edos estructurales<\/h2>\n<p>El AVE, orgullo de la ingenier\u00eda espa\u00f1ola desde su inauguraci\u00f3n en 1992 con la l\u00ednea Madrid-Sevilla, ha crecido hasta convertirse en la segunda red de alta velocidad m\u00e1s extensa del mundo, con m\u00e1s de 3.700 kil\u00f3metros de v\u00edas. Su dise\u00f1o permite velocidades de hasta 310 km\/h en algunos tramos, pero el mantenimiento es clave para sostener estos est\u00e1ndares. La liberalizaci\u00f3n del sector, promovida por la Uni\u00f3n Europea, introdujo competencia privada en 2021, lo que ha triplicado las ofertas en rutas como Madrid-Barcelona. Esto, sumado a descuentos gubernamentales para fomentar el uso del tren frente al avi\u00f3n, ha saturado las l\u00edneas.<\/p>\n<p>Sin embargo, el incremento en el tr\u00e1fico no ha ido parejo con inversiones proporcionales en mantenimiento. Seg\u00fan datos de la Comisi\u00f3n Nacional de los Mercados y la Competencia (CNMC), el uso intensivo ha acelerado el desgaste de las v\u00edas, compuestas por balasto, traviesas y ra\u00edles que deben soportar cargas din\u00e1micas extremas a altas velocidades. Imperfecciones como irregularidades en el perfil de los ra\u00edles o asentamientos en el balasto generan vibraciones que, a 300 km\/h, se amplifican, afectando tanto a la comodidad de los pasajeros como a la integridad mec\u00e1nica de los trenes.<\/p>\n<p>Los maquinistas, que son los primeros en detectar estas anomal\u00edas, han reportado \u00abbotes\u00bb y \u00abvibraciones mucho\u00bb en tramos espec\u00edficos. Un portavoz de SEMAF explic\u00f3 a medios especializados: \u00abLos trenes, al circular a 300 km\/h, &#8216;van pegando muchos botes&#8217; y &#8216;vibrando mucho&#8217;, lo que acaba generando roturas en algunos componentes\u00bb. Estas quejas no son aisladas; en mayo de 2025, ya se alert\u00f3 sobre problemas en la l\u00ednea C\u00f3rdoba-M\u00e1laga (l\u00ednea 030) y en el kil\u00f3metro 178 de la l\u00ednea 10, solicitando reducciones a 200 o 250 km\/h en zonas cr\u00edticas.<\/p>\n<h2>De 300 a 250 km\/h para prevenir riesgos<\/h2>\n<p>La solicitud oficial de SEMAF se dirige a Adif AV y a la Agencia Estatal de Seguridad Ferroviaria (AESF), proponiendo una reducci\u00f3n temporal de velocidad en cuatro l\u00edneas principales: Madrid-Sevilla (l\u00ednea 010), Madrid-M\u00e1laga (l\u00ednea 030), Madrid-Valencia (l\u00ednea 040) y Madrid-Barcelona (l\u00ednea 050). El sindicato argumenta que, aunque cada imperfecci\u00f3n individual est\u00e1 dentro de los l\u00edmites tolerables, su acumulaci\u00f3n crea un efecto <em>compounding<\/em> que aumenta el riesgo. \u00abA modo de prevenci\u00f3n, hemos pedido esa reducci\u00f3n a 250 km\/h porque se producen much\u00edsimas menos vibraciones\u00bb, afirm\u00f3 un representante de SEMAF.<\/p>\n<p>T\u00e9cnicamente, las vibraciones a altas velocidades afectan componentes como los bogies (los chasis que soportan las ruedas), especialmente en trenes como los Talgo Avril (serie 106), que son ligeramente m\u00e1s pesados que modelos anteriores como la serie 102. Recientemente, cinco unidades de estos trenes fueron retiradas del servicio en la ruta Madrid-Barcelona debido a fisuras en los bogies, atribuidas directamente a las irregularidades en las v\u00edas, particularmente en el tramo Madrid-Calatayud (hasta el kil\u00f3metro 190, cerca de Ariza). SEMAF insiste: \u00abNo es tanto un problema de los trenes, sino que el mal estado de la infraestructura es lo que los est\u00e1 da\u00f1ando\u00bb.<\/p>\n<p>Adif ha realizado inspecciones, como la de 150 km en la l\u00ednea Barcelona, donde se detectaron par\u00e1metros dentro de la tolerancia, pero que afectan el confort. Como respuesta inmediata, se ordenaron reducciones de velocidad para los Avril en ese tramo y se reforzaron equipos de mantenimiento, incluyendo bateo (compactaci\u00f3n del balasto) y estabilizaci\u00f3n, procesos que podr\u00edan extenderse varios meses.<\/p>\n<h2>Reacciones y controversias: Seguridad vs. Eficiencia<\/h2>\n<p>La respuesta de Adif ha sido cautelosa pero firme: \u00abLa l\u00ednea es segura para circular\u00bb a 300 km\/h, aunque reconocen la necesidad de mantenimiento preventivo. Renfe, Iryo y Ouigo han declinado comentar, remiti\u00e9ndose a la AESF para decisiones sobre velocidades. Desde el Ministerio de Transportes, Movilidad y Agenda Urbana, liderado por \u00d3scar Puente, no ha habido declaraciones oficiales hasta la fecha, aunque fuentes internas se\u00f1alan que se est\u00e1 evaluando el impacto.<\/p>\n<p>Expertos en ingenier\u00eda ferroviaria consultados por esta revista coinciden en que el problema radica en el equilibrio entre expansi\u00f3n y conservaci\u00f3n. \u00abLa liberalizaci\u00f3n ha sido positiva para los usuarios, pero sin inversiones adecuadas en mantenimiento, el sistema se resiente\u00bb, explica un ingeniero de Adif en anonimato. Seg\u00fan informes de la CNMC, los ingresos por uso de infraestructura han aumentado, pero no lo suficiente para cubrir el desgaste acelerado.<\/p>\n<h2>Implicaciones a corto y largo plazo<\/h2>\n<p>Si se aprueba la reducci\u00f3n, los tiempos de viaje aumentar\u00edan: por ejemplo, el trayecto Madrid-Barcelona, actualmente de unas 2 horas y 30 minutos, podr\u00eda extenderse en 20-30 minutos, afectando la competitividad frente al avi\u00f3n. Econ\u00f3micamente, con ingresos por billete ya mermados, operadores podr\u00edan enfrentar p\u00e9rdidas adicionales, aunque SEMAF argumenta que es preferible a accidentes o paradas por aver\u00edas.<\/p>\n<p>En t\u00e9rminos de seguridad, el sindicato evoca tragedias pasadas como el accidente de Angrois en 2013, aunque no hay paralelismos directos. \u00abEl d\u00eda que haya un accidente en el AVE veremos que pasa. Ser\u00e1 como la DANA de Valencia. La culpa ser\u00e1 de los pasajeros, por haber subido al tren\u00bb, ironiza un usuario en LinkedIn. La AESF, responsable \u00faltima, podr\u00eda imponer medidas si las inspecciones confirman riesgos.<\/p>\n<p>A largo plazo, esta crisis subraya la necesidad de un plan nacional de mantenimiento. Con el AVE extendi\u00e9ndose a nuevas regiones, como el corredor cant\u00e1brico o conexiones transfronterizas, invertir en tecnolog\u00edas como sensores IoT para monitoreo en tiempo real podr\u00eda prevenir futuras alertas. Adem\u00e1s, la transici\u00f3n a trenes m\u00e1s resistentes, como los hidr\u00f3geno o el\u00e9ctricos avanzados, podr\u00eda mitigar impactos.<\/p>\n<h2>Hacia un AVE sostenible<\/h2>\n<p>La petici\u00f3n de los maquinistas no es solo una demanda laboral, sino un llamado a reflexionar sobre el modelo de alta velocidad en Espa\u00f1a. En un pa\u00eds que presume de su red ferroviaria, ignorar el deterioro por priorizar volumen sobre calidad podr\u00eda costar caro. Mientras Adif refuerza sus equipos y SEMAF presiona por cambios, el futuro del AVE depende de equilibrar innovaci\u00f3n, competencia y seguridad. Si no se act\u00faa, el \u00abuso intensivo\u00bb que ha democratizado el viaje r\u00e1pido podr\u00eda convertirse en su tal\u00f3n de Aquiles. Como bien resume un maquinista: \u00abMejor llegar un poco m\u00e1s tarde, pero llegar seguros\u00bb.<\/p>","protected":false},"excerpt":{"rendered":"<p>En un contexto de r\u00e9cord de pasajeros y competencia feroz en el sector ferroviario espa\u00f1ol, los maquinistas del AVE han lanzado una alarma que resuena en todo el sistema de alta velocidad: la necesidad de reducir la velocidad m\u00e1xima de 300 km\/h a 250 km\/h en varias l\u00edneas clave debido [&hellip;]<\/p>\n","protected":false},"author":3,"featured_media":66121,"comment_status":"closed","ping_status":"closed","sticky":false,"template":"","format":"standard","meta":{"footnotes":""},"categories":[58],"tags":[],"class_list":["post-66120","post","type-post","status-publish","format-standard","has-post-thumbnail","hentry","category-estado-espanol"],"yoast_head":"<!-- This site is optimized with the Yoast SEO plugin v27.5 - https:\/\/yoast.com\/product\/yoast-seo-wordpress\/ -->\n<title>Los maquinistas piden reducir la velocidad del AVE por el mal estado de las v\u00edas - Revista Rambla<\/title>\n<meta name=\"robots\" content=\"index, follow, max-snippet:-1, max-image-preview:large, max-video-preview:-1\" \/>\n<link rel=\"canonical\" href=\"https:\/\/www.revistarambla.com\/en\/los-maquinistas-piden-reducir-la-velocidad-del-ave-por-el-mal-estado-de-las-vias\/\" \/>\n<meta property=\"og:locale\" content=\"en_GB\" \/>\n<meta property=\"og:type\" content=\"article\" \/>\n<meta property=\"og:title\" content=\"Los maquinistas piden reducir la velocidad del AVE por el mal estado de las v\u00edas - Revista Rambla\" \/>\n<meta property=\"og:description\" content=\"En un contexto de r\u00e9cord de pasajeros y competencia feroz en el sector ferroviario espa\u00f1ol, los maquinistas del AVE han lanzado una alarma que resuena en todo el sistema de alta velocidad: la necesidad de reducir la velocidad m\u00e1xima de 300 km\/h a 250 km\/h en varias l\u00edneas clave debido [&hellip;]\" \/>\n<meta property=\"og:url\" content=\"https:\/\/www.revistarambla.com\/en\/los-maquinistas-piden-reducir-la-velocidad-del-ave-por-el-mal-estado-de-las-vias\/\" \/>\n<meta property=\"og:site_name\" content=\"Revista Rambla\" \/>\n<meta property=\"article:publisher\" content=\"https:\/\/www.facebook.com\/revistarambla\/\" \/>\n<meta property=\"article:author\" content=\"https:\/\/www.facebook.com\/revistarambla\" \/>\n<meta property=\"article:published_time\" content=\"2025-08-15T11:05:32+00:00\" \/>\n<meta property=\"og:image\" content=\"https:\/\/www.revistarambla.com\/wp-content\/uploads\/2025\/08\/velocidad-ave-tren.jpg\" \/>\n\t<meta property=\"og:image:width\" content=\"1280\" \/>\n\t<meta property=\"og:image:height\" content=\"720\" \/>\n\t<meta property=\"og:image:type\" content=\"image\/jpeg\" \/>\n<meta name=\"author\" content=\"R@mbla\" \/>\n<meta name=\"twitter:card\" content=\"summary_large_image\" \/>\n<meta name=\"twitter:creator\" content=\"@revistarambla\" \/>\n<meta name=\"twitter:site\" content=\"@revistarambla\" \/>\n<meta name=\"twitter:label1\" content=\"Written by\" \/>\n\t<meta name=\"twitter:data1\" content=\"R@mbla\" \/>\n\t<meta name=\"twitter:label2\" content=\"Estimated reading time\" \/>\n\t<meta name=\"twitter:data2\" content=\"6 minutes\" \/>\n<script type=\"application\/ld+json\" class=\"yoast-schema-graph\">{\"@context\":\"https:\\\/\\\/schema.org\",\"@graph\":[{\"@type\":\"Article\",\"@id\":\"https:\\\/\\\/www.revistarambla.com\\\/los-maquinistas-piden-reducir-la-velocidad-del-ave-por-el-mal-estado-de-las-vias\\\/#article\",\"isPartOf\":{\"@id\":\"https:\\\/\\\/www.revistarambla.com\\\/los-maquinistas-piden-reducir-la-velocidad-del-ave-por-el-mal-estado-de-las-vias\\\/\"},\"author\":{\"name\":\"R@mbla\",\"@id\":\"https:\\\/\\\/www.revistarambla.com\\\/#\\\/schema\\\/person\\\/a146a5a2550b94981a75131180e1bd9c\"},\"headline\":\"Los maquinistas piden reducir la velocidad del AVE por el mal estado de las v\u00edas\",\"datePublished\":\"2025-08-15T11:05:32+00:00\",\"mainEntityOfPage\":{\"@id\":\"https:\\\/\\\/www.revistarambla.com\\\/los-maquinistas-piden-reducir-la-velocidad-del-ave-por-el-mal-estado-de-las-vias\\\/\"},\"wordCount\":1333,\"publisher\":{\"@id\":\"https:\\\/\\\/www.revistarambla.com\\\/#organization\"},\"image\":{\"@id\":\"https:\\\/\\\/www.revistarambla.com\\\/los-maquinistas-piden-reducir-la-velocidad-del-ave-por-el-mal-estado-de-las-vias\\\/#primaryimage\"},\"thumbnailUrl\":\"https:\\\/\\\/www.revistarambla.com\\\/wp-content\\\/uploads\\\/2025\\\/08\\\/velocidad-ave-tren.jpg\",\"articleSection\":[\"Estado Espa\u00f1ol\"],\"inLanguage\":\"en-GB\"},{\"@type\":\"WebPage\",\"@id\":\"https:\\\/\\\/www.revistarambla.com\\\/los-maquinistas-piden-reducir-la-velocidad-del-ave-por-el-mal-estado-de-las-vias\\\/\",\"url\":\"https:\\\/\\\/www.revistarambla.com\\\/los-maquinistas-piden-reducir-la-velocidad-del-ave-por-el-mal-estado-de-las-vias\\\/\",\"name\":\"Los maquinistas piden reducir la velocidad del AVE por el mal estado de las v\u00edas - Revista Rambla\",\"isPartOf\":{\"@id\":\"https:\\\/\\\/www.revistarambla.com\\\/#website\"},\"primaryImageOfPage\":{\"@id\":\"https:\\\/\\\/www.revistarambla.com\\\/los-maquinistas-piden-reducir-la-velocidad-del-ave-por-el-mal-estado-de-las-vias\\\/#primaryimage\"},\"image\":{\"@id\":\"https:\\\/\\\/www.revistarambla.com\\\/los-maquinistas-piden-reducir-la-velocidad-del-ave-por-el-mal-estado-de-las-vias\\\/#primaryimage\"},\"thumbnailUrl\":\"https:\\\/\\\/www.revistarambla.com\\\/wp-content\\\/uploads\\\/2025\\\/08\\\/velocidad-ave-tren.jpg\",\"datePublished\":\"2025-08-15T11:05:32+00:00\",\"breadcrumb\":{\"@id\":\"https:\\\/\\\/www.revistarambla.com\\\/los-maquinistas-piden-reducir-la-velocidad-del-ave-por-el-mal-estado-de-las-vias\\\/#breadcrumb\"},\"inLanguage\":\"en-GB\",\"potentialAction\":[{\"@type\":\"ReadAction\",\"target\":[\"https:\\\/\\\/www.revistarambla.com\\\/los-maquinistas-piden-reducir-la-velocidad-del-ave-por-el-mal-estado-de-las-vias\\\/\"]}]},{\"@type\":\"ImageObject\",\"inLanguage\":\"en-GB\",\"@id\":\"https:\\\/\\\/www.revistarambla.com\\\/los-maquinistas-piden-reducir-la-velocidad-del-ave-por-el-mal-estado-de-las-vias\\\/#primaryimage\",\"url\":\"https:\\\/\\\/www.revistarambla.com\\\/wp-content\\\/uploads\\\/2025\\\/08\\\/velocidad-ave-tren.jpg\",\"contentUrl\":\"https:\\\/\\\/www.revistarambla.com\\\/wp-content\\\/uploads\\\/2025\\\/08\\\/velocidad-ave-tren.jpg\",\"width\":1280,\"height\":720,\"caption\":\"velocidad ave tren\"},{\"@type\":\"BreadcrumbList\",\"@id\":\"https:\\\/\\\/www.revistarambla.com\\\/los-maquinistas-piden-reducir-la-velocidad-del-ave-por-el-mal-estado-de-las-vias\\\/#breadcrumb\",\"itemListElement\":[{\"@type\":\"ListItem\",\"position\":1,\"name\":\"Portada\",\"item\":\"https:\\\/\\\/www.revistarambla.com\\\/\"},{\"@type\":\"ListItem\",\"position\":2,\"name\":\"Los maquinistas piden reducir la velocidad del AVE por el mal estado de las v\u00edas\"}]},{\"@type\":\"WebSite\",\"@id\":\"https:\\\/\\\/www.revistarambla.com\\\/#website\",\"url\":\"https:\\\/\\\/www.revistarambla.com\\\/\",\"name\":\"Revista Rambla Barcelona\",\"description\":\"Periodismo independiente\",\"publisher\":{\"@id\":\"https:\\\/\\\/www.revistarambla.com\\\/#organization\"},\"potentialAction\":[{\"@type\":\"SearchAction\",\"target\":{\"@type\":\"EntryPoint\",\"urlTemplate\":\"https:\\\/\\\/www.revistarambla.com\\\/?s={search_term_string}\"},\"query-input\":{\"@type\":\"PropertyValueSpecification\",\"valueRequired\":true,\"valueName\":\"search_term_string\"}}],\"inLanguage\":\"en-GB\"},{\"@type\":\"Organization\",\"@id\":\"https:\\\/\\\/www.revistarambla.com\\\/#organization\",\"name\":\"Revista Rambla\",\"url\":\"https:\\\/\\\/www.revistarambla.com\\\/\",\"logo\":{\"@type\":\"ImageObject\",\"inLanguage\":\"en-GB\",\"@id\":\"https:\\\/\\\/www.revistarambla.com\\\/#\\\/schema\\\/logo\\\/image\\\/\",\"url\":\"https:\\\/\\\/www.revistarambla.com\\\/wp-content\\\/uploads\\\/2020\\\/09\\\/banner_rambla_1900x600_BB.png\",\"contentUrl\":\"https:\\\/\\\/www.revistarambla.com\\\/wp-content\\\/uploads\\\/2020\\\/09\\\/banner_rambla_1900x600_BB.png\",\"width\":1900,\"height\":600,\"caption\":\"Revista Rambla\"},\"image\":{\"@id\":\"https:\\\/\\\/www.revistarambla.com\\\/#\\\/schema\\\/logo\\\/image\\\/\"},\"sameAs\":[\"https:\\\/\\\/www.facebook.com\\\/revistarambla\\\/\",\"https:\\\/\\\/x.com\\\/revistarambla\",\"https:\\\/\\\/www.instagram.com\\\/revista_rambla\",\"https:\\\/\\\/es.linkedin.com\\\/company\\\/revista-rambla\"]},{\"@type\":\"Person\",\"@id\":\"https:\\\/\\\/www.revistarambla.com\\\/#\\\/schema\\\/person\\\/a146a5a2550b94981a75131180e1bd9c\",\"name\":\"R@mbla\",\"description\":\"Este art\u00edculo ha sido redactado y\\\/o validado por el equipo de redacci\u00f3n de Revista Rambla.\",\"sameAs\":[\"https:\\\/\\\/www.revistarambla.com\\\/\",\"https:\\\/\\\/www.facebook.com\\\/revistarambla\",\"https:\\\/\\\/x.com\\\/revistarambla\"]}]}<\/script>\n<!-- \/ Yoast SEO plugin. -->","yoast_head_json":{"title":"Los maquinistas piden reducir la velocidad del AVE por el mal estado de las v\u00edas - Revista Rambla","robots":{"index":"index","follow":"follow","max-snippet":"max-snippet:-1","max-image-preview":"max-image-preview:large","max-video-preview":"max-video-preview:-1"},"canonical":"https:\/\/www.revistarambla.com\/en\/los-maquinistas-piden-reducir-la-velocidad-del-ave-por-el-mal-estado-de-las-vias\/","og_locale":"en_GB","og_type":"article","og_title":"Los maquinistas piden reducir la velocidad del AVE por el mal estado de las v\u00edas - Revista Rambla","og_description":"En un contexto de r\u00e9cord de pasajeros y competencia feroz en el sector ferroviario espa\u00f1ol, los maquinistas del AVE han lanzado una alarma que resuena en todo el sistema de alta velocidad: la necesidad de reducir la velocidad m\u00e1xima de 300 km\/h a 250 km\/h en varias l\u00edneas clave debido [&hellip;]","og_url":"https:\/\/www.revistarambla.com\/en\/los-maquinistas-piden-reducir-la-velocidad-del-ave-por-el-mal-estado-de-las-vias\/","og_site_name":"Revista Rambla","article_publisher":"https:\/\/www.facebook.com\/revistarambla\/","article_author":"https:\/\/www.facebook.com\/revistarambla","article_published_time":"2025-08-15T11:05:32+00:00","og_image":[{"width":1280,"height":720,"url":"https:\/\/www.revistarambla.com\/wp-content\/uploads\/2025\/08\/velocidad-ave-tren.jpg","type":"image\/jpeg"}],"author":"R@mbla","twitter_card":"summary_large_image","twitter_creator":"@revistarambla","twitter_site":"@revistarambla","twitter_misc":{"Written by":"R@mbla","Estimated reading time":"6 minutes"},"schema":{"@context":"https:\/\/schema.org","@graph":[{"@type":"Article","@id":"https:\/\/www.revistarambla.com\/los-maquinistas-piden-reducir-la-velocidad-del-ave-por-el-mal-estado-de-las-vias\/#article","isPartOf":{"@id":"https:\/\/www.revistarambla.com\/los-maquinistas-piden-reducir-la-velocidad-del-ave-por-el-mal-estado-de-las-vias\/"},"author":{"name":"R@mbla","@id":"https:\/\/www.revistarambla.com\/#\/schema\/person\/a146a5a2550b94981a75131180e1bd9c"},"headline":"Los maquinistas piden reducir la velocidad del AVE por el mal estado de las v\u00edas","datePublished":"2025-08-15T11:05:32+00:00","mainEntityOfPage":{"@id":"https:\/\/www.revistarambla.com\/los-maquinistas-piden-reducir-la-velocidad-del-ave-por-el-mal-estado-de-las-vias\/"},"wordCount":1333,"publisher":{"@id":"https:\/\/www.revistarambla.com\/#organization"},"image":{"@id":"https:\/\/www.revistarambla.com\/los-maquinistas-piden-reducir-la-velocidad-del-ave-por-el-mal-estado-de-las-vias\/#primaryimage"},"thumbnailUrl":"https:\/\/www.revistarambla.com\/wp-content\/uploads\/2025\/08\/velocidad-ave-tren.jpg","articleSection":["Estado Espa\u00f1ol"],"inLanguage":"en-GB"},{"@type":"WebPage","@id":"https:\/\/www.revistarambla.com\/los-maquinistas-piden-reducir-la-velocidad-del-ave-por-el-mal-estado-de-las-vias\/","url":"https:\/\/www.revistarambla.com\/los-maquinistas-piden-reducir-la-velocidad-del-ave-por-el-mal-estado-de-las-vias\/","name":"Los maquinistas piden reducir la velocidad del AVE por el mal estado de las v\u00edas - Revista Rambla","isPartOf":{"@id":"https:\/\/www.revistarambla.com\/#website"},"primaryImageOfPage":{"@id":"https:\/\/www.revistarambla.com\/los-maquinistas-piden-reducir-la-velocidad-del-ave-por-el-mal-estado-de-las-vias\/#primaryimage"},"image":{"@id":"https:\/\/www.revistarambla.com\/los-maquinistas-piden-reducir-la-velocidad-del-ave-por-el-mal-estado-de-las-vias\/#primaryimage"},"thumbnailUrl":"https:\/\/www.revistarambla.com\/wp-content\/uploads\/2025\/08\/velocidad-ave-tren.jpg","datePublished":"2025-08-15T11:05:32+00:00","breadcrumb":{"@id":"https:\/\/www.revistarambla.com\/los-maquinistas-piden-reducir-la-velocidad-del-ave-por-el-mal-estado-de-las-vias\/#breadcrumb"},"inLanguage":"en-GB","potentialAction":[{"@type":"ReadAction","target":["https:\/\/www.revistarambla.com\/los-maquinistas-piden-reducir-la-velocidad-del-ave-por-el-mal-estado-de-las-vias\/"]}]},{"@type":"ImageObject","inLanguage":"en-GB","@id":"https:\/\/www.revistarambla.com\/los-maquinistas-piden-reducir-la-velocidad-del-ave-por-el-mal-estado-de-las-vias\/#primaryimage","url":"https:\/\/www.revistarambla.com\/wp-content\/uploads\/2025\/08\/velocidad-ave-tren.jpg","contentUrl":"https:\/\/www.revistarambla.com\/wp-content\/uploads\/2025\/08\/velocidad-ave-tren.jpg","width":1280,"height":720,"caption":"velocidad ave tren"},{"@type":"BreadcrumbList","@id":"https:\/\/www.revistarambla.com\/los-maquinistas-piden-reducir-la-velocidad-del-ave-por-el-mal-estado-de-las-vias\/#breadcrumb","itemListElement":[{"@type":"ListItem","position":1,"name":"Portada","item":"https:\/\/www.revistarambla.com\/"},{"@type":"ListItem","position":2,"name":"Los maquinistas piden reducir la velocidad del AVE por el mal estado de las v\u00edas"}]},{"@type":"WebSite","@id":"https:\/\/www.revistarambla.com\/#website","url":"https:\/\/www.revistarambla.com\/","name":"Revista Rambla Barcelona","description":"Periodismo independiente","publisher":{"@id":"https:\/\/www.revistarambla.com\/#organization"},"potentialAction":[{"@type":"SearchAction","target":{"@type":"EntryPoint","urlTemplate":"https:\/\/www.revistarambla.com\/?s={search_term_string}"},"query-input":{"@type":"PropertyValueSpecification","valueRequired":true,"valueName":"search_term_string"}}],"inLanguage":"en-GB"},{"@type":"Organization","@id":"https:\/\/www.revistarambla.com\/#organization","name":"Revista Rambla","url":"https:\/\/www.revistarambla.com\/","logo":{"@type":"ImageObject","inLanguage":"en-GB","@id":"https:\/\/www.revistarambla.com\/#\/schema\/logo\/image\/","url":"https:\/\/www.revistarambla.com\/wp-content\/uploads\/2020\/09\/banner_rambla_1900x600_BB.png","contentUrl":"https:\/\/www.revistarambla.com\/wp-content\/uploads\/2020\/09\/banner_rambla_1900x600_BB.png","width":1900,"height":600,"caption":"Revista Rambla"},"image":{"@id":"https:\/\/www.revistarambla.com\/#\/schema\/logo\/image\/"},"sameAs":["https:\/\/www.facebook.com\/revistarambla\/","https:\/\/x.com\/revistarambla","https:\/\/www.instagram.com\/revista_rambla","https:\/\/es.linkedin.com\/company\/revista-rambla"]},{"@type":"Person","@id":"https:\/\/www.revistarambla.com\/#\/schema\/person\/a146a5a2550b94981a75131180e1bd9c","name":"R@mbla","description":"Este art\u00edculo ha sido redactado y\/o validado por el equipo de redacci\u00f3n de Revista Rambla.","sameAs":["https:\/\/www.revistarambla.com\/","https:\/\/www.facebook.com\/revistarambla","https:\/\/x.com\/revistarambla"]}]}},"_links":{"self":[{"href":"https:\/\/www.revistarambla.com\/en\/wp-json\/wp\/v2\/posts\/66120","targetHints":{"allow":["GET"]}}],"collection":[{"href":"https:\/\/www.revistarambla.com\/en\/wp-json\/wp\/v2\/posts"}],"about":[{"href":"https:\/\/www.revistarambla.com\/en\/wp-json\/wp\/v2\/types\/post"}],"author":[{"embeddable":true,"href":"https:\/\/www.revistarambla.com\/en\/wp-json\/wp\/v2\/users\/3"}],"replies":[{"embeddable":true,"href":"https:\/\/www.revistarambla.com\/en\/wp-json\/wp\/v2\/comments?post=66120"}],"version-history":[{"count":1,"href":"https:\/\/www.revistarambla.com\/en\/wp-json\/wp\/v2\/posts\/66120\/revisions"}],"predecessor-version":[{"id":66122,"href":"https:\/\/www.revistarambla.com\/en\/wp-json\/wp\/v2\/posts\/66120\/revisions\/66122"}],"wp:featuredmedia":[{"embeddable":true,"href":"https:\/\/www.revistarambla.com\/en\/wp-json\/wp\/v2\/media\/66121"}],"wp:attachment":[{"href":"https:\/\/www.revistarambla.com\/en\/wp-json\/wp\/v2\/media?parent=66120"}],"wp:term":[{"taxonomy":"category","embeddable":true,"href":"https:\/\/www.revistarambla.com\/en\/wp-json\/wp\/v2\/categories?post=66120"},{"taxonomy":"post_tag","embeddable":true,"href":"https:\/\/www.revistarambla.com\/en\/wp-json\/wp\/v2\/tags?post=66120"}],"curies":[{"name":"wp","href":"https:\/\/api.w.org\/{rel}","templated":true}]}}