{"id":66117,"date":"2025-08-14T13:51:56","date_gmt":"2025-08-14T11:51:56","guid":{"rendered":"https:\/\/www.revistarambla.com\/?p=66117"},"modified":"2025-08-15T13:16:33","modified_gmt":"2025-08-15T11:16:33","slug":"por-que-no-arde-soria-la-provincia-con-la-mayor-masa-boscosa-de-espana-que-resiste-al-fuego","status":"publish","type":"post","link":"https:\/\/www.revistarambla.com\/en\/por-que-no-arde-soria-la-provincia-con-la-mayor-masa-boscosa-de-espana-que-resiste-al-fuego\/","title":{"rendered":"\u00bfPor qu\u00e9 no arde Soria? La provincia con la mayor masa boscosa de Espa\u00f1a que resiste al fuego"},"content":{"rendered":"<p>En un pa\u00eds donde los incendios forestales devoran miles de hect\u00e1reas cada verano, Soria se erige como una anomal\u00eda verde. Con m\u00e1s de 447.000 hect\u00e1reas de masa boscosa \u2014la mayor de Espa\u00f1a\u2014, esta provincia castellano-leonesa ha evitado grandes cat\u00e1strofes \u00edgneas durante m\u00e1s de dos d\u00e9cadas. Mientras regiones como Galicia o Andaluc\u00eda luchan contra llamas voraces, Soria permanece casi indemne. \u00bfCu\u00e1l es el secreto? Un modelo de gesti\u00f3n sostenible, un clima ben\u00e9volo y una cultura arraigada en el cuidado del monte conforman la respuesta. Este reportaje explora las claves de esta resistencia, basada en datos oficiales, testimonios de expertos y an\u00e1lisis de pr\u00e1cticas forestales.<\/p>\n<h2>La joya verde de Espa\u00f1a: la masa boscosa soriana<\/h2>\n<p>Soria no es solo una provincia despoblada; es un pulm\u00f3n forestal. Seg\u00fan datos del Ministerio para la Transici\u00f3n Ecol\u00f3gica y el Reto Demogr\u00e1fico (MITECO), la superficie arbolada de Espa\u00f1a alcanza los 18,4 millones de hect\u00e1reas, pero Soria concentra el 48% de su territorio en bosques, superando a cualquier otra provincia en densidad relativa. La Tierra de Pinares, compartida con Burgos, abarca 100.000 hect\u00e1reas de pino albar (Pinus sylvestris), la mayor masa continua de esta especie en Europa. Covaleda, en el norte soriano, alberga el pinar m\u00e1s extenso del continente, un ecosistema que se extiende como un tapiz verde interminable.<\/p>\n<p>Esta abundancia no es casual. Hist\u00f3ricamente, los bosques sorianos han sido fuente de riqueza: madera para construcci\u00f3n, resina para industria qu\u00edmica y setas para gastronom\u00eda. \u00abEl bosque es una fuente de recursos de la que se benefician todos los vecinos\u00bb, explica un art\u00edculo de Diario de Castilla y Le\u00f3n, citando a expertos locales. Esta percepci\u00f3n colectiva ha transformado el monte en un bien com\u00fan, no en un abandono rural.<\/p>\n<p>Pero, \u00bfpor qu\u00e9 no arde? En 2022, Espa\u00f1a sufri\u00f3 uno de los peores a\u00f1os de incendios, con m\u00e1s de 300.000 hect\u00e1reas quemadas, seg\u00fan la Estad\u00edstica General de Incendios Forestales (EGIF) del MITECO. Soria, sin embargo, registr\u00f3 solo medio centenar de conatos menores, sin grandes da\u00f1os. El \u00faltimo incendio significativo fue en 2000, cuando 2.500 hect\u00e1reas ardieron en la zona de Pinares. Desde entonces, paz forestal.<\/p>\n<h2>Estad\u00edsticas que hablan: Soria vs. el resto de Espa\u00f1a<\/h2>\n<p>Para entender la excepcionalidad soriana, basta con comparar datos. La EGIF revela que, entre 2013 y 2023, Espa\u00f1a acumul\u00f3 1,22 millones de hect\u00e1reas quemadas en 81.093 incendios. Galicia, con masas boscosas similares, pero m\u00e1s fragmentadas, lider\u00f3 la lista con Orense como epicentro de destrucci\u00f3n. Andaluc\u00eda y Extremadura siguieron, azotadas por mega-incendios como el de Sierra Bermeja en 2021.<\/p>\n<p>Soria, en cambio, apenas figura en las listas. En 2024, hasta agosto, la provincia no registr\u00f3 incendios forestales significativos, gracias a la humedad persistente del terreno. En 2025, hasta mayo, el total nacional de hect\u00e1reas quemadas era de 10.429, pero Soria contribu\u00eda m\u00ednimamente. \u00abSoria es un ejemplo en gesti\u00f3n forestal y cuidado de los montes a nivel regional, nacional y tambi\u00e9n europeo\u00bb, afirma un informe de la Asociaci\u00f3n Forestal de Soria (Asfoso).<\/p>\n<p>Estos n\u00fameros no son suerte. La Fundaci\u00f3n Civio, en su mapa de incendios, muestra que provincias con alta densidad forestal como Zamora o Lleida sufren m\u00e1s por falta de mantenimiento. Soria invierte en prevenci\u00f3n: en 2022, evit\u00f3 grandes fuegos pese a olas de calor, demostrando que la gesti\u00f3n supera al clima adverso.<\/p>\n<h2>El &#8216;Modelo Soria&#8217;: gesti\u00f3n sostenible como escudo antifuego<\/h2>\n<p>El coraz\u00f3n de la resistencia soriana late en su modelo de gesti\u00f3n forestal, un enfoque centenario que conjuga explotaci\u00f3n racional y conservaci\u00f3n. \u00abLa clave viene desde hace siglos y es conjugar el aprovechamiento con la prevenci\u00f3n\u00bb, detalla un an\u00e1lisis del Colegio Oficial de Ingenieros de Montes. Muchos montes son propiedad municipal o comunal, lo que distribuye beneficios entre vecinos: lotes de madera anuales, permisos para setas o caza.<\/p>\n<p>Esta propiedad colectiva incentiva el cuidado. La Asociaci\u00f3n Forestal de Soria (Asfoso) realiza limpiezas intensivas: podas, desbroces y clareos que reducen el combustible vegetal. \u00abLa prevenci\u00f3n de incendios es cosa de todos. Nosotros podemos ayudarte a mantener limpio tu monte\u00bb, proclama Asfoso en sus campa\u00f1as. En 2025, 175 municipios solicitaron brigadas para limpiar zonas periurbanas, evitando acumulaciones de biomasa seca.<\/p>\n<p>Expertos como Jes\u00fas Barranco, especialista en lucha contra incendios, destacan que este modelo adapta los bosques al cambio clim\u00e1tico. En el proyecto LIFE Soria ForestAdapt, se proponen acciones para mitigar riesgos: diversificar especies y mejorar la resiliencia. \u00abIncluso con los incendios, el objetivo es ayudar al planeta a reencontrar el equilibrio\u00bb, afirma Barranco.<\/p>\n<p>Comparado con otras regiones, donde el abandono rural deja montes densos y vulnerables, Soria explota sosteniblemente: se tala lo que crece anualmente, manteniendo densidades bajas. Proyectos como RECONECTA, con Asfoso, impulsan esta gesti\u00f3n en provincias despobladas, fomentando empleo verde.<\/p>\n<h2>Clima y vegetaci\u00f3n: aliados naturales contra las llamas<\/h2>\n<p>No todo es gesti\u00f3n humana; la naturaleza juega a favor. Soria tiene un clima continental: inviernos g\u00e9lidos con nevadas y veranos moderados, con temperaturas raramente superando los 35\u202f\u00b0C. \u00abLa humedad que a\u00fan hay en el terreno por las lluvias primaverales\u00bb explica la ausencia de fuegos en julio de 2024. A diferencia del Mediterr\u00e1neo, donde sequ\u00edas prolongadas secan la vegetaci\u00f3n, Soria retiene agua en suelos arcillosos.<\/p>\n<p>La vegetaci\u00f3n dominante \u2014pinos silvestres y albares\u2014 es resistente si gestionada. Estos \u00e1rboles tienen copas altas y sotobosque controlado, reduciendo propagaci\u00f3n horizontal. En zonas como Urbi\u00f3n o Picos de Urbi\u00f3n, la mezcla con robles y encinas a\u00f1ade biodiversidad, menos inflamable que eucaliptos gallegos.<\/p>\n<p>Sin embargo, el cambio clim\u00e1tico amenaza: informes predicen m\u00e1s sequ\u00edas y plagas. \u00abEl calentamiento ya est\u00e1 cambiando Soria y hay que adaptar los sectores productivos\u00bb, advierte un estudio de Soria ForestAdapt. Plagas como la procesionaria del pino se expanden, debilitando \u00e1rboles.<\/p>\n<h2>Prevenci\u00f3n tecnol\u00f3gica y vigilancia: el frente avanzado<\/h2>\n<p>Soria no se duerme en laureles. La Junta de Castilla y Le\u00f3n coordina un operativo con torretas de vigilancia, brigadas y aviones. En 2025, vigilantes protestaron contra recortes, destacando su rol clave. Innovaciones como sensores de Clece y Talher detectan humo en minutos, usando IA y energ\u00eda solar. Instalados en montes p\u00fablicos, alertan v\u00eda app, previniendo conatos.<\/p>\n<p>Organizaciones como IncendiosZero recuperan montes abandonados, convirti\u00e9ndolos en \u00abespacios vivos\u00bb. Equipos EPRIF del MITECO realizan quemas controladas y sensibilizaci\u00f3n.<\/p>\n<h2>Desaf\u00edos futuros: el cambio clim\u00e1tico y la despoblaci\u00f3n<\/h2>\n<p>Pese a \u00e9xitos, Soria enfrenta retos. El calentamiento global amplifica riesgos: m\u00e1s olas de calor y menos lluvias. La despoblaci\u00f3n \u2014Soria tiene solo 88.000 habitantes\u2014 podr\u00eda reducir mano de obra para mantenimiento. \u00abSi los bosques est\u00e1n estresados, los efectos se amplifican\u00bb, advierte un experto.<\/p>\n<p>Proyectos como Soria ForestAdapt proponen adaptaci\u00f3n: plantar especies resistentes y diversificar. El &#8216;Modelo Soria&#8217; se exporta: regiones como Extremadura miran hacia \u00e9l.<\/p>\n<h2>Conclusi\u00f3n: un modelo para Espa\u00f1a<\/h2>\n<p>Soria no arde porque ha convertido su bosque en un aliado vivo, no en un peligro latente. Gesti\u00f3n sostenible, clima favorable, vegetaci\u00f3n resistente y prevenci\u00f3n activa forman un escudo impenetrable. Como dice un vecino de Covaleda: \u00abEl monte nos da vida; nosotros se la devolvemos\u00bb. En un Espa\u00f1a cada vez m\u00e1s inflamable, Soria ilumina el camino: invertir en bosques no es gasto, es supervivencia. Si el resto sigue su ejemplo, quiz\u00e1s evitemos que el verde se convierta en ceniza.<\/p>","protected":false},"excerpt":{"rendered":"<p>En un pa\u00eds donde los incendios forestales devoran miles de hect\u00e1reas cada verano, Soria se erige como una anomal\u00eda verde. Con m\u00e1s de 447.000 hect\u00e1reas de masa boscosa \u2014la mayor de Espa\u00f1a\u2014, esta provincia castellano-leonesa ha evitado grandes cat\u00e1strofes \u00edgneas durante m\u00e1s de dos d\u00e9cadas. Mientras regiones como Galicia o [&hellip;]<\/p>\n","protected":false},"author":3,"featured_media":66118,"comment_status":"closed","ping_status":"closed","sticky":false,"template":"","format":"standard","meta":{"footnotes":""},"categories":[58],"tags":[],"class_list":["post-66117","post","type-post","status-publish","format-standard","has-post-thumbnail","hentry","category-estado-espanol"],"yoast_head":"<!-- This site is optimized with the Yoast SEO plugin v27.5 - https:\/\/yoast.com\/product\/yoast-seo-wordpress\/ -->\n<title>\u00bfPor qu\u00e9 no arde Soria? La provincia con la mayor masa boscosa de Espa\u00f1a que resiste al fuego - Revista Rambla<\/title>\n<meta name=\"robots\" content=\"index, follow, max-snippet:-1, max-image-preview:large, max-video-preview:-1\" \/>\n<link rel=\"canonical\" href=\"https:\/\/www.revistarambla.com\/en\/por-que-no-arde-soria-la-provincia-con-la-mayor-masa-boscosa-de-espana-que-resiste-al-fuego\/\" \/>\n<meta property=\"og:locale\" content=\"en_GB\" \/>\n<meta property=\"og:type\" content=\"article\" \/>\n<meta property=\"og:title\" content=\"\u00bfPor qu\u00e9 no arde Soria? La provincia con la mayor masa boscosa de Espa\u00f1a que resiste al fuego - Revista Rambla\" \/>\n<meta property=\"og:description\" content=\"En un pa\u00eds donde los incendios forestales devoran miles de hect\u00e1reas cada verano, Soria se erige como una anomal\u00eda verde. Con m\u00e1s de 447.000 hect\u00e1reas de masa boscosa \u2014la mayor de Espa\u00f1a\u2014, esta provincia castellano-leonesa ha evitado grandes cat\u00e1strofes \u00edgneas durante m\u00e1s de dos d\u00e9cadas. Mientras regiones como Galicia o [&hellip;]\" \/>\n<meta property=\"og:url\" content=\"https:\/\/www.revistarambla.com\/en\/por-que-no-arde-soria-la-provincia-con-la-mayor-masa-boscosa-de-espana-que-resiste-al-fuego\/\" \/>\n<meta property=\"og:site_name\" content=\"Revista Rambla\" \/>\n<meta property=\"article:publisher\" content=\"https:\/\/www.facebook.com\/revistarambla\/\" \/>\n<meta property=\"article:author\" content=\"https:\/\/www.facebook.com\/revistarambla\" \/>\n<meta property=\"article:published_time\" content=\"2025-08-14T11:51:56+00:00\" \/>\n<meta property=\"article:modified_time\" content=\"2025-08-15T11:16:33+00:00\" \/>\n<meta property=\"og:image\" content=\"https:\/\/www.revistarambla.com\/wp-content\/uploads\/2025\/08\/bosque-soria-fuego.jpg\" \/>\n\t<meta property=\"og:image:width\" content=\"1024\" \/>\n\t<meta property=\"og:image:height\" content=\"683\" \/>\n\t<meta property=\"og:image:type\" content=\"image\/jpeg\" \/>\n<meta name=\"author\" content=\"R@mbla\" \/>\n<meta name=\"twitter:card\" content=\"summary_large_image\" \/>\n<meta name=\"twitter:creator\" content=\"@revistarambla\" \/>\n<meta name=\"twitter:site\" content=\"@revistarambla\" \/>\n<meta name=\"twitter:label1\" content=\"Written by\" \/>\n\t<meta name=\"twitter:data1\" content=\"R@mbla\" \/>\n\t<meta name=\"twitter:label2\" content=\"Estimated reading time\" \/>\n\t<meta name=\"twitter:data2\" content=\"6 minutes\" \/>\n<script type=\"application\/ld+json\" class=\"yoast-schema-graph\">{\"@context\":\"https:\\\/\\\/schema.org\",\"@graph\":[{\"@type\":\"Article\",\"@id\":\"https:\\\/\\\/www.revistarambla.com\\\/por-que-no-arde-soria-la-provincia-con-la-mayor-masa-boscosa-de-espana-que-resiste-al-fuego\\\/#article\",\"isPartOf\":{\"@id\":\"https:\\\/\\\/www.revistarambla.com\\\/por-que-no-arde-soria-la-provincia-con-la-mayor-masa-boscosa-de-espana-que-resiste-al-fuego\\\/\"},\"author\":{\"name\":\"R@mbla\",\"@id\":\"https:\\\/\\\/www.revistarambla.com\\\/#\\\/schema\\\/person\\\/a146a5a2550b94981a75131180e1bd9c\"},\"headline\":\"\u00bfPor qu\u00e9 no arde Soria? La provincia con la mayor masa boscosa de Espa\u00f1a que resiste al fuego\",\"datePublished\":\"2025-08-14T11:51:56+00:00\",\"dateModified\":\"2025-08-15T11:16:33+00:00\",\"mainEntityOfPage\":{\"@id\":\"https:\\\/\\\/www.revistarambla.com\\\/por-que-no-arde-soria-la-provincia-con-la-mayor-masa-boscosa-de-espana-que-resiste-al-fuego\\\/\"},\"wordCount\":1270,\"publisher\":{\"@id\":\"https:\\\/\\\/www.revistarambla.com\\\/#organization\"},\"image\":{\"@id\":\"https:\\\/\\\/www.revistarambla.com\\\/por-que-no-arde-soria-la-provincia-con-la-mayor-masa-boscosa-de-espana-que-resiste-al-fuego\\\/#primaryimage\"},\"thumbnailUrl\":\"https:\\\/\\\/www.revistarambla.com\\\/wp-content\\\/uploads\\\/2025\\\/08\\\/bosque-soria-fuego.jpg\",\"articleSection\":[\"Estado Espa\u00f1ol\"],\"inLanguage\":\"en-GB\"},{\"@type\":\"WebPage\",\"@id\":\"https:\\\/\\\/www.revistarambla.com\\\/por-que-no-arde-soria-la-provincia-con-la-mayor-masa-boscosa-de-espana-que-resiste-al-fuego\\\/\",\"url\":\"https:\\\/\\\/www.revistarambla.com\\\/por-que-no-arde-soria-la-provincia-con-la-mayor-masa-boscosa-de-espana-que-resiste-al-fuego\\\/\",\"name\":\"\u00bfPor qu\u00e9 no arde Soria? La provincia con la mayor masa boscosa de Espa\u00f1a que resiste al fuego - Revista Rambla\",\"isPartOf\":{\"@id\":\"https:\\\/\\\/www.revistarambla.com\\\/#website\"},\"primaryImageOfPage\":{\"@id\":\"https:\\\/\\\/www.revistarambla.com\\\/por-que-no-arde-soria-la-provincia-con-la-mayor-masa-boscosa-de-espana-que-resiste-al-fuego\\\/#primaryimage\"},\"image\":{\"@id\":\"https:\\\/\\\/www.revistarambla.com\\\/por-que-no-arde-soria-la-provincia-con-la-mayor-masa-boscosa-de-espana-que-resiste-al-fuego\\\/#primaryimage\"},\"thumbnailUrl\":\"https:\\\/\\\/www.revistarambla.com\\\/wp-content\\\/uploads\\\/2025\\\/08\\\/bosque-soria-fuego.jpg\",\"datePublished\":\"2025-08-14T11:51:56+00:00\",\"dateModified\":\"2025-08-15T11:16:33+00:00\",\"breadcrumb\":{\"@id\":\"https:\\\/\\\/www.revistarambla.com\\\/por-que-no-arde-soria-la-provincia-con-la-mayor-masa-boscosa-de-espana-que-resiste-al-fuego\\\/#breadcrumb\"},\"inLanguage\":\"en-GB\",\"potentialAction\":[{\"@type\":\"ReadAction\",\"target\":[\"https:\\\/\\\/www.revistarambla.com\\\/por-que-no-arde-soria-la-provincia-con-la-mayor-masa-boscosa-de-espana-que-resiste-al-fuego\\\/\"]}]},{\"@type\":\"ImageObject\",\"inLanguage\":\"en-GB\",\"@id\":\"https:\\\/\\\/www.revistarambla.com\\\/por-que-no-arde-soria-la-provincia-con-la-mayor-masa-boscosa-de-espana-que-resiste-al-fuego\\\/#primaryimage\",\"url\":\"https:\\\/\\\/www.revistarambla.com\\\/wp-content\\\/uploads\\\/2025\\\/08\\\/bosque-soria-fuego.jpg\",\"contentUrl\":\"https:\\\/\\\/www.revistarambla.com\\\/wp-content\\\/uploads\\\/2025\\\/08\\\/bosque-soria-fuego.jpg\",\"width\":1024,\"height\":683,\"caption\":\"fuego soria\"},{\"@type\":\"BreadcrumbList\",\"@id\":\"https:\\\/\\\/www.revistarambla.com\\\/por-que-no-arde-soria-la-provincia-con-la-mayor-masa-boscosa-de-espana-que-resiste-al-fuego\\\/#breadcrumb\",\"itemListElement\":[{\"@type\":\"ListItem\",\"position\":1,\"name\":\"Portada\",\"item\":\"https:\\\/\\\/www.revistarambla.com\\\/\"},{\"@type\":\"ListItem\",\"position\":2,\"name\":\"\u00bfPor qu\u00e9 no arde Soria? La provincia con la mayor masa boscosa de Espa\u00f1a que resiste al fuego\"}]},{\"@type\":\"WebSite\",\"@id\":\"https:\\\/\\\/www.revistarambla.com\\\/#website\",\"url\":\"https:\\\/\\\/www.revistarambla.com\\\/\",\"name\":\"Revista Rambla Barcelona\",\"description\":\"Periodismo independiente\",\"publisher\":{\"@id\":\"https:\\\/\\\/www.revistarambla.com\\\/#organization\"},\"potentialAction\":[{\"@type\":\"SearchAction\",\"target\":{\"@type\":\"EntryPoint\",\"urlTemplate\":\"https:\\\/\\\/www.revistarambla.com\\\/?s={search_term_string}\"},\"query-input\":{\"@type\":\"PropertyValueSpecification\",\"valueRequired\":true,\"valueName\":\"search_term_string\"}}],\"inLanguage\":\"en-GB\"},{\"@type\":\"Organization\",\"@id\":\"https:\\\/\\\/www.revistarambla.com\\\/#organization\",\"name\":\"Revista Rambla\",\"url\":\"https:\\\/\\\/www.revistarambla.com\\\/\",\"logo\":{\"@type\":\"ImageObject\",\"inLanguage\":\"en-GB\",\"@id\":\"https:\\\/\\\/www.revistarambla.com\\\/#\\\/schema\\\/logo\\\/image\\\/\",\"url\":\"https:\\\/\\\/www.revistarambla.com\\\/wp-content\\\/uploads\\\/2020\\\/09\\\/banner_rambla_1900x600_BB.png\",\"contentUrl\":\"https:\\\/\\\/www.revistarambla.com\\\/wp-content\\\/uploads\\\/2020\\\/09\\\/banner_rambla_1900x600_BB.png\",\"width\":1900,\"height\":600,\"caption\":\"Revista Rambla\"},\"image\":{\"@id\":\"https:\\\/\\\/www.revistarambla.com\\\/#\\\/schema\\\/logo\\\/image\\\/\"},\"sameAs\":[\"https:\\\/\\\/www.facebook.com\\\/revistarambla\\\/\",\"https:\\\/\\\/x.com\\\/revistarambla\",\"https:\\\/\\\/www.instagram.com\\\/revista_rambla\",\"https:\\\/\\\/es.linkedin.com\\\/company\\\/revista-rambla\"]},{\"@type\":\"Person\",\"@id\":\"https:\\\/\\\/www.revistarambla.com\\\/#\\\/schema\\\/person\\\/a146a5a2550b94981a75131180e1bd9c\",\"name\":\"R@mbla\",\"description\":\"Este art\u00edculo ha sido redactado y\\\/o validado por el equipo de redacci\u00f3n de Revista Rambla.\",\"sameAs\":[\"https:\\\/\\\/www.revistarambla.com\\\/\",\"https:\\\/\\\/www.facebook.com\\\/revistarambla\",\"https:\\\/\\\/x.com\\\/revistarambla\"]}]}<\/script>\n<!-- \/ Yoast SEO plugin. -->","yoast_head_json":{"title":"\u00bfPor qu\u00e9 no arde Soria? La provincia con la mayor masa boscosa de Espa\u00f1a que resiste al fuego - Revista Rambla","robots":{"index":"index","follow":"follow","max-snippet":"max-snippet:-1","max-image-preview":"max-image-preview:large","max-video-preview":"max-video-preview:-1"},"canonical":"https:\/\/www.revistarambla.com\/en\/por-que-no-arde-soria-la-provincia-con-la-mayor-masa-boscosa-de-espana-que-resiste-al-fuego\/","og_locale":"en_GB","og_type":"article","og_title":"\u00bfPor qu\u00e9 no arde Soria? La provincia con la mayor masa boscosa de Espa\u00f1a que resiste al fuego - Revista Rambla","og_description":"En un pa\u00eds donde los incendios forestales devoran miles de hect\u00e1reas cada verano, Soria se erige como una anomal\u00eda verde. Con m\u00e1s de 447.000 hect\u00e1reas de masa boscosa \u2014la mayor de Espa\u00f1a\u2014, esta provincia castellano-leonesa ha evitado grandes cat\u00e1strofes \u00edgneas durante m\u00e1s de dos d\u00e9cadas. Mientras regiones como Galicia o [&hellip;]","og_url":"https:\/\/www.revistarambla.com\/en\/por-que-no-arde-soria-la-provincia-con-la-mayor-masa-boscosa-de-espana-que-resiste-al-fuego\/","og_site_name":"Revista Rambla","article_publisher":"https:\/\/www.facebook.com\/revistarambla\/","article_author":"https:\/\/www.facebook.com\/revistarambla","article_published_time":"2025-08-14T11:51:56+00:00","article_modified_time":"2025-08-15T11:16:33+00:00","og_image":[{"width":1024,"height":683,"url":"https:\/\/www.revistarambla.com\/wp-content\/uploads\/2025\/08\/bosque-soria-fuego.jpg","type":"image\/jpeg"}],"author":"R@mbla","twitter_card":"summary_large_image","twitter_creator":"@revistarambla","twitter_site":"@revistarambla","twitter_misc":{"Written by":"R@mbla","Estimated reading time":"6 minutes"},"schema":{"@context":"https:\/\/schema.org","@graph":[{"@type":"Article","@id":"https:\/\/www.revistarambla.com\/por-que-no-arde-soria-la-provincia-con-la-mayor-masa-boscosa-de-espana-que-resiste-al-fuego\/#article","isPartOf":{"@id":"https:\/\/www.revistarambla.com\/por-que-no-arde-soria-la-provincia-con-la-mayor-masa-boscosa-de-espana-que-resiste-al-fuego\/"},"author":{"name":"R@mbla","@id":"https:\/\/www.revistarambla.com\/#\/schema\/person\/a146a5a2550b94981a75131180e1bd9c"},"headline":"\u00bfPor qu\u00e9 no arde Soria? La provincia con la mayor masa boscosa de Espa\u00f1a que resiste al fuego","datePublished":"2025-08-14T11:51:56+00:00","dateModified":"2025-08-15T11:16:33+00:00","mainEntityOfPage":{"@id":"https:\/\/www.revistarambla.com\/por-que-no-arde-soria-la-provincia-con-la-mayor-masa-boscosa-de-espana-que-resiste-al-fuego\/"},"wordCount":1270,"publisher":{"@id":"https:\/\/www.revistarambla.com\/#organization"},"image":{"@id":"https:\/\/www.revistarambla.com\/por-que-no-arde-soria-la-provincia-con-la-mayor-masa-boscosa-de-espana-que-resiste-al-fuego\/#primaryimage"},"thumbnailUrl":"https:\/\/www.revistarambla.com\/wp-content\/uploads\/2025\/08\/bosque-soria-fuego.jpg","articleSection":["Estado Espa\u00f1ol"],"inLanguage":"en-GB"},{"@type":"WebPage","@id":"https:\/\/www.revistarambla.com\/por-que-no-arde-soria-la-provincia-con-la-mayor-masa-boscosa-de-espana-que-resiste-al-fuego\/","url":"https:\/\/www.revistarambla.com\/por-que-no-arde-soria-la-provincia-con-la-mayor-masa-boscosa-de-espana-que-resiste-al-fuego\/","name":"\u00bfPor qu\u00e9 no arde Soria? La provincia con la mayor masa boscosa de Espa\u00f1a que resiste al fuego - Revista Rambla","isPartOf":{"@id":"https:\/\/www.revistarambla.com\/#website"},"primaryImageOfPage":{"@id":"https:\/\/www.revistarambla.com\/por-que-no-arde-soria-la-provincia-con-la-mayor-masa-boscosa-de-espana-que-resiste-al-fuego\/#primaryimage"},"image":{"@id":"https:\/\/www.revistarambla.com\/por-que-no-arde-soria-la-provincia-con-la-mayor-masa-boscosa-de-espana-que-resiste-al-fuego\/#primaryimage"},"thumbnailUrl":"https:\/\/www.revistarambla.com\/wp-content\/uploads\/2025\/08\/bosque-soria-fuego.jpg","datePublished":"2025-08-14T11:51:56+00:00","dateModified":"2025-08-15T11:16:33+00:00","breadcrumb":{"@id":"https:\/\/www.revistarambla.com\/por-que-no-arde-soria-la-provincia-con-la-mayor-masa-boscosa-de-espana-que-resiste-al-fuego\/#breadcrumb"},"inLanguage":"en-GB","potentialAction":[{"@type":"ReadAction","target":["https:\/\/www.revistarambla.com\/por-que-no-arde-soria-la-provincia-con-la-mayor-masa-boscosa-de-espana-que-resiste-al-fuego\/"]}]},{"@type":"ImageObject","inLanguage":"en-GB","@id":"https:\/\/www.revistarambla.com\/por-que-no-arde-soria-la-provincia-con-la-mayor-masa-boscosa-de-espana-que-resiste-al-fuego\/#primaryimage","url":"https:\/\/www.revistarambla.com\/wp-content\/uploads\/2025\/08\/bosque-soria-fuego.jpg","contentUrl":"https:\/\/www.revistarambla.com\/wp-content\/uploads\/2025\/08\/bosque-soria-fuego.jpg","width":1024,"height":683,"caption":"fuego soria"},{"@type":"BreadcrumbList","@id":"https:\/\/www.revistarambla.com\/por-que-no-arde-soria-la-provincia-con-la-mayor-masa-boscosa-de-espana-que-resiste-al-fuego\/#breadcrumb","itemListElement":[{"@type":"ListItem","position":1,"name":"Portada","item":"https:\/\/www.revistarambla.com\/"},{"@type":"ListItem","position":2,"name":"\u00bfPor qu\u00e9 no arde Soria? La provincia con la mayor masa boscosa de Espa\u00f1a que resiste al fuego"}]},{"@type":"WebSite","@id":"https:\/\/www.revistarambla.com\/#website","url":"https:\/\/www.revistarambla.com\/","name":"Revista Rambla Barcelona","description":"Periodismo independiente","publisher":{"@id":"https:\/\/www.revistarambla.com\/#organization"},"potentialAction":[{"@type":"SearchAction","target":{"@type":"EntryPoint","urlTemplate":"https:\/\/www.revistarambla.com\/?s={search_term_string}"},"query-input":{"@type":"PropertyValueSpecification","valueRequired":true,"valueName":"search_term_string"}}],"inLanguage":"en-GB"},{"@type":"Organization","@id":"https:\/\/www.revistarambla.com\/#organization","name":"Revista Rambla","url":"https:\/\/www.revistarambla.com\/","logo":{"@type":"ImageObject","inLanguage":"en-GB","@id":"https:\/\/www.revistarambla.com\/#\/schema\/logo\/image\/","url":"https:\/\/www.revistarambla.com\/wp-content\/uploads\/2020\/09\/banner_rambla_1900x600_BB.png","contentUrl":"https:\/\/www.revistarambla.com\/wp-content\/uploads\/2020\/09\/banner_rambla_1900x600_BB.png","width":1900,"height":600,"caption":"Revista Rambla"},"image":{"@id":"https:\/\/www.revistarambla.com\/#\/schema\/logo\/image\/"},"sameAs":["https:\/\/www.facebook.com\/revistarambla\/","https:\/\/x.com\/revistarambla","https:\/\/www.instagram.com\/revista_rambla","https:\/\/es.linkedin.com\/company\/revista-rambla"]},{"@type":"Person","@id":"https:\/\/www.revistarambla.com\/#\/schema\/person\/a146a5a2550b94981a75131180e1bd9c","name":"R@mbla","description":"Este art\u00edculo ha sido redactado y\/o validado por el equipo de redacci\u00f3n de Revista Rambla.","sameAs":["https:\/\/www.revistarambla.com\/","https:\/\/www.facebook.com\/revistarambla","https:\/\/x.com\/revistarambla"]}]}},"_links":{"self":[{"href":"https:\/\/www.revistarambla.com\/en\/wp-json\/wp\/v2\/posts\/66117","targetHints":{"allow":["GET"]}}],"collection":[{"href":"https:\/\/www.revistarambla.com\/en\/wp-json\/wp\/v2\/posts"}],"about":[{"href":"https:\/\/www.revistarambla.com\/en\/wp-json\/wp\/v2\/types\/post"}],"author":[{"embeddable":true,"href":"https:\/\/www.revistarambla.com\/en\/wp-json\/wp\/v2\/users\/3"}],"replies":[{"embeddable":true,"href":"https:\/\/www.revistarambla.com\/en\/wp-json\/wp\/v2\/comments?post=66117"}],"version-history":[{"count":1,"href":"https:\/\/www.revistarambla.com\/en\/wp-json\/wp\/v2\/posts\/66117\/revisions"}],"predecessor-version":[{"id":66119,"href":"https:\/\/www.revistarambla.com\/en\/wp-json\/wp\/v2\/posts\/66117\/revisions\/66119"}],"wp:featuredmedia":[{"embeddable":true,"href":"https:\/\/www.revistarambla.com\/en\/wp-json\/wp\/v2\/media\/66118"}],"wp:attachment":[{"href":"https:\/\/www.revistarambla.com\/en\/wp-json\/wp\/v2\/media?parent=66117"}],"wp:term":[{"taxonomy":"category","embeddable":true,"href":"https:\/\/www.revistarambla.com\/en\/wp-json\/wp\/v2\/categories?post=66117"},{"taxonomy":"post_tag","embeddable":true,"href":"https:\/\/www.revistarambla.com\/en\/wp-json\/wp\/v2\/tags?post=66117"}],"curies":[{"name":"wp","href":"https:\/\/api.w.org\/{rel}","templated":true}]}}