{"id":66114,"date":"2025-08-14T13:13:49","date_gmt":"2025-08-14T11:13:49","guid":{"rendered":"https:\/\/www.revistarambla.com\/?p=66114"},"modified":"2025-08-14T13:13:49","modified_gmt":"2025-08-14T11:13:49","slug":"sudaderas-personalizadas-crea-identidad-y-recuerdos-inolvidables-para-tu-grupo-o-evento","status":"publish","type":"post","link":"https:\/\/www.revistarambla.com\/en\/sudaderas-personalizadas-crea-identidad-y-recuerdos-inolvidables-para-tu-grupo-o-evento\/","title":{"rendered":"Sudaderas personalizadas: crea identidad y recuerdos inolvidables para tu grupo o evento"},"content":{"rendered":"<p>Ya sea una excursi\u00f3n de fin de curso, una actividad de integraci\u00f3n para equipos o cualquier evento que re\u00fana a un conjunto de amigos, la experiencia es incomparable cuando todos llevan una prenda que los identifica. Las <b>prendas personalizadas<\/b> poseen esa capacidad especial de transformar a un grupo de individuos en una \u00fanica comunidad. Una sudadera dise\u00f1ada especialmente para la ocasi\u00f3n resulta mucho m\u00e1s que una simple pieza de ropa: se convierte en un s\u00edmbolo visible de una historia com\u00fan. Durante el evento, fortalece la cohesi\u00f3n, y luego permanece como un recuerdo que calienta el alma en cada uso, evocando risas, momentos compartidos y la sensaci\u00f3n de estar justo en el lugar adecuado, junto a las personas indicadas.<\/p>\n<h2><b>La ropa que expresa la identidad com\u00fan<\/b><\/h2>\n<p>Vestir prendas iguales no significa renunciar a la personalidad, sino amplificar el sentimiento de pertenencia. Las <a href=\"https:\/\/www.kronix.es\/\" target=\"_blank\" rel=\"nofollow noopener\">sudaderas de grupo que unen<\/a> est\u00e1n dise\u00f1adas para crear una identidad visual clara y r\u00e1pida, reforzando los v\u00ednculos entre quienes las lucen. Es com\u00fan ver en eventos deportivos, conciertos, campamentos o intercambios estudiantiles c\u00f3mo los participantes exhiben vestimenta que comunica, a simple vista, qui\u00e9nes son y qu\u00e9 los une. El color seleccionado, un logotipo distintivo, una frase interna o incluso una ilustraci\u00f3n se vuelven s\u00edmbolos tan poderosos como una bandera. Esta modalidad crece porque va m\u00e1s all\u00e1 de lo est\u00e9tico; tambi\u00e9n apuesta por la funcionalidad, adaptabilidad y la capacidad de adecuarse a estilos variados, desde dise\u00f1os sencillos y limpios hasta opciones con colores vibrantes y detalles elaborados.<\/p>\n<h3><b>Tendencias destacadas en el dise\u00f1o grupal<\/b><\/h3>\n<p>Las sudaderas personalizadas para eventos y viajes han dejado atr\u00e1s la idea de un dise\u00f1o uniforme y mon\u00f3tono. Cada vez es m\u00e1s habitual encontrar propuestas con combinaciones de tonos llamativos, tipograf\u00edas exclusivas y detalles diferenciadores como nombres o n\u00fameros significativos para cada individuo. En muchos casos, el dise\u00f1o refleja historias o s\u00edmbolos propios del grupo, convirtiendo la prenda en un recuerdo mucho m\u00e1s \u00edntimo y especial. Asimismo, la demanda por materiales resistentes, capaces de soportar un uso frecuente, ha aumentado enormemente, pues estas prendas no son guardadas, sino que forman parte del vestuario cotidiano. Esta corriente se basa en un equilibrio entre moda, personalizaci\u00f3n y durabilidad, un punto en el cual las marcas especializadas realmente sobresalen.<\/p>\n<h2><b>Kronix: sudaderas solares para recordar juntos<\/b><\/h2>\n<p>En el \u00e1mbito de las prendas personalizadas, Kronix ha logrado posicionarse gracias a su entendimiento de que una sudadera es algo m\u00e1s que un dise\u00f1o estampado. Cada modelo transmite un mensaje de uni\u00f3n y sentido de pertenencia, casi como si fuera una bandera que identifica a sus portadores. La calidad es otro pilar fundamental: materiales duraderos, acabados cuidados y un estilo insuperable que resiste el paso del tiempo sin perder ni forma ni color. Todo se complementa con un proceso pensado para generar confianza, donde la personalizaci\u00f3n resulta sencilla y agradable, desde la plataforma online hasta la entrega final, privilegiando siempre que el cliente disfrute creando su prenda \u00fanica.<\/p>\n<h3><b>Un cat\u00e1logo adaptable a todo tipo de eventos<\/b><\/h3>\n<p>El inventario de Kronix est\u00e1 preparado para responder a la gran variedad de p\u00fablicos que buscan sudaderas personalizadas. Ofrecen opciones ideales para colegios que organizan viajes de fin de curso, universidades que planean actos o promociones, equipos deportivos que desean proyectar una imagen unificada, as\u00ed como asociaciones culturales o juveniles que quieren sobresalir en sus eventos. Las sudaderas se pueden personalizar en cuanto a colores, tallas y materiales, y sus acabados incluyen bordados de alta calidad, serigraf\u00eda o impresi\u00f3n digital. Adem\u00e1s, la posibilidad de agregar nombres, gr\u00e1ficos, banderas o etiquetas internas brinda una personalizaci\u00f3n casi ilimitada. Al trabajar directamente con la producci\u00f3n, Kronix elimina intermediarios, asegurando un control total sobre calidad y tiempos de entrega.<\/p>\n<h3><b>Precios transparentes y compra eficiente<\/b><\/h3>\n<p>Un aspecto destacado de Kronix es la claridad en los precios desde el principio. Quien compra puede consultar el coste de cada detalle adicional, ya sea un bordado extra o una etiqueta personalizada, evitando sorpresas al final. Adem\u00e1s, su plataforma de dise\u00f1o online permite crear y previsualizar la prenda en tiempo real, ajustando cualquier detalle hasta lograr el resultado esperado. Los pedidos se adaptan a grupos de diferentes tama\u00f1os, desde equipos peque\u00f1os hasta promociones completas, mientras que la producci\u00f3n local garantiza tiempos de entrega cortos. Este sistema ofrece confianza para quienes necesitan que su pedido llegue puntual y cumpla con las expectativas, algo fundamental en eventos con fechas fijas.<\/p>\n<h3><b>La elecci\u00f3n ideal para transformar un evento en un recuerdo duradero<\/b><\/h3>\n<p>Kronix comprende que una sudadera personalizada no es simplemente una pieza de ropa, sino un testigo tangible que permite revivir la emoci\u00f3n de un viaje, un campeonato o una festividad compartida. La combinaci\u00f3n de calidad, libertad creativa y un servicio pensado para facilitar cada paso convierte a esta marca en la opci\u00f3n perfecta para quienes desean que su grupo destaque y, a la vez, conserve un objeto lleno de significado a lo largo del tiempo. Desde el primer boceto hasta la \u00faltima puntada en el taller, cada sudadera encarna la historia de un grupo que decidi\u00f3 celebrarse con estilo propio.<\/p>","protected":false},"excerpt":{"rendered":"<p>Ya sea una excursi\u00f3n de fin de curso, una actividad de integraci\u00f3n para equipos o cualquier evento que re\u00fana a un conjunto de amigos, la experiencia es incomparable cuando todos llevan una prenda que los identifica. Las prendas personalizadas poseen esa capacidad especial de transformar a un grupo de individuos [&hellip;]<\/p>\n","protected":false},"author":3,"featured_media":66115,"comment_status":"closed","ping_status":"closed","sticky":false,"template":"","format":"standard","meta":{"footnotes":""},"categories":[3790],"tags":[],"class_list":["post-66114","post","type-post","status-publish","format-standard","has-post-thumbnail","hentry","category-otras-noticias"],"yoast_head":"<!-- This site is optimized with the Yoast SEO plugin v27.5 - https:\/\/yoast.com\/product\/yoast-seo-wordpress\/ -->\n<title>Sudaderas personalizadas: crea identidad y recuerdos inolvidables para tu grupo o evento - Revista Rambla<\/title>\n<meta name=\"robots\" content=\"index, follow, max-snippet:-1, max-image-preview:large, max-video-preview:-1\" \/>\n<link rel=\"canonical\" href=\"https:\/\/www.revistarambla.com\/en\/sudaderas-personalizadas-crea-identidad-y-recuerdos-inolvidables-para-tu-grupo-o-evento\/\" \/>\n<meta property=\"og:locale\" content=\"en_GB\" \/>\n<meta property=\"og:type\" content=\"article\" \/>\n<meta property=\"og:title\" content=\"Sudaderas personalizadas: crea identidad y recuerdos inolvidables para tu grupo o evento - Revista Rambla\" \/>\n<meta property=\"og:description\" content=\"Ya sea una excursi\u00f3n de fin de curso, una actividad de integraci\u00f3n para equipos o cualquier evento que re\u00fana a un conjunto de amigos, la experiencia es incomparable cuando todos llevan una prenda que los identifica. Las prendas personalizadas poseen esa capacidad especial de transformar a un grupo de individuos [&hellip;]\" \/>\n<meta property=\"og:url\" content=\"https:\/\/www.revistarambla.com\/en\/sudaderas-personalizadas-crea-identidad-y-recuerdos-inolvidables-para-tu-grupo-o-evento\/\" \/>\n<meta property=\"og:site_name\" content=\"Revista Rambla\" \/>\n<meta property=\"article:publisher\" content=\"https:\/\/www.facebook.com\/revistarambla\/\" \/>\n<meta property=\"article:author\" content=\"https:\/\/www.facebook.com\/revistarambla\" \/>\n<meta property=\"article:published_time\" content=\"2025-08-14T11:13:49+00:00\" \/>\n<meta property=\"og:image\" content=\"https:\/\/www.revistarambla.com\/wp-content\/uploads\/2025\/08\/phpnMiGPc689b03f6bf28c.jpg\" \/>\n\t<meta property=\"og:image:width\" content=\"1280\" \/>\n\t<meta property=\"og:image:height\" content=\"847\" \/>\n\t<meta property=\"og:image:type\" content=\"image\/jpeg\" \/>\n<meta name=\"author\" content=\"R@mbla\" \/>\n<meta name=\"twitter:card\" content=\"summary_large_image\" \/>\n<meta name=\"twitter:creator\" content=\"@revistarambla\" \/>\n<meta name=\"twitter:site\" content=\"@revistarambla\" \/>\n<meta name=\"twitter:label1\" content=\"Written by\" \/>\n\t<meta name=\"twitter:data1\" content=\"R@mbla\" \/>\n\t<meta name=\"twitter:label2\" content=\"Estimated reading time\" \/>\n\t<meta name=\"twitter:data2\" content=\"5 minutes\" \/>\n<script type=\"application\/ld+json\" class=\"yoast-schema-graph\">{\"@context\":\"https:\\\/\\\/schema.org\",\"@graph\":[{\"@type\":\"Article\",\"@id\":\"https:\\\/\\\/www.revistarambla.com\\\/sudaderas-personalizadas-crea-identidad-y-recuerdos-inolvidables-para-tu-grupo-o-evento\\\/#article\",\"isPartOf\":{\"@id\":\"https:\\\/\\\/www.revistarambla.com\\\/sudaderas-personalizadas-crea-identidad-y-recuerdos-inolvidables-para-tu-grupo-o-evento\\\/\"},\"author\":{\"name\":\"R@mbla\",\"@id\":\"https:\\\/\\\/www.revistarambla.com\\\/#\\\/schema\\\/person\\\/a146a5a2550b94981a75131180e1bd9c\"},\"headline\":\"Sudaderas personalizadas: crea identidad y recuerdos inolvidables para tu grupo o evento\",\"datePublished\":\"2025-08-14T11:13:49+00:00\",\"mainEntityOfPage\":{\"@id\":\"https:\\\/\\\/www.revistarambla.com\\\/sudaderas-personalizadas-crea-identidad-y-recuerdos-inolvidables-para-tu-grupo-o-evento\\\/\"},\"wordCount\":901,\"publisher\":{\"@id\":\"https:\\\/\\\/www.revistarambla.com\\\/#organization\"},\"image\":{\"@id\":\"https:\\\/\\\/www.revistarambla.com\\\/sudaderas-personalizadas-crea-identidad-y-recuerdos-inolvidables-para-tu-grupo-o-evento\\\/#primaryimage\"},\"thumbnailUrl\":\"https:\\\/\\\/www.revistarambla.com\\\/wp-content\\\/uploads\\\/2025\\\/08\\\/phpnMiGPc689b03f6bf28c.jpg\",\"articleSection\":[\"Otras Noticias\"],\"inLanguage\":\"en-GB\"},{\"@type\":\"WebPage\",\"@id\":\"https:\\\/\\\/www.revistarambla.com\\\/sudaderas-personalizadas-crea-identidad-y-recuerdos-inolvidables-para-tu-grupo-o-evento\\\/\",\"url\":\"https:\\\/\\\/www.revistarambla.com\\\/sudaderas-personalizadas-crea-identidad-y-recuerdos-inolvidables-para-tu-grupo-o-evento\\\/\",\"name\":\"Sudaderas personalizadas: crea identidad y recuerdos inolvidables para tu grupo o evento - Revista Rambla\",\"isPartOf\":{\"@id\":\"https:\\\/\\\/www.revistarambla.com\\\/#website\"},\"primaryImageOfPage\":{\"@id\":\"https:\\\/\\\/www.revistarambla.com\\\/sudaderas-personalizadas-crea-identidad-y-recuerdos-inolvidables-para-tu-grupo-o-evento\\\/#primaryimage\"},\"image\":{\"@id\":\"https:\\\/\\\/www.revistarambla.com\\\/sudaderas-personalizadas-crea-identidad-y-recuerdos-inolvidables-para-tu-grupo-o-evento\\\/#primaryimage\"},\"thumbnailUrl\":\"https:\\\/\\\/www.revistarambla.com\\\/wp-content\\\/uploads\\\/2025\\\/08\\\/phpnMiGPc689b03f6bf28c.jpg\",\"datePublished\":\"2025-08-14T11:13:49+00:00\",\"breadcrumb\":{\"@id\":\"https:\\\/\\\/www.revistarambla.com\\\/sudaderas-personalizadas-crea-identidad-y-recuerdos-inolvidables-para-tu-grupo-o-evento\\\/#breadcrumb\"},\"inLanguage\":\"en-GB\",\"potentialAction\":[{\"@type\":\"ReadAction\",\"target\":[\"https:\\\/\\\/www.revistarambla.com\\\/sudaderas-personalizadas-crea-identidad-y-recuerdos-inolvidables-para-tu-grupo-o-evento\\\/\"]}]},{\"@type\":\"ImageObject\",\"inLanguage\":\"en-GB\",\"@id\":\"https:\\\/\\\/www.revistarambla.com\\\/sudaderas-personalizadas-crea-identidad-y-recuerdos-inolvidables-para-tu-grupo-o-evento\\\/#primaryimage\",\"url\":\"https:\\\/\\\/www.revistarambla.com\\\/wp-content\\\/uploads\\\/2025\\\/08\\\/phpnMiGPc689b03f6bf28c.jpg\",\"contentUrl\":\"https:\\\/\\\/www.revistarambla.com\\\/wp-content\\\/uploads\\\/2025\\\/08\\\/phpnMiGPc689b03f6bf28c.jpg\",\"width\":1280,\"height\":847,\"caption\":\"Sudaderas\"},{\"@type\":\"BreadcrumbList\",\"@id\":\"https:\\\/\\\/www.revistarambla.com\\\/sudaderas-personalizadas-crea-identidad-y-recuerdos-inolvidables-para-tu-grupo-o-evento\\\/#breadcrumb\",\"itemListElement\":[{\"@type\":\"ListItem\",\"position\":1,\"name\":\"Portada\",\"item\":\"https:\\\/\\\/www.revistarambla.com\\\/\"},{\"@type\":\"ListItem\",\"position\":2,\"name\":\"Sudaderas personalizadas: crea identidad y recuerdos inolvidables para tu grupo o evento\"}]},{\"@type\":\"WebSite\",\"@id\":\"https:\\\/\\\/www.revistarambla.com\\\/#website\",\"url\":\"https:\\\/\\\/www.revistarambla.com\\\/\",\"name\":\"Revista Rambla Barcelona\",\"description\":\"Periodismo independiente\",\"publisher\":{\"@id\":\"https:\\\/\\\/www.revistarambla.com\\\/#organization\"},\"potentialAction\":[{\"@type\":\"SearchAction\",\"target\":{\"@type\":\"EntryPoint\",\"urlTemplate\":\"https:\\\/\\\/www.revistarambla.com\\\/?s={search_term_string}\"},\"query-input\":{\"@type\":\"PropertyValueSpecification\",\"valueRequired\":true,\"valueName\":\"search_term_string\"}}],\"inLanguage\":\"en-GB\"},{\"@type\":\"Organization\",\"@id\":\"https:\\\/\\\/www.revistarambla.com\\\/#organization\",\"name\":\"Revista Rambla\",\"url\":\"https:\\\/\\\/www.revistarambla.com\\\/\",\"logo\":{\"@type\":\"ImageObject\",\"inLanguage\":\"en-GB\",\"@id\":\"https:\\\/\\\/www.revistarambla.com\\\/#\\\/schema\\\/logo\\\/image\\\/\",\"url\":\"https:\\\/\\\/www.revistarambla.com\\\/wp-content\\\/uploads\\\/2020\\\/09\\\/banner_rambla_1900x600_BB.png\",\"contentUrl\":\"https:\\\/\\\/www.revistarambla.com\\\/wp-content\\\/uploads\\\/2020\\\/09\\\/banner_rambla_1900x600_BB.png\",\"width\":1900,\"height\":600,\"caption\":\"Revista Rambla\"},\"image\":{\"@id\":\"https:\\\/\\\/www.revistarambla.com\\\/#\\\/schema\\\/logo\\\/image\\\/\"},\"sameAs\":[\"https:\\\/\\\/www.facebook.com\\\/revistarambla\\\/\",\"https:\\\/\\\/x.com\\\/revistarambla\",\"https:\\\/\\\/www.instagram.com\\\/revista_rambla\",\"https:\\\/\\\/es.linkedin.com\\\/company\\\/revista-rambla\"]},{\"@type\":\"Person\",\"@id\":\"https:\\\/\\\/www.revistarambla.com\\\/#\\\/schema\\\/person\\\/a146a5a2550b94981a75131180e1bd9c\",\"name\":\"R@mbla\",\"description\":\"Este art\u00edculo ha sido redactado y\\\/o validado por el equipo de redacci\u00f3n de Revista Rambla.\",\"sameAs\":[\"https:\\\/\\\/www.revistarambla.com\\\/\",\"https:\\\/\\\/www.facebook.com\\\/revistarambla\",\"https:\\\/\\\/x.com\\\/revistarambla\"]}]}<\/script>\n<!-- \/ Yoast SEO plugin. -->","yoast_head_json":{"title":"Sudaderas personalizadas: crea identidad y recuerdos inolvidables para tu grupo o evento - Revista Rambla","robots":{"index":"index","follow":"follow","max-snippet":"max-snippet:-1","max-image-preview":"max-image-preview:large","max-video-preview":"max-video-preview:-1"},"canonical":"https:\/\/www.revistarambla.com\/en\/sudaderas-personalizadas-crea-identidad-y-recuerdos-inolvidables-para-tu-grupo-o-evento\/","og_locale":"en_GB","og_type":"article","og_title":"Sudaderas personalizadas: crea identidad y recuerdos inolvidables para tu grupo o evento - Revista Rambla","og_description":"Ya sea una excursi\u00f3n de fin de curso, una actividad de integraci\u00f3n para equipos o cualquier evento que re\u00fana a un conjunto de amigos, la experiencia es incomparable cuando todos llevan una prenda que los identifica. Las prendas personalizadas poseen esa capacidad especial de transformar a un grupo de individuos [&hellip;]","og_url":"https:\/\/www.revistarambla.com\/en\/sudaderas-personalizadas-crea-identidad-y-recuerdos-inolvidables-para-tu-grupo-o-evento\/","og_site_name":"Revista Rambla","article_publisher":"https:\/\/www.facebook.com\/revistarambla\/","article_author":"https:\/\/www.facebook.com\/revistarambla","article_published_time":"2025-08-14T11:13:49+00:00","og_image":[{"width":1280,"height":847,"url":"https:\/\/www.revistarambla.com\/wp-content\/uploads\/2025\/08\/phpnMiGPc689b03f6bf28c.jpg","type":"image\/jpeg"}],"author":"R@mbla","twitter_card":"summary_large_image","twitter_creator":"@revistarambla","twitter_site":"@revistarambla","twitter_misc":{"Written by":"R@mbla","Estimated reading time":"5 minutes"},"schema":{"@context":"https:\/\/schema.org","@graph":[{"@type":"Article","@id":"https:\/\/www.revistarambla.com\/sudaderas-personalizadas-crea-identidad-y-recuerdos-inolvidables-para-tu-grupo-o-evento\/#article","isPartOf":{"@id":"https:\/\/www.revistarambla.com\/sudaderas-personalizadas-crea-identidad-y-recuerdos-inolvidables-para-tu-grupo-o-evento\/"},"author":{"name":"R@mbla","@id":"https:\/\/www.revistarambla.com\/#\/schema\/person\/a146a5a2550b94981a75131180e1bd9c"},"headline":"Sudaderas personalizadas: crea identidad y recuerdos inolvidables para tu grupo o evento","datePublished":"2025-08-14T11:13:49+00:00","mainEntityOfPage":{"@id":"https:\/\/www.revistarambla.com\/sudaderas-personalizadas-crea-identidad-y-recuerdos-inolvidables-para-tu-grupo-o-evento\/"},"wordCount":901,"publisher":{"@id":"https:\/\/www.revistarambla.com\/#organization"},"image":{"@id":"https:\/\/www.revistarambla.com\/sudaderas-personalizadas-crea-identidad-y-recuerdos-inolvidables-para-tu-grupo-o-evento\/#primaryimage"},"thumbnailUrl":"https:\/\/www.revistarambla.com\/wp-content\/uploads\/2025\/08\/phpnMiGPc689b03f6bf28c.jpg","articleSection":["Otras Noticias"],"inLanguage":"en-GB"},{"@type":"WebPage","@id":"https:\/\/www.revistarambla.com\/sudaderas-personalizadas-crea-identidad-y-recuerdos-inolvidables-para-tu-grupo-o-evento\/","url":"https:\/\/www.revistarambla.com\/sudaderas-personalizadas-crea-identidad-y-recuerdos-inolvidables-para-tu-grupo-o-evento\/","name":"Sudaderas personalizadas: crea identidad y recuerdos inolvidables para tu grupo o evento - Revista Rambla","isPartOf":{"@id":"https:\/\/www.revistarambla.com\/#website"},"primaryImageOfPage":{"@id":"https:\/\/www.revistarambla.com\/sudaderas-personalizadas-crea-identidad-y-recuerdos-inolvidables-para-tu-grupo-o-evento\/#primaryimage"},"image":{"@id":"https:\/\/www.revistarambla.com\/sudaderas-personalizadas-crea-identidad-y-recuerdos-inolvidables-para-tu-grupo-o-evento\/#primaryimage"},"thumbnailUrl":"https:\/\/www.revistarambla.com\/wp-content\/uploads\/2025\/08\/phpnMiGPc689b03f6bf28c.jpg","datePublished":"2025-08-14T11:13:49+00:00","breadcrumb":{"@id":"https:\/\/www.revistarambla.com\/sudaderas-personalizadas-crea-identidad-y-recuerdos-inolvidables-para-tu-grupo-o-evento\/#breadcrumb"},"inLanguage":"en-GB","potentialAction":[{"@type":"ReadAction","target":["https:\/\/www.revistarambla.com\/sudaderas-personalizadas-crea-identidad-y-recuerdos-inolvidables-para-tu-grupo-o-evento\/"]}]},{"@type":"ImageObject","inLanguage":"en-GB","@id":"https:\/\/www.revistarambla.com\/sudaderas-personalizadas-crea-identidad-y-recuerdos-inolvidables-para-tu-grupo-o-evento\/#primaryimage","url":"https:\/\/www.revistarambla.com\/wp-content\/uploads\/2025\/08\/phpnMiGPc689b03f6bf28c.jpg","contentUrl":"https:\/\/www.revistarambla.com\/wp-content\/uploads\/2025\/08\/phpnMiGPc689b03f6bf28c.jpg","width":1280,"height":847,"caption":"Sudaderas"},{"@type":"BreadcrumbList","@id":"https:\/\/www.revistarambla.com\/sudaderas-personalizadas-crea-identidad-y-recuerdos-inolvidables-para-tu-grupo-o-evento\/#breadcrumb","itemListElement":[{"@type":"ListItem","position":1,"name":"Portada","item":"https:\/\/www.revistarambla.com\/"},{"@type":"ListItem","position":2,"name":"Sudaderas personalizadas: crea identidad y recuerdos inolvidables para tu grupo o evento"}]},{"@type":"WebSite","@id":"https:\/\/www.revistarambla.com\/#website","url":"https:\/\/www.revistarambla.com\/","name":"Revista Rambla Barcelona","description":"Periodismo independiente","publisher":{"@id":"https:\/\/www.revistarambla.com\/#organization"},"potentialAction":[{"@type":"SearchAction","target":{"@type":"EntryPoint","urlTemplate":"https:\/\/www.revistarambla.com\/?s={search_term_string}"},"query-input":{"@type":"PropertyValueSpecification","valueRequired":true,"valueName":"search_term_string"}}],"inLanguage":"en-GB"},{"@type":"Organization","@id":"https:\/\/www.revistarambla.com\/#organization","name":"Revista Rambla","url":"https:\/\/www.revistarambla.com\/","logo":{"@type":"ImageObject","inLanguage":"en-GB","@id":"https:\/\/www.revistarambla.com\/#\/schema\/logo\/image\/","url":"https:\/\/www.revistarambla.com\/wp-content\/uploads\/2020\/09\/banner_rambla_1900x600_BB.png","contentUrl":"https:\/\/www.revistarambla.com\/wp-content\/uploads\/2020\/09\/banner_rambla_1900x600_BB.png","width":1900,"height":600,"caption":"Revista Rambla"},"image":{"@id":"https:\/\/www.revistarambla.com\/#\/schema\/logo\/image\/"},"sameAs":["https:\/\/www.facebook.com\/revistarambla\/","https:\/\/x.com\/revistarambla","https:\/\/www.instagram.com\/revista_rambla","https:\/\/es.linkedin.com\/company\/revista-rambla"]},{"@type":"Person","@id":"https:\/\/www.revistarambla.com\/#\/schema\/person\/a146a5a2550b94981a75131180e1bd9c","name":"R@mbla","description":"Este art\u00edculo ha sido redactado y\/o validado por el equipo de redacci\u00f3n de Revista Rambla.","sameAs":["https:\/\/www.revistarambla.com\/","https:\/\/www.facebook.com\/revistarambla","https:\/\/x.com\/revistarambla"]}]}},"_links":{"self":[{"href":"https:\/\/www.revistarambla.com\/en\/wp-json\/wp\/v2\/posts\/66114","targetHints":{"allow":["GET"]}}],"collection":[{"href":"https:\/\/www.revistarambla.com\/en\/wp-json\/wp\/v2\/posts"}],"about":[{"href":"https:\/\/www.revistarambla.com\/en\/wp-json\/wp\/v2\/types\/post"}],"author":[{"embeddable":true,"href":"https:\/\/www.revistarambla.com\/en\/wp-json\/wp\/v2\/users\/3"}],"replies":[{"embeddable":true,"href":"https:\/\/www.revistarambla.com\/en\/wp-json\/wp\/v2\/comments?post=66114"}],"version-history":[{"count":1,"href":"https:\/\/www.revistarambla.com\/en\/wp-json\/wp\/v2\/posts\/66114\/revisions"}],"predecessor-version":[{"id":66116,"href":"https:\/\/www.revistarambla.com\/en\/wp-json\/wp\/v2\/posts\/66114\/revisions\/66116"}],"wp:featuredmedia":[{"embeddable":true,"href":"https:\/\/www.revistarambla.com\/en\/wp-json\/wp\/v2\/media\/66115"}],"wp:attachment":[{"href":"https:\/\/www.revistarambla.com\/en\/wp-json\/wp\/v2\/media?parent=66114"}],"wp:term":[{"taxonomy":"category","embeddable":true,"href":"https:\/\/www.revistarambla.com\/en\/wp-json\/wp\/v2\/categories?post=66114"},{"taxonomy":"post_tag","embeddable":true,"href":"https:\/\/www.revistarambla.com\/en\/wp-json\/wp\/v2\/tags?post=66114"}],"curies":[{"name":"wp","href":"https:\/\/api.w.org\/{rel}","templated":true}]}}