{"id":66106,"date":"2025-08-14T13:04:15","date_gmt":"2025-08-14T11:04:15","guid":{"rendered":"https:\/\/www.revistarambla.com\/?p=66106"},"modified":"2025-08-14T13:52:33","modified_gmt":"2025-08-14T11:52:33","slug":"142-medios-catalanes-denuncian-el-asesinato-sistematico-de-periodistas-palestinos","status":"publish","type":"post","link":"https:\/\/www.revistarambla.com\/en\/142-medios-catalanes-denuncian-el-asesinato-sistematico-de-periodistas-palestinos\/","title":{"rendered":"142 medios catalanes denuncian el asesinato sistem\u00e1tico de periodistas palestinos"},"content":{"rendered":"<p>En una noche cargada de simbolismo y urgencia, la Pla\u00e7a Sant Jaume de Barcelona se convirti\u00f3 en el epicentro de una protesta hist\u00f3rica. Bajo el lema \u00abIsrael no quiere testigos del genocidio\u00bb, 142 medios de comunicaci\u00f3n y entidades del sector en Catalu\u00f1a firmaron y leyeron un manifiesto que condena el asesinato sistem\u00e1tico de periodistas palestinos a manos del ej\u00e9rcito israel\u00ed. Este acto, organizado en adhesi\u00f3n a las concentraciones semanales convocadas por la Comunidad Palestina de Catalunya y la Coalici\u00f3n Prou Complicitat amb Israel, representa un hito unitario en el mundo de la comunicaci\u00f3n catalana, uniendo voces de diversos espectros ideol\u00f3gicos en defensa de la libertad de prensa y contra lo que los firmantes describen como un intento deliberado de silenciar la verdad en Gaza.<\/p>\n<p>La concentraci\u00f3n, que reuni\u00f3 a cerca de un millar de personas \u2013seg\u00fan fuentes como El Triangle y La Vanguardia\u2013, se produjo en el marco de las protestas regulares que cada mi\u00e9rcoles denuncian el conflicto en Gaza, calificado por los organizadores como un genocidio. El manifiesto, le\u00eddo en voz alta ante una multitud que portaba pancartas con nombres de periodistas asesinados, exige el fin inmediato de las restricciones a la labor informativa en la Franja de Gaza y condena las acciones israel\u00edes como violaciones flagrantes del derecho internacional humanitario. \u00abSin testigos, la verdad muere\u00bb, rezaba uno de los carteles m\u00e1s visibles, encapsulando el esp\u00edritu de la velada.<\/p>\n<h2>Una Guerra Contra los Testigos<\/h2>\n<p>Para entender la magnitud de esta protesta, es esencial remontarse al contexto del conflicto israel\u00ed-palestino, que se intensific\u00f3 dram\u00e1ticamente desde el 7 de octubre de 2023. Seg\u00fan datos del Committee to Protect Journalists (CPJ), al menos 186 periodistas han sido asesinados en Gaza desde el inicio de las hostilidades, la mayor\u00eda palestinos y en circunstancias que sugieren ataques deliberados por parte de las fuerzas israel\u00edes. Reporters Without Borders (RSF) eleva la cifra a m\u00e1s de 140 solo en el primer a\u00f1o del conflicto, calific\u00e1ndolo como uno de los periodos m\u00e1s mort\u00edferos para la profesi\u00f3n en la historia moderna.<\/p>\n<p>El CPJ ha documentado que dos tercios de las muertes de periodistas palestinos fueron causadas por fuerzas israel\u00edes, y en muchos casos clasificados como \u00abasesinatos\u00bb debido a evidencia de intencionalidad. Un informe reciente de febrero de 2025 del CPJ declara que 2024 fue el a\u00f1o m\u00e1s mort\u00edfero para periodistas en su historia, con casi el 70% de las muertes atribuidas a Israel. Organizaciones como Human Rights Watch y Amnesty International han acusado a Israel de un patr\u00f3n de impunidad, donde los ataques a la prensa se justifican retrospectivamente con alegaciones de afiliaciones terroristas, sin evidencia cre\u00edble.<\/p>\n<p>Un ejemplo reciente que aviv\u00f3 la indignaci\u00f3n global fue el asesinato de seis periodistas de Al Jazeera el 11 de agosto de 2025, en un ataque a\u00e9reo israel\u00ed contra una carpa de prensa cerca del hospital Al Shifa en Gaza. Entre las v\u00edctimas se encontraba Anas al-Sharif, un corresponsal destacado por su cobertura en el terreno. Al Jazeera denunci\u00f3 el ataque como \u00abun intento desesperado de silenciar las voces que exponen la brutalidad\u00bb, y RSF llam\u00f3 a una reuni\u00f3n de emergencia del Consejo de Seguridad de la ONU. Seg\u00fan Mint, m\u00e1s de 180 periodistas palestinos han muerto en los 22 meses de guerra, superando cualquier conflicto previo en densidad de v\u00edctimas medi\u00e1ticas.<\/p>\n<p>Estas muertes no son aisladas. El CPJ ha registrado al menos 20 casos previos de periodistas asesinados por Israel sin rendici\u00f3n de cuentas, un patr\u00f3n que se remonta antes del actual conflicto. En Gaza, los reporteros enfrentan no solo bombardeos, sino tambi\u00e9n restricciones de acceso: Israel ha negado en gran medida la entrada a periodistas extranjeros, forzando a depender de corresponsales locales que operan bajo amenaza constante.<\/p>\n<h2>Una Voz Unificada en Catalu\u00f1a<\/h2>\n<p>El manifiesto firmado por 142 entidades \u2013incluyendo medios como El Peri\u00f3dico, ARA, El Salto y asociaciones profesionales\u2013 representa un acto sin precedentes de unidad en el sector catal\u00e1n de la comunicaci\u00f3n. \u00abEs hist\u00f3rico porque une a independientes, p\u00fablicos y privados en una causa com\u00fan\u00bb, coment\u00f3 un representante de la Federaci\u00f3n de Sindicatos de Periodistas durante la lectura. El texto denuncia \u00abel asesinato sistem\u00e1tico de periodistas palestinos\u00bb y acusa a Israel de buscar eliminar testigos oculares del \u00abgenocidio\u00bb en Gaza.<\/p>\n<p>La protesta se adhiri\u00f3 a las concentraciones semanales organizadas por la Comunidad Palestina de Catalunya y la Coalici\u00f3n Prou Complicitat amb Israel, que desde hace meses llaman a boicots y denuncias contra la complicidad europea en el conflicto. En la Pla\u00e7a Sant Jaume, un lugar ic\u00f3nico de movilizaciones catalanas, se leyeron nombres de v\u00edctimas como Shireen Abu Akleh (asesinada en 2022) y los recientes de Al Jazeera, acompa\u00f1ados de minutos de silencio y aplausos.<\/p>\n<p>Participantes destacados incluyeron a periodistas de renombre catalanes, quienes compartieron testimonios. \u00abComo profesionales, no podemos quedarnos callados mientras matan a nuestros colegas por hacer su trabajo\u00bb, dijo una reportera de TV3 en declaraciones recogidas por El Pa\u00eds. La concentraci\u00f3n, que dur\u00f3 m\u00e1s de dos horas, incluy\u00f3 proyecciones de videos de Gaza y llamadas a la Uni\u00f3n Europea para imponer sanciones a Israel por violaciones a la libertad de prensa.<\/p>\n<p>Algunas fuentes reportan variaciones en el n\u00famero de firmantes \u2013140 seg\u00fan El Pa\u00eds\u2013, pero el impacto es innegable: m\u00e1s de 2.000 asistentes seg\u00fan ARA, en una muestra de solidaridad que trasciende fronteras. Este evento se enmarca en una ola global de protestas, como las de Al Jazeera en Doha y manifestaciones en Londres y Nueva York tras las muertes del 11 de agosto.<\/p>\n<h2>La Perspectiva Israel\u00ed: Negaciones y Justificaciones<\/h2>\n<p>Israel ha respondido consistentemente a estas acusaciones negando cualquier intenci\u00f3n de targeting deliberado contra periodistas. En el caso de los reporteros de Al Jazeera asesinados el 11 de agosto, el ej\u00e9rcito israel\u00ed (IDF) afirm\u00f3 que el ataque apuntaba a un \u00abl\u00edder de Ham\u00e1s\u00bb entre ellos, y que los dem\u00e1s fueron da\u00f1o colateral. \u00abMuchos de los muertos eran miembros de grupos militantes islamistas\u00bb, ha declarado repetidamente el gobierno israel\u00ed, sin proporcionar evidencia p\u00fablica en la mayor\u00eda de casos.<\/p>\n<p>El primer ministro Benjamin Netanyahu ha acusado a Al Jazeera de \u00abpresentar una imagen exagerada y distorsionada\u00bb del conflicto, y ha amenazado con prohibir el canal en Israel. Sin embargo, organizaciones como CPJ y RSF critican estas justificaciones como infundadas, se\u00f1alando un \u00abpatr\u00f3n documentado\u00bb de acusaciones sin prueba que sirven para encubrir ataques. Gideon Levy, columnista israel\u00ed, ha argumentado que \u00abIsrael no puede silenciar Gaza a pesar de matar periodistas\u00bb, destacando que las im\u00e1genes y reportes siguen saliendo.<\/p>\n<p>Cr\u00edticos internacionales, incluyendo la ONU, han condenado estos incidentes como posibles cr\u00edmenes de guerra, exigiendo investigaciones independientes. The Guardian ha calificado la situaci\u00f3n como \u00abIsrael borrando a los periodistas de Gaza, y ya ni siquiera lo oculta\u00bb.<\/p>\n<h2>Implicaciones para el Periodismo Global<\/h2>\n<p>Este manifiesto catal\u00e1n no es solo una denuncia local; resalta las amenazas crecientes a la libertad de prensa en zonas de conflicto. En un mundo donde la informaci\u00f3n es poder, eliminar testigos equivale a reescribir la historia. El CPJ advierte que Israel se ha convertido en \u00abla mayor amenaza para periodistas en el mundo\u00bb, con m\u00e1s muertes atribuidas que en cualquier otro pa\u00eds en 2024-2025.<\/p>\n<p>Para el sector de la comunicaci\u00f3n en Catalu\u00f1a, este acto fortalece lazos y posiciona a la regi\u00f3n como l\u00edder en defensa de derechos humanos. Sin embargo, plantea desaf\u00edos: \u00bfc\u00f3mo cubrir conflictos asim\u00e9tricos sin acceso? \u00bfC\u00f3mo contrarrestar narrativas oficiales?<\/p>\n<p>En conclusi\u00f3n, la noche en Pla\u00e7a Sant Jaume fue un recordatorio de que el periodismo no es neutral, sino esencial para la verdad. Mientras Gaza sigue bajo asedio, con m\u00e1s de 34.000 muertes palestinas reportadas, la solidaridad catalana env\u00eda un mensaje claro: los testigos no ser\u00e1n silenciados. Este hito podr\u00eda inspirar acciones similares en Europa, presionando por accountability y paz.<\/p>","protected":false},"excerpt":{"rendered":"<p>Un Hito en la Solidaridad Period\u00edstica<\/p>","protected":false},"author":3,"featured_media":66107,"comment_status":"closed","ping_status":"closed","sticky":false,"template":"","format":"standard","meta":{"footnotes":""},"categories":[76],"tags":[],"class_list":["post-66106","post","type-post","status-publish","format-standard","has-post-thumbnail","hentry","category-barcelona"],"yoast_head":"<!-- This site is optimized with the Yoast SEO plugin v27.5 - https:\/\/yoast.com\/product\/yoast-seo-wordpress\/ -->\n<title>142 medios catalanes denuncian el asesinato sistem\u00e1tico de periodistas palestinos - Revista Rambla<\/title>\n<meta name=\"robots\" content=\"index, follow, max-snippet:-1, max-image-preview:large, max-video-preview:-1\" \/>\n<link rel=\"canonical\" href=\"https:\/\/www.revistarambla.com\/en\/142-medios-catalanes-denuncian-el-asesinato-sistematico-de-periodistas-palestinos\/\" \/>\n<meta property=\"og:locale\" content=\"en_GB\" \/>\n<meta property=\"og:type\" content=\"article\" \/>\n<meta property=\"og:title\" content=\"142 medios catalanes denuncian el asesinato sistem\u00e1tico de periodistas palestinos - Revista Rambla\" \/>\n<meta property=\"og:description\" content=\"Un Hito en la Solidaridad Period\u00edstica\" \/>\n<meta property=\"og:url\" content=\"https:\/\/www.revistarambla.com\/en\/142-medios-catalanes-denuncian-el-asesinato-sistematico-de-periodistas-palestinos\/\" \/>\n<meta property=\"og:site_name\" content=\"Revista Rambla\" \/>\n<meta property=\"article:publisher\" content=\"https:\/\/www.facebook.com\/revistarambla\/\" \/>\n<meta property=\"article:author\" content=\"https:\/\/www.facebook.com\/revistarambla\" \/>\n<meta property=\"article:published_time\" content=\"2025-08-14T11:04:15+00:00\" \/>\n<meta property=\"article:modified_time\" content=\"2025-08-14T11:52:33+00:00\" \/>\n<meta property=\"og:image\" content=\"https:\/\/www.revistarambla.com\/wp-content\/uploads\/2025\/08\/1.jpg\" \/>\n\t<meta property=\"og:image:width\" content=\"1280\" \/>\n\t<meta property=\"og:image:height\" content=\"720\" \/>\n\t<meta property=\"og:image:type\" content=\"image\/jpeg\" \/>\n<meta name=\"author\" content=\"R@mbla\" \/>\n<meta name=\"twitter:card\" content=\"summary_large_image\" \/>\n<meta name=\"twitter:creator\" content=\"@revistarambla\" \/>\n<meta name=\"twitter:site\" content=\"@revistarambla\" \/>\n<meta name=\"twitter:label1\" content=\"Written by\" \/>\n\t<meta name=\"twitter:data1\" content=\"R@mbla\" \/>\n\t<meta name=\"twitter:label2\" content=\"Estimated reading time\" \/>\n\t<meta name=\"twitter:data2\" content=\"6 minutes\" \/>\n<script type=\"application\/ld+json\" class=\"yoast-schema-graph\">{\"@context\":\"https:\\\/\\\/schema.org\",\"@graph\":[{\"@type\":\"Article\",\"@id\":\"https:\\\/\\\/www.revistarambla.com\\\/142-medios-catalanes-denuncian-el-asesinato-sistematico-de-periodistas-palestinos\\\/#article\",\"isPartOf\":{\"@id\":\"https:\\\/\\\/www.revistarambla.com\\\/142-medios-catalanes-denuncian-el-asesinato-sistematico-de-periodistas-palestinos\\\/\"},\"author\":{\"name\":\"R@mbla\",\"@id\":\"https:\\\/\\\/www.revistarambla.com\\\/#\\\/schema\\\/person\\\/a146a5a2550b94981a75131180e1bd9c\"},\"headline\":\"142 medios catalanes denuncian el asesinato sistem\u00e1tico de periodistas palestinos\",\"datePublished\":\"2025-08-14T11:04:15+00:00\",\"dateModified\":\"2025-08-14T11:52:33+00:00\",\"mainEntityOfPage\":{\"@id\":\"https:\\\/\\\/www.revistarambla.com\\\/142-medios-catalanes-denuncian-el-asesinato-sistematico-de-periodistas-palestinos\\\/\"},\"wordCount\":1354,\"publisher\":{\"@id\":\"https:\\\/\\\/www.revistarambla.com\\\/#organization\"},\"image\":{\"@id\":\"https:\\\/\\\/www.revistarambla.com\\\/142-medios-catalanes-denuncian-el-asesinato-sistematico-de-periodistas-palestinos\\\/#primaryimage\"},\"thumbnailUrl\":\"https:\\\/\\\/www.revistarambla.com\\\/wp-content\\\/uploads\\\/2025\\\/08\\\/1.jpg\",\"articleSection\":[\"Barcelona\"],\"inLanguage\":\"en-GB\"},{\"@type\":\"WebPage\",\"@id\":\"https:\\\/\\\/www.revistarambla.com\\\/142-medios-catalanes-denuncian-el-asesinato-sistematico-de-periodistas-palestinos\\\/\",\"url\":\"https:\\\/\\\/www.revistarambla.com\\\/142-medios-catalanes-denuncian-el-asesinato-sistematico-de-periodistas-palestinos\\\/\",\"name\":\"142 medios catalanes denuncian el asesinato sistem\u00e1tico de periodistas palestinos - Revista Rambla\",\"isPartOf\":{\"@id\":\"https:\\\/\\\/www.revistarambla.com\\\/#website\"},\"primaryImageOfPage\":{\"@id\":\"https:\\\/\\\/www.revistarambla.com\\\/142-medios-catalanes-denuncian-el-asesinato-sistematico-de-periodistas-palestinos\\\/#primaryimage\"},\"image\":{\"@id\":\"https:\\\/\\\/www.revistarambla.com\\\/142-medios-catalanes-denuncian-el-asesinato-sistematico-de-periodistas-palestinos\\\/#primaryimage\"},\"thumbnailUrl\":\"https:\\\/\\\/www.revistarambla.com\\\/wp-content\\\/uploads\\\/2025\\\/08\\\/1.jpg\",\"datePublished\":\"2025-08-14T11:04:15+00:00\",\"dateModified\":\"2025-08-14T11:52:33+00:00\",\"breadcrumb\":{\"@id\":\"https:\\\/\\\/www.revistarambla.com\\\/142-medios-catalanes-denuncian-el-asesinato-sistematico-de-periodistas-palestinos\\\/#breadcrumb\"},\"inLanguage\":\"en-GB\",\"potentialAction\":[{\"@type\":\"ReadAction\",\"target\":[\"https:\\\/\\\/www.revistarambla.com\\\/142-medios-catalanes-denuncian-el-asesinato-sistematico-de-periodistas-palestinos\\\/\"]}]},{\"@type\":\"ImageObject\",\"inLanguage\":\"en-GB\",\"@id\":\"https:\\\/\\\/www.revistarambla.com\\\/142-medios-catalanes-denuncian-el-asesinato-sistematico-de-periodistas-palestinos\\\/#primaryimage\",\"url\":\"https:\\\/\\\/www.revistarambla.com\\\/wp-content\\\/uploads\\\/2025\\\/08\\\/1.jpg\",\"contentUrl\":\"https:\\\/\\\/www.revistarambla.com\\\/wp-content\\\/uploads\\\/2025\\\/08\\\/1.jpg\",\"width\":1280,\"height\":720,\"caption\":\"periodistas palestinos barcelona\"},{\"@type\":\"BreadcrumbList\",\"@id\":\"https:\\\/\\\/www.revistarambla.com\\\/142-medios-catalanes-denuncian-el-asesinato-sistematico-de-periodistas-palestinos\\\/#breadcrumb\",\"itemListElement\":[{\"@type\":\"ListItem\",\"position\":1,\"name\":\"Portada\",\"item\":\"https:\\\/\\\/www.revistarambla.com\\\/\"},{\"@type\":\"ListItem\",\"position\":2,\"name\":\"142 medios catalanes denuncian el asesinato sistem\u00e1tico de periodistas palestinos\"}]},{\"@type\":\"WebSite\",\"@id\":\"https:\\\/\\\/www.revistarambla.com\\\/#website\",\"url\":\"https:\\\/\\\/www.revistarambla.com\\\/\",\"name\":\"Revista Rambla Barcelona\",\"description\":\"Periodismo independiente\",\"publisher\":{\"@id\":\"https:\\\/\\\/www.revistarambla.com\\\/#organization\"},\"potentialAction\":[{\"@type\":\"SearchAction\",\"target\":{\"@type\":\"EntryPoint\",\"urlTemplate\":\"https:\\\/\\\/www.revistarambla.com\\\/?s={search_term_string}\"},\"query-input\":{\"@type\":\"PropertyValueSpecification\",\"valueRequired\":true,\"valueName\":\"search_term_string\"}}],\"inLanguage\":\"en-GB\"},{\"@type\":\"Organization\",\"@id\":\"https:\\\/\\\/www.revistarambla.com\\\/#organization\",\"name\":\"Revista Rambla\",\"url\":\"https:\\\/\\\/www.revistarambla.com\\\/\",\"logo\":{\"@type\":\"ImageObject\",\"inLanguage\":\"en-GB\",\"@id\":\"https:\\\/\\\/www.revistarambla.com\\\/#\\\/schema\\\/logo\\\/image\\\/\",\"url\":\"https:\\\/\\\/www.revistarambla.com\\\/wp-content\\\/uploads\\\/2020\\\/09\\\/banner_rambla_1900x600_BB.png\",\"contentUrl\":\"https:\\\/\\\/www.revistarambla.com\\\/wp-content\\\/uploads\\\/2020\\\/09\\\/banner_rambla_1900x600_BB.png\",\"width\":1900,\"height\":600,\"caption\":\"Revista Rambla\"},\"image\":{\"@id\":\"https:\\\/\\\/www.revistarambla.com\\\/#\\\/schema\\\/logo\\\/image\\\/\"},\"sameAs\":[\"https:\\\/\\\/www.facebook.com\\\/revistarambla\\\/\",\"https:\\\/\\\/x.com\\\/revistarambla\",\"https:\\\/\\\/www.instagram.com\\\/revista_rambla\",\"https:\\\/\\\/es.linkedin.com\\\/company\\\/revista-rambla\"]},{\"@type\":\"Person\",\"@id\":\"https:\\\/\\\/www.revistarambla.com\\\/#\\\/schema\\\/person\\\/a146a5a2550b94981a75131180e1bd9c\",\"name\":\"R@mbla\",\"description\":\"Este art\u00edculo ha sido redactado y\\\/o validado por el equipo de redacci\u00f3n de Revista Rambla.\",\"sameAs\":[\"https:\\\/\\\/www.revistarambla.com\\\/\",\"https:\\\/\\\/www.facebook.com\\\/revistarambla\",\"https:\\\/\\\/x.com\\\/revistarambla\"]}]}<\/script>\n<!-- \/ Yoast SEO plugin. -->","yoast_head_json":{"title":"142 medios catalanes denuncian el asesinato sistem\u00e1tico de periodistas palestinos - Revista Rambla","robots":{"index":"index","follow":"follow","max-snippet":"max-snippet:-1","max-image-preview":"max-image-preview:large","max-video-preview":"max-video-preview:-1"},"canonical":"https:\/\/www.revistarambla.com\/en\/142-medios-catalanes-denuncian-el-asesinato-sistematico-de-periodistas-palestinos\/","og_locale":"en_GB","og_type":"article","og_title":"142 medios catalanes denuncian el asesinato sistem\u00e1tico de periodistas palestinos - Revista Rambla","og_description":"Un Hito en la Solidaridad Period\u00edstica","og_url":"https:\/\/www.revistarambla.com\/en\/142-medios-catalanes-denuncian-el-asesinato-sistematico-de-periodistas-palestinos\/","og_site_name":"Revista Rambla","article_publisher":"https:\/\/www.facebook.com\/revistarambla\/","article_author":"https:\/\/www.facebook.com\/revistarambla","article_published_time":"2025-08-14T11:04:15+00:00","article_modified_time":"2025-08-14T11:52:33+00:00","og_image":[{"width":1280,"height":720,"url":"https:\/\/www.revistarambla.com\/wp-content\/uploads\/2025\/08\/1.jpg","type":"image\/jpeg"}],"author":"R@mbla","twitter_card":"summary_large_image","twitter_creator":"@revistarambla","twitter_site":"@revistarambla","twitter_misc":{"Written by":"R@mbla","Estimated reading time":"6 minutes"},"schema":{"@context":"https:\/\/schema.org","@graph":[{"@type":"Article","@id":"https:\/\/www.revistarambla.com\/142-medios-catalanes-denuncian-el-asesinato-sistematico-de-periodistas-palestinos\/#article","isPartOf":{"@id":"https:\/\/www.revistarambla.com\/142-medios-catalanes-denuncian-el-asesinato-sistematico-de-periodistas-palestinos\/"},"author":{"name":"R@mbla","@id":"https:\/\/www.revistarambla.com\/#\/schema\/person\/a146a5a2550b94981a75131180e1bd9c"},"headline":"142 medios catalanes denuncian el asesinato sistem\u00e1tico de periodistas palestinos","datePublished":"2025-08-14T11:04:15+00:00","dateModified":"2025-08-14T11:52:33+00:00","mainEntityOfPage":{"@id":"https:\/\/www.revistarambla.com\/142-medios-catalanes-denuncian-el-asesinato-sistematico-de-periodistas-palestinos\/"},"wordCount":1354,"publisher":{"@id":"https:\/\/www.revistarambla.com\/#organization"},"image":{"@id":"https:\/\/www.revistarambla.com\/142-medios-catalanes-denuncian-el-asesinato-sistematico-de-periodistas-palestinos\/#primaryimage"},"thumbnailUrl":"https:\/\/www.revistarambla.com\/wp-content\/uploads\/2025\/08\/1.jpg","articleSection":["Barcelona"],"inLanguage":"en-GB"},{"@type":"WebPage","@id":"https:\/\/www.revistarambla.com\/142-medios-catalanes-denuncian-el-asesinato-sistematico-de-periodistas-palestinos\/","url":"https:\/\/www.revistarambla.com\/142-medios-catalanes-denuncian-el-asesinato-sistematico-de-periodistas-palestinos\/","name":"142 medios catalanes denuncian el asesinato sistem\u00e1tico de periodistas palestinos - Revista Rambla","isPartOf":{"@id":"https:\/\/www.revistarambla.com\/#website"},"primaryImageOfPage":{"@id":"https:\/\/www.revistarambla.com\/142-medios-catalanes-denuncian-el-asesinato-sistematico-de-periodistas-palestinos\/#primaryimage"},"image":{"@id":"https:\/\/www.revistarambla.com\/142-medios-catalanes-denuncian-el-asesinato-sistematico-de-periodistas-palestinos\/#primaryimage"},"thumbnailUrl":"https:\/\/www.revistarambla.com\/wp-content\/uploads\/2025\/08\/1.jpg","datePublished":"2025-08-14T11:04:15+00:00","dateModified":"2025-08-14T11:52:33+00:00","breadcrumb":{"@id":"https:\/\/www.revistarambla.com\/142-medios-catalanes-denuncian-el-asesinato-sistematico-de-periodistas-palestinos\/#breadcrumb"},"inLanguage":"en-GB","potentialAction":[{"@type":"ReadAction","target":["https:\/\/www.revistarambla.com\/142-medios-catalanes-denuncian-el-asesinato-sistematico-de-periodistas-palestinos\/"]}]},{"@type":"ImageObject","inLanguage":"en-GB","@id":"https:\/\/www.revistarambla.com\/142-medios-catalanes-denuncian-el-asesinato-sistematico-de-periodistas-palestinos\/#primaryimage","url":"https:\/\/www.revistarambla.com\/wp-content\/uploads\/2025\/08\/1.jpg","contentUrl":"https:\/\/www.revistarambla.com\/wp-content\/uploads\/2025\/08\/1.jpg","width":1280,"height":720,"caption":"periodistas palestinos barcelona"},{"@type":"BreadcrumbList","@id":"https:\/\/www.revistarambla.com\/142-medios-catalanes-denuncian-el-asesinato-sistematico-de-periodistas-palestinos\/#breadcrumb","itemListElement":[{"@type":"ListItem","position":1,"name":"Portada","item":"https:\/\/www.revistarambla.com\/"},{"@type":"ListItem","position":2,"name":"142 medios catalanes denuncian el asesinato sistem\u00e1tico de periodistas palestinos"}]},{"@type":"WebSite","@id":"https:\/\/www.revistarambla.com\/#website","url":"https:\/\/www.revistarambla.com\/","name":"Revista Rambla Barcelona","description":"Periodismo independiente","publisher":{"@id":"https:\/\/www.revistarambla.com\/#organization"},"potentialAction":[{"@type":"SearchAction","target":{"@type":"EntryPoint","urlTemplate":"https:\/\/www.revistarambla.com\/?s={search_term_string}"},"query-input":{"@type":"PropertyValueSpecification","valueRequired":true,"valueName":"search_term_string"}}],"inLanguage":"en-GB"},{"@type":"Organization","@id":"https:\/\/www.revistarambla.com\/#organization","name":"Revista Rambla","url":"https:\/\/www.revistarambla.com\/","logo":{"@type":"ImageObject","inLanguage":"en-GB","@id":"https:\/\/www.revistarambla.com\/#\/schema\/logo\/image\/","url":"https:\/\/www.revistarambla.com\/wp-content\/uploads\/2020\/09\/banner_rambla_1900x600_BB.png","contentUrl":"https:\/\/www.revistarambla.com\/wp-content\/uploads\/2020\/09\/banner_rambla_1900x600_BB.png","width":1900,"height":600,"caption":"Revista Rambla"},"image":{"@id":"https:\/\/www.revistarambla.com\/#\/schema\/logo\/image\/"},"sameAs":["https:\/\/www.facebook.com\/revistarambla\/","https:\/\/x.com\/revistarambla","https:\/\/www.instagram.com\/revista_rambla","https:\/\/es.linkedin.com\/company\/revista-rambla"]},{"@type":"Person","@id":"https:\/\/www.revistarambla.com\/#\/schema\/person\/a146a5a2550b94981a75131180e1bd9c","name":"R@mbla","description":"Este art\u00edculo ha sido redactado y\/o validado por el equipo de redacci\u00f3n de Revista Rambla.","sameAs":["https:\/\/www.revistarambla.com\/","https:\/\/www.facebook.com\/revistarambla","https:\/\/x.com\/revistarambla"]}]}},"_links":{"self":[{"href":"https:\/\/www.revistarambla.com\/en\/wp-json\/wp\/v2\/posts\/66106","targetHints":{"allow":["GET"]}}],"collection":[{"href":"https:\/\/www.revistarambla.com\/en\/wp-json\/wp\/v2\/posts"}],"about":[{"href":"https:\/\/www.revistarambla.com\/en\/wp-json\/wp\/v2\/types\/post"}],"author":[{"embeddable":true,"href":"https:\/\/www.revistarambla.com\/en\/wp-json\/wp\/v2\/users\/3"}],"replies":[{"embeddable":true,"href":"https:\/\/www.revistarambla.com\/en\/wp-json\/wp\/v2\/comments?post=66106"}],"version-history":[{"count":1,"href":"https:\/\/www.revistarambla.com\/en\/wp-json\/wp\/v2\/posts\/66106\/revisions"}],"predecessor-version":[{"id":66108,"href":"https:\/\/www.revistarambla.com\/en\/wp-json\/wp\/v2\/posts\/66106\/revisions\/66108"}],"wp:featuredmedia":[{"embeddable":true,"href":"https:\/\/www.revistarambla.com\/en\/wp-json\/wp\/v2\/media\/66107"}],"wp:attachment":[{"href":"https:\/\/www.revistarambla.com\/en\/wp-json\/wp\/v2\/media?parent=66106"}],"wp:term":[{"taxonomy":"category","embeddable":true,"href":"https:\/\/www.revistarambla.com\/en\/wp-json\/wp\/v2\/categories?post=66106"},{"taxonomy":"post_tag","embeddable":true,"href":"https:\/\/www.revistarambla.com\/en\/wp-json\/wp\/v2\/tags?post=66106"}],"curies":[{"name":"wp","href":"https:\/\/api.w.org\/{rel}","templated":true}]}}