{"id":66096,"date":"2025-08-12T13:39:51","date_gmt":"2025-08-12T11:39:51","guid":{"rendered":"https:\/\/www.revistarambla.com\/?p=66096"},"modified":"2025-08-12T13:39:51","modified_gmt":"2025-08-12T11:39:51","slug":"cataluna-triplica-en-numero-de-asesinatos-a-madrid","status":"publish","type":"post","link":"https:\/\/www.revistarambla.com\/en\/cataluna-triplica-en-numero-de-asesinatos-a-madrid\/","title":{"rendered":"Catalu\u00f1a triplica en n\u00famero de asesinatos a Madrid"},"content":{"rendered":"<p>En un contexto donde la seguridad p\u00fablica se ha convertido en uno de los temas m\u00e1s candentes del debate pol\u00edtico y social en Espa\u00f1a, los datos revelados por el Ministerio del Interior para el primer trimestre de 2025 arrojan una luz preocupante sobre las disparidades regionales en materia de homicidios. Catalu\u00f1a, con 15 asesinatos registrados entre enero y marzo, triplica los 5 casos reportados en la Comunidad de Madrid. Esta diferencia no solo es num\u00e9rica, sino que se agrava al considerar las tasas por habitante: 0,18 homicidios por cada 100.000 residentes en Catalu\u00f1a frente a apenas 0,07 en Madrid. Con una poblaci\u00f3n de aproximadamente 8,1 millones en Catalu\u00f1a y 7,1 millones en Madrid, la brecha evidencia un problema estructural que va m\u00e1s all\u00e1 de la demograf\u00eda y apunta a factores socioecon\u00f3micos, organizativos y posiblemente pol\u00edticos.<\/p>\n<p><em><a href=\"https:\/\/www.revistarambla.com\/en\/\">Revista Rambla<\/a><\/em> explora en profundidad estos datos, sus implicaciones y las posibles causas subyacentes. Bas\u00e1ndonos en informes oficiales, an\u00e1lisis estad\u00edsticos y opiniones de expertos, desglosaremos el fen\u00f3meno para entender por qu\u00e9 Catalu\u00f1a presenta una tasa de homicidios m\u00e1s de dos veces y media superior a la de Madrid, y qu\u00e9 medidas podr\u00edan mitigar esta tendencia alarmante.<\/p>\n<h2>Los Datos en Contexto: Una Comparaci\u00f3n Cuantitativa<\/h2>\n<p>El Balance de Criminalidad del Primer Trimestre de 2025, publicado por el Ministerio del Interior, confirma una disminuci\u00f3n general de la delincuencia en Espa\u00f1a del 2,8% respecto al mismo per\u00edodo de 2024. Sin embargo, esta bajada no es uniforme en todas las tipolog\u00edas delictivas ni en todas las regiones. En el \u00e1mbito de los homicidios dolosos y asesinatos consumados, el pa\u00eds registr\u00f3 84 casos a nivel nacional, lo que representa una ligera reducci\u00f3n. No obstante, la distribuci\u00f3n regional revela patrones inquietantes.<\/p>\n<p>En Catalu\u00f1a, los 15 asesinatos suponen un incremento significativo si se compara con trimestres anteriores. Seg\u00fan el visor de datos delincuenciales de los Mossos d&#8217;Esquadra, en 2024 se contabilizaron 63 homicidios en toda la comunidad, pero el arranque de 2025 ha sido particularmente violento, con oleadas como la de febrero, donde se registraron ocho cr\u00edmenes en apenas un mes. Esto incluye casos de alto perfil, como ajustes de cuentas en Barcelona y su \u00e1rea metropolitana, que concentran la mayor\u00eda de estos incidentes.<\/p>\n<p>Por contraste, Madrid reporta solo 5 asesinatos, manteniendo una tendencia de estabilidad relativa. La tasa de 0,07 por 100.000 habitantes posiciona a la capital como una de las regiones m\u00e1s seguras en este indicador, aline\u00e1ndose con su tasa general de criminalidad de alrededor del 57,0 en 2023, inferior a la media nacional. Catalu\u00f1a, en cambio, lidera hist\u00f3ricamente las tasas m\u00e1s altas, con 63,9 en 2023, y aunque ha liderado la reducci\u00f3n general de criminalidad en 2025 (con una ca\u00edda del 6%), los homicidios no siguen esta pauta positiva.<\/p>\n<p>Para ilustrar esta disparidad, consideremos una tabla comparativa basada en los datos oficiales:<\/p>\n<table>\n<thead>\n<tr>\n<th data-col-size=\"lg\">Indicador<\/th>\n<th data-col-size=\"md\">Catalu\u00f1a<\/th>\n<th data-col-size=\"md\">Comunidad de Madrid<\/th>\n<\/tr>\n<\/thead>\n<tbody>\n<tr>\n<td data-col-size=\"lg\">Poblaci\u00f3n (estimada 2025)<\/td>\n<td data-col-size=\"md\">8.119.550<\/td>\n<td data-col-size=\"md\">7.125.583<\/td>\n<\/tr>\n<tr>\n<td data-col-size=\"lg\">Asesinatos (Q1 2025)<\/td>\n<td data-col-size=\"md\">15<\/td>\n<td data-col-size=\"md\">5<\/td>\n<\/tr>\n<tr>\n<td data-col-size=\"lg\">Tasa por 100.000 hab.<\/td>\n<td data-col-size=\"md\">0,18<\/td>\n<td data-col-size=\"md\">0,07<\/td>\n<\/tr>\n<tr>\n<td data-col-size=\"lg\">Variaci\u00f3n vs. Q1 2024<\/td>\n<td data-col-size=\"md\">+25% (estimado)<\/td>\n<td data-col-size=\"md\">-10% (estimado)<\/td>\n<\/tr>\n<tr>\n<td data-col-size=\"lg\">Tasa general criminalidad (2023)<\/td>\n<td data-col-size=\"md\">63,9<\/td>\n<td data-col-size=\"md\">57,0<\/td>\n<\/tr>\n<\/tbody>\n<\/table>\n<p>Estos n\u00fameros no solo triplican el conteo absoluto, sino que, ajustados por poblaci\u00f3n, destacan una vulnerabilidad mayor en Catalu\u00f1a. Expertos como crimin\u00f3logos del Institut d&#8217;Estad\u00edstica de Catalunya (Idescat) atribuyen parte de esta diferencia a la densidad urbana: Barcelona, con su flujo tur\u00edstico y migratorio, act\u00faa como epicentro de conflictos que Madrid, pese a su tama\u00f1o similar, gestiona con mayor eficacia gracias a pol\u00edticas de integraci\u00f3n m\u00e1s consolidadas.<\/p>\n<h2>Causas Subyacentes: Del Narcotr\u00e1fico al Crimen Organizado<\/h2>\n<p>\u00bfPor qu\u00e9 Catalu\u00f1a experimenta esta escalada en homicidios? Las causas son multifactoriales, pero los informes apuntan al narcotr\u00e1fico como principal catalizador. En el primer trimestre de 2025, la mayor\u00eda de los asesinatos en la regi\u00f3n est\u00e1n relacionados con guerras entre grupos criminales dedicados al tr\u00e1fico de drogas. Barcelona y su puerto se han convertido en puertas de entrada para coca\u00edna y otras sustancias, atrayendo a organizaciones internacionales que resuelven disputas con violencia extrema. Un ejemplo es la oleada de febrero, donde cinco asesinatos en cinco d\u00edas se vincularon a ajustes de cuentas entre clanes marroqu\u00edes y sudamericanos.<\/p>\n<p>En comparaci\u00f3n, Madrid ha visto un menor impacto de estos grupos, gracias a operativos como el Plan Especial de Seguridad del Ministerio del Interior, que ha intensificado la vigilancia en aeropuertos y fronteras. Adem\u00e1s, la capital beneficia de una menor exposici\u00f3n al turismo masivo, que en Catalu\u00f1a amplifica problemas como el robo y la violencia asociada a la noche. Seg\u00fan un informe de El Mundo, el aumento del 18% en tentativas de homicidio en Catalu\u00f1a se asocia directamente a secuestros y extorsiones ligados al crimen organizado, un fen\u00f3meno menos pronunciado en Madrid.<\/p>\n<p>Otro factor clave es la inmigraci\u00f3n irregular. Catalu\u00f1a, con una poblaci\u00f3n extranjera que representa cerca del 20% del total, enfrenta desaf\u00edos de integraci\u00f3n que Madrid ha abordado con programas m\u00e1s robustos. El aumento de la poblaci\u00f3n en municipios peque\u00f1os, como se\u00f1ala la Comunidad de Madrid en sus informes, no ha correlacionado con picos de violencia, mientras que en Catalu\u00f1a, el envejecimiento demogr\u00e1fico y la desigualdad urbana exacerban tensiones.<\/p>\n<p>Expertos consultados, como el penalista murciano citado en Cadena SER, advierten que el crimen organizado est\u00e1 en auge en toda Espa\u00f1a, pero en Catalu\u00f1a se agrava por dilaciones judiciales que reducen penas y fomentan la impunidad. \u00abDelitos de gravedad se resuelven con conformidad, lo que incentiva la reincidencia\u00bb, explica.<\/p>\n<h2>Implicaciones Pol\u00edticas y Sociales<\/h2>\n<p>Esta disparidad no es ajena al contexto pol\u00edtico. Catalu\u00f1a, inmersa en debates independentistas, ha visto c\u00f3mo la inestabilidad institucional afecta la coordinaci\u00f3n entre Mossos d&#8217;Esquadra y fuerzas estatales. El PSC, al frente del Govern desde 2025, ha impulsado medidas como el aumento de patrullas en Barcelona, lo que explica la reducci\u00f3n general de criminalidad. Sin embargo, los homicidios persisten, sugiriendo que se necesita una estrategia nacional contra el narcotr\u00e1fico.<\/p>\n<p>En Madrid, bajo el gobierno del PP, la percepci\u00f3n de seguridad es mayor, con iniciativas como la expansi\u00f3n de c\u00e1maras de vigilancia y programas de prevenci\u00f3n en barrios vulnerables. Seg\u00fan El Pa\u00eds, aunque la criminalidad global se mantiene estable, los delitos violentos como violaciones han crecido un 7,6% nacionalmente, pero Madrid muestra contenci\u00f3n en homicidios gracias a una respuesta r\u00e1pida.<\/p>\n<p>Desde una perspectiva criminol\u00f3gica, esta brecha invita a reflexionar sobre modelos policiales. Catalu\u00f1a podr\u00eda beneficiarse de adoptar enfoques predictivos como los de Madrid, donde el an\u00e1lisis de datos ha reducido tentativas de homicidio en un 10%. Adem\u00e1s, la concienciaci\u00f3n sobre violencia sexual, que aumenta denuncias pero no necesariamente incidencias, debe extenderse a homicidios para desestigmatizar y prevenir.<\/p>\n<h2>Hacia Soluciones: Recomendaciones para el Futuro<\/h2>\n<p>Para revertir esta tendencia, expertos proponen un plan integral: reforzar la cooperaci\u00f3n entre regiones, invertir en inteligencia contra el crimen organizado y abordar ra\u00edces socioecon\u00f3micas como el desempleo juvenil en Catalu\u00f1a, que supera el 25% en algunas \u00e1reas. El Ministerio del Interior podr\u00eda liderar un observatorio nacional de homicidios, similar al de la UE, para monitorizar en tiempo real.<\/p>\n<p>En conclusi\u00f3n, que Catalu\u00f1a triplique los asesinatos de Madrid no es solo una estad\u00edstica alarmante, sino un s\u00edntoma de desigualdades profundas. Mientras Madrid mantiene la calma, Catalu\u00f1a enfrenta un desaf\u00edo que requiere acci\u00f3n inmediata. Solo con pol\u00edticas basadas en evidencia y colaboraci\u00f3n interinstitucional se podr\u00e1 equilibrar la balanza de la seguridad en Espa\u00f1a.<\/p>","protected":false},"excerpt":{"rendered":"<p>Un An\u00e1lisis de la Criminalidad en el Primer Trimestre de 2025<\/p>","protected":false},"author":3,"featured_media":66097,"comment_status":"closed","ping_status":"closed","sticky":false,"template":"","format":"standard","meta":{"footnotes":""},"categories":[59],"tags":[],"class_list":["post-66096","post","type-post","status-publish","format-standard","has-post-thumbnail","hentry","category-catalunya"],"yoast_head":"<!-- This site is optimized with the Yoast SEO plugin v27.5 - https:\/\/yoast.com\/product\/yoast-seo-wordpress\/ -->\n<title>Catalu\u00f1a triplica en n\u00famero de asesinatos a Madrid - Revista Rambla<\/title>\n<meta name=\"robots\" content=\"index, follow, max-snippet:-1, max-image-preview:large, max-video-preview:-1\" \/>\n<link rel=\"canonical\" href=\"https:\/\/www.revistarambla.com\/en\/cataluna-triplica-en-numero-de-asesinatos-a-madrid\/\" \/>\n<meta property=\"og:locale\" content=\"en_GB\" \/>\n<meta property=\"og:type\" content=\"article\" \/>\n<meta property=\"og:title\" content=\"Catalu\u00f1a triplica en n\u00famero de asesinatos a Madrid - Revista Rambla\" \/>\n<meta property=\"og:description\" content=\"Un An\u00e1lisis de la Criminalidad en el Primer Trimestre de 2025\" \/>\n<meta property=\"og:url\" content=\"https:\/\/www.revistarambla.com\/en\/cataluna-triplica-en-numero-de-asesinatos-a-madrid\/\" \/>\n<meta property=\"og:site_name\" content=\"Revista Rambla\" \/>\n<meta property=\"article:publisher\" content=\"https:\/\/www.facebook.com\/revistarambla\/\" \/>\n<meta property=\"article:author\" content=\"https:\/\/www.facebook.com\/revistarambla\" \/>\n<meta property=\"article:published_time\" content=\"2025-08-12T11:39:51+00:00\" \/>\n<meta property=\"og:image\" content=\"https:\/\/www.revistarambla.com\/wp-content\/uploads\/2025\/08\/asesinatos-cataluna-mossos.webp\" \/>\n\t<meta property=\"og:image:width\" content=\"1920\" \/>\n\t<meta property=\"og:image:height\" content=\"1080\" \/>\n\t<meta property=\"og:image:type\" content=\"image\/webp\" \/>\n<meta name=\"author\" content=\"R@mbla\" \/>\n<meta name=\"twitter:card\" content=\"summary_large_image\" \/>\n<meta name=\"twitter:creator\" content=\"@revistarambla\" \/>\n<meta name=\"twitter:site\" content=\"@revistarambla\" \/>\n<meta name=\"twitter:label1\" content=\"Written by\" \/>\n\t<meta name=\"twitter:data1\" content=\"R@mbla\" \/>\n\t<meta name=\"twitter:label2\" content=\"Estimated reading time\" \/>\n\t<meta name=\"twitter:data2\" content=\"6 minutes\" \/>\n<script type=\"application\/ld+json\" class=\"yoast-schema-graph\">{\"@context\":\"https:\\\/\\\/schema.org\",\"@graph\":[{\"@type\":\"Article\",\"@id\":\"https:\\\/\\\/www.revistarambla.com\\\/cataluna-triplica-en-numero-de-asesinatos-a-madrid\\\/#article\",\"isPartOf\":{\"@id\":\"https:\\\/\\\/www.revistarambla.com\\\/cataluna-triplica-en-numero-de-asesinatos-a-madrid\\\/\"},\"author\":{\"name\":\"R@mbla\",\"@id\":\"https:\\\/\\\/www.revistarambla.com\\\/#\\\/schema\\\/person\\\/a146a5a2550b94981a75131180e1bd9c\"},\"headline\":\"Catalu\u00f1a triplica en n\u00famero de asesinatos a Madrid\",\"datePublished\":\"2025-08-12T11:39:51+00:00\",\"mainEntityOfPage\":{\"@id\":\"https:\\\/\\\/www.revistarambla.com\\\/cataluna-triplica-en-numero-de-asesinatos-a-madrid\\\/\"},\"wordCount\":1271,\"publisher\":{\"@id\":\"https:\\\/\\\/www.revistarambla.com\\\/#organization\"},\"image\":{\"@id\":\"https:\\\/\\\/www.revistarambla.com\\\/cataluna-triplica-en-numero-de-asesinatos-a-madrid\\\/#primaryimage\"},\"thumbnailUrl\":\"https:\\\/\\\/www.revistarambla.com\\\/wp-content\\\/uploads\\\/2025\\\/08\\\/asesinatos-cataluna-mossos.webp\",\"articleSection\":[\"Catalunya\"],\"inLanguage\":\"en-GB\"},{\"@type\":\"WebPage\",\"@id\":\"https:\\\/\\\/www.revistarambla.com\\\/cataluna-triplica-en-numero-de-asesinatos-a-madrid\\\/\",\"url\":\"https:\\\/\\\/www.revistarambla.com\\\/cataluna-triplica-en-numero-de-asesinatos-a-madrid\\\/\",\"name\":\"Catalu\u00f1a triplica en n\u00famero de asesinatos a Madrid - Revista Rambla\",\"isPartOf\":{\"@id\":\"https:\\\/\\\/www.revistarambla.com\\\/#website\"},\"primaryImageOfPage\":{\"@id\":\"https:\\\/\\\/www.revistarambla.com\\\/cataluna-triplica-en-numero-de-asesinatos-a-madrid\\\/#primaryimage\"},\"image\":{\"@id\":\"https:\\\/\\\/www.revistarambla.com\\\/cataluna-triplica-en-numero-de-asesinatos-a-madrid\\\/#primaryimage\"},\"thumbnailUrl\":\"https:\\\/\\\/www.revistarambla.com\\\/wp-content\\\/uploads\\\/2025\\\/08\\\/asesinatos-cataluna-mossos.webp\",\"datePublished\":\"2025-08-12T11:39:51+00:00\",\"breadcrumb\":{\"@id\":\"https:\\\/\\\/www.revistarambla.com\\\/cataluna-triplica-en-numero-de-asesinatos-a-madrid\\\/#breadcrumb\"},\"inLanguage\":\"en-GB\",\"potentialAction\":[{\"@type\":\"ReadAction\",\"target\":[\"https:\\\/\\\/www.revistarambla.com\\\/cataluna-triplica-en-numero-de-asesinatos-a-madrid\\\/\"]}]},{\"@type\":\"ImageObject\",\"inLanguage\":\"en-GB\",\"@id\":\"https:\\\/\\\/www.revistarambla.com\\\/cataluna-triplica-en-numero-de-asesinatos-a-madrid\\\/#primaryimage\",\"url\":\"https:\\\/\\\/www.revistarambla.com\\\/wp-content\\\/uploads\\\/2025\\\/08\\\/asesinatos-cataluna-mossos.webp\",\"contentUrl\":\"https:\\\/\\\/www.revistarambla.com\\\/wp-content\\\/uploads\\\/2025\\\/08\\\/asesinatos-cataluna-mossos.webp\",\"width\":1920,\"height\":1080,\"caption\":\"asesinatos catalu\u00f1a mossos v\u00edctimas de violencia machista en Catalu\u00f1a\"},{\"@type\":\"BreadcrumbList\",\"@id\":\"https:\\\/\\\/www.revistarambla.com\\\/cataluna-triplica-en-numero-de-asesinatos-a-madrid\\\/#breadcrumb\",\"itemListElement\":[{\"@type\":\"ListItem\",\"position\":1,\"name\":\"Portada\",\"item\":\"https:\\\/\\\/www.revistarambla.com\\\/\"},{\"@type\":\"ListItem\",\"position\":2,\"name\":\"Catalu\u00f1a triplica en n\u00famero de asesinatos a Madrid\"}]},{\"@type\":\"WebSite\",\"@id\":\"https:\\\/\\\/www.revistarambla.com\\\/#website\",\"url\":\"https:\\\/\\\/www.revistarambla.com\\\/\",\"name\":\"Revista Rambla Barcelona\",\"description\":\"Periodismo independiente\",\"publisher\":{\"@id\":\"https:\\\/\\\/www.revistarambla.com\\\/#organization\"},\"potentialAction\":[{\"@type\":\"SearchAction\",\"target\":{\"@type\":\"EntryPoint\",\"urlTemplate\":\"https:\\\/\\\/www.revistarambla.com\\\/?s={search_term_string}\"},\"query-input\":{\"@type\":\"PropertyValueSpecification\",\"valueRequired\":true,\"valueName\":\"search_term_string\"}}],\"inLanguage\":\"en-GB\"},{\"@type\":\"Organization\",\"@id\":\"https:\\\/\\\/www.revistarambla.com\\\/#organization\",\"name\":\"Revista Rambla\",\"url\":\"https:\\\/\\\/www.revistarambla.com\\\/\",\"logo\":{\"@type\":\"ImageObject\",\"inLanguage\":\"en-GB\",\"@id\":\"https:\\\/\\\/www.revistarambla.com\\\/#\\\/schema\\\/logo\\\/image\\\/\",\"url\":\"https:\\\/\\\/www.revistarambla.com\\\/wp-content\\\/uploads\\\/2020\\\/09\\\/banner_rambla_1900x600_BB.png\",\"contentUrl\":\"https:\\\/\\\/www.revistarambla.com\\\/wp-content\\\/uploads\\\/2020\\\/09\\\/banner_rambla_1900x600_BB.png\",\"width\":1900,\"height\":600,\"caption\":\"Revista Rambla\"},\"image\":{\"@id\":\"https:\\\/\\\/www.revistarambla.com\\\/#\\\/schema\\\/logo\\\/image\\\/\"},\"sameAs\":[\"https:\\\/\\\/www.facebook.com\\\/revistarambla\\\/\",\"https:\\\/\\\/x.com\\\/revistarambla\",\"https:\\\/\\\/www.instagram.com\\\/revista_rambla\",\"https:\\\/\\\/es.linkedin.com\\\/company\\\/revista-rambla\"]},{\"@type\":\"Person\",\"@id\":\"https:\\\/\\\/www.revistarambla.com\\\/#\\\/schema\\\/person\\\/a146a5a2550b94981a75131180e1bd9c\",\"name\":\"R@mbla\",\"description\":\"Este art\u00edculo ha sido redactado y\\\/o validado por el equipo de redacci\u00f3n de Revista Rambla.\",\"sameAs\":[\"https:\\\/\\\/www.revistarambla.com\\\/\",\"https:\\\/\\\/www.facebook.com\\\/revistarambla\",\"https:\\\/\\\/x.com\\\/revistarambla\"]}]}<\/script>\n<!-- \/ Yoast SEO plugin. -->","yoast_head_json":{"title":"Catalu\u00f1a triplica en n\u00famero de asesinatos a Madrid - Revista Rambla","robots":{"index":"index","follow":"follow","max-snippet":"max-snippet:-1","max-image-preview":"max-image-preview:large","max-video-preview":"max-video-preview:-1"},"canonical":"https:\/\/www.revistarambla.com\/en\/cataluna-triplica-en-numero-de-asesinatos-a-madrid\/","og_locale":"en_GB","og_type":"article","og_title":"Catalu\u00f1a triplica en n\u00famero de asesinatos a Madrid - Revista Rambla","og_description":"Un An\u00e1lisis de la Criminalidad en el Primer Trimestre de 2025","og_url":"https:\/\/www.revistarambla.com\/en\/cataluna-triplica-en-numero-de-asesinatos-a-madrid\/","og_site_name":"Revista Rambla","article_publisher":"https:\/\/www.facebook.com\/revistarambla\/","article_author":"https:\/\/www.facebook.com\/revistarambla","article_published_time":"2025-08-12T11:39:51+00:00","og_image":[{"width":1920,"height":1080,"url":"https:\/\/www.revistarambla.com\/wp-content\/uploads\/2025\/08\/asesinatos-cataluna-mossos.webp","type":"image\/webp"}],"author":"R@mbla","twitter_card":"summary_large_image","twitter_creator":"@revistarambla","twitter_site":"@revistarambla","twitter_misc":{"Written by":"R@mbla","Estimated reading time":"6 minutes"},"schema":{"@context":"https:\/\/schema.org","@graph":[{"@type":"Article","@id":"https:\/\/www.revistarambla.com\/cataluna-triplica-en-numero-de-asesinatos-a-madrid\/#article","isPartOf":{"@id":"https:\/\/www.revistarambla.com\/cataluna-triplica-en-numero-de-asesinatos-a-madrid\/"},"author":{"name":"R@mbla","@id":"https:\/\/www.revistarambla.com\/#\/schema\/person\/a146a5a2550b94981a75131180e1bd9c"},"headline":"Catalu\u00f1a triplica en n\u00famero de asesinatos a Madrid","datePublished":"2025-08-12T11:39:51+00:00","mainEntityOfPage":{"@id":"https:\/\/www.revistarambla.com\/cataluna-triplica-en-numero-de-asesinatos-a-madrid\/"},"wordCount":1271,"publisher":{"@id":"https:\/\/www.revistarambla.com\/#organization"},"image":{"@id":"https:\/\/www.revistarambla.com\/cataluna-triplica-en-numero-de-asesinatos-a-madrid\/#primaryimage"},"thumbnailUrl":"https:\/\/www.revistarambla.com\/wp-content\/uploads\/2025\/08\/asesinatos-cataluna-mossos.webp","articleSection":["Catalunya"],"inLanguage":"en-GB"},{"@type":"WebPage","@id":"https:\/\/www.revistarambla.com\/cataluna-triplica-en-numero-de-asesinatos-a-madrid\/","url":"https:\/\/www.revistarambla.com\/cataluna-triplica-en-numero-de-asesinatos-a-madrid\/","name":"Catalu\u00f1a triplica en n\u00famero de asesinatos a Madrid - Revista Rambla","isPartOf":{"@id":"https:\/\/www.revistarambla.com\/#website"},"primaryImageOfPage":{"@id":"https:\/\/www.revistarambla.com\/cataluna-triplica-en-numero-de-asesinatos-a-madrid\/#primaryimage"},"image":{"@id":"https:\/\/www.revistarambla.com\/cataluna-triplica-en-numero-de-asesinatos-a-madrid\/#primaryimage"},"thumbnailUrl":"https:\/\/www.revistarambla.com\/wp-content\/uploads\/2025\/08\/asesinatos-cataluna-mossos.webp","datePublished":"2025-08-12T11:39:51+00:00","breadcrumb":{"@id":"https:\/\/www.revistarambla.com\/cataluna-triplica-en-numero-de-asesinatos-a-madrid\/#breadcrumb"},"inLanguage":"en-GB","potentialAction":[{"@type":"ReadAction","target":["https:\/\/www.revistarambla.com\/cataluna-triplica-en-numero-de-asesinatos-a-madrid\/"]}]},{"@type":"ImageObject","inLanguage":"en-GB","@id":"https:\/\/www.revistarambla.com\/cataluna-triplica-en-numero-de-asesinatos-a-madrid\/#primaryimage","url":"https:\/\/www.revistarambla.com\/wp-content\/uploads\/2025\/08\/asesinatos-cataluna-mossos.webp","contentUrl":"https:\/\/www.revistarambla.com\/wp-content\/uploads\/2025\/08\/asesinatos-cataluna-mossos.webp","width":1920,"height":1080,"caption":"asesinatos catalu\u00f1a mossos v\u00edctimas de violencia machista en Catalu\u00f1a"},{"@type":"BreadcrumbList","@id":"https:\/\/www.revistarambla.com\/cataluna-triplica-en-numero-de-asesinatos-a-madrid\/#breadcrumb","itemListElement":[{"@type":"ListItem","position":1,"name":"Portada","item":"https:\/\/www.revistarambla.com\/"},{"@type":"ListItem","position":2,"name":"Catalu\u00f1a triplica en n\u00famero de asesinatos a Madrid"}]},{"@type":"WebSite","@id":"https:\/\/www.revistarambla.com\/#website","url":"https:\/\/www.revistarambla.com\/","name":"Revista Rambla Barcelona","description":"Periodismo independiente","publisher":{"@id":"https:\/\/www.revistarambla.com\/#organization"},"potentialAction":[{"@type":"SearchAction","target":{"@type":"EntryPoint","urlTemplate":"https:\/\/www.revistarambla.com\/?s={search_term_string}"},"query-input":{"@type":"PropertyValueSpecification","valueRequired":true,"valueName":"search_term_string"}}],"inLanguage":"en-GB"},{"@type":"Organization","@id":"https:\/\/www.revistarambla.com\/#organization","name":"Revista Rambla","url":"https:\/\/www.revistarambla.com\/","logo":{"@type":"ImageObject","inLanguage":"en-GB","@id":"https:\/\/www.revistarambla.com\/#\/schema\/logo\/image\/","url":"https:\/\/www.revistarambla.com\/wp-content\/uploads\/2020\/09\/banner_rambla_1900x600_BB.png","contentUrl":"https:\/\/www.revistarambla.com\/wp-content\/uploads\/2020\/09\/banner_rambla_1900x600_BB.png","width":1900,"height":600,"caption":"Revista Rambla"},"image":{"@id":"https:\/\/www.revistarambla.com\/#\/schema\/logo\/image\/"},"sameAs":["https:\/\/www.facebook.com\/revistarambla\/","https:\/\/x.com\/revistarambla","https:\/\/www.instagram.com\/revista_rambla","https:\/\/es.linkedin.com\/company\/revista-rambla"]},{"@type":"Person","@id":"https:\/\/www.revistarambla.com\/#\/schema\/person\/a146a5a2550b94981a75131180e1bd9c","name":"R@mbla","description":"Este art\u00edculo ha sido redactado y\/o validado por el equipo de redacci\u00f3n de Revista Rambla.","sameAs":["https:\/\/www.revistarambla.com\/","https:\/\/www.facebook.com\/revistarambla","https:\/\/x.com\/revistarambla"]}]}},"_links":{"self":[{"href":"https:\/\/www.revistarambla.com\/en\/wp-json\/wp\/v2\/posts\/66096","targetHints":{"allow":["GET"]}}],"collection":[{"href":"https:\/\/www.revistarambla.com\/en\/wp-json\/wp\/v2\/posts"}],"about":[{"href":"https:\/\/www.revistarambla.com\/en\/wp-json\/wp\/v2\/types\/post"}],"author":[{"embeddable":true,"href":"https:\/\/www.revistarambla.com\/en\/wp-json\/wp\/v2\/users\/3"}],"replies":[{"embeddable":true,"href":"https:\/\/www.revistarambla.com\/en\/wp-json\/wp\/v2\/comments?post=66096"}],"version-history":[{"count":1,"href":"https:\/\/www.revistarambla.com\/en\/wp-json\/wp\/v2\/posts\/66096\/revisions"}],"predecessor-version":[{"id":66098,"href":"https:\/\/www.revistarambla.com\/en\/wp-json\/wp\/v2\/posts\/66096\/revisions\/66098"}],"wp:featuredmedia":[{"embeddable":true,"href":"https:\/\/www.revistarambla.com\/en\/wp-json\/wp\/v2\/media\/66097"}],"wp:attachment":[{"href":"https:\/\/www.revistarambla.com\/en\/wp-json\/wp\/v2\/media?parent=66096"}],"wp:term":[{"taxonomy":"category","embeddable":true,"href":"https:\/\/www.revistarambla.com\/en\/wp-json\/wp\/v2\/categories?post=66096"},{"taxonomy":"post_tag","embeddable":true,"href":"https:\/\/www.revistarambla.com\/en\/wp-json\/wp\/v2\/tags?post=66096"}],"curies":[{"name":"wp","href":"https:\/\/api.w.org\/{rel}","templated":true}]}}