{"id":66087,"date":"2025-08-12T11:39:00","date_gmt":"2025-08-12T09:39:00","guid":{"rendered":"https:\/\/www.revistarambla.com\/?p=66087"},"modified":"2025-08-14T13:05:02","modified_gmt":"2025-08-14T11:05:02","slug":"greenhuse-viviendas-sociales-sostenibles-en-barcelona-para-envejecer-con-dignidad","status":"publish","type":"post","link":"https:\/\/www.revistarambla.com\/en\/greenhuse-viviendas-sociales-sostenibles-en-barcelona-para-envejecer-con-dignidad\/","title":{"rendered":"Greenh@use: viviendas sociales sostenibles en Barcelona para envejecer con dignidad"},"content":{"rendered":"<p>En el coraz\u00f3n del distrito 22@ de Barcelona, un \u00e1rea en constante transformaci\u00f3n que fusiona innovaci\u00f3n tecnol\u00f3gica con tejido urbano hist\u00f3rico, surge Greenh@use, un proyecto de viviendas sociales que redefine el concepto de habitabilidad sostenible y digna. Dise\u00f1ado por el estudio Peris+Toral Arquitectes, este edificio de 140 unidades ha sido seleccionado como finalista en la categor\u00eda de Arquitectura de los Premios FAD 2025, destacando su integraci\u00f3n tipol\u00f3gica, pasarelas y atrio bioclim\u00e1tico, as\u00ed como el uso innovador de madera y hormig\u00f3n. Con un enfoque en la estratificaci\u00f3n de usos para diferentes colectivos vulnerables, Greenh@use no solo aborda la crisis habitacional de la ciudad, sino que prioriza el envejecimiento activo y comunitario, ofreciendo un modelo replicable para ciudades europeas enfrentadas al envejecimiento demogr\u00e1fico.<\/p>\n<p>Fundado en 2005 por Marta Peris y Jos\u00e9 Manuel Toral, ambos egresados de la Escuela T\u00e9cnica Superior de Arquitectura de Barcelona (ETSAB), el estudio Peris+Toral Arquitectes se ha consolidado como referente en vivienda colectiva y social. Su trayectoria incluye premios internacionales como el RIBA International Prize 2024 por su proyecto de 85 viviendas sociales en Cornell\u00e0 de Llobregat, un edificio de madera que enfatiza la sostenibilidad y la flexibilidad espacial. \u00abNuestro trabajo se centra en la arquitectura como herramienta social, integrando la sostenibilidad ambiental con la inclusi\u00f3n\u00bb, explica Marta Peris en diversas entrevistas. Esta filosof\u00eda se materializa en Greenh@use, resultado de un concurso convocado en 2018 por el Institut Municipal de l\u2019Habitatge i Rehabilitaci\u00f3 de Barcelona (IMHAB), con un presupuesto de 20,49 millones de d\u00f3lares y una superficie construida de 165.520 pies cuadrados. El proyecto, completado en febrero de 2024, responde a la necesidad urgente de vivienda asequible en una ciudad donde el 20% de la poblaci\u00f3n supera los 65 a\u00f1os, y la soledad se ha convertido en un problema de salud p\u00fablica.<\/p>\n<p><img decoding=\"async\" class=\"aligncenter wp-image-66089 size-large\" src=\"https:\/\/www.revistarambla.com\/wp-content\/uploads\/2025\/08\/Greenh@use2-704x840.jpeg\" alt=\"Greenh@use\" width=\"640\" height=\"764\" srcset=\"https:\/\/www.revistarambla.com\/wp-content\/uploads\/2025\/08\/Greenh@use2-704x840.jpeg 704w, https:\/\/www.revistarambla.com\/wp-content\/uploads\/2025\/08\/Greenh@use2-306x365.jpeg 306w, https:\/\/www.revistarambla.com\/wp-content\/uploads\/2025\/08\/Greenh@use2-768x917.jpeg 768w, https:\/\/www.revistarambla.com\/wp-content\/uploads\/2025\/08\/Greenh@use2-10x12.jpeg 10w, https:\/\/www.revistarambla.com\/wp-content\/uploads\/2025\/08\/Greenh@use2.jpeg 1072w\" sizes=\"(max-width: 640px) 100vw, 640px\" \/><\/p>\n<p>Ubicado en la intersecci\u00f3n entre el barrio hist\u00f3rico de Sant Mart\u00ed y el distrito innovador 22@, Greenh@use se alinea con la calle Venezuela y un pasaje peatonal, respetando el plan urban\u00edstico de Ildefons Cerd\u00e0. El edificio, de ocho plantas, recupera el chafl\u00e1n caracter\u00edstico del Eixample barcelon\u00e9s, completando los cuatro chaflanes del bloque y asegurando continuidad urbana. Su volumetr\u00eda se adapta incorporando patios ampliados que permiten mayor entrada de luz y aire, mejorando la calidad de los espacios interiores y exteriores. La fachada, con una rejilla chaflanada, act\u00faa como exoesqueleto estructural que gira para formar un brise-soleil, protegiendo del sol mediterr\u00e1neo mientras a\u00f1ade profundidad y sombra, mitigando la repetitividad de la malla prefabricada.<\/p>\n<p>El dise\u00f1o estratifica los usos para optimizar la densidad y la convivencia: la planta baja alberga alojamientos temporales para refugiados y personas sin hogar (All.C.), las plantas primera a cuarta se destinan a viviendas de alquiler social (Ll.S.), y las tres superiores a viviendas para mayores (V.M. o G.G.), quienes pasan m\u00e1s tiempo en casa y se benefician de mayor exposici\u00f3n solar. Cada programa cuenta con n\u00facleos y vest\u00edbulos independientes, evitando solapamientos y facilitando la gesti\u00f3n. En las plantas superiores, el n\u00facleo de escaleras de las viviendas sociales no asciende, liberando espacio para tres salas multiprop\u00f3sito \u2014una por planta\u2014 ubicadas en el chafl\u00e1n, enfatizando lo colectivo sobre lo privado. Un gran vac\u00edo en esta esquina ilumina el pasillo tanto zenital como horizontalmente, ofreciendo vistas al paisaje urbano y integrando programas dom\u00e9sticos en un entorno predominantemente terciario.<\/p>\n<p>La tipolog\u00eda \u00abgrecada\u00bb organiza el espacio interior en diagonal, absorbiendo n\u00facleos verticales en los extremos del sistema de agregaci\u00f3n. Las viviendas tienen doble orientaci\u00f3n, con habitaciones de uso indiferente de 10 m\u00b2 cada una. Dos espacios intermedios en los extremos de cada unidad \u2014una terraza privada conectada a la fachada y un porche de entrada\u2014 facilitan la apropiaci\u00f3n del espacio com\u00fan mientras mantienen la privacidad mediante celos\u00edas de madera. En las plantas para mayores, las unidades son m\u00e1s superficiales, con menos dormitorios, ampliando el atrio para mayor luz diurna. Cada apartamento incluye un \u00abcubo de madera permeable\u00bb que funciona como porche semiprivado, permitiendo interacciones vecinales, secado de ropa y conexi\u00f3n con el exterior sin comprometer la intimidad. Estos porches bordean \u00abcalles peatonales elevadas\u00bb en cada planta, fomentando un sentido de comunidad vertical similar a un suburbio denso.<\/p>\n<p>La sostenibilidad es el eje vertebral de Greenh@use, respondiendo al cambio clim\u00e1tico y la escasez de recursos. El atrio central, no climatizado, act\u00faa como chimenea solar: rejillas automatizadas en los tragaluces \u2014soportados por vigas de madera\u2014 se abren en verano para ventilar aire caliente (generando un flujo de 1,5 metros por segundo) y retienen calor en invierno. Las viviendas permiten ventilaci\u00f3n cruzada abriendo ventanas al atrio y a la fachada. El uso de hormig\u00f3n prefabricado optimiza la estructura: losas nervadas reducen el consumo de hormig\u00f3n en un 50%, completadas con un vertido in situ de solo 5 cm. Materiales como el hormig\u00f3n prefabricado de Prefabricats Arumi, el aislamiento EIFS de Sto, ventanas de Cortizo y celos\u00edas de madera minimizan la huella de carbono. Adem\u00e1s, en la azotea, \u00e1reas colectivas incluyen lavander\u00edas, tendederos y huertos urbanos, activando espacios exteriores que expanden la experiencia vital m\u00e1s all\u00e1 del hogar, promoviendo la autosuficiencia y la conexi\u00f3n con la naturaleza.<\/p>\n<p><img decoding=\"async\" class=\"aligncenter wp-image-66090 size-large\" src=\"https:\/\/www.revistarambla.com\/wp-content\/uploads\/2025\/08\/Greenh@use3-793x840.jpeg\" alt=\"Greenh@use\" width=\"640\" height=\"678\" srcset=\"https:\/\/www.revistarambla.com\/wp-content\/uploads\/2025\/08\/Greenh@use3-793x840.jpeg 793w, https:\/\/www.revistarambla.com\/wp-content\/uploads\/2025\/08\/Greenh@use3-344x365.jpeg 344w, https:\/\/www.revistarambla.com\/wp-content\/uploads\/2025\/08\/Greenh@use3-768x814.jpeg 768w, https:\/\/www.revistarambla.com\/wp-content\/uploads\/2025\/08\/Greenh@use3-11x12.jpeg 11w, https:\/\/www.revistarambla.com\/wp-content\/uploads\/2025\/08\/Greenh@use3.jpeg 1208w\" sizes=\"(max-width: 640px) 100vw, 640px\" \/><\/p>\n<p>Pero lo que distingue a Greenh@use es su compromiso con el envejecimiento digno. En Espa\u00f1a, donde uno de cada cinco habitantes es mayor de 65 a\u00f1os, proyectos como este abordan no solo la accesibilidad f\u00edsica \u2014con ascensores, pasillos anchos y dise\u00f1os sin barreras\u2014, sino tambi\u00e9n la salud emocional. Las plantas superiores, con mejor insolaci\u00f3n, aseguran que todas las viviendas para mayores tengan salones con ventanas al atrio soleado. Las salas multiprop\u00f3sito sirven para actividades comunitarias, como talleres o reuniones, combatiendo el aislamiento. \u00abEl dise\u00f1o fomenta interacciones espont\u00e1neas, como charlar desde el porche, lo que reduce la soledad\u00bb, se\u00f1ala Jos\u00e9 Manuel Toral. La planta quinta, configurada para convivencia intergeneracional, mezcla residentes j\u00f3venes y mayores, enriqueciendo el tejido social. Este enfoque se inspira en modelos escandinavos de cohousing senior, adaptados al clima mediterr\u00e1neo y la densidad urbana de Barcelona.<\/p>\n<p>El proyecto no estuvo exento de desaf\u00edos. El chafl\u00e1n ic\u00f3nico complic\u00f3 la planificaci\u00f3n, y el presupuesto ajustado limit\u00f3 opciones materiales, pero Peris+Toral innov\u00f3 con el hormig\u00f3n prefabricado para eficiencia estructural. La divisi\u00f3n de vest\u00edbulos por grupos residentes requiere personal dedicado, lo que podr\u00eda suponer retos operativos, pero asegura privacidad y soporte personalizado. Expertos como el jurado de los FAD destacan la \u00abintegraci\u00f3n tipol\u00f3gica y el atrio bioclim\u00e1tico\u00bb como elementos clave para su nominaci\u00f3n. Adem\u00e1s, Greenh@use ha sido finalista en los Premios AVS a las Mejores Viviendas de Obra Nueva 2025 y representar\u00e1 a Espa\u00f1a en la Bienal de Venecia 2025.<\/p>\n<p><img decoding=\"async\" class=\"aligncenter wp-image-66091 size-large\" src=\"https:\/\/www.revistarambla.com\/wp-content\/uploads\/2025\/08\/Peris-Toral-.-Greenh@use-140-Social-housing-units-in-22@-.-Barcelona-Jose-Hevia-afasia-1-840x732.jpg\" alt=\"Greenh@use\" width=\"640\" height=\"558\" srcset=\"https:\/\/www.revistarambla.com\/wp-content\/uploads\/2025\/08\/Peris-Toral-.-Greenh@use-140-Social-housing-units-in-22@-.-Barcelona-Jose-Hevia-afasia-1-840x732.jpg 840w, https:\/\/www.revistarambla.com\/wp-content\/uploads\/2025\/08\/Peris-Toral-.-Greenh@use-140-Social-housing-units-in-22@-.-Barcelona-Jose-Hevia-afasia-1-419x365.jpg 419w, https:\/\/www.revistarambla.com\/wp-content\/uploads\/2025\/08\/Peris-Toral-.-Greenh@use-140-Social-housing-units-in-22@-.-Barcelona-Jose-Hevia-afasia-1-768x670.jpg 768w, https:\/\/www.revistarambla.com\/wp-content\/uploads\/2025\/08\/Peris-Toral-.-Greenh@use-140-Social-housing-units-in-22@-.-Barcelona-Jose-Hevia-afasia-1-1536x1339.jpg 1536w, https:\/\/www.revistarambla.com\/wp-content\/uploads\/2025\/08\/Peris-Toral-.-Greenh@use-140-Social-housing-units-in-22@-.-Barcelona-Jose-Hevia-afasia-1-14x12.jpg 14w, https:\/\/www.revistarambla.com\/wp-content\/uploads\/2025\/08\/Peris-Toral-.-Greenh@use-140-Social-housing-units-in-22@-.-Barcelona-Jose-Hevia-afasia-1.jpg 1920w\" sizes=\"(max-width: 640px) 100vw, 640px\" \/><\/p>\n<p>En un contexto donde Barcelona enfrenta una crisis habitacional agravada por el turismo y el envejecimiento, Greenh@use emerge como faro de innovaci\u00f3n. No es solo un edificio; es un ecosistema que prioriza la dignidad humana, integrando sostenibilidad ambiental con inclusi\u00f3n social. Como finalista de los FAD 2025, este proyecto de Peris+Toral Arquitectes invita a reflexionar sobre el futuro de la arquitectura: \u00bfpueden las ciudades densas ser tambi\u00e9n compasivas? Greenh@use responde con un rotundo s\u00ed, ofreciendo un modelo para que envejecer en la urbe sea sin\u00f3nimo de vitalidad y comunidad. Con 140 hogares que trascienden lo f\u00edsico, este edificio no solo construye muros, sino puentes entre generaciones y con el planeta.<\/p>","protected":false},"excerpt":{"rendered":"<p>En el coraz\u00f3n del distrito 22@ de Barcelona, un \u00e1rea en constante transformaci\u00f3n que fusiona innovaci\u00f3n tecnol\u00f3gica con tejido urbano hist\u00f3rico, surge Greenh@use, un proyecto de viviendas sociales que redefine el concepto de habitabilidad sostenible y digna. Dise\u00f1ado por el estudio Peris+Toral Arquitectes, este edificio de 140 unidades ha sido [&hellip;]<\/p>\n","protected":false},"author":3,"featured_media":66088,"comment_status":"closed","ping_status":"closed","sticky":false,"template":"","format":"standard","meta":{"footnotes":""},"categories":[76],"tags":[],"class_list":["post-66087","post","type-post","status-publish","format-standard","has-post-thumbnail","hentry","category-barcelona"],"yoast_head":"<!-- This site is optimized with the Yoast SEO plugin v27.5 - https:\/\/yoast.com\/product\/yoast-seo-wordpress\/ -->\n<title>Greenh@use: viviendas sociales sostenibles en Barcelona para envejecer con dignidad - Revista Rambla<\/title>\n<meta name=\"robots\" content=\"index, follow, max-snippet:-1, max-image-preview:large, max-video-preview:-1\" \/>\n<link rel=\"canonical\" href=\"https:\/\/www.revistarambla.com\/en\/greenhuse-viviendas-sociales-sostenibles-en-barcelona-para-envejecer-con-dignidad\/\" \/>\n<meta property=\"og:locale\" content=\"en_GB\" \/>\n<meta property=\"og:type\" content=\"article\" \/>\n<meta property=\"og:title\" content=\"Greenh@use: viviendas sociales sostenibles en Barcelona para envejecer con dignidad - Revista Rambla\" \/>\n<meta property=\"og:description\" content=\"En el coraz\u00f3n del distrito 22@ de Barcelona, un \u00e1rea en constante transformaci\u00f3n que fusiona innovaci\u00f3n tecnol\u00f3gica con tejido urbano hist\u00f3rico, surge Greenh@use, un proyecto de viviendas sociales que redefine el concepto de habitabilidad sostenible y digna. Dise\u00f1ado por el estudio Peris+Toral Arquitectes, este edificio de 140 unidades ha sido [&hellip;]\" \/>\n<meta property=\"og:url\" content=\"https:\/\/www.revistarambla.com\/en\/greenhuse-viviendas-sociales-sostenibles-en-barcelona-para-envejecer-con-dignidad\/\" \/>\n<meta property=\"og:site_name\" content=\"Revista Rambla\" \/>\n<meta property=\"article:publisher\" content=\"https:\/\/www.facebook.com\/revistarambla\/\" \/>\n<meta property=\"article:author\" content=\"https:\/\/www.facebook.com\/revistarambla\" \/>\n<meta property=\"article:published_time\" content=\"2025-08-12T09:39:00+00:00\" \/>\n<meta property=\"article:modified_time\" content=\"2025-08-14T11:05:02+00:00\" \/>\n<meta property=\"og:image\" content=\"https:\/\/www.revistarambla.com\/wp-content\/uploads\/2025\/08\/Greenh@use1.jpeg\" \/>\n\t<meta property=\"og:image:width\" content=\"1038\" \/>\n\t<meta property=\"og:image:height\" content=\"1280\" \/>\n\t<meta property=\"og:image:type\" content=\"image\/jpeg\" \/>\n<meta name=\"author\" content=\"R@mbla\" \/>\n<meta name=\"twitter:card\" content=\"summary_large_image\" \/>\n<meta name=\"twitter:creator\" content=\"@revistarambla\" \/>\n<meta name=\"twitter:site\" content=\"@revistarambla\" \/>\n<meta name=\"twitter:label1\" content=\"Written by\" \/>\n\t<meta name=\"twitter:data1\" content=\"R@mbla\" \/>\n\t<meta name=\"twitter:label2\" content=\"Estimated reading time\" \/>\n\t<meta name=\"twitter:data2\" content=\"7 minutes\" \/>\n<script type=\"application\/ld+json\" class=\"yoast-schema-graph\">{\"@context\":\"https:\\\/\\\/schema.org\",\"@graph\":[{\"@type\":\"Article\",\"@id\":\"https:\\\/\\\/www.revistarambla.com\\\/greenhuse-viviendas-sociales-sostenibles-en-barcelona-para-envejecer-con-dignidad\\\/#article\",\"isPartOf\":{\"@id\":\"https:\\\/\\\/www.revistarambla.com\\\/greenhuse-viviendas-sociales-sostenibles-en-barcelona-para-envejecer-con-dignidad\\\/\"},\"author\":{\"name\":\"R@mbla\",\"@id\":\"https:\\\/\\\/www.revistarambla.com\\\/#\\\/schema\\\/person\\\/a146a5a2550b94981a75131180e1bd9c\"},\"headline\":\"Greenh@use: viviendas sociales sostenibles en Barcelona para envejecer con dignidad\",\"datePublished\":\"2025-08-12T09:39:00+00:00\",\"dateModified\":\"2025-08-14T11:05:02+00:00\",\"mainEntityOfPage\":{\"@id\":\"https:\\\/\\\/www.revistarambla.com\\\/greenhuse-viviendas-sociales-sostenibles-en-barcelona-para-envejecer-con-dignidad\\\/\"},\"wordCount\":1281,\"publisher\":{\"@id\":\"https:\\\/\\\/www.revistarambla.com\\\/#organization\"},\"image\":{\"@id\":\"https:\\\/\\\/www.revistarambla.com\\\/greenhuse-viviendas-sociales-sostenibles-en-barcelona-para-envejecer-con-dignidad\\\/#primaryimage\"},\"thumbnailUrl\":\"https:\\\/\\\/www.revistarambla.com\\\/wp-content\\\/uploads\\\/2025\\\/08\\\/Greenh@use1.jpeg\",\"articleSection\":[\"Barcelona\"],\"inLanguage\":\"en-GB\"},{\"@type\":\"WebPage\",\"@id\":\"https:\\\/\\\/www.revistarambla.com\\\/greenhuse-viviendas-sociales-sostenibles-en-barcelona-para-envejecer-con-dignidad\\\/\",\"url\":\"https:\\\/\\\/www.revistarambla.com\\\/greenhuse-viviendas-sociales-sostenibles-en-barcelona-para-envejecer-con-dignidad\\\/\",\"name\":\"Greenh@use: viviendas sociales sostenibles en Barcelona para envejecer con dignidad - Revista Rambla\",\"isPartOf\":{\"@id\":\"https:\\\/\\\/www.revistarambla.com\\\/#website\"},\"primaryImageOfPage\":{\"@id\":\"https:\\\/\\\/www.revistarambla.com\\\/greenhuse-viviendas-sociales-sostenibles-en-barcelona-para-envejecer-con-dignidad\\\/#primaryimage\"},\"image\":{\"@id\":\"https:\\\/\\\/www.revistarambla.com\\\/greenhuse-viviendas-sociales-sostenibles-en-barcelona-para-envejecer-con-dignidad\\\/#primaryimage\"},\"thumbnailUrl\":\"https:\\\/\\\/www.revistarambla.com\\\/wp-content\\\/uploads\\\/2025\\\/08\\\/Greenh@use1.jpeg\",\"datePublished\":\"2025-08-12T09:39:00+00:00\",\"dateModified\":\"2025-08-14T11:05:02+00:00\",\"breadcrumb\":{\"@id\":\"https:\\\/\\\/www.revistarambla.com\\\/greenhuse-viviendas-sociales-sostenibles-en-barcelona-para-envejecer-con-dignidad\\\/#breadcrumb\"},\"inLanguage\":\"en-GB\",\"potentialAction\":[{\"@type\":\"ReadAction\",\"target\":[\"https:\\\/\\\/www.revistarambla.com\\\/greenhuse-viviendas-sociales-sostenibles-en-barcelona-para-envejecer-con-dignidad\\\/\"]}]},{\"@type\":\"ImageObject\",\"inLanguage\":\"en-GB\",\"@id\":\"https:\\\/\\\/www.revistarambla.com\\\/greenhuse-viviendas-sociales-sostenibles-en-barcelona-para-envejecer-con-dignidad\\\/#primaryimage\",\"url\":\"https:\\\/\\\/www.revistarambla.com\\\/wp-content\\\/uploads\\\/2025\\\/08\\\/Greenh@use1.jpeg\",\"contentUrl\":\"https:\\\/\\\/www.revistarambla.com\\\/wp-content\\\/uploads\\\/2025\\\/08\\\/Greenh@use1.jpeg\",\"width\":1038,\"height\":1280,\"caption\":\"Greenh@use\"},{\"@type\":\"BreadcrumbList\",\"@id\":\"https:\\\/\\\/www.revistarambla.com\\\/greenhuse-viviendas-sociales-sostenibles-en-barcelona-para-envejecer-con-dignidad\\\/#breadcrumb\",\"itemListElement\":[{\"@type\":\"ListItem\",\"position\":1,\"name\":\"Portada\",\"item\":\"https:\\\/\\\/www.revistarambla.com\\\/\"},{\"@type\":\"ListItem\",\"position\":2,\"name\":\"Greenh@use: viviendas sociales sostenibles en Barcelona para envejecer con dignidad\"}]},{\"@type\":\"WebSite\",\"@id\":\"https:\\\/\\\/www.revistarambla.com\\\/#website\",\"url\":\"https:\\\/\\\/www.revistarambla.com\\\/\",\"name\":\"Revista Rambla Barcelona\",\"description\":\"Periodismo independiente\",\"publisher\":{\"@id\":\"https:\\\/\\\/www.revistarambla.com\\\/#organization\"},\"potentialAction\":[{\"@type\":\"SearchAction\",\"target\":{\"@type\":\"EntryPoint\",\"urlTemplate\":\"https:\\\/\\\/www.revistarambla.com\\\/?s={search_term_string}\"},\"query-input\":{\"@type\":\"PropertyValueSpecification\",\"valueRequired\":true,\"valueName\":\"search_term_string\"}}],\"inLanguage\":\"en-GB\"},{\"@type\":\"Organization\",\"@id\":\"https:\\\/\\\/www.revistarambla.com\\\/#organization\",\"name\":\"Revista Rambla\",\"url\":\"https:\\\/\\\/www.revistarambla.com\\\/\",\"logo\":{\"@type\":\"ImageObject\",\"inLanguage\":\"en-GB\",\"@id\":\"https:\\\/\\\/www.revistarambla.com\\\/#\\\/schema\\\/logo\\\/image\\\/\",\"url\":\"https:\\\/\\\/www.revistarambla.com\\\/wp-content\\\/uploads\\\/2020\\\/09\\\/banner_rambla_1900x600_BB.png\",\"contentUrl\":\"https:\\\/\\\/www.revistarambla.com\\\/wp-content\\\/uploads\\\/2020\\\/09\\\/banner_rambla_1900x600_BB.png\",\"width\":1900,\"height\":600,\"caption\":\"Revista Rambla\"},\"image\":{\"@id\":\"https:\\\/\\\/www.revistarambla.com\\\/#\\\/schema\\\/logo\\\/image\\\/\"},\"sameAs\":[\"https:\\\/\\\/www.facebook.com\\\/revistarambla\\\/\",\"https:\\\/\\\/x.com\\\/revistarambla\",\"https:\\\/\\\/www.instagram.com\\\/revista_rambla\",\"https:\\\/\\\/es.linkedin.com\\\/company\\\/revista-rambla\"]},{\"@type\":\"Person\",\"@id\":\"https:\\\/\\\/www.revistarambla.com\\\/#\\\/schema\\\/person\\\/a146a5a2550b94981a75131180e1bd9c\",\"name\":\"R@mbla\",\"description\":\"Este art\u00edculo ha sido redactado y\\\/o validado por el equipo de redacci\u00f3n de Revista Rambla.\",\"sameAs\":[\"https:\\\/\\\/www.revistarambla.com\\\/\",\"https:\\\/\\\/www.facebook.com\\\/revistarambla\",\"https:\\\/\\\/x.com\\\/revistarambla\"]}]}<\/script>\n<!-- \/ Yoast SEO plugin. -->","yoast_head_json":{"title":"Greenh@use: viviendas sociales sostenibles en Barcelona para envejecer con dignidad - Revista Rambla","robots":{"index":"index","follow":"follow","max-snippet":"max-snippet:-1","max-image-preview":"max-image-preview:large","max-video-preview":"max-video-preview:-1"},"canonical":"https:\/\/www.revistarambla.com\/en\/greenhuse-viviendas-sociales-sostenibles-en-barcelona-para-envejecer-con-dignidad\/","og_locale":"en_GB","og_type":"article","og_title":"Greenh@use: viviendas sociales sostenibles en Barcelona para envejecer con dignidad - Revista Rambla","og_description":"En el coraz\u00f3n del distrito 22@ de Barcelona, un \u00e1rea en constante transformaci\u00f3n que fusiona innovaci\u00f3n tecnol\u00f3gica con tejido urbano hist\u00f3rico, surge Greenh@use, un proyecto de viviendas sociales que redefine el concepto de habitabilidad sostenible y digna. Dise\u00f1ado por el estudio Peris+Toral Arquitectes, este edificio de 140 unidades ha sido [&hellip;]","og_url":"https:\/\/www.revistarambla.com\/en\/greenhuse-viviendas-sociales-sostenibles-en-barcelona-para-envejecer-con-dignidad\/","og_site_name":"Revista Rambla","article_publisher":"https:\/\/www.facebook.com\/revistarambla\/","article_author":"https:\/\/www.facebook.com\/revistarambla","article_published_time":"2025-08-12T09:39:00+00:00","article_modified_time":"2025-08-14T11:05:02+00:00","og_image":[{"width":1038,"height":1280,"url":"https:\/\/www.revistarambla.com\/wp-content\/uploads\/2025\/08\/Greenh@use1.jpeg","type":"image\/jpeg"}],"author":"R@mbla","twitter_card":"summary_large_image","twitter_creator":"@revistarambla","twitter_site":"@revistarambla","twitter_misc":{"Written by":"R@mbla","Estimated reading time":"7 minutes"},"schema":{"@context":"https:\/\/schema.org","@graph":[{"@type":"Article","@id":"https:\/\/www.revistarambla.com\/greenhuse-viviendas-sociales-sostenibles-en-barcelona-para-envejecer-con-dignidad\/#article","isPartOf":{"@id":"https:\/\/www.revistarambla.com\/greenhuse-viviendas-sociales-sostenibles-en-barcelona-para-envejecer-con-dignidad\/"},"author":{"name":"R@mbla","@id":"https:\/\/www.revistarambla.com\/#\/schema\/person\/a146a5a2550b94981a75131180e1bd9c"},"headline":"Greenh@use: viviendas sociales sostenibles en Barcelona para envejecer con dignidad","datePublished":"2025-08-12T09:39:00+00:00","dateModified":"2025-08-14T11:05:02+00:00","mainEntityOfPage":{"@id":"https:\/\/www.revistarambla.com\/greenhuse-viviendas-sociales-sostenibles-en-barcelona-para-envejecer-con-dignidad\/"},"wordCount":1281,"publisher":{"@id":"https:\/\/www.revistarambla.com\/#organization"},"image":{"@id":"https:\/\/www.revistarambla.com\/greenhuse-viviendas-sociales-sostenibles-en-barcelona-para-envejecer-con-dignidad\/#primaryimage"},"thumbnailUrl":"https:\/\/www.revistarambla.com\/wp-content\/uploads\/2025\/08\/Greenh@use1.jpeg","articleSection":["Barcelona"],"inLanguage":"en-GB"},{"@type":"WebPage","@id":"https:\/\/www.revistarambla.com\/greenhuse-viviendas-sociales-sostenibles-en-barcelona-para-envejecer-con-dignidad\/","url":"https:\/\/www.revistarambla.com\/greenhuse-viviendas-sociales-sostenibles-en-barcelona-para-envejecer-con-dignidad\/","name":"Greenh@use: viviendas sociales sostenibles en Barcelona para envejecer con dignidad - Revista Rambla","isPartOf":{"@id":"https:\/\/www.revistarambla.com\/#website"},"primaryImageOfPage":{"@id":"https:\/\/www.revistarambla.com\/greenhuse-viviendas-sociales-sostenibles-en-barcelona-para-envejecer-con-dignidad\/#primaryimage"},"image":{"@id":"https:\/\/www.revistarambla.com\/greenhuse-viviendas-sociales-sostenibles-en-barcelona-para-envejecer-con-dignidad\/#primaryimage"},"thumbnailUrl":"https:\/\/www.revistarambla.com\/wp-content\/uploads\/2025\/08\/Greenh@use1.jpeg","datePublished":"2025-08-12T09:39:00+00:00","dateModified":"2025-08-14T11:05:02+00:00","breadcrumb":{"@id":"https:\/\/www.revistarambla.com\/greenhuse-viviendas-sociales-sostenibles-en-barcelona-para-envejecer-con-dignidad\/#breadcrumb"},"inLanguage":"en-GB","potentialAction":[{"@type":"ReadAction","target":["https:\/\/www.revistarambla.com\/greenhuse-viviendas-sociales-sostenibles-en-barcelona-para-envejecer-con-dignidad\/"]}]},{"@type":"ImageObject","inLanguage":"en-GB","@id":"https:\/\/www.revistarambla.com\/greenhuse-viviendas-sociales-sostenibles-en-barcelona-para-envejecer-con-dignidad\/#primaryimage","url":"https:\/\/www.revistarambla.com\/wp-content\/uploads\/2025\/08\/Greenh@use1.jpeg","contentUrl":"https:\/\/www.revistarambla.com\/wp-content\/uploads\/2025\/08\/Greenh@use1.jpeg","width":1038,"height":1280,"caption":"Greenh@use"},{"@type":"BreadcrumbList","@id":"https:\/\/www.revistarambla.com\/greenhuse-viviendas-sociales-sostenibles-en-barcelona-para-envejecer-con-dignidad\/#breadcrumb","itemListElement":[{"@type":"ListItem","position":1,"name":"Portada","item":"https:\/\/www.revistarambla.com\/"},{"@type":"ListItem","position":2,"name":"Greenh@use: viviendas sociales sostenibles en Barcelona para envejecer con dignidad"}]},{"@type":"WebSite","@id":"https:\/\/www.revistarambla.com\/#website","url":"https:\/\/www.revistarambla.com\/","name":"Revista Rambla Barcelona","description":"Periodismo independiente","publisher":{"@id":"https:\/\/www.revistarambla.com\/#organization"},"potentialAction":[{"@type":"SearchAction","target":{"@type":"EntryPoint","urlTemplate":"https:\/\/www.revistarambla.com\/?s={search_term_string}"},"query-input":{"@type":"PropertyValueSpecification","valueRequired":true,"valueName":"search_term_string"}}],"inLanguage":"en-GB"},{"@type":"Organization","@id":"https:\/\/www.revistarambla.com\/#organization","name":"Revista Rambla","url":"https:\/\/www.revistarambla.com\/","logo":{"@type":"ImageObject","inLanguage":"en-GB","@id":"https:\/\/www.revistarambla.com\/#\/schema\/logo\/image\/","url":"https:\/\/www.revistarambla.com\/wp-content\/uploads\/2020\/09\/banner_rambla_1900x600_BB.png","contentUrl":"https:\/\/www.revistarambla.com\/wp-content\/uploads\/2020\/09\/banner_rambla_1900x600_BB.png","width":1900,"height":600,"caption":"Revista Rambla"},"image":{"@id":"https:\/\/www.revistarambla.com\/#\/schema\/logo\/image\/"},"sameAs":["https:\/\/www.facebook.com\/revistarambla\/","https:\/\/x.com\/revistarambla","https:\/\/www.instagram.com\/revista_rambla","https:\/\/es.linkedin.com\/company\/revista-rambla"]},{"@type":"Person","@id":"https:\/\/www.revistarambla.com\/#\/schema\/person\/a146a5a2550b94981a75131180e1bd9c","name":"R@mbla","description":"Este art\u00edculo ha sido redactado y\/o validado por el equipo de redacci\u00f3n de Revista Rambla.","sameAs":["https:\/\/www.revistarambla.com\/","https:\/\/www.facebook.com\/revistarambla","https:\/\/x.com\/revistarambla"]}]}},"_links":{"self":[{"href":"https:\/\/www.revistarambla.com\/en\/wp-json\/wp\/v2\/posts\/66087","targetHints":{"allow":["GET"]}}],"collection":[{"href":"https:\/\/www.revistarambla.com\/en\/wp-json\/wp\/v2\/posts"}],"about":[{"href":"https:\/\/www.revistarambla.com\/en\/wp-json\/wp\/v2\/types\/post"}],"author":[{"embeddable":true,"href":"https:\/\/www.revistarambla.com\/en\/wp-json\/wp\/v2\/users\/3"}],"replies":[{"embeddable":true,"href":"https:\/\/www.revistarambla.com\/en\/wp-json\/wp\/v2\/comments?post=66087"}],"version-history":[{"count":1,"href":"https:\/\/www.revistarambla.com\/en\/wp-json\/wp\/v2\/posts\/66087\/revisions"}],"predecessor-version":[{"id":66092,"href":"https:\/\/www.revistarambla.com\/en\/wp-json\/wp\/v2\/posts\/66087\/revisions\/66092"}],"wp:featuredmedia":[{"embeddable":true,"href":"https:\/\/www.revistarambla.com\/en\/wp-json\/wp\/v2\/media\/66088"}],"wp:attachment":[{"href":"https:\/\/www.revistarambla.com\/en\/wp-json\/wp\/v2\/media?parent=66087"}],"wp:term":[{"taxonomy":"category","embeddable":true,"href":"https:\/\/www.revistarambla.com\/en\/wp-json\/wp\/v2\/categories?post=66087"},{"taxonomy":"post_tag","embeddable":true,"href":"https:\/\/www.revistarambla.com\/en\/wp-json\/wp\/v2\/tags?post=66087"}],"curies":[{"name":"wp","href":"https:\/\/api.w.org\/{rel}","templated":true}]}}