{"id":66084,"date":"2025-08-12T11:24:31","date_gmt":"2025-08-12T09:24:31","guid":{"rendered":"https:\/\/www.revistarambla.com\/?p=66084"},"modified":"2025-08-12T11:24:31","modified_gmt":"2025-08-12T09:24:31","slug":"el-susurro-invisible-historias-y-sombras-del-control-mental","status":"publish","type":"post","link":"https:\/\/www.revistarambla.com\/en\/el-susurro-invisible-historias-y-sombras-del-control-mental\/","title":{"rendered":"El susurro invisible: historias y sombras del control mental"},"content":{"rendered":"<p>No s\u00e9 en qu\u00e9 momento empec\u00e9 a obsesionarme con este tema. <!--more-->Tal vez fue aquella tarde en la que un viejo amigo, periodista tambi\u00e9n, me cont\u00f3 c\u00f3mo en una cobertura en un pa\u00eds del que prefiero no dar el nombre, sinti\u00f3 \u2014literalmente\u2014 que sus pensamientos no eran del todo suyos. Lo mir\u00e9 incr\u00e9dulo, claro, pero \u00e9l ten\u00eda esa mirada de quien ha visto algo que no se puede desver. Desde entonces, la idea de que alguien, en alg\u00fan rinc\u00f3n, pueda meter mano en la maquinaria \u00edntima de nuestra mente, me persigue.<\/p>\n<p>El \u201ccontrol mental\u201d suena a ciencia ficci\u00f3n de serie B, a conspiranoia barata. Sin embargo, basta rascar un poco para que la historia te salpique. No hay que irse muy lejos: durante la Guerra Fr\u00eda, proyectos como el tristemente c\u00e9lebre MK Ultra, liderado por la CIA, experimentaron con drogas, hipnosis y otras t\u00e9cnicas para \u201creprogramar\u201d personas. Esto no es rumor ni mito urbano; est\u00e1 en documentos desclasificados. Lo m\u00e1s inquietante es pensar que si hace m\u00e1s de medio siglo ya exploraban estas herramientas, \u00bfqu\u00e9 capacidades tendr\u00e1n ahora, en pleno siglo XXI, con la neurociencia y la inteligencia artificial como aliadas?<\/p>\n<p>Recuerdo una cobertura que hice en 2018 sobre publicidad subliminal en redes sociales. No eran mensajes escondidos entre fotogramas como en los a\u00f1os 60, sino microsegmentaci\u00f3n basada en datos. Habl\u00e9 con un experto en marketing digital que me confes\u00f3, con una sonrisa inc\u00f3moda, que pod\u00edan \u201cmoldear\u201d percepciones pol\u00edticas sin que el usuario siquiera notara el empuj\u00f3n. No era magia, era matem\u00e1tica. Pero el resultado era el mismo: sembrar una idea en tu cabeza y hacerte creer que es tuya.<\/p>\n<p>No quiero sonar alarmista \u2014aunque supongo que lo estoy siendo\u2014 pero lo cierto es que el control mental no siempre es un proceso violento o expl\u00edcito. A veces es suave, como una brisa que apenas notas hasta que te das cuenta de que te ha llevado varios metros en otra direcci\u00f3n. Puede ser un discurso pol\u00edtico cuidadosamente dise\u00f1ado, una campa\u00f1a de marketing repetida hasta el cansancio, o incluso una relaci\u00f3n personal donde una de las partes aprende a apretar los botones emocionales de la otra.<\/p>\n<p>Hace poco, en un caf\u00e9 de Lima, conoc\u00ed a una joven que juraba haber salido de un grupo \u201cespiritual\u201d que en realidad funcionaba como secta. Su relato era escalofriante: sesiones de meditaci\u00f3n grupal, ayunos prolongados, discursos que mezclaban verdades universales con exigencias cada vez m\u00e1s intrusivas. Al final, ya no distingu\u00eda entre sus propios pensamientos y las frases de su l\u00edder. \u201cMe di cuenta de que repet\u00eda cosas que ni siquiera entend\u00eda del todo, como si fueran m\u00edas\u201d, me dijo mientras jugueteaba con su taza de caf\u00e9.<\/p>\n<p>Lo curioso es que, en cierto modo, todos somos vulnerables. No se necesita un laboratorio secreto para influir en la mente. Basta una narrativa convincente y un poco de repetici\u00f3n. Pensemos en los jingles publicitarios que se nos quedan pegados como chicle; en esos lemas pol\u00edticos que repetimos casi por inercia; en los \u201ctrending topics\u201d que creemos descubrir por casualidad pero que, en realidad, han sido cuidadosamente impulsados.<\/p>\n<p>Y claro, est\u00e1n los m\u00e9todos m\u00e1s oscuros. A lo largo de mi carrera he escuchado rumores \u2014sin pruebas s\u00f3lidas, vale aclarar\u2014 de tecnolog\u00edas de estimulaci\u00f3n cerebral remota, de armas sicol\u00f3gicas experimentales, incluso de t\u00e9cnicas auditivas que inducen ciertos estados de \u00e1nimo. Quiz\u00e1 sea exagerado, quiz\u00e1 no. El problema con estos temas es que la frontera entre la paranoia y la realidad suele ser brumosa, y a veces cruzarla es cuesti\u00f3n de una sola historia convincente.<\/p>\n<p>Me viene a la cabeza una conversaci\u00f3n con mi madre, que nunca ha sido especialmente cr\u00e9dula. Un d\u00eda, mientras mir\u00e1bamos las noticias sobre las elecciones en otro pa\u00eds, dijo algo que me dej\u00f3 pensando: \u201cMira c\u00f3mo todos repiten lo mismo, como si les hubieran dado un libreto\u201d. Puede sonar inocente, pero en esa observaci\u00f3n hab\u00eda algo inquietante. Tal vez no haga falta un \u201chipnotizador\u201d con p\u00e9ndulo en mano; tal vez el libreto lo escribimos entre todos, sin darnos cuenta.<\/p>\n<p>A veces pienso que la verdadera defensa contra el control mental no es la desconfianza absoluta \u2014que lleva a la paranoia\u2014 sino el pensamiento cr\u00edtico, ese m\u00fasculo que no siempre ejercitamos. Hacer preguntas, incluso inc\u00f3modas. Reconocer nuestras propias emociones y sesgos. Y, sobre todo, aceptar que podemos ser influenciados, porque negarlo es abrir la puerta sin darnos cuenta.<\/p>\n<p>Es curioso, pero mientras escribo estas l\u00edneas, me descubro releyendo p\u00e1rrafos y pregunt\u00e1ndome si yo mismo no estoy tratando de influir en ti, lector. Tal vez esta es la paradoja inevitable: comunicar es, de alg\u00fan modo, intentar moldear la percepci\u00f3n del otro. Y quiz\u00e1s la diferencia entre eso y el control mental sea una cuesti\u00f3n de intenci\u00f3n y consentimiento.<\/p>\n<p>El susurro invisible est\u00e1 ah\u00ed, en la publicidad, en la pol\u00edtica, en las conversaciones \u00edntimas. A veces suave, como un perfume que apenas percibes; a veces brutal como un grito que no te deja pensar. Lo importante es, al menos, reconocer que existe. Y decidir, cada d\u00eda, qu\u00e9 ideas dejamos entrar en nuestra cabeza y cu\u00e1les preferimos mantener a raya. Porque si no lo hacemos nosotros, alguien m\u00e1s lo har\u00e1 por nosotros\u2026, y quiz\u00e1 ni siquiera nos demos cuenta.<\/p>","protected":false},"excerpt":{"rendered":"<p>No s\u00e9 en qu\u00e9 momento empec\u00e9 a obsesionarme con este tema.<\/p>","protected":false},"author":18,"featured_media":66085,"comment_status":"closed","ping_status":"closed","sticky":false,"template":"","format":"standard","meta":{"footnotes":""},"categories":[4099],"tags":[],"class_list":["post-66084","post","type-post","status-publish","format-standard","has-post-thumbnail","hentry","category-otras-miradas"],"yoast_head":"<!-- This site is optimized with the Yoast SEO plugin v27.5 - https:\/\/yoast.com\/product\/yoast-seo-wordpress\/ -->\n<title>El susurro invisible: historias y sombras del control mental - Revista Rambla<\/title>\n<meta name=\"robots\" content=\"index, follow, max-snippet:-1, max-image-preview:large, max-video-preview:-1\" \/>\n<link rel=\"canonical\" href=\"https:\/\/www.revistarambla.com\/en\/el-susurro-invisible-historias-y-sombras-del-control-mental\/\" \/>\n<meta property=\"og:locale\" content=\"en_GB\" \/>\n<meta property=\"og:type\" content=\"article\" \/>\n<meta property=\"og:title\" content=\"El susurro invisible: historias y sombras del control mental - Revista Rambla\" \/>\n<meta property=\"og:description\" content=\"No s\u00e9 en qu\u00e9 momento empec\u00e9 a obsesionarme con este tema.\" \/>\n<meta property=\"og:url\" content=\"https:\/\/www.revistarambla.com\/en\/el-susurro-invisible-historias-y-sombras-del-control-mental\/\" \/>\n<meta property=\"og:site_name\" content=\"Revista Rambla\" \/>\n<meta property=\"article:publisher\" content=\"https:\/\/www.facebook.com\/revistarambla\/\" \/>\n<meta property=\"article:author\" content=\"https:\/\/www.facebook.com\/raul.allainvega\" \/>\n<meta property=\"article:published_time\" content=\"2025-08-12T09:24:31+00:00\" \/>\n<meta property=\"og:image\" content=\"https:\/\/www.revistarambla.com\/wp-content\/uploads\/2025\/08\/control-mental.jpg\" \/>\n\t<meta property=\"og:image:width\" content=\"1024\" \/>\n\t<meta property=\"og:image:height\" content=\"768\" \/>\n\t<meta property=\"og:image:type\" content=\"image\/jpeg\" \/>\n<meta name=\"author\" content=\"Ra\u00fal Alfonso Allain Vega\" \/>\n<meta name=\"twitter:card\" content=\"summary_large_image\" \/>\n<meta name=\"twitter:creator\" content=\"@RaulAllain\" \/>\n<meta name=\"twitter:site\" content=\"@revistarambla\" \/>\n<meta name=\"twitter:label1\" content=\"Written by\" \/>\n\t<meta name=\"twitter:data1\" content=\"Ra\u00fal Alfonso Allain Vega\" \/>\n\t<meta name=\"twitter:label2\" content=\"Estimated reading time\" \/>\n\t<meta name=\"twitter:data2\" content=\"5 minutes\" \/>\n<script type=\"application\/ld+json\" class=\"yoast-schema-graph\">{\"@context\":\"https:\\\/\\\/schema.org\",\"@graph\":[{\"@type\":\"Article\",\"@id\":\"https:\\\/\\\/www.revistarambla.com\\\/el-susurro-invisible-historias-y-sombras-del-control-mental\\\/#article\",\"isPartOf\":{\"@id\":\"https:\\\/\\\/www.revistarambla.com\\\/el-susurro-invisible-historias-y-sombras-del-control-mental\\\/\"},\"author\":{\"name\":\"Ra\u00fal Alfonso Allain Vega\",\"@id\":\"https:\\\/\\\/www.revistarambla.com\\\/#\\\/schema\\\/person\\\/9b4378c82c48caa37acecffb9450e934\"},\"headline\":\"El susurro invisible: historias y sombras del control mental\",\"datePublished\":\"2025-08-12T09:24:31+00:00\",\"mainEntityOfPage\":{\"@id\":\"https:\\\/\\\/www.revistarambla.com\\\/el-susurro-invisible-historias-y-sombras-del-control-mental\\\/\"},\"wordCount\":936,\"publisher\":{\"@id\":\"https:\\\/\\\/www.revistarambla.com\\\/#organization\"},\"image\":{\"@id\":\"https:\\\/\\\/www.revistarambla.com\\\/el-susurro-invisible-historias-y-sombras-del-control-mental\\\/#primaryimage\"},\"thumbnailUrl\":\"https:\\\/\\\/www.revistarambla.com\\\/wp-content\\\/uploads\\\/2025\\\/08\\\/control-mental.jpg\",\"articleSection\":[\"Otras Miradas\"],\"inLanguage\":\"en-GB\"},{\"@type\":\"WebPage\",\"@id\":\"https:\\\/\\\/www.revistarambla.com\\\/el-susurro-invisible-historias-y-sombras-del-control-mental\\\/\",\"url\":\"https:\\\/\\\/www.revistarambla.com\\\/el-susurro-invisible-historias-y-sombras-del-control-mental\\\/\",\"name\":\"El susurro invisible: historias y sombras del control mental - Revista Rambla\",\"isPartOf\":{\"@id\":\"https:\\\/\\\/www.revistarambla.com\\\/#website\"},\"primaryImageOfPage\":{\"@id\":\"https:\\\/\\\/www.revistarambla.com\\\/el-susurro-invisible-historias-y-sombras-del-control-mental\\\/#primaryimage\"},\"image\":{\"@id\":\"https:\\\/\\\/www.revistarambla.com\\\/el-susurro-invisible-historias-y-sombras-del-control-mental\\\/#primaryimage\"},\"thumbnailUrl\":\"https:\\\/\\\/www.revistarambla.com\\\/wp-content\\\/uploads\\\/2025\\\/08\\\/control-mental.jpg\",\"datePublished\":\"2025-08-12T09:24:31+00:00\",\"breadcrumb\":{\"@id\":\"https:\\\/\\\/www.revistarambla.com\\\/el-susurro-invisible-historias-y-sombras-del-control-mental\\\/#breadcrumb\"},\"inLanguage\":\"en-GB\",\"potentialAction\":[{\"@type\":\"ReadAction\",\"target\":[\"https:\\\/\\\/www.revistarambla.com\\\/el-susurro-invisible-historias-y-sombras-del-control-mental\\\/\"]}]},{\"@type\":\"ImageObject\",\"inLanguage\":\"en-GB\",\"@id\":\"https:\\\/\\\/www.revistarambla.com\\\/el-susurro-invisible-historias-y-sombras-del-control-mental\\\/#primaryimage\",\"url\":\"https:\\\/\\\/www.revistarambla.com\\\/wp-content\\\/uploads\\\/2025\\\/08\\\/control-mental.jpg\",\"contentUrl\":\"https:\\\/\\\/www.revistarambla.com\\\/wp-content\\\/uploads\\\/2025\\\/08\\\/control-mental.jpg\",\"width\":1024,\"height\":768,\"caption\":\"control mental\"},{\"@type\":\"BreadcrumbList\",\"@id\":\"https:\\\/\\\/www.revistarambla.com\\\/el-susurro-invisible-historias-y-sombras-del-control-mental\\\/#breadcrumb\",\"itemListElement\":[{\"@type\":\"ListItem\",\"position\":1,\"name\":\"Portada\",\"item\":\"https:\\\/\\\/www.revistarambla.com\\\/\"},{\"@type\":\"ListItem\",\"position\":2,\"name\":\"El susurro invisible: historias y sombras del control mental\"}]},{\"@type\":\"WebSite\",\"@id\":\"https:\\\/\\\/www.revistarambla.com\\\/#website\",\"url\":\"https:\\\/\\\/www.revistarambla.com\\\/\",\"name\":\"Revista Rambla Barcelona\",\"description\":\"Periodismo independiente\",\"publisher\":{\"@id\":\"https:\\\/\\\/www.revistarambla.com\\\/#organization\"},\"potentialAction\":[{\"@type\":\"SearchAction\",\"target\":{\"@type\":\"EntryPoint\",\"urlTemplate\":\"https:\\\/\\\/www.revistarambla.com\\\/?s={search_term_string}\"},\"query-input\":{\"@type\":\"PropertyValueSpecification\",\"valueRequired\":true,\"valueName\":\"search_term_string\"}}],\"inLanguage\":\"en-GB\"},{\"@type\":\"Organization\",\"@id\":\"https:\\\/\\\/www.revistarambla.com\\\/#organization\",\"name\":\"Revista Rambla\",\"url\":\"https:\\\/\\\/www.revistarambla.com\\\/\",\"logo\":{\"@type\":\"ImageObject\",\"inLanguage\":\"en-GB\",\"@id\":\"https:\\\/\\\/www.revistarambla.com\\\/#\\\/schema\\\/logo\\\/image\\\/\",\"url\":\"https:\\\/\\\/www.revistarambla.com\\\/wp-content\\\/uploads\\\/2020\\\/09\\\/banner_rambla_1900x600_BB.png\",\"contentUrl\":\"https:\\\/\\\/www.revistarambla.com\\\/wp-content\\\/uploads\\\/2020\\\/09\\\/banner_rambla_1900x600_BB.png\",\"width\":1900,\"height\":600,\"caption\":\"Revista Rambla\"},\"image\":{\"@id\":\"https:\\\/\\\/www.revistarambla.com\\\/#\\\/schema\\\/logo\\\/image\\\/\"},\"sameAs\":[\"https:\\\/\\\/www.facebook.com\\\/revistarambla\\\/\",\"https:\\\/\\\/x.com\\\/revistarambla\",\"https:\\\/\\\/www.instagram.com\\\/revista_rambla\",\"https:\\\/\\\/es.linkedin.com\\\/company\\\/revista-rambla\"]},{\"@type\":\"Person\",\"@id\":\"https:\\\/\\\/www.revistarambla.com\\\/#\\\/schema\\\/person\\\/9b4378c82c48caa37acecffb9450e934\",\"name\":\"Ra\u00fal Alfonso Allain Vega\",\"description\":\"Escritor, poeta, editor y soci\u00f3logo. Presidente del Instituto Peruano de la Juventud (IPJ) y director de Editorial R\u00edo Negro.\",\"sameAs\":[\"https:\\\/\\\/en.m.wikipedia.org\\\/wiki\\\/Ra%C3%BAl_Allain\",\"https:\\\/\\\/www.facebook.com\\\/raul.allainvega\",\"https:\\\/\\\/x.com\\\/RaulAllain\"]}]}<\/script>\n<!-- \/ Yoast SEO plugin. -->","yoast_head_json":{"title":"El susurro invisible: historias y sombras del control mental - Revista Rambla","robots":{"index":"index","follow":"follow","max-snippet":"max-snippet:-1","max-image-preview":"max-image-preview:large","max-video-preview":"max-video-preview:-1"},"canonical":"https:\/\/www.revistarambla.com\/en\/el-susurro-invisible-historias-y-sombras-del-control-mental\/","og_locale":"en_GB","og_type":"article","og_title":"El susurro invisible: historias y sombras del control mental - Revista Rambla","og_description":"No s\u00e9 en qu\u00e9 momento empec\u00e9 a obsesionarme con este tema.","og_url":"https:\/\/www.revistarambla.com\/en\/el-susurro-invisible-historias-y-sombras-del-control-mental\/","og_site_name":"Revista Rambla","article_publisher":"https:\/\/www.facebook.com\/revistarambla\/","article_author":"https:\/\/www.facebook.com\/raul.allainvega","article_published_time":"2025-08-12T09:24:31+00:00","og_image":[{"width":1024,"height":768,"url":"https:\/\/www.revistarambla.com\/wp-content\/uploads\/2025\/08\/control-mental.jpg","type":"image\/jpeg"}],"author":"Ra\u00fal Alfonso Allain Vega","twitter_card":"summary_large_image","twitter_creator":"@RaulAllain","twitter_site":"@revistarambla","twitter_misc":{"Written by":"Ra\u00fal Alfonso Allain Vega","Estimated reading time":"5 minutes"},"schema":{"@context":"https:\/\/schema.org","@graph":[{"@type":"Article","@id":"https:\/\/www.revistarambla.com\/el-susurro-invisible-historias-y-sombras-del-control-mental\/#article","isPartOf":{"@id":"https:\/\/www.revistarambla.com\/el-susurro-invisible-historias-y-sombras-del-control-mental\/"},"author":{"name":"Ra\u00fal Alfonso Allain Vega","@id":"https:\/\/www.revistarambla.com\/#\/schema\/person\/9b4378c82c48caa37acecffb9450e934"},"headline":"El susurro invisible: historias y sombras del control mental","datePublished":"2025-08-12T09:24:31+00:00","mainEntityOfPage":{"@id":"https:\/\/www.revistarambla.com\/el-susurro-invisible-historias-y-sombras-del-control-mental\/"},"wordCount":936,"publisher":{"@id":"https:\/\/www.revistarambla.com\/#organization"},"image":{"@id":"https:\/\/www.revistarambla.com\/el-susurro-invisible-historias-y-sombras-del-control-mental\/#primaryimage"},"thumbnailUrl":"https:\/\/www.revistarambla.com\/wp-content\/uploads\/2025\/08\/control-mental.jpg","articleSection":["Otras Miradas"],"inLanguage":"en-GB"},{"@type":"WebPage","@id":"https:\/\/www.revistarambla.com\/el-susurro-invisible-historias-y-sombras-del-control-mental\/","url":"https:\/\/www.revistarambla.com\/el-susurro-invisible-historias-y-sombras-del-control-mental\/","name":"El susurro invisible: historias y sombras del control mental - Revista Rambla","isPartOf":{"@id":"https:\/\/www.revistarambla.com\/#website"},"primaryImageOfPage":{"@id":"https:\/\/www.revistarambla.com\/el-susurro-invisible-historias-y-sombras-del-control-mental\/#primaryimage"},"image":{"@id":"https:\/\/www.revistarambla.com\/el-susurro-invisible-historias-y-sombras-del-control-mental\/#primaryimage"},"thumbnailUrl":"https:\/\/www.revistarambla.com\/wp-content\/uploads\/2025\/08\/control-mental.jpg","datePublished":"2025-08-12T09:24:31+00:00","breadcrumb":{"@id":"https:\/\/www.revistarambla.com\/el-susurro-invisible-historias-y-sombras-del-control-mental\/#breadcrumb"},"inLanguage":"en-GB","potentialAction":[{"@type":"ReadAction","target":["https:\/\/www.revistarambla.com\/el-susurro-invisible-historias-y-sombras-del-control-mental\/"]}]},{"@type":"ImageObject","inLanguage":"en-GB","@id":"https:\/\/www.revistarambla.com\/el-susurro-invisible-historias-y-sombras-del-control-mental\/#primaryimage","url":"https:\/\/www.revistarambla.com\/wp-content\/uploads\/2025\/08\/control-mental.jpg","contentUrl":"https:\/\/www.revistarambla.com\/wp-content\/uploads\/2025\/08\/control-mental.jpg","width":1024,"height":768,"caption":"control mental"},{"@type":"BreadcrumbList","@id":"https:\/\/www.revistarambla.com\/el-susurro-invisible-historias-y-sombras-del-control-mental\/#breadcrumb","itemListElement":[{"@type":"ListItem","position":1,"name":"Portada","item":"https:\/\/www.revistarambla.com\/"},{"@type":"ListItem","position":2,"name":"El susurro invisible: historias y sombras del control mental"}]},{"@type":"WebSite","@id":"https:\/\/www.revistarambla.com\/#website","url":"https:\/\/www.revistarambla.com\/","name":"Revista Rambla Barcelona","description":"Periodismo independiente","publisher":{"@id":"https:\/\/www.revistarambla.com\/#organization"},"potentialAction":[{"@type":"SearchAction","target":{"@type":"EntryPoint","urlTemplate":"https:\/\/www.revistarambla.com\/?s={search_term_string}"},"query-input":{"@type":"PropertyValueSpecification","valueRequired":true,"valueName":"search_term_string"}}],"inLanguage":"en-GB"},{"@type":"Organization","@id":"https:\/\/www.revistarambla.com\/#organization","name":"Revista Rambla","url":"https:\/\/www.revistarambla.com\/","logo":{"@type":"ImageObject","inLanguage":"en-GB","@id":"https:\/\/www.revistarambla.com\/#\/schema\/logo\/image\/","url":"https:\/\/www.revistarambla.com\/wp-content\/uploads\/2020\/09\/banner_rambla_1900x600_BB.png","contentUrl":"https:\/\/www.revistarambla.com\/wp-content\/uploads\/2020\/09\/banner_rambla_1900x600_BB.png","width":1900,"height":600,"caption":"Revista Rambla"},"image":{"@id":"https:\/\/www.revistarambla.com\/#\/schema\/logo\/image\/"},"sameAs":["https:\/\/www.facebook.com\/revistarambla\/","https:\/\/x.com\/revistarambla","https:\/\/www.instagram.com\/revista_rambla","https:\/\/es.linkedin.com\/company\/revista-rambla"]},{"@type":"Person","@id":"https:\/\/www.revistarambla.com\/#\/schema\/person\/9b4378c82c48caa37acecffb9450e934","name":"Ra\u00fal Alfonso Allain Vega","description":"Escritor, poeta, editor y soci\u00f3logo. Presidente del Instituto Peruano de la Juventud (IPJ) y director de Editorial R\u00edo Negro.","sameAs":["https:\/\/en.m.wikipedia.org\/wiki\/Ra%C3%BAl_Allain","https:\/\/www.facebook.com\/raul.allainvega","https:\/\/x.com\/RaulAllain"]}]}},"_links":{"self":[{"href":"https:\/\/www.revistarambla.com\/en\/wp-json\/wp\/v2\/posts\/66084","targetHints":{"allow":["GET"]}}],"collection":[{"href":"https:\/\/www.revistarambla.com\/en\/wp-json\/wp\/v2\/posts"}],"about":[{"href":"https:\/\/www.revistarambla.com\/en\/wp-json\/wp\/v2\/types\/post"}],"author":[{"embeddable":true,"href":"https:\/\/www.revistarambla.com\/en\/wp-json\/wp\/v2\/users\/18"}],"replies":[{"embeddable":true,"href":"https:\/\/www.revistarambla.com\/en\/wp-json\/wp\/v2\/comments?post=66084"}],"version-history":[{"count":1,"href":"https:\/\/www.revistarambla.com\/en\/wp-json\/wp\/v2\/posts\/66084\/revisions"}],"predecessor-version":[{"id":66086,"href":"https:\/\/www.revistarambla.com\/en\/wp-json\/wp\/v2\/posts\/66084\/revisions\/66086"}],"wp:featuredmedia":[{"embeddable":true,"href":"https:\/\/www.revistarambla.com\/en\/wp-json\/wp\/v2\/media\/66085"}],"wp:attachment":[{"href":"https:\/\/www.revistarambla.com\/en\/wp-json\/wp\/v2\/media?parent=66084"}],"wp:term":[{"taxonomy":"category","embeddable":true,"href":"https:\/\/www.revistarambla.com\/en\/wp-json\/wp\/v2\/categories?post=66084"},{"taxonomy":"post_tag","embeddable":true,"href":"https:\/\/www.revistarambla.com\/en\/wp-json\/wp\/v2\/tags?post=66084"}],"curies":[{"name":"wp","href":"https:\/\/api.w.org\/{rel}","templated":true}]}}