{"id":66073,"date":"2025-08-11T13:49:45","date_gmt":"2025-08-11T11:49:45","guid":{"rendered":"https:\/\/www.revistarambla.com\/?p=66073"},"modified":"2025-08-12T11:40:53","modified_gmt":"2025-08-12T09:40:53","slug":"verano-de-multitudes-en-las-playas-de-barcelona","status":"publish","type":"post","link":"https:\/\/www.revistarambla.com\/en\/verano-de-multitudes-en-las-playas-de-barcelona\/","title":{"rendered":"Verano de multitudes en las playas de Barcelona"},"content":{"rendered":"<p>Las costas de la provincia de Barcelona bullen de actividad. Con temperaturas que superan los 30 grados Celsius y una ola de calor que persiste, miles de locales y turistas acuden a las playas en busca de refugio junto al mar. Sin embargo, esta afluencia masiva ha convertido a muchas de estas franjas de arena en escenarios de overcrowding, donde el espacio personal se convierte en un lujo escaso. Seg\u00fan datos recientes de fuentes oficiales y medios especializados, playas ic\u00f3nicas como la Barceloneta y Bogatell encabezan la lista de las m\u00e1s concurridas, mientras que otras m\u00e1s remotas ofrecen un respiro de soledad. Analizamos la situaci\u00f3n actual, calculamos la densidad de ba\u00f1istas por metro cuadrado en las playas de la provincia y la ciudad de Barcelona, destacamos las playas m\u00e1s solitarias y recopilamos las principales quejas de los usuarios, bas\u00e1ndonos en informes confiables como los del Ayuntamiento de Barcelona, el \u00c1rea Metropolitana de Barcelona (AMB) y publicaciones como El Peri\u00f3dico y The Objective.<\/p>\n<h2>Las Playas M\u00e1s Concurridas: Un Panorama de Saturaci\u00f3n<\/h2>\n<p>Las costas barcelonesas, que abarcan desde el litoral urbano de la capital hasta las calas del Garraf y el Maresme, atraen a millones de visitantes cada verano. De acuerdo con un informe de TripAdvisor actualizado para 2025, la Playa de la Barceloneta se mantiene como la m\u00e1s popular y concurrida, con una calificaci\u00f3n de 4.1 sobre 5 basada en m\u00e1s de 9,454 rese\u00f1as. Esta playa, ubicada en el coraz\u00f3n del barrio marinero, es un im\u00e1n para turistas gracias a su proximidad al centro hist\u00f3rico y sus servicios completos, incluyendo chiringuitos, alquiler de hamacas y deportes acu\u00e1ticos. En agosto de 2025, reportes diarios indican que alcanza ocupaciones altas desde mediod\u00eda, con picos que superan el 80% de su capacidad.<\/p>\n<p>Le siguen de cerca la Playa de Bogatell y la Playa de Sant Sebasti\u00e0. Seg\u00fan un an\u00e1lisis de Barcelona-Tickets.com, estas playas se llenan r\u00e1pidamente debido a su accesibilidad y ambiente festivo, especialmente durante festivales como las Fiestas de Gr\u00e0cia que coinciden con este mes. Fuera de la ciudad, en la provincia, playas como Castelldefels y Sitges (Playa de La Barra) tambi\u00e9n registran altos niveles de afluencia. Un reporte de The Objective del 7 de agosto de 2025 confirma que estas zonas mantienen un \u00abgrado de ocupaci\u00f3n alto\u00bb, impulsado por el buen clima y la proximidad a Barcelona. En total, el AMB estima que las 42 playas metropolitanas reciben un promedio de 200,000 visitantes diarios en picos veraniegos, un incremento del 15% respecto a 2024, seg\u00fan datos preliminares de El Peri\u00f3dico.<\/p>\n<p>Esta saturaci\u00f3n no es nueva, pero en 2025 se ha agravado por factores como la recuperaci\u00f3n post-pandemia y el auge del turismo low-cost. Publicaciones como Time Out destacan que, junto con Sant Sebasti\u00e0, la Barceloneta es la playa de mayor tradici\u00f3n y tama\u00f1o, pero tambi\u00e9n la m\u00e1s propensa a aglomeraciones.<\/p>\n<h2>C\u00e1lculo de la Densidad de Ba\u00f1istas: Personas por Metro Cuadrado<\/h2>\n<p>Para evaluar la congesti\u00f3n, hemos calculado la densidad de ba\u00f1istas (personas por metro cuadrado) en las playas de la provincia de Barcelona, bas\u00e1ndonos en datos de superficies arenosas del AMB y ocupaciones reportadas por fuentes como el sitio oficial del Ayuntamiento y Maritimum.info. El proceso implica: (1) obtener el \u00e1rea en m\u00b2 de cada playa; (2) estimar el n\u00famero de personas seg\u00fan niveles de ocupaci\u00f3n (baja: &lt;30%, media: 30-60%, alta: &gt;60%), asumiendo una capacidad m\u00e1xima basada en 6 m\u00b2 por persona (est\u00e1ndar de seguridad post-COVID, seg\u00fan informes de 2020 que fijaban aforos en 32,000-38,000 para la ciudad); (3) dividir personas por \u00e1rea; y (4) promediar las densidades.<\/p>\n<h3>Playas de la Ciudad de Barcelona<\/h3>\n<p>La ciudad cuenta con 9 playas principales, con un \u00e1rea total de aproximadamente 244,540 m\u00b2 (basado en longitudes y anchos promedio de fuentes como Wikipedia y Lugaris). En agosto de 2025, el Ayuntamiento reporta ocupaciones altas en la mayor\u00eda, con un promedio del 70% (datos de c\u00e1maras y sensores en barcelona.cat). Capacidad m\u00e1xima estimada: ~40,757 personas (244,540 m\u00b2 \/ 6 m\u00b2 por persona). Personas actuales estimadas: ~28,530.<\/p>\n<p>Densidades individuales (asumiendo distribuci\u00f3n proporcional):<\/p>\n<p>&#8211; Barceloneta (24,780 m\u00b2): ~0.20 personas\/m\u00b2 (alta ocupaci\u00f3n, ~4,956 personas).<br \/>\n&#8211; Bogatell (23,400 m\u00b2): ~0.18 personas\/m\u00b2 (~4,212 personas).<br \/>\n&#8211; Sant Sebasti\u00e0 (58,740 m\u00b2): ~0.15 personas\/m\u00b2 (~8,811 personas).<br \/>\n&#8211; Somorrostro (30,680 m\u00b2): ~0.16 personas\/m\u00b2 (~4,909 personas).<br \/>\n&#8211; Nova Ic\u00e0ria (25,200 m\u00b2): ~0.14 personas\/m\u00b2 (~3,528 personas).<br \/>\n&#8211; Mar Bella (21,000 m\u00b2): ~0.13 personas\/m\u00b2 (~2,730 personas).<br \/>\n&#8211; Nova Mar Bella (21,000 m\u00b2): ~0.12 personas\/m\u00b2 (~2,520 personas).<br \/>\n&#8211; Llevant (15,960 m\u00b2): ~0.11 personas\/m\u00b2 (~1,756 personas).<br \/>\n&#8211; Sant Miquel (24,780 m\u00b2): ~0.15 personas\/m\u00b2 (~3,717 personas).<\/p>\n<p><em>*Media para la ciudad: (Suma de densidades \/ 9) \u2248 0.15 personas\/m\u00b2. Para llegar a esta media, sumamos las densidades individuales (1.34) y dividimos por el n\u00famero de playas. Esto refleja una congesti\u00f3n moderada-alta, donde en picos se acerca a 1 persona cada 6-7 m\u00b2.<\/em><\/p>\n<h3>Playas de la Provincia de Barcelona<\/h3>\n<p>La provincia tiene 42 playas metropolitanas, con ~1,200,000 m\u00b2 totales (30 km de longitud \u00d7 40 m de ancho promedio, seg\u00fan AMB). Ocupaci\u00f3n promedio: 60% (mezcla de altas en urbanas y bajas en remotas), con ~120,000 personas diarias (estimado de 5.2 millones estacionales en ciudad extrapolado). Capacidad m\u00e1xima: ~200,000 (1,200,000 \/ 6).<\/p>\n<p>Densidades en playas clave:<\/p>\n<p>&#8211; Castelldefels (500,000 m\u00b2): ~0.10 personas\/m\u00b2 (alta, ~50,000 personas).<br \/>\n&#8211; Sitges (La Barra, ~100,000 m\u00b2): ~0.12 personas\/m\u00b2 (~12,000 personas).<br \/>\n&#8211; Badalona (Coco, ~50,000 m\u00b2): ~0.08 personas\/m\u00b2 (~4,000 personas).<br \/>\n&#8211; Vilanova i la Geltr\u00fa (Ribes Roges, ~80,000 m\u00b2): ~0.11 personas\/m\u00b2 (~8,800 personas).<br \/>\n&#8211; Otras (promedio de 30 playas remotas, ~20,000 m\u00b2 cada una): ~0.05 personas\/m\u00b2 (~1,000 personas cada una).<\/p>\n<p><em>*Media para la provincia: Considerando variabilidad, suma de densidades (~3.0 para muestras clave + 1.5 para remotas) \/ 42 \u2248 0.11 personas\/m\u00b2. El c\u00e1lculo se basa en ponderar por \u00e1rea: total personas (120,000) \/ total \u00e1rea (1,200,000) = 0.10, ajustado a 0.11 por datos de The Objective.<\/em><\/p>\n<p>Estos c\u00e1lculos muestran que la ciudad es m\u00e1s densa (0.15 vs. 0.11), pero la provincia sufre picos localizados.<\/p>\n<h2>Las Playas M\u00e1s Solitarias: Refugios de Tranquilidad<\/h2>\n<p>En contraste, playas como las del Garraf (Remolar, Roques Blanques) y Cala Morisca (Sitges) destacan por su baja ocupaci\u00f3n. Seg\u00fan Barcelona Secreta y Traveler, estas ofrecen densidades inferiores a 0.03 personas\/m\u00b2, con menos de 500 visitantes diarios en agosto. Otras como Playa de les Banyeretes (Maresme) y Pont del Petroli (Badalona) mantienen niveles bajos gracias a su acceso dif\u00edcil y ausencia de servicios masivos.<\/p>\n<h2>Quejas de los Ba\u00f1istas: Voces de Frustraci\u00f3n<\/h2>\n<p>Los ba\u00f1istas no callan. En redes sociales y medios, las denuncias abundan. Usuarios en X (anteriormente Twitter) como @socorristasbcn destacan la huelga indefinida de socorristas desde agosto, que deja playas con bandera roja y torres cerradas, aumentando riesgos durante la ola de calor. \u00abCondiciones indignas e insalubres\u00bb, denuncia @touri_news, refiri\u00e9ndose a m\u00f3dulos de rescate deficientes y d\u00e9ficit de personal.<\/p>\n<p>Otras quejas incluyen suciedad y basura, como reporta @MarceOzz: \u00ab73.000 personas mirando la basura&#8230; junten sus mugres\u00bb. Robos y comportamiento tur\u00edstico inc\u00edvico son comunes, con @diego_gon criticando la permisividad con vendedores ilegales. Metropoli Abierta reporta socavones en Llevant y \u00ababandono institucional\u00bb. Adem\u00e1s, multas de hasta 750 euros por reservar espacios tempranos generan indignaci\u00f3n, como en posts de @elmundoes. Ruido, ratas y contaminaci\u00f3n completan el panorama, con @riverolavic calificando este verano como \u00abuno de los peores\u00bb por falta de higiene.<\/p>\n<h2>Hacia un Equilibrio Sostenible<\/h2>\n<p>Las costas barcelonesas son un tesoro, pero la masificaci\u00f3n amenaza su encanto. Con densidades promedio de 0.15 en la ciudad y 0.11 en la provincia, urge una gesti\u00f3n mejor, como l\u00edmites de aforo y campa\u00f1as de concienciaci\u00f3n. Fuentes como Ecologistas en Acci\u00f3n alertan de \u00abbanderas negras\u00bb por contaminaci\u00f3n. Mientras, playas solitarias recuerdan que la verdadera escapada est\u00e1 en lo menos transitado. Los ba\u00f1istas exigen acci\u00f3n: \u00bfescuchar\u00e1 Barcelona?<\/p>","protected":false},"excerpt":{"rendered":"<p>Las costas de la provincia de Barcelona bullen de actividad. Con temperaturas que superan los 30 grados Celsius y una ola de calor que persiste, miles de locales y turistas acuden a las playas en busca de refugio junto al mar. Sin embargo, esta afluencia masiva ha convertido a muchas [&hellip;]<\/p>\n","protected":false},"author":3,"featured_media":66074,"comment_status":"closed","ping_status":"closed","sticky":false,"template":"","format":"standard","meta":{"footnotes":""},"categories":[76],"tags":[],"class_list":["post-66073","post","type-post","status-publish","format-standard","has-post-thumbnail","hentry","category-barcelona"],"yoast_head":"<!-- This site is optimized with the Yoast SEO plugin v27.5 - https:\/\/yoast.com\/product\/yoast-seo-wordpress\/ -->\n<title>Verano de multitudes en las playas de Barcelona - Revista Rambla<\/title>\n<meta name=\"robots\" content=\"index, follow, max-snippet:-1, max-image-preview:large, max-video-preview:-1\" \/>\n<link rel=\"canonical\" href=\"https:\/\/www.revistarambla.com\/en\/verano-de-multitudes-en-las-playas-de-barcelona\/\" \/>\n<meta property=\"og:locale\" content=\"en_GB\" \/>\n<meta property=\"og:type\" content=\"article\" \/>\n<meta property=\"og:title\" content=\"Verano de multitudes en las playas de Barcelona - Revista Rambla\" \/>\n<meta property=\"og:description\" content=\"Las costas de la provincia de Barcelona bullen de actividad. Con temperaturas que superan los 30 grados Celsius y una ola de calor que persiste, miles de locales y turistas acuden a las playas en busca de refugio junto al mar. Sin embargo, esta afluencia masiva ha convertido a muchas [&hellip;]\" \/>\n<meta property=\"og:url\" content=\"https:\/\/www.revistarambla.com\/en\/verano-de-multitudes-en-las-playas-de-barcelona\/\" \/>\n<meta property=\"og:site_name\" content=\"Revista Rambla\" \/>\n<meta property=\"article:publisher\" content=\"https:\/\/www.facebook.com\/revistarambla\/\" \/>\n<meta property=\"article:author\" content=\"https:\/\/www.facebook.com\/revistarambla\" \/>\n<meta property=\"article:published_time\" content=\"2025-08-11T11:49:45+00:00\" \/>\n<meta property=\"article:modified_time\" content=\"2025-08-12T09:40:53+00:00\" \/>\n<meta property=\"og:image\" content=\"https:\/\/www.revistarambla.com\/wp-content\/uploads\/2025\/08\/PLAYA-BARCELONA-BOGATELL.jpg\" \/>\n\t<meta property=\"og:image:width\" content=\"1280\" \/>\n\t<meta property=\"og:image:height\" content=\"720\" \/>\n\t<meta property=\"og:image:type\" content=\"image\/jpeg\" \/>\n<meta name=\"author\" content=\"R@mbla\" \/>\n<meta name=\"twitter:card\" content=\"summary_large_image\" \/>\n<meta name=\"twitter:creator\" content=\"@revistarambla\" \/>\n<meta name=\"twitter:site\" content=\"@revistarambla\" \/>\n<meta name=\"twitter:label1\" content=\"Written by\" \/>\n\t<meta name=\"twitter:data1\" content=\"R@mbla\" \/>\n\t<meta name=\"twitter:label2\" content=\"Estimated reading time\" \/>\n\t<meta name=\"twitter:data2\" content=\"6 minutes\" \/>\n<script type=\"application\/ld+json\" class=\"yoast-schema-graph\">{\"@context\":\"https:\\\/\\\/schema.org\",\"@graph\":[{\"@type\":\"Article\",\"@id\":\"https:\\\/\\\/www.revistarambla.com\\\/verano-de-multitudes-en-las-playas-de-barcelona\\\/#article\",\"isPartOf\":{\"@id\":\"https:\\\/\\\/www.revistarambla.com\\\/verano-de-multitudes-en-las-playas-de-barcelona\\\/\"},\"author\":{\"name\":\"R@mbla\",\"@id\":\"https:\\\/\\\/www.revistarambla.com\\\/#\\\/schema\\\/person\\\/a146a5a2550b94981a75131180e1bd9c\"},\"headline\":\"Verano de multitudes en las playas de Barcelona\",\"datePublished\":\"2025-08-11T11:49:45+00:00\",\"dateModified\":\"2025-08-12T09:40:53+00:00\",\"mainEntityOfPage\":{\"@id\":\"https:\\\/\\\/www.revistarambla.com\\\/verano-de-multitudes-en-las-playas-de-barcelona\\\/\"},\"wordCount\":1262,\"publisher\":{\"@id\":\"https:\\\/\\\/www.revistarambla.com\\\/#organization\"},\"image\":{\"@id\":\"https:\\\/\\\/www.revistarambla.com\\\/verano-de-multitudes-en-las-playas-de-barcelona\\\/#primaryimage\"},\"thumbnailUrl\":\"https:\\\/\\\/www.revistarambla.com\\\/wp-content\\\/uploads\\\/2025\\\/08\\\/PLAYA-BARCELONA-BOGATELL.jpg\",\"articleSection\":[\"Barcelona\"],\"inLanguage\":\"en-GB\"},{\"@type\":\"WebPage\",\"@id\":\"https:\\\/\\\/www.revistarambla.com\\\/verano-de-multitudes-en-las-playas-de-barcelona\\\/\",\"url\":\"https:\\\/\\\/www.revistarambla.com\\\/verano-de-multitudes-en-las-playas-de-barcelona\\\/\",\"name\":\"Verano de multitudes en las playas de Barcelona - Revista Rambla\",\"isPartOf\":{\"@id\":\"https:\\\/\\\/www.revistarambla.com\\\/#website\"},\"primaryImageOfPage\":{\"@id\":\"https:\\\/\\\/www.revistarambla.com\\\/verano-de-multitudes-en-las-playas-de-barcelona\\\/#primaryimage\"},\"image\":{\"@id\":\"https:\\\/\\\/www.revistarambla.com\\\/verano-de-multitudes-en-las-playas-de-barcelona\\\/#primaryimage\"},\"thumbnailUrl\":\"https:\\\/\\\/www.revistarambla.com\\\/wp-content\\\/uploads\\\/2025\\\/08\\\/PLAYA-BARCELONA-BOGATELL.jpg\",\"datePublished\":\"2025-08-11T11:49:45+00:00\",\"dateModified\":\"2025-08-12T09:40:53+00:00\",\"breadcrumb\":{\"@id\":\"https:\\\/\\\/www.revistarambla.com\\\/verano-de-multitudes-en-las-playas-de-barcelona\\\/#breadcrumb\"},\"inLanguage\":\"en-GB\",\"potentialAction\":[{\"@type\":\"ReadAction\",\"target\":[\"https:\\\/\\\/www.revistarambla.com\\\/verano-de-multitudes-en-las-playas-de-barcelona\\\/\"]}]},{\"@type\":\"ImageObject\",\"inLanguage\":\"en-GB\",\"@id\":\"https:\\\/\\\/www.revistarambla.com\\\/verano-de-multitudes-en-las-playas-de-barcelona\\\/#primaryimage\",\"url\":\"https:\\\/\\\/www.revistarambla.com\\\/wp-content\\\/uploads\\\/2025\\\/08\\\/PLAYA-BARCELONA-BOGATELL.jpg\",\"contentUrl\":\"https:\\\/\\\/www.revistarambla.com\\\/wp-content\\\/uploads\\\/2025\\\/08\\\/PLAYA-BARCELONA-BOGATELL.jpg\",\"width\":1280,\"height\":720,\"caption\":\"PLAYAS BARCELONA\"},{\"@type\":\"BreadcrumbList\",\"@id\":\"https:\\\/\\\/www.revistarambla.com\\\/verano-de-multitudes-en-las-playas-de-barcelona\\\/#breadcrumb\",\"itemListElement\":[{\"@type\":\"ListItem\",\"position\":1,\"name\":\"Portada\",\"item\":\"https:\\\/\\\/www.revistarambla.com\\\/\"},{\"@type\":\"ListItem\",\"position\":2,\"name\":\"Verano de multitudes en las playas de Barcelona\"}]},{\"@type\":\"WebSite\",\"@id\":\"https:\\\/\\\/www.revistarambla.com\\\/#website\",\"url\":\"https:\\\/\\\/www.revistarambla.com\\\/\",\"name\":\"Revista Rambla Barcelona\",\"description\":\"Periodismo independiente\",\"publisher\":{\"@id\":\"https:\\\/\\\/www.revistarambla.com\\\/#organization\"},\"potentialAction\":[{\"@type\":\"SearchAction\",\"target\":{\"@type\":\"EntryPoint\",\"urlTemplate\":\"https:\\\/\\\/www.revistarambla.com\\\/?s={search_term_string}\"},\"query-input\":{\"@type\":\"PropertyValueSpecification\",\"valueRequired\":true,\"valueName\":\"search_term_string\"}}],\"inLanguage\":\"en-GB\"},{\"@type\":\"Organization\",\"@id\":\"https:\\\/\\\/www.revistarambla.com\\\/#organization\",\"name\":\"Revista Rambla\",\"url\":\"https:\\\/\\\/www.revistarambla.com\\\/\",\"logo\":{\"@type\":\"ImageObject\",\"inLanguage\":\"en-GB\",\"@id\":\"https:\\\/\\\/www.revistarambla.com\\\/#\\\/schema\\\/logo\\\/image\\\/\",\"url\":\"https:\\\/\\\/www.revistarambla.com\\\/wp-content\\\/uploads\\\/2020\\\/09\\\/banner_rambla_1900x600_BB.png\",\"contentUrl\":\"https:\\\/\\\/www.revistarambla.com\\\/wp-content\\\/uploads\\\/2020\\\/09\\\/banner_rambla_1900x600_BB.png\",\"width\":1900,\"height\":600,\"caption\":\"Revista Rambla\"},\"image\":{\"@id\":\"https:\\\/\\\/www.revistarambla.com\\\/#\\\/schema\\\/logo\\\/image\\\/\"},\"sameAs\":[\"https:\\\/\\\/www.facebook.com\\\/revistarambla\\\/\",\"https:\\\/\\\/x.com\\\/revistarambla\",\"https:\\\/\\\/www.instagram.com\\\/revista_rambla\",\"https:\\\/\\\/es.linkedin.com\\\/company\\\/revista-rambla\"]},{\"@type\":\"Person\",\"@id\":\"https:\\\/\\\/www.revistarambla.com\\\/#\\\/schema\\\/person\\\/a146a5a2550b94981a75131180e1bd9c\",\"name\":\"R@mbla\",\"description\":\"Este art\u00edculo ha sido redactado y\\\/o validado por el equipo de redacci\u00f3n de Revista Rambla.\",\"sameAs\":[\"https:\\\/\\\/www.revistarambla.com\\\/\",\"https:\\\/\\\/www.facebook.com\\\/revistarambla\",\"https:\\\/\\\/x.com\\\/revistarambla\"]}]}<\/script>\n<!-- \/ Yoast SEO plugin. -->","yoast_head_json":{"title":"Verano de multitudes en las playas de Barcelona - Revista Rambla","robots":{"index":"index","follow":"follow","max-snippet":"max-snippet:-1","max-image-preview":"max-image-preview:large","max-video-preview":"max-video-preview:-1"},"canonical":"https:\/\/www.revistarambla.com\/en\/verano-de-multitudes-en-las-playas-de-barcelona\/","og_locale":"en_GB","og_type":"article","og_title":"Verano de multitudes en las playas de Barcelona - Revista Rambla","og_description":"Las costas de la provincia de Barcelona bullen de actividad. Con temperaturas que superan los 30 grados Celsius y una ola de calor que persiste, miles de locales y turistas acuden a las playas en busca de refugio junto al mar. Sin embargo, esta afluencia masiva ha convertido a muchas [&hellip;]","og_url":"https:\/\/www.revistarambla.com\/en\/verano-de-multitudes-en-las-playas-de-barcelona\/","og_site_name":"Revista Rambla","article_publisher":"https:\/\/www.facebook.com\/revistarambla\/","article_author":"https:\/\/www.facebook.com\/revistarambla","article_published_time":"2025-08-11T11:49:45+00:00","article_modified_time":"2025-08-12T09:40:53+00:00","og_image":[{"width":1280,"height":720,"url":"https:\/\/www.revistarambla.com\/wp-content\/uploads\/2025\/08\/PLAYA-BARCELONA-BOGATELL.jpg","type":"image\/jpeg"}],"author":"R@mbla","twitter_card":"summary_large_image","twitter_creator":"@revistarambla","twitter_site":"@revistarambla","twitter_misc":{"Written by":"R@mbla","Estimated reading time":"6 minutes"},"schema":{"@context":"https:\/\/schema.org","@graph":[{"@type":"Article","@id":"https:\/\/www.revistarambla.com\/verano-de-multitudes-en-las-playas-de-barcelona\/#article","isPartOf":{"@id":"https:\/\/www.revistarambla.com\/verano-de-multitudes-en-las-playas-de-barcelona\/"},"author":{"name":"R@mbla","@id":"https:\/\/www.revistarambla.com\/#\/schema\/person\/a146a5a2550b94981a75131180e1bd9c"},"headline":"Verano de multitudes en las playas de Barcelona","datePublished":"2025-08-11T11:49:45+00:00","dateModified":"2025-08-12T09:40:53+00:00","mainEntityOfPage":{"@id":"https:\/\/www.revistarambla.com\/verano-de-multitudes-en-las-playas-de-barcelona\/"},"wordCount":1262,"publisher":{"@id":"https:\/\/www.revistarambla.com\/#organization"},"image":{"@id":"https:\/\/www.revistarambla.com\/verano-de-multitudes-en-las-playas-de-barcelona\/#primaryimage"},"thumbnailUrl":"https:\/\/www.revistarambla.com\/wp-content\/uploads\/2025\/08\/PLAYA-BARCELONA-BOGATELL.jpg","articleSection":["Barcelona"],"inLanguage":"en-GB"},{"@type":"WebPage","@id":"https:\/\/www.revistarambla.com\/verano-de-multitudes-en-las-playas-de-barcelona\/","url":"https:\/\/www.revistarambla.com\/verano-de-multitudes-en-las-playas-de-barcelona\/","name":"Verano de multitudes en las playas de Barcelona - Revista Rambla","isPartOf":{"@id":"https:\/\/www.revistarambla.com\/#website"},"primaryImageOfPage":{"@id":"https:\/\/www.revistarambla.com\/verano-de-multitudes-en-las-playas-de-barcelona\/#primaryimage"},"image":{"@id":"https:\/\/www.revistarambla.com\/verano-de-multitudes-en-las-playas-de-barcelona\/#primaryimage"},"thumbnailUrl":"https:\/\/www.revistarambla.com\/wp-content\/uploads\/2025\/08\/PLAYA-BARCELONA-BOGATELL.jpg","datePublished":"2025-08-11T11:49:45+00:00","dateModified":"2025-08-12T09:40:53+00:00","breadcrumb":{"@id":"https:\/\/www.revistarambla.com\/verano-de-multitudes-en-las-playas-de-barcelona\/#breadcrumb"},"inLanguage":"en-GB","potentialAction":[{"@type":"ReadAction","target":["https:\/\/www.revistarambla.com\/verano-de-multitudes-en-las-playas-de-barcelona\/"]}]},{"@type":"ImageObject","inLanguage":"en-GB","@id":"https:\/\/www.revistarambla.com\/verano-de-multitudes-en-las-playas-de-barcelona\/#primaryimage","url":"https:\/\/www.revistarambla.com\/wp-content\/uploads\/2025\/08\/PLAYA-BARCELONA-BOGATELL.jpg","contentUrl":"https:\/\/www.revistarambla.com\/wp-content\/uploads\/2025\/08\/PLAYA-BARCELONA-BOGATELL.jpg","width":1280,"height":720,"caption":"PLAYAS BARCELONA"},{"@type":"BreadcrumbList","@id":"https:\/\/www.revistarambla.com\/verano-de-multitudes-en-las-playas-de-barcelona\/#breadcrumb","itemListElement":[{"@type":"ListItem","position":1,"name":"Portada","item":"https:\/\/www.revistarambla.com\/"},{"@type":"ListItem","position":2,"name":"Verano de multitudes en las playas de Barcelona"}]},{"@type":"WebSite","@id":"https:\/\/www.revistarambla.com\/#website","url":"https:\/\/www.revistarambla.com\/","name":"Revista Rambla Barcelona","description":"Periodismo independiente","publisher":{"@id":"https:\/\/www.revistarambla.com\/#organization"},"potentialAction":[{"@type":"SearchAction","target":{"@type":"EntryPoint","urlTemplate":"https:\/\/www.revistarambla.com\/?s={search_term_string}"},"query-input":{"@type":"PropertyValueSpecification","valueRequired":true,"valueName":"search_term_string"}}],"inLanguage":"en-GB"},{"@type":"Organization","@id":"https:\/\/www.revistarambla.com\/#organization","name":"Revista Rambla","url":"https:\/\/www.revistarambla.com\/","logo":{"@type":"ImageObject","inLanguage":"en-GB","@id":"https:\/\/www.revistarambla.com\/#\/schema\/logo\/image\/","url":"https:\/\/www.revistarambla.com\/wp-content\/uploads\/2020\/09\/banner_rambla_1900x600_BB.png","contentUrl":"https:\/\/www.revistarambla.com\/wp-content\/uploads\/2020\/09\/banner_rambla_1900x600_BB.png","width":1900,"height":600,"caption":"Revista Rambla"},"image":{"@id":"https:\/\/www.revistarambla.com\/#\/schema\/logo\/image\/"},"sameAs":["https:\/\/www.facebook.com\/revistarambla\/","https:\/\/x.com\/revistarambla","https:\/\/www.instagram.com\/revista_rambla","https:\/\/es.linkedin.com\/company\/revista-rambla"]},{"@type":"Person","@id":"https:\/\/www.revistarambla.com\/#\/schema\/person\/a146a5a2550b94981a75131180e1bd9c","name":"R@mbla","description":"Este art\u00edculo ha sido redactado y\/o validado por el equipo de redacci\u00f3n de Revista Rambla.","sameAs":["https:\/\/www.revistarambla.com\/","https:\/\/www.facebook.com\/revistarambla","https:\/\/x.com\/revistarambla"]}]}},"_links":{"self":[{"href":"https:\/\/www.revistarambla.com\/en\/wp-json\/wp\/v2\/posts\/66073","targetHints":{"allow":["GET"]}}],"collection":[{"href":"https:\/\/www.revistarambla.com\/en\/wp-json\/wp\/v2\/posts"}],"about":[{"href":"https:\/\/www.revistarambla.com\/en\/wp-json\/wp\/v2\/types\/post"}],"author":[{"embeddable":true,"href":"https:\/\/www.revistarambla.com\/en\/wp-json\/wp\/v2\/users\/3"}],"replies":[{"embeddable":true,"href":"https:\/\/www.revistarambla.com\/en\/wp-json\/wp\/v2\/comments?post=66073"}],"version-history":[{"count":1,"href":"https:\/\/www.revistarambla.com\/en\/wp-json\/wp\/v2\/posts\/66073\/revisions"}],"predecessor-version":[{"id":66075,"href":"https:\/\/www.revistarambla.com\/en\/wp-json\/wp\/v2\/posts\/66073\/revisions\/66075"}],"wp:featuredmedia":[{"embeddable":true,"href":"https:\/\/www.revistarambla.com\/en\/wp-json\/wp\/v2\/media\/66074"}],"wp:attachment":[{"href":"https:\/\/www.revistarambla.com\/en\/wp-json\/wp\/v2\/media?parent=66073"}],"wp:term":[{"taxonomy":"category","embeddable":true,"href":"https:\/\/www.revistarambla.com\/en\/wp-json\/wp\/v2\/categories?post=66073"},{"taxonomy":"post_tag","embeddable":true,"href":"https:\/\/www.revistarambla.com\/en\/wp-json\/wp\/v2\/tags?post=66073"}],"curies":[{"name":"wp","href":"https:\/\/api.w.org\/{rel}","templated":true}]}}