{"id":66067,"date":"2025-08-11T13:34:52","date_gmt":"2025-08-11T11:34:52","guid":{"rendered":"https:\/\/www.revistarambla.com\/?p=66067"},"modified":"2025-08-11T13:34:52","modified_gmt":"2025-08-11T11:34:52","slug":"mercosur-europa-criticas-desde-ambas-orillas","status":"publish","type":"post","link":"https:\/\/www.revistarambla.com\/en\/mercosur-europa-criticas-desde-ambas-orillas\/","title":{"rendered":"MERCOSUR-Europa, cr\u00edticas desde ambas orillas"},"content":{"rendered":"<p class=\"x_976516929ydp7f9efeadyiv3640542185ydp634608c0yiv0877869317ydpada39195MsoNormal\"><b><span lang=\"ES\">Los acuerdos de libre comercio del MERCOSUR con Europa entran en una fase decisiva. En paralelo, se incrementan las cr\u00edticas de los movimientos sociales.<\/span><\/b><\/p>\n<p class=\"x_976516929ydp7f9efeadyiv3640542185ydp634608c0yiv0877869317ydpada39195MsoNormal\"><span lang=\"ES\">A inicios de julio y luego de 8 a\u00f1os y 14 rondas de negociaciones, los pa\u00edses del MERCOSUR (Argentina, Brasil, Paraguay y Uruguay) anunciaron la conclusi\u00f3n de un tratado de libre comercio con sus contrapartes de<\/span> la Asociaci\u00f3n Europea de Libre Comercio<span lang=\"ES\"> (EFTA), la cual re\u00fane a Islandia, el Principado de Liechtenstein, Noruega y Suiza. \u00a0Aunque el proceso de revisi\u00f3n jur\u00eddica, suscripci\u00f3n formal y ratificaci\u00f3n por parte de cada parlamento podr\u00eda durar varios meses, el fin de las negociaciones de este \u201cmini acuerdo\u201d manda una se\u00f1al pol\u00edtica por elevaci\u00f3n a las partes que deben ratificar el \u201cgran acuerdo\u201d. Es decir, el Tratado de Libre Comercio entre el MERCOSUR y el conjunto de los 27 Estados de la Uni\u00f3n Europea (UE). Aunque aceptado formalmente en diciembre de 2024, el mismo transita la fase de traducci\u00f3n y debate parlamentario en los dos bloques.<\/span><\/p>\n<p class=\"x_976516929ydp7f9efeadyiv3640542185ydp634608c0yiv0877869317ydpada39195MsoNormal\"><span lang=\"ES\">Lo negociado entre el MERCOSUR y EFTA aparece, as\u00ed, como un nuevo globo de ensayo de toda la negociaci\u00f3n entre Am\u00e9rica del Sur y Europa, la cual es criticada por organizaciones campesinas y sindicales, as\u00ed como por Organismos No Gubernamentales ambientalistas y de la cooperaci\u00f3n con el desarrollo. Estas cr\u00edticas, en su momento, se concentraron en el \u201csecretismo\u201d de la discusi\u00f3n, concretamente, en el hecho de que un pu\u00f1ado de negociadores &#8211;que no inclu\u00eda ni a los mismos parlamentarios nacionales&#8211; eran los \u00fanicos que conoc\u00edan las propuestas iniciales del tratado. Ahora se centran en los contenidos esenciales que los movimientos sociales consideran riesgosos tanto para el medio ambiente como para el campesinado y los trabajadores a ambos lados del Atl\u00e1ntico.<\/span><\/p>\n<p class=\"x_976516929ydp7f9efeadyiv3640542185ydp634608c0yiv0877869317ydpada39195MsoNormal\"><b><span lang=\"ES\">MERCOSUR-EFTA, el acuerdo \u201cpeque\u00f1o\u201d<\/span><\/b><\/p>\n<p class=\"x_976516929ydp7f9efeadyiv3640542185ydp634608c0yiv0877869317ydpada39195MsoNormal\">E<span lang=\"ES\">l Tratado de Libre Comercio MERCOSUR\u2013EFTA se propone crear un \u00e1rea de libre comercio de casi 300 millones de personas. Seg\u00fan el propio comunicado del MERCOSUR, \u201cAmbos lados se beneficiar\u00e1n de mejoras de acceso a los mercados para m\u00e1s del 97% de sus exportaciones, lo que se traducir\u00e1 en un incremento del comercio bilateral y ventajas para empresas e individuos\u201d. Su meta es abarcar pr\u00e1cticamente todas las \u00e1reas de actividades del intercambio. Regir\u00e1 el comercio de bienes, servicios, inversiones, derechos de propiedad intelectual, compras p\u00fablicas, competencia, medidas sanitarias y fitosanitarias, obst\u00e1culos t\u00e9cnicos al comercio, asuntos legales y horizontales, incluyendo la resoluci\u00f3n de controversias. Incorpora tambi\u00e9n un cap\u00edtulo de comercio y desarrollo sostenible que las voces cr\u00edticas consideran formal e insuficiente (<\/span><i><span lang=\"ES\"><a href=\"https:\/\/www.mercosur.int\/comunicadomercosurefta\/\" target=\"_blank\" rel=\"nofollow noopener\">https:\/\/www.mercosur.int\/comunicadomercosurefta\/<\/a><\/span><\/i><span lang=\"ES\">).<\/span><\/p>\n<p class=\"x_976516929ydp7f9efeadyiv3640542185ydp634608c0yiv0877869317ydpada39195MsoNormal\">Suiza, uno de los pa\u00edses m\u00e1s interesados en concretar el Tratado, se refriega las manos de alegr\u00eda. <span lang=\"ES\">En 2024, las exportaciones <\/span>helv\u00e9ticas a<span lang=\"ES\"> los pa\u00edses del M<\/span>ERCOSUR ascendieron a <span lang=\"ES\">4.<\/span>9<span lang=\"ES\">00 millones de <\/span>d\u00f3lares<span lang=\"ES\">, mientras que sus importaciones, sin contar el comercio del oro, fueron cinco veces menores.<\/span> Si bien el balance comercial ya le resultaba muy positivo a la Confederaci\u00f3n Helv\u00e9tica, a partir de<span lang=\"ES\"> este nuevo acuerdo \u2013y seg\u00fan sus propios c\u00e1lculos iniciales\u2014 casi 95% de sus exportaciones a los pa\u00edses del M<\/span>ERCOSUR<span lang=\"ES\"> quedar\u00eda completamente exento de aranceles. Por su parte, Suiza le otorgar\u00eda al M<\/span>ERCOSUR <span lang=\"ES\">veinticinco cuotas bilaterales de productos agr\u00edcolas sensibles, es decir, se comprometer\u00eda a importar una determinada cantidad de bienes de su contraparte latinoamericana. Berna le reasegur\u00f3 a su ciudan\u00eda que estas cuotas de importaci\u00f3n \u201cson sostenibles para la agricultura suiza\u201d (<\/span><i><span lang=\"ES\"><a href=\"https:\/\/www.news.admin.ch\/fr\/newnsb\/SDd_zA6Nwk3jvERPp6UZs\" target=\"_blank\" rel=\"nofollow noopener\">https:\/\/www.news.admin.ch\/fr\/newnsb\/SDd_zA6Nwk3jvERPp6UZs<\/a><\/span><\/i><span lang=\"ES\">)<\/span><span lang=\"ES\">.<\/span><\/p>\n<p class=\"x_976516929ydp7f9efeadyiv3640542185ydp634608c0yiv0877869317ydpada39195MsoNormal\"><b><span lang=\"ES\">El \u201cgran\u201d acuerdo MERCOSUR-Uni\u00f3n Europea en la mira<\/span><\/b><\/p>\n<p class=\"x_976516929ydp7f9efeadyiv3640542185ydp634608c0yiv0877869317ydpada39195MsoNormal\">La Uni\u00f3n Europea y los pa\u00edses del MERCOSUR acordaron un tratado en diciembre de 2024 luego de casi cinco lustros de negociaciones. Ahora falta su ratificaci\u00f3n por cada uno de los parlamentos sudamericanos y los 27 pa\u00edses europeos, as\u00ed como la del Consejo y la del Parlamento Europeos. Sin embargo, algunas partes del acuerdo podr\u00edan entran en vigor provisionalmente tan solo con la firma de la instituci\u00f3n supra europea y la de su contraparte sudamericana. De aprobarse definitivamente, \u00e9ste ser\u00eda uno de los tratados de libre comercio de m\u00e1s impacto a nivel internacional: cerca de 700 millones de personas en pa\u00edses que representan casi un cuarto del Producto Interno Bruto mundial.<\/p>\n<p class=\"x_976516929ydp7f9efeadyiv3640542185ydp634608c0yiv0877869317ydpada39195MsoNormal\">La \u00faltima palabra, sin embargo, a\u00fan no se ha dicho. Varios gobiernos europeos, incluyendo Francia, Austria y Polonia, se oponen, en tanto que otros, como B\u00e9lgica, podr\u00edan abstenerse (hasta ahora, Italia y Pa\u00edses Bajos se muestran esc\u00e9pticos). Para bloquear el acuerdo es necesario un m\u00ednimo de cuatro pa\u00edses que re\u00fanan conjuntamente el 35% de la poblaci\u00f3n de la UE.<\/p>\n<p class=\"x_976516929ydp7f9efeadyiv3640542185ydp634608c0yiv0877869317ydpada39195MsoNormal\">Importantes actores sociales vienen manifestando desde hace a\u00f1os su abierta oposici\u00f3n a este tratado por considerarlo \u201c<a href=\"https:\/\/www.cncd.be\/-stop-ue-mercosur-\" target=\"_blank\" rel=\"nofollow noopener\">un acuerdo t\u00f3xico para los agricultores, el medio ambiente y los derechos sociales y humanos<\/a> aqu\u00ed [en Europa] como en los pa\u00edses del Mercosur\u201d. Numerosos \u201cmovimientos sociales, ONG, ciudadanos, agricultores, activistas, sindicatos, movimientos estudiantiles, mutualidades, asociaciones ecologistas y asociaciones de promoci\u00f3n de la salud\u201d, entre otros, acaban de convocar una movilizaci\u00f3n en el Barrio Europeo de Bruselas (sede del ejecutivo de la UE) para el 4 de septiembre. (<i><a href=\"https:\/\/www.cncd.be\/bruxelles-4-septembre-2025-mobilisation-stop-ue-mercosur\" target=\"_blank\" rel=\"nofollow noopener\">https:\/\/www.cncd.be\/bruxelles-4-septembre-2025-mobilisation-stop-ue-mercosur<\/a><\/i>). Si bien la votaci\u00f3n en el Consejo de la Uni\u00f3n Europea podr\u00eda realizarse a mediados de ese mes, es probable que la fecha precisa reci\u00e9n se anuncie a \u00faltimo momento, algo que les preocupa a estas organizaciones. Seg\u00fan ellas, estos \u201cprocesos opacos\u201d presuponen \u201cintentos por debilitar nuestro movimiento\u201d. De all\u00ed, argumentan, la necesidad imperiosa de autoconvocarse. Adem\u00e1s, explican que \u201calgunos gobiernos [de la UE] intentan impulsar el acuerdo con un anexo sobre el clima, supuestamente destinado a responder a las cr\u00edticas\u201d. Sin embargo, sostienen los convocantes, \u201ceste anexo no modificar\u00eda en absoluto los impactos reales sobre el medio ambiente, los derechos humanos y la agricultura, tanto aqu\u00ed como en los pa\u00edses del MERCOSUR\u201d.<\/p>\n<p class=\"x_976516929ydp7f9efeadyiv3640542185ydp634608c0yiv0877869317ydpada39195MsoNormal\"><b>Ira social en aumento<\/b><\/p>\n<p class=\"x_976516929ydp7f9efeadyiv3640542185ydp634608c0yiv0877869317ydpada39195MsoNormal\"><span lang=\"ES\">A mediados de julio, cuatro de las principales organizaciones rurales europeas les enviaron una carta a los responsables pol\u00edticos de la UE para pedirles que rechacen el acuerdo comercial UE- MERCOSUR en su forma actual. Dicho convenio, argumentaron, podr\u00eda causar \u201cda\u00f1os irreversibles\u201d a sectores vulnerables de la agricultura europea y poner en peligro la soberan\u00eda alimentaria para los pa\u00edses sudamericanos. Sus firmantes son el Consejo Europeo de J\u00f3venes Agricultoras-es (CEJA), el Comit\u00e9 de Organizaciones Profesionales Agr\u00edcolas, la Confederaci\u00f3n General de Cooperativas Agrarias de la Uni\u00f3n Europea (COPA-COGECA), la Coordinadora Europea V\u00eda Campesina (ECVC) y la Federaci\u00f3n Europea de Sindicatos de Alimentaci\u00f3n, Agricultura y Turismo (EFFAT), organizaciones representativas de una amplia diversidad de comunidades rurales y trabajadores del sector agroalimentario del continente<\/span><span lang=\"ES\"> (<\/span><i><a href=\"https:\/\/viacampesina.org\/es\/europa-pequenos-agricultores-y-trabajadores-piden-a-los-ministros-y-eurodiputados-de-la-ue-que-se-opongan-al-acuerdo-comercial-ue-mercosur\/\" target=\"_blank\" rel=\"nofollow noopener\">https:\/\/viacampesina.org\/es\/europa-pequenos-agricultores-y-trabajadores-piden-a-los-ministros-y-eurodiputados-de-la-ue-que-se-opongan-al-acuerdo-comercial-ue-mercosur\/<\/a><\/i>).<\/p>\n<p class=\"x_976516929ydp7f9efeadyiv3640542185ydp634608c0yiv0877869317ydpada39195MsoNormal\">Sus pares latinoamericanos tambi\u00e9n han expresado durante a\u00f1os su rechazo al tratado. Ya en febrero las mujeres de La V\u00eda Campesina marcaron claramente el terreno al afirmar que, aunque \u201c<span lang=\"ES\">el equipo diplom\u00e1tico del gobierno de Lula propuso revisar algunos aspectos, no cambian la esencia de la estructura neocolonial del acuerdo\u201d. Raz\u00f3n por la cual, afirmaron, \u201ces urgente comprender la magnitud de las violaciones sociales previstas y tambi\u00e9n analizar la amenaza a los derechos de las mujeres, especialmente las mujeres del campo, las aguas y los bosques\u201d. Por otra parte, y no menos preocupante, \u201cEl pilar comercial del acuerdo reitera asimetr\u00edas hist\u00f3ricas pues establece aranceles externos desfavorables a los pueblos sudamericanos [al privilegiar] el antiguo intercambio de bienes minerales y agr\u00edcolas producidos por el MERCOSUR por los bienes industrializados provenientes de Europa, como veh\u00edculos, maquinarias y pesticidas\u201d(<\/span><i><a href=\"https:\/\/viacampesina.org\/es\/brasil-como-puede-el-acuerdo-mercosur-union-europea-impactar-la-vida-de-las-mujeres\/\" target=\"_blank\" rel=\"nofollow noopener\">https:\/\/viacampesina.org\/es\/brasil-como-puede-el-acuerdo-mercosur-union-europea-impactar-la-vida-de-las-mujeres\/<\/a><\/i>)<\/p>\n<p class=\"x_976516929ydp7f9efeadyiv3640542185ydp634608c0yiv0877869317ydpada39195MsoNormal\">Sin embargo, la oposici\u00f3n no viene solo de los movimientos sociales rurales. De hecho, la \u00faltima semana de julio la Central \u00danica de los Trabajadores de Brasil (CUT) y la Coordinadora Sindical del Cono Sur (CCSCS) le entregaron personalmente una carta a la delegaci\u00f3n de la Comisi\u00f3n de Comercio Internacional (INTA) del Parlamento Europeo para expresar su oposici\u00f3n al actual Acuerdo MERCOSUR-UE. Parlamentarios europeos y varias organizaciones de la sociedad civil latinoamericanas, entre ellas el Movimiento de los Trabajadores Sin Tierra (MST), de Brasil, asistieron a la ceremonia de entrega de este documento en la ciudad de San Pablo. Redactado en colaboraci\u00f3n con la Confederaci\u00f3n Europea de Sindicatos (CES), denuncia \u201cLa falta de transparencia en las negociaciones, la ausencia de participaci\u00f3n social, el uso de un lenguaje inaccesible y los riesgos concretos que el acuerdo supone para los trabajadores, la industria regional y el medio ambiente\u201d. Los sindicalistas consideran que el tratado profundiza una l\u00f3gica neoliberal y neocolonial, favoreciendo a las grandes corporaciones en detrimento del desarrollo sustentable y la integraci\u00f3n soberana de los pa\u00edses del MERCOSUR. De concretarse, agregan, el mismo provocar\u00e1 desindustrializaci\u00f3n, reducci\u00f3n de la producci\u00f3n nacional y una mayor dependencia de las importaciones de productos manufacturados europeos.<\/p>\n<p class=\"x_976516929ydp7f9efeadyiv3640542185ydp634608c0yiv0877869317ydpada39195MsoNormal\">Luego de 25 a\u00f1os de discusiones, \u00bfpodr\u00e1n Am\u00e9rica del Sur y Europa hacer pasar la p\u00edldora amarga de un acuerdo contestado por varios Estados y repudiado por importantes movimientos sociales de ambos continentes? Pregunta abierta, de muy dif\u00edcil respuesta, y sobre un trasfondo alarmante. Como lo es la ofensiva mundial de aranceles lanzada estos \u00faltimos meses por el proteccionismo <i>trumpiano, <\/i>que promueve una nueva din\u00e1mica comercial y pol\u00edtica que podr\u00eda jugar a favor de los que apuestan a un \u201cmal acuerdo\u201d MERCOSUR-UE como mejor opci\u00f3n a \u201cning\u00fan acuerdo\u201d.<\/p>\n","protected":false},"excerpt":{"rendered":"<p>Movimientos sociales contra un acuerdo riesgoso<\/p>","protected":false},"author":24,"featured_media":66068,"comment_status":"closed","ping_status":"closed","sticky":false,"template":"","format":"standard","meta":{"footnotes":""},"categories":[4108],"tags":[],"class_list":["post-66067","post","type-post","status-publish","format-standard","has-post-thumbnail","hentry","category-el-apunte-de-sergio-ferrari"],"yoast_head":"<!-- This site is optimized with the Yoast SEO plugin v27.5 - https:\/\/yoast.com\/product\/yoast-seo-wordpress\/ -->\n<title>MERCOSUR-Europa, cr\u00edticas desde ambas orillas - Revista Rambla<\/title>\n<meta name=\"robots\" content=\"index, follow, max-snippet:-1, max-image-preview:large, max-video-preview:-1\" \/>\n<link rel=\"canonical\" href=\"https:\/\/www.revistarambla.com\/en\/mercosur-europa-criticas-desde-ambas-orillas\/\" \/>\n<meta property=\"og:locale\" content=\"en_GB\" \/>\n<meta property=\"og:type\" content=\"article\" \/>\n<meta property=\"og:title\" content=\"MERCOSUR-Europa, cr\u00edticas desde ambas orillas - Revista Rambla\" \/>\n<meta property=\"og:description\" content=\"Movimientos sociales contra un acuerdo riesgoso\" \/>\n<meta property=\"og:url\" content=\"https:\/\/www.revistarambla.com\/en\/mercosur-europa-criticas-desde-ambas-orillas\/\" \/>\n<meta property=\"og:site_name\" content=\"Revista Rambla\" \/>\n<meta property=\"article:publisher\" content=\"https:\/\/www.facebook.com\/revistarambla\/\" \/>\n<meta property=\"article:author\" content=\"https:\/\/www.facebook.com\/sergio.ferrari.9655\" \/>\n<meta property=\"article:published_time\" content=\"2025-08-11T11:34:52+00:00\" \/>\n<meta property=\"og:image\" content=\"https:\/\/www.revistarambla.com\/wp-content\/uploads\/2025\/08\/Una-de-las-manifestaciones-campesinas-en-Europa-contra-el-tratado-UE-MERCOSUR.-La-pancarta-dice-SAUQEMOS-LA-ALIMENTACION-DEL-LIBRE-COMERCIO.-Foto-RESAP.jpg\" \/>\n\t<meta property=\"og:image:width\" content=\"640\" \/>\n\t<meta property=\"og:image:height\" content=\"480\" \/>\n\t<meta property=\"og:image:type\" content=\"image\/jpeg\" \/>\n<meta name=\"author\" content=\"Sergio Ferrari\" \/>\n<meta name=\"twitter:card\" content=\"summary_large_image\" \/>\n<meta name=\"twitter:creator\" content=\"@SergiooFerrari\" \/>\n<meta name=\"twitter:site\" content=\"@revistarambla\" \/>\n<meta name=\"twitter:label1\" content=\"Written by\" \/>\n\t<meta name=\"twitter:data1\" content=\"Sergio Ferrari\" \/>\n\t<meta name=\"twitter:label2\" content=\"Estimated reading time\" \/>\n\t<meta name=\"twitter:data2\" content=\"7 minutes\" \/>\n<script type=\"application\/ld+json\" class=\"yoast-schema-graph\">{\"@context\":\"https:\\\/\\\/schema.org\",\"@graph\":[{\"@type\":\"Article\",\"@id\":\"https:\\\/\\\/www.revistarambla.com\\\/mercosur-europa-criticas-desde-ambas-orillas\\\/#article\",\"isPartOf\":{\"@id\":\"https:\\\/\\\/www.revistarambla.com\\\/mercosur-europa-criticas-desde-ambas-orillas\\\/\"},\"author\":{\"name\":\"Sergio Ferrari\",\"@id\":\"https:\\\/\\\/www.revistarambla.com\\\/#\\\/schema\\\/person\\\/339e2410a25811f9912d8a8551fa5d96\"},\"headline\":\"MERCOSUR-Europa, cr\u00edticas desde ambas orillas\",\"datePublished\":\"2025-08-11T11:34:52+00:00\",\"mainEntityOfPage\":{\"@id\":\"https:\\\/\\\/www.revistarambla.com\\\/mercosur-europa-criticas-desde-ambas-orillas\\\/\"},\"wordCount\":1627,\"publisher\":{\"@id\":\"https:\\\/\\\/www.revistarambla.com\\\/#organization\"},\"image\":{\"@id\":\"https:\\\/\\\/www.revistarambla.com\\\/mercosur-europa-criticas-desde-ambas-orillas\\\/#primaryimage\"},\"thumbnailUrl\":\"https:\\\/\\\/www.revistarambla.com\\\/wp-content\\\/uploads\\\/2025\\\/08\\\/Una-de-las-manifestaciones-campesinas-en-Europa-contra-el-tratado-UE-MERCOSUR.-La-pancarta-dice-SAUQEMOS-LA-ALIMENTACION-DEL-LIBRE-COMERCIO.-Foto-RESAP.jpg\",\"articleSection\":[\"El Apunte\"],\"inLanguage\":\"en-GB\"},{\"@type\":\"WebPage\",\"@id\":\"https:\\\/\\\/www.revistarambla.com\\\/mercosur-europa-criticas-desde-ambas-orillas\\\/\",\"url\":\"https:\\\/\\\/www.revistarambla.com\\\/mercosur-europa-criticas-desde-ambas-orillas\\\/\",\"name\":\"MERCOSUR-Europa, cr\u00edticas desde ambas orillas - Revista Rambla\",\"isPartOf\":{\"@id\":\"https:\\\/\\\/www.revistarambla.com\\\/#website\"},\"primaryImageOfPage\":{\"@id\":\"https:\\\/\\\/www.revistarambla.com\\\/mercosur-europa-criticas-desde-ambas-orillas\\\/#primaryimage\"},\"image\":{\"@id\":\"https:\\\/\\\/www.revistarambla.com\\\/mercosur-europa-criticas-desde-ambas-orillas\\\/#primaryimage\"},\"thumbnailUrl\":\"https:\\\/\\\/www.revistarambla.com\\\/wp-content\\\/uploads\\\/2025\\\/08\\\/Una-de-las-manifestaciones-campesinas-en-Europa-contra-el-tratado-UE-MERCOSUR.-La-pancarta-dice-SAUQEMOS-LA-ALIMENTACION-DEL-LIBRE-COMERCIO.-Foto-RESAP.jpg\",\"datePublished\":\"2025-08-11T11:34:52+00:00\",\"breadcrumb\":{\"@id\":\"https:\\\/\\\/www.revistarambla.com\\\/mercosur-europa-criticas-desde-ambas-orillas\\\/#breadcrumb\"},\"inLanguage\":\"en-GB\",\"potentialAction\":[{\"@type\":\"ReadAction\",\"target\":[\"https:\\\/\\\/www.revistarambla.com\\\/mercosur-europa-criticas-desde-ambas-orillas\\\/\"]}]},{\"@type\":\"ImageObject\",\"inLanguage\":\"en-GB\",\"@id\":\"https:\\\/\\\/www.revistarambla.com\\\/mercosur-europa-criticas-desde-ambas-orillas\\\/#primaryimage\",\"url\":\"https:\\\/\\\/www.revistarambla.com\\\/wp-content\\\/uploads\\\/2025\\\/08\\\/Una-de-las-manifestaciones-campesinas-en-Europa-contra-el-tratado-UE-MERCOSUR.-La-pancarta-dice-SAUQEMOS-LA-ALIMENTACION-DEL-LIBRE-COMERCIO.-Foto-RESAP.jpg\",\"contentUrl\":\"https:\\\/\\\/www.revistarambla.com\\\/wp-content\\\/uploads\\\/2025\\\/08\\\/Una-de-las-manifestaciones-campesinas-en-Europa-contra-el-tratado-UE-MERCOSUR.-La-pancarta-dice-SAUQEMOS-LA-ALIMENTACION-DEL-LIBRE-COMERCIO.-Foto-RESAP.jpg\",\"width\":640,\"height\":480,\"caption\":\"MERCOSUR\"},{\"@type\":\"BreadcrumbList\",\"@id\":\"https:\\\/\\\/www.revistarambla.com\\\/mercosur-europa-criticas-desde-ambas-orillas\\\/#breadcrumb\",\"itemListElement\":[{\"@type\":\"ListItem\",\"position\":1,\"name\":\"Portada\",\"item\":\"https:\\\/\\\/www.revistarambla.com\\\/\"},{\"@type\":\"ListItem\",\"position\":2,\"name\":\"MERCOSUR-Europa, cr\u00edticas desde ambas orillas\"}]},{\"@type\":\"WebSite\",\"@id\":\"https:\\\/\\\/www.revistarambla.com\\\/#website\",\"url\":\"https:\\\/\\\/www.revistarambla.com\\\/\",\"name\":\"Revista Rambla Barcelona\",\"description\":\"Periodismo independiente\",\"publisher\":{\"@id\":\"https:\\\/\\\/www.revistarambla.com\\\/#organization\"},\"potentialAction\":[{\"@type\":\"SearchAction\",\"target\":{\"@type\":\"EntryPoint\",\"urlTemplate\":\"https:\\\/\\\/www.revistarambla.com\\\/?s={search_term_string}\"},\"query-input\":{\"@type\":\"PropertyValueSpecification\",\"valueRequired\":true,\"valueName\":\"search_term_string\"}}],\"inLanguage\":\"en-GB\"},{\"@type\":\"Organization\",\"@id\":\"https:\\\/\\\/www.revistarambla.com\\\/#organization\",\"name\":\"Revista Rambla\",\"url\":\"https:\\\/\\\/www.revistarambla.com\\\/\",\"logo\":{\"@type\":\"ImageObject\",\"inLanguage\":\"en-GB\",\"@id\":\"https:\\\/\\\/www.revistarambla.com\\\/#\\\/schema\\\/logo\\\/image\\\/\",\"url\":\"https:\\\/\\\/www.revistarambla.com\\\/wp-content\\\/uploads\\\/2020\\\/09\\\/banner_rambla_1900x600_BB.png\",\"contentUrl\":\"https:\\\/\\\/www.revistarambla.com\\\/wp-content\\\/uploads\\\/2020\\\/09\\\/banner_rambla_1900x600_BB.png\",\"width\":1900,\"height\":600,\"caption\":\"Revista Rambla\"},\"image\":{\"@id\":\"https:\\\/\\\/www.revistarambla.com\\\/#\\\/schema\\\/logo\\\/image\\\/\"},\"sameAs\":[\"https:\\\/\\\/www.facebook.com\\\/revistarambla\\\/\",\"https:\\\/\\\/x.com\\\/revistarambla\",\"https:\\\/\\\/www.instagram.com\\\/revista_rambla\",\"https:\\\/\\\/es.linkedin.com\\\/company\\\/revista-rambla\"]},{\"@type\":\"Person\",\"@id\":\"https:\\\/\\\/www.revistarambla.com\\\/#\\\/schema\\\/person\\\/339e2410a25811f9912d8a8551fa5d96\",\"name\":\"Sergio Ferrari\",\"description\":\"Periodista argentino radicado en Berna, Suiza. Acreditado ante el Gobierno suizo. Colaborador regular de numerosos medios latinoamericanos y europeos.\",\"sameAs\":[\"https:\\\/\\\/www.voltairenet.org\\\/auteur120173.html?lang=es\",\"https:\\\/\\\/www.facebook.com\\\/sergio.ferrari.9655\",\"https:\\\/\\\/x.com\\\/SergiooFerrari\"]}]}<\/script>\n<!-- \/ Yoast SEO plugin. -->","yoast_head_json":{"title":"MERCOSUR-Europa, cr\u00edticas desde ambas orillas - Revista Rambla","robots":{"index":"index","follow":"follow","max-snippet":"max-snippet:-1","max-image-preview":"max-image-preview:large","max-video-preview":"max-video-preview:-1"},"canonical":"https:\/\/www.revistarambla.com\/en\/mercosur-europa-criticas-desde-ambas-orillas\/","og_locale":"en_GB","og_type":"article","og_title":"MERCOSUR-Europa, cr\u00edticas desde ambas orillas - Revista Rambla","og_description":"Movimientos sociales contra un acuerdo riesgoso","og_url":"https:\/\/www.revistarambla.com\/en\/mercosur-europa-criticas-desde-ambas-orillas\/","og_site_name":"Revista Rambla","article_publisher":"https:\/\/www.facebook.com\/revistarambla\/","article_author":"https:\/\/www.facebook.com\/sergio.ferrari.9655","article_published_time":"2025-08-11T11:34:52+00:00","og_image":[{"width":640,"height":480,"url":"https:\/\/www.revistarambla.com\/wp-content\/uploads\/2025\/08\/Una-de-las-manifestaciones-campesinas-en-Europa-contra-el-tratado-UE-MERCOSUR.-La-pancarta-dice-SAUQEMOS-LA-ALIMENTACION-DEL-LIBRE-COMERCIO.-Foto-RESAP.jpg","type":"image\/jpeg"}],"author":"Sergio Ferrari","twitter_card":"summary_large_image","twitter_creator":"@SergiooFerrari","twitter_site":"@revistarambla","twitter_misc":{"Written by":"Sergio Ferrari","Estimated reading time":"7 minutes"},"schema":{"@context":"https:\/\/schema.org","@graph":[{"@type":"Article","@id":"https:\/\/www.revistarambla.com\/mercosur-europa-criticas-desde-ambas-orillas\/#article","isPartOf":{"@id":"https:\/\/www.revistarambla.com\/mercosur-europa-criticas-desde-ambas-orillas\/"},"author":{"name":"Sergio Ferrari","@id":"https:\/\/www.revistarambla.com\/#\/schema\/person\/339e2410a25811f9912d8a8551fa5d96"},"headline":"MERCOSUR-Europa, cr\u00edticas desde ambas orillas","datePublished":"2025-08-11T11:34:52+00:00","mainEntityOfPage":{"@id":"https:\/\/www.revistarambla.com\/mercosur-europa-criticas-desde-ambas-orillas\/"},"wordCount":1627,"publisher":{"@id":"https:\/\/www.revistarambla.com\/#organization"},"image":{"@id":"https:\/\/www.revistarambla.com\/mercosur-europa-criticas-desde-ambas-orillas\/#primaryimage"},"thumbnailUrl":"https:\/\/www.revistarambla.com\/wp-content\/uploads\/2025\/08\/Una-de-las-manifestaciones-campesinas-en-Europa-contra-el-tratado-UE-MERCOSUR.-La-pancarta-dice-SAUQEMOS-LA-ALIMENTACION-DEL-LIBRE-COMERCIO.-Foto-RESAP.jpg","articleSection":["El Apunte"],"inLanguage":"en-GB"},{"@type":"WebPage","@id":"https:\/\/www.revistarambla.com\/mercosur-europa-criticas-desde-ambas-orillas\/","url":"https:\/\/www.revistarambla.com\/mercosur-europa-criticas-desde-ambas-orillas\/","name":"MERCOSUR-Europa, cr\u00edticas desde ambas orillas - Revista Rambla","isPartOf":{"@id":"https:\/\/www.revistarambla.com\/#website"},"primaryImageOfPage":{"@id":"https:\/\/www.revistarambla.com\/mercosur-europa-criticas-desde-ambas-orillas\/#primaryimage"},"image":{"@id":"https:\/\/www.revistarambla.com\/mercosur-europa-criticas-desde-ambas-orillas\/#primaryimage"},"thumbnailUrl":"https:\/\/www.revistarambla.com\/wp-content\/uploads\/2025\/08\/Una-de-las-manifestaciones-campesinas-en-Europa-contra-el-tratado-UE-MERCOSUR.-La-pancarta-dice-SAUQEMOS-LA-ALIMENTACION-DEL-LIBRE-COMERCIO.-Foto-RESAP.jpg","datePublished":"2025-08-11T11:34:52+00:00","breadcrumb":{"@id":"https:\/\/www.revistarambla.com\/mercosur-europa-criticas-desde-ambas-orillas\/#breadcrumb"},"inLanguage":"en-GB","potentialAction":[{"@type":"ReadAction","target":["https:\/\/www.revistarambla.com\/mercosur-europa-criticas-desde-ambas-orillas\/"]}]},{"@type":"ImageObject","inLanguage":"en-GB","@id":"https:\/\/www.revistarambla.com\/mercosur-europa-criticas-desde-ambas-orillas\/#primaryimage","url":"https:\/\/www.revistarambla.com\/wp-content\/uploads\/2025\/08\/Una-de-las-manifestaciones-campesinas-en-Europa-contra-el-tratado-UE-MERCOSUR.-La-pancarta-dice-SAUQEMOS-LA-ALIMENTACION-DEL-LIBRE-COMERCIO.-Foto-RESAP.jpg","contentUrl":"https:\/\/www.revistarambla.com\/wp-content\/uploads\/2025\/08\/Una-de-las-manifestaciones-campesinas-en-Europa-contra-el-tratado-UE-MERCOSUR.-La-pancarta-dice-SAUQEMOS-LA-ALIMENTACION-DEL-LIBRE-COMERCIO.-Foto-RESAP.jpg","width":640,"height":480,"caption":"MERCOSUR"},{"@type":"BreadcrumbList","@id":"https:\/\/www.revistarambla.com\/mercosur-europa-criticas-desde-ambas-orillas\/#breadcrumb","itemListElement":[{"@type":"ListItem","position":1,"name":"Portada","item":"https:\/\/www.revistarambla.com\/"},{"@type":"ListItem","position":2,"name":"MERCOSUR-Europa, cr\u00edticas desde ambas orillas"}]},{"@type":"WebSite","@id":"https:\/\/www.revistarambla.com\/#website","url":"https:\/\/www.revistarambla.com\/","name":"Revista Rambla Barcelona","description":"Periodismo independiente","publisher":{"@id":"https:\/\/www.revistarambla.com\/#organization"},"potentialAction":[{"@type":"SearchAction","target":{"@type":"EntryPoint","urlTemplate":"https:\/\/www.revistarambla.com\/?s={search_term_string}"},"query-input":{"@type":"PropertyValueSpecification","valueRequired":true,"valueName":"search_term_string"}}],"inLanguage":"en-GB"},{"@type":"Organization","@id":"https:\/\/www.revistarambla.com\/#organization","name":"Revista Rambla","url":"https:\/\/www.revistarambla.com\/","logo":{"@type":"ImageObject","inLanguage":"en-GB","@id":"https:\/\/www.revistarambla.com\/#\/schema\/logo\/image\/","url":"https:\/\/www.revistarambla.com\/wp-content\/uploads\/2020\/09\/banner_rambla_1900x600_BB.png","contentUrl":"https:\/\/www.revistarambla.com\/wp-content\/uploads\/2020\/09\/banner_rambla_1900x600_BB.png","width":1900,"height":600,"caption":"Revista Rambla"},"image":{"@id":"https:\/\/www.revistarambla.com\/#\/schema\/logo\/image\/"},"sameAs":["https:\/\/www.facebook.com\/revistarambla\/","https:\/\/x.com\/revistarambla","https:\/\/www.instagram.com\/revista_rambla","https:\/\/es.linkedin.com\/company\/revista-rambla"]},{"@type":"Person","@id":"https:\/\/www.revistarambla.com\/#\/schema\/person\/339e2410a25811f9912d8a8551fa5d96","name":"Sergio Ferrari","description":"Periodista argentino radicado en Berna, Suiza. Acreditado ante el Gobierno suizo. Colaborador regular de numerosos medios latinoamericanos y europeos.","sameAs":["https:\/\/www.voltairenet.org\/auteur120173.html?lang=es","https:\/\/www.facebook.com\/sergio.ferrari.9655","https:\/\/x.com\/SergiooFerrari"]}]}},"_links":{"self":[{"href":"https:\/\/www.revistarambla.com\/en\/wp-json\/wp\/v2\/posts\/66067","targetHints":{"allow":["GET"]}}],"collection":[{"href":"https:\/\/www.revistarambla.com\/en\/wp-json\/wp\/v2\/posts"}],"about":[{"href":"https:\/\/www.revistarambla.com\/en\/wp-json\/wp\/v2\/types\/post"}],"author":[{"embeddable":true,"href":"https:\/\/www.revistarambla.com\/en\/wp-json\/wp\/v2\/users\/24"}],"replies":[{"embeddable":true,"href":"https:\/\/www.revistarambla.com\/en\/wp-json\/wp\/v2\/comments?post=66067"}],"version-history":[{"count":1,"href":"https:\/\/www.revistarambla.com\/en\/wp-json\/wp\/v2\/posts\/66067\/revisions"}],"predecessor-version":[{"id":66069,"href":"https:\/\/www.revistarambla.com\/en\/wp-json\/wp\/v2\/posts\/66067\/revisions\/66069"}],"wp:featuredmedia":[{"embeddable":true,"href":"https:\/\/www.revistarambla.com\/en\/wp-json\/wp\/v2\/media\/66068"}],"wp:attachment":[{"href":"https:\/\/www.revistarambla.com\/en\/wp-json\/wp\/v2\/media?parent=66067"}],"wp:term":[{"taxonomy":"category","embeddable":true,"href":"https:\/\/www.revistarambla.com\/en\/wp-json\/wp\/v2\/categories?post=66067"},{"taxonomy":"post_tag","embeddable":true,"href":"https:\/\/www.revistarambla.com\/en\/wp-json\/wp\/v2\/tags?post=66067"}],"curies":[{"name":"wp","href":"https:\/\/api.w.org\/{rel}","templated":true}]}}