{"id":66016,"date":"2025-08-10T12:35:32","date_gmt":"2025-08-10T10:35:32","guid":{"rendered":"https:\/\/www.revistarambla.com\/?p=66016"},"modified":"2025-09-11T10:57:24","modified_gmt":"2025-09-11T08:57:24","slug":"asesinato-en-port-ginesta","status":"publish","type":"post","link":"https:\/\/www.revistarambla.com\/en\/asesinato-en-port-ginesta\/","title":{"rendered":"Asesinato en Port Ginesta"},"content":{"rendered":"<p>La brisa salada del Mediterr\u00e1neo azotaba las velas de los yates amarrados en Port Ginesta, un enclave de lujo en Castelldefels donde los ricos escapaban del bullicio de Barcelona. <!--more-->Era una noche de verano, con el cielo estrellado reflej\u00e1ndose en las aguas tranquilas del puerto. Elena Vargas, la heredera de una fortuna construida sobre astilleros y propiedades costeras, yac\u00eda inm\u00f3vil en la cubierta de su yate privado, el <em>Sirena Azul<\/em>. Su cuerpo, envuelto en un vestido blanco ahora te\u00f1ido de rojo, hab\u00eda sido descubierto por el capit\u00e1n del puerto al amanecer. Un cuchillo clavado en el pecho, y ninguna se\u00f1al de forcejeo. Asesinato, sin duda. La polic\u00eda local sell\u00f3 el \u00e1rea, pero los rumores ya corr\u00edan como el viento entre los m\u00e1stiles.<\/p>\n<p>Elena ten\u00eda treinta y ocho a\u00f1os, hermosa y caprichosa, heredera \u00fanica de la familia Vargas tras la muerte de sus padres en un accidente de avioneta diez a\u00f1os atr\u00e1s. Su vida era un torbellino de fiestas, viajes y esc\u00e1ndalos discretos. Viv\u00eda en una mansi\u00f3n colindante al puerto, con vistas al mar, rodeada de un s\u00e9quito que la envidiaba en silencio. El inspector Ram\u00f3n L\u00f3pez, un hombre curtido por a\u00f1os en la costa catalana, lleg\u00f3 esa ma\u00f1ana con su libreta en mano. \u00abEsto huele a herencia\u00bb, murmur\u00f3 a su asistente mientras examinaba el cuerpo. Elena no ten\u00eda hijos, y su testamento repart\u00eda la fortuna entre familiares y allegados. Motivos no faltaban.<\/p>\n<p>El primer sospechoso era su marido, V\u00edctor Serrano, un empresario de mediana edad con un gusto por las amantes j\u00f3venes. V\u00edctor hab\u00eda llegado al yate la noche anterior para una \u00abreconciliaci\u00f3n\u00bb, seg\u00fan testigos. Discutieron acaloradamente sobre dinero; Elena amenazaba con el divorcio y cortarle el flujo de fondos. V\u00edctor juraba inocencia, alegando que se march\u00f3 antes de medianoche, furioso pero vivo. \u00abLa amaba, inspector, a mi manera\u00bb, dijo con ojos evasivos. L\u00f3pez anot\u00f3: coartada d\u00e9bil, un taxi lo recogi\u00f3 a las 23:45, pero el puerto estaba desierto. Podr\u00eda haber vuelto.<\/p>\n<p>Luego estaba la hermana de Elena, Marta Vargas, una mujer amargada de cuarenta y dos a\u00f1os que viv\u00eda a la sombra de su hermana menor. Marta administraba las propiedades familiares, pero Elena la trataba como a una empleada. \u00abElla se lo llevaba todo, siempre\u00bb, confes\u00f3 Marta durante el interrogatorio, con las manos temblorosas. La noche del crimen, Marta estaba en la mansi\u00f3n, supuestamente sola, revisando cuentas. Pero un vecino juraba haber visto luces en el yate alrededor de la una de la madrugada, y Marta ten\u00eda acceso a una lancha r\u00e1pida. Herencia: Marta recibir\u00eda la mitad de los astilleros. Motivo claro.<\/p>\n<p>No se pod\u00eda ignorar a Javier Ruiz, el amigo de la infancia de Elena, un pintor bohemio que frecuentaba el puerto. Javier deb\u00eda a Elena una suma considerable por pr\u00e9stamos para sus exposiciones fallidas. \u00abEra mi musa, no mi enemiga\u00bb, protest\u00f3, pero L\u00f3pez descubri\u00f3 mensajes en el tel\u00e9fono de Elena, donde lo amenazaba con cobrar la deuda o denunciarlo por fraude. Javier admiti\u00f3 haber estado en el puerto esa noche, \u00abpaseando para inspirarme\u00bb, pero sin testigos. Su coartada: un bar cercano, pero el camarero no lo recordaba con certeza.<\/p>\n<p>Y luego estaba la sirvienta, Luisa G\u00f3mez, una mujer de cincuenta a\u00f1os que hab\u00eda servido a la familia Vargas por d\u00e9cadas. Luisa era la confidente de Elena, la que preparaba sus t\u00e9s y escuchaba sus lamentos. \u00abLa se\u00f1ora era como una hija para m\u00ed\u00bb, solloz\u00f3 Luisa, con el delantal arrugado. Viv\u00eda en la mansi\u00f3n y ten\u00eda llaves de todo, incluido el yate. Pero \u00bfmotivo? Ninguno aparente. Elena le hab\u00eda prometido una pensi\u00f3n generosa en el testamento. L\u00f3pez la interrog\u00f3 brevemente; parec\u00eda devastada, no sospechosa.<\/p>\n<p>El inspector L\u00f3pez reuni\u00f3 a todos en la mansi\u00f3n esa tarde, bajo el sol abrasador que se filtraba por las ventanas con vistas al puerto. El aire ol\u00eda a sal y jazm\u00edn del jard\u00edn. \u00abAlguien aqu\u00ed sabe la verdad\u00bb, dijo L\u00f3pez, paseando por la sala de estar decorada con trofeos n\u00e1uticos. V\u00edctor fumaba nervioso en un sof\u00e1; Marta se mord\u00eda las u\u00f1as; Javier dibujaba garabatos en una servilleta; Luisa serv\u00eda caf\u00e9 con manos temblorosas. L\u00f3pez expuso las evidencias: el cuchillo era de la cocina de la mansi\u00f3n, faltaba uno del set. Huellas parciales en la cubierta, pero borradas por la brisa. Ninguna c\u00e1mara en el yate; Elena valoraba su privacidad.<\/p>\n<p>La tensi\u00f3n crec\u00eda como una tormenta en el horizonte. V\u00edctor acus\u00f3 a Marta: \u00abSiempre la envidiaste, \u00bfverdad? Quer\u00edas los astilleros para ti\u00bb. Marta replic\u00f3: \u00ab\u00a1Y t\u00fa la enga\u00f1abas con esa fulana del club n\u00e1utico!\u00bb. Javier intervino: \u00abElena me deb\u00eda lealtad, no dinero. Nunca le har\u00eda da\u00f1o\u00bb. Luisa, en silencio, observaba desde la esquina, sirviendo m\u00e1s caf\u00e9. L\u00f3pez not\u00f3 algo: un moret\u00f3n en la mu\u00f1eca de Luisa, oculto bajo la manga. \u00ab\u00bfC\u00f3mo se hizo eso?\u00bb, pregunt\u00f3. \u00abMe ca\u00ed en la cocina\u00bb, respondi\u00f3 ella, bajando la vista.<\/p>\n<p>Esa noche, L\u00f3pez regres\u00f3 al yate solo, bajo la luna llena que iluminaba Port Ginesta como un faro acusador. Revis\u00f3 el camarote de Elena: diarios personales, cartas de amor rotas, documentos financieros. En uno de los diarios, Elena escrib\u00eda sobre traiciones: \u00abV\u00edctor me enga\u00f1a, Marta me roba, Javier me usa. Solo Luisa me entiende\u00bb. Pero en las p\u00e1ginas finales, algo inquietante: \u00abLuisa sabe demasiado. Debo despedirla antes de que hable\u00bb. \u00bfHablar de qu\u00e9? L\u00f3pez frunci\u00f3 el ce\u00f1o. Investig\u00f3 el pasado de Luisa: viuda, sin hijos, leal desde siempre. Pero un detalle: a\u00f1os atr\u00e1s, Luisa hab\u00eda perdido a su marido en un accidente en los astilleros Vargas, por negligencia de los padres de Elena. Compensaci\u00f3n m\u00ednima. \u00bfVenganza latente?<\/p>\n<p>Al d\u00eda siguiente, la intriga se intensific\u00f3. Un testigo an\u00f3nimo llam\u00f3: vio a alguien salir del yate, a las dos de la madrugada, una figura menuda. Pod\u00eda ser Marta o Luisa. V\u00edctor present\u00f3 una coartada reforzada: su amante confirm\u00f3 que pas\u00f3 la noche con ella. \u00abMentira conveniente\u00bb, pens\u00f3 L\u00f3pez. Javier admiti\u00f3 una discusi\u00f3n con Elena esa noche: \u00abMe pidi\u00f3 el dinero de vuelta, grit\u00e9, pero me fui\u00bb. Marta, presionada, confes\u00f3 haber ido al yate para rogar por m\u00e1s fondos, pero jur\u00f3 que Elena ya estaba muerta. \u00abLa encontr\u00e9 as\u00ed, entr\u00e9 en p\u00e1nico y hui\u00bb, dijo entre l\u00e1grimas.<\/p>\n<p>L\u00f3pez convoc\u00f3 otra reuni\u00f3n en la mansi\u00f3n. El puerto bull\u00eda con yates llegando para el fin de semana, pero la atm\u00f3sfera en la sala era asfixiante. \u00abEl asesino est\u00e1 aqu\u00ed\u00bb, anunci\u00f3 L\u00f3pez. Se\u00f1al\u00f3 a V\u00edctor: \u00abT\u00fa ten\u00edas el motivo pasional\u00bb. A Marta: \u00abT\u00fa, la codicia\u00bb. A Javier: \u00abT\u00fa, la desesperaci\u00f3n\u00bb. Luisa, en la sombra, vert\u00eda agua en vasos. L\u00f3pez paus\u00f3, observando. Entonces, sac\u00f3 una prueba: fibras del delantal de Luisa en la cubierta del yate. \u00abExpl\u00edquelo\u00bb, demand\u00f3.<\/p>\n<p>Luisa palideci\u00f3. \u00abFui a llevarle un t\u00e9, como siempre\u00bb. Pero L\u00f3pez insisti\u00f3: el moret\u00f3n era de un forcejeo. \u00abElena la confront\u00f3 por espiarla, \u00bfverdad? Descubri\u00f3 que usted filtraba informaci\u00f3n a Marta sobre las finanzas\u00bb. Marta neg\u00f3, pero Javier intervino: \u00ab\u00a1Espera! Yo vi a Luisa discutir con Elena esa tarde\u00bb. La sala estall\u00f3 en acusaciones. V\u00edctor grit\u00f3: \u00ab\u00a1T\u00fa la mataste por venganza, por tu marido!\u00bb.<\/p>\n<p>Luisa se derrumb\u00f3, sollozando. \u00abNo&#8230; no fui yo\u00bb. L\u00f3pez se acerc\u00f3, pero entonces not\u00f3 algo en el caf\u00e9 que Luisa acababa de servir: un olor extra\u00f1o. \u00bfVeneno? No, era solo su imaginaci\u00f3n. La intriga llegaba al cl\u00edmax. L\u00f3pez reuni\u00f3 las piezas: el cuchillo, las huellas, los motivos. \u00abEl asesino no es quien parece\u00bb, dijo.<\/p>\n<p>De repente, un giro: L\u00f3pez sac\u00f3 el diario completo. En las \u00faltimas p\u00e1ginas, Elena hab\u00eda escrito: \u00abSi muero, fue por mi propia mano, pero lo har\u00e9 parecer asesinato para castigarlos a todos\u00bb. \u00bfSuicidio? No, el \u00e1ngulo del cuchillo no encajaba. L\u00f3pez mir\u00f3 a Luisa de nuevo. \u00abUsted la encontr\u00f3 agonizante, \u00bfverdad? Y en lugar de ayudar, la remat\u00f3\u00bb. Luisa neg\u00f3, pero sus ojos la traicionaron.<\/p>\n<p>No. El verdadero giro lleg\u00f3 cuando L\u00f3pez revel\u00f3 la prueba final: una grabaci\u00f3n oculta en el yate, instalada por Elena por paranoia. La c\u00e1mara mostr\u00f3 la escena: Elena discutiendo con alguien inesperado. No V\u00edctor, no Marta, no Javier, no Luisa.<\/p>\n<p>Era el capit\u00e1n del puerto, un hombre anodino de sesenta a\u00f1os llamado Pedro, que todos ignoraban. Pedro, el que descubri\u00f3 el cuerpo, el que patrullaba el muelle. \u00bfMotivo? A\u00f1os atr\u00e1s, Elena hab\u00eda seducido a su hijo, un marinero, y lo abandon\u00f3, llev\u00e1ndolo al suicidio. Pedro, el personaje menos esperado, el fondo del paisaje, hab\u00eda esperado su momento. Entr\u00f3 al yate esa noche, fingiendo una inspecci\u00f3n, y clav\u00f3 el cuchillo mientras Elena dorm\u00eda ebria. Luego, borr\u00f3 huellas y \u00abdescubri\u00f3\u00bb el cuerpo al amanecer.<\/p>\n<p>La sala qued\u00f3 en silencio. Pedro, arrestado en el puerto, confes\u00f3 con frialdad: \u00abElla destruy\u00f3 mi familia. Ahora, la suya se destruye sola\u00bb. L\u00f3pez cerr\u00f3 el caso, pero el puerto de Ginesta nunca volvi\u00f3 a ser el mismo. Las sombras del mar ocultaban secretos que solo la marea revelaba.<\/p>","protected":false},"excerpt":{"rendered":"<p>La brisa salada del Mediterr\u00e1neo azotaba las velas de los yates amarrados en Port Ginesta, un enclave de lujo en Castelldefels donde los ricos escapaban del bullicio de Barcelona.<\/p>","protected":false},"author":15,"featured_media":66017,"comment_status":"closed","ping_status":"closed","sticky":false,"template":"","format":"standard","meta":{"footnotes":""},"categories":[4113],"tags":[],"class_list":["post-66016","post","type-post","status-publish","format-standard","has-post-thumbnail","hentry","category-cuentos-de-la-tia"],"yoast_head":"<!-- This site is optimized with the Yoast SEO plugin v27.5 - https:\/\/yoast.com\/product\/yoast-seo-wordpress\/ -->\n<title>Asesinato en Port Ginesta - Revista Rambla<\/title>\n<meta name=\"robots\" content=\"index, follow, max-snippet:-1, max-image-preview:large, max-video-preview:-1\" \/>\n<link rel=\"canonical\" href=\"https:\/\/www.revistarambla.com\/en\/asesinato-en-port-ginesta\/\" \/>\n<meta property=\"og:locale\" content=\"en_GB\" \/>\n<meta property=\"og:type\" content=\"article\" \/>\n<meta property=\"og:title\" content=\"Asesinato en Port Ginesta - Revista Rambla\" \/>\n<meta property=\"og:description\" content=\"La brisa salada del Mediterr\u00e1neo azotaba las velas de los yates amarrados en Port Ginesta, un enclave de lujo en Castelldefels donde los ricos escapaban del bullicio de Barcelona.\" \/>\n<meta property=\"og:url\" content=\"https:\/\/www.revistarambla.com\/en\/asesinato-en-port-ginesta\/\" \/>\n<meta property=\"og:site_name\" content=\"Revista Rambla\" \/>\n<meta property=\"article:publisher\" content=\"https:\/\/www.facebook.com\/revistarambla\/\" \/>\n<meta property=\"article:published_time\" content=\"2025-08-10T10:35:32+00:00\" \/>\n<meta property=\"article:modified_time\" content=\"2025-09-11T08:57:24+00:00\" \/>\n<meta property=\"og:image\" content=\"https:\/\/www.revistarambla.com\/wp-content\/uploads\/2025\/08\/port-ginesta-castelldefels.jpg\" \/>\n\t<meta property=\"og:image:width\" content=\"1920\" \/>\n\t<meta property=\"og:image:height\" content=\"1536\" \/>\n\t<meta property=\"og:image:type\" content=\"image\/jpeg\" \/>\n<meta name=\"author\" content=\"Ingrid Asensio\" \/>\n<meta name=\"twitter:card\" content=\"summary_large_image\" \/>\n<meta name=\"twitter:creator\" content=\"@revistarambla\" \/>\n<meta name=\"twitter:site\" content=\"@revistarambla\" \/>\n<meta name=\"twitter:label1\" content=\"Written by\" \/>\n\t<meta name=\"twitter:data1\" content=\"Ingrid Asensio\" \/>\n\t<meta name=\"twitter:label2\" content=\"Estimated reading time\" \/>\n\t<meta name=\"twitter:data2\" content=\"7 minutes\" \/>\n<script type=\"application\/ld+json\" class=\"yoast-schema-graph\">{\"@context\":\"https:\\\/\\\/schema.org\",\"@graph\":[{\"@type\":\"Article\",\"@id\":\"https:\\\/\\\/www.revistarambla.com\\\/asesinato-en-port-ginesta\\\/#article\",\"isPartOf\":{\"@id\":\"https:\\\/\\\/www.revistarambla.com\\\/asesinato-en-port-ginesta\\\/\"},\"author\":{\"name\":\"Ingrid Asensio\",\"@id\":\"https:\\\/\\\/www.revistarambla.com\\\/#\\\/schema\\\/person\\\/2b19179a8ace334b829ad72cc6e6ce97\"},\"headline\":\"Asesinato en Port Ginesta\",\"datePublished\":\"2025-08-10T10:35:32+00:00\",\"dateModified\":\"2025-09-11T08:57:24+00:00\",\"mainEntityOfPage\":{\"@id\":\"https:\\\/\\\/www.revistarambla.com\\\/asesinato-en-port-ginesta\\\/\"},\"wordCount\":1587,\"publisher\":{\"@id\":\"https:\\\/\\\/www.revistarambla.com\\\/#organization\"},\"image\":{\"@id\":\"https:\\\/\\\/www.revistarambla.com\\\/asesinato-en-port-ginesta\\\/#primaryimage\"},\"thumbnailUrl\":\"https:\\\/\\\/www.revistarambla.com\\\/wp-content\\\/uploads\\\/2025\\\/08\\\/port-ginesta-castelldefels.jpg\",\"articleSection\":[\"Cuentos de la (T)IA\"],\"inLanguage\":\"en-GB\"},{\"@type\":\"WebPage\",\"@id\":\"https:\\\/\\\/www.revistarambla.com\\\/asesinato-en-port-ginesta\\\/\",\"url\":\"https:\\\/\\\/www.revistarambla.com\\\/asesinato-en-port-ginesta\\\/\",\"name\":\"Asesinato en Port Ginesta - Revista Rambla\",\"isPartOf\":{\"@id\":\"https:\\\/\\\/www.revistarambla.com\\\/#website\"},\"primaryImageOfPage\":{\"@id\":\"https:\\\/\\\/www.revistarambla.com\\\/asesinato-en-port-ginesta\\\/#primaryimage\"},\"image\":{\"@id\":\"https:\\\/\\\/www.revistarambla.com\\\/asesinato-en-port-ginesta\\\/#primaryimage\"},\"thumbnailUrl\":\"https:\\\/\\\/www.revistarambla.com\\\/wp-content\\\/uploads\\\/2025\\\/08\\\/port-ginesta-castelldefels.jpg\",\"datePublished\":\"2025-08-10T10:35:32+00:00\",\"dateModified\":\"2025-09-11T08:57:24+00:00\",\"breadcrumb\":{\"@id\":\"https:\\\/\\\/www.revistarambla.com\\\/asesinato-en-port-ginesta\\\/#breadcrumb\"},\"inLanguage\":\"en-GB\",\"potentialAction\":[{\"@type\":\"ReadAction\",\"target\":[\"https:\\\/\\\/www.revistarambla.com\\\/asesinato-en-port-ginesta\\\/\"]}]},{\"@type\":\"ImageObject\",\"inLanguage\":\"en-GB\",\"@id\":\"https:\\\/\\\/www.revistarambla.com\\\/asesinato-en-port-ginesta\\\/#primaryimage\",\"url\":\"https:\\\/\\\/www.revistarambla.com\\\/wp-content\\\/uploads\\\/2025\\\/08\\\/port-ginesta-castelldefels.jpg\",\"contentUrl\":\"https:\\\/\\\/www.revistarambla.com\\\/wp-content\\\/uploads\\\/2025\\\/08\\\/port-ginesta-castelldefels.jpg\",\"width\":1920,\"height\":1536,\"caption\":\"port ginesta castelldefels\"},{\"@type\":\"BreadcrumbList\",\"@id\":\"https:\\\/\\\/www.revistarambla.com\\\/asesinato-en-port-ginesta\\\/#breadcrumb\",\"itemListElement\":[{\"@type\":\"ListItem\",\"position\":1,\"name\":\"Portada\",\"item\":\"https:\\\/\\\/www.revistarambla.com\\\/\"},{\"@type\":\"ListItem\",\"position\":2,\"name\":\"Asesinato en Port Ginesta\"}]},{\"@type\":\"WebSite\",\"@id\":\"https:\\\/\\\/www.revistarambla.com\\\/#website\",\"url\":\"https:\\\/\\\/www.revistarambla.com\\\/\",\"name\":\"Revista Rambla Barcelona\",\"description\":\"Periodismo independiente\",\"publisher\":{\"@id\":\"https:\\\/\\\/www.revistarambla.com\\\/#organization\"},\"potentialAction\":[{\"@type\":\"SearchAction\",\"target\":{\"@type\":\"EntryPoint\",\"urlTemplate\":\"https:\\\/\\\/www.revistarambla.com\\\/?s={search_term_string}\"},\"query-input\":{\"@type\":\"PropertyValueSpecification\",\"valueRequired\":true,\"valueName\":\"search_term_string\"}}],\"inLanguage\":\"en-GB\"},{\"@type\":\"Organization\",\"@id\":\"https:\\\/\\\/www.revistarambla.com\\\/#organization\",\"name\":\"Revista Rambla\",\"url\":\"https:\\\/\\\/www.revistarambla.com\\\/\",\"logo\":{\"@type\":\"ImageObject\",\"inLanguage\":\"en-GB\",\"@id\":\"https:\\\/\\\/www.revistarambla.com\\\/#\\\/schema\\\/logo\\\/image\\\/\",\"url\":\"https:\\\/\\\/www.revistarambla.com\\\/wp-content\\\/uploads\\\/2020\\\/09\\\/banner_rambla_1900x600_BB.png\",\"contentUrl\":\"https:\\\/\\\/www.revistarambla.com\\\/wp-content\\\/uploads\\\/2020\\\/09\\\/banner_rambla_1900x600_BB.png\",\"width\":1900,\"height\":600,\"caption\":\"Revista Rambla\"},\"image\":{\"@id\":\"https:\\\/\\\/www.revistarambla.com\\\/#\\\/schema\\\/logo\\\/image\\\/\"},\"sameAs\":[\"https:\\\/\\\/www.facebook.com\\\/revistarambla\\\/\",\"https:\\\/\\\/x.com\\\/revistarambla\",\"https:\\\/\\\/www.instagram.com\\\/revista_rambla\",\"https:\\\/\\\/es.linkedin.com\\\/company\\\/revista-rambla\"]},{\"@type\":\"Person\",\"@id\":\"https:\\\/\\\/www.revistarambla.com\\\/#\\\/schema\\\/person\\\/2b19179a8ace334b829ad72cc6e6ce97\",\"name\":\"Ingrid Asensio\",\"description\":\"Creadora de contenido. No existo. Solo soy un avatar creado por IA.\"}]}<\/script>\n<!-- \/ Yoast SEO plugin. -->","yoast_head_json":{"title":"Asesinato en Port Ginesta - Revista Rambla","robots":{"index":"index","follow":"follow","max-snippet":"max-snippet:-1","max-image-preview":"max-image-preview:large","max-video-preview":"max-video-preview:-1"},"canonical":"https:\/\/www.revistarambla.com\/en\/asesinato-en-port-ginesta\/","og_locale":"en_GB","og_type":"article","og_title":"Asesinato en Port Ginesta - Revista Rambla","og_description":"La brisa salada del Mediterr\u00e1neo azotaba las velas de los yates amarrados en Port Ginesta, un enclave de lujo en Castelldefels donde los ricos escapaban del bullicio de Barcelona.","og_url":"https:\/\/www.revistarambla.com\/en\/asesinato-en-port-ginesta\/","og_site_name":"Revista Rambla","article_publisher":"https:\/\/www.facebook.com\/revistarambla\/","article_published_time":"2025-08-10T10:35:32+00:00","article_modified_time":"2025-09-11T08:57:24+00:00","og_image":[{"width":1920,"height":1536,"url":"https:\/\/www.revistarambla.com\/wp-content\/uploads\/2025\/08\/port-ginesta-castelldefels.jpg","type":"image\/jpeg"}],"author":"Ingrid Asensio","twitter_card":"summary_large_image","twitter_creator":"@revistarambla","twitter_site":"@revistarambla","twitter_misc":{"Written by":"Ingrid Asensio","Estimated reading time":"7 minutes"},"schema":{"@context":"https:\/\/schema.org","@graph":[{"@type":"Article","@id":"https:\/\/www.revistarambla.com\/asesinato-en-port-ginesta\/#article","isPartOf":{"@id":"https:\/\/www.revistarambla.com\/asesinato-en-port-ginesta\/"},"author":{"name":"Ingrid Asensio","@id":"https:\/\/www.revistarambla.com\/#\/schema\/person\/2b19179a8ace334b829ad72cc6e6ce97"},"headline":"Asesinato en Port Ginesta","datePublished":"2025-08-10T10:35:32+00:00","dateModified":"2025-09-11T08:57:24+00:00","mainEntityOfPage":{"@id":"https:\/\/www.revistarambla.com\/asesinato-en-port-ginesta\/"},"wordCount":1587,"publisher":{"@id":"https:\/\/www.revistarambla.com\/#organization"},"image":{"@id":"https:\/\/www.revistarambla.com\/asesinato-en-port-ginesta\/#primaryimage"},"thumbnailUrl":"https:\/\/www.revistarambla.com\/wp-content\/uploads\/2025\/08\/port-ginesta-castelldefels.jpg","articleSection":["Cuentos de la (T)IA"],"inLanguage":"en-GB"},{"@type":"WebPage","@id":"https:\/\/www.revistarambla.com\/asesinato-en-port-ginesta\/","url":"https:\/\/www.revistarambla.com\/asesinato-en-port-ginesta\/","name":"Asesinato en Port Ginesta - Revista Rambla","isPartOf":{"@id":"https:\/\/www.revistarambla.com\/#website"},"primaryImageOfPage":{"@id":"https:\/\/www.revistarambla.com\/asesinato-en-port-ginesta\/#primaryimage"},"image":{"@id":"https:\/\/www.revistarambla.com\/asesinato-en-port-ginesta\/#primaryimage"},"thumbnailUrl":"https:\/\/www.revistarambla.com\/wp-content\/uploads\/2025\/08\/port-ginesta-castelldefels.jpg","datePublished":"2025-08-10T10:35:32+00:00","dateModified":"2025-09-11T08:57:24+00:00","breadcrumb":{"@id":"https:\/\/www.revistarambla.com\/asesinato-en-port-ginesta\/#breadcrumb"},"inLanguage":"en-GB","potentialAction":[{"@type":"ReadAction","target":["https:\/\/www.revistarambla.com\/asesinato-en-port-ginesta\/"]}]},{"@type":"ImageObject","inLanguage":"en-GB","@id":"https:\/\/www.revistarambla.com\/asesinato-en-port-ginesta\/#primaryimage","url":"https:\/\/www.revistarambla.com\/wp-content\/uploads\/2025\/08\/port-ginesta-castelldefels.jpg","contentUrl":"https:\/\/www.revistarambla.com\/wp-content\/uploads\/2025\/08\/port-ginesta-castelldefels.jpg","width":1920,"height":1536,"caption":"port ginesta castelldefels"},{"@type":"BreadcrumbList","@id":"https:\/\/www.revistarambla.com\/asesinato-en-port-ginesta\/#breadcrumb","itemListElement":[{"@type":"ListItem","position":1,"name":"Portada","item":"https:\/\/www.revistarambla.com\/"},{"@type":"ListItem","position":2,"name":"Asesinato en Port Ginesta"}]},{"@type":"WebSite","@id":"https:\/\/www.revistarambla.com\/#website","url":"https:\/\/www.revistarambla.com\/","name":"Revista Rambla Barcelona","description":"Periodismo independiente","publisher":{"@id":"https:\/\/www.revistarambla.com\/#organization"},"potentialAction":[{"@type":"SearchAction","target":{"@type":"EntryPoint","urlTemplate":"https:\/\/www.revistarambla.com\/?s={search_term_string}"},"query-input":{"@type":"PropertyValueSpecification","valueRequired":true,"valueName":"search_term_string"}}],"inLanguage":"en-GB"},{"@type":"Organization","@id":"https:\/\/www.revistarambla.com\/#organization","name":"Revista Rambla","url":"https:\/\/www.revistarambla.com\/","logo":{"@type":"ImageObject","inLanguage":"en-GB","@id":"https:\/\/www.revistarambla.com\/#\/schema\/logo\/image\/","url":"https:\/\/www.revistarambla.com\/wp-content\/uploads\/2020\/09\/banner_rambla_1900x600_BB.png","contentUrl":"https:\/\/www.revistarambla.com\/wp-content\/uploads\/2020\/09\/banner_rambla_1900x600_BB.png","width":1900,"height":600,"caption":"Revista Rambla"},"image":{"@id":"https:\/\/www.revistarambla.com\/#\/schema\/logo\/image\/"},"sameAs":["https:\/\/www.facebook.com\/revistarambla\/","https:\/\/x.com\/revistarambla","https:\/\/www.instagram.com\/revista_rambla","https:\/\/es.linkedin.com\/company\/revista-rambla"]},{"@type":"Person","@id":"https:\/\/www.revistarambla.com\/#\/schema\/person\/2b19179a8ace334b829ad72cc6e6ce97","name":"Ingrid Asensio","description":"Creadora de contenido. No existo. Solo soy un avatar creado por IA."}]}},"_links":{"self":[{"href":"https:\/\/www.revistarambla.com\/en\/wp-json\/wp\/v2\/posts\/66016","targetHints":{"allow":["GET"]}}],"collection":[{"href":"https:\/\/www.revistarambla.com\/en\/wp-json\/wp\/v2\/posts"}],"about":[{"href":"https:\/\/www.revistarambla.com\/en\/wp-json\/wp\/v2\/types\/post"}],"author":[{"embeddable":true,"href":"https:\/\/www.revistarambla.com\/en\/wp-json\/wp\/v2\/users\/15"}],"replies":[{"embeddable":true,"href":"https:\/\/www.revistarambla.com\/en\/wp-json\/wp\/v2\/comments?post=66016"}],"version-history":[{"count":1,"href":"https:\/\/www.revistarambla.com\/en\/wp-json\/wp\/v2\/posts\/66016\/revisions"}],"predecessor-version":[{"id":66018,"href":"https:\/\/www.revistarambla.com\/en\/wp-json\/wp\/v2\/posts\/66016\/revisions\/66018"}],"wp:featuredmedia":[{"embeddable":true,"href":"https:\/\/www.revistarambla.com\/en\/wp-json\/wp\/v2\/media\/66017"}],"wp:attachment":[{"href":"https:\/\/www.revistarambla.com\/en\/wp-json\/wp\/v2\/media?parent=66016"}],"wp:term":[{"taxonomy":"category","embeddable":true,"href":"https:\/\/www.revistarambla.com\/en\/wp-json\/wp\/v2\/categories?post=66016"},{"taxonomy":"post_tag","embeddable":true,"href":"https:\/\/www.revistarambla.com\/en\/wp-json\/wp\/v2\/tags?post=66016"}],"curies":[{"name":"wp","href":"https:\/\/api.w.org\/{rel}","templated":true}]}}