{"id":66007,"date":"2025-08-09T18:52:21","date_gmt":"2025-08-09T16:52:21","guid":{"rendered":"https:\/\/www.revistarambla.com\/?p=66007"},"modified":"2025-10-30T19:40:05","modified_gmt":"2025-10-30T18:40:05","slug":"reescribiendo-las-calles-con-mathieu-tremblin","status":"publish","type":"post","link":"https:\/\/www.revistarambla.com\/en\/reescribiendo-las-calles-con-mathieu-tremblin\/","title":{"rendered":"Reescribiendo las calles con Mathieu Tremblin"},"content":{"rendered":"<p>En el escenario del <a href=\"https:\/\/www.revistarambla.com\/en\/lily-brik-el-muralismo-tiene-nombre-de-mujer\/\">arte urbano<\/a>, donde las paredes de las ciudades sirven como lienzos para la expresi\u00f3n espont\u00e1nea, el artista franc\u00e9s Mathieu Tremblin se destaca como un traductor visual que transforma el caos en claridad. Con su proyecto <em>Tag Clouds<\/em>, Tremblin ha capturado la atenci\u00f3n del mundo del arte al recontextualizar grafitis ilegibles en tipograf\u00edas digitales legibles, desafiando las nociones tradicionales de la cultura del grafiti y el espacio p\u00fablico.<\/p>\n<p>Nacido en 1980 en Le Mans, Francia, Mathieu Tremblin ha establecido su base creativa entre las ciudades de Rennes y Arles, aunque su trabajo resuena en toda Europa, desde los Pa\u00edses Bajos hasta Alemania. Graduado en Bellas Artes, Tremblin no es un extra\u00f1o en la escena del grafiti. De hecho, su pasado como \u00abtagger\u00bb (etiquetador) le otorga una perspectiva \u00fanica sobre esta forma de expresi\u00f3n. \u201cSiempre he sentido que el grafiti, especialmente el tagging, es la base fundamental de la autoexpresi\u00f3n en el espacio urbano\u201d, explica Tremblin en una entrevista con <em>Its Nice That<\/em>.<\/p>\n<p>Su formaci\u00f3n en la cultura del grafiti y su experiencia en intervenciones urbanas espec\u00edficas le proporcionaron el terreno f\u00e9rtil para desarrollar <em>Tag Clouds<\/em>, un proyecto que trasciende la mera est\u00e9tica para convertirse en una reflexi\u00f3n profunda sobre la comunicaci\u00f3n, el espacio p\u00fablico y la interacci\u00f3n entre lo f\u00edsico y lo digital. Tremblin no se limita a ser un observador; es un participante activo que transforma el entorno urbano con un enfoque minimalista pero provocador.<\/p>\n<h2><em>Tag Clouds<\/em>: traduciendo el caos en claridad<\/h2>\n<p>El proyecto <em>Tag Clouds<\/em>, iniciado hace m\u00e1s de una d\u00e9cada, es la obra m\u00e1s ic\u00f3nica de Tremblin. En este trabajo, el artista recorre las calles en busca de muros cubiertos de tags, esas firmas ilegibles que los grafiteros dejan como marca de su presencia. En lugar de eliminar estos grafitis, como suelen hacer las autoridades urbanas, Tremblin los reinterpreta. Primero, cubre las firmas originales con pintura, respetando sus colores y disposici\u00f3n. Luego, utilizando plantillas, las reemplaza con versiones tipogr\u00e1ficas legibles en fuentes est\u00e1ndar como Arial, Helvetica o Times New Roman. El resultado es un collage visual que recuerda a las \u00abnubes de palabras\u00bb digitales, donde los t\u00e9rminos clave destacan en un formato claro y ordenado.<\/p>\n<p><img decoding=\"async\" class=\"aligncenter wp-image-66009 size-full\" src=\"https:\/\/www.revistarambla.com\/wp-content\/uploads\/2025\/08\/Mathieu-Tremblin.webp\" alt=\"Mathieu Tremblin\" width=\"1200\" height=\"600\" srcset=\"https:\/\/www.revistarambla.com\/wp-content\/uploads\/2025\/08\/Mathieu-Tremblin.webp 1200w, https:\/\/www.revistarambla.com\/wp-content\/uploads\/2025\/08\/Mathieu-Tremblin-660x330.webp 660w, https:\/\/www.revistarambla.com\/wp-content\/uploads\/2025\/08\/Mathieu-Tremblin-840x420.webp 840w, https:\/\/www.revistarambla.com\/wp-content\/uploads\/2025\/08\/Mathieu-Tremblin-768x384.webp 768w, https:\/\/www.revistarambla.com\/wp-content\/uploads\/2025\/08\/Mathieu-Tremblin-18x9.webp 18w\" sizes=\"(max-width: 1200px) 100vw, 1200px\" \/><\/p>\n<p>El proceso es meticuloso. Tremblin documenta los tags originales, decodifica sus formas para identificar los nombres o palabras, y luego los reproduce con precisi\u00f3n tipogr\u00e1fica. \u201cNo se trata de borrar el grafiti, sino de hacerlo legible para que los transe\u00fantes lo noten y lo lean\u201d, explica en <em>Dezeen<\/em>. Este acto de traducci\u00f3n no solo hace que el grafiti sea accesible, sino que tambi\u00e9n establece un paralelismo entre los tags f\u00edsicos y los digitales, comparando las firmas urbanas con las palabras clave que gu\u00edan la navegaci\u00f3n en internet. Como \u00e9l mismo se\u00f1ala, \u201clos grafitis son marcadores de la deriva urbana, al igual que las palabras clave son marcadores de la navegaci\u00f3n en la red\u201d.<\/p>\n<h2>Cr\u00edtica a la ciudad as\u00e9ptica<\/h2>\n<p>M\u00e1s all\u00e1 de la est\u00e9tica, <em>Tag Clouds<\/em> es una cr\u00edtica a la forma en que las ciudades modernas gestionan el espacio p\u00fablico. Tremblin ve el grafiti como una reacci\u00f3n a la creciente comercializaci\u00f3n de las urbes, donde cada superficie parece estar dominada por publicidad o narrativas corporativas. \u201cLos tags son una forma de reintroducir lo personal, lo aleatorio y lo emocional en una cartograf\u00eda urbana demasiado funcional\u201d, afirma en <em>Creapills<\/em>. Al traducir estas firmas en tipograf\u00edas legibles, Tremblin no solo las hace visibles, sino que tambi\u00e9n desaf\u00eda la idea de que el grafiti es mera vandalizaci\u00f3n. En sus palabras, \u201cno son los tagueadores quienes se apropian de la ciudad; son los tags los que le pertenecen\u201d.<\/p>\n<p><img decoding=\"async\" class=\"size-full wp-image-66010 aligncenter\" src=\"https:\/\/www.revistarambla.com\/wp-content\/uploads\/2025\/08\/Mathieu-Tremblin3.jpg\" alt=\"Mathieu Tremblin\" width=\"1400\" height=\"700\" srcset=\"https:\/\/www.revistarambla.com\/wp-content\/uploads\/2025\/08\/Mathieu-Tremblin3.jpg 1400w, https:\/\/www.revistarambla.com\/wp-content\/uploads\/2025\/08\/Mathieu-Tremblin3-660x330.jpg 660w, https:\/\/www.revistarambla.com\/wp-content\/uploads\/2025\/08\/Mathieu-Tremblin3-840x420.jpg 840w, https:\/\/www.revistarambla.com\/wp-content\/uploads\/2025\/08\/Mathieu-Tremblin3-768x384.jpg 768w, https:\/\/www.revistarambla.com\/wp-content\/uploads\/2025\/08\/Mathieu-Tremblin3-18x9.jpg 18w\" sizes=\"(max-width: 1400px) 100vw, 1400px\" \/><\/p>\n<p>Sin embargo, su enfoque no est\u00e1 exento de controversia. Dentro de la comunidad del grafiti, cubrir la obra de otro artista es considerado una transgresi\u00f3n. Tremblin abraza esta tensi\u00f3n como parte de su pr\u00e1ctica, argumentando que su trabajo no busca destruir, sino rendir homenaje a la escritura espont\u00e1nea. \u201cQuiero que los habitantes acepten la presencia visual del grafiti al leerlo\u201d, dice. Este acto de traducci\u00f3n se convierte en un di\u00e1logo, invitando tanto a los grafiteros como a los espectadores a repensar el significado de estas marcas en el paisaje urbano.<\/p>\n<h2>M\u00e1s all\u00e1 de <em>Tag Clouds<\/em><\/h2>\n<p>Aunque <em>Tag Clouds<\/em> es su proyecto m\u00e1s conocido, el trabajo de Tremblin abarca una amplia gama de intervenciones urbanas que desaf\u00edan las normas de representaci\u00f3n y simbolizaci\u00f3n. Inspirado por pr\u00e1cticas an\u00f3nimas y espont\u00e1neas, sus obras suelen ser simples pero profundamente conceptuales. Por ejemplo, en proyectos anteriores, reemplaz\u00f3 grafitis con tipograf\u00edas azules que evocaban hiperv\u00ednculos digitales, reforzando la conexi\u00f3n entre lo f\u00edsico y lo virtual. En otro trabajo, transform\u00f3 rostros grafiteados en emoticonos formados por signos de puntuaci\u00f3n, parodiando la simplicidad de la comunicaci\u00f3n digital.<\/p>\n<p>Tremblin tambi\u00e9n colabora con el colectivo fotogr\u00e1fico BIP (Bureau d\u2019Investigation Photographique) y el d\u00fao art\u00edstico Les Fr\u00e8res Ripoulain, explorando temas como la identidad, la memoria y la apropiaci\u00f3n cultural en el espacio urbano. Sus intervenciones han aparecido en ciudades como Nantes, Reims, Estrasburgo y m\u00e1s all\u00e1 de Francia, en pa\u00edses como B\u00e9lgica y los Pa\u00edses Bajos.<\/p>\n<h2>Rechazo al Street Art<\/h2>\n<p>Curiosamente, Tremblin rechaza la etiqueta de \u201cstreet art\u201d para describir su trabajo. Para \u00e9l, este t\u00e9rmino ha sido cooptado por el mercado del arte, perdiendo su esencia cr\u00edtica y transform\u00e1ndose en una herramienta de marketing. En su lugar, prefiere hablar de \u201cintervenciones urbanas cr\u00edticas\u201d, un t\u00e9rmino que refleja su intenci\u00f3n de cuestionar las din\u00e1micas de poder en el espacio p\u00fablico. \u201cEl street art se ha convertido en algo comercial, mientras que el grafiti espont\u00e1neo sigue siendo una subcultura aut\u00e9ntica\u201d, argumenta.<\/p>\n<p>Esta postura lo distingue de muchos artistas urbanos contempor\u00e1neos, como Banksy, cuya fama ha llevado el grafiti a las galer\u00edas. Tremblin, en cambio, busca mantener su pr\u00e1ctica anclada en la calle, donde la interacci\u00f3n directa con el entorno y los transe\u00fantes es fundamental. Sus obras no est\u00e1n dise\u00f1adas para ser vendidas, sino para provocar reflexi\u00f3n y di\u00e1logo.<\/p>\n<p>El trabajo de Tremblin ha generado un impacto significativo, tanto en la comunidad art\u00edstica como en el p\u00fablico general. Publicaciones como <em>Wired<\/em>, <em>Dezeen<\/em> y <em>My Modern Met<\/em> han elogiado su capacidad para transformar algo considerado \u201cvand\u00e1lico\u201d en una forma de arte accesible y provocadora. En las redes sociales, colectivos como WAVE han revitalizado la conversaci\u00f3n sobre <em>Tag Clouds<\/em>, destacando su relevancia en el contexto de la cultura visual urbana.<\/p>\n<p>Sin embargo, la recepci\u00f3n no siempre es un\u00e1nime. Algunos grafiteros ven su pr\u00e1ctica como una forma de normalizaci\u00f3n que diluye la rebeld\u00eda del grafiti. Tremblin responde a estas cr\u00edticas con humildad, reconociendo que su trabajo es tanto un homenaje como un desaf\u00edo. \u201cEstoy pagando tributo a la escena local del grafiti, pero tambi\u00e9n la estoy normalizando al hacerla legible\u201d, admite en <em>Citylab<\/em>.<\/p>\n<h2>Una mirada al futuro<\/h2>\n<p>A medida que las ciudades contin\u00faan evolucionando, el trabajo de Mathieu Tremblin sigue siendo relevante. En un mundo donde la l\u00ednea entre lo f\u00edsico y lo digital se desdibuja, sus intervenciones ofrecen una lente \u00fanica para entender c\u00f3mo interactuamos con el espacio urbano. Su capacidad para transformar lo ilegible en legible no solo democratiza el grafiti, sino que tambi\u00e9n nos invita a reconsiderar qui\u00e9n tiene derecho a dejar su marca en la ciudad.<\/p>\n<p>En el futuro, es probable que Tremblin contin\u00fae explorando nuevas formas de intervenci\u00f3n urbana, quiz\u00e1s integrando tecnolog\u00edas emergentes o colaborando con comunidades locales para amplificar su mensaje. Su sitio web y su cuenta de Instagram (<a href=\"https:\/\/www.instagram.com\/tremblinsays\/?hl=es\">@tremblinsays<\/a>) son ventanas a su pr\u00e1ctica en constante evoluci\u00f3n, donde comparte tanto sus proyectos pasados como sus nuevas exploraciones.<\/p>\n<p>Mathieu Tremblin no es solo un artista; es un traductor cultural que da voz a las marcas an\u00f3nimas que pueblan nuestras ciudades. Con <em>Tag Clouds<\/em> y otras intervenciones, ha creado un lenguaje visual que conecta lo f\u00edsico con lo digital, lo ilegible con lo comprensible, y lo marginal con lo mainstream. Su trabajo nos recuerda que el arte urbano no se trata solo de est\u00e9tica, sino de di\u00e1logo, resistencia y pertenencia. En un mundo cada vez m\u00e1s ins\u00edpido, Tremblin nos invita a leer las paredes, a escuchar las voces que gritan desde ellas y a reconocer que, en \u00faltima instancia, la ciudad nos pertenece a todos.<\/p>","protected":false},"excerpt":{"rendered":"<p>El artista franc\u00e9s decidi\u00f3 mejorar la legibilidad de los tags, las famosas firmas de las paredes. Para ello, imit\u00f3 la escala y el color de cada etiqueta. De esta manera replic\u00f3 la f\u00f3rmula pero con una fuente 100% entendible por todos<\/p>","protected":false},"author":3,"featured_media":66008,"comment_status":"closed","ping_status":"closed","sticky":false,"template":"","format":"standard","meta":{"footnotes":""},"categories":[64],"tags":[],"class_list":["post-66007","post","type-post","status-publish","format-standard","has-post-thumbnail","hentry","category-arte"],"yoast_head":"<!-- This site is optimized with the Yoast SEO plugin v27.5 - https:\/\/yoast.com\/product\/yoast-seo-wordpress\/ -->\n<title>Reescribiendo las calles con Mathieu Tremblin - Revista Rambla<\/title>\n<meta name=\"robots\" content=\"index, follow, max-snippet:-1, max-image-preview:large, max-video-preview:-1\" \/>\n<link rel=\"canonical\" href=\"https:\/\/www.revistarambla.com\/en\/reescribiendo-las-calles-con-mathieu-tremblin\/\" \/>\n<meta property=\"og:locale\" content=\"en_GB\" \/>\n<meta property=\"og:type\" content=\"article\" \/>\n<meta property=\"og:title\" content=\"Reescribiendo las calles con Mathieu Tremblin - Revista Rambla\" \/>\n<meta property=\"og:description\" content=\"El artista franc\u00e9s decidi\u00f3 mejorar la legibilidad de los tags, las famosas firmas de las paredes. Para ello, imit\u00f3 la escala y el color de cada etiqueta. De esta manera replic\u00f3 la f\u00f3rmula pero con una fuente 100% entendible por todos\" \/>\n<meta property=\"og:url\" content=\"https:\/\/www.revistarambla.com\/en\/reescribiendo-las-calles-con-mathieu-tremblin\/\" \/>\n<meta property=\"og:site_name\" content=\"Revista Rambla\" \/>\n<meta property=\"article:publisher\" content=\"https:\/\/www.facebook.com\/revistarambla\/\" \/>\n<meta property=\"article:author\" content=\"https:\/\/www.facebook.com\/revistarambla\" \/>\n<meta property=\"article:published_time\" content=\"2025-08-09T16:52:21+00:00\" \/>\n<meta property=\"article:modified_time\" content=\"2025-10-30T18:40:05+00:00\" \/>\n<meta property=\"og:image\" content=\"https:\/\/www.revistarambla.com\/wp-content\/uploads\/2025\/08\/Mathieu-Tremblin2.jpg\" \/>\n\t<meta property=\"og:image:width\" content=\"1920\" \/>\n\t<meta property=\"og:image:height\" content=\"1080\" \/>\n\t<meta property=\"og:image:type\" content=\"image\/jpeg\" \/>\n<meta name=\"author\" content=\"R@mbla\" \/>\n<meta name=\"twitter:card\" content=\"summary_large_image\" \/>\n<meta name=\"twitter:creator\" content=\"@revistarambla\" \/>\n<meta name=\"twitter:site\" content=\"@revistarambla\" \/>\n<meta name=\"twitter:label1\" content=\"Written by\" \/>\n\t<meta name=\"twitter:data1\" content=\"R@mbla\" \/>\n\t<meta name=\"twitter:label2\" content=\"Estimated reading time\" \/>\n\t<meta name=\"twitter:data2\" content=\"7 minutes\" \/>\n<script type=\"application\/ld+json\" class=\"yoast-schema-graph\">{\"@context\":\"https:\\\/\\\/schema.org\",\"@graph\":[{\"@type\":\"Article\",\"@id\":\"https:\\\/\\\/www.revistarambla.com\\\/reescribiendo-las-calles-con-mathieu-tremblin\\\/#article\",\"isPartOf\":{\"@id\":\"https:\\\/\\\/www.revistarambla.com\\\/reescribiendo-las-calles-con-mathieu-tremblin\\\/\"},\"author\":{\"name\":\"R@mbla\",\"@id\":\"https:\\\/\\\/www.revistarambla.com\\\/#\\\/schema\\\/person\\\/a146a5a2550b94981a75131180e1bd9c\"},\"headline\":\"Reescribiendo las calles con Mathieu Tremblin\",\"datePublished\":\"2025-08-09T16:52:21+00:00\",\"dateModified\":\"2025-10-30T18:40:05+00:00\",\"mainEntityOfPage\":{\"@id\":\"https:\\\/\\\/www.revistarambla.com\\\/reescribiendo-las-calles-con-mathieu-tremblin\\\/\"},\"wordCount\":1474,\"publisher\":{\"@id\":\"https:\\\/\\\/www.revistarambla.com\\\/#organization\"},\"image\":{\"@id\":\"https:\\\/\\\/www.revistarambla.com\\\/reescribiendo-las-calles-con-mathieu-tremblin\\\/#primaryimage\"},\"thumbnailUrl\":\"https:\\\/\\\/www.revistarambla.com\\\/wp-content\\\/uploads\\\/2025\\\/08\\\/Mathieu-Tremblin2.jpg\",\"articleSection\":[\"Arte\"],\"inLanguage\":\"en-GB\"},{\"@type\":\"WebPage\",\"@id\":\"https:\\\/\\\/www.revistarambla.com\\\/reescribiendo-las-calles-con-mathieu-tremblin\\\/\",\"url\":\"https:\\\/\\\/www.revistarambla.com\\\/reescribiendo-las-calles-con-mathieu-tremblin\\\/\",\"name\":\"Reescribiendo las calles con Mathieu Tremblin - Revista Rambla\",\"isPartOf\":{\"@id\":\"https:\\\/\\\/www.revistarambla.com\\\/#website\"},\"primaryImageOfPage\":{\"@id\":\"https:\\\/\\\/www.revistarambla.com\\\/reescribiendo-las-calles-con-mathieu-tremblin\\\/#primaryimage\"},\"image\":{\"@id\":\"https:\\\/\\\/www.revistarambla.com\\\/reescribiendo-las-calles-con-mathieu-tremblin\\\/#primaryimage\"},\"thumbnailUrl\":\"https:\\\/\\\/www.revistarambla.com\\\/wp-content\\\/uploads\\\/2025\\\/08\\\/Mathieu-Tremblin2.jpg\",\"datePublished\":\"2025-08-09T16:52:21+00:00\",\"dateModified\":\"2025-10-30T18:40:05+00:00\",\"breadcrumb\":{\"@id\":\"https:\\\/\\\/www.revistarambla.com\\\/reescribiendo-las-calles-con-mathieu-tremblin\\\/#breadcrumb\"},\"inLanguage\":\"en-GB\",\"potentialAction\":[{\"@type\":\"ReadAction\",\"target\":[\"https:\\\/\\\/www.revistarambla.com\\\/reescribiendo-las-calles-con-mathieu-tremblin\\\/\"]}]},{\"@type\":\"ImageObject\",\"inLanguage\":\"en-GB\",\"@id\":\"https:\\\/\\\/www.revistarambla.com\\\/reescribiendo-las-calles-con-mathieu-tremblin\\\/#primaryimage\",\"url\":\"https:\\\/\\\/www.revistarambla.com\\\/wp-content\\\/uploads\\\/2025\\\/08\\\/Mathieu-Tremblin2.jpg\",\"contentUrl\":\"https:\\\/\\\/www.revistarambla.com\\\/wp-content\\\/uploads\\\/2025\\\/08\\\/Mathieu-Tremblin2.jpg\",\"width\":1920,\"height\":1080,\"caption\":\"Mathieu Tremblin\"},{\"@type\":\"BreadcrumbList\",\"@id\":\"https:\\\/\\\/www.revistarambla.com\\\/reescribiendo-las-calles-con-mathieu-tremblin\\\/#breadcrumb\",\"itemListElement\":[{\"@type\":\"ListItem\",\"position\":1,\"name\":\"Portada\",\"item\":\"https:\\\/\\\/www.revistarambla.com\\\/\"},{\"@type\":\"ListItem\",\"position\":2,\"name\":\"Reescribiendo las calles con Mathieu Tremblin\"}]},{\"@type\":\"WebSite\",\"@id\":\"https:\\\/\\\/www.revistarambla.com\\\/#website\",\"url\":\"https:\\\/\\\/www.revistarambla.com\\\/\",\"name\":\"Revista Rambla Barcelona\",\"description\":\"Periodismo independiente\",\"publisher\":{\"@id\":\"https:\\\/\\\/www.revistarambla.com\\\/#organization\"},\"potentialAction\":[{\"@type\":\"SearchAction\",\"target\":{\"@type\":\"EntryPoint\",\"urlTemplate\":\"https:\\\/\\\/www.revistarambla.com\\\/?s={search_term_string}\"},\"query-input\":{\"@type\":\"PropertyValueSpecification\",\"valueRequired\":true,\"valueName\":\"search_term_string\"}}],\"inLanguage\":\"en-GB\"},{\"@type\":\"Organization\",\"@id\":\"https:\\\/\\\/www.revistarambla.com\\\/#organization\",\"name\":\"Revista Rambla\",\"url\":\"https:\\\/\\\/www.revistarambla.com\\\/\",\"logo\":{\"@type\":\"ImageObject\",\"inLanguage\":\"en-GB\",\"@id\":\"https:\\\/\\\/www.revistarambla.com\\\/#\\\/schema\\\/logo\\\/image\\\/\",\"url\":\"https:\\\/\\\/www.revistarambla.com\\\/wp-content\\\/uploads\\\/2020\\\/09\\\/banner_rambla_1900x600_BB.png\",\"contentUrl\":\"https:\\\/\\\/www.revistarambla.com\\\/wp-content\\\/uploads\\\/2020\\\/09\\\/banner_rambla_1900x600_BB.png\",\"width\":1900,\"height\":600,\"caption\":\"Revista Rambla\"},\"image\":{\"@id\":\"https:\\\/\\\/www.revistarambla.com\\\/#\\\/schema\\\/logo\\\/image\\\/\"},\"sameAs\":[\"https:\\\/\\\/www.facebook.com\\\/revistarambla\\\/\",\"https:\\\/\\\/x.com\\\/revistarambla\",\"https:\\\/\\\/www.instagram.com\\\/revista_rambla\",\"https:\\\/\\\/es.linkedin.com\\\/company\\\/revista-rambla\"]},{\"@type\":\"Person\",\"@id\":\"https:\\\/\\\/www.revistarambla.com\\\/#\\\/schema\\\/person\\\/a146a5a2550b94981a75131180e1bd9c\",\"name\":\"R@mbla\",\"description\":\"Este art\u00edculo ha sido redactado y\\\/o validado por el equipo de redacci\u00f3n de Revista Rambla.\",\"sameAs\":[\"https:\\\/\\\/www.revistarambla.com\\\/\",\"https:\\\/\\\/www.facebook.com\\\/revistarambla\",\"https:\\\/\\\/x.com\\\/revistarambla\"]}]}<\/script>\n<!-- \/ Yoast SEO plugin. -->","yoast_head_json":{"title":"Reescribiendo las calles con Mathieu Tremblin - Revista Rambla","robots":{"index":"index","follow":"follow","max-snippet":"max-snippet:-1","max-image-preview":"max-image-preview:large","max-video-preview":"max-video-preview:-1"},"canonical":"https:\/\/www.revistarambla.com\/en\/reescribiendo-las-calles-con-mathieu-tremblin\/","og_locale":"en_GB","og_type":"article","og_title":"Reescribiendo las calles con Mathieu Tremblin - Revista Rambla","og_description":"El artista franc\u00e9s decidi\u00f3 mejorar la legibilidad de los tags, las famosas firmas de las paredes. Para ello, imit\u00f3 la escala y el color de cada etiqueta. De esta manera replic\u00f3 la f\u00f3rmula pero con una fuente 100% entendible por todos","og_url":"https:\/\/www.revistarambla.com\/en\/reescribiendo-las-calles-con-mathieu-tremblin\/","og_site_name":"Revista Rambla","article_publisher":"https:\/\/www.facebook.com\/revistarambla\/","article_author":"https:\/\/www.facebook.com\/revistarambla","article_published_time":"2025-08-09T16:52:21+00:00","article_modified_time":"2025-10-30T18:40:05+00:00","og_image":[{"width":1920,"height":1080,"url":"https:\/\/www.revistarambla.com\/wp-content\/uploads\/2025\/08\/Mathieu-Tremblin2.jpg","type":"image\/jpeg"}],"author":"R@mbla","twitter_card":"summary_large_image","twitter_creator":"@revistarambla","twitter_site":"@revistarambla","twitter_misc":{"Written by":"R@mbla","Estimated reading time":"7 minutes"},"schema":{"@context":"https:\/\/schema.org","@graph":[{"@type":"Article","@id":"https:\/\/www.revistarambla.com\/reescribiendo-las-calles-con-mathieu-tremblin\/#article","isPartOf":{"@id":"https:\/\/www.revistarambla.com\/reescribiendo-las-calles-con-mathieu-tremblin\/"},"author":{"name":"R@mbla","@id":"https:\/\/www.revistarambla.com\/#\/schema\/person\/a146a5a2550b94981a75131180e1bd9c"},"headline":"Reescribiendo las calles con Mathieu Tremblin","datePublished":"2025-08-09T16:52:21+00:00","dateModified":"2025-10-30T18:40:05+00:00","mainEntityOfPage":{"@id":"https:\/\/www.revistarambla.com\/reescribiendo-las-calles-con-mathieu-tremblin\/"},"wordCount":1474,"publisher":{"@id":"https:\/\/www.revistarambla.com\/#organization"},"image":{"@id":"https:\/\/www.revistarambla.com\/reescribiendo-las-calles-con-mathieu-tremblin\/#primaryimage"},"thumbnailUrl":"https:\/\/www.revistarambla.com\/wp-content\/uploads\/2025\/08\/Mathieu-Tremblin2.jpg","articleSection":["Arte"],"inLanguage":"en-GB"},{"@type":"WebPage","@id":"https:\/\/www.revistarambla.com\/reescribiendo-las-calles-con-mathieu-tremblin\/","url":"https:\/\/www.revistarambla.com\/reescribiendo-las-calles-con-mathieu-tremblin\/","name":"Reescribiendo las calles con Mathieu Tremblin - Revista Rambla","isPartOf":{"@id":"https:\/\/www.revistarambla.com\/#website"},"primaryImageOfPage":{"@id":"https:\/\/www.revistarambla.com\/reescribiendo-las-calles-con-mathieu-tremblin\/#primaryimage"},"image":{"@id":"https:\/\/www.revistarambla.com\/reescribiendo-las-calles-con-mathieu-tremblin\/#primaryimage"},"thumbnailUrl":"https:\/\/www.revistarambla.com\/wp-content\/uploads\/2025\/08\/Mathieu-Tremblin2.jpg","datePublished":"2025-08-09T16:52:21+00:00","dateModified":"2025-10-30T18:40:05+00:00","breadcrumb":{"@id":"https:\/\/www.revistarambla.com\/reescribiendo-las-calles-con-mathieu-tremblin\/#breadcrumb"},"inLanguage":"en-GB","potentialAction":[{"@type":"ReadAction","target":["https:\/\/www.revistarambla.com\/reescribiendo-las-calles-con-mathieu-tremblin\/"]}]},{"@type":"ImageObject","inLanguage":"en-GB","@id":"https:\/\/www.revistarambla.com\/reescribiendo-las-calles-con-mathieu-tremblin\/#primaryimage","url":"https:\/\/www.revistarambla.com\/wp-content\/uploads\/2025\/08\/Mathieu-Tremblin2.jpg","contentUrl":"https:\/\/www.revistarambla.com\/wp-content\/uploads\/2025\/08\/Mathieu-Tremblin2.jpg","width":1920,"height":1080,"caption":"Mathieu Tremblin"},{"@type":"BreadcrumbList","@id":"https:\/\/www.revistarambla.com\/reescribiendo-las-calles-con-mathieu-tremblin\/#breadcrumb","itemListElement":[{"@type":"ListItem","position":1,"name":"Portada","item":"https:\/\/www.revistarambla.com\/"},{"@type":"ListItem","position":2,"name":"Reescribiendo las calles con Mathieu Tremblin"}]},{"@type":"WebSite","@id":"https:\/\/www.revistarambla.com\/#website","url":"https:\/\/www.revistarambla.com\/","name":"Revista Rambla Barcelona","description":"Periodismo independiente","publisher":{"@id":"https:\/\/www.revistarambla.com\/#organization"},"potentialAction":[{"@type":"SearchAction","target":{"@type":"EntryPoint","urlTemplate":"https:\/\/www.revistarambla.com\/?s={search_term_string}"},"query-input":{"@type":"PropertyValueSpecification","valueRequired":true,"valueName":"search_term_string"}}],"inLanguage":"en-GB"},{"@type":"Organization","@id":"https:\/\/www.revistarambla.com\/#organization","name":"Revista Rambla","url":"https:\/\/www.revistarambla.com\/","logo":{"@type":"ImageObject","inLanguage":"en-GB","@id":"https:\/\/www.revistarambla.com\/#\/schema\/logo\/image\/","url":"https:\/\/www.revistarambla.com\/wp-content\/uploads\/2020\/09\/banner_rambla_1900x600_BB.png","contentUrl":"https:\/\/www.revistarambla.com\/wp-content\/uploads\/2020\/09\/banner_rambla_1900x600_BB.png","width":1900,"height":600,"caption":"Revista Rambla"},"image":{"@id":"https:\/\/www.revistarambla.com\/#\/schema\/logo\/image\/"},"sameAs":["https:\/\/www.facebook.com\/revistarambla\/","https:\/\/x.com\/revistarambla","https:\/\/www.instagram.com\/revista_rambla","https:\/\/es.linkedin.com\/company\/revista-rambla"]},{"@type":"Person","@id":"https:\/\/www.revistarambla.com\/#\/schema\/person\/a146a5a2550b94981a75131180e1bd9c","name":"R@mbla","description":"Este art\u00edculo ha sido redactado y\/o validado por el equipo de redacci\u00f3n de Revista Rambla.","sameAs":["https:\/\/www.revistarambla.com\/","https:\/\/www.facebook.com\/revistarambla","https:\/\/x.com\/revistarambla"]}]}},"_links":{"self":[{"href":"https:\/\/www.revistarambla.com\/en\/wp-json\/wp\/v2\/posts\/66007","targetHints":{"allow":["GET"]}}],"collection":[{"href":"https:\/\/www.revistarambla.com\/en\/wp-json\/wp\/v2\/posts"}],"about":[{"href":"https:\/\/www.revistarambla.com\/en\/wp-json\/wp\/v2\/types\/post"}],"author":[{"embeddable":true,"href":"https:\/\/www.revistarambla.com\/en\/wp-json\/wp\/v2\/users\/3"}],"replies":[{"embeddable":true,"href":"https:\/\/www.revistarambla.com\/en\/wp-json\/wp\/v2\/comments?post=66007"}],"version-history":[{"count":5,"href":"https:\/\/www.revistarambla.com\/en\/wp-json\/wp\/v2\/posts\/66007\/revisions"}],"predecessor-version":[{"id":66015,"href":"https:\/\/www.revistarambla.com\/en\/wp-json\/wp\/v2\/posts\/66007\/revisions\/66015"}],"wp:featuredmedia":[{"embeddable":true,"href":"https:\/\/www.revistarambla.com\/en\/wp-json\/wp\/v2\/media\/66008"}],"wp:attachment":[{"href":"https:\/\/www.revistarambla.com\/en\/wp-json\/wp\/v2\/media?parent=66007"}],"wp:term":[{"taxonomy":"category","embeddable":true,"href":"https:\/\/www.revistarambla.com\/en\/wp-json\/wp\/v2\/categories?post=66007"},{"taxonomy":"post_tag","embeddable":true,"href":"https:\/\/www.revistarambla.com\/en\/wp-json\/wp\/v2\/tags?post=66007"}],"curies":[{"name":"wp","href":"https:\/\/api.w.org\/{rel}","templated":true}]}}