{"id":65993,"date":"2025-08-07T13:07:12","date_gmt":"2025-08-07T11:07:12","guid":{"rendered":"https:\/\/www.revistarambla.com\/?p=65993"},"modified":"2025-08-07T13:07:12","modified_gmt":"2025-08-07T11:07:12","slug":"600-enfermeras-catalanas-exigen-mejoras-salariales-y-equidad-profesional","status":"publish","type":"post","link":"https:\/\/www.revistarambla.com\/en\/600-enfermeras-catalanas-exigen-mejoras-salariales-y-equidad-profesional\/","title":{"rendered":"600 enfermeras catalanas exigen mejoras salariales y equidad profesional"},"content":{"rendered":"<p>En un contexto de crecientes demandas por la igualdad y el reconocimiento profesional, cerca de 600 enfermeras catalanas han unido fuerzas para formar la <strong>Plataforma A1<\/strong>, un movimiento que busca abordar las desigualdades salariales y profesionales que afectan a este colectivo esencial del sistema sanitario. Este grupo, respaldado por el sindicato Satse, ha surgido con un objetivo claro: exigir la reclasificaci\u00f3n profesional al subgrupo A1, equipar\u00e1ndose a otras profesiones sanitarias con formaci\u00f3n universitaria similar, y poner fin a una brecha salarial que, seg\u00fan sus c\u00e1lculos, asciende a unos <strong>400 euros mensuales<\/strong> entre categor\u00edas. Adem\u00e1s, critican la nueva clasificaci\u00f3n del <strong>Marco Espa\u00f1ol de Cualificaciones para el Aprendizaje Permanente (Mecu)<\/strong> por perpetuar desigualdades y limitar su acceso a puestos de gesti\u00f3n y direcci\u00f3n.<\/p>\n<h2>La G\u00e9nesis de la Plataforma A1<\/h2>\n<p>La Plataforma A1 nace en Catalu\u00f1a como una respuesta directa a d\u00e9cadas de frustraci\u00f3n acumulada por parte de las enfermeras, quienes, a pesar de contar con una formaci\u00f3n universitaria de grado (240 cr\u00e9ditos ECTS, equivalente a otras disciplinas como biolog\u00eda o farmacia), permanecen clasificadas en el subgrupo A2 del Estatuto B\u00e1sico del Empleado P\u00fablico (EBEP). Esta clasificaci\u00f3n, heredada del antiguo sistema universitario que diferenciaba entre diplomados (A2) y licenciados (A1), no refleja la realidad actual tras el proceso de Bolonia, que homogeneiz\u00f3 las titulaciones universitarias bajo el paraguas del grado.<\/p>\n<p>El movimiento, que ya cuenta con alrededor de <strong>1.200 miembros<\/strong> a nivel nacional, aunque mayoritariamente catalanes, busca presionar al Ministerio de Sanidad para que se implemente el nuevo <strong>Estatuto Marco<\/strong>, un documento que podr\u00eda redefinir las categor\u00edas profesionales y sus correspondientes retribuciones. Seg\u00fan las enfermeras, esta reclasificaci\u00f3n no solo es una cuesti\u00f3n de justicia salarial, sino tambi\u00e9n de reconocimiento profesional, ya que la actual clasificaci\u00f3n A2 limita su acceso a roles de liderazgo, como la direcci\u00f3n de centros de salud o la participaci\u00f3n en grupos de investigaci\u00f3n de alto nivel.<\/p>\n<p>El impulso inicial de esta movilizaci\u00f3n proviene del sindicato <strong>Infermeres de Catalunya<\/strong>, que desde su fundaci\u00f3n hace cinco a\u00f1os ha abogado por la reclasificaci\u00f3n al subgrupo A1. Su \u00e9xito en Catalu\u00f1a, donde lograron un compromiso del Ministerio de Sanidad en 2024 para actualizar la categor\u00eda profesional, ha inspirado a otras regiones como el Pa\u00eds Vasco, Canarias y Andaluc\u00eda a unirse al movimiento.<\/p>\n<h2>La Brecha Salarial: 400 Euros de Diferencia<\/h2>\n<p>Uno de los pilares de la lucha de la Plataforma A1 es la brecha salarial que separa a las enfermeras del subgrupo A2 de otras profesiones sanitarias clasificadas en el A1, como m\u00e9dicos, farmac\u00e9uticos o bi\u00f3logos. Seg\u00fan estimaciones del colectivo, esta diferencia puede alcanzar los <strong>400 euros mensuales<\/strong>, una cifra significativa que no solo afecta el poder adquisitivo de las enfermeras, sino que tambi\u00e9n refuerza una percepci\u00f3n de infravaloraci\u00f3n de su labor.<\/p>\n<p>En Catalu\u00f1a, el sindicato Satse ha destacado que las enfermeras han logrado un avance parcial con el <strong>III Convenio SISCAT<\/strong>, firmado en 2024, que increment\u00f3 el salario base de las enfermeras, comadronas y fisioterapeutas en un <strong>18%<\/strong> en dos a\u00f1os, equipar\u00e1ndolo al de otros profesionales de grado no asistencial con 240 cr\u00e9ditos ECTS. Este acuerdo permiti\u00f3 que las percepciones anuales pasaran de unos <strong>31.300 euros a aproximadamente 37.000 euros<\/strong> en 2024, un paso significativo pero insuficiente, ya que las enfermeras a\u00fan no est\u00e1n clasificadas en el grupo A1 (o Grupo 1 en el SISCAT).<\/p>\n<p>A pesar de este logro, el colectivo subraya que la reclasificaci\u00f3n al A1 es crucial para garantizar una remuneraci\u00f3n justa que refleje su formaci\u00f3n, competencias y responsabilidades. Las enfermeras, especialmente en atenci\u00f3n primaria, han asumido funciones avanzadas, como la prescripci\u00f3n de medicamentos para ciertas afecciones, lo que evidencia su creciente rol en el sistema sanitario. Sin embargo, estas responsabilidades adicionales no se han traducido en un reconocimiento salarial o profesional acorde.<\/p>\n<h2>Cr\u00edticas al Sistema Mecu: Perpetuando Desigualdades<\/h2>\n<p>La nueva clasificaci\u00f3n propuesta por el Ministerio de Sanidad, basada en el <strong>Marco Espa\u00f1ol de Cualificaciones para el Aprendizaje Permanente (Mecu)<\/strong>, ha generado un fuerte rechazo por parte de Satse y la Plataforma A1. Seg\u00fan el borrador del Estatuto Marco, las enfermeras ser\u00edan ubicadas en el <strong>Grupo 6 (Mecu 6)<\/strong>, junto a fisioterapeutas, terapeutas ocupacionales y trabajadoras sociales, mientras que las enfermeras especialistas (con cuatro a\u00f1os de formaci\u00f3n adicional) compartir\u00edan el <strong>Grupo 7 (Mecu 7)<\/strong> con veterinarios y farmac\u00e9uticos. En contraste, el <strong>Grupo 8 (Mecu 8)<\/strong>, reservado para doctorados y profesionales con especializaciones de m\u00e1s de cuatro a\u00f1os, incluye a m\u00e9dicos, bi\u00f3logos, qu\u00edmicos y psic\u00f3logos especialistas, entre otros.<\/p>\n<p>Paloma Repila, representante sindical de Satse, ha criticado esta estructura por perpetuar las desigualdades existentes. Seg\u00fan Repila, el sistema Mecu no reconoce adecuadamente la especializaci\u00f3n de las enfermeras, ya que la tasaci\u00f3n por a\u00f1os de especialidad (cuatro a\u00f1os para Mecu 6, m\u00e1s de cuatro para Mecu 7) es insuficiente y no permite una progresi\u00f3n justa. Adem\u00e1s, esta clasificaci\u00f3n limita las oportunidades de las enfermeras para acceder a puestos de alta direcci\u00f3n o liderar grupos de investigaci\u00f3n, a pesar de que muchas cuentan con doctorados o formaci\u00f3n avanzada.<\/p>\n<p>Otro punto de cr\u00edtica es la falta de flexibilidad en la evaluaci\u00f3n de la especializaci\u00f3n. Satse propone que esta se mida en per\u00edodos m\u00e1s cortos, como anualmente o cada dos a\u00f1os, para reflejar con mayor precisi\u00f3n las competencias adquiridas por las enfermeras a lo largo de su carrera. La rigidez del sistema Mecu, seg\u00fan el sindicato, refuerza una jerarqu\u00eda profesional que subvalora a las enfermeras y perpet\u00faa la brecha de g\u00e9nero, dado que la enfermer\u00eda es una profesi\u00f3n mayoritariamente femenina.<\/p>\n<h2>La Dimensi\u00f3n de G\u00e9nero: Una Profesi\u00f3n Feminizada<\/h2>\n<p>La lucha de la Plataforma A1 no puede entenderse sin considerar la dimensi\u00f3n de g\u00e9nero. La enfermer\u00eda, al igual que la fisioterapia, es una profesi\u00f3n <strong>altamente feminizada<\/strong>, con un 84% de mujeres seg\u00fan datos del Ministerio de Sanidad. Esta feminizaci\u00f3n ha contribuido a una percepci\u00f3n social de menor prestigio y a peores condiciones laborales, incluyendo salarios m\u00e1s bajos, alta temporalidad y empleo a tiempo parcial.<\/p>\n<p>Un estudio reciente del Ministerio de Sanidad revela que, a pesar de que las enfermeras superan en n\u00famero a los enfermeros en una proporci\u00f3n de 6 a 1, los hombres ocupan un porcentaje mayor de puestos de responsabilidad (4,8% frente al 3,4% de las mujeres). Esta disparidad refleja una <strong>brecha de g\u00e9nero<\/strong> en el acceso a roles de gesti\u00f3n y direcci\u00f3n, lo que limita el desarrollo profesional de las mujeres enfermeras y contribuye a la desigualdad salarial.<\/p>\n<p>Satse ha denunciado que la clasificaci\u00f3n A2, en la que permanecen las enfermeras, agrava esta brecha de g\u00e9nero al no reconocer su formaci\u00f3n de grado ni sus competencias, en comparaci\u00f3n con profesiones masculinizadas como la medicina. La Plataforma A1, al exigir la reclasificaci\u00f3n al A1, busca no solo una mejora salarial, sino tambi\u00e9n un reconocimiento que visibilice la profesionalidad de la enfermer\u00eda y combata los estereotipos que la relegan a un rol secundario.<\/p>\n<h2>El Camino Hacia el Estatuto Marco<\/h2>\n<p>El futuro de las demandas de la Plataforma A1 est\u00e1 estrechamente ligado a la aprobaci\u00f3n del nuevo <strong>Estatuto Marco<\/strong>, cuyo borrador se espera que llegue al Consejo de Ministros en oto\u00f1o de 2025. La ministra de Sanidad, M\u00f3nica Garc\u00eda, ha emplazado a las comunidades aut\u00f3nomas a una nueva reuni\u00f3n en septiembre para avanzar en las negociaciones, seguida de la constituci\u00f3n de un foro de di\u00e1logo social con los sindicatos. Este proceso tambi\u00e9n requerir\u00e1 la aprobaci\u00f3n del Ministerio de Hacienda y Funci\u00f3n P\u00fablica para implementar los cambios retributivos.<\/p>\n<p>Sin embargo, las enfermeras han advertido que, si el Estatuto Marco no satisface sus demandas, est\u00e1n preparadas para salir a la calle. \u00abSeg\u00fan c\u00f3mo se resuelva el Estatuto, saldremos a la calle\u00bb, ha declarado una portavoz de la Plataforma A1, reflejando la determinaci\u00f3n del colectivo.<\/p>\n<p>El sindicato Satse insiste en que la retribuci\u00f3n b\u00e1sica, incluyendo el sueldo base y los trienios, debe ser igual para todas las profesiones de grado, con complementos adicionales basados en la especializaci\u00f3n. Este enfoque busca garantizar una estructura salarial m\u00e1s equitativa que refleje las responsabilidades y la formaci\u00f3n de las enfermeras.<\/p>\n<h2>Implicaciones para el Sistema Sanitario<\/h2>\n<p>La lucha de la Plataforma A1 no solo tiene implicaciones para las enfermeras, sino tambi\u00e9n para el conjunto del sistema sanitario espa\u00f1ol. Seg\u00fan un informe del Ministerio de Sanidad de 2025, Espa\u00f1a cuenta con una ratio de <strong>6,3 enfermeras por cada 1.000 habitantes<\/strong>, significativamente inferior al promedio de la Uni\u00f3n Europea (8,5). Adem\u00e1s, el 39,4% de las enfermeras encuestadas expres\u00f3 su intenci\u00f3n de abandonar la profesi\u00f3n en los pr\u00f3ximos 10 a\u00f1os, lo que subraya la urgencia de abordar las condiciones laborales y salariales para retener el talento.<\/p>\n<p>La reclasificaci\u00f3n al A1 y las mejoras salariales podr\u00edan no solo mejorar la calidad de vida de las enfermeras, sino tambi\u00e9n fortalecer el sistema sanitario al aumentar su capacidad para atraer y retener profesionales. Asimismo, permitir que las enfermeras accedan a roles de gesti\u00f3n y direcci\u00f3n podr\u00eda optimizar la toma de decisiones en los centros de salud y fomentar una atenci\u00f3n m\u00e1s integral y coordinada.<\/p>\n<h2>Un Futuro de Equidad y Reconocimiento<\/h2>\n<p>La Plataforma A1 representa un hito en la lucha de las enfermeras catalanas por la equidad salarial y profesional. Con el respaldo de Satse y una creciente movilizaci\u00f3n a nivel nacional, este colectivo est\u00e1 desafiando un sistema que, durante d\u00e9cadas, ha subvalorado su formaci\u00f3n y contribuciones. Las cr\u00edticas al sistema Mecu y la demanda de reclasificaci\u00f3n al A1 no solo buscan cerrar una brecha salarial de 400 euros, sino tambi\u00e9n garantizar que las enfermeras puedan acceder a las mismas oportunidades de liderazgo y reconocimiento que otras profesiones sanitarias.<\/p>\n<p>A medida que se acerca la aprobaci\u00f3n del Estatuto Marco, el movimiento de la Plataforma A1 pone de manifiesto la necesidad de una reforma estructural que no solo beneficie a las enfermeras, sino que tambi\u00e9n fortalezca el sistema sanitario espa\u00f1ol en su conjunto. En un contexto de creciente presi\u00f3n sobre los profesionales de la salud, la lucha por la equidad no es solo una cuesti\u00f3n de justicia, sino una inversi\u00f3n en el futuro de la atenci\u00f3n sanitaria.<\/p>","protected":false},"excerpt":{"rendered":"<p>Nace la Plataforma A1<\/p>","protected":false},"author":3,"featured_media":65994,"comment_status":"closed","ping_status":"closed","sticky":false,"template":"","format":"standard","meta":{"footnotes":""},"categories":[59],"tags":[],"class_list":["post-65993","post","type-post","status-publish","format-standard","has-post-thumbnail","hentry","category-catalunya"],"yoast_head":"<!-- This site is optimized with the Yoast SEO plugin v27.5 - https:\/\/yoast.com\/product\/yoast-seo-wordpress\/ -->\n<title>600 enfermeras catalanas exigen mejoras salariales y equidad profesional - Revista Rambla<\/title>\n<meta name=\"robots\" content=\"index, follow, max-snippet:-1, max-image-preview:large, max-video-preview:-1\" \/>\n<link rel=\"canonical\" href=\"https:\/\/www.revistarambla.com\/en\/600-enfermeras-catalanas-exigen-mejoras-salariales-y-equidad-profesional\/\" \/>\n<meta property=\"og:locale\" content=\"en_GB\" \/>\n<meta property=\"og:type\" content=\"article\" \/>\n<meta property=\"og:title\" content=\"600 enfermeras catalanas exigen mejoras salariales y equidad profesional - Revista Rambla\" \/>\n<meta property=\"og:description\" content=\"Nace la Plataforma A1\" \/>\n<meta property=\"og:url\" content=\"https:\/\/www.revistarambla.com\/en\/600-enfermeras-catalanas-exigen-mejoras-salariales-y-equidad-profesional\/\" \/>\n<meta property=\"og:site_name\" content=\"Revista Rambla\" \/>\n<meta property=\"article:publisher\" content=\"https:\/\/www.facebook.com\/revistarambla\/\" \/>\n<meta property=\"article:author\" content=\"https:\/\/www.facebook.com\/revistarambla\" \/>\n<meta property=\"article:published_time\" content=\"2025-08-07T11:07:12+00:00\" \/>\n<meta property=\"og:image\" content=\"https:\/\/www.revistarambla.com\/wp-content\/uploads\/2025\/08\/enfermeras-catalanas.jpg\" \/>\n\t<meta property=\"og:image:width\" content=\"1024\" \/>\n\t<meta property=\"og:image:height\" content=\"675\" \/>\n\t<meta property=\"og:image:type\" content=\"image\/jpeg\" \/>\n<meta name=\"author\" content=\"R@mbla\" \/>\n<meta name=\"twitter:card\" content=\"summary_large_image\" \/>\n<meta name=\"twitter:creator\" content=\"@revistarambla\" \/>\n<meta name=\"twitter:site\" content=\"@revistarambla\" \/>\n<meta name=\"twitter:label1\" content=\"Written by\" \/>\n\t<meta name=\"twitter:data1\" content=\"R@mbla\" \/>\n\t<meta name=\"twitter:label2\" content=\"Estimated reading time\" \/>\n\t<meta name=\"twitter:data2\" content=\"8 minutes\" \/>\n<script type=\"application\/ld+json\" class=\"yoast-schema-graph\">{\"@context\":\"https:\\\/\\\/schema.org\",\"@graph\":[{\"@type\":\"Article\",\"@id\":\"https:\\\/\\\/www.revistarambla.com\\\/600-enfermeras-catalanas-exigen-mejoras-salariales-y-equidad-profesional\\\/#article\",\"isPartOf\":{\"@id\":\"https:\\\/\\\/www.revistarambla.com\\\/600-enfermeras-catalanas-exigen-mejoras-salariales-y-equidad-profesional\\\/\"},\"author\":{\"name\":\"R@mbla\",\"@id\":\"https:\\\/\\\/www.revistarambla.com\\\/#\\\/schema\\\/person\\\/a146a5a2550b94981a75131180e1bd9c\"},\"headline\":\"600 enfermeras catalanas exigen mejoras salariales y equidad profesional\",\"datePublished\":\"2025-08-07T11:07:12+00:00\",\"mainEntityOfPage\":{\"@id\":\"https:\\\/\\\/www.revistarambla.com\\\/600-enfermeras-catalanas-exigen-mejoras-salariales-y-equidad-profesional\\\/\"},\"wordCount\":1778,\"publisher\":{\"@id\":\"https:\\\/\\\/www.revistarambla.com\\\/#organization\"},\"image\":{\"@id\":\"https:\\\/\\\/www.revistarambla.com\\\/600-enfermeras-catalanas-exigen-mejoras-salariales-y-equidad-profesional\\\/#primaryimage\"},\"thumbnailUrl\":\"https:\\\/\\\/www.revistarambla.com\\\/wp-content\\\/uploads\\\/2025\\\/08\\\/enfermeras-catalanas.jpg\",\"articleSection\":[\"Catalunya\"],\"inLanguage\":\"en-GB\"},{\"@type\":\"WebPage\",\"@id\":\"https:\\\/\\\/www.revistarambla.com\\\/600-enfermeras-catalanas-exigen-mejoras-salariales-y-equidad-profesional\\\/\",\"url\":\"https:\\\/\\\/www.revistarambla.com\\\/600-enfermeras-catalanas-exigen-mejoras-salariales-y-equidad-profesional\\\/\",\"name\":\"600 enfermeras catalanas exigen mejoras salariales y equidad profesional - Revista Rambla\",\"isPartOf\":{\"@id\":\"https:\\\/\\\/www.revistarambla.com\\\/#website\"},\"primaryImageOfPage\":{\"@id\":\"https:\\\/\\\/www.revistarambla.com\\\/600-enfermeras-catalanas-exigen-mejoras-salariales-y-equidad-profesional\\\/#primaryimage\"},\"image\":{\"@id\":\"https:\\\/\\\/www.revistarambla.com\\\/600-enfermeras-catalanas-exigen-mejoras-salariales-y-equidad-profesional\\\/#primaryimage\"},\"thumbnailUrl\":\"https:\\\/\\\/www.revistarambla.com\\\/wp-content\\\/uploads\\\/2025\\\/08\\\/enfermeras-catalanas.jpg\",\"datePublished\":\"2025-08-07T11:07:12+00:00\",\"breadcrumb\":{\"@id\":\"https:\\\/\\\/www.revistarambla.com\\\/600-enfermeras-catalanas-exigen-mejoras-salariales-y-equidad-profesional\\\/#breadcrumb\"},\"inLanguage\":\"en-GB\",\"potentialAction\":[{\"@type\":\"ReadAction\",\"target\":[\"https:\\\/\\\/www.revistarambla.com\\\/600-enfermeras-catalanas-exigen-mejoras-salariales-y-equidad-profesional\\\/\"]}]},{\"@type\":\"ImageObject\",\"inLanguage\":\"en-GB\",\"@id\":\"https:\\\/\\\/www.revistarambla.com\\\/600-enfermeras-catalanas-exigen-mejoras-salariales-y-equidad-profesional\\\/#primaryimage\",\"url\":\"https:\\\/\\\/www.revistarambla.com\\\/wp-content\\\/uploads\\\/2025\\\/08\\\/enfermeras-catalanas.jpg\",\"contentUrl\":\"https:\\\/\\\/www.revistarambla.com\\\/wp-content\\\/uploads\\\/2025\\\/08\\\/enfermeras-catalanas.jpg\",\"width\":1024,\"height\":675,\"caption\":\"enfermeras catalanas\"},{\"@type\":\"BreadcrumbList\",\"@id\":\"https:\\\/\\\/www.revistarambla.com\\\/600-enfermeras-catalanas-exigen-mejoras-salariales-y-equidad-profesional\\\/#breadcrumb\",\"itemListElement\":[{\"@type\":\"ListItem\",\"position\":1,\"name\":\"Portada\",\"item\":\"https:\\\/\\\/www.revistarambla.com\\\/\"},{\"@type\":\"ListItem\",\"position\":2,\"name\":\"600 enfermeras catalanas exigen mejoras salariales y equidad profesional\"}]},{\"@type\":\"WebSite\",\"@id\":\"https:\\\/\\\/www.revistarambla.com\\\/#website\",\"url\":\"https:\\\/\\\/www.revistarambla.com\\\/\",\"name\":\"Revista Rambla Barcelona\",\"description\":\"Periodismo independiente\",\"publisher\":{\"@id\":\"https:\\\/\\\/www.revistarambla.com\\\/#organization\"},\"potentialAction\":[{\"@type\":\"SearchAction\",\"target\":{\"@type\":\"EntryPoint\",\"urlTemplate\":\"https:\\\/\\\/www.revistarambla.com\\\/?s={search_term_string}\"},\"query-input\":{\"@type\":\"PropertyValueSpecification\",\"valueRequired\":true,\"valueName\":\"search_term_string\"}}],\"inLanguage\":\"en-GB\"},{\"@type\":\"Organization\",\"@id\":\"https:\\\/\\\/www.revistarambla.com\\\/#organization\",\"name\":\"Revista Rambla\",\"url\":\"https:\\\/\\\/www.revistarambla.com\\\/\",\"logo\":{\"@type\":\"ImageObject\",\"inLanguage\":\"en-GB\",\"@id\":\"https:\\\/\\\/www.revistarambla.com\\\/#\\\/schema\\\/logo\\\/image\\\/\",\"url\":\"https:\\\/\\\/www.revistarambla.com\\\/wp-content\\\/uploads\\\/2020\\\/09\\\/banner_rambla_1900x600_BB.png\",\"contentUrl\":\"https:\\\/\\\/www.revistarambla.com\\\/wp-content\\\/uploads\\\/2020\\\/09\\\/banner_rambla_1900x600_BB.png\",\"width\":1900,\"height\":600,\"caption\":\"Revista Rambla\"},\"image\":{\"@id\":\"https:\\\/\\\/www.revistarambla.com\\\/#\\\/schema\\\/logo\\\/image\\\/\"},\"sameAs\":[\"https:\\\/\\\/www.facebook.com\\\/revistarambla\\\/\",\"https:\\\/\\\/x.com\\\/revistarambla\",\"https:\\\/\\\/www.instagram.com\\\/revista_rambla\",\"https:\\\/\\\/es.linkedin.com\\\/company\\\/revista-rambla\"]},{\"@type\":\"Person\",\"@id\":\"https:\\\/\\\/www.revistarambla.com\\\/#\\\/schema\\\/person\\\/a146a5a2550b94981a75131180e1bd9c\",\"name\":\"R@mbla\",\"description\":\"Este art\u00edculo ha sido redactado y\\\/o validado por el equipo de redacci\u00f3n de Revista Rambla.\",\"sameAs\":[\"https:\\\/\\\/www.revistarambla.com\\\/\",\"https:\\\/\\\/www.facebook.com\\\/revistarambla\",\"https:\\\/\\\/x.com\\\/revistarambla\"]}]}<\/script>\n<!-- \/ Yoast SEO plugin. -->","yoast_head_json":{"title":"600 enfermeras catalanas exigen mejoras salariales y equidad profesional - Revista Rambla","robots":{"index":"index","follow":"follow","max-snippet":"max-snippet:-1","max-image-preview":"max-image-preview:large","max-video-preview":"max-video-preview:-1"},"canonical":"https:\/\/www.revistarambla.com\/en\/600-enfermeras-catalanas-exigen-mejoras-salariales-y-equidad-profesional\/","og_locale":"en_GB","og_type":"article","og_title":"600 enfermeras catalanas exigen mejoras salariales y equidad profesional - Revista Rambla","og_description":"Nace la Plataforma A1","og_url":"https:\/\/www.revistarambla.com\/en\/600-enfermeras-catalanas-exigen-mejoras-salariales-y-equidad-profesional\/","og_site_name":"Revista Rambla","article_publisher":"https:\/\/www.facebook.com\/revistarambla\/","article_author":"https:\/\/www.facebook.com\/revistarambla","article_published_time":"2025-08-07T11:07:12+00:00","og_image":[{"width":1024,"height":675,"url":"https:\/\/www.revistarambla.com\/wp-content\/uploads\/2025\/08\/enfermeras-catalanas.jpg","type":"image\/jpeg"}],"author":"R@mbla","twitter_card":"summary_large_image","twitter_creator":"@revistarambla","twitter_site":"@revistarambla","twitter_misc":{"Written by":"R@mbla","Estimated reading time":"8 minutes"},"schema":{"@context":"https:\/\/schema.org","@graph":[{"@type":"Article","@id":"https:\/\/www.revistarambla.com\/600-enfermeras-catalanas-exigen-mejoras-salariales-y-equidad-profesional\/#article","isPartOf":{"@id":"https:\/\/www.revistarambla.com\/600-enfermeras-catalanas-exigen-mejoras-salariales-y-equidad-profesional\/"},"author":{"name":"R@mbla","@id":"https:\/\/www.revistarambla.com\/#\/schema\/person\/a146a5a2550b94981a75131180e1bd9c"},"headline":"600 enfermeras catalanas exigen mejoras salariales y equidad profesional","datePublished":"2025-08-07T11:07:12+00:00","mainEntityOfPage":{"@id":"https:\/\/www.revistarambla.com\/600-enfermeras-catalanas-exigen-mejoras-salariales-y-equidad-profesional\/"},"wordCount":1778,"publisher":{"@id":"https:\/\/www.revistarambla.com\/#organization"},"image":{"@id":"https:\/\/www.revistarambla.com\/600-enfermeras-catalanas-exigen-mejoras-salariales-y-equidad-profesional\/#primaryimage"},"thumbnailUrl":"https:\/\/www.revistarambla.com\/wp-content\/uploads\/2025\/08\/enfermeras-catalanas.jpg","articleSection":["Catalunya"],"inLanguage":"en-GB"},{"@type":"WebPage","@id":"https:\/\/www.revistarambla.com\/600-enfermeras-catalanas-exigen-mejoras-salariales-y-equidad-profesional\/","url":"https:\/\/www.revistarambla.com\/600-enfermeras-catalanas-exigen-mejoras-salariales-y-equidad-profesional\/","name":"600 enfermeras catalanas exigen mejoras salariales y equidad profesional - Revista Rambla","isPartOf":{"@id":"https:\/\/www.revistarambla.com\/#website"},"primaryImageOfPage":{"@id":"https:\/\/www.revistarambla.com\/600-enfermeras-catalanas-exigen-mejoras-salariales-y-equidad-profesional\/#primaryimage"},"image":{"@id":"https:\/\/www.revistarambla.com\/600-enfermeras-catalanas-exigen-mejoras-salariales-y-equidad-profesional\/#primaryimage"},"thumbnailUrl":"https:\/\/www.revistarambla.com\/wp-content\/uploads\/2025\/08\/enfermeras-catalanas.jpg","datePublished":"2025-08-07T11:07:12+00:00","breadcrumb":{"@id":"https:\/\/www.revistarambla.com\/600-enfermeras-catalanas-exigen-mejoras-salariales-y-equidad-profesional\/#breadcrumb"},"inLanguage":"en-GB","potentialAction":[{"@type":"ReadAction","target":["https:\/\/www.revistarambla.com\/600-enfermeras-catalanas-exigen-mejoras-salariales-y-equidad-profesional\/"]}]},{"@type":"ImageObject","inLanguage":"en-GB","@id":"https:\/\/www.revistarambla.com\/600-enfermeras-catalanas-exigen-mejoras-salariales-y-equidad-profesional\/#primaryimage","url":"https:\/\/www.revistarambla.com\/wp-content\/uploads\/2025\/08\/enfermeras-catalanas.jpg","contentUrl":"https:\/\/www.revistarambla.com\/wp-content\/uploads\/2025\/08\/enfermeras-catalanas.jpg","width":1024,"height":675,"caption":"enfermeras catalanas"},{"@type":"BreadcrumbList","@id":"https:\/\/www.revistarambla.com\/600-enfermeras-catalanas-exigen-mejoras-salariales-y-equidad-profesional\/#breadcrumb","itemListElement":[{"@type":"ListItem","position":1,"name":"Portada","item":"https:\/\/www.revistarambla.com\/"},{"@type":"ListItem","position":2,"name":"600 enfermeras catalanas exigen mejoras salariales y equidad profesional"}]},{"@type":"WebSite","@id":"https:\/\/www.revistarambla.com\/#website","url":"https:\/\/www.revistarambla.com\/","name":"Revista Rambla Barcelona","description":"Periodismo independiente","publisher":{"@id":"https:\/\/www.revistarambla.com\/#organization"},"potentialAction":[{"@type":"SearchAction","target":{"@type":"EntryPoint","urlTemplate":"https:\/\/www.revistarambla.com\/?s={search_term_string}"},"query-input":{"@type":"PropertyValueSpecification","valueRequired":true,"valueName":"search_term_string"}}],"inLanguage":"en-GB"},{"@type":"Organization","@id":"https:\/\/www.revistarambla.com\/#organization","name":"Revista Rambla","url":"https:\/\/www.revistarambla.com\/","logo":{"@type":"ImageObject","inLanguage":"en-GB","@id":"https:\/\/www.revistarambla.com\/#\/schema\/logo\/image\/","url":"https:\/\/www.revistarambla.com\/wp-content\/uploads\/2020\/09\/banner_rambla_1900x600_BB.png","contentUrl":"https:\/\/www.revistarambla.com\/wp-content\/uploads\/2020\/09\/banner_rambla_1900x600_BB.png","width":1900,"height":600,"caption":"Revista Rambla"},"image":{"@id":"https:\/\/www.revistarambla.com\/#\/schema\/logo\/image\/"},"sameAs":["https:\/\/www.facebook.com\/revistarambla\/","https:\/\/x.com\/revistarambla","https:\/\/www.instagram.com\/revista_rambla","https:\/\/es.linkedin.com\/company\/revista-rambla"]},{"@type":"Person","@id":"https:\/\/www.revistarambla.com\/#\/schema\/person\/a146a5a2550b94981a75131180e1bd9c","name":"R@mbla","description":"Este art\u00edculo ha sido redactado y\/o validado por el equipo de redacci\u00f3n de Revista Rambla.","sameAs":["https:\/\/www.revistarambla.com\/","https:\/\/www.facebook.com\/revistarambla","https:\/\/x.com\/revistarambla"]}]}},"_links":{"self":[{"href":"https:\/\/www.revistarambla.com\/en\/wp-json\/wp\/v2\/posts\/65993","targetHints":{"allow":["GET"]}}],"collection":[{"href":"https:\/\/www.revistarambla.com\/en\/wp-json\/wp\/v2\/posts"}],"about":[{"href":"https:\/\/www.revistarambla.com\/en\/wp-json\/wp\/v2\/types\/post"}],"author":[{"embeddable":true,"href":"https:\/\/www.revistarambla.com\/en\/wp-json\/wp\/v2\/users\/3"}],"replies":[{"embeddable":true,"href":"https:\/\/www.revistarambla.com\/en\/wp-json\/wp\/v2\/comments?post=65993"}],"version-history":[{"count":1,"href":"https:\/\/www.revistarambla.com\/en\/wp-json\/wp\/v2\/posts\/65993\/revisions"}],"predecessor-version":[{"id":65995,"href":"https:\/\/www.revistarambla.com\/en\/wp-json\/wp\/v2\/posts\/65993\/revisions\/65995"}],"wp:featuredmedia":[{"embeddable":true,"href":"https:\/\/www.revistarambla.com\/en\/wp-json\/wp\/v2\/media\/65994"}],"wp:attachment":[{"href":"https:\/\/www.revistarambla.com\/en\/wp-json\/wp\/v2\/media?parent=65993"}],"wp:term":[{"taxonomy":"category","embeddable":true,"href":"https:\/\/www.revistarambla.com\/en\/wp-json\/wp\/v2\/categories?post=65993"},{"taxonomy":"post_tag","embeddable":true,"href":"https:\/\/www.revistarambla.com\/en\/wp-json\/wp\/v2\/tags?post=65993"}],"curies":[{"name":"wp","href":"https:\/\/api.w.org\/{rel}","templated":true}]}}