{"id":65981,"date":"2025-08-07T11:30:11","date_gmt":"2025-08-07T09:30:11","guid":{"rendered":"https:\/\/www.revistarambla.com\/?p=65981"},"modified":"2025-09-11T10:57:46","modified_gmt":"2025-09-11T08:57:46","slug":"el-silencio-de-la-casa-de-las-viudas","status":"publish","type":"post","link":"https:\/\/www.revistarambla.com\/en\/el-silencio-de-la-casa-de-las-viudas\/","title":{"rendered":"El silencio de la Casa de las Viudas"},"content":{"rendered":"<p>En Sitges, donde las olas del Mediterr\u00e1neo susurran secretos antiguos y las calles empedradas guardan ecos de pasos olvidados, se alza la Casa de las Viudas. <!--more-->Nadie sabe con certeza cu\u00e1ndo fue construida, pero los lugare\u00f1os evitan su sombra, un caser\u00f3n decr\u00e9pito en la ladera del Garraf, con vistas al mar que parecen m\u00e1s una maldici\u00f3n que un privilegio. Sus ventanas, siempre cerradas, reflejan un cielo que nunca parece completamente azul. Yo, Clara Valls, periodista de lo ins\u00f3lito, llegu\u00e9 a Sitges en octubre de 2025, atra\u00edda por los rumores que envolv\u00edan la casa. La revista <em>Sombras Eternas<\/em>\u00a0me hab\u00eda encargado un relato que helara la sangre de sus lectores, y yo, esc\u00e9ptica pero intrigada, acept\u00e9 el desaf\u00edo. No pod\u00eda imaginar que la Casa de las Viudas no solo me dar\u00eda una historia, sino que intentar\u00eda reclamarme como suya.<\/p>\n<p>El aire ol\u00eda a sal y a algo m\u00e1s, algo met\u00e1lico, cuando llegu\u00e9 a Sitges. La ciudad estaba en plena efervescencia por el Festival de Cine Fant\u00e1stico, pero mi destino no eran las luces del certamen, sino la penumbra de una leyenda. Los rumores dec\u00edan que la casa hab\u00eda sido hogar de mujeres que, una tras otra, enviudaron en circunstancias inexplicables. Sus maridos, pescadores y comerciantes, desaparec\u00edan en el mar o en los bosques del Garraf, dejando tras de s\u00ed solo ecos de gritos que nadie pod\u00eda ubicar. Las viudas, dec\u00edan, nunca abandonaban la casa. Se quedaban, tejiendo en la oscuridad, cantando lamentos que se confund\u00edan con el viento. Pero lo que m\u00e1s estremec\u00eda era el relato de un espejo en el \u00e1tico, uno que, seg\u00fan los m\u00e1s ancianos, no reflejaba rostros, sino sombras que no pertenec\u00edan a quien se miraba en \u00e9l.<\/p>\n<p>Mi primer d\u00eda en Sitges lo pas\u00e9 entrevistando a los vecinos. La mayor\u00eda rehu\u00eda mis preguntas, cruz\u00e1ndose de brazos o mirando al suelo. Solo una anciana, Rosa, acept\u00f3 hablar, aunque sus ojos temblaban como si temiera que la casa pudiera escucharla. \u201cNo vayas, ni\u00f1a\u201d, me dijo, apret\u00e1ndome el brazo con dedos huesudos. \u201cEsa casa no est\u00e1 vac\u00eda, aunque lo parezca. Ellas siguen ah\u00ed, y no les gusta que las molesten\u201d. Cuando le pregunt\u00e9 qui\u00e9nes eran \u201cellas\u201d, su rostro palideci\u00f3 y se\u00f1al\u00f3 hacia la ladera. \u201cLas viudas. Siempre est\u00e1n mirando. Siempre est\u00e1n esperando\u201d. Sus palabras me persiguieron mientras sub\u00eda por el sendero empinado hacia la casa, con mi grabadora en la mano y una linterna en el bolsillo.<\/p>\n<p>La Casa de las Viudas era a\u00fan m\u00e1s imponente de lo que imaginaba. Sus muros de piedra estaban cubiertos de musgo y enredaderas, como si la naturaleza intentara reclamarla, pero no pudiera. Las ventanas, con cristales opacos por el polvo, parec\u00edan ojos ciegos que me observaban. La puerta principal, de madera carcomida, estaba entreabierta, como si me invitara a entrar. Empuj\u00e9 con cautela, y el chirrido que emiti\u00f3 reson\u00f3 como un lamento. El interior ol\u00eda a humedad y a algo dulz\u00f3n, como flores marchitas. La luz del atardecer apenas se filtraba, dibujando sombras alargadas en el suelo cubierto de polvo. Cada paso que daba levantaba part\u00edculas que danzaban en el aire, como si la casa respirara.<\/p>\n<p>Explor\u00e9 la planta baja: un sal\u00f3n con muebles cubiertos por s\u00e1banas, una chimenea apagada desde hac\u00eda d\u00e9cadas y una escalera que sub\u00eda hacia la oscuridad. Encontr\u00e9 un retrato desva\u00eddo en la pared, una mujer de mirada severa, con un vestido negro y un velo que le cubr\u00eda el rostro. No hab\u00eda nombres ni fechas, pero algo en sus ojos pintados me hizo estremecer. Decid\u00ed grabar mis impresiones: \u201cD\u00eda uno en la Casa de las Viudas. La atm\u00f3sfera es opresiva, como si el aire estuviera cargado de algo m\u00e1s que polvo. Hay un silencio que no es silencio, sino un murmullo constante, como si alguien hablara justo fuera de mi alcance\u201d. Apagu\u00e9 la grabadora y me di cuenta de que, efectivamente, hab\u00eda un sonido: un roce suave, como de tela arrastr\u00e1ndose por el suelo.<\/p>\n<p>Sub\u00ed la escalera, cada pelda\u00f1o crujiendo bajo mi peso. El segundo piso era un laberinto de pasillos estrechos y puertas cerradas. Prob\u00e9 varias, pero todas estaban trabadas, salvo una al final del corredor. Entr\u00e9 en lo que parec\u00eda un dormitorio, con una cama de hierro oxidada y un armario de madera tallada. Sobre una mesita, hab\u00eda un peine de marfil y un espejo de mano, ambos cubiertos de telara\u00f1as. Me acerqu\u00e9 al espejo, tentada de probar la leyenda. Mi reflejo apareci\u00f3 borroso, distorsionado por el cristal antiguo. Pero entonces, detr\u00e1s de mi imagen, vi algo m\u00e1s: una figura envuelta en sombras, inm\u00f3vil, con un rostro que no era un rostro, sino un vac\u00edo. Solt\u00e9 el espejo, que se estrell\u00f3 contra el suelo, y retroced\u00ed hasta chocar con el armario. El roce de tela se intensific\u00f3, ahora acompa\u00f1ado por un susurro, como un c\u00e1ntico en una lengua que no reconoc\u00ed.<\/p>\n<p>Corr\u00ed hacia la escalera, pero la puerta del \u00e1tico, que hab\u00eda visto cerrada al subir, ahora estaba entreabierta. Una corriente fr\u00eda bajaba desde all\u00ed, llevando consigo un olor a sal y podredumbre. Mi instinto me gritaba que huyera, pero mi curiosidad, esa maldita curiosidad que me hab\u00eda llevado a Sitges, me empuj\u00f3 a subir. El \u00e1tico era una vasta extensi\u00f3n de vigas expuestas y sombras. En el centro, iluminado por un rayo de luna que se colaba por una claraboya rota, estaba el espejo del que hablaban los rumores. Era enorme, con un marco de madera tallada con motivos marinos: olas, peces, rostros que parec\u00edan gritar. Me acerqu\u00e9, hipnotizada, y mir\u00e9 mi reflejo. Pero no era yo. La figura en el espejo ten\u00eda mi rostro, pero sus ojos eran negros, sin pupilas, y su boca se torc\u00eda en una sonrisa que no era m\u00eda.<\/p>\n<p>El c\u00e1ntico se volvi\u00f3 ensordecedor, un coro de voces femeninas que parec\u00eda surgir de las paredes. Las sombras en el espejo comenzaron a moverse, extendiendo manos huesudas hacia m\u00ed. Sent\u00ed un fr\u00edo que no era de este mundo, como si el aire mismo intentara arrastrarme hacia el cristal. Grit\u00e9, pero mi voz se perdi\u00f3 en el coro. Corr\u00ed hacia la escalera, pero la puerta del \u00e1tico se cerr\u00f3 de golpe. Golpe\u00e9 la madera, desesperada, mientras las sombras del espejo se deslizaban fuera del cristal, tomando forma a mi alrededor. Eran mujeres, o lo que alguna vez lo fueron, con rostros demacrados y velos que flotaban como si estuvieran bajo el agua. \u201cQu\u00e9date\u201d, susurraban. \u201c\u00danete a nosotras\u201d.<\/p>\n<p>No s\u00e9 c\u00f3mo logr\u00e9 abrir la puerta. Mis manos temblaban, y mi coraz\u00f3n lat\u00eda tan fuerte que pens\u00e9 que estallar\u00eda. Baj\u00e9 las escaleras a trompicones, sintiendo sus dedos fr\u00edos rozando mi nuca. Sal\u00ed de la casa y corr\u00ed por el sendero, sin mirar atr\u00e1s, hasta llegar al pueblo. Los transe\u00fantes me miraban con extra\u00f1eza, pero no me detuve hasta llegar a mi pensi\u00f3n. Cerr\u00e9 la puerta con llave y me desplom\u00e9 en la cama, jadeando. Revis\u00e9 mi grabadora, esperando encontrar alguna prueba de lo que hab\u00eda vivido. Pero solo hab\u00eda est\u00e1tica, atravesada por un c\u00e1ntico lejano, el mismo que hab\u00eda escuchado en el \u00e1tico.<\/p>\n<p>Al d\u00eda siguiente, intent\u00e9 racionalizarlo. \u00bfHab\u00eda sido mi imaginaci\u00f3n, alimentada por las historias de Rosa y el ambiente del festival? Decid\u00ed regresar a la casa, esta vez a plena luz del d\u00eda, con una c\u00e1mara y un amigo del festival, Marc, que se ofreci\u00f3 a acompa\u00f1arme. La casa parec\u00eda menos amenazante bajo el sol, pero el aire segu\u00eda cargado de esa quietud inquietante. Encontramos la puerta principal cerrada, como si nunca la hubiera abierto. Forzamos la entrada, y el interior estaba igual: polvoriento, silencioso, muerto. Subimos al \u00e1tico, pero el espejo no estaba. En su lugar, solo hab\u00eda una marca en el suelo, como si algo pesado hubiera sido arrastrado.<\/p>\n<p>Marc se burl\u00f3 de m\u00ed, diciendo que todo era un montaje de mi mente. Pero cuando revisamos las fotos de la c\u00e1mara, encontramos algo que nos dej\u00f3 helados. En una de las im\u00e1genes, tomada en el \u00e1tico, se ve\u00eda una figura borrosa detr\u00e1s de m\u00ed, una mujer con un velo negro y ojos vac\u00edos. Marc palideci\u00f3 y murmur\u00f3 que deb\u00edamos irnos. No discut\u00ed. Abandonamos Sitges esa misma tarde, pero la Casa de las Viudas no me abandon\u00f3 a m\u00ed.<\/p>\n<p>Ahora, mientras escribo este relato para <em>Sombras Eternas<\/em>, no puedo evitar mirar mi reflejo en la ventana. A veces, juro que no soy yo quien me devuelve la mirada, sino ella, la viuda del espejo, esperando que regrese. Si visitas Sitges, lector, evita la casa en la ladera. Porque las viudas no solo lloran a sus muertos. Tambi\u00e9n buscan compa\u00f1\u00eda. Y una vez que te ven, nunca te dejan ir.<\/p>","protected":false},"excerpt":{"rendered":"<p>En Sitges, donde las olas del Mediterr\u00e1neo susurran secretos antiguos y las calles empedradas guardan ecos de pasos olvidados, se alza la Casa de las Viudas.<\/p>","protected":false},"author":15,"featured_media":65982,"comment_status":"closed","ping_status":"closed","sticky":false,"template":"","format":"standard","meta":{"footnotes":""},"categories":[4113],"tags":[],"class_list":["post-65981","post","type-post","status-publish","format-standard","has-post-thumbnail","hentry","category-cuentos-de-la-tia"],"yoast_head":"<!-- This site is optimized with the Yoast SEO plugin v27.5 - https:\/\/yoast.com\/product\/yoast-seo-wordpress\/ -->\n<title>El silencio de la Casa de las Viudas - Revista Rambla<\/title>\n<meta name=\"robots\" content=\"index, follow, max-snippet:-1, max-image-preview:large, max-video-preview:-1\" \/>\n<link rel=\"canonical\" href=\"https:\/\/www.revistarambla.com\/en\/el-silencio-de-la-casa-de-las-viudas\/\" \/>\n<meta property=\"og:locale\" content=\"en_GB\" \/>\n<meta property=\"og:type\" content=\"article\" \/>\n<meta property=\"og:title\" content=\"El silencio de la Casa de las Viudas - Revista Rambla\" \/>\n<meta property=\"og:description\" content=\"En Sitges, donde las olas del Mediterr\u00e1neo susurran secretos antiguos y las calles empedradas guardan ecos de pasos olvidados, se alza la Casa de las Viudas.\" \/>\n<meta property=\"og:url\" content=\"https:\/\/www.revistarambla.com\/en\/el-silencio-de-la-casa-de-las-viudas\/\" \/>\n<meta property=\"og:site_name\" content=\"Revista Rambla\" \/>\n<meta property=\"article:publisher\" content=\"https:\/\/www.facebook.com\/revistarambla\/\" \/>\n<meta property=\"article:published_time\" content=\"2025-08-07T09:30:11+00:00\" \/>\n<meta property=\"article:modified_time\" content=\"2025-09-11T08:57:46+00:00\" \/>\n<meta property=\"og:image\" content=\"https:\/\/www.revistarambla.com\/wp-content\/uploads\/2025\/08\/image.jpg.jpg\" \/>\n\t<meta property=\"og:image:width\" content=\"720\" \/>\n\t<meta property=\"og:image:height\" content=\"576\" \/>\n\t<meta property=\"og:image:type\" content=\"image\/jpeg\" \/>\n<meta name=\"author\" content=\"Ingrid Asensio\" \/>\n<meta name=\"twitter:card\" content=\"summary_large_image\" \/>\n<meta name=\"twitter:creator\" content=\"@revistarambla\" \/>\n<meta name=\"twitter:site\" content=\"@revistarambla\" \/>\n<meta name=\"twitter:label1\" content=\"Written by\" \/>\n\t<meta name=\"twitter:data1\" content=\"Ingrid Asensio\" \/>\n\t<meta name=\"twitter:label2\" content=\"Estimated reading time\" \/>\n\t<meta name=\"twitter:data2\" content=\"7 minutes\" \/>\n<script type=\"application\/ld+json\" class=\"yoast-schema-graph\">{\"@context\":\"https:\\\/\\\/schema.org\",\"@graph\":[{\"@type\":\"Article\",\"@id\":\"https:\\\/\\\/www.revistarambla.com\\\/el-silencio-de-la-casa-de-las-viudas\\\/#article\",\"isPartOf\":{\"@id\":\"https:\\\/\\\/www.revistarambla.com\\\/el-silencio-de-la-casa-de-las-viudas\\\/\"},\"author\":{\"name\":\"Ingrid Asensio\",\"@id\":\"https:\\\/\\\/www.revistarambla.com\\\/#\\\/schema\\\/person\\\/2b19179a8ace334b829ad72cc6e6ce97\"},\"headline\":\"El silencio de la Casa de las Viudas\",\"datePublished\":\"2025-08-07T09:30:11+00:00\",\"dateModified\":\"2025-09-11T08:57:46+00:00\",\"mainEntityOfPage\":{\"@id\":\"https:\\\/\\\/www.revistarambla.com\\\/el-silencio-de-la-casa-de-las-viudas\\\/\"},\"wordCount\":1541,\"publisher\":{\"@id\":\"https:\\\/\\\/www.revistarambla.com\\\/#organization\"},\"image\":{\"@id\":\"https:\\\/\\\/www.revistarambla.com\\\/el-silencio-de-la-casa-de-las-viudas\\\/#primaryimage\"},\"thumbnailUrl\":\"https:\\\/\\\/www.revistarambla.com\\\/wp-content\\\/uploads\\\/2025\\\/08\\\/image.jpg.jpg\",\"articleSection\":[\"Cuentos de la (T)IA\"],\"inLanguage\":\"en-GB\"},{\"@type\":\"WebPage\",\"@id\":\"https:\\\/\\\/www.revistarambla.com\\\/el-silencio-de-la-casa-de-las-viudas\\\/\",\"url\":\"https:\\\/\\\/www.revistarambla.com\\\/el-silencio-de-la-casa-de-las-viudas\\\/\",\"name\":\"El silencio de la Casa de las Viudas - Revista Rambla\",\"isPartOf\":{\"@id\":\"https:\\\/\\\/www.revistarambla.com\\\/#website\"},\"primaryImageOfPage\":{\"@id\":\"https:\\\/\\\/www.revistarambla.com\\\/el-silencio-de-la-casa-de-las-viudas\\\/#primaryimage\"},\"image\":{\"@id\":\"https:\\\/\\\/www.revistarambla.com\\\/el-silencio-de-la-casa-de-las-viudas\\\/#primaryimage\"},\"thumbnailUrl\":\"https:\\\/\\\/www.revistarambla.com\\\/wp-content\\\/uploads\\\/2025\\\/08\\\/image.jpg.jpg\",\"datePublished\":\"2025-08-07T09:30:11+00:00\",\"dateModified\":\"2025-09-11T08:57:46+00:00\",\"breadcrumb\":{\"@id\":\"https:\\\/\\\/www.revistarambla.com\\\/el-silencio-de-la-casa-de-las-viudas\\\/#breadcrumb\"},\"inLanguage\":\"en-GB\",\"potentialAction\":[{\"@type\":\"ReadAction\",\"target\":[\"https:\\\/\\\/www.revistarambla.com\\\/el-silencio-de-la-casa-de-las-viudas\\\/\"]}]},{\"@type\":\"ImageObject\",\"inLanguage\":\"en-GB\",\"@id\":\"https:\\\/\\\/www.revistarambla.com\\\/el-silencio-de-la-casa-de-las-viudas\\\/#primaryimage\",\"url\":\"https:\\\/\\\/www.revistarambla.com\\\/wp-content\\\/uploads\\\/2025\\\/08\\\/image.jpg.jpg\",\"contentUrl\":\"https:\\\/\\\/www.revistarambla.com\\\/wp-content\\\/uploads\\\/2025\\\/08\\\/image.jpg.jpg\",\"width\":720,\"height\":576,\"caption\":\"Casa de las Viudas sitges\"},{\"@type\":\"BreadcrumbList\",\"@id\":\"https:\\\/\\\/www.revistarambla.com\\\/el-silencio-de-la-casa-de-las-viudas\\\/#breadcrumb\",\"itemListElement\":[{\"@type\":\"ListItem\",\"position\":1,\"name\":\"Portada\",\"item\":\"https:\\\/\\\/www.revistarambla.com\\\/\"},{\"@type\":\"ListItem\",\"position\":2,\"name\":\"El silencio de la Casa de las Viudas\"}]},{\"@type\":\"WebSite\",\"@id\":\"https:\\\/\\\/www.revistarambla.com\\\/#website\",\"url\":\"https:\\\/\\\/www.revistarambla.com\\\/\",\"name\":\"Revista Rambla Barcelona\",\"description\":\"Periodismo independiente\",\"publisher\":{\"@id\":\"https:\\\/\\\/www.revistarambla.com\\\/#organization\"},\"potentialAction\":[{\"@type\":\"SearchAction\",\"target\":{\"@type\":\"EntryPoint\",\"urlTemplate\":\"https:\\\/\\\/www.revistarambla.com\\\/?s={search_term_string}\"},\"query-input\":{\"@type\":\"PropertyValueSpecification\",\"valueRequired\":true,\"valueName\":\"search_term_string\"}}],\"inLanguage\":\"en-GB\"},{\"@type\":\"Organization\",\"@id\":\"https:\\\/\\\/www.revistarambla.com\\\/#organization\",\"name\":\"Revista Rambla\",\"url\":\"https:\\\/\\\/www.revistarambla.com\\\/\",\"logo\":{\"@type\":\"ImageObject\",\"inLanguage\":\"en-GB\",\"@id\":\"https:\\\/\\\/www.revistarambla.com\\\/#\\\/schema\\\/logo\\\/image\\\/\",\"url\":\"https:\\\/\\\/www.revistarambla.com\\\/wp-content\\\/uploads\\\/2020\\\/09\\\/banner_rambla_1900x600_BB.png\",\"contentUrl\":\"https:\\\/\\\/www.revistarambla.com\\\/wp-content\\\/uploads\\\/2020\\\/09\\\/banner_rambla_1900x600_BB.png\",\"width\":1900,\"height\":600,\"caption\":\"Revista Rambla\"},\"image\":{\"@id\":\"https:\\\/\\\/www.revistarambla.com\\\/#\\\/schema\\\/logo\\\/image\\\/\"},\"sameAs\":[\"https:\\\/\\\/www.facebook.com\\\/revistarambla\\\/\",\"https:\\\/\\\/x.com\\\/revistarambla\",\"https:\\\/\\\/www.instagram.com\\\/revista_rambla\",\"https:\\\/\\\/es.linkedin.com\\\/company\\\/revista-rambla\"]},{\"@type\":\"Person\",\"@id\":\"https:\\\/\\\/www.revistarambla.com\\\/#\\\/schema\\\/person\\\/2b19179a8ace334b829ad72cc6e6ce97\",\"name\":\"Ingrid Asensio\",\"description\":\"Creadora de contenido. No existo. Solo soy un avatar creado por IA.\"}]}<\/script>\n<!-- \/ Yoast SEO plugin. -->","yoast_head_json":{"title":"El silencio de la Casa de las Viudas - Revista Rambla","robots":{"index":"index","follow":"follow","max-snippet":"max-snippet:-1","max-image-preview":"max-image-preview:large","max-video-preview":"max-video-preview:-1"},"canonical":"https:\/\/www.revistarambla.com\/en\/el-silencio-de-la-casa-de-las-viudas\/","og_locale":"en_GB","og_type":"article","og_title":"El silencio de la Casa de las Viudas - Revista Rambla","og_description":"En Sitges, donde las olas del Mediterr\u00e1neo susurran secretos antiguos y las calles empedradas guardan ecos de pasos olvidados, se alza la Casa de las Viudas.","og_url":"https:\/\/www.revistarambla.com\/en\/el-silencio-de-la-casa-de-las-viudas\/","og_site_name":"Revista Rambla","article_publisher":"https:\/\/www.facebook.com\/revistarambla\/","article_published_time":"2025-08-07T09:30:11+00:00","article_modified_time":"2025-09-11T08:57:46+00:00","og_image":[{"width":720,"height":576,"url":"https:\/\/www.revistarambla.com\/wp-content\/uploads\/2025\/08\/image.jpg.jpg","type":"image\/jpeg"}],"author":"Ingrid Asensio","twitter_card":"summary_large_image","twitter_creator":"@revistarambla","twitter_site":"@revistarambla","twitter_misc":{"Written by":"Ingrid Asensio","Estimated reading time":"7 minutes"},"schema":{"@context":"https:\/\/schema.org","@graph":[{"@type":"Article","@id":"https:\/\/www.revistarambla.com\/el-silencio-de-la-casa-de-las-viudas\/#article","isPartOf":{"@id":"https:\/\/www.revistarambla.com\/el-silencio-de-la-casa-de-las-viudas\/"},"author":{"name":"Ingrid Asensio","@id":"https:\/\/www.revistarambla.com\/#\/schema\/person\/2b19179a8ace334b829ad72cc6e6ce97"},"headline":"El silencio de la Casa de las Viudas","datePublished":"2025-08-07T09:30:11+00:00","dateModified":"2025-09-11T08:57:46+00:00","mainEntityOfPage":{"@id":"https:\/\/www.revistarambla.com\/el-silencio-de-la-casa-de-las-viudas\/"},"wordCount":1541,"publisher":{"@id":"https:\/\/www.revistarambla.com\/#organization"},"image":{"@id":"https:\/\/www.revistarambla.com\/el-silencio-de-la-casa-de-las-viudas\/#primaryimage"},"thumbnailUrl":"https:\/\/www.revistarambla.com\/wp-content\/uploads\/2025\/08\/image.jpg.jpg","articleSection":["Cuentos de la (T)IA"],"inLanguage":"en-GB"},{"@type":"WebPage","@id":"https:\/\/www.revistarambla.com\/el-silencio-de-la-casa-de-las-viudas\/","url":"https:\/\/www.revistarambla.com\/el-silencio-de-la-casa-de-las-viudas\/","name":"El silencio de la Casa de las Viudas - Revista Rambla","isPartOf":{"@id":"https:\/\/www.revistarambla.com\/#website"},"primaryImageOfPage":{"@id":"https:\/\/www.revistarambla.com\/el-silencio-de-la-casa-de-las-viudas\/#primaryimage"},"image":{"@id":"https:\/\/www.revistarambla.com\/el-silencio-de-la-casa-de-las-viudas\/#primaryimage"},"thumbnailUrl":"https:\/\/www.revistarambla.com\/wp-content\/uploads\/2025\/08\/image.jpg.jpg","datePublished":"2025-08-07T09:30:11+00:00","dateModified":"2025-09-11T08:57:46+00:00","breadcrumb":{"@id":"https:\/\/www.revistarambla.com\/el-silencio-de-la-casa-de-las-viudas\/#breadcrumb"},"inLanguage":"en-GB","potentialAction":[{"@type":"ReadAction","target":["https:\/\/www.revistarambla.com\/el-silencio-de-la-casa-de-las-viudas\/"]}]},{"@type":"ImageObject","inLanguage":"en-GB","@id":"https:\/\/www.revistarambla.com\/el-silencio-de-la-casa-de-las-viudas\/#primaryimage","url":"https:\/\/www.revistarambla.com\/wp-content\/uploads\/2025\/08\/image.jpg.jpg","contentUrl":"https:\/\/www.revistarambla.com\/wp-content\/uploads\/2025\/08\/image.jpg.jpg","width":720,"height":576,"caption":"Casa de las Viudas sitges"},{"@type":"BreadcrumbList","@id":"https:\/\/www.revistarambla.com\/el-silencio-de-la-casa-de-las-viudas\/#breadcrumb","itemListElement":[{"@type":"ListItem","position":1,"name":"Portada","item":"https:\/\/www.revistarambla.com\/"},{"@type":"ListItem","position":2,"name":"El silencio de la Casa de las Viudas"}]},{"@type":"WebSite","@id":"https:\/\/www.revistarambla.com\/#website","url":"https:\/\/www.revistarambla.com\/","name":"Revista Rambla Barcelona","description":"Periodismo independiente","publisher":{"@id":"https:\/\/www.revistarambla.com\/#organization"},"potentialAction":[{"@type":"SearchAction","target":{"@type":"EntryPoint","urlTemplate":"https:\/\/www.revistarambla.com\/?s={search_term_string}"},"query-input":{"@type":"PropertyValueSpecification","valueRequired":true,"valueName":"search_term_string"}}],"inLanguage":"en-GB"},{"@type":"Organization","@id":"https:\/\/www.revistarambla.com\/#organization","name":"Revista Rambla","url":"https:\/\/www.revistarambla.com\/","logo":{"@type":"ImageObject","inLanguage":"en-GB","@id":"https:\/\/www.revistarambla.com\/#\/schema\/logo\/image\/","url":"https:\/\/www.revistarambla.com\/wp-content\/uploads\/2020\/09\/banner_rambla_1900x600_BB.png","contentUrl":"https:\/\/www.revistarambla.com\/wp-content\/uploads\/2020\/09\/banner_rambla_1900x600_BB.png","width":1900,"height":600,"caption":"Revista Rambla"},"image":{"@id":"https:\/\/www.revistarambla.com\/#\/schema\/logo\/image\/"},"sameAs":["https:\/\/www.facebook.com\/revistarambla\/","https:\/\/x.com\/revistarambla","https:\/\/www.instagram.com\/revista_rambla","https:\/\/es.linkedin.com\/company\/revista-rambla"]},{"@type":"Person","@id":"https:\/\/www.revistarambla.com\/#\/schema\/person\/2b19179a8ace334b829ad72cc6e6ce97","name":"Ingrid Asensio","description":"Creadora de contenido. No existo. Solo soy un avatar creado por IA."}]}},"_links":{"self":[{"href":"https:\/\/www.revistarambla.com\/en\/wp-json\/wp\/v2\/posts\/65981","targetHints":{"allow":["GET"]}}],"collection":[{"href":"https:\/\/www.revistarambla.com\/en\/wp-json\/wp\/v2\/posts"}],"about":[{"href":"https:\/\/www.revistarambla.com\/en\/wp-json\/wp\/v2\/types\/post"}],"author":[{"embeddable":true,"href":"https:\/\/www.revistarambla.com\/en\/wp-json\/wp\/v2\/users\/15"}],"replies":[{"embeddable":true,"href":"https:\/\/www.revistarambla.com\/en\/wp-json\/wp\/v2\/comments?post=65981"}],"version-history":[{"count":1,"href":"https:\/\/www.revistarambla.com\/en\/wp-json\/wp\/v2\/posts\/65981\/revisions"}],"predecessor-version":[{"id":65983,"href":"https:\/\/www.revistarambla.com\/en\/wp-json\/wp\/v2\/posts\/65981\/revisions\/65983"}],"wp:featuredmedia":[{"embeddable":true,"href":"https:\/\/www.revistarambla.com\/en\/wp-json\/wp\/v2\/media\/65982"}],"wp:attachment":[{"href":"https:\/\/www.revistarambla.com\/en\/wp-json\/wp\/v2\/media?parent=65981"}],"wp:term":[{"taxonomy":"category","embeddable":true,"href":"https:\/\/www.revistarambla.com\/en\/wp-json\/wp\/v2\/categories?post=65981"},{"taxonomy":"post_tag","embeddable":true,"href":"https:\/\/www.revistarambla.com\/en\/wp-json\/wp\/v2\/tags?post=65981"}],"curies":[{"name":"wp","href":"https:\/\/api.w.org\/{rel}","templated":true}]}}