{"id":65973,"date":"2025-08-07T10:46:09","date_gmt":"2025-08-07T08:46:09","guid":{"rendered":"https:\/\/www.revistarambla.com\/?p=65973"},"modified":"2025-08-08T21:10:18","modified_gmt":"2025-08-08T19:10:18","slug":"cierra-el-seminario-conciliar-de-barcelona-por-la-profunda-crisis-vocacional-en-la-iglesia","status":"publish","type":"post","link":"https:\/\/www.revistarambla.com\/en\/cierra-el-seminario-conciliar-de-barcelona-por-la-profunda-crisis-vocacional-en-la-iglesia\/","title":{"rendered":"Cierra el Seminario Conciliar de Barcelona por la profunda crisis vocacional en la Iglesia"},"content":{"rendered":"<p>El 29 de julio de 2025, una noticia sacudi\u00f3 a la comunidad cat\u00f3lica de Barcelona: el Seminario Conciliar, una instituci\u00f3n con m\u00e1s de cuatro siglos de historia, cerrar\u00e1 sus puertas a partir del pr\u00f3ximo curso acad\u00e9mico. Fundado en 1593, este centro ha sido el pilar de la formaci\u00f3n sacerdotal para la di\u00f3cesis de Barcelona, moldeando generaciones de sacerdotes que han servido a la Iglesia y a la sociedad catalana. Sin embargo, la dr\u00e1stica disminuci\u00f3n de vocaciones sacerdotales, un fen\u00f3meno que refleja las profundas transformaciones sociales y religiosas en Espa\u00f1a, ha llevado a esta decisi\u00f3n hist\u00f3rica.<\/p>\n<p>El Seminario Conciliar de Barcelona, establecido tras el Concilio de Trento en 1593, ha sido un basti\u00f3n de la formaci\u00f3n sacerdotal en la di\u00f3cesis. A lo largo de su historia, ha ocupado diversos lugares emblem\u00e1ticos de la ciudad, desde el convento de Santa Maria de Montalegre en el Raval hasta el colegio de Cordellas en la Rambla, pasando por la casa Magarola en la calle Tallers. Desde 1879, el seminario se asent\u00f3 en un imponente edificio de estilo historicista neomedieval en la calle Diputaci\u00f3, dise\u00f1ado por El\u00edas Rogent, detr\u00e1s de la sede central de la Universitat de Barcelona. Este edificio no solo ha albergado a seminaristas, sino tambi\u00e9n un museo geol\u00f3gico con m\u00e1s de 70,000 f\u00f3siles y la Biblioteca P\u00fablica Episcopal, la m\u00e1s antigua de Barcelona.<\/p>\n<p>Durante m\u00e1s de cuatro siglos, el seminario ha sido un faro de espiritualidad y formaci\u00f3n teol\u00f3gica, adapt\u00e1ndose a los cambios hist\u00f3ricos y eclesiales. Ha formado a miles de sacerdotes que han desempe\u00f1ado un papel crucial en la vida religiosa, cultural y social de Catalu\u00f1a. Sin embargo, la crisis de vocaciones que afecta a la Iglesia Cat\u00f3lica en Espa\u00f1a y en gran parte del mundo occidental ha golpeado con fuerza, llevando al cierre de esta instituci\u00f3n ic\u00f3nica.<\/p>\n<h2>Crisis de Vocaciones<\/h2>\n<p>El cierre del Seminario Conciliar de Barcelona no es un hecho aislado, sino un reflejo de una crisis m\u00e1s amplia que enfrenta la Iglesia Cat\u00f3lica en Espa\u00f1a. Seg\u00fan el informe *Demograf\u00eda de la Iglesia Cat\u00f3lica, a las puertas de su tercer milenio* del observatorio CEU-Cefas, Espa\u00f1a vive una \u00abcrisis de pr\u00e1ctica religiosa sin precedentes\u00bb. En 2023, el pa\u00eds contaba con solo 15,285 sacerdotes en activo, un 40% menos que en 1971, a pesar de que la poblaci\u00f3n nacional se ha duplicado en ese per\u00edodo. La edad media del clero supera los 65 a\u00f1os, frente a los 35 a\u00f1os en 1960, lo que evidencia un envejecimiento preocupante. En el curso 2023-2024, solo 143 seminaristas ingresaron en toda Espa\u00f1a, y se ordenaron 79 nuevos sacerdotes, cifras insuficientes para compensar las bajas por jubilaci\u00f3n o fallecimiento.<\/p>\n<p>En el caso de Barcelona, el seminario albergaba a 28 seminaristas en el momento de su cierre, una cifra significativamente baja en comparaci\u00f3n con d\u00e9cadas anteriores. Esta disminuci\u00f3n refleja no solo un descenso en las vocaciones, sino tambi\u00e9n un cambio cultural profundo. Solo el 18.7% de los espa\u00f1oles se declaran cat\u00f3licos practicantes, a pesar de que el 55.5% se identifica como cat\u00f3lico, seg\u00fan datos de 2023. La asistencia regular a misa ha ca\u00eddo a 8.2 millones de personas, frente al 70% registrado en 1973, lo que indica una secularizaci\u00f3n galopante de la sociedad espa\u00f1ola.<\/p>\n<h2>La Decisi\u00f3n de Cierre y la Reorganizaci\u00f3n Diocesana<\/h2>\n<p>El cierre del Seminario Conciliar de Barcelona fue impulsado por el arzobispo de Barcelona, el cardenal Joan Josep Omella, y el obispo de Sant Feliu de Llobregat, siguiendo una visi\u00f3n promovida por el fallecido Papa Francisco. La propuesta busca concentrar la formaci\u00f3n sacerdotal en centros interdiocesanos m\u00e1s grandes para fomentar la comunidad entre los seminaristas y optimizar los recursos eclesiales. A partir del pr\u00f3ximo curso, los 28 seminaristas de Barcelona se trasladar\u00e1n al Seminario Mayor Interdiocesano de Catalu\u00f1a (SMI), ubicado en la calle Casp, que ya acoge a estudiantes de las di\u00f3cesis de Tarragona, Lleida, Girona, Solsona, Vic, Tortosa y Urgell. Solo la di\u00f3cesis de Terrassa mantiene su propio seminario independiente.<\/p>\n<p>Esta reorganizaci\u00f3n no solo responde a la escasez de vocaciones, sino tambi\u00e9n a la necesidad de adaptar la formaci\u00f3n sacerdotal a los desaf\u00edos del siglo XXI. El SMI busca ofrecer una formaci\u00f3n m\u00e1s integral y colaborativa, permitiendo a los seminaristas de diferentes di\u00f3cesis compartir experiencias y fortalecer su sentido de comunidad. Sin embargo, el traslado tambi\u00e9n marca el fin de una identidad propia para el Seminario Conciliar de Barcelona, que durante siglos ha sido un s\u00edmbolo de la di\u00f3cesis.<\/p>\n<h2>Impacto en la Comunidad Religiosa Local<\/h2>\n<p>El cierre del Seminario Conciliar ha generado un profundo impacto emocional y espiritual en la comunidad religiosa de Barcelona. Para muchos, representa la p\u00e9rdida de un espacio sagrado que no solo formaba sacerdotes, sino que tambi\u00e9n era un centro de actividad cultural y teol\u00f3gica. El edificio de la calle Diputaci\u00f3, con su rica historia y su legado arquitect\u00f3nico, ha sido un punto de referencia para generaciones de cat\u00f3licos. Su clausura como seminario ha sido descrita como \u00abel fin de una era\u00bb por l\u00edderes eclesiales y fieles por igual.<\/p>\n<p>En las redes sociales, algunos han expresado su consternaci\u00f3n. Un usuario en X lament\u00f3 que el arzobispo est\u00e9 \u00abarruinando lo que alguna vez fue uno de los mejores seminarios del pa\u00eds\u00bb, reflejando un sentimiento de p\u00e9rdida entre quienes valoran la tradici\u00f3n del Seminario Conciliar. Otros, sin embargo, ven el traslado al SMI como una oportunidad para revitalizar la formaci\u00f3n sacerdotal en un contexto m\u00e1s amplio y colaborativo.<\/p>\n<p>El impacto tambi\u00e9n se siente en las parroquias locales, donde la disminuci\u00f3n de sacerdotes ya es una realidad palpable. Con un clero envejecido y pocas ordenaciones nuevas, las comunidades parroquiales enfrentan dificultades para mantener sus actividades pastorales. El cierre del seminario agrava estas preocupaciones, ya que simboliza la fragilidad del relevo generacional en la Iglesia.<\/p>\n<h2>El Futuro del Edificio y la Formaci\u00f3n Sacerdotal<\/h2>\n<p>Aunque el Seminario Conciliar de Barcelona ha cerrado como centro de formaci\u00f3n sacerdotal, el edificio de la calle Diputaci\u00f3 no quedar\u00e1 en desuso. El Ateneu Universitari Sant Paci\u00e0, una instituci\u00f3n dedicada a los estudios teol\u00f3gicos, aprovechar\u00e1 el espacio para impartir la carrera de Teolog\u00eda. Adem\u00e1s, la Biblioteca P\u00fablica Episcopal y el museo geol\u00f3gico continuar\u00e1n operando, preservando el legado cultural del edificio.<\/p>\n<p>En cuanto a la formaci\u00f3n sacerdotal, el traslado al SMI representa un cambio de paradigma. Este centro interdiocesano busca no solo optimizar recursos, sino tambi\u00e9n fomentar una formaci\u00f3n m\u00e1s din\u00e1mica y adaptada a las necesidades de una Iglesia en transformaci\u00f3n. Sin embargo, el \u00e9xito de esta transici\u00f3n depender\u00e1 de la capacidad de la Iglesia para atraer nuevas vocaciones en un contexto de secularizaci\u00f3n y desinter\u00e9s por la vida religiosa.<\/p>\n<h2>Reflexiones sobre la Secularizaci\u00f3n y el Futuro de la Iglesia<\/h2>\n<p>El cierre del Seminario Conciliar de Barcelona es un s\u00edntoma de los desaf\u00edos m\u00e1s amplios que enfrenta la Iglesia Cat\u00f3lica en Espa\u00f1a. La secularizaci\u00f3n, el envejecimiento del clero y la disminuci\u00f3n de vocaciones son problemas estructurales que requieren soluciones creativas. Algunos sectores eclesiales han criticado la falta de transparencia en los datos sobre seminaristas, se\u00f1alando que la Conferencia Episcopal Espa\u00f1ola dej\u00f3 de publicar estad\u00edsticas desglosadas por di\u00f3cesis desde 2018\/2019, lo que dificulta evaluar la magnitud de la crisis.<\/p>\n<p>Por otro lado, hay quienes ven en esta crisis una oportunidad para renovar la Iglesia. La unificaci\u00f3n de seminarios, como propone el modelo interdiocesano, podr\u00eda fortalecer la formaci\u00f3n de los futuros sacerdotes al promover una mayor colaboraci\u00f3n y una visi\u00f3n m\u00e1s universal de la misi\u00f3n eclesial. Sin embargo, tambi\u00e9n hay voces que advierten sobre el riesgo de perder la identidad local de las di\u00f3cesis, como la de Barcelona, que ha tenido un papel distintivo en la historia de la Iglesia catalana.<\/p>\n<p>El cierre del Seminario Conciliar de Barcelona marca el fin de una era de m\u00e1s de cuatro siglos en la formaci\u00f3n sacerdotal de la di\u00f3cesis. Este hecho, impulsado por la disminuci\u00f3n de vocaciones y la necesidad de reorganizar los recursos eclesiales, refleja los profundos cambios sociales y religiosos que atraviesa Espa\u00f1a. Aunque el traslado de los seminaristas al Seminario Mayor Interdiocesano de Catalu\u00f1a abre nuevas posibilidades para la formaci\u00f3n sacerdotal, tambi\u00e9n genera incertidumbre sobre el futuro de la Iglesia en un contexto de secularizaci\u00f3n y envejecimiento del clero.<\/p>\n<p>Para la comunidad religiosa local, este cierre es una p\u00e9rdida significativa, pero tambi\u00e9n una invitaci\u00f3n a reflexionar sobre c\u00f3mo revitalizar la fe y atraer nuevas vocaciones. El legado del Seminario Conciliar, con su rica historia y su impacto duradero, perdurar\u00e1 en el Ateneu Sant Paci\u00e0 y en las memorias de quienes han sido tocados por su misi\u00f3n. En un mundo que cambia r\u00e1pidamente, la Iglesia enfrenta el desaf\u00edo de adaptarse sin perder su esencia, un equilibrio que definir\u00e1 su futuro en Catalu\u00f1a y m\u00e1s all\u00e1.<\/p>","protected":false},"excerpt":{"rendered":"<p>El Fin de una Era de Cuatro Siglos<\/p>","protected":false},"author":3,"featured_media":65974,"comment_status":"closed","ping_status":"closed","sticky":false,"template":"","format":"standard","meta":{"footnotes":""},"categories":[76],"tags":[],"class_list":["post-65973","post","type-post","status-publish","format-standard","has-post-thumbnail","hentry","category-barcelona"],"yoast_head":"<!-- This site is optimized with the Yoast SEO plugin v27.5 - https:\/\/yoast.com\/product\/yoast-seo-wordpress\/ -->\n<title>Cierra el Seminario Conciliar de Barcelona por la profunda crisis vocacional en la Iglesia - Revista Rambla<\/title>\n<meta name=\"robots\" content=\"index, follow, max-snippet:-1, max-image-preview:large, max-video-preview:-1\" \/>\n<link rel=\"canonical\" href=\"https:\/\/www.revistarambla.com\/en\/cierra-el-seminario-conciliar-de-barcelona-por-la-profunda-crisis-vocacional-en-la-iglesia\/\" \/>\n<meta property=\"og:locale\" content=\"en_GB\" \/>\n<meta property=\"og:type\" content=\"article\" \/>\n<meta property=\"og:title\" content=\"Cierra el Seminario Conciliar de Barcelona por la profunda crisis vocacional en la Iglesia - Revista Rambla\" \/>\n<meta property=\"og:description\" content=\"El Fin de una Era de Cuatro Siglos\" \/>\n<meta property=\"og:url\" content=\"https:\/\/www.revistarambla.com\/en\/cierra-el-seminario-conciliar-de-barcelona-por-la-profunda-crisis-vocacional-en-la-iglesia\/\" \/>\n<meta property=\"og:site_name\" content=\"Revista Rambla\" \/>\n<meta property=\"article:publisher\" content=\"https:\/\/www.facebook.com\/revistarambla\/\" \/>\n<meta property=\"article:author\" content=\"https:\/\/www.facebook.com\/revistarambla\" \/>\n<meta property=\"article:published_time\" content=\"2025-08-07T08:46:09+00:00\" \/>\n<meta property=\"article:modified_time\" content=\"2025-08-08T19:10:18+00:00\" \/>\n<meta property=\"og:image\" content=\"https:\/\/www.revistarambla.com\/wp-content\/uploads\/2025\/08\/Facultat_Filosofia_URL.jpg\" \/>\n\t<meta property=\"og:image:width\" content=\"950\" \/>\n\t<meta property=\"og:image:height\" content=\"713\" \/>\n\t<meta property=\"og:image:type\" content=\"image\/jpeg\" \/>\n<meta name=\"author\" content=\"R@mbla\" \/>\n<meta name=\"twitter:card\" content=\"summary_large_image\" \/>\n<meta name=\"twitter:creator\" content=\"@revistarambla\" \/>\n<meta name=\"twitter:site\" content=\"@revistarambla\" \/>\n<meta name=\"twitter:label1\" content=\"Written by\" \/>\n\t<meta name=\"twitter:data1\" content=\"R@mbla\" \/>\n\t<meta name=\"twitter:label2\" content=\"Estimated reading time\" \/>\n\t<meta name=\"twitter:data2\" content=\"7 minutes\" \/>\n<script type=\"application\/ld+json\" class=\"yoast-schema-graph\">{\"@context\":\"https:\\\/\\\/schema.org\",\"@graph\":[{\"@type\":\"Article\",\"@id\":\"https:\\\/\\\/www.revistarambla.com\\\/cierra-el-seminario-conciliar-de-barcelona-por-la-profunda-crisis-vocacional-en-la-iglesia\\\/#article\",\"isPartOf\":{\"@id\":\"https:\\\/\\\/www.revistarambla.com\\\/cierra-el-seminario-conciliar-de-barcelona-por-la-profunda-crisis-vocacional-en-la-iglesia\\\/\"},\"author\":{\"name\":\"R@mbla\",\"@id\":\"https:\\\/\\\/www.revistarambla.com\\\/#\\\/schema\\\/person\\\/a146a5a2550b94981a75131180e1bd9c\"},\"headline\":\"Cierra el Seminario Conciliar de Barcelona por la profunda crisis vocacional en la Iglesia\",\"datePublished\":\"2025-08-07T08:46:09+00:00\",\"dateModified\":\"2025-08-08T19:10:18+00:00\",\"mainEntityOfPage\":{\"@id\":\"https:\\\/\\\/www.revistarambla.com\\\/cierra-el-seminario-conciliar-de-barcelona-por-la-profunda-crisis-vocacional-en-la-iglesia\\\/\"},\"wordCount\":1565,\"publisher\":{\"@id\":\"https:\\\/\\\/www.revistarambla.com\\\/#organization\"},\"image\":{\"@id\":\"https:\\\/\\\/www.revistarambla.com\\\/cierra-el-seminario-conciliar-de-barcelona-por-la-profunda-crisis-vocacional-en-la-iglesia\\\/#primaryimage\"},\"thumbnailUrl\":\"https:\\\/\\\/www.revistarambla.com\\\/wp-content\\\/uploads\\\/2025\\\/08\\\/Facultat_Filosofia_URL.jpg\",\"articleSection\":[\"Barcelona\"],\"inLanguage\":\"en-GB\"},{\"@type\":\"WebPage\",\"@id\":\"https:\\\/\\\/www.revistarambla.com\\\/cierra-el-seminario-conciliar-de-barcelona-por-la-profunda-crisis-vocacional-en-la-iglesia\\\/\",\"url\":\"https:\\\/\\\/www.revistarambla.com\\\/cierra-el-seminario-conciliar-de-barcelona-por-la-profunda-crisis-vocacional-en-la-iglesia\\\/\",\"name\":\"Cierra el Seminario Conciliar de Barcelona por la profunda crisis vocacional en la Iglesia - Revista Rambla\",\"isPartOf\":{\"@id\":\"https:\\\/\\\/www.revistarambla.com\\\/#website\"},\"primaryImageOfPage\":{\"@id\":\"https:\\\/\\\/www.revistarambla.com\\\/cierra-el-seminario-conciliar-de-barcelona-por-la-profunda-crisis-vocacional-en-la-iglesia\\\/#primaryimage\"},\"image\":{\"@id\":\"https:\\\/\\\/www.revistarambla.com\\\/cierra-el-seminario-conciliar-de-barcelona-por-la-profunda-crisis-vocacional-en-la-iglesia\\\/#primaryimage\"},\"thumbnailUrl\":\"https:\\\/\\\/www.revistarambla.com\\\/wp-content\\\/uploads\\\/2025\\\/08\\\/Facultat_Filosofia_URL.jpg\",\"datePublished\":\"2025-08-07T08:46:09+00:00\",\"dateModified\":\"2025-08-08T19:10:18+00:00\",\"breadcrumb\":{\"@id\":\"https:\\\/\\\/www.revistarambla.com\\\/cierra-el-seminario-conciliar-de-barcelona-por-la-profunda-crisis-vocacional-en-la-iglesia\\\/#breadcrumb\"},\"inLanguage\":\"en-GB\",\"potentialAction\":[{\"@type\":\"ReadAction\",\"target\":[\"https:\\\/\\\/www.revistarambla.com\\\/cierra-el-seminario-conciliar-de-barcelona-por-la-profunda-crisis-vocacional-en-la-iglesia\\\/\"]}]},{\"@type\":\"ImageObject\",\"inLanguage\":\"en-GB\",\"@id\":\"https:\\\/\\\/www.revistarambla.com\\\/cierra-el-seminario-conciliar-de-barcelona-por-la-profunda-crisis-vocacional-en-la-iglesia\\\/#primaryimage\",\"url\":\"https:\\\/\\\/www.revistarambla.com\\\/wp-content\\\/uploads\\\/2025\\\/08\\\/Facultat_Filosofia_URL.jpg\",\"contentUrl\":\"https:\\\/\\\/www.revistarambla.com\\\/wp-content\\\/uploads\\\/2025\\\/08\\\/Facultat_Filosofia_URL.jpg\",\"width\":950,\"height\":713,\"caption\":\"Seminario Conciliar de Barcelona\"},{\"@type\":\"BreadcrumbList\",\"@id\":\"https:\\\/\\\/www.revistarambla.com\\\/cierra-el-seminario-conciliar-de-barcelona-por-la-profunda-crisis-vocacional-en-la-iglesia\\\/#breadcrumb\",\"itemListElement\":[{\"@type\":\"ListItem\",\"position\":1,\"name\":\"Portada\",\"item\":\"https:\\\/\\\/www.revistarambla.com\\\/\"},{\"@type\":\"ListItem\",\"position\":2,\"name\":\"Cierra el Seminario Conciliar de Barcelona por la profunda crisis vocacional en la Iglesia\"}]},{\"@type\":\"WebSite\",\"@id\":\"https:\\\/\\\/www.revistarambla.com\\\/#website\",\"url\":\"https:\\\/\\\/www.revistarambla.com\\\/\",\"name\":\"Revista Rambla Barcelona\",\"description\":\"Periodismo independiente\",\"publisher\":{\"@id\":\"https:\\\/\\\/www.revistarambla.com\\\/#organization\"},\"potentialAction\":[{\"@type\":\"SearchAction\",\"target\":{\"@type\":\"EntryPoint\",\"urlTemplate\":\"https:\\\/\\\/www.revistarambla.com\\\/?s={search_term_string}\"},\"query-input\":{\"@type\":\"PropertyValueSpecification\",\"valueRequired\":true,\"valueName\":\"search_term_string\"}}],\"inLanguage\":\"en-GB\"},{\"@type\":\"Organization\",\"@id\":\"https:\\\/\\\/www.revistarambla.com\\\/#organization\",\"name\":\"Revista Rambla\",\"url\":\"https:\\\/\\\/www.revistarambla.com\\\/\",\"logo\":{\"@type\":\"ImageObject\",\"inLanguage\":\"en-GB\",\"@id\":\"https:\\\/\\\/www.revistarambla.com\\\/#\\\/schema\\\/logo\\\/image\\\/\",\"url\":\"https:\\\/\\\/www.revistarambla.com\\\/wp-content\\\/uploads\\\/2020\\\/09\\\/banner_rambla_1900x600_BB.png\",\"contentUrl\":\"https:\\\/\\\/www.revistarambla.com\\\/wp-content\\\/uploads\\\/2020\\\/09\\\/banner_rambla_1900x600_BB.png\",\"width\":1900,\"height\":600,\"caption\":\"Revista Rambla\"},\"image\":{\"@id\":\"https:\\\/\\\/www.revistarambla.com\\\/#\\\/schema\\\/logo\\\/image\\\/\"},\"sameAs\":[\"https:\\\/\\\/www.facebook.com\\\/revistarambla\\\/\",\"https:\\\/\\\/x.com\\\/revistarambla\",\"https:\\\/\\\/www.instagram.com\\\/revista_rambla\",\"https:\\\/\\\/es.linkedin.com\\\/company\\\/revista-rambla\"]},{\"@type\":\"Person\",\"@id\":\"https:\\\/\\\/www.revistarambla.com\\\/#\\\/schema\\\/person\\\/a146a5a2550b94981a75131180e1bd9c\",\"name\":\"R@mbla\",\"description\":\"Este art\u00edculo ha sido redactado y\\\/o validado por el equipo de redacci\u00f3n de Revista Rambla.\",\"sameAs\":[\"https:\\\/\\\/www.revistarambla.com\\\/\",\"https:\\\/\\\/www.facebook.com\\\/revistarambla\",\"https:\\\/\\\/x.com\\\/revistarambla\"]}]}<\/script>\n<!-- \/ Yoast SEO plugin. -->","yoast_head_json":{"title":"Cierra el Seminario Conciliar de Barcelona por la profunda crisis vocacional en la Iglesia - Revista Rambla","robots":{"index":"index","follow":"follow","max-snippet":"max-snippet:-1","max-image-preview":"max-image-preview:large","max-video-preview":"max-video-preview:-1"},"canonical":"https:\/\/www.revistarambla.com\/en\/cierra-el-seminario-conciliar-de-barcelona-por-la-profunda-crisis-vocacional-en-la-iglesia\/","og_locale":"en_GB","og_type":"article","og_title":"Cierra el Seminario Conciliar de Barcelona por la profunda crisis vocacional en la Iglesia - Revista Rambla","og_description":"El Fin de una Era de Cuatro Siglos","og_url":"https:\/\/www.revistarambla.com\/en\/cierra-el-seminario-conciliar-de-barcelona-por-la-profunda-crisis-vocacional-en-la-iglesia\/","og_site_name":"Revista Rambla","article_publisher":"https:\/\/www.facebook.com\/revistarambla\/","article_author":"https:\/\/www.facebook.com\/revistarambla","article_published_time":"2025-08-07T08:46:09+00:00","article_modified_time":"2025-08-08T19:10:18+00:00","og_image":[{"width":950,"height":713,"url":"https:\/\/www.revistarambla.com\/wp-content\/uploads\/2025\/08\/Facultat_Filosofia_URL.jpg","type":"image\/jpeg"}],"author":"R@mbla","twitter_card":"summary_large_image","twitter_creator":"@revistarambla","twitter_site":"@revistarambla","twitter_misc":{"Written by":"R@mbla","Estimated reading time":"7 minutes"},"schema":{"@context":"https:\/\/schema.org","@graph":[{"@type":"Article","@id":"https:\/\/www.revistarambla.com\/cierra-el-seminario-conciliar-de-barcelona-por-la-profunda-crisis-vocacional-en-la-iglesia\/#article","isPartOf":{"@id":"https:\/\/www.revistarambla.com\/cierra-el-seminario-conciliar-de-barcelona-por-la-profunda-crisis-vocacional-en-la-iglesia\/"},"author":{"name":"R@mbla","@id":"https:\/\/www.revistarambla.com\/#\/schema\/person\/a146a5a2550b94981a75131180e1bd9c"},"headline":"Cierra el Seminario Conciliar de Barcelona por la profunda crisis vocacional en la Iglesia","datePublished":"2025-08-07T08:46:09+00:00","dateModified":"2025-08-08T19:10:18+00:00","mainEntityOfPage":{"@id":"https:\/\/www.revistarambla.com\/cierra-el-seminario-conciliar-de-barcelona-por-la-profunda-crisis-vocacional-en-la-iglesia\/"},"wordCount":1565,"publisher":{"@id":"https:\/\/www.revistarambla.com\/#organization"},"image":{"@id":"https:\/\/www.revistarambla.com\/cierra-el-seminario-conciliar-de-barcelona-por-la-profunda-crisis-vocacional-en-la-iglesia\/#primaryimage"},"thumbnailUrl":"https:\/\/www.revistarambla.com\/wp-content\/uploads\/2025\/08\/Facultat_Filosofia_URL.jpg","articleSection":["Barcelona"],"inLanguage":"en-GB"},{"@type":"WebPage","@id":"https:\/\/www.revistarambla.com\/cierra-el-seminario-conciliar-de-barcelona-por-la-profunda-crisis-vocacional-en-la-iglesia\/","url":"https:\/\/www.revistarambla.com\/cierra-el-seminario-conciliar-de-barcelona-por-la-profunda-crisis-vocacional-en-la-iglesia\/","name":"Cierra el Seminario Conciliar de Barcelona por la profunda crisis vocacional en la Iglesia - Revista Rambla","isPartOf":{"@id":"https:\/\/www.revistarambla.com\/#website"},"primaryImageOfPage":{"@id":"https:\/\/www.revistarambla.com\/cierra-el-seminario-conciliar-de-barcelona-por-la-profunda-crisis-vocacional-en-la-iglesia\/#primaryimage"},"image":{"@id":"https:\/\/www.revistarambla.com\/cierra-el-seminario-conciliar-de-barcelona-por-la-profunda-crisis-vocacional-en-la-iglesia\/#primaryimage"},"thumbnailUrl":"https:\/\/www.revistarambla.com\/wp-content\/uploads\/2025\/08\/Facultat_Filosofia_URL.jpg","datePublished":"2025-08-07T08:46:09+00:00","dateModified":"2025-08-08T19:10:18+00:00","breadcrumb":{"@id":"https:\/\/www.revistarambla.com\/cierra-el-seminario-conciliar-de-barcelona-por-la-profunda-crisis-vocacional-en-la-iglesia\/#breadcrumb"},"inLanguage":"en-GB","potentialAction":[{"@type":"ReadAction","target":["https:\/\/www.revistarambla.com\/cierra-el-seminario-conciliar-de-barcelona-por-la-profunda-crisis-vocacional-en-la-iglesia\/"]}]},{"@type":"ImageObject","inLanguage":"en-GB","@id":"https:\/\/www.revistarambla.com\/cierra-el-seminario-conciliar-de-barcelona-por-la-profunda-crisis-vocacional-en-la-iglesia\/#primaryimage","url":"https:\/\/www.revistarambla.com\/wp-content\/uploads\/2025\/08\/Facultat_Filosofia_URL.jpg","contentUrl":"https:\/\/www.revistarambla.com\/wp-content\/uploads\/2025\/08\/Facultat_Filosofia_URL.jpg","width":950,"height":713,"caption":"Seminario Conciliar de Barcelona"},{"@type":"BreadcrumbList","@id":"https:\/\/www.revistarambla.com\/cierra-el-seminario-conciliar-de-barcelona-por-la-profunda-crisis-vocacional-en-la-iglesia\/#breadcrumb","itemListElement":[{"@type":"ListItem","position":1,"name":"Portada","item":"https:\/\/www.revistarambla.com\/"},{"@type":"ListItem","position":2,"name":"Cierra el Seminario Conciliar de Barcelona por la profunda crisis vocacional en la Iglesia"}]},{"@type":"WebSite","@id":"https:\/\/www.revistarambla.com\/#website","url":"https:\/\/www.revistarambla.com\/","name":"Revista Rambla Barcelona","description":"Periodismo independiente","publisher":{"@id":"https:\/\/www.revistarambla.com\/#organization"},"potentialAction":[{"@type":"SearchAction","target":{"@type":"EntryPoint","urlTemplate":"https:\/\/www.revistarambla.com\/?s={search_term_string}"},"query-input":{"@type":"PropertyValueSpecification","valueRequired":true,"valueName":"search_term_string"}}],"inLanguage":"en-GB"},{"@type":"Organization","@id":"https:\/\/www.revistarambla.com\/#organization","name":"Revista Rambla","url":"https:\/\/www.revistarambla.com\/","logo":{"@type":"ImageObject","inLanguage":"en-GB","@id":"https:\/\/www.revistarambla.com\/#\/schema\/logo\/image\/","url":"https:\/\/www.revistarambla.com\/wp-content\/uploads\/2020\/09\/banner_rambla_1900x600_BB.png","contentUrl":"https:\/\/www.revistarambla.com\/wp-content\/uploads\/2020\/09\/banner_rambla_1900x600_BB.png","width":1900,"height":600,"caption":"Revista Rambla"},"image":{"@id":"https:\/\/www.revistarambla.com\/#\/schema\/logo\/image\/"},"sameAs":["https:\/\/www.facebook.com\/revistarambla\/","https:\/\/x.com\/revistarambla","https:\/\/www.instagram.com\/revista_rambla","https:\/\/es.linkedin.com\/company\/revista-rambla"]},{"@type":"Person","@id":"https:\/\/www.revistarambla.com\/#\/schema\/person\/a146a5a2550b94981a75131180e1bd9c","name":"R@mbla","description":"Este art\u00edculo ha sido redactado y\/o validado por el equipo de redacci\u00f3n de Revista Rambla.","sameAs":["https:\/\/www.revistarambla.com\/","https:\/\/www.facebook.com\/revistarambla","https:\/\/x.com\/revistarambla"]}]}},"_links":{"self":[{"href":"https:\/\/www.revistarambla.com\/en\/wp-json\/wp\/v2\/posts\/65973","targetHints":{"allow":["GET"]}}],"collection":[{"href":"https:\/\/www.revistarambla.com\/en\/wp-json\/wp\/v2\/posts"}],"about":[{"href":"https:\/\/www.revistarambla.com\/en\/wp-json\/wp\/v2\/types\/post"}],"author":[{"embeddable":true,"href":"https:\/\/www.revistarambla.com\/en\/wp-json\/wp\/v2\/users\/3"}],"replies":[{"embeddable":true,"href":"https:\/\/www.revistarambla.com\/en\/wp-json\/wp\/v2\/comments?post=65973"}],"version-history":[{"count":1,"href":"https:\/\/www.revistarambla.com\/en\/wp-json\/wp\/v2\/posts\/65973\/revisions"}],"predecessor-version":[{"id":65975,"href":"https:\/\/www.revistarambla.com\/en\/wp-json\/wp\/v2\/posts\/65973\/revisions\/65975"}],"wp:featuredmedia":[{"embeddable":true,"href":"https:\/\/www.revistarambla.com\/en\/wp-json\/wp\/v2\/media\/65974"}],"wp:attachment":[{"href":"https:\/\/www.revistarambla.com\/en\/wp-json\/wp\/v2\/media?parent=65973"}],"wp:term":[{"taxonomy":"category","embeddable":true,"href":"https:\/\/www.revistarambla.com\/en\/wp-json\/wp\/v2\/categories?post=65973"},{"taxonomy":"post_tag","embeddable":true,"href":"https:\/\/www.revistarambla.com\/en\/wp-json\/wp\/v2\/tags?post=65973"}],"curies":[{"name":"wp","href":"https:\/\/api.w.org\/{rel}","templated":true}]}}