{"id":65962,"date":"2025-08-04T20:19:08","date_gmt":"2025-08-04T18:19:08","guid":{"rendered":"https:\/\/www.revistarambla.com\/?p=65962"},"modified":"2025-08-04T20:19:08","modified_gmt":"2025-08-04T18:19:08","slug":"presence-el-terror-en-plano-secuencia","status":"publish","type":"post","link":"https:\/\/www.revistarambla.com\/en\/presence-el-terror-en-plano-secuencia\/","title":{"rendered":"&#8216;Presence&#8217;, el terror en plano secuencia"},"content":{"rendered":"<p>Steven Soderbergh, un cineasta que ha sabido navegar entre el cine independiente y los grandes estudios con una versatilidad envidiable, regresa con <em>Presence<\/em> (2025), una obra que redefine las convenciones del g\u00e9nero de terror sobrenatural. Estrenada en el Festival de Cine de Sundance el 19 de enero de 2024 y distribuida por Neon a partir del 24 de enero de 2025, esta pel\u00edcula de 84 minutos, escrita por David Koepp, se presenta como un ejercicio narrativo audaz y minimalista. Protagonizada por Lucy Liu, Chris Sullivan, Callina Liang, Eddy Maday, West Mulholland y Julia Fox, <em>Presence<\/em> no es solo una historia de fantasmas, sino una exploraci\u00f3n de la din\u00e1mica familiar y la percepci\u00f3n de la realidad, contada desde una perspectiva \u00fanica: la del ente sobrenatural que habita la casa.<\/p>\n<p><em>Presence<\/em> sigue a la familia Payne, conformada por Rebekah (Lucy Liu), su esposo Chris (Chris Sullivan) y sus dos hijos adolescentes, Chloe (Callina Liang) y Tyler (Eddy Maday). Tras mudarse a una majestuosa casa en los suburbios de Nueva Jersey, comienzan a experimentar fen\u00f3menos inexplicables que sugieren la presencia de un ente sobrenatural. La narrativa se distingue por adoptar el punto de vista del propio \u00abfantasma\u00bb, un recurso que convierte a la c\u00e1mara en un observador omnipresente pero impotente, que presencia las tensiones familiares, los secretos y las tragedias que se desarrollan en el hogar. La pel\u00edcula, rodada en tan solo 11 d\u00edas con un presupuesto de 2 millones de d\u00f3lares, es un testimonio de la capacidad de Soderbergh para maximizar recursos limitados y entregar una obra de gran impacto visual y emocional.<\/p>\n<h2>La Mirada de Soderbergh: Innovaci\u00f3n Formal<\/h2>\n<p>Uno de los mayores logros de <em>Presence<\/em> radica en su propuesta formal. Soderbergh, quien tambi\u00e9n funge como director de fotograf\u00eda y montador bajo sus seud\u00f3nimos habituales (Peter Andrews y Mary Ann Bernard), utiliza una c\u00e1mara Sony A7 para capturar la acci\u00f3n en planos secuencia de gran angular, separados por breves fundidos en negro. Este enfoque crea una sensaci\u00f3n de continuidad y claustrofobia, reforzando la idea de que el espectador est\u00e1 atrapado en la perspectiva del ente sobrenatural. La c\u00e1mara se mueve con fluidez por la casa, espiando a los personajes en sus momentos m\u00e1s \u00edntimos, pero sin recurrir a primeros planos, lo que elimina la posibilidad de una conexi\u00f3n emocional directa y refuerza la alienaci\u00f3n del observador fantasmal.<\/p>\n<p>La elecci\u00f3n de narrar desde el punto de vista del fantasma no es del todo novedosa\u2014pel\u00edculas como <em>I Am a Ghost<\/em> (2012) o <em>A Ghost Story<\/em> (2017) han explorado perspectivas similares\u2014, pero Soderbergh la lleva a un nuevo nivel al integrar la c\u00e1mara como un personaje activo dentro de la narrativa. La presencia no solo observa, sino que parece tener intenciones, aunque estas se revelan gradualmente. Este dispositivo narrativo, descrito por cr\u00edticos como un \u201cjuego sesudo con el espectador\u201d, convierte a <em>Presence<\/em> en una obra que invita a la relectura y al an\u00e1lisis detallado, ya que las pistas sobre la naturaleza del ente est\u00e1n h\u00e1bilmente diseminadas a lo largo del metraje.<\/p>\n<h2>Tem\u00e1tica: M\u00e1s All\u00e1 del Terror<\/h2>\n<p>A pesar de ser clasificada como una pel\u00edcula de terror, <em>Presence<\/em> se aleja de los tropos tradicionales del g\u00e9nero. No hay jump scares, ni una atm\u00f3sfera de amenaza constante, ni una resoluci\u00f3n cat\u00e1rtica t\u00edpica de las historias de casas encantadas. En cambio, Soderbergh y Koepp optan por un enfoque introspectivo que combina el suspense sobrenatural con un drama familiar profundamente humano. La familia Payne est\u00e1 fracturada: Rebekah y Chris enfrentan la posibilidad de un divorcio, mientras que Chloe lidia con el trauma de la muerte de su amiga Nadia por una sobredosis, y Tyler exhibe un comportamiento ego\u00edsta y cruel que tensiona a\u00fan m\u00e1s las relaciones familiares.<\/p>\n<p>El verdadero horror de <em>Presence<\/em> no reside en el ente sobrenatural, sino en las din\u00e1micas disfuncionales de la familia. La presencia fantasmal act\u00faa como un espejo que refleja las miserias, los secretos y las agresiones que los personajes intentan ocultar. Como se\u00f1ala una cr\u00edtica, \u201ces m\u00e1s inquietante asistir desde el lugar del fantasma a las siniestras din\u00e1micas de esa familia, que la amenaza de esa presencia sobre ellos\u201d. En este sentido, la pel\u00edcula se alinea con obras como <em>Hereditary<\/em> (2018) de Ari Aster, donde el terror sobrenatural sirve como met\u00e1fora para explorar el dolor y la disfunci\u00f3n familiar.<\/p>\n<p>La conexi\u00f3n entre Chloe y la presencia es particularmente significativa. La adolescente, marcada por la p\u00e9rdida de su amiga, parece ser la m\u00e1s sensible a los fen\u00f3menos paranormales, lo que sugiere que el ente podr\u00eda estar relacionado con Nadia. Sin embargo, Soderbergh evita respuestas definitivas, dejando que el espectador interprete las motivaciones del fantasma. Esta ambig\u00fcedad, aunque frustrante para quienes buscan una resoluci\u00f3n clara, enriquece la experiencia al invitar a m\u00faltiples lecturas.<\/p>\n<h2>Actuaciones y Personajes<\/h2>\n<p>El reparto de <em>Presence<\/em> ofrece interpretaciones s\u00f3lidas que sustentan la narrativa minimalista. Lucy Liu, como Rebekah, aporta una intensidad contenida que refleja la determinaci\u00f3n y la frialdad de una madre que prioriza el \u00e9xito de su hijo Tyler por encima de todo, incluso a costa de su relaci\u00f3n con Chloe. Chris Sullivan, por su parte, dota a Chris Payne de una vulnerabilidad que contrasta con la dureza de Rebekah, creando un equilibrio emocional que resuena en las escenas m\u00e1s \u00edntimas. Callina Liang, como Chloe, es el coraz\u00f3n emocional de la pel\u00edcula, transmitiendo el peso del duelo y la alienaci\u00f3n con una sutileza que evita caer en el melodrama.<\/p>\n<p>Eddy Maday, en el papel de Tyler, interpreta al hijo \u201cperfecto\u201d con una arrogancia que oculta una crueldad inquietante, mientras que West Mulholland y Julia Fox, en roles secundarios, aportan matices que enriquecen la din\u00e1mica familiar. La m\u00e9dium Lisa (Natalie Woolams-Torres) y su esposo Carl (Lucas Papaelias) introducen un elemento externo que, aunque breve, ofrece pistas cruciales sobre la naturaleza del ente. El elenco, en conjunto, logra que las interacciones familiares se sientan aut\u00e9nticas, incluso bajo la mirada intrusiva del fantasma.<\/p>\n<h2>Aspectos T\u00e9cnicos<\/h2>\n<p>La direcci\u00f3n de Soderbergh es un punto culminante de <em>Presence<\/em>. Su decisi\u00f3n de rodar en una sola locaci\u00f3n\u2014a una casa centenaria renovada en Nueva Jersey\u2014y con un presupuesto ajustado demuestra su maestr\u00eda en el cine de bajo costo. La cinematograf\u00eda, a cargo del propio Soderbergh, utiliza la iluminaci\u00f3n natural y los espacios abiertos de la casa para crear una atm\u00f3sfera que oscila entre lo cotidiano y lo inquietante. La m\u00fasica de Zack Ryan, aunque minimalista, complementa la narrativa sin sobrecargarla, dejando que los silencios y los sonidos ambientales intensifiquen la tensi\u00f3n.<\/p>\n<p>El montaje, tambi\u00e9n realizado por Soderbergh, es preciso y deliberado. Los fundidos en negro entre escenas no solo marcan el paso del tiempo, sino que refuerzan la sensaci\u00f3n de fragmentaci\u00f3n en la vida de los personajes. La ausencia de primeros planos, una elecci\u00f3n arriesgada, obliga al espectador a observar a los personajes desde la distancia, aline\u00e1ndose con la perspectiva del ente y generando una sensaci\u00f3n de impotencia que es central a la experiencia de la pel\u00edcula.<\/p>\n<h2>Recepci\u00f3n y Contexto en la Filmograf\u00eda de Soderbergh<\/h2>\n<p><em>Presence<\/em> ha recibido cr\u00edticas mayormente positivas, con un 91% de aprobaci\u00f3n en Rotten Tomatoes basado en 23 rese\u00f1as. Los cr\u00edticos han elogiado su originalidad y el enfoque innovador de Soderbergh, aunque algunos han se\u00f1alado que la trama puede sentirse simplista o que la falta de sustos tradicionales podr\u00eda decepcionar a los fan\u00e1ticos del terror convencional. Leonardo Garc\u00eda Tsao, en <em>La Jornada<\/em>, describe la pel\u00edcula como un \u201cconsumado ejercicio de estilo\u201d que crea una atm\u00f3sfera \u201cde otro mundo\u201d, mientras que otros han comparado su impacto con el de <em>El sexto sentido<\/em> de M. Night Shyamalan, destacando su capacidad para contar una historia de manera diferente sin recurrir a artificios.<\/p>\n<p>En el contexto de la filmograf\u00eda de Soderbergh, <em>Presence<\/em> se alinea con su inter\u00e9s por experimentar con el lenguaje cinematogr\u00e1fico, evidente en pel\u00edculas como <em>Unsane<\/em> (2018), rodada con un iPhone, o <em>Kimi<\/em> (2022), tambi\u00e9n escrita por Koepp. Su capacidad para alternar entre proyectos comerciales (<em>Ocean\u2019s Eleven<\/em>, 2001) y ejercicios m\u00e1s personales (<em>Sex, Lies, and Videotape<\/em>, 1989) demuestra su versatilidad y su compromiso con la innovaci\u00f3n. <em>Presence<\/em> es, en este sentido, una continuaci\u00f3n de su exploraci\u00f3n del cine de g\u00e9nero desde una perspectiva autoral.<\/p>\n<p><em>Presence<\/em> es una obra que desaf\u00eda las expectativas del g\u00e9nero de terror, ofreciendo una experiencia que es tanto un experimento formal como un drama familiar profundamente humano. La decisi\u00f3n de Soderbergh de narrar desde la perspectiva del fantasma, combinada con su virtuosismo t\u00e9cnico y la solidez del reparto, convierte a la pel\u00edcula en una adici\u00f3n notable a su filmograf\u00eda. Aunque no satisface las demandas de un p\u00fablico que busca sustos f\u00e1ciles, su atm\u00f3sfera inquietante, su exploraci\u00f3n de la disfunci\u00f3n familiar y su apuesta por la sutileza la convierten en una de las propuestas m\u00e1s originales de 2025. Para los amantes del cine de autor y los que aprecian las narrativas que invitan a la reflexi\u00f3n, <em>Presence<\/em> es una joya que merece ser descubierta.<\/p>\n<p><strong>Puntuaci\u00f3n: \u2605\u2605\u2605\u2605\u00bd (sobre 5)<\/strong><\/p>","protected":false},"excerpt":{"rendered":"<p>Steven Soderbergh, un cineasta que ha sabido navegar entre el cine independiente y los grandes estudios con una versatilidad envidiable, regresa con Presence (2025), una obra que redefine las convenciones del g\u00e9nero de terror sobrenatural. Estrenada en el Festival de Cine de Sundance el 19 de enero de 2024 y [&hellip;]<\/p>\n","protected":false},"author":3,"featured_media":65963,"comment_status":"closed","ping_status":"closed","sticky":false,"template":"","format":"standard","meta":{"footnotes":""},"categories":[61],"tags":[],"class_list":["post-65962","post","type-post","status-publish","format-standard","has-post-thumbnail","hentry","category-cine"],"yoast_head":"<!-- This site is optimized with the Yoast SEO plugin v27.5 - https:\/\/yoast.com\/product\/yoast-seo-wordpress\/ -->\n<title>&#039;Presence&#039;, el terror en plano secuencia - Revista Rambla<\/title>\n<meta name=\"robots\" content=\"index, follow, max-snippet:-1, max-image-preview:large, max-video-preview:-1\" \/>\n<link rel=\"canonical\" href=\"https:\/\/www.revistarambla.com\/en\/presence-el-terror-en-plano-secuencia\/\" \/>\n<meta property=\"og:locale\" content=\"en_GB\" \/>\n<meta property=\"og:type\" content=\"article\" \/>\n<meta property=\"og:title\" content=\"&#039;Presence&#039;, el terror en plano secuencia - Revista Rambla\" \/>\n<meta property=\"og:description\" content=\"Steven Soderbergh, un cineasta que ha sabido navegar entre el cine independiente y los grandes estudios con una versatilidad envidiable, regresa con Presence (2025), una obra que redefine las convenciones del g\u00e9nero de terror sobrenatural. Estrenada en el Festival de Cine de Sundance el 19 de enero de 2024 y [&hellip;]\" \/>\n<meta property=\"og:url\" content=\"https:\/\/www.revistarambla.com\/en\/presence-el-terror-en-plano-secuencia\/\" \/>\n<meta property=\"og:site_name\" content=\"Revista Rambla\" \/>\n<meta property=\"article:publisher\" content=\"https:\/\/www.facebook.com\/revistarambla\/\" \/>\n<meta property=\"article:author\" content=\"https:\/\/www.facebook.com\/revistarambla\" \/>\n<meta property=\"article:published_time\" content=\"2025-08-04T18:19:08+00:00\" \/>\n<meta property=\"og:image\" content=\"https:\/\/www.revistarambla.com\/wp-content\/uploads\/2025\/08\/Presence.jpg\" \/>\n\t<meta property=\"og:image:width\" content=\"1080\" \/>\n\t<meta property=\"og:image:height\" content=\"608\" \/>\n\t<meta property=\"og:image:type\" content=\"image\/jpeg\" \/>\n<meta name=\"author\" content=\"R@mbla\" \/>\n<meta name=\"twitter:card\" content=\"summary_large_image\" \/>\n<meta name=\"twitter:creator\" content=\"@revistarambla\" \/>\n<meta name=\"twitter:site\" content=\"@revistarambla\" \/>\n<meta name=\"twitter:label1\" content=\"Written by\" \/>\n\t<meta name=\"twitter:data1\" content=\"R@mbla\" \/>\n\t<meta name=\"twitter:label2\" content=\"Estimated reading time\" \/>\n\t<meta name=\"twitter:data2\" content=\"7 minutes\" \/>\n<script type=\"application\/ld+json\" class=\"yoast-schema-graph\">{\"@context\":\"https:\\\/\\\/schema.org\",\"@graph\":[{\"@type\":\"Article\",\"@id\":\"https:\\\/\\\/www.revistarambla.com\\\/presence-el-terror-en-plano-secuencia\\\/#article\",\"isPartOf\":{\"@id\":\"https:\\\/\\\/www.revistarambla.com\\\/presence-el-terror-en-plano-secuencia\\\/\"},\"author\":{\"name\":\"R@mbla\",\"@id\":\"https:\\\/\\\/www.revistarambla.com\\\/#\\\/schema\\\/person\\\/a146a5a2550b94981a75131180e1bd9c\"},\"headline\":\"&#8216;Presence&#8217;, el terror en plano secuencia\",\"datePublished\":\"2025-08-04T18:19:08+00:00\",\"mainEntityOfPage\":{\"@id\":\"https:\\\/\\\/www.revistarambla.com\\\/presence-el-terror-en-plano-secuencia\\\/\"},\"wordCount\":1575,\"publisher\":{\"@id\":\"https:\\\/\\\/www.revistarambla.com\\\/#organization\"},\"image\":{\"@id\":\"https:\\\/\\\/www.revistarambla.com\\\/presence-el-terror-en-plano-secuencia\\\/#primaryimage\"},\"thumbnailUrl\":\"https:\\\/\\\/www.revistarambla.com\\\/wp-content\\\/uploads\\\/2025\\\/08\\\/Presence.jpg\",\"articleSection\":[\"Cine &amp; Series\"],\"inLanguage\":\"en-GB\"},{\"@type\":\"WebPage\",\"@id\":\"https:\\\/\\\/www.revistarambla.com\\\/presence-el-terror-en-plano-secuencia\\\/\",\"url\":\"https:\\\/\\\/www.revistarambla.com\\\/presence-el-terror-en-plano-secuencia\\\/\",\"name\":\"'Presence', el terror en plano secuencia - Revista Rambla\",\"isPartOf\":{\"@id\":\"https:\\\/\\\/www.revistarambla.com\\\/#website\"},\"primaryImageOfPage\":{\"@id\":\"https:\\\/\\\/www.revistarambla.com\\\/presence-el-terror-en-plano-secuencia\\\/#primaryimage\"},\"image\":{\"@id\":\"https:\\\/\\\/www.revistarambla.com\\\/presence-el-terror-en-plano-secuencia\\\/#primaryimage\"},\"thumbnailUrl\":\"https:\\\/\\\/www.revistarambla.com\\\/wp-content\\\/uploads\\\/2025\\\/08\\\/Presence.jpg\",\"datePublished\":\"2025-08-04T18:19:08+00:00\",\"breadcrumb\":{\"@id\":\"https:\\\/\\\/www.revistarambla.com\\\/presence-el-terror-en-plano-secuencia\\\/#breadcrumb\"},\"inLanguage\":\"en-GB\",\"potentialAction\":[{\"@type\":\"ReadAction\",\"target\":[\"https:\\\/\\\/www.revistarambla.com\\\/presence-el-terror-en-plano-secuencia\\\/\"]}]},{\"@type\":\"ImageObject\",\"inLanguage\":\"en-GB\",\"@id\":\"https:\\\/\\\/www.revistarambla.com\\\/presence-el-terror-en-plano-secuencia\\\/#primaryimage\",\"url\":\"https:\\\/\\\/www.revistarambla.com\\\/wp-content\\\/uploads\\\/2025\\\/08\\\/Presence.jpg\",\"contentUrl\":\"https:\\\/\\\/www.revistarambla.com\\\/wp-content\\\/uploads\\\/2025\\\/08\\\/Presence.jpg\",\"width\":1080,\"height\":608,\"caption\":\"Presence\"},{\"@type\":\"BreadcrumbList\",\"@id\":\"https:\\\/\\\/www.revistarambla.com\\\/presence-el-terror-en-plano-secuencia\\\/#breadcrumb\",\"itemListElement\":[{\"@type\":\"ListItem\",\"position\":1,\"name\":\"Portada\",\"item\":\"https:\\\/\\\/www.revistarambla.com\\\/\"},{\"@type\":\"ListItem\",\"position\":2,\"name\":\"&#8216;Presence&#8217;, el terror en plano secuencia\"}]},{\"@type\":\"WebSite\",\"@id\":\"https:\\\/\\\/www.revistarambla.com\\\/#website\",\"url\":\"https:\\\/\\\/www.revistarambla.com\\\/\",\"name\":\"Revista Rambla Barcelona\",\"description\":\"Periodismo independiente\",\"publisher\":{\"@id\":\"https:\\\/\\\/www.revistarambla.com\\\/#organization\"},\"potentialAction\":[{\"@type\":\"SearchAction\",\"target\":{\"@type\":\"EntryPoint\",\"urlTemplate\":\"https:\\\/\\\/www.revistarambla.com\\\/?s={search_term_string}\"},\"query-input\":{\"@type\":\"PropertyValueSpecification\",\"valueRequired\":true,\"valueName\":\"search_term_string\"}}],\"inLanguage\":\"en-GB\"},{\"@type\":\"Organization\",\"@id\":\"https:\\\/\\\/www.revistarambla.com\\\/#organization\",\"name\":\"Revista Rambla\",\"url\":\"https:\\\/\\\/www.revistarambla.com\\\/\",\"logo\":{\"@type\":\"ImageObject\",\"inLanguage\":\"en-GB\",\"@id\":\"https:\\\/\\\/www.revistarambla.com\\\/#\\\/schema\\\/logo\\\/image\\\/\",\"url\":\"https:\\\/\\\/www.revistarambla.com\\\/wp-content\\\/uploads\\\/2020\\\/09\\\/banner_rambla_1900x600_BB.png\",\"contentUrl\":\"https:\\\/\\\/www.revistarambla.com\\\/wp-content\\\/uploads\\\/2020\\\/09\\\/banner_rambla_1900x600_BB.png\",\"width\":1900,\"height\":600,\"caption\":\"Revista Rambla\"},\"image\":{\"@id\":\"https:\\\/\\\/www.revistarambla.com\\\/#\\\/schema\\\/logo\\\/image\\\/\"},\"sameAs\":[\"https:\\\/\\\/www.facebook.com\\\/revistarambla\\\/\",\"https:\\\/\\\/x.com\\\/revistarambla\",\"https:\\\/\\\/www.instagram.com\\\/revista_rambla\",\"https:\\\/\\\/es.linkedin.com\\\/company\\\/revista-rambla\"]},{\"@type\":\"Person\",\"@id\":\"https:\\\/\\\/www.revistarambla.com\\\/#\\\/schema\\\/person\\\/a146a5a2550b94981a75131180e1bd9c\",\"name\":\"R@mbla\",\"description\":\"Este art\u00edculo ha sido redactado y\\\/o validado por el equipo de redacci\u00f3n de Revista Rambla.\",\"sameAs\":[\"https:\\\/\\\/www.revistarambla.com\\\/\",\"https:\\\/\\\/www.facebook.com\\\/revistarambla\",\"https:\\\/\\\/x.com\\\/revistarambla\"]}]}<\/script>\n<!-- \/ Yoast SEO plugin. -->","yoast_head_json":{"title":"'Presence', el terror en plano secuencia - Revista Rambla","robots":{"index":"index","follow":"follow","max-snippet":"max-snippet:-1","max-image-preview":"max-image-preview:large","max-video-preview":"max-video-preview:-1"},"canonical":"https:\/\/www.revistarambla.com\/en\/presence-el-terror-en-plano-secuencia\/","og_locale":"en_GB","og_type":"article","og_title":"'Presence', el terror en plano secuencia - Revista Rambla","og_description":"Steven Soderbergh, un cineasta que ha sabido navegar entre el cine independiente y los grandes estudios con una versatilidad envidiable, regresa con Presence (2025), una obra que redefine las convenciones del g\u00e9nero de terror sobrenatural. Estrenada en el Festival de Cine de Sundance el 19 de enero de 2024 y [&hellip;]","og_url":"https:\/\/www.revistarambla.com\/en\/presence-el-terror-en-plano-secuencia\/","og_site_name":"Revista Rambla","article_publisher":"https:\/\/www.facebook.com\/revistarambla\/","article_author":"https:\/\/www.facebook.com\/revistarambla","article_published_time":"2025-08-04T18:19:08+00:00","og_image":[{"width":1080,"height":608,"url":"https:\/\/www.revistarambla.com\/wp-content\/uploads\/2025\/08\/Presence.jpg","type":"image\/jpeg"}],"author":"R@mbla","twitter_card":"summary_large_image","twitter_creator":"@revistarambla","twitter_site":"@revistarambla","twitter_misc":{"Written by":"R@mbla","Estimated reading time":"7 minutes"},"schema":{"@context":"https:\/\/schema.org","@graph":[{"@type":"Article","@id":"https:\/\/www.revistarambla.com\/presence-el-terror-en-plano-secuencia\/#article","isPartOf":{"@id":"https:\/\/www.revistarambla.com\/presence-el-terror-en-plano-secuencia\/"},"author":{"name":"R@mbla","@id":"https:\/\/www.revistarambla.com\/#\/schema\/person\/a146a5a2550b94981a75131180e1bd9c"},"headline":"&#8216;Presence&#8217;, el terror en plano secuencia","datePublished":"2025-08-04T18:19:08+00:00","mainEntityOfPage":{"@id":"https:\/\/www.revistarambla.com\/presence-el-terror-en-plano-secuencia\/"},"wordCount":1575,"publisher":{"@id":"https:\/\/www.revistarambla.com\/#organization"},"image":{"@id":"https:\/\/www.revistarambla.com\/presence-el-terror-en-plano-secuencia\/#primaryimage"},"thumbnailUrl":"https:\/\/www.revistarambla.com\/wp-content\/uploads\/2025\/08\/Presence.jpg","articleSection":["Cine &amp; Series"],"inLanguage":"en-GB"},{"@type":"WebPage","@id":"https:\/\/www.revistarambla.com\/presence-el-terror-en-plano-secuencia\/","url":"https:\/\/www.revistarambla.com\/presence-el-terror-en-plano-secuencia\/","name":"'Presence', el terror en plano secuencia - Revista Rambla","isPartOf":{"@id":"https:\/\/www.revistarambla.com\/#website"},"primaryImageOfPage":{"@id":"https:\/\/www.revistarambla.com\/presence-el-terror-en-plano-secuencia\/#primaryimage"},"image":{"@id":"https:\/\/www.revistarambla.com\/presence-el-terror-en-plano-secuencia\/#primaryimage"},"thumbnailUrl":"https:\/\/www.revistarambla.com\/wp-content\/uploads\/2025\/08\/Presence.jpg","datePublished":"2025-08-04T18:19:08+00:00","breadcrumb":{"@id":"https:\/\/www.revistarambla.com\/presence-el-terror-en-plano-secuencia\/#breadcrumb"},"inLanguage":"en-GB","potentialAction":[{"@type":"ReadAction","target":["https:\/\/www.revistarambla.com\/presence-el-terror-en-plano-secuencia\/"]}]},{"@type":"ImageObject","inLanguage":"en-GB","@id":"https:\/\/www.revistarambla.com\/presence-el-terror-en-plano-secuencia\/#primaryimage","url":"https:\/\/www.revistarambla.com\/wp-content\/uploads\/2025\/08\/Presence.jpg","contentUrl":"https:\/\/www.revistarambla.com\/wp-content\/uploads\/2025\/08\/Presence.jpg","width":1080,"height":608,"caption":"Presence"},{"@type":"BreadcrumbList","@id":"https:\/\/www.revistarambla.com\/presence-el-terror-en-plano-secuencia\/#breadcrumb","itemListElement":[{"@type":"ListItem","position":1,"name":"Portada","item":"https:\/\/www.revistarambla.com\/"},{"@type":"ListItem","position":2,"name":"&#8216;Presence&#8217;, el terror en plano secuencia"}]},{"@type":"WebSite","@id":"https:\/\/www.revistarambla.com\/#website","url":"https:\/\/www.revistarambla.com\/","name":"Revista Rambla Barcelona","description":"Periodismo independiente","publisher":{"@id":"https:\/\/www.revistarambla.com\/#organization"},"potentialAction":[{"@type":"SearchAction","target":{"@type":"EntryPoint","urlTemplate":"https:\/\/www.revistarambla.com\/?s={search_term_string}"},"query-input":{"@type":"PropertyValueSpecification","valueRequired":true,"valueName":"search_term_string"}}],"inLanguage":"en-GB"},{"@type":"Organization","@id":"https:\/\/www.revistarambla.com\/#organization","name":"Revista Rambla","url":"https:\/\/www.revistarambla.com\/","logo":{"@type":"ImageObject","inLanguage":"en-GB","@id":"https:\/\/www.revistarambla.com\/#\/schema\/logo\/image\/","url":"https:\/\/www.revistarambla.com\/wp-content\/uploads\/2020\/09\/banner_rambla_1900x600_BB.png","contentUrl":"https:\/\/www.revistarambla.com\/wp-content\/uploads\/2020\/09\/banner_rambla_1900x600_BB.png","width":1900,"height":600,"caption":"Revista Rambla"},"image":{"@id":"https:\/\/www.revistarambla.com\/#\/schema\/logo\/image\/"},"sameAs":["https:\/\/www.facebook.com\/revistarambla\/","https:\/\/x.com\/revistarambla","https:\/\/www.instagram.com\/revista_rambla","https:\/\/es.linkedin.com\/company\/revista-rambla"]},{"@type":"Person","@id":"https:\/\/www.revistarambla.com\/#\/schema\/person\/a146a5a2550b94981a75131180e1bd9c","name":"R@mbla","description":"Este art\u00edculo ha sido redactado y\/o validado por el equipo de redacci\u00f3n de Revista Rambla.","sameAs":["https:\/\/www.revistarambla.com\/","https:\/\/www.facebook.com\/revistarambla","https:\/\/x.com\/revistarambla"]}]}},"_links":{"self":[{"href":"https:\/\/www.revistarambla.com\/en\/wp-json\/wp\/v2\/posts\/65962","targetHints":{"allow":["GET"]}}],"collection":[{"href":"https:\/\/www.revistarambla.com\/en\/wp-json\/wp\/v2\/posts"}],"about":[{"href":"https:\/\/www.revistarambla.com\/en\/wp-json\/wp\/v2\/types\/post"}],"author":[{"embeddable":true,"href":"https:\/\/www.revistarambla.com\/en\/wp-json\/wp\/v2\/users\/3"}],"replies":[{"embeddable":true,"href":"https:\/\/www.revistarambla.com\/en\/wp-json\/wp\/v2\/comments?post=65962"}],"version-history":[{"count":1,"href":"https:\/\/www.revistarambla.com\/en\/wp-json\/wp\/v2\/posts\/65962\/revisions"}],"predecessor-version":[{"id":65964,"href":"https:\/\/www.revistarambla.com\/en\/wp-json\/wp\/v2\/posts\/65962\/revisions\/65964"}],"wp:featuredmedia":[{"embeddable":true,"href":"https:\/\/www.revistarambla.com\/en\/wp-json\/wp\/v2\/media\/65963"}],"wp:attachment":[{"href":"https:\/\/www.revistarambla.com\/en\/wp-json\/wp\/v2\/media?parent=65962"}],"wp:term":[{"taxonomy":"category","embeddable":true,"href":"https:\/\/www.revistarambla.com\/en\/wp-json\/wp\/v2\/categories?post=65962"},{"taxonomy":"post_tag","embeddable":true,"href":"https:\/\/www.revistarambla.com\/en\/wp-json\/wp\/v2\/tags?post=65962"}],"curies":[{"name":"wp","href":"https:\/\/api.w.org\/{rel}","templated":true}]}}