{"id":65958,"date":"2025-08-04T19:53:51","date_gmt":"2025-08-04T17:53:51","guid":{"rendered":"https:\/\/www.revistarambla.com\/?p=65958"},"modified":"2025-08-04T19:54:23","modified_gmt":"2025-08-04T17:54:23","slug":"salvar-vides-comenca-per-a-dignificar-el-treball-i-aixo-avui-dia-es-responsabilitat-directa-de-lajuntament","status":"publish","type":"post","link":"https:\/\/www.revistarambla.com\/en\/salvar-vides-comenca-per-a-dignificar-el-treball-i-aixo-avui-dia-es-responsabilitat-directa-de-lajuntament\/","title":{"rendered":"Salvar vides comen\u00e7a per a dignificar el treball i aix\u00f2 \u00e9s responsabilitat directa de l\u2019Ajuntament de Barcelona"},"content":{"rendered":"<p>Divendres passat, la primera tinent d\u2019alcaldia de l\u2019Ajuntament de Barcelona, Laia Bonet es va pronunciar p\u00fablicament en relaci\u00f3 amb la vaga indefinida del servei de Salvament i Socorrisme de les platges de Barcelona ciutat. Com a secci\u00f3 sindical CGT del servei de platges de Barcelona ciutat, en representaci\u00f3 de totes les treballadores, desitgem respondre amb la claredat i el rigor que la situaci\u00f3 mereix.<\/p>\n<p>En primer lloc, volem sumar-nos a la seva preocupaci\u00f3 pels nostres salaris, encara que sorpr\u00e8n que es posi el focus en un punt que no forma part de les reclamacions principals d\u2019aquesta vaga. Aclarim que aquesta vaga ha sigut convocada per motius molt m\u00e9s greus:<\/p>\n<p>\u25cf Les condicions indignes i insalubres dels m\u00f2duls i els locals de salvament.<br \/>\n\u25cf La precaritzaci\u00f3 estructural del servei s\u2019evidencia amb el d\u00e8ficit de personal des de l\u2019inici de la temporada.<br \/>\n\u25cf L\u2019augment de la temporalitat del servei.<\/p>\n<p>Aix\u00ed i tot, davant el seu esment directe al tema salarial, considerem imprescindible aclarir:<\/p>\n<h4>1. No tenim un conveni propi i el conveni citat \u00e9s inaplicable al nostre sector<\/h4>\n<p>La Sra. Bonet menciona que les nostres retribucions estan un 40% per sobre del \u201cconveni de refer\u00e8ncia\u201d. Aquest conveni \u00e9s el V Conveni Estatal d\u2019Instal\u00b7lacions Esportives i Gimnasos, un marc completament ali\u00e8 a les nostres funcions i riscos professionals (socorristes, t\u00e8cnics sanitaris, infermeria, patrons i tripulants). El nostre \u00e9s un servei d\u2019emerg\u00e8ncies aqu\u00e0tiques urbanes que opera a les platges massificades, amb responsabilitat directa sobre la vida de milers de persones cada dia. Assimilar-nos al personal de gimnasos o poliesportius, manca, com a m\u00ednim, de rigor t\u00e8cnic i jur\u00eddic.<\/p>\n<h4>2. La difer\u00e8ncia salarial no \u00e9s un privilegi sin\u00f3 una compensaci\u00f3<\/h4>\n<p>La difer\u00e8ncia retributiva actual no va ser una millora volunt\u00e0ria ni una inversi\u00f3 estrat\u00e8gica de l\u2019Ajuntament. Va ser un resultat de la lluita sindical l&#8217;any 2015, quan el consistori i els seus assessors t\u00e8cnics van avalar acomiadar massivament a tota la plantilla per intermedi de l\u2019empresa de torn.<\/p>\n<p>Despr\u00e9s de 19 hores d\u2019acampada a l\u2019Ajuntament, es va pactar una compensaci\u00f3 fixa (no percentual) per a esmorteir la p\u00e8rdua del suposat canvi for\u00e7\u00f3s del Conveni de Sanitat Privada al de les instal\u00b7lacions Esportives. Va ser un pegat transitori davant d\u2019una injust\u00edcia estructural no solucionada fins al dia d&#8217;avui.<\/p>\n<h4>3. Avui, el nostre salari base est\u00e0 per sota de l&#8217;SMI<\/h4>\n<p>A banda de les declaracions institucionals, la realitat \u00e9s que el salari base est\u00e0 per sota del Salari M\u00ednim Interprofessional. Sumat a aix\u00f2, les n\u00f2mines presenten, mes rere mes, errors, irregularitat, endarreriments i falta de claredat, molts dels quals han motivat reclamacions formals cap a l\u2019empresa. Reiterem: La difer\u00e8ncia salarial citada \u00e9s el resultat d\u2019una lluita hist\u00f2rica de les treballadores, no d\u2019una pol\u00edtica p\u00fablica de millora.<\/p>\n<h4>4. El nou contracte i la seva inversi\u00f3 no resolen els problemes reals<\/h4>\n<p>El 70% de l\u2019augment pressupostari al qual fa refer\u00e8ncia la tinent d\u2019alcaldessa correspon a l\u2019increment assignat a l\u2019any passat per cobrir de manera excepcional el mes d\u2019octubre amb motiu de l\u2019esdeveniment de la Copa Am\u00e8rica de vela, una inversi\u00f3 clarament orientada a projectar una bona imatge de la ciutat de cara a l\u2019exterior, i no a garantir la seguretat ni el benestar de les usu\u00e0ries. Prova d\u2019aix\u00f2 \u00e9s que aquest any ja no cobrir\u00e0 el mes d\u2019octubre, el que demostra que va ser una mesura puntual per interessos pol\u00edtics, sense voluntat de consolidar millores reals al servei p\u00fablic.<\/p>\n<h4>5. La gravetat del conflicte no se soluciona amb xifres mal contextualitzades.<\/h4>\n<p>Ens agradaria convidar a la Sra. Laia Bonet i al seu equip de govern al fet que coneguin de primera m\u00e0 les condicions de treball de les socorristes, i a qu\u00e8 segueixin a dialogar des de la veritat, el respecte institucional i la responsabilitat p\u00fablica. Seguim disposades a aclarir qualsevol dubte sobre el nostre salari, les nostres funcions i les nostres condicions laborals, i amb aix\u00f2, exigim que es respecti la dignitat i la hist\u00f2ria de la nostra lluita.<\/p>\n<p>Salvar vides comen\u00e7a per a dignificar el treball. I aix\u00f2, avui dia, \u00e9s responsabilitat directa de l\u2019Ajuntament.<\/p>","protected":false},"excerpt":{"rendered":"<p>Comunicat davant de les declaracions de la Laia Bonet davant la vaga del servei de salvament<\/p>","protected":false},"author":327,"featured_media":65959,"comment_status":"closed","ping_status":"closed","sticky":false,"template":"","format":"standard","meta":{"footnotes":""},"categories":[4079],"tags":[],"class_list":["post-65958","post","type-post","status-publish","format-standard","has-post-thumbnail","hentry","category-tribuna-libre"],"yoast_head":"<!-- This site is optimized with the Yoast SEO plugin v27.5 - https:\/\/yoast.com\/product\/yoast-seo-wordpress\/ -->\n<title>Salvar vides comen\u00e7a per a dignificar el treball i aix\u00f2 \u00e9s responsabilitat directa de l\u2019Ajuntament de Barcelona - Revista Rambla<\/title>\n<meta name=\"robots\" content=\"index, follow, max-snippet:-1, max-image-preview:large, max-video-preview:-1\" \/>\n<link rel=\"canonical\" href=\"https:\/\/www.revistarambla.com\/en\/salvar-vides-comenca-per-a-dignificar-el-treball-i-aixo-avui-dia-es-responsabilitat-directa-de-lajuntament\/\" \/>\n<meta property=\"og:locale\" content=\"en_GB\" \/>\n<meta property=\"og:type\" content=\"article\" \/>\n<meta property=\"og:title\" content=\"Salvar vides comen\u00e7a per a dignificar el treball i aix\u00f2 \u00e9s responsabilitat directa de l\u2019Ajuntament de Barcelona - Revista Rambla\" \/>\n<meta property=\"og:description\" content=\"Comunicat davant de les declaracions de la Laia Bonet davant la vaga del servei de salvament\" \/>\n<meta property=\"og:url\" content=\"https:\/\/www.revistarambla.com\/en\/salvar-vides-comenca-per-a-dignificar-el-treball-i-aixo-avui-dia-es-responsabilitat-directa-de-lajuntament\/\" \/>\n<meta property=\"og:site_name\" content=\"Revista Rambla\" \/>\n<meta property=\"article:publisher\" content=\"https:\/\/www.facebook.com\/revistarambla\/\" \/>\n<meta property=\"article:author\" content=\"https:\/\/www.facebook.com\/barcelona.cgt\" \/>\n<meta property=\"article:published_time\" content=\"2025-08-04T17:53:51+00:00\" \/>\n<meta property=\"article:modified_time\" content=\"2025-08-04T17:54:23+00:00\" \/>\n<meta property=\"og:image\" content=\"https:\/\/www.revistarambla.com\/wp-content\/uploads\/2025\/08\/20210128_091650_710x379x_1.jpg\" \/>\n\t<meta property=\"og:image:width\" content=\"710\" \/>\n\t<meta property=\"og:image:height\" content=\"379\" \/>\n\t<meta property=\"og:image:type\" content=\"image\/jpeg\" \/>\n<meta name=\"author\" content=\"CGT Barcelona\" \/>\n<meta name=\"twitter:card\" content=\"summary_large_image\" \/>\n<meta name=\"twitter:creator\" content=\"@CGTBarcelona\" \/>\n<meta name=\"twitter:site\" content=\"@revistarambla\" \/>\n<meta name=\"twitter:label1\" content=\"Written by\" \/>\n\t<meta name=\"twitter:data1\" content=\"CGT Barcelona\" \/>\n\t<meta name=\"twitter:label2\" content=\"Estimated reading time\" \/>\n\t<meta name=\"twitter:data2\" content=\"4 minutes\" \/>\n<script type=\"application\/ld+json\" class=\"yoast-schema-graph\">{\"@context\":\"https:\\\/\\\/schema.org\",\"@graph\":[{\"@type\":\"Article\",\"@id\":\"https:\\\/\\\/www.revistarambla.com\\\/salvar-vides-comenca-per-a-dignificar-el-treball-i-aixo-avui-dia-es-responsabilitat-directa-de-lajuntament\\\/#article\",\"isPartOf\":{\"@id\":\"https:\\\/\\\/www.revistarambla.com\\\/salvar-vides-comenca-per-a-dignificar-el-treball-i-aixo-avui-dia-es-responsabilitat-directa-de-lajuntament\\\/\"},\"author\":{\"name\":\"CGT Barcelona\",\"@id\":\"https:\\\/\\\/www.revistarambla.com\\\/#\\\/schema\\\/person\\\/50127bec5551cbc1206e826637f48e65\"},\"headline\":\"Salvar vides comen\u00e7a per a dignificar el treball i aix\u00f2 \u00e9s responsabilitat directa de l\u2019Ajuntament de Barcelona\",\"datePublished\":\"2025-08-04T17:53:51+00:00\",\"dateModified\":\"2025-08-04T17:54:23+00:00\",\"mainEntityOfPage\":{\"@id\":\"https:\\\/\\\/www.revistarambla.com\\\/salvar-vides-comenca-per-a-dignificar-el-treball-i-aixo-avui-dia-es-responsabilitat-directa-de-lajuntament\\\/\"},\"wordCount\":741,\"publisher\":{\"@id\":\"https:\\\/\\\/www.revistarambla.com\\\/#organization\"},\"image\":{\"@id\":\"https:\\\/\\\/www.revistarambla.com\\\/salvar-vides-comenca-per-a-dignificar-el-treball-i-aixo-avui-dia-es-responsabilitat-directa-de-lajuntament\\\/#primaryimage\"},\"thumbnailUrl\":\"https:\\\/\\\/www.revistarambla.com\\\/wp-content\\\/uploads\\\/2025\\\/08\\\/20210128_091650_710x379x_1.jpg\",\"articleSection\":[\"Tribuna Libre\"],\"inLanguage\":\"en-GB\"},{\"@type\":\"WebPage\",\"@id\":\"https:\\\/\\\/www.revistarambla.com\\\/salvar-vides-comenca-per-a-dignificar-el-treball-i-aixo-avui-dia-es-responsabilitat-directa-de-lajuntament\\\/\",\"url\":\"https:\\\/\\\/www.revistarambla.com\\\/salvar-vides-comenca-per-a-dignificar-el-treball-i-aixo-avui-dia-es-responsabilitat-directa-de-lajuntament\\\/\",\"name\":\"Salvar vides comen\u00e7a per a dignificar el treball i aix\u00f2 \u00e9s responsabilitat directa de l\u2019Ajuntament de Barcelona - Revista Rambla\",\"isPartOf\":{\"@id\":\"https:\\\/\\\/www.revistarambla.com\\\/#website\"},\"primaryImageOfPage\":{\"@id\":\"https:\\\/\\\/www.revistarambla.com\\\/salvar-vides-comenca-per-a-dignificar-el-treball-i-aixo-avui-dia-es-responsabilitat-directa-de-lajuntament\\\/#primaryimage\"},\"image\":{\"@id\":\"https:\\\/\\\/www.revistarambla.com\\\/salvar-vides-comenca-per-a-dignificar-el-treball-i-aixo-avui-dia-es-responsabilitat-directa-de-lajuntament\\\/#primaryimage\"},\"thumbnailUrl\":\"https:\\\/\\\/www.revistarambla.com\\\/wp-content\\\/uploads\\\/2025\\\/08\\\/20210128_091650_710x379x_1.jpg\",\"datePublished\":\"2025-08-04T17:53:51+00:00\",\"dateModified\":\"2025-08-04T17:54:23+00:00\",\"breadcrumb\":{\"@id\":\"https:\\\/\\\/www.revistarambla.com\\\/salvar-vides-comenca-per-a-dignificar-el-treball-i-aixo-avui-dia-es-responsabilitat-directa-de-lajuntament\\\/#breadcrumb\"},\"inLanguage\":\"en-GB\",\"potentialAction\":[{\"@type\":\"ReadAction\",\"target\":[\"https:\\\/\\\/www.revistarambla.com\\\/salvar-vides-comenca-per-a-dignificar-el-treball-i-aixo-avui-dia-es-responsabilitat-directa-de-lajuntament\\\/\"]}]},{\"@type\":\"ImageObject\",\"inLanguage\":\"en-GB\",\"@id\":\"https:\\\/\\\/www.revistarambla.com\\\/salvar-vides-comenca-per-a-dignificar-el-treball-i-aixo-avui-dia-es-responsabilitat-directa-de-lajuntament\\\/#primaryimage\",\"url\":\"https:\\\/\\\/www.revistarambla.com\\\/wp-content\\\/uploads\\\/2025\\\/08\\\/20210128_091650_710x379x_1.jpg\",\"contentUrl\":\"https:\\\/\\\/www.revistarambla.com\\\/wp-content\\\/uploads\\\/2025\\\/08\\\/20210128_091650_710x379x_1.jpg\",\"width\":710,\"height\":379,\"caption\":\"socorristas barcelona playa soorrisme\"},{\"@type\":\"BreadcrumbList\",\"@id\":\"https:\\\/\\\/www.revistarambla.com\\\/salvar-vides-comenca-per-a-dignificar-el-treball-i-aixo-avui-dia-es-responsabilitat-directa-de-lajuntament\\\/#breadcrumb\",\"itemListElement\":[{\"@type\":\"ListItem\",\"position\":1,\"name\":\"Portada\",\"item\":\"https:\\\/\\\/www.revistarambla.com\\\/\"},{\"@type\":\"ListItem\",\"position\":2,\"name\":\"Salvar vides comen\u00e7a per a dignificar el treball i aix\u00f2 \u00e9s responsabilitat directa de l\u2019Ajuntament de Barcelona\"}]},{\"@type\":\"WebSite\",\"@id\":\"https:\\\/\\\/www.revistarambla.com\\\/#website\",\"url\":\"https:\\\/\\\/www.revistarambla.com\\\/\",\"name\":\"Revista Rambla Barcelona\",\"description\":\"Periodismo independiente\",\"publisher\":{\"@id\":\"https:\\\/\\\/www.revistarambla.com\\\/#organization\"},\"potentialAction\":[{\"@type\":\"SearchAction\",\"target\":{\"@type\":\"EntryPoint\",\"urlTemplate\":\"https:\\\/\\\/www.revistarambla.com\\\/?s={search_term_string}\"},\"query-input\":{\"@type\":\"PropertyValueSpecification\",\"valueRequired\":true,\"valueName\":\"search_term_string\"}}],\"inLanguage\":\"en-GB\"},{\"@type\":\"Organization\",\"@id\":\"https:\\\/\\\/www.revistarambla.com\\\/#organization\",\"name\":\"Revista Rambla\",\"url\":\"https:\\\/\\\/www.revistarambla.com\\\/\",\"logo\":{\"@type\":\"ImageObject\",\"inLanguage\":\"en-GB\",\"@id\":\"https:\\\/\\\/www.revistarambla.com\\\/#\\\/schema\\\/logo\\\/image\\\/\",\"url\":\"https:\\\/\\\/www.revistarambla.com\\\/wp-content\\\/uploads\\\/2020\\\/09\\\/banner_rambla_1900x600_BB.png\",\"contentUrl\":\"https:\\\/\\\/www.revistarambla.com\\\/wp-content\\\/uploads\\\/2020\\\/09\\\/banner_rambla_1900x600_BB.png\",\"width\":1900,\"height\":600,\"caption\":\"Revista Rambla\"},\"image\":{\"@id\":\"https:\\\/\\\/www.revistarambla.com\\\/#\\\/schema\\\/logo\\\/image\\\/\"},\"sameAs\":[\"https:\\\/\\\/www.facebook.com\\\/revistarambla\\\/\",\"https:\\\/\\\/x.com\\\/revistarambla\",\"https:\\\/\\\/www.instagram.com\\\/revista_rambla\",\"https:\\\/\\\/es.linkedin.com\\\/company\\\/revista-rambla\"]},{\"@type\":\"Person\",\"@id\":\"https:\\\/\\\/www.revistarambla.com\\\/#\\\/schema\\\/person\\\/50127bec5551cbc1206e826637f48e65\",\"name\":\"CGT Barcelona\",\"description\":\"Federaci\u00f3n Local de Sindicatos de Barcelona. Organizaci\u00f3n anarcosindicalista: de clase, aut\u00f3noma, autogestionaria, federalista, internacionalista y libertaria.\",\"sameAs\":[\"https:\\\/\\\/www.cgtbarcelona.org\\\/\",\"https:\\\/\\\/www.facebook.com\\\/barcelona.cgt\",\"https:\\\/\\\/www.instagram.com\\\/cgtbarcelona\\\/\",\"https:\\\/\\\/x.com\\\/CGTBarcelona\"]}]}<\/script>\n<!-- \/ Yoast SEO plugin. -->","yoast_head_json":{"title":"Salvar vides comen\u00e7a per a dignificar el treball i aix\u00f2 \u00e9s responsabilitat directa de l\u2019Ajuntament de Barcelona - Revista Rambla","robots":{"index":"index","follow":"follow","max-snippet":"max-snippet:-1","max-image-preview":"max-image-preview:large","max-video-preview":"max-video-preview:-1"},"canonical":"https:\/\/www.revistarambla.com\/en\/salvar-vides-comenca-per-a-dignificar-el-treball-i-aixo-avui-dia-es-responsabilitat-directa-de-lajuntament\/","og_locale":"en_GB","og_type":"article","og_title":"Salvar vides comen\u00e7a per a dignificar el treball i aix\u00f2 \u00e9s responsabilitat directa de l\u2019Ajuntament de Barcelona - Revista Rambla","og_description":"Comunicat davant de les declaracions de la Laia Bonet davant la vaga del servei de salvament","og_url":"https:\/\/www.revistarambla.com\/en\/salvar-vides-comenca-per-a-dignificar-el-treball-i-aixo-avui-dia-es-responsabilitat-directa-de-lajuntament\/","og_site_name":"Revista Rambla","article_publisher":"https:\/\/www.facebook.com\/revistarambla\/","article_author":"https:\/\/www.facebook.com\/barcelona.cgt","article_published_time":"2025-08-04T17:53:51+00:00","article_modified_time":"2025-08-04T17:54:23+00:00","og_image":[{"width":710,"height":379,"url":"https:\/\/www.revistarambla.com\/wp-content\/uploads\/2025\/08\/20210128_091650_710x379x_1.jpg","type":"image\/jpeg"}],"author":"CGT Barcelona","twitter_card":"summary_large_image","twitter_creator":"@CGTBarcelona","twitter_site":"@revistarambla","twitter_misc":{"Written by":"CGT Barcelona","Estimated reading time":"4 minutes"},"schema":{"@context":"https:\/\/schema.org","@graph":[{"@type":"Article","@id":"https:\/\/www.revistarambla.com\/salvar-vides-comenca-per-a-dignificar-el-treball-i-aixo-avui-dia-es-responsabilitat-directa-de-lajuntament\/#article","isPartOf":{"@id":"https:\/\/www.revistarambla.com\/salvar-vides-comenca-per-a-dignificar-el-treball-i-aixo-avui-dia-es-responsabilitat-directa-de-lajuntament\/"},"author":{"name":"CGT Barcelona","@id":"https:\/\/www.revistarambla.com\/#\/schema\/person\/50127bec5551cbc1206e826637f48e65"},"headline":"Salvar vides comen\u00e7a per a dignificar el treball i aix\u00f2 \u00e9s responsabilitat directa de l\u2019Ajuntament de Barcelona","datePublished":"2025-08-04T17:53:51+00:00","dateModified":"2025-08-04T17:54:23+00:00","mainEntityOfPage":{"@id":"https:\/\/www.revistarambla.com\/salvar-vides-comenca-per-a-dignificar-el-treball-i-aixo-avui-dia-es-responsabilitat-directa-de-lajuntament\/"},"wordCount":741,"publisher":{"@id":"https:\/\/www.revistarambla.com\/#organization"},"image":{"@id":"https:\/\/www.revistarambla.com\/salvar-vides-comenca-per-a-dignificar-el-treball-i-aixo-avui-dia-es-responsabilitat-directa-de-lajuntament\/#primaryimage"},"thumbnailUrl":"https:\/\/www.revistarambla.com\/wp-content\/uploads\/2025\/08\/20210128_091650_710x379x_1.jpg","articleSection":["Tribuna Libre"],"inLanguage":"en-GB"},{"@type":"WebPage","@id":"https:\/\/www.revistarambla.com\/salvar-vides-comenca-per-a-dignificar-el-treball-i-aixo-avui-dia-es-responsabilitat-directa-de-lajuntament\/","url":"https:\/\/www.revistarambla.com\/salvar-vides-comenca-per-a-dignificar-el-treball-i-aixo-avui-dia-es-responsabilitat-directa-de-lajuntament\/","name":"Salvar vides comen\u00e7a per a dignificar el treball i aix\u00f2 \u00e9s responsabilitat directa de l\u2019Ajuntament de Barcelona - Revista Rambla","isPartOf":{"@id":"https:\/\/www.revistarambla.com\/#website"},"primaryImageOfPage":{"@id":"https:\/\/www.revistarambla.com\/salvar-vides-comenca-per-a-dignificar-el-treball-i-aixo-avui-dia-es-responsabilitat-directa-de-lajuntament\/#primaryimage"},"image":{"@id":"https:\/\/www.revistarambla.com\/salvar-vides-comenca-per-a-dignificar-el-treball-i-aixo-avui-dia-es-responsabilitat-directa-de-lajuntament\/#primaryimage"},"thumbnailUrl":"https:\/\/www.revistarambla.com\/wp-content\/uploads\/2025\/08\/20210128_091650_710x379x_1.jpg","datePublished":"2025-08-04T17:53:51+00:00","dateModified":"2025-08-04T17:54:23+00:00","breadcrumb":{"@id":"https:\/\/www.revistarambla.com\/salvar-vides-comenca-per-a-dignificar-el-treball-i-aixo-avui-dia-es-responsabilitat-directa-de-lajuntament\/#breadcrumb"},"inLanguage":"en-GB","potentialAction":[{"@type":"ReadAction","target":["https:\/\/www.revistarambla.com\/salvar-vides-comenca-per-a-dignificar-el-treball-i-aixo-avui-dia-es-responsabilitat-directa-de-lajuntament\/"]}]},{"@type":"ImageObject","inLanguage":"en-GB","@id":"https:\/\/www.revistarambla.com\/salvar-vides-comenca-per-a-dignificar-el-treball-i-aixo-avui-dia-es-responsabilitat-directa-de-lajuntament\/#primaryimage","url":"https:\/\/www.revistarambla.com\/wp-content\/uploads\/2025\/08\/20210128_091650_710x379x_1.jpg","contentUrl":"https:\/\/www.revistarambla.com\/wp-content\/uploads\/2025\/08\/20210128_091650_710x379x_1.jpg","width":710,"height":379,"caption":"socorristas barcelona playa soorrisme"},{"@type":"BreadcrumbList","@id":"https:\/\/www.revistarambla.com\/salvar-vides-comenca-per-a-dignificar-el-treball-i-aixo-avui-dia-es-responsabilitat-directa-de-lajuntament\/#breadcrumb","itemListElement":[{"@type":"ListItem","position":1,"name":"Portada","item":"https:\/\/www.revistarambla.com\/"},{"@type":"ListItem","position":2,"name":"Salvar vides comen\u00e7a per a dignificar el treball i aix\u00f2 \u00e9s responsabilitat directa de l\u2019Ajuntament de Barcelona"}]},{"@type":"WebSite","@id":"https:\/\/www.revistarambla.com\/#website","url":"https:\/\/www.revistarambla.com\/","name":"Revista Rambla Barcelona","description":"Periodismo independiente","publisher":{"@id":"https:\/\/www.revistarambla.com\/#organization"},"potentialAction":[{"@type":"SearchAction","target":{"@type":"EntryPoint","urlTemplate":"https:\/\/www.revistarambla.com\/?s={search_term_string}"},"query-input":{"@type":"PropertyValueSpecification","valueRequired":true,"valueName":"search_term_string"}}],"inLanguage":"en-GB"},{"@type":"Organization","@id":"https:\/\/www.revistarambla.com\/#organization","name":"Revista Rambla","url":"https:\/\/www.revistarambla.com\/","logo":{"@type":"ImageObject","inLanguage":"en-GB","@id":"https:\/\/www.revistarambla.com\/#\/schema\/logo\/image\/","url":"https:\/\/www.revistarambla.com\/wp-content\/uploads\/2020\/09\/banner_rambla_1900x600_BB.png","contentUrl":"https:\/\/www.revistarambla.com\/wp-content\/uploads\/2020\/09\/banner_rambla_1900x600_BB.png","width":1900,"height":600,"caption":"Revista Rambla"},"image":{"@id":"https:\/\/www.revistarambla.com\/#\/schema\/logo\/image\/"},"sameAs":["https:\/\/www.facebook.com\/revistarambla\/","https:\/\/x.com\/revistarambla","https:\/\/www.instagram.com\/revista_rambla","https:\/\/es.linkedin.com\/company\/revista-rambla"]},{"@type":"Person","@id":"https:\/\/www.revistarambla.com\/#\/schema\/person\/50127bec5551cbc1206e826637f48e65","name":"CGT Barcelona","description":"Federaci\u00f3n Local de Sindicatos de Barcelona. Organizaci\u00f3n anarcosindicalista: de clase, aut\u00f3noma, autogestionaria, federalista, internacionalista y libertaria.","sameAs":["https:\/\/www.cgtbarcelona.org\/","https:\/\/www.facebook.com\/barcelona.cgt","https:\/\/www.instagram.com\/cgtbarcelona\/","https:\/\/x.com\/CGTBarcelona"]}]}},"_links":{"self":[{"href":"https:\/\/www.revistarambla.com\/en\/wp-json\/wp\/v2\/posts\/65958","targetHints":{"allow":["GET"]}}],"collection":[{"href":"https:\/\/www.revistarambla.com\/en\/wp-json\/wp\/v2\/posts"}],"about":[{"href":"https:\/\/www.revistarambla.com\/en\/wp-json\/wp\/v2\/types\/post"}],"author":[{"embeddable":true,"href":"https:\/\/www.revistarambla.com\/en\/wp-json\/wp\/v2\/users\/327"}],"replies":[{"embeddable":true,"href":"https:\/\/www.revistarambla.com\/en\/wp-json\/wp\/v2\/comments?post=65958"}],"version-history":[{"count":2,"href":"https:\/\/www.revistarambla.com\/en\/wp-json\/wp\/v2\/posts\/65958\/revisions"}],"predecessor-version":[{"id":65961,"href":"https:\/\/www.revistarambla.com\/en\/wp-json\/wp\/v2\/posts\/65958\/revisions\/65961"}],"wp:featuredmedia":[{"embeddable":true,"href":"https:\/\/www.revistarambla.com\/en\/wp-json\/wp\/v2\/media\/65959"}],"wp:attachment":[{"href":"https:\/\/www.revistarambla.com\/en\/wp-json\/wp\/v2\/media?parent=65958"}],"wp:term":[{"taxonomy":"category","embeddable":true,"href":"https:\/\/www.revistarambla.com\/en\/wp-json\/wp\/v2\/categories?post=65958"},{"taxonomy":"post_tag","embeddable":true,"href":"https:\/\/www.revistarambla.com\/en\/wp-json\/wp\/v2\/tags?post=65958"}],"curies":[{"name":"wp","href":"https:\/\/api.w.org\/{rel}","templated":true}]}}