{"id":65940,"date":"2025-08-02T11:32:21","date_gmt":"2025-08-02T09:32:21","guid":{"rendered":"https:\/\/www.revistarambla.com\/?p=65940"},"modified":"2025-08-02T11:32:21","modified_gmt":"2025-08-02T09:32:21","slug":"condena-a-un-ultra-del-espanyol-por-agresion-ideologica-en-sant-just-desvern","status":"publish","type":"post","link":"https:\/\/www.revistarambla.com\/en\/condena-a-un-ultra-del-espanyol-por-agresion-ideologica-en-sant-just-desvern\/","title":{"rendered":"Condena a un ultra del Espanyol por agresi\u00f3n ideol\u00f3gica en Sant Just Desvern"},"content":{"rendered":"<p>En un caso que ha reavivado el debate sobre la polarizaci\u00f3n ideol\u00f3gica en Catalu\u00f1a, un joven de 28 a\u00f1os, identificado como Pau A. P., ha sido condenado por el Juzgado Penal n\u00famero 4 de Barcelona por agredir a Aleix Abadia Huguet, un independentista catal\u00e1n, en Sant Just Desvern en mayo de 2021. La sentencia, dictada el 29 de mayo de 2025, considera la agresi\u00f3n como un delito de lesiones con el agravante de discriminaci\u00f3n por motivos ideol\u00f3gicos, contemplado en el art\u00edculo 22 del C\u00f3digo Penal espa\u00f1ol. Este caso no solo pone de manifiesto las tensiones entre sectores espa\u00f1olistas e independentistas, sino que tambi\u00e9n destaca las carencias institucionales a la hora de abordar la violencia motivada por el odio ideol\u00f3gico en la regi\u00f3n.<\/p>\n<h2>Los hechos: una agresi\u00f3n en un contexto de polarizaci\u00f3n<\/h2>\n<p>El 17 de mayo de 2021, Aleix Abadia Huguet caminaba por un parque frente al Casal de Joves de Sant Just Desvern, en el \u00e1rea metropolitana de Barcelona, cuando fue interceptado por un grupo de j\u00f3venes. Seg\u00fan la sentencia judicial, uno de ellos, Pau A. P., acusado de ser un ultra del RCD Espanyol, increp\u00f3 a Aleix acus\u00e1ndolo de haber colocado pegatinas independentistas en su domicilio. Lo que comenz\u00f3 como una discusi\u00f3n verbal escal\u00f3 r\u00e1pidamente a la violencia f\u00edsica, resultando en una fractura de nariz para la v\u00edctima.<\/p>\n<p>El incidente no fue un hecho aislado. Seg\u00fan el testimonio de Aleix, el agresor formaba parte de un grupo espa\u00f1olista de extrema derecha que hab\u00eda estado activo en Sant Just Desvern entre 2017 y 2021, particularmente durante el periodo del refer\u00e9ndum soberanista del 1 de octubre de 2017. Este grupo, conocido localmente como \u00ablos del Casal de Joves\u00bb, estaba compuesto principalmente por j\u00f3venes que se hab\u00edan conocido en el equipo de f\u00fatbol del pueblo y que, en muchos casos, formaban parte de facciones ultra de clubes como el FC Barcelona y el RCD Espanyol. Durante el refer\u00e9ndum, seg\u00fan Aleix, estos individuos se paseaban con banderas espa\u00f1olas por los colegios electorales, generando un ambiente de provocaci\u00f3n y tensi\u00f3n.<\/p>\n<p>La agresi\u00f3n a Aleix marc\u00f3 un punto de inflexi\u00f3n tras a\u00f1os de enfrentamientos entre sectores ideol\u00f3gicos opuestos en la localidad. La sentencia establece que la violencia ejercida por Pau A. P. estuvo motivada por el rechazo a la ideolog\u00eda independentista de la v\u00edctima, lo que llev\u00f3 a la aplicaci\u00f3n del agravante de discriminaci\u00f3n ideol\u00f3gica. Este tipo de agravante, regulado por el art\u00edculo 22 del C\u00f3digo Penal, se reserva para delitos cometidos por motivos racistas, antisemitas, antigitanos o cualquier forma de discriminaci\u00f3n basada en la ideolog\u00eda, religi\u00f3n o creencias de la v\u00edctima.<\/p>\n<h2>La sentencia: multa, indemnizaci\u00f3n y prohibici\u00f3n de acercamiento<\/h2>\n<p>Tras un acuerdo entre la acusaci\u00f3n, la Fiscal\u00eda y la defensa del agresor, la justicia dict\u00f3 una sentencia que condena a Pau A. P. a seis meses de multa a raz\u00f3n de seis euros por d\u00eda, lo que equivale a un total de 1.080 euros. Adem\u00e1s, el agresor deber\u00e1 indemnizar a Aleix con 5.710 euros por las lesiones f\u00edsicas y los da\u00f1os morales sufridos. La sentencia tambi\u00e9n proh\u00edbe a Pau acercarse a menos de 300 metros de la v\u00edctima o contactarla por cualquier medio durante un a\u00f1o.<\/p>\n<p>Si bien la condena representa un reconocimiento judicial de la naturaleza ideol\u00f3gica de la agresi\u00f3n, Aleix y diversos colectivos han expresado su decepci\u00f3n por la respuesta institucional, especialmente por parte del Ayuntamiento de Sant Just Desvern. En 2019, el consistorio, liderado por el PSC, hab\u00eda aprobado una moci\u00f3n antifascista en la que se compromet\u00eda a apoyar a las v\u00edctimas de agresiones motivadas por odio ideol\u00f3gico y a facilitar los medios necesarios para reparar los da\u00f1os f\u00edsicos y morales. Sin embargo, en este caso, el Ayuntamiento decidi\u00f3 no personarse como acusaci\u00f3n, una decisi\u00f3n que Aleix considera una traici\u00f3n a los compromisos adquiridos.<\/p>\n<p>El alcalde, Joan Basaga\u00f1es, justific\u00f3 la decisi\u00f3n argumentando que la moci\u00f3n estaba pensada para casos en los que las v\u00edctimas, por miedo u otras razones, no presentaran denuncia. Sin embargo, esta explicaci\u00f3n ha sido criticada por contradecir la postura de la Fiscal\u00eda, que s\u00ed reconoci\u00f3 el componente ideol\u00f3gico del delito. Para Aleix, la respuesta del consistorio fue \u00abtotalmente insuficiente\u00bb, limit\u00e1ndose a un apoyo verbal inicial sin acciones concretas para respaldar a la v\u00edctima o condenar p\u00fablicamente la violencia ideol\u00f3gica.<\/p>\n<h2>Contexto: la polarizaci\u00f3n en Catalu\u00f1a tras el 1-O<\/h2>\n<p>El caso de Sant Just Desvern no puede entenderse sin considerar el contexto pol\u00edtico y social de Catalu\u00f1a en los \u00faltimos a\u00f1os. Desde el refer\u00e9ndum del 1 de octubre de 2017, la regi\u00f3n ha experimentado una polarizaci\u00f3n creciente entre sectores independentistas y espa\u00f1olistas. Este clima de tensi\u00f3n ha dado lugar a numerosos episodios de violencia, tanto verbal como f\u00edsica, en los que los s\u00edmbolos \u2014como banderas, lazos amarillos o pegatinas\u2014 han actuado como desencadenantes de conflictos.<\/p>\n<p>En 2018, por ejemplo, un hombre fue condenado a dos a\u00f1os de prisi\u00f3n en Barcelona por agredir a una mujer de origen ruso que retiraba lazos amarillos en el parque de la Ciutadella, un acto motivado por prejuicios xen\u00f3fobos e ideol\u00f3gicos. En otro caso, en 2019, un grupo de ultraderechistas atac\u00f3 a un manifestante independentista en el barrio del Eixample, mientras que un ultra fue agredido por antifascistas en el mismo contexto. Estos incidentes reflejan c\u00f3mo la polarizaci\u00f3n pol\u00edtica ha permeado el espacio p\u00fablico, convirtiendo gestos cotidianos, como llevar una bandera o una sudadera, en potenciales motivos de confrontaci\u00f3n.<\/p>\n<p>En Sant Just Desvern, la actividad de grupos espa\u00f1olistas de extrema derecha se intensific\u00f3 tras el 1-O. Seg\u00fan Aleix, los agresores no solo se limitaban a actos de provocaci\u00f3n durante el refer\u00e9ndum, sino que tambi\u00e9n llevaban a cabo acciones intimidatorias, como la colocaci\u00f3n de banderas espa\u00f1olas en espacios p\u00fablicos o la confrontaci\u00f3n directa con activistas independentistas. La falta de una respuesta contundente por parte de las autoridades locales, seg\u00fan el testimonio de la v\u00edctima, permiti\u00f3 que estos grupos operaran con relativa impunidad durante a\u00f1os.<\/p>\n<h2>El papel de los ultras en el conflicto ideol\u00f3gico<\/h2>\n<p>El hecho de que el agresor est\u00e9 identificado como un ultra del RCD Espanyol pone de relieve el papel que los grupos de hinchas radicales han jugado en el contexto de la polarizaci\u00f3n catalana. Aunque los ultras suelen asociarse con la violencia en el \u00e1mbito deportivo, en Catalu\u00f1a han encontrado un espacio para canalizar posturas pol\u00edticas extremas, especialmente en el caso de los sectores espa\u00f1olistas. Grupos como los ultras del Espanyol o del Bar\u00e7a han sido se\u00f1alados en m\u00faltiples ocasiones por su participaci\u00f3n en actos de violencia ideol\u00f3gica, desde agresiones f\u00edsicas hasta la intimidaci\u00f3n de activistas.<\/p>\n<p>En este sentido, el caso de Pau A. P. no es un fen\u00f3meno aislado, sino parte de una din\u00e1mica m\u00e1s amplia en la que los grupos ultras han actuado como agentes de confrontaci\u00f3n en el conflicto pol\u00edtico catal\u00e1n. La sentencia, al incluir el agravante de discriminaci\u00f3n ideol\u00f3gica, reconoce expl\u00edcitamente que la agresi\u00f3n no fue un simple altercado, sino un acto motivado por el odio hacia las creencias pol\u00edticas de la v\u00edctima. Este precedente judicial podr\u00eda tener implicaciones significativas para futuros casos similares, especialmente en un momento en que los delitos de odio han aumentado en Catalu\u00f1a. En 2021, los Mossos d&#8217;Esquadra registraron un incremento del 26% en las denuncias por delitos de odio y discriminaci\u00f3n en comparaci\u00f3n con el a\u00f1o anterior.<\/p>\n<h2>Reacciones y cr\u00edticas a la respuesta institucional<\/h2>\n<p>La condena de Pau A. P. ha generado reacciones encontradas. Por un lado, la sentencia ha sido vista como un paso adelante en la lucha contra la violencia ideol\u00f3gica, al reconocer expl\u00edcitamente el componente discriminatorio del delito. Sin embargo, tanto Aleix como diversos colectivos antifascistas han criticado la tibieza de la respuesta institucional, especialmente por parte del Ayuntamiento de Sant Just Desvern. La decisi\u00f3n de no personarse como acusaci\u00f3n, a pesar de la moci\u00f3n antifascista de 2019, ha sido interpretada como una falta de compromiso con las v\u00edctimas de la violencia ideol\u00f3gica.<\/p>\n<p>Adem\u00e1s, algunos sectores han se\u00f1alado que la multa de 1.080 euros y la indemnizaci\u00f3n de 5.710 euros son insuficientes en comparaci\u00f3n con la gravedad de las lesiones f\u00edsicas y el impacto psicol\u00f3gico sufrido por la v\u00edctima. Aleix, en declaraciones a <em>La Directa<\/em>, expres\u00f3 su frustraci\u00f3n por la falta de apoyo institucional y la sensaci\u00f3n de que las autoridades locales minimizaron el componente ideol\u00f3gico del ataque.<\/p>\n<h2>Implicaciones para el futuro<\/h2>\n<p>La condena de Pau A. P. representa un hito en la judicializaci\u00f3n de los delitos de odio motivados por la ideolog\u00eda en Catalu\u00f1a. Sin embargo, tambi\u00e9n pone de manifiesto los desaf\u00edos pendientes en la lucha contra la polarizaci\u00f3n y la violencia. La falta de una respuesta institucional clara y contundente, tanto a nivel local como auton\u00f3mico, ha alimentado la percepci\u00f3n de que las v\u00edctimas de agresiones ideol\u00f3gicas no siempre reciben el apoyo necesario.<\/p>\n<p>En un contexto en el que la ley de amnist\u00eda, aprobada en 2024, busca la reconciliaci\u00f3n social tras a\u00f1os de conflicto pol\u00edtico, casos como el de Sant Just Desvern plantean preguntas sobre c\u00f3mo abordar los actos de violencia cometidos por sectores de \u00abideolog\u00eda antag\u00f3nica\u00bb. Algunos abogados han argumentado que la amnist\u00eda deber\u00eda aplicarse tambi\u00e9n a agresores de extrema derecha para garantizar la igualdad y promover la reconciliaci\u00f3n, aunque esta propuesta sigue siendo objeto de debate.<\/p>\n<p>En conclusi\u00f3n, la condena a un ultra del Espanyol por agredir a un independentista catal\u00e1n en Sant Just Desvern no solo refleja las profundas divisiones ideol\u00f3gicas en Catalu\u00f1a, sino que tambi\u00e9n subraya la necesidad de una respuesta institucional m\u00e1s s\u00f3lida frente a la violencia motivada por el odio. Mientras las heridas del conflicto pol\u00edtico siguen abiertas, casos como este recuerdan la importancia de abordar las causas estructurales de la polarizaci\u00f3n para construir una convivencia pac\u00edfica en la regi\u00f3n.<\/p>","protected":false},"excerpt":{"rendered":"<p>En un caso que ha reavivado el debate sobre la polarizaci\u00f3n ideol\u00f3gica en Catalu\u00f1a, un joven de 28 a\u00f1os, identificado como Pau A. P., ha sido condenado por el Juzgado Penal n\u00famero 4 de Barcelona por agredir a Aleix Abadia Huguet, un independentista catal\u00e1n, en Sant Just Desvern en mayo [&hellip;]<\/p>\n","protected":false},"author":3,"featured_media":65941,"comment_status":"closed","ping_status":"closed","sticky":false,"template":"","format":"standard","meta":{"footnotes":""},"categories":[59],"tags":[],"class_list":["post-65940","post","type-post","status-publish","format-standard","has-post-thumbnail","hentry","category-catalunya"],"yoast_head":"<!-- This site is optimized with the Yoast SEO plugin v27.5 - https:\/\/yoast.com\/product\/yoast-seo-wordpress\/ -->\n<title>Condena a un ultra del Espanyol por agresi\u00f3n ideol\u00f3gica en Sant Just Desvern - Revista Rambla<\/title>\n<meta name=\"robots\" content=\"index, follow, max-snippet:-1, max-image-preview:large, max-video-preview:-1\" \/>\n<link rel=\"canonical\" href=\"https:\/\/www.revistarambla.com\/en\/condena-a-un-ultra-del-espanyol-por-agresion-ideologica-en-sant-just-desvern\/\" \/>\n<meta property=\"og:locale\" content=\"en_GB\" \/>\n<meta property=\"og:type\" content=\"article\" \/>\n<meta property=\"og:title\" content=\"Condena a un ultra del Espanyol por agresi\u00f3n ideol\u00f3gica en Sant Just Desvern - Revista Rambla\" \/>\n<meta property=\"og:description\" content=\"En un caso que ha reavivado el debate sobre la polarizaci\u00f3n ideol\u00f3gica en Catalu\u00f1a, un joven de 28 a\u00f1os, identificado como Pau A. P., ha sido condenado por el Juzgado Penal n\u00famero 4 de Barcelona por agredir a Aleix Abadia Huguet, un independentista catal\u00e1n, en Sant Just Desvern en mayo [&hellip;]\" \/>\n<meta property=\"og:url\" content=\"https:\/\/www.revistarambla.com\/en\/condena-a-un-ultra-del-espanyol-por-agresion-ideologica-en-sant-just-desvern\/\" \/>\n<meta property=\"og:site_name\" content=\"Revista Rambla\" \/>\n<meta property=\"article:publisher\" content=\"https:\/\/www.facebook.com\/revistarambla\/\" \/>\n<meta property=\"article:author\" content=\"https:\/\/www.facebook.com\/revistarambla\" \/>\n<meta property=\"article:published_time\" content=\"2025-08-02T09:32:21+00:00\" \/>\n<meta property=\"og:image\" content=\"https:\/\/www.revistarambla.com\/wp-content\/uploads\/2025\/08\/agresion-sant-just-desvern.jpg\" \/>\n\t<meta property=\"og:image:width\" content=\"1024\" \/>\n\t<meta property=\"og:image:height\" content=\"576\" \/>\n\t<meta property=\"og:image:type\" content=\"image\/jpeg\" \/>\n<meta name=\"author\" content=\"R@mbla\" \/>\n<meta name=\"twitter:card\" content=\"summary_large_image\" \/>\n<meta name=\"twitter:creator\" content=\"@revistarambla\" \/>\n<meta name=\"twitter:site\" content=\"@revistarambla\" \/>\n<meta name=\"twitter:label1\" content=\"Written by\" \/>\n\t<meta name=\"twitter:data1\" content=\"R@mbla\" \/>\n\t<meta name=\"twitter:label2\" content=\"Estimated reading time\" \/>\n\t<meta name=\"twitter:data2\" content=\"8 minutes\" \/>\n<script type=\"application\/ld+json\" class=\"yoast-schema-graph\">{\"@context\":\"https:\\\/\\\/schema.org\",\"@graph\":[{\"@type\":\"Article\",\"@id\":\"https:\\\/\\\/www.revistarambla.com\\\/condena-a-un-ultra-del-espanyol-por-agresion-ideologica-en-sant-just-desvern\\\/#article\",\"isPartOf\":{\"@id\":\"https:\\\/\\\/www.revistarambla.com\\\/condena-a-un-ultra-del-espanyol-por-agresion-ideologica-en-sant-just-desvern\\\/\"},\"author\":{\"name\":\"R@mbla\",\"@id\":\"https:\\\/\\\/www.revistarambla.com\\\/#\\\/schema\\\/person\\\/a146a5a2550b94981a75131180e1bd9c\"},\"headline\":\"Condena a un ultra del Espanyol por agresi\u00f3n ideol\u00f3gica en Sant Just Desvern\",\"datePublished\":\"2025-08-02T09:32:21+00:00\",\"mainEntityOfPage\":{\"@id\":\"https:\\\/\\\/www.revistarambla.com\\\/condena-a-un-ultra-del-espanyol-por-agresion-ideologica-en-sant-just-desvern\\\/\"},\"wordCount\":1779,\"publisher\":{\"@id\":\"https:\\\/\\\/www.revistarambla.com\\\/#organization\"},\"image\":{\"@id\":\"https:\\\/\\\/www.revistarambla.com\\\/condena-a-un-ultra-del-espanyol-por-agresion-ideologica-en-sant-just-desvern\\\/#primaryimage\"},\"thumbnailUrl\":\"https:\\\/\\\/www.revistarambla.com\\\/wp-content\\\/uploads\\\/2025\\\/08\\\/agresion-sant-just-desvern.jpg\",\"articleSection\":[\"Catalunya\"],\"inLanguage\":\"en-GB\"},{\"@type\":\"WebPage\",\"@id\":\"https:\\\/\\\/www.revistarambla.com\\\/condena-a-un-ultra-del-espanyol-por-agresion-ideologica-en-sant-just-desvern\\\/\",\"url\":\"https:\\\/\\\/www.revistarambla.com\\\/condena-a-un-ultra-del-espanyol-por-agresion-ideologica-en-sant-just-desvern\\\/\",\"name\":\"Condena a un ultra del Espanyol por agresi\u00f3n ideol\u00f3gica en Sant Just Desvern - Revista Rambla\",\"isPartOf\":{\"@id\":\"https:\\\/\\\/www.revistarambla.com\\\/#website\"},\"primaryImageOfPage\":{\"@id\":\"https:\\\/\\\/www.revistarambla.com\\\/condena-a-un-ultra-del-espanyol-por-agresion-ideologica-en-sant-just-desvern\\\/#primaryimage\"},\"image\":{\"@id\":\"https:\\\/\\\/www.revistarambla.com\\\/condena-a-un-ultra-del-espanyol-por-agresion-ideologica-en-sant-just-desvern\\\/#primaryimage\"},\"thumbnailUrl\":\"https:\\\/\\\/www.revistarambla.com\\\/wp-content\\\/uploads\\\/2025\\\/08\\\/agresion-sant-just-desvern.jpg\",\"datePublished\":\"2025-08-02T09:32:21+00:00\",\"breadcrumb\":{\"@id\":\"https:\\\/\\\/www.revistarambla.com\\\/condena-a-un-ultra-del-espanyol-por-agresion-ideologica-en-sant-just-desvern\\\/#breadcrumb\"},\"inLanguage\":\"en-GB\",\"potentialAction\":[{\"@type\":\"ReadAction\",\"target\":[\"https:\\\/\\\/www.revistarambla.com\\\/condena-a-un-ultra-del-espanyol-por-agresion-ideologica-en-sant-just-desvern\\\/\"]}]},{\"@type\":\"ImageObject\",\"inLanguage\":\"en-GB\",\"@id\":\"https:\\\/\\\/www.revistarambla.com\\\/condena-a-un-ultra-del-espanyol-por-agresion-ideologica-en-sant-just-desvern\\\/#primaryimage\",\"url\":\"https:\\\/\\\/www.revistarambla.com\\\/wp-content\\\/uploads\\\/2025\\\/08\\\/agresion-sant-just-desvern.jpg\",\"contentUrl\":\"https:\\\/\\\/www.revistarambla.com\\\/wp-content\\\/uploads\\\/2025\\\/08\\\/agresion-sant-just-desvern.jpg\",\"width\":1024,\"height\":576,\"caption\":\"agresi\u00f3n sant just d'esvern\"},{\"@type\":\"BreadcrumbList\",\"@id\":\"https:\\\/\\\/www.revistarambla.com\\\/condena-a-un-ultra-del-espanyol-por-agresion-ideologica-en-sant-just-desvern\\\/#breadcrumb\",\"itemListElement\":[{\"@type\":\"ListItem\",\"position\":1,\"name\":\"Portada\",\"item\":\"https:\\\/\\\/www.revistarambla.com\\\/\"},{\"@type\":\"ListItem\",\"position\":2,\"name\":\"Condena a un ultra del Espanyol por agresi\u00f3n ideol\u00f3gica en Sant Just Desvern\"}]},{\"@type\":\"WebSite\",\"@id\":\"https:\\\/\\\/www.revistarambla.com\\\/#website\",\"url\":\"https:\\\/\\\/www.revistarambla.com\\\/\",\"name\":\"Revista Rambla Barcelona\",\"description\":\"Periodismo independiente\",\"publisher\":{\"@id\":\"https:\\\/\\\/www.revistarambla.com\\\/#organization\"},\"potentialAction\":[{\"@type\":\"SearchAction\",\"target\":{\"@type\":\"EntryPoint\",\"urlTemplate\":\"https:\\\/\\\/www.revistarambla.com\\\/?s={search_term_string}\"},\"query-input\":{\"@type\":\"PropertyValueSpecification\",\"valueRequired\":true,\"valueName\":\"search_term_string\"}}],\"inLanguage\":\"en-GB\"},{\"@type\":\"Organization\",\"@id\":\"https:\\\/\\\/www.revistarambla.com\\\/#organization\",\"name\":\"Revista Rambla\",\"url\":\"https:\\\/\\\/www.revistarambla.com\\\/\",\"logo\":{\"@type\":\"ImageObject\",\"inLanguage\":\"en-GB\",\"@id\":\"https:\\\/\\\/www.revistarambla.com\\\/#\\\/schema\\\/logo\\\/image\\\/\",\"url\":\"https:\\\/\\\/www.revistarambla.com\\\/wp-content\\\/uploads\\\/2020\\\/09\\\/banner_rambla_1900x600_BB.png\",\"contentUrl\":\"https:\\\/\\\/www.revistarambla.com\\\/wp-content\\\/uploads\\\/2020\\\/09\\\/banner_rambla_1900x600_BB.png\",\"width\":1900,\"height\":600,\"caption\":\"Revista Rambla\"},\"image\":{\"@id\":\"https:\\\/\\\/www.revistarambla.com\\\/#\\\/schema\\\/logo\\\/image\\\/\"},\"sameAs\":[\"https:\\\/\\\/www.facebook.com\\\/revistarambla\\\/\",\"https:\\\/\\\/x.com\\\/revistarambla\",\"https:\\\/\\\/www.instagram.com\\\/revista_rambla\",\"https:\\\/\\\/es.linkedin.com\\\/company\\\/revista-rambla\"]},{\"@type\":\"Person\",\"@id\":\"https:\\\/\\\/www.revistarambla.com\\\/#\\\/schema\\\/person\\\/a146a5a2550b94981a75131180e1bd9c\",\"name\":\"R@mbla\",\"description\":\"Este art\u00edculo ha sido redactado y\\\/o validado por el equipo de redacci\u00f3n de Revista Rambla.\",\"sameAs\":[\"https:\\\/\\\/www.revistarambla.com\\\/\",\"https:\\\/\\\/www.facebook.com\\\/revistarambla\",\"https:\\\/\\\/x.com\\\/revistarambla\"]}]}<\/script>\n<!-- \/ Yoast SEO plugin. -->","yoast_head_json":{"title":"Condena a un ultra del Espanyol por agresi\u00f3n ideol\u00f3gica en Sant Just Desvern - Revista Rambla","robots":{"index":"index","follow":"follow","max-snippet":"max-snippet:-1","max-image-preview":"max-image-preview:large","max-video-preview":"max-video-preview:-1"},"canonical":"https:\/\/www.revistarambla.com\/en\/condena-a-un-ultra-del-espanyol-por-agresion-ideologica-en-sant-just-desvern\/","og_locale":"en_GB","og_type":"article","og_title":"Condena a un ultra del Espanyol por agresi\u00f3n ideol\u00f3gica en Sant Just Desvern - Revista Rambla","og_description":"En un caso que ha reavivado el debate sobre la polarizaci\u00f3n ideol\u00f3gica en Catalu\u00f1a, un joven de 28 a\u00f1os, identificado como Pau A. P., ha sido condenado por el Juzgado Penal n\u00famero 4 de Barcelona por agredir a Aleix Abadia Huguet, un independentista catal\u00e1n, en Sant Just Desvern en mayo [&hellip;]","og_url":"https:\/\/www.revistarambla.com\/en\/condena-a-un-ultra-del-espanyol-por-agresion-ideologica-en-sant-just-desvern\/","og_site_name":"Revista Rambla","article_publisher":"https:\/\/www.facebook.com\/revistarambla\/","article_author":"https:\/\/www.facebook.com\/revistarambla","article_published_time":"2025-08-02T09:32:21+00:00","og_image":[{"width":1024,"height":576,"url":"https:\/\/www.revistarambla.com\/wp-content\/uploads\/2025\/08\/agresion-sant-just-desvern.jpg","type":"image\/jpeg"}],"author":"R@mbla","twitter_card":"summary_large_image","twitter_creator":"@revistarambla","twitter_site":"@revistarambla","twitter_misc":{"Written by":"R@mbla","Estimated reading time":"8 minutes"},"schema":{"@context":"https:\/\/schema.org","@graph":[{"@type":"Article","@id":"https:\/\/www.revistarambla.com\/condena-a-un-ultra-del-espanyol-por-agresion-ideologica-en-sant-just-desvern\/#article","isPartOf":{"@id":"https:\/\/www.revistarambla.com\/condena-a-un-ultra-del-espanyol-por-agresion-ideologica-en-sant-just-desvern\/"},"author":{"name":"R@mbla","@id":"https:\/\/www.revistarambla.com\/#\/schema\/person\/a146a5a2550b94981a75131180e1bd9c"},"headline":"Condena a un ultra del Espanyol por agresi\u00f3n ideol\u00f3gica en Sant Just Desvern","datePublished":"2025-08-02T09:32:21+00:00","mainEntityOfPage":{"@id":"https:\/\/www.revistarambla.com\/condena-a-un-ultra-del-espanyol-por-agresion-ideologica-en-sant-just-desvern\/"},"wordCount":1779,"publisher":{"@id":"https:\/\/www.revistarambla.com\/#organization"},"image":{"@id":"https:\/\/www.revistarambla.com\/condena-a-un-ultra-del-espanyol-por-agresion-ideologica-en-sant-just-desvern\/#primaryimage"},"thumbnailUrl":"https:\/\/www.revistarambla.com\/wp-content\/uploads\/2025\/08\/agresion-sant-just-desvern.jpg","articleSection":["Catalunya"],"inLanguage":"en-GB"},{"@type":"WebPage","@id":"https:\/\/www.revistarambla.com\/condena-a-un-ultra-del-espanyol-por-agresion-ideologica-en-sant-just-desvern\/","url":"https:\/\/www.revistarambla.com\/condena-a-un-ultra-del-espanyol-por-agresion-ideologica-en-sant-just-desvern\/","name":"Condena a un ultra del Espanyol por agresi\u00f3n ideol\u00f3gica en Sant Just Desvern - Revista Rambla","isPartOf":{"@id":"https:\/\/www.revistarambla.com\/#website"},"primaryImageOfPage":{"@id":"https:\/\/www.revistarambla.com\/condena-a-un-ultra-del-espanyol-por-agresion-ideologica-en-sant-just-desvern\/#primaryimage"},"image":{"@id":"https:\/\/www.revistarambla.com\/condena-a-un-ultra-del-espanyol-por-agresion-ideologica-en-sant-just-desvern\/#primaryimage"},"thumbnailUrl":"https:\/\/www.revistarambla.com\/wp-content\/uploads\/2025\/08\/agresion-sant-just-desvern.jpg","datePublished":"2025-08-02T09:32:21+00:00","breadcrumb":{"@id":"https:\/\/www.revistarambla.com\/condena-a-un-ultra-del-espanyol-por-agresion-ideologica-en-sant-just-desvern\/#breadcrumb"},"inLanguage":"en-GB","potentialAction":[{"@type":"ReadAction","target":["https:\/\/www.revistarambla.com\/condena-a-un-ultra-del-espanyol-por-agresion-ideologica-en-sant-just-desvern\/"]}]},{"@type":"ImageObject","inLanguage":"en-GB","@id":"https:\/\/www.revistarambla.com\/condena-a-un-ultra-del-espanyol-por-agresion-ideologica-en-sant-just-desvern\/#primaryimage","url":"https:\/\/www.revistarambla.com\/wp-content\/uploads\/2025\/08\/agresion-sant-just-desvern.jpg","contentUrl":"https:\/\/www.revistarambla.com\/wp-content\/uploads\/2025\/08\/agresion-sant-just-desvern.jpg","width":1024,"height":576,"caption":"agresi\u00f3n sant just d'esvern"},{"@type":"BreadcrumbList","@id":"https:\/\/www.revistarambla.com\/condena-a-un-ultra-del-espanyol-por-agresion-ideologica-en-sant-just-desvern\/#breadcrumb","itemListElement":[{"@type":"ListItem","position":1,"name":"Portada","item":"https:\/\/www.revistarambla.com\/"},{"@type":"ListItem","position":2,"name":"Condena a un ultra del Espanyol por agresi\u00f3n ideol\u00f3gica en Sant Just Desvern"}]},{"@type":"WebSite","@id":"https:\/\/www.revistarambla.com\/#website","url":"https:\/\/www.revistarambla.com\/","name":"Revista Rambla Barcelona","description":"Periodismo independiente","publisher":{"@id":"https:\/\/www.revistarambla.com\/#organization"},"potentialAction":[{"@type":"SearchAction","target":{"@type":"EntryPoint","urlTemplate":"https:\/\/www.revistarambla.com\/?s={search_term_string}"},"query-input":{"@type":"PropertyValueSpecification","valueRequired":true,"valueName":"search_term_string"}}],"inLanguage":"en-GB"},{"@type":"Organization","@id":"https:\/\/www.revistarambla.com\/#organization","name":"Revista Rambla","url":"https:\/\/www.revistarambla.com\/","logo":{"@type":"ImageObject","inLanguage":"en-GB","@id":"https:\/\/www.revistarambla.com\/#\/schema\/logo\/image\/","url":"https:\/\/www.revistarambla.com\/wp-content\/uploads\/2020\/09\/banner_rambla_1900x600_BB.png","contentUrl":"https:\/\/www.revistarambla.com\/wp-content\/uploads\/2020\/09\/banner_rambla_1900x600_BB.png","width":1900,"height":600,"caption":"Revista Rambla"},"image":{"@id":"https:\/\/www.revistarambla.com\/#\/schema\/logo\/image\/"},"sameAs":["https:\/\/www.facebook.com\/revistarambla\/","https:\/\/x.com\/revistarambla","https:\/\/www.instagram.com\/revista_rambla","https:\/\/es.linkedin.com\/company\/revista-rambla"]},{"@type":"Person","@id":"https:\/\/www.revistarambla.com\/#\/schema\/person\/a146a5a2550b94981a75131180e1bd9c","name":"R@mbla","description":"Este art\u00edculo ha sido redactado y\/o validado por el equipo de redacci\u00f3n de Revista Rambla.","sameAs":["https:\/\/www.revistarambla.com\/","https:\/\/www.facebook.com\/revistarambla","https:\/\/x.com\/revistarambla"]}]}},"_links":{"self":[{"href":"https:\/\/www.revistarambla.com\/en\/wp-json\/wp\/v2\/posts\/65940","targetHints":{"allow":["GET"]}}],"collection":[{"href":"https:\/\/www.revistarambla.com\/en\/wp-json\/wp\/v2\/posts"}],"about":[{"href":"https:\/\/www.revistarambla.com\/en\/wp-json\/wp\/v2\/types\/post"}],"author":[{"embeddable":true,"href":"https:\/\/www.revistarambla.com\/en\/wp-json\/wp\/v2\/users\/3"}],"replies":[{"embeddable":true,"href":"https:\/\/www.revistarambla.com\/en\/wp-json\/wp\/v2\/comments?post=65940"}],"version-history":[{"count":1,"href":"https:\/\/www.revistarambla.com\/en\/wp-json\/wp\/v2\/posts\/65940\/revisions"}],"predecessor-version":[{"id":65942,"href":"https:\/\/www.revistarambla.com\/en\/wp-json\/wp\/v2\/posts\/65940\/revisions\/65942"}],"wp:featuredmedia":[{"embeddable":true,"href":"https:\/\/www.revistarambla.com\/en\/wp-json\/wp\/v2\/media\/65941"}],"wp:attachment":[{"href":"https:\/\/www.revistarambla.com\/en\/wp-json\/wp\/v2\/media?parent=65940"}],"wp:term":[{"taxonomy":"category","embeddable":true,"href":"https:\/\/www.revistarambla.com\/en\/wp-json\/wp\/v2\/categories?post=65940"},{"taxonomy":"post_tag","embeddable":true,"href":"https:\/\/www.revistarambla.com\/en\/wp-json\/wp\/v2\/tags?post=65940"}],"curies":[{"name":"wp","href":"https:\/\/api.w.org\/{rel}","templated":true}]}}