{"id":65937,"date":"2025-08-02T11:26:35","date_gmt":"2025-08-02T09:26:35","guid":{"rendered":"https:\/\/www.revistarambla.com\/?p=65937"},"modified":"2025-08-02T11:26:35","modified_gmt":"2025-08-02T09:26:35","slug":"colectivos-antirracistas-exigen-justicia-por-la-muerte-de-mahamedi-en-montornes-del-valles","status":"publish","type":"post","link":"https:\/\/www.revistarambla.com\/en\/colectivos-antirracistas-exigen-justicia-por-la-muerte-de-mahamedi-en-montornes-del-valles\/","title":{"rendered":"Colectivos antirracistas exigen justicia por la muerte de Mahamedi en Montorn\u00e8s del Vall\u00e8s"},"content":{"rendered":"<p>El pasado 24 de julio de 2025, un joven de 22 a\u00f1os, Mahamedi, perdi\u00f3 la vida en la comisar\u00eda de la Polic\u00eda Local de Montorn\u00e8s del Vall\u00e8s, en la comarca del Vall\u00e8s Oriental (Barcelona), tras ser abatido por disparos de un agente. Seg\u00fan la versi\u00f3n oficial, Mahamedi, hijo de padres gambianos y nacido en Catalunya, irrumpi\u00f3 en la comisar\u00eda armado con un cuchillo, lo que llev\u00f3 a un agente a dispararle, resultando tambi\u00e9n herido otro polic\u00eda. Sin embargo, colectivos antirracistas y organizaciones sociales han cuestionado esta narrativa, denunciando un nuevo episodio de racismo institucional y exigiendo una investigaci\u00f3n transparente para esclarecer los hechos y depurar responsabilidades.<\/p>\n<h2>Los Hechos Seg\u00fan la Versi\u00f3n Oficial<\/h2>\n<p>El incidente ocurri\u00f3 alrededor de las 21:30 horas del viernes 24 de julio, cuando Mahamedi, descrito por la polic\u00eda como un joven de entre 20 y 25 a\u00f1os, ingres\u00f3 a la comisar\u00eda de Montorn\u00e8s del Vall\u00e8s presuntamente armado con un cuchillo. Seg\u00fan el comunicado del Ayuntamiento de Montorn\u00e8s, un agente abri\u00f3 fuego para repeler la amenaza, causando la muerte inmediata de Mahamedi. Durante la acci\u00f3n, un disparo rebotado hiri\u00f3 gravemente a otro agente en el t\u00f3rax, quien fue trasladado al Hospital de Sant Pau en estado cr\u00edtico pero estable. Los Mossos d\u2019Esquadra, encargados de la investigaci\u00f3n a trav\u00e9s de su Divisi\u00f3n de Investigaci\u00f3n Criminal (DIC), han descartado el m\u00f3vil terrorista, aunque no han proporcionado detalles adicionales sobre las circunstancias del suceso.<\/p>\n<p>El comunicado institucional del Ayuntamiento, emitido en redes sociales, describi\u00f3 el evento como un \u201cincidente\u201d en el que \u201cun hombre armado\u201d fue \u201cabatido\u201d tras entrar en la comisar\u00eda, omitiendo informaci\u00f3n clave sobre la causa de la muerte y la naturaleza de las heridas. Esta narrativa, respaldada por medios de comunicaci\u00f3n que reprodujeron la versi\u00f3n policial, ha sido criticada por colectivos antirracistas por su car\u00e1cter criminalizador y por deshumanizar a Mahamedi, un vecino conocido en su comunidad como una persona tranquila que trabajaba como repartidor y hab\u00eda jugado en las categor\u00edas inferiores del equipo de f\u00fatbol local.<\/p>\n<h2>La Respuesta de los Colectivos Antirracistas<\/h2>\n<p>Colectivos antirracistas, incluyendo SOS Racisme y otras organizaciones sociales, han emitido comunicados contundentes exigiendo verdad, justicia y reparaci\u00f3n para Mahamedi y su familia. En su declaraci\u00f3n, han se\u00f1alado que la muerte del joven no es un hecho aislado, sino parte de una \u201cmaquinaria de persecuci\u00f3n y criminalizaci\u00f3n\u201d contra las comunidades migrantes y racializadas en Espa\u00f1a, incluyendo Catalunya. Estas organizaciones han cuestionado la opacidad de las autoridades y la falta de rigor period\u00edstico en la cobertura del caso, que ha priorizado la versi\u00f3n policial sin contrastar los hechos.<\/p>\n<p>Entre las principales demandas de los colectivos se encuentran:<\/p>\n<ol>\n<li><strong>Esclarecimiento de los hechos<\/strong>: Exigen una investigaci\u00f3n independiente que detalle las circunstancias de la muerte, incluyendo el n\u00famero de disparos, las zonas del cuerpo impactadas y las razones por las cuales se utiliz\u00f3 un arma de fuego en lugar de m\u00e9todos de contenci\u00f3n no letales.<\/li>\n<li><strong>Responsabilidades policiales<\/strong>: Cuestionan por qu\u00e9 un agente en pr\u00e1cticas, armado \u00fanicamente con un arma de fuego, fue el encargado de enfrentar la situaci\u00f3n, y por qu\u00e9 no se emplearon t\u00e1cticas de desescalamiento o contenci\u00f3n alternativa.<\/li>\n<li><strong>Trato digno a la familia<\/strong>: Denuncian que las autoridades no informaron a la familia de Mahamedi de manera inmediata y respetuosa, sino que realizaron preguntas en su domicilio sin comunicar el fallecimiento.<\/li>\n<li><strong>Rigor period\u00edstico<\/strong>: Piden a los medios de comunicaci\u00f3n que eviten reproducir narrativas criminalizadoras y que contrasten la informaci\u00f3n m\u00e1s all\u00e1 de la versi\u00f3n oficial, especialmente en un contexto de aumento de discursos de odio contra comunidades migrantes y racializadas.<\/li>\n<\/ol>\n<h2>Contexto de Racismo Institucional<\/h2>\n<p>La muerte de Mahamedi se suma a una serie de casos recientes de violencia policial contra personas racializadas en Espa\u00f1a. En 2025, se han registrado incidentes similares, como la muerte de Mamouth Bakhoum en Sevilla, la de Abdoulie Bah en el aeropuerto de Gran Canaria, y el caso de Abderrahim en Torrej\u00f3n de Ardoz. Estos episodios han avivado el debate sobre el racismo estructural en las fuerzas de seguridad y la necesidad de reformar los protocolos de actuaci\u00f3n policial.<\/p>\n<p>Los colectivos antirracistas han destacado que la narrativa oficial en el caso de Mahamedi sigue un patr\u00f3n recurrente: la criminalizaci\u00f3n de la v\u00edctima y la omisi\u00f3n de detalles que permitan entender el contexto completo. Por ejemplo, el comunicado del Ayuntamiento de Montorn\u00e8s se refiri\u00f3 a Mahamedi como \u201cun hombre armado\u201d sin mencionar su identidad ni su arraigo en la comunidad, contribuyendo a su deshumanizaci\u00f3n. Asimismo, la falta de comunicaci\u00f3n adecuada con la familia refleja una insensibilidad institucional que agrava el dolor de los seres queridos.<\/p>\n<p>El caso tambi\u00e9n ha puesto en evidencia las condiciones de las comisar\u00edas en municipios peque\u00f1os. Seg\u00fan informes, en el momento del incidente, solo tres agentes estaban de servicio en Montorn\u00e8s, y solo uno, un agente en pr\u00e1cticas, estaba armado. Esta situaci\u00f3n plantea preguntas sobre la preparaci\u00f3n y los recursos disponibles para manejar crisis en comisar\u00edas locales, as\u00ed como sobre la formaci\u00f3n de los agentes en t\u00e9cnicas de contenci\u00f3n no letales.<\/p>\n<h2>Reacciones de la Comunidad<\/h2>\n<p>La muerte de Mahamedi ha generado una profunda conmoci\u00f3n en Montorn\u00e8s del Vall\u00e8s, una localidad de clase trabajadora con una significativa poblaci\u00f3n migrante. Vecinos han descrito a Mahamedi como una persona tranquila y conocida, que viv\u00eda en el barrio de Montorn\u00e8s Nord y trabajaba como repartidor para una empresa en l\u00ednea. Su arraigo en la comunidad, donde tambi\u00e9n jug\u00f3 f\u00fatbol en las categor\u00edas inferiores, contrasta con la narrativa oficial que lo presenta como una amenaza.<\/p>\n<p>La indignaci\u00f3n por el suceso llev\u00f3 a protestas en la localidad, con incidentes reportados la noche del 29 de julio, cuando amigos de Mahamedi presuntamente quemaron contenedores y veh\u00edculos en respuesta a la actuaci\u00f3n policial. Un joven de 18 a\u00f1os fue detenido en relaci\u00f3n con estos hechos, lo que refleja la tensi\u00f3n en la comunidad y la falta de canales institucionales para canalizar el dolor y la demanda de justicia.<\/p>\n<p>El alcalde, Jos\u00e9 Antonio Montero Dom\u00ednguez, ha evitado pronunciarse sobre los hechos, y el Ayuntamiento ha declinado ofrecer explicaciones adicionales, lo que ha sido interpretado como una falta de compromiso para abordar las preocupaciones de la comunidad.<\/p>\n<h2>Implicaciones Legales y Sociales<\/h2>\n<p>La investigaci\u00f3n, liderada por la DIC de los Mossos d\u2019Esquadra, tiene como objetivo esclarecer las circunstancias del suceso, incluyendo la motivaci\u00f3n de Mahamedi y la proporcionalidad de la respuesta policial. Sin embargo, la opacidad inicial y la falta de informaci\u00f3n detallada han generado desconfianza entre los colectivos antirracistas, que temen que el caso quede sin resolver o que se refuerce la narrativa oficial sin un an\u00e1lisis cr\u00edtico.<\/p>\n<p>El uso de armas de fuego en este caso plantea interrogantes sobre los protocolos de actuaci\u00f3n policial. En Espa\u00f1a, el uso de la fuerza letal debe cumplir con principios de necesidad, proporcionalidad y oportunidad, seg\u00fan la Ley Org\u00e1nica 2\/1986 de Fuerzas y Cuerpos de Seguridad. Los colectivos antirracistas argumentan que, en ausencia de una amenaza inminente de muerte, se deber\u00edan haber empleado m\u00e9todos no letales, como tasers o t\u00e9cnicas de desescalamiento, especialmente considerando que el incidente ocurri\u00f3 en una comisar\u00eda, un entorno controlado.<\/p>\n<p>Desde una perspectiva social, el caso de Mahamedi pone de relieve la creciente polarizaci\u00f3n en torno a las comunidades migrantes y racializadas. Los colectivos han advertido sobre el aumento de discursos de odio promovidos por organizaciones de ultraderecha, que contribuyen a la estigmatizaci\u00f3n de estas comunidades. La cobertura medi\u00e1tica, al reproducir la versi\u00f3n policial sin cuestionarla, refuerza estereotipos que perpet\u00faan la criminalizaci\u00f3n de personas racializadas.<\/p>\n<h2>Hacia una Resoluci\u00f3n Justa<\/h2>\n<p>Para avanzar hacia la justicia, los colectivos antirracistas insisten en la necesidad de una investigaci\u00f3n independiente que no dependa exclusivamente de las fuerzas policiales. Proponen la creaci\u00f3n de un organismo externo que supervise los casos de violencia policial, similar a los existentes en otros pa\u00edses europeos, para garantizar la transparencia y la rendici\u00f3n de cuentas. Adem\u00e1s, exigen formaci\u00f3n obligatoria para los agentes en t\u00e9cnicas de desescalamiento y en la lucha contra el racismo estructural.<\/p>\n<p>La familia de Mahamedi, que a\u00fan no ha recibido una comunicaci\u00f3n oficial adecuada, merece un trato digno y respuestas claras. Los colectivos tambi\u00e9n han hecho un llamado a la sociedad para que se solidarice con la familia y apoye las demandas de justicia, evitando la reproducci\u00f3n de narrativas que criminalicen a la v\u00edctima.<\/p>\n<p>La muerte de Mahamedi en la comisar\u00eda de Montorn\u00e8s del Vall\u00e8s es un recordatorio doloroso de los desaf\u00edos que enfrentan las comunidades migrantes y racializadas en Espa\u00f1a. La opacidad institucional, la falta de rigor en la cobertura medi\u00e1tica y el uso de la fuerza letal en circunstancias cuestionables han avivado la indignaci\u00f3n de los colectivos antirracistas, que exigen verdad, justicia y reparaci\u00f3n. Este caso no solo pone en cuesti\u00f3n los protocolos policiales, sino que tambi\u00e9n subraya la necesidad de abordar el racismo institucional como un problema estructural. Mientras la investigaci\u00f3n avanza, la comunidad de Montorn\u00e8s y los colectivos antirracistas contin\u00faan luchando por una sociedad m\u00e1s justa, donde tragedias como esta no se repitan.<\/p>","protected":false},"excerpt":{"rendered":"<p>El pasado 24 de julio de 2025, un joven de 22 a\u00f1os, Mahamedi, perdi\u00f3 la vida en la comisar\u00eda de la Polic\u00eda Local de Montorn\u00e8s del Vall\u00e8s, en la comarca del Vall\u00e8s Oriental (Barcelona), tras ser abatido por disparos de un agente. Seg\u00fan la versi\u00f3n oficial, Mahamedi, hijo de padres [&hellip;]<\/p>\n","protected":false},"author":3,"featured_media":65938,"comment_status":"closed","ping_status":"closed","sticky":false,"template":"","format":"standard","meta":{"footnotes":""},"categories":[59],"tags":[],"class_list":["post-65937","post","type-post","status-publish","format-standard","has-post-thumbnail","hentry","category-catalunya"],"yoast_head":"<!-- This site is optimized with the Yoast SEO plugin v27.5 - https:\/\/yoast.com\/product\/yoast-seo-wordpress\/ -->\n<title>Colectivos antirracistas exigen justicia por la muerte de Mahamedi en Montorn\u00e8s del Vall\u00e8s - Revista Rambla<\/title>\n<meta name=\"robots\" content=\"index, follow, max-snippet:-1, max-image-preview:large, max-video-preview:-1\" \/>\n<link rel=\"canonical\" href=\"https:\/\/www.revistarambla.com\/en\/colectivos-antirracistas-exigen-justicia-por-la-muerte-de-mahamedi-en-montornes-del-valles\/\" \/>\n<meta property=\"og:locale\" content=\"en_GB\" \/>\n<meta property=\"og:type\" content=\"article\" \/>\n<meta property=\"og:title\" content=\"Colectivos antirracistas exigen justicia por la muerte de Mahamedi en Montorn\u00e8s del Vall\u00e8s - Revista Rambla\" \/>\n<meta property=\"og:description\" content=\"El pasado 24 de julio de 2025, un joven de 22 a\u00f1os, Mahamedi, perdi\u00f3 la vida en la comisar\u00eda de la Polic\u00eda Local de Montorn\u00e8s del Vall\u00e8s, en la comarca del Vall\u00e8s Oriental (Barcelona), tras ser abatido por disparos de un agente. Seg\u00fan la versi\u00f3n oficial, Mahamedi, hijo de padres [&hellip;]\" \/>\n<meta property=\"og:url\" content=\"https:\/\/www.revistarambla.com\/en\/colectivos-antirracistas-exigen-justicia-por-la-muerte-de-mahamedi-en-montornes-del-valles\/\" \/>\n<meta property=\"og:site_name\" content=\"Revista Rambla\" \/>\n<meta property=\"article:publisher\" content=\"https:\/\/www.facebook.com\/revistarambla\/\" \/>\n<meta property=\"article:author\" content=\"https:\/\/www.facebook.com\/revistarambla\" \/>\n<meta property=\"article:published_time\" content=\"2025-08-02T09:26:35+00:00\" \/>\n<meta property=\"og:image\" content=\"https:\/\/www.revistarambla.com\/wp-content\/uploads\/2025\/08\/Mahamedi-en-Montornes-del-Valles.jpg\" \/>\n\t<meta property=\"og:image:width\" content=\"800\" \/>\n\t<meta property=\"og:image:height\" content=\"534\" \/>\n\t<meta property=\"og:image:type\" content=\"image\/jpeg\" \/>\n<meta name=\"author\" content=\"R@mbla\" \/>\n<meta name=\"twitter:card\" content=\"summary_large_image\" \/>\n<meta name=\"twitter:creator\" content=\"@revistarambla\" \/>\n<meta name=\"twitter:site\" content=\"@revistarambla\" \/>\n<meta name=\"twitter:label1\" content=\"Written by\" \/>\n\t<meta name=\"twitter:data1\" content=\"R@mbla\" \/>\n\t<meta name=\"twitter:label2\" content=\"Estimated reading time\" \/>\n\t<meta name=\"twitter:data2\" content=\"7 minutes\" \/>\n<script type=\"application\/ld+json\" class=\"yoast-schema-graph\">{\"@context\":\"https:\\\/\\\/schema.org\",\"@graph\":[{\"@type\":\"Article\",\"@id\":\"https:\\\/\\\/www.revistarambla.com\\\/colectivos-antirracistas-exigen-justicia-por-la-muerte-de-mahamedi-en-montornes-del-valles\\\/#article\",\"isPartOf\":{\"@id\":\"https:\\\/\\\/www.revistarambla.com\\\/colectivos-antirracistas-exigen-justicia-por-la-muerte-de-mahamedi-en-montornes-del-valles\\\/\"},\"author\":{\"name\":\"R@mbla\",\"@id\":\"https:\\\/\\\/www.revistarambla.com\\\/#\\\/schema\\\/person\\\/a146a5a2550b94981a75131180e1bd9c\"},\"headline\":\"Colectivos antirracistas exigen justicia por la muerte de Mahamedi en Montorn\u00e8s del Vall\u00e8s\",\"datePublished\":\"2025-08-02T09:26:35+00:00\",\"mainEntityOfPage\":{\"@id\":\"https:\\\/\\\/www.revistarambla.com\\\/colectivos-antirracistas-exigen-justicia-por-la-muerte-de-mahamedi-en-montornes-del-valles\\\/\"},\"wordCount\":1618,\"publisher\":{\"@id\":\"https:\\\/\\\/www.revistarambla.com\\\/#organization\"},\"image\":{\"@id\":\"https:\\\/\\\/www.revistarambla.com\\\/colectivos-antirracistas-exigen-justicia-por-la-muerte-de-mahamedi-en-montornes-del-valles\\\/#primaryimage\"},\"thumbnailUrl\":\"https:\\\/\\\/www.revistarambla.com\\\/wp-content\\\/uploads\\\/2025\\\/08\\\/Mahamedi-en-Montornes-del-Valles.jpg\",\"articleSection\":[\"Catalunya\"],\"inLanguage\":\"en-GB\"},{\"@type\":\"WebPage\",\"@id\":\"https:\\\/\\\/www.revistarambla.com\\\/colectivos-antirracistas-exigen-justicia-por-la-muerte-de-mahamedi-en-montornes-del-valles\\\/\",\"url\":\"https:\\\/\\\/www.revistarambla.com\\\/colectivos-antirracistas-exigen-justicia-por-la-muerte-de-mahamedi-en-montornes-del-valles\\\/\",\"name\":\"Colectivos antirracistas exigen justicia por la muerte de Mahamedi en Montorn\u00e8s del Vall\u00e8s - Revista Rambla\",\"isPartOf\":{\"@id\":\"https:\\\/\\\/www.revistarambla.com\\\/#website\"},\"primaryImageOfPage\":{\"@id\":\"https:\\\/\\\/www.revistarambla.com\\\/colectivos-antirracistas-exigen-justicia-por-la-muerte-de-mahamedi-en-montornes-del-valles\\\/#primaryimage\"},\"image\":{\"@id\":\"https:\\\/\\\/www.revistarambla.com\\\/colectivos-antirracistas-exigen-justicia-por-la-muerte-de-mahamedi-en-montornes-del-valles\\\/#primaryimage\"},\"thumbnailUrl\":\"https:\\\/\\\/www.revistarambla.com\\\/wp-content\\\/uploads\\\/2025\\\/08\\\/Mahamedi-en-Montornes-del-Valles.jpg\",\"datePublished\":\"2025-08-02T09:26:35+00:00\",\"breadcrumb\":{\"@id\":\"https:\\\/\\\/www.revistarambla.com\\\/colectivos-antirracistas-exigen-justicia-por-la-muerte-de-mahamedi-en-montornes-del-valles\\\/#breadcrumb\"},\"inLanguage\":\"en-GB\",\"potentialAction\":[{\"@type\":\"ReadAction\",\"target\":[\"https:\\\/\\\/www.revistarambla.com\\\/colectivos-antirracistas-exigen-justicia-por-la-muerte-de-mahamedi-en-montornes-del-valles\\\/\"]}]},{\"@type\":\"ImageObject\",\"inLanguage\":\"en-GB\",\"@id\":\"https:\\\/\\\/www.revistarambla.com\\\/colectivos-antirracistas-exigen-justicia-por-la-muerte-de-mahamedi-en-montornes-del-valles\\\/#primaryimage\",\"url\":\"https:\\\/\\\/www.revistarambla.com\\\/wp-content\\\/uploads\\\/2025\\\/08\\\/Mahamedi-en-Montornes-del-Valles.jpg\",\"contentUrl\":\"https:\\\/\\\/www.revistarambla.com\\\/wp-content\\\/uploads\\\/2025\\\/08\\\/Mahamedi-en-Montornes-del-Valles.jpg\",\"width\":800,\"height\":534,\"caption\":\"Mahamedi en Montorn\u00e8s del Vall\u00e8s\"},{\"@type\":\"BreadcrumbList\",\"@id\":\"https:\\\/\\\/www.revistarambla.com\\\/colectivos-antirracistas-exigen-justicia-por-la-muerte-de-mahamedi-en-montornes-del-valles\\\/#breadcrumb\",\"itemListElement\":[{\"@type\":\"ListItem\",\"position\":1,\"name\":\"Portada\",\"item\":\"https:\\\/\\\/www.revistarambla.com\\\/\"},{\"@type\":\"ListItem\",\"position\":2,\"name\":\"Colectivos antirracistas exigen justicia por la muerte de Mahamedi en Montorn\u00e8s del Vall\u00e8s\"}]},{\"@type\":\"WebSite\",\"@id\":\"https:\\\/\\\/www.revistarambla.com\\\/#website\",\"url\":\"https:\\\/\\\/www.revistarambla.com\\\/\",\"name\":\"Revista Rambla Barcelona\",\"description\":\"Periodismo independiente\",\"publisher\":{\"@id\":\"https:\\\/\\\/www.revistarambla.com\\\/#organization\"},\"potentialAction\":[{\"@type\":\"SearchAction\",\"target\":{\"@type\":\"EntryPoint\",\"urlTemplate\":\"https:\\\/\\\/www.revistarambla.com\\\/?s={search_term_string}\"},\"query-input\":{\"@type\":\"PropertyValueSpecification\",\"valueRequired\":true,\"valueName\":\"search_term_string\"}}],\"inLanguage\":\"en-GB\"},{\"@type\":\"Organization\",\"@id\":\"https:\\\/\\\/www.revistarambla.com\\\/#organization\",\"name\":\"Revista Rambla\",\"url\":\"https:\\\/\\\/www.revistarambla.com\\\/\",\"logo\":{\"@type\":\"ImageObject\",\"inLanguage\":\"en-GB\",\"@id\":\"https:\\\/\\\/www.revistarambla.com\\\/#\\\/schema\\\/logo\\\/image\\\/\",\"url\":\"https:\\\/\\\/www.revistarambla.com\\\/wp-content\\\/uploads\\\/2020\\\/09\\\/banner_rambla_1900x600_BB.png\",\"contentUrl\":\"https:\\\/\\\/www.revistarambla.com\\\/wp-content\\\/uploads\\\/2020\\\/09\\\/banner_rambla_1900x600_BB.png\",\"width\":1900,\"height\":600,\"caption\":\"Revista Rambla\"},\"image\":{\"@id\":\"https:\\\/\\\/www.revistarambla.com\\\/#\\\/schema\\\/logo\\\/image\\\/\"},\"sameAs\":[\"https:\\\/\\\/www.facebook.com\\\/revistarambla\\\/\",\"https:\\\/\\\/x.com\\\/revistarambla\",\"https:\\\/\\\/www.instagram.com\\\/revista_rambla\",\"https:\\\/\\\/es.linkedin.com\\\/company\\\/revista-rambla\"]},{\"@type\":\"Person\",\"@id\":\"https:\\\/\\\/www.revistarambla.com\\\/#\\\/schema\\\/person\\\/a146a5a2550b94981a75131180e1bd9c\",\"name\":\"R@mbla\",\"description\":\"Este art\u00edculo ha sido redactado y\\\/o validado por el equipo de redacci\u00f3n de Revista Rambla.\",\"sameAs\":[\"https:\\\/\\\/www.revistarambla.com\\\/\",\"https:\\\/\\\/www.facebook.com\\\/revistarambla\",\"https:\\\/\\\/x.com\\\/revistarambla\"]}]}<\/script>\n<!-- \/ Yoast SEO plugin. -->","yoast_head_json":{"title":"Colectivos antirracistas exigen justicia por la muerte de Mahamedi en Montorn\u00e8s del Vall\u00e8s - Revista Rambla","robots":{"index":"index","follow":"follow","max-snippet":"max-snippet:-1","max-image-preview":"max-image-preview:large","max-video-preview":"max-video-preview:-1"},"canonical":"https:\/\/www.revistarambla.com\/en\/colectivos-antirracistas-exigen-justicia-por-la-muerte-de-mahamedi-en-montornes-del-valles\/","og_locale":"en_GB","og_type":"article","og_title":"Colectivos antirracistas exigen justicia por la muerte de Mahamedi en Montorn\u00e8s del Vall\u00e8s - Revista Rambla","og_description":"El pasado 24 de julio de 2025, un joven de 22 a\u00f1os, Mahamedi, perdi\u00f3 la vida en la comisar\u00eda de la Polic\u00eda Local de Montorn\u00e8s del Vall\u00e8s, en la comarca del Vall\u00e8s Oriental (Barcelona), tras ser abatido por disparos de un agente. Seg\u00fan la versi\u00f3n oficial, Mahamedi, hijo de padres [&hellip;]","og_url":"https:\/\/www.revistarambla.com\/en\/colectivos-antirracistas-exigen-justicia-por-la-muerte-de-mahamedi-en-montornes-del-valles\/","og_site_name":"Revista Rambla","article_publisher":"https:\/\/www.facebook.com\/revistarambla\/","article_author":"https:\/\/www.facebook.com\/revistarambla","article_published_time":"2025-08-02T09:26:35+00:00","og_image":[{"width":800,"height":534,"url":"https:\/\/www.revistarambla.com\/wp-content\/uploads\/2025\/08\/Mahamedi-en-Montornes-del-Valles.jpg","type":"image\/jpeg"}],"author":"R@mbla","twitter_card":"summary_large_image","twitter_creator":"@revistarambla","twitter_site":"@revistarambla","twitter_misc":{"Written by":"R@mbla","Estimated reading time":"7 minutes"},"schema":{"@context":"https:\/\/schema.org","@graph":[{"@type":"Article","@id":"https:\/\/www.revistarambla.com\/colectivos-antirracistas-exigen-justicia-por-la-muerte-de-mahamedi-en-montornes-del-valles\/#article","isPartOf":{"@id":"https:\/\/www.revistarambla.com\/colectivos-antirracistas-exigen-justicia-por-la-muerte-de-mahamedi-en-montornes-del-valles\/"},"author":{"name":"R@mbla","@id":"https:\/\/www.revistarambla.com\/#\/schema\/person\/a146a5a2550b94981a75131180e1bd9c"},"headline":"Colectivos antirracistas exigen justicia por la muerte de Mahamedi en Montorn\u00e8s del Vall\u00e8s","datePublished":"2025-08-02T09:26:35+00:00","mainEntityOfPage":{"@id":"https:\/\/www.revistarambla.com\/colectivos-antirracistas-exigen-justicia-por-la-muerte-de-mahamedi-en-montornes-del-valles\/"},"wordCount":1618,"publisher":{"@id":"https:\/\/www.revistarambla.com\/#organization"},"image":{"@id":"https:\/\/www.revistarambla.com\/colectivos-antirracistas-exigen-justicia-por-la-muerte-de-mahamedi-en-montornes-del-valles\/#primaryimage"},"thumbnailUrl":"https:\/\/www.revistarambla.com\/wp-content\/uploads\/2025\/08\/Mahamedi-en-Montornes-del-Valles.jpg","articleSection":["Catalunya"],"inLanguage":"en-GB"},{"@type":"WebPage","@id":"https:\/\/www.revistarambla.com\/colectivos-antirracistas-exigen-justicia-por-la-muerte-de-mahamedi-en-montornes-del-valles\/","url":"https:\/\/www.revistarambla.com\/colectivos-antirracistas-exigen-justicia-por-la-muerte-de-mahamedi-en-montornes-del-valles\/","name":"Colectivos antirracistas exigen justicia por la muerte de Mahamedi en Montorn\u00e8s del Vall\u00e8s - Revista Rambla","isPartOf":{"@id":"https:\/\/www.revistarambla.com\/#website"},"primaryImageOfPage":{"@id":"https:\/\/www.revistarambla.com\/colectivos-antirracistas-exigen-justicia-por-la-muerte-de-mahamedi-en-montornes-del-valles\/#primaryimage"},"image":{"@id":"https:\/\/www.revistarambla.com\/colectivos-antirracistas-exigen-justicia-por-la-muerte-de-mahamedi-en-montornes-del-valles\/#primaryimage"},"thumbnailUrl":"https:\/\/www.revistarambla.com\/wp-content\/uploads\/2025\/08\/Mahamedi-en-Montornes-del-Valles.jpg","datePublished":"2025-08-02T09:26:35+00:00","breadcrumb":{"@id":"https:\/\/www.revistarambla.com\/colectivos-antirracistas-exigen-justicia-por-la-muerte-de-mahamedi-en-montornes-del-valles\/#breadcrumb"},"inLanguage":"en-GB","potentialAction":[{"@type":"ReadAction","target":["https:\/\/www.revistarambla.com\/colectivos-antirracistas-exigen-justicia-por-la-muerte-de-mahamedi-en-montornes-del-valles\/"]}]},{"@type":"ImageObject","inLanguage":"en-GB","@id":"https:\/\/www.revistarambla.com\/colectivos-antirracistas-exigen-justicia-por-la-muerte-de-mahamedi-en-montornes-del-valles\/#primaryimage","url":"https:\/\/www.revistarambla.com\/wp-content\/uploads\/2025\/08\/Mahamedi-en-Montornes-del-Valles.jpg","contentUrl":"https:\/\/www.revistarambla.com\/wp-content\/uploads\/2025\/08\/Mahamedi-en-Montornes-del-Valles.jpg","width":800,"height":534,"caption":"Mahamedi en Montorn\u00e8s del Vall\u00e8s"},{"@type":"BreadcrumbList","@id":"https:\/\/www.revistarambla.com\/colectivos-antirracistas-exigen-justicia-por-la-muerte-de-mahamedi-en-montornes-del-valles\/#breadcrumb","itemListElement":[{"@type":"ListItem","position":1,"name":"Portada","item":"https:\/\/www.revistarambla.com\/"},{"@type":"ListItem","position":2,"name":"Colectivos antirracistas exigen justicia por la muerte de Mahamedi en Montorn\u00e8s del Vall\u00e8s"}]},{"@type":"WebSite","@id":"https:\/\/www.revistarambla.com\/#website","url":"https:\/\/www.revistarambla.com\/","name":"Revista Rambla Barcelona","description":"Periodismo independiente","publisher":{"@id":"https:\/\/www.revistarambla.com\/#organization"},"potentialAction":[{"@type":"SearchAction","target":{"@type":"EntryPoint","urlTemplate":"https:\/\/www.revistarambla.com\/?s={search_term_string}"},"query-input":{"@type":"PropertyValueSpecification","valueRequired":true,"valueName":"search_term_string"}}],"inLanguage":"en-GB"},{"@type":"Organization","@id":"https:\/\/www.revistarambla.com\/#organization","name":"Revista Rambla","url":"https:\/\/www.revistarambla.com\/","logo":{"@type":"ImageObject","inLanguage":"en-GB","@id":"https:\/\/www.revistarambla.com\/#\/schema\/logo\/image\/","url":"https:\/\/www.revistarambla.com\/wp-content\/uploads\/2020\/09\/banner_rambla_1900x600_BB.png","contentUrl":"https:\/\/www.revistarambla.com\/wp-content\/uploads\/2020\/09\/banner_rambla_1900x600_BB.png","width":1900,"height":600,"caption":"Revista Rambla"},"image":{"@id":"https:\/\/www.revistarambla.com\/#\/schema\/logo\/image\/"},"sameAs":["https:\/\/www.facebook.com\/revistarambla\/","https:\/\/x.com\/revistarambla","https:\/\/www.instagram.com\/revista_rambla","https:\/\/es.linkedin.com\/company\/revista-rambla"]},{"@type":"Person","@id":"https:\/\/www.revistarambla.com\/#\/schema\/person\/a146a5a2550b94981a75131180e1bd9c","name":"R@mbla","description":"Este art\u00edculo ha sido redactado y\/o validado por el equipo de redacci\u00f3n de Revista Rambla.","sameAs":["https:\/\/www.revistarambla.com\/","https:\/\/www.facebook.com\/revistarambla","https:\/\/x.com\/revistarambla"]}]}},"_links":{"self":[{"href":"https:\/\/www.revistarambla.com\/en\/wp-json\/wp\/v2\/posts\/65937","targetHints":{"allow":["GET"]}}],"collection":[{"href":"https:\/\/www.revistarambla.com\/en\/wp-json\/wp\/v2\/posts"}],"about":[{"href":"https:\/\/www.revistarambla.com\/en\/wp-json\/wp\/v2\/types\/post"}],"author":[{"embeddable":true,"href":"https:\/\/www.revistarambla.com\/en\/wp-json\/wp\/v2\/users\/3"}],"replies":[{"embeddable":true,"href":"https:\/\/www.revistarambla.com\/en\/wp-json\/wp\/v2\/comments?post=65937"}],"version-history":[{"count":1,"href":"https:\/\/www.revistarambla.com\/en\/wp-json\/wp\/v2\/posts\/65937\/revisions"}],"predecessor-version":[{"id":65939,"href":"https:\/\/www.revistarambla.com\/en\/wp-json\/wp\/v2\/posts\/65937\/revisions\/65939"}],"wp:featuredmedia":[{"embeddable":true,"href":"https:\/\/www.revistarambla.com\/en\/wp-json\/wp\/v2\/media\/65938"}],"wp:attachment":[{"href":"https:\/\/www.revistarambla.com\/en\/wp-json\/wp\/v2\/media?parent=65937"}],"wp:term":[{"taxonomy":"category","embeddable":true,"href":"https:\/\/www.revistarambla.com\/en\/wp-json\/wp\/v2\/categories?post=65937"},{"taxonomy":"post_tag","embeddable":true,"href":"https:\/\/www.revistarambla.com\/en\/wp-json\/wp\/v2\/tags?post=65937"}],"curies":[{"name":"wp","href":"https:\/\/api.w.org\/{rel}","templated":true}]}}