{"id":65934,"date":"2025-08-02T11:21:10","date_gmt":"2025-08-02T09:21:10","guid":{"rendered":"https:\/\/www.revistarambla.com\/?p=65934"},"modified":"2025-08-02T11:21:10","modified_gmt":"2025-08-02T09:21:10","slug":"la-cgt-denuncia-a-zara-por-altas-temperaturas-en-tiendas-de-valencia","status":"publish","type":"post","link":"https:\/\/www.revistarambla.com\/en\/la-cgt-denuncia-a-zara-por-altas-temperaturas-en-tiendas-de-valencia\/","title":{"rendered":"La CGT denuncia a Zara por altas temperaturas en tiendas de Valencia"},"content":{"rendered":"<p>En un verano marcado por olas de calor en toda Espa\u00f1a, la Confederaci\u00f3n General del Trabajo (CGT) de Valencia ha presentado una denuncia formal ante la Inspecci\u00f3n de Trabajo contra Zara, la reconocida cadena de moda perteneciente al grupo Inditex. Seg\u00fan el sindicato, las tiendas de Zara ubicadas en los centros comerciales Arena, Aqua, Bonaire y Nuevo Centro han estado registrando temperaturas superiores a los 30 grados durante m\u00e1s de tres semanas, superando en cinco grados el l\u00edmite m\u00e1ximo estipulado para trabajos en interiores, seg\u00fan el Real Decreto 486\/1997. Esta situaci\u00f3n no solo representa un incumplimiento de la normativa laboral, sino que tambi\u00e9n pone en riesgo la salud de los trabajadores y afecta la experiencia de los clientes.<\/p>\n<p>La denuncia presentada por CGT Valencia se\u00f1ala que las altas temperaturas en las tiendas de Zara en los mencionados centros comerciales se deben principalmente al mal funcionamiento de los sistemas de aire acondicionado. Seg\u00fan el sindicato, los equipos de climatizaci\u00f3n no est\u00e1n operando de manera adecuada, lo que ha llevado a un ambiente laboral insostenible. En algunos casos, se han instalado ventiladores de manera provisional, pero estos solo mueven el aire caliente sin proporcionar refrigeraci\u00f3n efectiva.<\/p>\n<p>El Real Decreto 486\/1997, en su Anexo III, establece que la temperatura en lugares de trabajo cerrados debe mantenerse entre 17 y 25 grados Celsius para garantizar condiciones adecuadas. Las temperaturas registradas en las tiendas de Zara, que superan los 30 grados, representan una clara violaci\u00f3n de esta normativa. Adem\u00e1s, el sindicato ha informado que estas condiciones han causado malestar f\u00edsico a los trabajadores, incluyendo un caso documentado de una empleada que sufri\u00f3 agotamiento y mareos debido al calor excesivo.<\/p>\n<h2>Impacto en la Salud de los Trabajadores<\/h2>\n<p>El Instituto Valenciano de Seguridad y Salud en el Trabajo (INVASAT), organismo cient\u00edfico-t\u00e9cnico de la Generalitat Valenciana, ha advertido que las altas temperaturas en entornos laborales pueden agravar dolencias preexistentes, como problemas respiratorios, cardiovasculares, cut\u00e1neos, gastrointestinales, diabetes, insuficiencia renal y epilepsia. Adem\u00e1s, el calor extremo aumenta la probabilidad de accidentes laborales debido a la fatiga, la deshidrataci\u00f3n y la disminuci\u00f3n de la concentraci\u00f3n.<\/p>\n<p>CGT ha destacado que el calor excesivo no solo afecta a los trabajadores, sino que tambi\u00e9n genera incomodidad entre los clientes. Seg\u00fan el sindicato, los compradores no experimentan el \u00abefecto de sosiego\u00bb esperado al entrar en las tiendas, sino todo lo contrario: la acumulaci\u00f3n de calor crea un ambiente poco acogedor. Esta situaci\u00f3n ha llevado a quejas verbales por parte de los clientes, que han sido atendidas por los propios trabajadores, quienes se encuentran en una posici\u00f3n vulnerable debido a las condiciones laborales.<\/p>\n<p>El caso de la trabajadora que sufri\u00f3 malestar f\u00edsico pone de manifiesto la gravedad del problema. La exposici\u00f3n prolongada a temperaturas elevadas puede provocar deshidrataci\u00f3n, golpes de calor y otros problemas de salud que, en casos extremos, pueden requerir atenci\u00f3n m\u00e9dica. La falta de medidas efectivas por parte de Zara para abordar esta situaci\u00f3n ha sido calificada por CGT como \u00abtotalmente insuficiente\u00bb, lo que ha motivado la denuncia ante la Inspecci\u00f3n de Trabajo.<\/p>\n<h2>Exigencias del Sindicato<\/h2>\n<p>CGT ha instado a los responsables de Zara a implementar una soluci\u00f3n definitiva para garantizar un ambiente laboral seguro y c\u00f3modo. Entre las medidas propuestas, el sindicato exige:<\/p>\n<ol>\n<li><strong>Acceso libre y directo a agua potable<\/strong> para toda la plantilla, asegurando que los trabajadores puedan hidratarse adecuadamente durante su jornada laboral.<\/li>\n<li><strong>Provisi\u00f3n de ropa ligera y adecuada<\/strong> para mitigar los efectos del calor, en lugar de uniformes que puedan contribuir al malestar t\u00e9rmico.<\/li>\n<li><strong>Rotaci\u00f3n frecuente del personal<\/strong> entre diferentes zonas de las tiendas para evitar la exposici\u00f3n prolongada a \u00e1reas con altas temperaturas.<\/li>\n<li><strong>Apagado de pantallas no esenciales<\/strong> que generan calor adicional en el ambiente.<\/li>\n<li><strong>Reparaci\u00f3n inmediata de los sistemas de aire acondicionado<\/strong> para cumplir con las normativas de temperatura establecidas en el Real Decreto 486\/1997.<\/li>\n<\/ol>\n<p>Estas demandas buscan no solo cumplir con la legislaci\u00f3n laboral, sino tambi\u00e9n proteger la salud y el bienestar de los trabajadores, quienes son el pilar fundamental de la operaci\u00f3n de las tiendas.<\/p>\n<h2>Contexto Laboral en Zara e Inditex<\/h2>\n<p>La denuncia de CGT no es un hecho aislado, sino que se enmarca en un historial de tensiones laborales entre los sindicatos y el grupo Inditex, al que pertenece Zara. En los \u00faltimos a\u00f1os, los trabajadores de Inditex han protagonizado movilizaciones en varias regiones de Espa\u00f1a para exigir mejoras salariales y condiciones laborales dignas. Por ejemplo, en A Coru\u00f1a, las delegadas del sindicato CIG han reclamado negociaciones a nivel provincial, mientras que en Madrid, CGT ha reportado un amplio seguimiento de huelgas en las tiendas de Inditex.<\/p>\n<p>A pesar de los esfuerzos de los sindicatos, los avances en las condiciones laborales han sido limitados. En algunos casos, los acuerdos alcanzados con otros sindicatos, como CCOO y UGT, han sido criticados por CGT por no abordar de manera suficiente las demandas de los trabajadores. Por ejemplo, un reciente acuerdo salarial en Inditex fue descrito como un \u00ablogro hist\u00f3rico\u00bb por algunos sindicatos, pero CGT se\u00f1al\u00f3 que las mejoras, como un aumento de 30 euros al mes, son insuficientes frente a las demandas de los empleados.<\/p>\n<p>En este contexto, la denuncia por las altas temperaturas en Valencia refleja una problem\u00e1tica m\u00e1s amplia sobre la gesti\u00f3n de las condiciones laborales en las tiendas de Zara. La multinacional, que opera miles de tiendas en todo el mundo, enfrenta el desaf\u00edo de garantizar entornos de trabajo seguros en un contexto de cambio clim\u00e1tico, donde las olas de calor son cada vez m\u00e1s frecuentes e intensas.<\/p>\n<h2>Implicaciones Legales y Reputacionales<\/h2>\n<p>El incumplimiento del Real Decreto 486\/1997 puede acarrear sanciones significativas para Zara si la Inspecci\u00f3n de Trabajo confirma las irregularidades denunciadas por CGT. Las multas por violaciones de la normativa de prevenci\u00f3n de riesgos laborales pueden variar seg\u00fan la gravedad de la infracci\u00f3n, pero m\u00e1s all\u00e1 de las sanciones econ\u00f3micas, esta situaci\u00f3n podr\u00eda tener un impacto reputacional para Inditex. La compa\u00f1\u00eda, que se ha posicionado como l\u00edder en sostenibilidad y responsabilidad social, enfrenta cr\u00edticas recurrentes por sus pr\u00e1cticas laborales, tanto en Espa\u00f1a como en otros pa\u00edses.<\/p>\n<p>Por ejemplo, organizaciones como Earthsight han se\u00f1alado v\u00ednculos entre la cadena de suministro de Inditex y violaciones de derechos humanos en Brasil, mientras que movimientos como el BDS han llamado al boicot de Zara por sus operaciones en Israel. Estas controversias, combinadas con la denuncia actual, podr\u00edan amplificar la percepci\u00f3n de que Inditex no prioriza adecuadamente el bienestar de sus trabajadores ni el cumplimiento de normativas laborales.<\/p>\n<h2>El Papel del Cambio Clim\u00e1tico<\/h2>\n<p>El caso de las tiendas de Zara en Valencia tambi\u00e9n pone de manifiesto los desaf\u00edos que enfrentan las empresas en un contexto de cambio clim\u00e1tico. Las olas de calor, cada vez m\u00e1s frecuentes en Espa\u00f1a, exigen que las empresas inviertan en infraestructuras de climatizaci\u00f3n adecuadas y adopten protocolos para proteger a sus trabajadores. La falta de sistemas de aire acondicionado funcionales en las tiendas de Zara no solo incumple la normativa, sino que tambi\u00e9n refleja una posible falta de preparaci\u00f3n para enfrentar los impactos del calentamiento global.<\/p>\n<p>Seg\u00fan informes del World Weather Attribution (WWA), las altas temperaturas est\u00e1n generando un n\u00famero creciente de v\u00edctimas invisibles, incluyendo trabajadores expuestos a condiciones extremas. En este sentido, la denuncia de CGT podr\u00eda servir como un precedente para que otras empresas revisen sus sistemas de climatizaci\u00f3n y adopten medidas preventivas para proteger a sus empleados.<\/p>\n<h2>Reacciones y Perspectivas<\/h2>\n<p>Hasta el momento, Zara no ha emitido un comunicado oficial en respuesta a la denuncia de CGT. Sin embargo, la presi\u00f3n de los sindicatos y la atenci\u00f3n medi\u00e1tica podr\u00edan obligar a la compa\u00f1\u00eda a tomar medidas r\u00e1pidas para resolver el problema. La Inspecci\u00f3n de Trabajo tiene la facultad de realizar visitas a las tiendas afectadas, evaluar las condiciones laborales y emitir recomendaciones o sanciones seg\u00fan corresponda.<\/p>\n<p>Por su parte, CGT ha reiterado su compromiso de velar por los derechos de los trabajadores y ha anunciado que seguir\u00e1 vigilando la situaci\u00f3n en las tiendas de Zara. El sindicato tambi\u00e9n ha hecho un llamado a los clientes para que apoyen sus demandas, destacando que un ambiente laboral seguro beneficia tanto a los empleados como a los consumidores.<\/p>\n<h2>Conclusi\u00f3n<\/h2>\n<p>La denuncia de CGT contra Zara por las altas temperaturas en sus tiendas de Valencia pone de relieve una problem\u00e1tica urgente que combina cuestiones de salud laboral, cumplimiento normativo y responsabilidad corporativa. Las temperaturas superiores a los 30 grados en los centros comerciales Arena, Aqua, Bonaire y Nuevo Centro no solo violan el Real Decreto 486\/1997, sino que tambi\u00e9n exponen a los trabajadores a riesgos de salud significativos. Las exigencias del sindicato, que incluyen acceso a agua potable, ropa adecuada y reparaciones urgentes de los sistemas de aire acondicionado, son pasos necesarios para garantizar un entorno de trabajo seguro.<\/p>\n<p>Este caso tambi\u00e9n subraya la importancia de que las grandes empresas, como Inditex, adapten sus operaciones a los desaf\u00edos del cambio clim\u00e1tico y prioricen el bienestar de sus empleados. La resoluci\u00f3n de esta denuncia ser\u00e1 un indicador clave de c\u00f3mo Zara y otras multinacionales abordan las condiciones laborales en un mundo cada vez m\u00e1s c\u00e1lido. Mientras tanto, la lucha de CGT por la justicia laboral contin\u00faa, record\u00e1ndonos que los derechos de los trabajadores deben ser una prioridad en cualquier modelo de negocio.<\/p>","protected":false},"excerpt":{"rendered":"<p>En un verano marcado por olas de calor en toda Espa\u00f1a, la Confederaci\u00f3n General del Trabajo (CGT) de Valencia ha presentado una denuncia formal ante la Inspecci\u00f3n de Trabajo contra Zara, la reconocida cadena de moda perteneciente al grupo Inditex. Seg\u00fan el sindicato, las tiendas de Zara ubicadas en los [&hellip;]<\/p>\n","protected":false},"author":3,"featured_media":65935,"comment_status":"closed","ping_status":"closed","sticky":false,"template":"","format":"standard","meta":{"footnotes":""},"categories":[58],"tags":[],"class_list":["post-65934","post","type-post","status-publish","format-standard","has-post-thumbnail","hentry","category-estado-espanol"],"yoast_head":"<!-- This site is optimized with the Yoast SEO plugin v27.5 - https:\/\/yoast.com\/product\/yoast-seo-wordpress\/ -->\n<title>La CGT denuncia a Zara por altas temperaturas en tiendas de Valencia - Revista Rambla<\/title>\n<meta name=\"robots\" content=\"index, follow, max-snippet:-1, max-image-preview:large, max-video-preview:-1\" \/>\n<link rel=\"canonical\" href=\"https:\/\/www.revistarambla.com\/en\/la-cgt-denuncia-a-zara-por-altas-temperaturas-en-tiendas-de-valencia\/\" \/>\n<meta property=\"og:locale\" content=\"en_GB\" \/>\n<meta property=\"og:type\" content=\"article\" \/>\n<meta property=\"og:title\" content=\"La CGT denuncia a Zara por altas temperaturas en tiendas de Valencia - Revista Rambla\" \/>\n<meta property=\"og:description\" content=\"En un verano marcado por olas de calor en toda Espa\u00f1a, la Confederaci\u00f3n General del Trabajo (CGT) de Valencia ha presentado una denuncia formal ante la Inspecci\u00f3n de Trabajo contra Zara, la reconocida cadena de moda perteneciente al grupo Inditex. Seg\u00fan el sindicato, las tiendas de Zara ubicadas en los [&hellip;]\" \/>\n<meta property=\"og:url\" content=\"https:\/\/www.revistarambla.com\/en\/la-cgt-denuncia-a-zara-por-altas-temperaturas-en-tiendas-de-valencia\/\" \/>\n<meta property=\"og:site_name\" content=\"Revista Rambla\" \/>\n<meta property=\"article:publisher\" content=\"https:\/\/www.facebook.com\/revistarambla\/\" \/>\n<meta property=\"article:author\" content=\"https:\/\/www.facebook.com\/revistarambla\" \/>\n<meta property=\"article:published_time\" content=\"2025-08-02T09:21:10+00:00\" \/>\n<meta property=\"og:image\" content=\"https:\/\/www.revistarambla.com\/wp-content\/uploads\/2025\/08\/Alicante_-_Zara.jpg\" \/>\n\t<meta property=\"og:image:width\" content=\"1536\" \/>\n\t<meta property=\"og:image:height\" content=\"1229\" \/>\n\t<meta property=\"og:image:type\" content=\"image\/jpeg\" \/>\n<meta name=\"author\" content=\"R@mbla\" \/>\n<meta name=\"twitter:card\" content=\"summary_large_image\" \/>\n<meta name=\"twitter:creator\" content=\"@revistarambla\" \/>\n<meta name=\"twitter:site\" content=\"@revistarambla\" \/>\n<meta name=\"twitter:label1\" content=\"Written by\" \/>\n\t<meta name=\"twitter:data1\" content=\"R@mbla\" \/>\n\t<meta name=\"twitter:label2\" content=\"Estimated reading time\" \/>\n\t<meta name=\"twitter:data2\" content=\"8 minutes\" \/>\n<script type=\"application\/ld+json\" class=\"yoast-schema-graph\">{\"@context\":\"https:\\\/\\\/schema.org\",\"@graph\":[{\"@type\":\"Article\",\"@id\":\"https:\\\/\\\/www.revistarambla.com\\\/la-cgt-denuncia-a-zara-por-altas-temperaturas-en-tiendas-de-valencia\\\/#article\",\"isPartOf\":{\"@id\":\"https:\\\/\\\/www.revistarambla.com\\\/la-cgt-denuncia-a-zara-por-altas-temperaturas-en-tiendas-de-valencia\\\/\"},\"author\":{\"name\":\"R@mbla\",\"@id\":\"https:\\\/\\\/www.revistarambla.com\\\/#\\\/schema\\\/person\\\/a146a5a2550b94981a75131180e1bd9c\"},\"headline\":\"La CGT denuncia a Zara por altas temperaturas en tiendas de Valencia\",\"datePublished\":\"2025-08-02T09:21:10+00:00\",\"mainEntityOfPage\":{\"@id\":\"https:\\\/\\\/www.revistarambla.com\\\/la-cgt-denuncia-a-zara-por-altas-temperaturas-en-tiendas-de-valencia\\\/\"},\"wordCount\":1632,\"publisher\":{\"@id\":\"https:\\\/\\\/www.revistarambla.com\\\/#organization\"},\"image\":{\"@id\":\"https:\\\/\\\/www.revistarambla.com\\\/la-cgt-denuncia-a-zara-por-altas-temperaturas-en-tiendas-de-valencia\\\/#primaryimage\"},\"thumbnailUrl\":\"https:\\\/\\\/www.revistarambla.com\\\/wp-content\\\/uploads\\\/2025\\\/08\\\/Alicante_-_Zara.jpg\",\"articleSection\":[\"Estado Espa\u00f1ol\"],\"inLanguage\":\"en-GB\"},{\"@type\":\"WebPage\",\"@id\":\"https:\\\/\\\/www.revistarambla.com\\\/la-cgt-denuncia-a-zara-por-altas-temperaturas-en-tiendas-de-valencia\\\/\",\"url\":\"https:\\\/\\\/www.revistarambla.com\\\/la-cgt-denuncia-a-zara-por-altas-temperaturas-en-tiendas-de-valencia\\\/\",\"name\":\"La CGT denuncia a Zara por altas temperaturas en tiendas de Valencia - Revista Rambla\",\"isPartOf\":{\"@id\":\"https:\\\/\\\/www.revistarambla.com\\\/#website\"},\"primaryImageOfPage\":{\"@id\":\"https:\\\/\\\/www.revistarambla.com\\\/la-cgt-denuncia-a-zara-por-altas-temperaturas-en-tiendas-de-valencia\\\/#primaryimage\"},\"image\":{\"@id\":\"https:\\\/\\\/www.revistarambla.com\\\/la-cgt-denuncia-a-zara-por-altas-temperaturas-en-tiendas-de-valencia\\\/#primaryimage\"},\"thumbnailUrl\":\"https:\\\/\\\/www.revistarambla.com\\\/wp-content\\\/uploads\\\/2025\\\/08\\\/Alicante_-_Zara.jpg\",\"datePublished\":\"2025-08-02T09:21:10+00:00\",\"breadcrumb\":{\"@id\":\"https:\\\/\\\/www.revistarambla.com\\\/la-cgt-denuncia-a-zara-por-altas-temperaturas-en-tiendas-de-valencia\\\/#breadcrumb\"},\"inLanguage\":\"en-GB\",\"potentialAction\":[{\"@type\":\"ReadAction\",\"target\":[\"https:\\\/\\\/www.revistarambla.com\\\/la-cgt-denuncia-a-zara-por-altas-temperaturas-en-tiendas-de-valencia\\\/\"]}]},{\"@type\":\"ImageObject\",\"inLanguage\":\"en-GB\",\"@id\":\"https:\\\/\\\/www.revistarambla.com\\\/la-cgt-denuncia-a-zara-por-altas-temperaturas-en-tiendas-de-valencia\\\/#primaryimage\",\"url\":\"https:\\\/\\\/www.revistarambla.com\\\/wp-content\\\/uploads\\\/2025\\\/08\\\/Alicante_-_Zara.jpg\",\"contentUrl\":\"https:\\\/\\\/www.revistarambla.com\\\/wp-content\\\/uploads\\\/2025\\\/08\\\/Alicante_-_Zara.jpg\",\"width\":1536,\"height\":1229,\"caption\":\"zara valencia\"},{\"@type\":\"BreadcrumbList\",\"@id\":\"https:\\\/\\\/www.revistarambla.com\\\/la-cgt-denuncia-a-zara-por-altas-temperaturas-en-tiendas-de-valencia\\\/#breadcrumb\",\"itemListElement\":[{\"@type\":\"ListItem\",\"position\":1,\"name\":\"Portada\",\"item\":\"https:\\\/\\\/www.revistarambla.com\\\/\"},{\"@type\":\"ListItem\",\"position\":2,\"name\":\"La CGT denuncia a Zara por altas temperaturas en tiendas de Valencia\"}]},{\"@type\":\"WebSite\",\"@id\":\"https:\\\/\\\/www.revistarambla.com\\\/#website\",\"url\":\"https:\\\/\\\/www.revistarambla.com\\\/\",\"name\":\"Revista Rambla Barcelona\",\"description\":\"Periodismo independiente\",\"publisher\":{\"@id\":\"https:\\\/\\\/www.revistarambla.com\\\/#organization\"},\"potentialAction\":[{\"@type\":\"SearchAction\",\"target\":{\"@type\":\"EntryPoint\",\"urlTemplate\":\"https:\\\/\\\/www.revistarambla.com\\\/?s={search_term_string}\"},\"query-input\":{\"@type\":\"PropertyValueSpecification\",\"valueRequired\":true,\"valueName\":\"search_term_string\"}}],\"inLanguage\":\"en-GB\"},{\"@type\":\"Organization\",\"@id\":\"https:\\\/\\\/www.revistarambla.com\\\/#organization\",\"name\":\"Revista Rambla\",\"url\":\"https:\\\/\\\/www.revistarambla.com\\\/\",\"logo\":{\"@type\":\"ImageObject\",\"inLanguage\":\"en-GB\",\"@id\":\"https:\\\/\\\/www.revistarambla.com\\\/#\\\/schema\\\/logo\\\/image\\\/\",\"url\":\"https:\\\/\\\/www.revistarambla.com\\\/wp-content\\\/uploads\\\/2020\\\/09\\\/banner_rambla_1900x600_BB.png\",\"contentUrl\":\"https:\\\/\\\/www.revistarambla.com\\\/wp-content\\\/uploads\\\/2020\\\/09\\\/banner_rambla_1900x600_BB.png\",\"width\":1900,\"height\":600,\"caption\":\"Revista Rambla\"},\"image\":{\"@id\":\"https:\\\/\\\/www.revistarambla.com\\\/#\\\/schema\\\/logo\\\/image\\\/\"},\"sameAs\":[\"https:\\\/\\\/www.facebook.com\\\/revistarambla\\\/\",\"https:\\\/\\\/x.com\\\/revistarambla\",\"https:\\\/\\\/www.instagram.com\\\/revista_rambla\",\"https:\\\/\\\/es.linkedin.com\\\/company\\\/revista-rambla\"]},{\"@type\":\"Person\",\"@id\":\"https:\\\/\\\/www.revistarambla.com\\\/#\\\/schema\\\/person\\\/a146a5a2550b94981a75131180e1bd9c\",\"name\":\"R@mbla\",\"description\":\"Este art\u00edculo ha sido redactado y\\\/o validado por el equipo de redacci\u00f3n de Revista Rambla.\",\"sameAs\":[\"https:\\\/\\\/www.revistarambla.com\\\/\",\"https:\\\/\\\/www.facebook.com\\\/revistarambla\",\"https:\\\/\\\/x.com\\\/revistarambla\"]}]}<\/script>\n<!-- \/ Yoast SEO plugin. -->","yoast_head_json":{"title":"La CGT denuncia a Zara por altas temperaturas en tiendas de Valencia - Revista Rambla","robots":{"index":"index","follow":"follow","max-snippet":"max-snippet:-1","max-image-preview":"max-image-preview:large","max-video-preview":"max-video-preview:-1"},"canonical":"https:\/\/www.revistarambla.com\/en\/la-cgt-denuncia-a-zara-por-altas-temperaturas-en-tiendas-de-valencia\/","og_locale":"en_GB","og_type":"article","og_title":"La CGT denuncia a Zara por altas temperaturas en tiendas de Valencia - Revista Rambla","og_description":"En un verano marcado por olas de calor en toda Espa\u00f1a, la Confederaci\u00f3n General del Trabajo (CGT) de Valencia ha presentado una denuncia formal ante la Inspecci\u00f3n de Trabajo contra Zara, la reconocida cadena de moda perteneciente al grupo Inditex. Seg\u00fan el sindicato, las tiendas de Zara ubicadas en los [&hellip;]","og_url":"https:\/\/www.revistarambla.com\/en\/la-cgt-denuncia-a-zara-por-altas-temperaturas-en-tiendas-de-valencia\/","og_site_name":"Revista Rambla","article_publisher":"https:\/\/www.facebook.com\/revistarambla\/","article_author":"https:\/\/www.facebook.com\/revistarambla","article_published_time":"2025-08-02T09:21:10+00:00","og_image":[{"width":1536,"height":1229,"url":"https:\/\/www.revistarambla.com\/wp-content\/uploads\/2025\/08\/Alicante_-_Zara.jpg","type":"image\/jpeg"}],"author":"R@mbla","twitter_card":"summary_large_image","twitter_creator":"@revistarambla","twitter_site":"@revistarambla","twitter_misc":{"Written by":"R@mbla","Estimated reading time":"8 minutes"},"schema":{"@context":"https:\/\/schema.org","@graph":[{"@type":"Article","@id":"https:\/\/www.revistarambla.com\/la-cgt-denuncia-a-zara-por-altas-temperaturas-en-tiendas-de-valencia\/#article","isPartOf":{"@id":"https:\/\/www.revistarambla.com\/la-cgt-denuncia-a-zara-por-altas-temperaturas-en-tiendas-de-valencia\/"},"author":{"name":"R@mbla","@id":"https:\/\/www.revistarambla.com\/#\/schema\/person\/a146a5a2550b94981a75131180e1bd9c"},"headline":"La CGT denuncia a Zara por altas temperaturas en tiendas de Valencia","datePublished":"2025-08-02T09:21:10+00:00","mainEntityOfPage":{"@id":"https:\/\/www.revistarambla.com\/la-cgt-denuncia-a-zara-por-altas-temperaturas-en-tiendas-de-valencia\/"},"wordCount":1632,"publisher":{"@id":"https:\/\/www.revistarambla.com\/#organization"},"image":{"@id":"https:\/\/www.revistarambla.com\/la-cgt-denuncia-a-zara-por-altas-temperaturas-en-tiendas-de-valencia\/#primaryimage"},"thumbnailUrl":"https:\/\/www.revistarambla.com\/wp-content\/uploads\/2025\/08\/Alicante_-_Zara.jpg","articleSection":["Estado Espa\u00f1ol"],"inLanguage":"en-GB"},{"@type":"WebPage","@id":"https:\/\/www.revistarambla.com\/la-cgt-denuncia-a-zara-por-altas-temperaturas-en-tiendas-de-valencia\/","url":"https:\/\/www.revistarambla.com\/la-cgt-denuncia-a-zara-por-altas-temperaturas-en-tiendas-de-valencia\/","name":"La CGT denuncia a Zara por altas temperaturas en tiendas de Valencia - Revista Rambla","isPartOf":{"@id":"https:\/\/www.revistarambla.com\/#website"},"primaryImageOfPage":{"@id":"https:\/\/www.revistarambla.com\/la-cgt-denuncia-a-zara-por-altas-temperaturas-en-tiendas-de-valencia\/#primaryimage"},"image":{"@id":"https:\/\/www.revistarambla.com\/la-cgt-denuncia-a-zara-por-altas-temperaturas-en-tiendas-de-valencia\/#primaryimage"},"thumbnailUrl":"https:\/\/www.revistarambla.com\/wp-content\/uploads\/2025\/08\/Alicante_-_Zara.jpg","datePublished":"2025-08-02T09:21:10+00:00","breadcrumb":{"@id":"https:\/\/www.revistarambla.com\/la-cgt-denuncia-a-zara-por-altas-temperaturas-en-tiendas-de-valencia\/#breadcrumb"},"inLanguage":"en-GB","potentialAction":[{"@type":"ReadAction","target":["https:\/\/www.revistarambla.com\/la-cgt-denuncia-a-zara-por-altas-temperaturas-en-tiendas-de-valencia\/"]}]},{"@type":"ImageObject","inLanguage":"en-GB","@id":"https:\/\/www.revistarambla.com\/la-cgt-denuncia-a-zara-por-altas-temperaturas-en-tiendas-de-valencia\/#primaryimage","url":"https:\/\/www.revistarambla.com\/wp-content\/uploads\/2025\/08\/Alicante_-_Zara.jpg","contentUrl":"https:\/\/www.revistarambla.com\/wp-content\/uploads\/2025\/08\/Alicante_-_Zara.jpg","width":1536,"height":1229,"caption":"zara valencia"},{"@type":"BreadcrumbList","@id":"https:\/\/www.revistarambla.com\/la-cgt-denuncia-a-zara-por-altas-temperaturas-en-tiendas-de-valencia\/#breadcrumb","itemListElement":[{"@type":"ListItem","position":1,"name":"Portada","item":"https:\/\/www.revistarambla.com\/"},{"@type":"ListItem","position":2,"name":"La CGT denuncia a Zara por altas temperaturas en tiendas de Valencia"}]},{"@type":"WebSite","@id":"https:\/\/www.revistarambla.com\/#website","url":"https:\/\/www.revistarambla.com\/","name":"Revista Rambla Barcelona","description":"Periodismo independiente","publisher":{"@id":"https:\/\/www.revistarambla.com\/#organization"},"potentialAction":[{"@type":"SearchAction","target":{"@type":"EntryPoint","urlTemplate":"https:\/\/www.revistarambla.com\/?s={search_term_string}"},"query-input":{"@type":"PropertyValueSpecification","valueRequired":true,"valueName":"search_term_string"}}],"inLanguage":"en-GB"},{"@type":"Organization","@id":"https:\/\/www.revistarambla.com\/#organization","name":"Revista Rambla","url":"https:\/\/www.revistarambla.com\/","logo":{"@type":"ImageObject","inLanguage":"en-GB","@id":"https:\/\/www.revistarambla.com\/#\/schema\/logo\/image\/","url":"https:\/\/www.revistarambla.com\/wp-content\/uploads\/2020\/09\/banner_rambla_1900x600_BB.png","contentUrl":"https:\/\/www.revistarambla.com\/wp-content\/uploads\/2020\/09\/banner_rambla_1900x600_BB.png","width":1900,"height":600,"caption":"Revista Rambla"},"image":{"@id":"https:\/\/www.revistarambla.com\/#\/schema\/logo\/image\/"},"sameAs":["https:\/\/www.facebook.com\/revistarambla\/","https:\/\/x.com\/revistarambla","https:\/\/www.instagram.com\/revista_rambla","https:\/\/es.linkedin.com\/company\/revista-rambla"]},{"@type":"Person","@id":"https:\/\/www.revistarambla.com\/#\/schema\/person\/a146a5a2550b94981a75131180e1bd9c","name":"R@mbla","description":"Este art\u00edculo ha sido redactado y\/o validado por el equipo de redacci\u00f3n de Revista Rambla.","sameAs":["https:\/\/www.revistarambla.com\/","https:\/\/www.facebook.com\/revistarambla","https:\/\/x.com\/revistarambla"]}]}},"_links":{"self":[{"href":"https:\/\/www.revistarambla.com\/en\/wp-json\/wp\/v2\/posts\/65934","targetHints":{"allow":["GET"]}}],"collection":[{"href":"https:\/\/www.revistarambla.com\/en\/wp-json\/wp\/v2\/posts"}],"about":[{"href":"https:\/\/www.revistarambla.com\/en\/wp-json\/wp\/v2\/types\/post"}],"author":[{"embeddable":true,"href":"https:\/\/www.revistarambla.com\/en\/wp-json\/wp\/v2\/users\/3"}],"replies":[{"embeddable":true,"href":"https:\/\/www.revistarambla.com\/en\/wp-json\/wp\/v2\/comments?post=65934"}],"version-history":[{"count":1,"href":"https:\/\/www.revistarambla.com\/en\/wp-json\/wp\/v2\/posts\/65934\/revisions"}],"predecessor-version":[{"id":65936,"href":"https:\/\/www.revistarambla.com\/en\/wp-json\/wp\/v2\/posts\/65934\/revisions\/65936"}],"wp:featuredmedia":[{"embeddable":true,"href":"https:\/\/www.revistarambla.com\/en\/wp-json\/wp\/v2\/media\/65935"}],"wp:attachment":[{"href":"https:\/\/www.revistarambla.com\/en\/wp-json\/wp\/v2\/media?parent=65934"}],"wp:term":[{"taxonomy":"category","embeddable":true,"href":"https:\/\/www.revistarambla.com\/en\/wp-json\/wp\/v2\/categories?post=65934"},{"taxonomy":"post_tag","embeddable":true,"href":"https:\/\/www.revistarambla.com\/en\/wp-json\/wp\/v2\/tags?post=65934"}],"curies":[{"name":"wp","href":"https:\/\/api.w.org\/{rel}","templated":true}]}}