{"id":65931,"date":"2025-08-02T11:11:24","date_gmt":"2025-08-02T09:11:24","guid":{"rendered":"https:\/\/www.revistarambla.com\/?p=65931"},"modified":"2025-08-02T11:11:24","modified_gmt":"2025-08-02T09:11:24","slug":"huelga-de-socorristas-en-las-playas-de-barcelona","status":"publish","type":"post","link":"https:\/\/www.revistarambla.com\/en\/huelga-de-socorristas-en-las-playas-de-barcelona\/","title":{"rendered":"Huelga de socorristas en las playas de Barcelona"},"content":{"rendered":"<p>En el coraz\u00f3n del verano de 2025, las playas de Barcelona, uno de los destinos tur\u00edsticos m\u00e1s ic\u00f3nicos de Europa, se encuentran en el centro de una controversia que trasciende el sol y la arena. Los socorristas, guardianes de la seguridad en las costas de la ciudad, han iniciado una huelga indefinida que comenz\u00f3 el 1 de agosto, convocada por el sindicato Confederaci\u00f3n General del Trabajo (CGT). Esta acci\u00f3n, que ha captado la atenci\u00f3n tanto de locales como de turistas, no solo pone en jaque la seguridad acu\u00e1tica en un momento cr\u00edtico de la temporada alta, sino que tambi\u00e9n expone las profundas grietas en las condiciones laborales de un colectivo esencial. Los trabajadores exigen un aumento de personal y la ampliaci\u00f3n de la temporada de vigilancia, demandas que reflejan una lucha m\u00e1s amplia por la dignidad laboral y la seguridad ciudadana.<\/p>\n<h2>Or\u00edgenes de la Huelga: Una Situaci\u00f3n de \u00abPrecariedad Absoluta\u00bb<\/h2>\n<p>El 1 de agosto de 2025, unas 40 personas, entre socorristas, t\u00e9cnicos sanitarios, enfermeros, tripulantes y patrones de embarcaciones, se concentraron frente al Ayuntamiento de Barcelona en la plaza Sant Jaume. Con sombrillas, meg\u00e1fonos y pancartas que proclamaban consignas como \u00abSeguridad acu\u00e1tica = derechos laborales\u00bb, los manifestantes dieron inicio a una huelga indefinida que, seg\u00fan el sindicato CGT, responde a una situaci\u00f3n de \u00abprecariedad absoluta\u00bb que afecta al colectivo desde hace a\u00f1os. Esta no es la primera vez que los socorristas de Barcelona alzan la voz: desde 2023, han realizado varias movilizaciones, incluyendo dos huelgas previas, para denunciar el deterioro de sus condiciones laborales y la insuficiencia de recursos para garantizar un servicio adecuado. Sin embargo, la falta de avances significativos en las negociaciones con el Ayuntamiento y la empresa concesionaria, FCC Medioambiente, ha llevado al colectivo a endurecer su postura en el verano de 2025.<\/p>\n<p>Seg\u00fan Ignacio Garc\u00eda, secretario general de la secci\u00f3n de Socorristas de CGT, las demandas principales son claras: un aumento sustancial de la plantilla y la extensi\u00f3n de la temporada de vigilancia. Actualmente, la temporada alta de vigilancia en las playas de Barcelona abarca desde el 24 de mayo hasta el 11 de septiembre, con una temporada media que cubre periodos m\u00e1s limitados. Los socorristas proponen ampliar la temporada alta del 1 de mayo al 30 de septiembre, argumentando que las playas de la ciudad reciben un volumen significativo de visitantes mucho antes y despu\u00e9s de las fechas actuales. Esta propuesta, presentada anteriormente, fue descartada por el Ayuntamiento debido a restricciones presupuestarias, seg\u00fan denuncian los trabajadores.<\/p>\n<p>El d\u00e9ficit de personal es otro punto cr\u00edtico. El contrato municipal exige unos 90 socorristas operativos durante el verano, pero rara vez se supera la barrera de los 80 efectivos. En algunas playas, como las de 800 metros de longitud, solo cuatro socorristas est\u00e1n asignados, lo que Garc\u00eda califica como \u00abinviable\u00bb para garantizar una vigilancia adecuada. Esta escasez de personal no solo compromete la seguridad de los ba\u00f1istas, sino que tambi\u00e9n aumenta la presi\u00f3n sobre los trabajadores, quienes enfrentan jornadas extenuantes en un entorno de alta responsabilidad.<\/p>\n<h2>Contexto: Un Verano Marcado por la Tragedia<\/h2>\n<p>La campa\u00f1a de ba\u00f1o de 2025 en Catalu\u00f1a ha sido particularmente tr\u00e1gica, con 16 personas fallecidas por ahogamiento en las playas de la regi\u00f3n hasta el 1 de agosto, cinco m\u00e1s que en el mismo periodo del a\u00f1o anterior. Esta cifra, que incluye incidentes en otras comunidades como Andaluc\u00eda, Canarias y la Comunidad Valenciana, subraya la importancia cr\u00edtica del servicio de socorrismo. Los socorristas advierten que el n\u00famero insuficiente de efectivos dificulta la prevenci\u00f3n y la respuesta r\u00e1pida ante emergencias, lo que podr\u00eda estar contribuyendo al aumento de tragedias. Nacho Ib\u00e1\u00f1ez, portavoz de la plataforma SOS Socorrismo, se\u00f1al\u00f3 en una entrevista con <em>20minutos<\/em> que \u00abest\u00e1n llegando tarde a muchas situaciones que se pueden evitar con prevenci\u00f3n\u00bb, destacando que la cantidad de socorristas por kil\u00f3metro de playa es \u00abinsuficiente\u00bb para garantizar una cobertura adecuada.<\/p>\n<p>El impacto de la huelga se ha sentido de inmediato en las playas de Barcelona. Desde el 1 de agosto, la bandera amarilla ondea en la mayor\u00eda de las costas, indicando precauci\u00f3n, y la mitad de las torres de vigilancia permanecen cerradas debido a los servicios m\u00ednimos del 50% decretados por la Conselleria de Empresa y Trabajo de la Generalitat. En playas como Bogatell, donde se mantienen dos torres abiertas, y en otras con solo una, los socorristas han colocado pancartas informando a los ba\u00f1istas sobre la huelga y los servicios m\u00ednimos, inst\u00e1ndolos a extremar precauciones y a contactar al 112 en caso de emergencia. El Ayuntamiento, por su parte, ha reforzado la comunicaci\u00f3n mediante megafon\u00eda, paneles electr\u00f3nicos y su p\u00e1gina web para alertar sobre la situaci\u00f3n.<\/p>\n<h2>Las Demandas: M\u00e1s All\u00e1 del Personal y la Temporada<\/h2>\n<p>Adem\u00e1s de la ampliaci\u00f3n de la temporada de vigilancia y el aumento de personal, los socorristas reclaman un convenio laboral propio y actualizado que regule las condiciones del sector. Actualmente, el servicio de socorrismo en Barcelona est\u00e1 gestionado por FCC Medioambiente, una empresa concesionaria contratada por el Ayuntamiento. Los trabajadores denuncian que, desde 2016, sus salarios han permanecido congelados, sin ajustes al \u00edndice de precios al consumidor (IPC), lo que resulta especialmente gravoso en una ciudad con un coste de vida elevado como Barcelona. Asimismo, se\u00f1alan deficiencias en las infraestructuras de trabajo, como m\u00f3dulos de salvamento con problemas de plagas, cortes de luz, falta de ventilaci\u00f3n y mobiliario inadecuado, lo que compromete su capacidad para desempe\u00f1ar sus funciones de manera efectiva.<\/p>\n<p>Otro aspecto cr\u00edtico es la coordinaci\u00f3n con otros servicios de emergencia. Los socorristas argumentan que la falta de una comunicaci\u00f3n fluida con bomberos, polic\u00eda y servicios m\u00e9dicos dificulta la respuesta ante incidentes graves. Estas demandas no son nuevas; desde 2023, el colectivo ha intentado dialogar con el Ayuntamiento y FCC Medioambiente, pero las negociaciones han sido infructuosas. Una reuni\u00f3n celebrada el 24 de julio de 2025, d\u00edas antes del inicio de la huelga, termin\u00f3 sin avances, lo que llev\u00f3 a los trabajadores a mantener la convocatoria de paro.<\/p>\n<h2>La Respuesta del Ayuntamiento y la Empresa<\/h2>\n<p>El Ayuntamiento de Barcelona ha enfrentado cr\u00edticas por su gesti\u00f3n de la crisis. Los socorristas acusan al consistorio de considerar el servicio de socorrismo como \u00abesencial\u00bb solo durante la temporada alta, cuando la afluencia de turistas es mayor, mientras que el resto del a\u00f1o se desentiende de sus responsabilidades. Una propuesta municipal para adelantar el inicio de la temporada de trabajo fue rechazada por los trabajadores, quienes la consideraron insuficiente al no incluir un aumento de recursos ni mejoras sustanciales en las condiciones laborales. Seg\u00fan fuentes sindicales, esta medida solo \u00abconsume la bolsa de trabajo\u00bb existente sin abordar el d\u00e9ficit estructural de personal.<\/p>\n<p>Por su parte, FCC Medioambiente ha reconocido en conversaciones con el sindicato que el contrato municipal est\u00e1 \u00absubvaluado\u00bb y que el servicio sufre de precariedad. Sin embargo, la empresa no ha propuesto soluciones concretas, lo que ha intensificado la frustraci\u00f3n de los trabajadores. La imposici\u00f3n de servicios m\u00ednimos del 50% por parte de la Generalitat, aunque garantiza una cobertura b\u00e1sica, ha sido criticada por el sindicato como una medida que limita el impacto de la huelga sin abordar las demandas de fondo.<\/p>\n<h2>Implicaciones para la Ciudad y los Ba\u00f1istas<\/h2>\n<p>La huelga de socorristas llega en un momento de alta afluencia tur\u00edstica, con miles de visitantes diarios en las playas de Barcelona, como La Barceloneta, Nova Ic\u00e0ria y Bogatell. La reducci\u00f3n de la vigilancia a la mitad plantea un riesgo significativo para la seguridad acu\u00e1tica, especialmente en un verano marcado por un aumento de incidentes fatales. Los ba\u00f1istas, muchos de los cuales desconoc\u00edan la huelga al llegar a las playas, han expresado preocupaci\u00f3n por la falta de personal. \u00abMe estaba ba\u00f1ando pensando que hab\u00eda un socorrista\u00bb, coment\u00f3 una turista a <em>La Sexta<\/em>, mientras otra joven se\u00f1al\u00f3 que la informaci\u00f3n sobre los servicios m\u00ednimos solo se hizo evidente tras escuchar los anuncios por megafon\u00eda.<\/p>\n<p>La situaci\u00f3n tambi\u00e9n pone en evidencia las tensiones entre el modelo tur\u00edstico de Barcelona y las necesidades de sus trabajadores. La ciudad, que promueve activamente sus playas como un espacio de ocio y deporte, enfrenta el desaf\u00edo de alinear esta imagen con una inversi\u00f3n adecuada en seguridad. Como se\u00f1ala el sindicato, \u00abla playa no es solo ocio: tambi\u00e9n es un espacio de responsabilidad institucional\u00bb. La falta de recursos para el socorrismo contrasta con el creciente n\u00famero de visitantes y el auge de actividades como el surf y el paddleboard, que requieren una vigilancia constante.<\/p>\n<h2>Perspectivas y Desaf\u00edos Futuros<\/h2>\n<p>La huelga indefinida de los socorristas de Barcelona no solo es un llamado a mejorar las condiciones laborales, sino tambi\u00e9n un recordatorio de la importancia de garantizar la seguridad en un entorno que, aunque asociado al ocio, puede ser peligroso sin una vigilancia adecuada. Las demandas del colectivo, que incluyen un aumento de personal, la ampliaci\u00f3n de la temporada de vigilancia y la mejora de las infraestructuras, no son meros caprichos, sino requisitos esenciales para un servicio que salva vidas.<\/p>\n<p>A medida que la huelga contin\u00faa, la presi\u00f3n sobre el Ayuntamiento y FCC Medioambiente aumenta. La resoluci\u00f3n del conflicto depender\u00e1 de la voluntad de ambas partes para negociar un acuerdo que no solo beneficie a los trabajadores, sino que tambi\u00e9n garantice la seguridad de los ba\u00f1istas. Mientras tanto, los socorristas han dejado claro que no ceder\u00e1n hasta que se cumplan sus demandas. \u00abNo estamos pidiendo privilegios, sino el m\u00ednimo necesario para prestar un servicio seguro y digno\u00bb, afirm\u00f3 un representante de CGT.<\/p>\n<p>En un verano que ya ha sido testigo de tragedias evitables, la huelga de los socorristas de Barcelona es un grito de alerta. La ciudad, conocida por su vibrante vida costera, debe decidir si priorizar\u00e1 la seguridad y el bienestar de quienes la hacen posible o si continuar\u00e1 navegando en aguas turbulentas, con el riesgo de dejar a sus playas desprotegidas.<\/p>","protected":false},"excerpt":{"rendered":"<p>En el coraz\u00f3n del verano de 2025, las playas de Barcelona, uno de los destinos tur\u00edsticos m\u00e1s ic\u00f3nicos de Europa, se encuentran en el centro de una controversia que trasciende el sol y la arena. Los socorristas, guardianes de la seguridad en las costas de la ciudad, han iniciado una [&hellip;]<\/p>\n","protected":false},"author":3,"featured_media":65932,"comment_status":"closed","ping_status":"closed","sticky":false,"template":"","format":"standard","meta":{"footnotes":""},"categories":[76],"tags":[],"class_list":["post-65931","post","type-post","status-publish","format-standard","has-post-thumbnail","hentry","category-barcelona"],"yoast_head":"<!-- This site is optimized with the Yoast SEO plugin v27.5 - https:\/\/yoast.com\/product\/yoast-seo-wordpress\/ -->\n<title>Huelga de socorristas en las playas de Barcelona - Revista Rambla<\/title>\n<meta name=\"robots\" content=\"index, follow, max-snippet:-1, max-image-preview:large, max-video-preview:-1\" \/>\n<link rel=\"canonical\" href=\"https:\/\/www.revistarambla.com\/en\/huelga-de-socorristas-en-las-playas-de-barcelona\/\" \/>\n<meta property=\"og:locale\" content=\"en_GB\" \/>\n<meta property=\"og:type\" content=\"article\" \/>\n<meta property=\"og:title\" content=\"Huelga de socorristas en las playas de Barcelona - Revista Rambla\" \/>\n<meta property=\"og:description\" content=\"En el coraz\u00f3n del verano de 2025, las playas de Barcelona, uno de los destinos tur\u00edsticos m\u00e1s ic\u00f3nicos de Europa, se encuentran en el centro de una controversia que trasciende el sol y la arena. Los socorristas, guardianes de la seguridad en las costas de la ciudad, han iniciado una [&hellip;]\" \/>\n<meta property=\"og:url\" content=\"https:\/\/www.revistarambla.com\/en\/huelga-de-socorristas-en-las-playas-de-barcelona\/\" \/>\n<meta property=\"og:site_name\" content=\"Revista Rambla\" \/>\n<meta property=\"article:publisher\" content=\"https:\/\/www.facebook.com\/revistarambla\/\" \/>\n<meta property=\"article:author\" content=\"https:\/\/www.facebook.com\/revistarambla\" \/>\n<meta property=\"article:published_time\" content=\"2025-08-02T09:11:24+00:00\" \/>\n<meta property=\"og:image\" content=\"https:\/\/www.revistarambla.com\/wp-content\/uploads\/2025\/08\/socorristes-protestant-davant-lajuntament-de-barcelona-foto-acn-matilda-rodriguez.jpg\" \/>\n\t<meta property=\"og:image:width\" content=\"1200\" \/>\n\t<meta property=\"og:image:height\" content=\"800\" \/>\n\t<meta property=\"og:image:type\" content=\"image\/jpeg\" \/>\n<meta name=\"author\" content=\"R@mbla\" \/>\n<meta name=\"twitter:card\" content=\"summary_large_image\" \/>\n<meta name=\"twitter:creator\" content=\"@revistarambla\" \/>\n<meta name=\"twitter:site\" content=\"@revistarambla\" \/>\n<meta name=\"twitter:label1\" content=\"Written by\" \/>\n\t<meta name=\"twitter:data1\" content=\"R@mbla\" \/>\n\t<meta name=\"twitter:label2\" content=\"Estimated reading time\" \/>\n\t<meta name=\"twitter:data2\" content=\"8 minutes\" \/>\n<script type=\"application\/ld+json\" class=\"yoast-schema-graph\">{\"@context\":\"https:\\\/\\\/schema.org\",\"@graph\":[{\"@type\":\"Article\",\"@id\":\"https:\\\/\\\/www.revistarambla.com\\\/huelga-de-socorristas-en-las-playas-de-barcelona\\\/#article\",\"isPartOf\":{\"@id\":\"https:\\\/\\\/www.revistarambla.com\\\/huelga-de-socorristas-en-las-playas-de-barcelona\\\/\"},\"author\":{\"name\":\"R@mbla\",\"@id\":\"https:\\\/\\\/www.revistarambla.com\\\/#\\\/schema\\\/person\\\/a146a5a2550b94981a75131180e1bd9c\"},\"headline\":\"Huelga de socorristas en las playas de Barcelona\",\"datePublished\":\"2025-08-02T09:11:24+00:00\",\"mainEntityOfPage\":{\"@id\":\"https:\\\/\\\/www.revistarambla.com\\\/huelga-de-socorristas-en-las-playas-de-barcelona\\\/\"},\"wordCount\":1716,\"publisher\":{\"@id\":\"https:\\\/\\\/www.revistarambla.com\\\/#organization\"},\"image\":{\"@id\":\"https:\\\/\\\/www.revistarambla.com\\\/huelga-de-socorristas-en-las-playas-de-barcelona\\\/#primaryimage\"},\"thumbnailUrl\":\"https:\\\/\\\/www.revistarambla.com\\\/wp-content\\\/uploads\\\/2025\\\/08\\\/socorristes-protestant-davant-lajuntament-de-barcelona-foto-acn-matilda-rodriguez.jpg\",\"articleSection\":[\"Barcelona\"],\"inLanguage\":\"en-GB\"},{\"@type\":\"WebPage\",\"@id\":\"https:\\\/\\\/www.revistarambla.com\\\/huelga-de-socorristas-en-las-playas-de-barcelona\\\/\",\"url\":\"https:\\\/\\\/www.revistarambla.com\\\/huelga-de-socorristas-en-las-playas-de-barcelona\\\/\",\"name\":\"Huelga de socorristas en las playas de Barcelona - Revista Rambla\",\"isPartOf\":{\"@id\":\"https:\\\/\\\/www.revistarambla.com\\\/#website\"},\"primaryImageOfPage\":{\"@id\":\"https:\\\/\\\/www.revistarambla.com\\\/huelga-de-socorristas-en-las-playas-de-barcelona\\\/#primaryimage\"},\"image\":{\"@id\":\"https:\\\/\\\/www.revistarambla.com\\\/huelga-de-socorristas-en-las-playas-de-barcelona\\\/#primaryimage\"},\"thumbnailUrl\":\"https:\\\/\\\/www.revistarambla.com\\\/wp-content\\\/uploads\\\/2025\\\/08\\\/socorristes-protestant-davant-lajuntament-de-barcelona-foto-acn-matilda-rodriguez.jpg\",\"datePublished\":\"2025-08-02T09:11:24+00:00\",\"breadcrumb\":{\"@id\":\"https:\\\/\\\/www.revistarambla.com\\\/huelga-de-socorristas-en-las-playas-de-barcelona\\\/#breadcrumb\"},\"inLanguage\":\"en-GB\",\"potentialAction\":[{\"@type\":\"ReadAction\",\"target\":[\"https:\\\/\\\/www.revistarambla.com\\\/huelga-de-socorristas-en-las-playas-de-barcelona\\\/\"]}]},{\"@type\":\"ImageObject\",\"inLanguage\":\"en-GB\",\"@id\":\"https:\\\/\\\/www.revistarambla.com\\\/huelga-de-socorristas-en-las-playas-de-barcelona\\\/#primaryimage\",\"url\":\"https:\\\/\\\/www.revistarambla.com\\\/wp-content\\\/uploads\\\/2025\\\/08\\\/socorristes-protestant-davant-lajuntament-de-barcelona-foto-acn-matilda-rodriguez.jpg\",\"contentUrl\":\"https:\\\/\\\/www.revistarambla.com\\\/wp-content\\\/uploads\\\/2025\\\/08\\\/socorristes-protestant-davant-lajuntament-de-barcelona-foto-acn-matilda-rodriguez.jpg\",\"width\":1200,\"height\":800,\"caption\":\"Huelga de socorristas\"},{\"@type\":\"BreadcrumbList\",\"@id\":\"https:\\\/\\\/www.revistarambla.com\\\/huelga-de-socorristas-en-las-playas-de-barcelona\\\/#breadcrumb\",\"itemListElement\":[{\"@type\":\"ListItem\",\"position\":1,\"name\":\"Portada\",\"item\":\"https:\\\/\\\/www.revistarambla.com\\\/\"},{\"@type\":\"ListItem\",\"position\":2,\"name\":\"Huelga de socorristas en las playas de Barcelona\"}]},{\"@type\":\"WebSite\",\"@id\":\"https:\\\/\\\/www.revistarambla.com\\\/#website\",\"url\":\"https:\\\/\\\/www.revistarambla.com\\\/\",\"name\":\"Revista Rambla Barcelona\",\"description\":\"Periodismo independiente\",\"publisher\":{\"@id\":\"https:\\\/\\\/www.revistarambla.com\\\/#organization\"},\"potentialAction\":[{\"@type\":\"SearchAction\",\"target\":{\"@type\":\"EntryPoint\",\"urlTemplate\":\"https:\\\/\\\/www.revistarambla.com\\\/?s={search_term_string}\"},\"query-input\":{\"@type\":\"PropertyValueSpecification\",\"valueRequired\":true,\"valueName\":\"search_term_string\"}}],\"inLanguage\":\"en-GB\"},{\"@type\":\"Organization\",\"@id\":\"https:\\\/\\\/www.revistarambla.com\\\/#organization\",\"name\":\"Revista Rambla\",\"url\":\"https:\\\/\\\/www.revistarambla.com\\\/\",\"logo\":{\"@type\":\"ImageObject\",\"inLanguage\":\"en-GB\",\"@id\":\"https:\\\/\\\/www.revistarambla.com\\\/#\\\/schema\\\/logo\\\/image\\\/\",\"url\":\"https:\\\/\\\/www.revistarambla.com\\\/wp-content\\\/uploads\\\/2020\\\/09\\\/banner_rambla_1900x600_BB.png\",\"contentUrl\":\"https:\\\/\\\/www.revistarambla.com\\\/wp-content\\\/uploads\\\/2020\\\/09\\\/banner_rambla_1900x600_BB.png\",\"width\":1900,\"height\":600,\"caption\":\"Revista Rambla\"},\"image\":{\"@id\":\"https:\\\/\\\/www.revistarambla.com\\\/#\\\/schema\\\/logo\\\/image\\\/\"},\"sameAs\":[\"https:\\\/\\\/www.facebook.com\\\/revistarambla\\\/\",\"https:\\\/\\\/x.com\\\/revistarambla\",\"https:\\\/\\\/www.instagram.com\\\/revista_rambla\",\"https:\\\/\\\/es.linkedin.com\\\/company\\\/revista-rambla\"]},{\"@type\":\"Person\",\"@id\":\"https:\\\/\\\/www.revistarambla.com\\\/#\\\/schema\\\/person\\\/a146a5a2550b94981a75131180e1bd9c\",\"name\":\"R@mbla\",\"description\":\"Este art\u00edculo ha sido redactado y\\\/o validado por el equipo de redacci\u00f3n de Revista Rambla.\",\"sameAs\":[\"https:\\\/\\\/www.revistarambla.com\\\/\",\"https:\\\/\\\/www.facebook.com\\\/revistarambla\",\"https:\\\/\\\/x.com\\\/revistarambla\"]}]}<\/script>\n<!-- \/ Yoast SEO plugin. -->","yoast_head_json":{"title":"Huelga de socorristas en las playas de Barcelona - Revista Rambla","robots":{"index":"index","follow":"follow","max-snippet":"max-snippet:-1","max-image-preview":"max-image-preview:large","max-video-preview":"max-video-preview:-1"},"canonical":"https:\/\/www.revistarambla.com\/en\/huelga-de-socorristas-en-las-playas-de-barcelona\/","og_locale":"en_GB","og_type":"article","og_title":"Huelga de socorristas en las playas de Barcelona - Revista Rambla","og_description":"En el coraz\u00f3n del verano de 2025, las playas de Barcelona, uno de los destinos tur\u00edsticos m\u00e1s ic\u00f3nicos de Europa, se encuentran en el centro de una controversia que trasciende el sol y la arena. Los socorristas, guardianes de la seguridad en las costas de la ciudad, han iniciado una [&hellip;]","og_url":"https:\/\/www.revistarambla.com\/en\/huelga-de-socorristas-en-las-playas-de-barcelona\/","og_site_name":"Revista Rambla","article_publisher":"https:\/\/www.facebook.com\/revistarambla\/","article_author":"https:\/\/www.facebook.com\/revistarambla","article_published_time":"2025-08-02T09:11:24+00:00","og_image":[{"width":1200,"height":800,"url":"https:\/\/www.revistarambla.com\/wp-content\/uploads\/2025\/08\/socorristes-protestant-davant-lajuntament-de-barcelona-foto-acn-matilda-rodriguez.jpg","type":"image\/jpeg"}],"author":"R@mbla","twitter_card":"summary_large_image","twitter_creator":"@revistarambla","twitter_site":"@revistarambla","twitter_misc":{"Written by":"R@mbla","Estimated reading time":"8 minutes"},"schema":{"@context":"https:\/\/schema.org","@graph":[{"@type":"Article","@id":"https:\/\/www.revistarambla.com\/huelga-de-socorristas-en-las-playas-de-barcelona\/#article","isPartOf":{"@id":"https:\/\/www.revistarambla.com\/huelga-de-socorristas-en-las-playas-de-barcelona\/"},"author":{"name":"R@mbla","@id":"https:\/\/www.revistarambla.com\/#\/schema\/person\/a146a5a2550b94981a75131180e1bd9c"},"headline":"Huelga de socorristas en las playas de Barcelona","datePublished":"2025-08-02T09:11:24+00:00","mainEntityOfPage":{"@id":"https:\/\/www.revistarambla.com\/huelga-de-socorristas-en-las-playas-de-barcelona\/"},"wordCount":1716,"publisher":{"@id":"https:\/\/www.revistarambla.com\/#organization"},"image":{"@id":"https:\/\/www.revistarambla.com\/huelga-de-socorristas-en-las-playas-de-barcelona\/#primaryimage"},"thumbnailUrl":"https:\/\/www.revistarambla.com\/wp-content\/uploads\/2025\/08\/socorristes-protestant-davant-lajuntament-de-barcelona-foto-acn-matilda-rodriguez.jpg","articleSection":["Barcelona"],"inLanguage":"en-GB"},{"@type":"WebPage","@id":"https:\/\/www.revistarambla.com\/huelga-de-socorristas-en-las-playas-de-barcelona\/","url":"https:\/\/www.revistarambla.com\/huelga-de-socorristas-en-las-playas-de-barcelona\/","name":"Huelga de socorristas en las playas de Barcelona - Revista Rambla","isPartOf":{"@id":"https:\/\/www.revistarambla.com\/#website"},"primaryImageOfPage":{"@id":"https:\/\/www.revistarambla.com\/huelga-de-socorristas-en-las-playas-de-barcelona\/#primaryimage"},"image":{"@id":"https:\/\/www.revistarambla.com\/huelga-de-socorristas-en-las-playas-de-barcelona\/#primaryimage"},"thumbnailUrl":"https:\/\/www.revistarambla.com\/wp-content\/uploads\/2025\/08\/socorristes-protestant-davant-lajuntament-de-barcelona-foto-acn-matilda-rodriguez.jpg","datePublished":"2025-08-02T09:11:24+00:00","breadcrumb":{"@id":"https:\/\/www.revistarambla.com\/huelga-de-socorristas-en-las-playas-de-barcelona\/#breadcrumb"},"inLanguage":"en-GB","potentialAction":[{"@type":"ReadAction","target":["https:\/\/www.revistarambla.com\/huelga-de-socorristas-en-las-playas-de-barcelona\/"]}]},{"@type":"ImageObject","inLanguage":"en-GB","@id":"https:\/\/www.revistarambla.com\/huelga-de-socorristas-en-las-playas-de-barcelona\/#primaryimage","url":"https:\/\/www.revistarambla.com\/wp-content\/uploads\/2025\/08\/socorristes-protestant-davant-lajuntament-de-barcelona-foto-acn-matilda-rodriguez.jpg","contentUrl":"https:\/\/www.revistarambla.com\/wp-content\/uploads\/2025\/08\/socorristes-protestant-davant-lajuntament-de-barcelona-foto-acn-matilda-rodriguez.jpg","width":1200,"height":800,"caption":"Huelga de socorristas"},{"@type":"BreadcrumbList","@id":"https:\/\/www.revistarambla.com\/huelga-de-socorristas-en-las-playas-de-barcelona\/#breadcrumb","itemListElement":[{"@type":"ListItem","position":1,"name":"Portada","item":"https:\/\/www.revistarambla.com\/"},{"@type":"ListItem","position":2,"name":"Huelga de socorristas en las playas de Barcelona"}]},{"@type":"WebSite","@id":"https:\/\/www.revistarambla.com\/#website","url":"https:\/\/www.revistarambla.com\/","name":"Revista Rambla Barcelona","description":"Periodismo independiente","publisher":{"@id":"https:\/\/www.revistarambla.com\/#organization"},"potentialAction":[{"@type":"SearchAction","target":{"@type":"EntryPoint","urlTemplate":"https:\/\/www.revistarambla.com\/?s={search_term_string}"},"query-input":{"@type":"PropertyValueSpecification","valueRequired":true,"valueName":"search_term_string"}}],"inLanguage":"en-GB"},{"@type":"Organization","@id":"https:\/\/www.revistarambla.com\/#organization","name":"Revista Rambla","url":"https:\/\/www.revistarambla.com\/","logo":{"@type":"ImageObject","inLanguage":"en-GB","@id":"https:\/\/www.revistarambla.com\/#\/schema\/logo\/image\/","url":"https:\/\/www.revistarambla.com\/wp-content\/uploads\/2020\/09\/banner_rambla_1900x600_BB.png","contentUrl":"https:\/\/www.revistarambla.com\/wp-content\/uploads\/2020\/09\/banner_rambla_1900x600_BB.png","width":1900,"height":600,"caption":"Revista Rambla"},"image":{"@id":"https:\/\/www.revistarambla.com\/#\/schema\/logo\/image\/"},"sameAs":["https:\/\/www.facebook.com\/revistarambla\/","https:\/\/x.com\/revistarambla","https:\/\/www.instagram.com\/revista_rambla","https:\/\/es.linkedin.com\/company\/revista-rambla"]},{"@type":"Person","@id":"https:\/\/www.revistarambla.com\/#\/schema\/person\/a146a5a2550b94981a75131180e1bd9c","name":"R@mbla","description":"Este art\u00edculo ha sido redactado y\/o validado por el equipo de redacci\u00f3n de Revista Rambla.","sameAs":["https:\/\/www.revistarambla.com\/","https:\/\/www.facebook.com\/revistarambla","https:\/\/x.com\/revistarambla"]}]}},"_links":{"self":[{"href":"https:\/\/www.revistarambla.com\/en\/wp-json\/wp\/v2\/posts\/65931","targetHints":{"allow":["GET"]}}],"collection":[{"href":"https:\/\/www.revistarambla.com\/en\/wp-json\/wp\/v2\/posts"}],"about":[{"href":"https:\/\/www.revistarambla.com\/en\/wp-json\/wp\/v2\/types\/post"}],"author":[{"embeddable":true,"href":"https:\/\/www.revistarambla.com\/en\/wp-json\/wp\/v2\/users\/3"}],"replies":[{"embeddable":true,"href":"https:\/\/www.revistarambla.com\/en\/wp-json\/wp\/v2\/comments?post=65931"}],"version-history":[{"count":1,"href":"https:\/\/www.revistarambla.com\/en\/wp-json\/wp\/v2\/posts\/65931\/revisions"}],"predecessor-version":[{"id":65933,"href":"https:\/\/www.revistarambla.com\/en\/wp-json\/wp\/v2\/posts\/65931\/revisions\/65933"}],"wp:featuredmedia":[{"embeddable":true,"href":"https:\/\/www.revistarambla.com\/en\/wp-json\/wp\/v2\/media\/65932"}],"wp:attachment":[{"href":"https:\/\/www.revistarambla.com\/en\/wp-json\/wp\/v2\/media?parent=65931"}],"wp:term":[{"taxonomy":"category","embeddable":true,"href":"https:\/\/www.revistarambla.com\/en\/wp-json\/wp\/v2\/categories?post=65931"},{"taxonomy":"post_tag","embeddable":true,"href":"https:\/\/www.revistarambla.com\/en\/wp-json\/wp\/v2\/tags?post=65931"}],"curies":[{"name":"wp","href":"https:\/\/api.w.org\/{rel}","templated":true}]}}