{"id":65917,"date":"2025-07-31T20:32:07","date_gmt":"2025-07-31T18:32:07","guid":{"rendered":"https:\/\/www.revistarambla.com\/?p=65917"},"modified":"2025-08-05T13:58:54","modified_gmt":"2025-08-05T11:58:54","slug":"el-consejo-de-europa-denuncia-maltratos-en-carceles-y-comisarias-de-cataluna","status":"publish","type":"post","link":"https:\/\/www.revistarambla.com\/en\/el-consejo-de-europa-denuncia-maltratos-en-carceles-y-comisarias-de-cataluna\/","title":{"rendered":"El Consejo de Europa denuncia maltratos en c\u00e1rceles y comisar\u00edas de Catalu\u00f1a"},"content":{"rendered":"<p>Un informe del Comit\u00e9 para la Prevenci\u00f3n de la Tortura (CPT) del Consejo de Europa, publicado el 31 de julio de 2025, ha puesto en el centro de la controversia las pr\u00e1cticas de detenci\u00f3n en Catalu\u00f1a. Basado en testimonios de detenidos, informes m\u00e9dicos y observaciones directas durante una visita realizada entre el 25 de noviembre y el 5 de diciembre de 2024, el documento denuncia casos de malos tratos en comisar\u00edas de los Mossos d\u2019Esquadra y centros penitenciarios catalanes, as\u00ed como el uso problem\u00e1tico de la contenci\u00f3n mec\u00e1nica, como atar a presos a camas con correas, con fines disciplinarios. El informe, que tambi\u00e9n se\u00f1ala deficiencias estructurales en las celdas y la falta de atenci\u00f3n psiqui\u00e1trica adecuada, ha generado reacciones inmediatas de sindicatos policiales, autoridades pol\u00edticas y organizaciones de derechos humanos.<\/p>\n<p>El CPT, encargado de supervisar el trato a personas privadas de libertad en los estados miembros del Consejo de Europa, realiz\u00f3 una inspecci\u00f3n exhaustiva en Catalunya a finales de 2024. La delegaci\u00f3n visit\u00f3 cinco comisar\u00edas, incluidas la de Les Corts y la Ciudad de la Justicia en Barcelona, as\u00ed como las sedes de la Polic\u00eda Nacional y la Guardia Civil. Tambi\u00e9n inspeccion\u00f3 centros penitenciarios como Brians 1, Brians 2, Lledoners, Quatre Camins, el centro de menores Els Til\u00b7lers y el Hospital Penitenciario de Terrassa. El objetivo era evaluar las condiciones de detenci\u00f3n, con especial atenci\u00f3n a los Departaments Especials de R\u00e8gim Tancat (DERT) y las pr\u00e1cticas de contenci\u00f3n mec\u00e1nica.<\/p>\n<p>El informe, de 74 p\u00e1ginas, se basa en entrevistas con detenidos, personal penitenciario y policial, as\u00ed como en registros m\u00e9dicos y observaciones de las instalaciones. Aunque reconoce que la mayor\u00eda de los entrevistados reportaron un trato correcto, el CPT document\u00f3 denuncias cre\u00edbles de malos tratos f\u00edsicos, incluidas \u201cbofetadas, pu\u00f1etazos y golpes con porras\u201d durante detenciones, traslados a comisar\u00edas o en prisiones. Estas pr\u00e1cticas, seg\u00fan el comit\u00e9, reflejan una falta de supervisi\u00f3n adecuada y una cultura de tolerancia impl\u00edcita hacia el uso excesivo de la fuerza.<\/p>\n<h2>Denuncias de Malos Tratos y Contenci\u00f3n Mec\u00e1nica<\/h2>\n<p>Uno de los hallazgos m\u00e1s alarmantes del informe es el uso continuado de la contenci\u00f3n mec\u00e1nica, particularmente atar a presos y menores a camas con correas, como medida disciplinaria. El CPT califica esta pr\u00e1ctica como \u201cproblem\u00e1tica\u201d y se\u00f1ala que supone un \u201criesgo de malos tratos\u201d, especialmente cuando se aplica a personas con trastornos mentales o en posici\u00f3n boca abajo, lo que puede facilitar la administraci\u00f3n forzada de inyecciones intramusculares. Esta pr\u00e1ctica, que ya hab\u00eda sido criticada por el CPT en informes de 2016, 2018 y 2020, persiste a pesar de las recomendaciones previas.<\/p>\n<p>En las comisar\u00edas, el informe documenta denuncias de agresiones f\u00edsicas por parte de los Mossos d\u2019Esquadra, especialmente en el momento de la detenci\u00f3n o durante el traslado. Aunque la mayor\u00eda de los detenidos entrevistados afirmaron haber sido tratados correctamente, varios reportaron incidentes de violencia, respaldados en algunos casos por registros m\u00e9dicos que documentaban lesiones. El CPT tambi\u00e9n critica las condiciones materiales de las celdas policiales, se\u00f1alando deficiencias como la falta de luz natural, ventilaci\u00f3n adecuada, acceso al agua y timbres de llamada.<\/p>\n<p>En los centros penitenciarios, el informe destaca el uso excesivo de la fuerza por parte del personal, incluyendo \u201cbofetadas, pu\u00f1etazos y golpes con porras\u201d en contextos de disturbios o resistencia pasiva. Adem\u00e1s, el CPT expresa preocupaci\u00f3n por la falta de atenci\u00f3n psiqui\u00e1trica para presos con trastornos mentales y el uso sistem\u00e1tico de esposas durante traslados o ex\u00e1menes m\u00e9dicos, lo que vulnera la confidencialidad y la dignidad de los detenidos.<\/p>\n<p>En los centros de menores, como Els Til\u00b7lers, el CPT valora positivamente las condiciones generales y la oferta de actividades, pero denuncia el uso excesivo de la fuerza por parte del personal de seguridad privada y la aplicaci\u00f3n de contenci\u00f3n mec\u00e1nica en unidades terap\u00e9uticas. El informe recomienda abolir estas pr\u00e1cticas y explorar alternativas, como celdas acolchadas, para gestionar comportamientos violentos.<\/p>\n<h2>Recomendaciones del CPT<\/h2>\n<p>El CPT propone una serie de medidas urgentes para abordar las deficiencias identificadas:<\/p>\n<ol>\n<li><strong>Tolerancia Cero a los Malos Tratos<\/strong>: Recomienda que los altos mandos de los Mossos d\u2019Esquadra y las autoridades penitenciarias difundan un mensaje claro de \u201ctolerancia cero\u201d hacia los malos tratos, acompa\u00f1ado de formaci\u00f3n en t\u00e9cnicas de control manual y supervisi\u00f3n reforzada.<\/li>\n<li><strong>Abolici\u00f3n de la Contenci\u00f3n Mec\u00e1nica<\/strong>: Insta a eliminar el uso de correas para inmovilizar a presos y menores, especialmente con fines punitivos, y limitar su aplicaci\u00f3n a entornos m\u00e9dicos bajo supervisi\u00f3n profesional.<\/li>\n<li><strong>Mejora de las Condiciones de Detenci\u00f3n<\/strong>: Exige abordar las deficiencias estructurales en las celdas, garantizando acceso a luz natural, ventilaci\u00f3n, agua y timbres de llamada. Tambi\u00e9n recomienda realizar ex\u00e1menes m\u00e9dicos sin la presencia de agentes y sin esposas, salvo en casos excepcionales.<\/li>\n<li><strong>Atenci\u00f3n Psiqui\u00e1trica y Rehabilitaci\u00f3n<\/strong>: Pide aumentar la asistencia psiqui\u00e1trica en prisiones y ofrecer m\u00e1s actividades de rehabilitaci\u00f3n en los DERT, reduciendo el uso de medidas de contenci\u00f3n desproporcionadas.<\/li>\n<li><strong>Supervisi\u00f3n en Centros de Menores<\/strong>: Sugiere una mayor regulaci\u00f3n del personal de seguridad privada y la eliminaci\u00f3n de la segregaci\u00f3n como castigo disciplinario.<\/li>\n<\/ol>\n<h2>Respuesta de los Sindicatos Policiales<\/h2>\n<p>Los sindicatos de los Mossos d\u2019Esquadra han reaccionado con escepticismo y cr\u00edticas al informe del CPT. Fuentes citadas por la Agencia Catalana de Noticias (ACN) aseguraron que los casos de malos tratos denunciados fueron investigados internamente y que, en ning\u00fan caso, los afectados presentaron denuncias formales. Los sindicatos defendieron la actuaci\u00f3n policial, argumentando que las acusaciones no fueron contrastadas con los agentes implicados ni con otras fuentes, lo que calificaron como un \u201cm\u00e9todo poco riguroso\u201d de recolecci\u00f3n de testimonios.<\/p>\n<p>Un portavoz de un sindicato mayoritario de los Mossos afirm\u00f3: \u201cRespetamos el informe, pero negamos rotundamente las generalizaciones sobre malos tratos. Nuestros agentes operan bajo estrictos protocolos y en contextos de alta presi\u00f3n. Pedimos que las denuncias se investiguen caso por caso, con pruebas concretas.\u201d Los sindicatos tambi\u00e9n destacaron los programas de formaci\u00f3n en t\u00e9cnicas de control manual implementados en los \u00faltimos a\u00f1os y solicitaron m\u00e1s recursos para mejorar las condiciones de trabajo y detenci\u00f3n.<\/p>\n<h2>Respuesta de las Autoridades Pol\u00edticas<\/h2>\n<p>Tanto el Ministerio del Interior espa\u00f1ol como la Generalitat de Catalunya emitieron respuestas oficiales al informe, defendiendo las pr\u00e1cticas de sus departamentos y subrayando su compromiso con los derechos humanos. En abril de 2025, las autoridades espa\u00f1olas detallaron medidas ya en marcha, como programas para gestionar presos violentos, el aumento de personal penitenciario y mejoras en las condiciones de los DERT. La Generalitat, por su parte, destac\u00f3 los esfuerzos para modernizar las instalaciones y reforzar la formaci\u00f3n de los Mossos.<\/p>\n<p>La consellera de Interior, N\u00faria Parlon, afirm\u00f3: \u201cTomamos muy en serio las recomendaciones del CPT y continuaremos trabajando para garantizar que nuestras pr\u00e1cticas cumplan con los m\u00e1s altos est\u00e1ndares de derechos humanos.\u201d Ramon Espadaler, responsable de Justicia, a\u00f1adi\u00f3 que se est\u00e1n revisando los protocolos de contenci\u00f3n mec\u00e1nica y se priorizar\u00e1 la atenci\u00f3n psiqui\u00e1trica en las prisiones.<\/p>\n<p>Sin embargo, organizaciones de derechos humanos como Amnist\u00eda Internacional y el Observatori del Sistema Penal i els Drets Humans han criticado la respuesta oficial, calific\u00e1ndola de insuficiente. Exigen investigaciones independientes sobre los casos denunciados y una reforma estructural para erradicar las pr\u00e1cticas de maltrato.<\/p>\n<h2>Implicaciones y Perspectivas<\/h2>\n<p>El informe del CPT ha reavivado el debate sobre las condiciones de detenci\u00f3n en Catalunya y la necesidad de reformas en el sistema policial y penitenciario. Aunque el reconocimiento de ciertas mejoras, como la reducci\u00f3n de los periodos de aislamiento, es un paso positivo, las denuncias de malos tratos y el uso continuado de contenci\u00f3n mec\u00e1nica plantean serias preguntas sobre la efectividad de las medidas adoptadas hasta ahora.<\/p>\n<p>La presi\u00f3n internacional del Consejo de Europa podr\u00eda impulsar cambios significativos, pero la resistencia de los sindicatos policiales y la cautela de las autoridades sugieren que el camino hacia la reforma ser\u00e1 complejo. Para los defensores de los derechos humanos, el informe es una oportunidad para exigir mayor transparencia y rendici\u00f3n de cuentas, mientras que para las autoridades representa un desaf\u00edo para equilibrar la seguridad con el respeto a los derechos fundamentales.<\/p>\n<p>En conclusi\u00f3n, el informe del CPT pone de manifiesto la urgencia de abordar las deficiencias en el sistema de detenci\u00f3n catal\u00e1n. La eliminaci\u00f3n de pr\u00e1cticas como la contenci\u00f3n mec\u00e1nica, la mejora de las condiciones de las celdas y una pol\u00edtica de tolerancia cero hacia los malos tratos son pasos esenciales para garantizar que Catalunya cumpla con sus obligaciones internacionales en materia de derechos humanos. El di\u00e1logo entre autoridades, sindicatos y sociedad civil ser\u00e1 clave para transformar estas recomendaciones en realidades concretas.<\/p>","protected":false},"excerpt":{"rendered":"<p>Un informe del Comit\u00e9 para la Prevenci\u00f3n de la Tortura (CPT) del Consejo de Europa, publicado el 31 de julio de 2025, ha puesto en el centro de la controversia las pr\u00e1cticas de detenci\u00f3n en Catalu\u00f1a. Basado en testimonios de detenidos, informes m\u00e9dicos y observaciones directas durante una visita realizada [&hellip;]<\/p>\n","protected":false},"author":3,"featured_media":65919,"comment_status":"closed","ping_status":"closed","sticky":false,"template":"","format":"standard","meta":{"footnotes":""},"categories":[59],"tags":[],"class_list":["post-65917","post","type-post","status-publish","format-standard","has-post-thumbnail","hentry","category-catalunya"],"yoast_head":"<!-- This site is optimized with the Yoast SEO plugin v27.5 - https:\/\/yoast.com\/product\/yoast-seo-wordpress\/ -->\n<title>El Consejo de Europa denuncia maltratos en c\u00e1rceles y comisar\u00edas de Catalu\u00f1a - Revista Rambla<\/title>\n<meta name=\"robots\" content=\"index, follow, max-snippet:-1, max-image-preview:large, max-video-preview:-1\" \/>\n<link rel=\"canonical\" href=\"https:\/\/www.revistarambla.com\/en\/el-consejo-de-europa-denuncia-maltratos-en-carceles-y-comisarias-de-cataluna\/\" \/>\n<meta property=\"og:locale\" content=\"en_GB\" \/>\n<meta property=\"og:type\" content=\"article\" \/>\n<meta property=\"og:title\" content=\"El Consejo de Europa denuncia maltratos en c\u00e1rceles y comisar\u00edas de Catalu\u00f1a - Revista Rambla\" \/>\n<meta property=\"og:description\" content=\"Un informe del Comit\u00e9 para la Prevenci\u00f3n de la Tortura (CPT) del Consejo de Europa, publicado el 31 de julio de 2025, ha puesto en el centro de la controversia las pr\u00e1cticas de detenci\u00f3n en Catalu\u00f1a. Basado en testimonios de detenidos, informes m\u00e9dicos y observaciones directas durante una visita realizada [&hellip;]\" \/>\n<meta property=\"og:url\" content=\"https:\/\/www.revistarambla.com\/en\/el-consejo-de-europa-denuncia-maltratos-en-carceles-y-comisarias-de-cataluna\/\" \/>\n<meta property=\"og:site_name\" content=\"Revista Rambla\" \/>\n<meta property=\"article:publisher\" content=\"https:\/\/www.facebook.com\/revistarambla\/\" \/>\n<meta property=\"article:author\" content=\"https:\/\/www.facebook.com\/revistarambla\" \/>\n<meta property=\"article:published_time\" content=\"2025-07-31T18:32:07+00:00\" \/>\n<meta property=\"article:modified_time\" content=\"2025-08-05T11:58:54+00:00\" \/>\n<meta property=\"og:image\" content=\"https:\/\/www.revistarambla.com\/wp-content\/uploads\/2025\/07\/Cmdlmsdskdlh.jpg\" \/>\n\t<meta property=\"og:image:width\" content=\"1024\" \/>\n\t<meta property=\"og:image:height\" content=\"768\" \/>\n\t<meta property=\"og:image:type\" content=\"image\/jpeg\" \/>\n<meta name=\"author\" content=\"R@mbla\" \/>\n<meta name=\"twitter:card\" content=\"summary_large_image\" \/>\n<meta name=\"twitter:creator\" content=\"@revistarambla\" \/>\n<meta name=\"twitter:site\" content=\"@revistarambla\" \/>\n<meta name=\"twitter:label1\" content=\"Written by\" \/>\n\t<meta name=\"twitter:data1\" content=\"R@mbla\" \/>\n\t<meta name=\"twitter:label2\" content=\"Estimated reading time\" \/>\n\t<meta name=\"twitter:data2\" content=\"7 minutes\" \/>\n<script type=\"application\/ld+json\" class=\"yoast-schema-graph\">{\"@context\":\"https:\\\/\\\/schema.org\",\"@graph\":[{\"@type\":\"Article\",\"@id\":\"https:\\\/\\\/www.revistarambla.com\\\/el-consejo-de-europa-denuncia-maltratos-en-carceles-y-comisarias-de-cataluna\\\/#article\",\"isPartOf\":{\"@id\":\"https:\\\/\\\/www.revistarambla.com\\\/el-consejo-de-europa-denuncia-maltratos-en-carceles-y-comisarias-de-cataluna\\\/\"},\"author\":{\"name\":\"R@mbla\",\"@id\":\"https:\\\/\\\/www.revistarambla.com\\\/#\\\/schema\\\/person\\\/a146a5a2550b94981a75131180e1bd9c\"},\"headline\":\"El Consejo de Europa denuncia maltratos en c\u00e1rceles y comisar\u00edas de Catalu\u00f1a\",\"datePublished\":\"2025-07-31T18:32:07+00:00\",\"dateModified\":\"2025-08-05T11:58:54+00:00\",\"mainEntityOfPage\":{\"@id\":\"https:\\\/\\\/www.revistarambla.com\\\/el-consejo-de-europa-denuncia-maltratos-en-carceles-y-comisarias-de-cataluna\\\/\"},\"wordCount\":1535,\"publisher\":{\"@id\":\"https:\\\/\\\/www.revistarambla.com\\\/#organization\"},\"image\":{\"@id\":\"https:\\\/\\\/www.revistarambla.com\\\/el-consejo-de-europa-denuncia-maltratos-en-carceles-y-comisarias-de-cataluna\\\/#primaryimage\"},\"thumbnailUrl\":\"https:\\\/\\\/www.revistarambla.com\\\/wp-content\\\/uploads\\\/2025\\\/07\\\/Cmdlmsdskdlh.jpg\",\"articleSection\":[\"Catalunya\"],\"inLanguage\":\"en-GB\"},{\"@type\":\"WebPage\",\"@id\":\"https:\\\/\\\/www.revistarambla.com\\\/el-consejo-de-europa-denuncia-maltratos-en-carceles-y-comisarias-de-cataluna\\\/\",\"url\":\"https:\\\/\\\/www.revistarambla.com\\\/el-consejo-de-europa-denuncia-maltratos-en-carceles-y-comisarias-de-cataluna\\\/\",\"name\":\"El Consejo de Europa denuncia maltratos en c\u00e1rceles y comisar\u00edas de Catalu\u00f1a - Revista Rambla\",\"isPartOf\":{\"@id\":\"https:\\\/\\\/www.revistarambla.com\\\/#website\"},\"primaryImageOfPage\":{\"@id\":\"https:\\\/\\\/www.revistarambla.com\\\/el-consejo-de-europa-denuncia-maltratos-en-carceles-y-comisarias-de-cataluna\\\/#primaryimage\"},\"image\":{\"@id\":\"https:\\\/\\\/www.revistarambla.com\\\/el-consejo-de-europa-denuncia-maltratos-en-carceles-y-comisarias-de-cataluna\\\/#primaryimage\"},\"thumbnailUrl\":\"https:\\\/\\\/www.revistarambla.com\\\/wp-content\\\/uploads\\\/2025\\\/07\\\/Cmdlmsdskdlh.jpg\",\"datePublished\":\"2025-07-31T18:32:07+00:00\",\"dateModified\":\"2025-08-05T11:58:54+00:00\",\"breadcrumb\":{\"@id\":\"https:\\\/\\\/www.revistarambla.com\\\/el-consejo-de-europa-denuncia-maltratos-en-carceles-y-comisarias-de-cataluna\\\/#breadcrumb\"},\"inLanguage\":\"en-GB\",\"potentialAction\":[{\"@type\":\"ReadAction\",\"target\":[\"https:\\\/\\\/www.revistarambla.com\\\/el-consejo-de-europa-denuncia-maltratos-en-carceles-y-comisarias-de-cataluna\\\/\"]}]},{\"@type\":\"ImageObject\",\"inLanguage\":\"en-GB\",\"@id\":\"https:\\\/\\\/www.revistarambla.com\\\/el-consejo-de-europa-denuncia-maltratos-en-carceles-y-comisarias-de-cataluna\\\/#primaryimage\",\"url\":\"https:\\\/\\\/www.revistarambla.com\\\/wp-content\\\/uploads\\\/2025\\\/07\\\/Cmdlmsdskdlh.jpg\",\"contentUrl\":\"https:\\\/\\\/www.revistarambla.com\\\/wp-content\\\/uploads\\\/2025\\\/07\\\/Cmdlmsdskdlh.jpg\",\"width\":1024,\"height\":768,\"caption\":\"maltratos en c\u00e1rceles y comisar\u00edas de Catalu\u00f1a mossos\"},{\"@type\":\"BreadcrumbList\",\"@id\":\"https:\\\/\\\/www.revistarambla.com\\\/el-consejo-de-europa-denuncia-maltratos-en-carceles-y-comisarias-de-cataluna\\\/#breadcrumb\",\"itemListElement\":[{\"@type\":\"ListItem\",\"position\":1,\"name\":\"Portada\",\"item\":\"https:\\\/\\\/www.revistarambla.com\\\/\"},{\"@type\":\"ListItem\",\"position\":2,\"name\":\"El Consejo de Europa denuncia maltratos en c\u00e1rceles y comisar\u00edas de Catalu\u00f1a\"}]},{\"@type\":\"WebSite\",\"@id\":\"https:\\\/\\\/www.revistarambla.com\\\/#website\",\"url\":\"https:\\\/\\\/www.revistarambla.com\\\/\",\"name\":\"Revista Rambla Barcelona\",\"description\":\"Periodismo independiente\",\"publisher\":{\"@id\":\"https:\\\/\\\/www.revistarambla.com\\\/#organization\"},\"potentialAction\":[{\"@type\":\"SearchAction\",\"target\":{\"@type\":\"EntryPoint\",\"urlTemplate\":\"https:\\\/\\\/www.revistarambla.com\\\/?s={search_term_string}\"},\"query-input\":{\"@type\":\"PropertyValueSpecification\",\"valueRequired\":true,\"valueName\":\"search_term_string\"}}],\"inLanguage\":\"en-GB\"},{\"@type\":\"Organization\",\"@id\":\"https:\\\/\\\/www.revistarambla.com\\\/#organization\",\"name\":\"Revista Rambla\",\"url\":\"https:\\\/\\\/www.revistarambla.com\\\/\",\"logo\":{\"@type\":\"ImageObject\",\"inLanguage\":\"en-GB\",\"@id\":\"https:\\\/\\\/www.revistarambla.com\\\/#\\\/schema\\\/logo\\\/image\\\/\",\"url\":\"https:\\\/\\\/www.revistarambla.com\\\/wp-content\\\/uploads\\\/2020\\\/09\\\/banner_rambla_1900x600_BB.png\",\"contentUrl\":\"https:\\\/\\\/www.revistarambla.com\\\/wp-content\\\/uploads\\\/2020\\\/09\\\/banner_rambla_1900x600_BB.png\",\"width\":1900,\"height\":600,\"caption\":\"Revista Rambla\"},\"image\":{\"@id\":\"https:\\\/\\\/www.revistarambla.com\\\/#\\\/schema\\\/logo\\\/image\\\/\"},\"sameAs\":[\"https:\\\/\\\/www.facebook.com\\\/revistarambla\\\/\",\"https:\\\/\\\/x.com\\\/revistarambla\",\"https:\\\/\\\/www.instagram.com\\\/revista_rambla\",\"https:\\\/\\\/es.linkedin.com\\\/company\\\/revista-rambla\"]},{\"@type\":\"Person\",\"@id\":\"https:\\\/\\\/www.revistarambla.com\\\/#\\\/schema\\\/person\\\/a146a5a2550b94981a75131180e1bd9c\",\"name\":\"R@mbla\",\"description\":\"Este art\u00edculo ha sido redactado y\\\/o validado por el equipo de redacci\u00f3n de Revista Rambla.\",\"sameAs\":[\"https:\\\/\\\/www.revistarambla.com\\\/\",\"https:\\\/\\\/www.facebook.com\\\/revistarambla\",\"https:\\\/\\\/x.com\\\/revistarambla\"]}]}<\/script>\n<!-- \/ Yoast SEO plugin. -->","yoast_head_json":{"title":"El Consejo de Europa denuncia maltratos en c\u00e1rceles y comisar\u00edas de Catalu\u00f1a - Revista Rambla","robots":{"index":"index","follow":"follow","max-snippet":"max-snippet:-1","max-image-preview":"max-image-preview:large","max-video-preview":"max-video-preview:-1"},"canonical":"https:\/\/www.revistarambla.com\/en\/el-consejo-de-europa-denuncia-maltratos-en-carceles-y-comisarias-de-cataluna\/","og_locale":"en_GB","og_type":"article","og_title":"El Consejo de Europa denuncia maltratos en c\u00e1rceles y comisar\u00edas de Catalu\u00f1a - Revista Rambla","og_description":"Un informe del Comit\u00e9 para la Prevenci\u00f3n de la Tortura (CPT) del Consejo de Europa, publicado el 31 de julio de 2025, ha puesto en el centro de la controversia las pr\u00e1cticas de detenci\u00f3n en Catalu\u00f1a. Basado en testimonios de detenidos, informes m\u00e9dicos y observaciones directas durante una visita realizada [&hellip;]","og_url":"https:\/\/www.revistarambla.com\/en\/el-consejo-de-europa-denuncia-maltratos-en-carceles-y-comisarias-de-cataluna\/","og_site_name":"Revista Rambla","article_publisher":"https:\/\/www.facebook.com\/revistarambla\/","article_author":"https:\/\/www.facebook.com\/revistarambla","article_published_time":"2025-07-31T18:32:07+00:00","article_modified_time":"2025-08-05T11:58:54+00:00","og_image":[{"width":1024,"height":768,"url":"https:\/\/www.revistarambla.com\/wp-content\/uploads\/2025\/07\/Cmdlmsdskdlh.jpg","type":"image\/jpeg"}],"author":"R@mbla","twitter_card":"summary_large_image","twitter_creator":"@revistarambla","twitter_site":"@revistarambla","twitter_misc":{"Written by":"R@mbla","Estimated reading time":"7 minutes"},"schema":{"@context":"https:\/\/schema.org","@graph":[{"@type":"Article","@id":"https:\/\/www.revistarambla.com\/el-consejo-de-europa-denuncia-maltratos-en-carceles-y-comisarias-de-cataluna\/#article","isPartOf":{"@id":"https:\/\/www.revistarambla.com\/el-consejo-de-europa-denuncia-maltratos-en-carceles-y-comisarias-de-cataluna\/"},"author":{"name":"R@mbla","@id":"https:\/\/www.revistarambla.com\/#\/schema\/person\/a146a5a2550b94981a75131180e1bd9c"},"headline":"El Consejo de Europa denuncia maltratos en c\u00e1rceles y comisar\u00edas de Catalu\u00f1a","datePublished":"2025-07-31T18:32:07+00:00","dateModified":"2025-08-05T11:58:54+00:00","mainEntityOfPage":{"@id":"https:\/\/www.revistarambla.com\/el-consejo-de-europa-denuncia-maltratos-en-carceles-y-comisarias-de-cataluna\/"},"wordCount":1535,"publisher":{"@id":"https:\/\/www.revistarambla.com\/#organization"},"image":{"@id":"https:\/\/www.revistarambla.com\/el-consejo-de-europa-denuncia-maltratos-en-carceles-y-comisarias-de-cataluna\/#primaryimage"},"thumbnailUrl":"https:\/\/www.revistarambla.com\/wp-content\/uploads\/2025\/07\/Cmdlmsdskdlh.jpg","articleSection":["Catalunya"],"inLanguage":"en-GB"},{"@type":"WebPage","@id":"https:\/\/www.revistarambla.com\/el-consejo-de-europa-denuncia-maltratos-en-carceles-y-comisarias-de-cataluna\/","url":"https:\/\/www.revistarambla.com\/el-consejo-de-europa-denuncia-maltratos-en-carceles-y-comisarias-de-cataluna\/","name":"El Consejo de Europa denuncia maltratos en c\u00e1rceles y comisar\u00edas de Catalu\u00f1a - Revista Rambla","isPartOf":{"@id":"https:\/\/www.revistarambla.com\/#website"},"primaryImageOfPage":{"@id":"https:\/\/www.revistarambla.com\/el-consejo-de-europa-denuncia-maltratos-en-carceles-y-comisarias-de-cataluna\/#primaryimage"},"image":{"@id":"https:\/\/www.revistarambla.com\/el-consejo-de-europa-denuncia-maltratos-en-carceles-y-comisarias-de-cataluna\/#primaryimage"},"thumbnailUrl":"https:\/\/www.revistarambla.com\/wp-content\/uploads\/2025\/07\/Cmdlmsdskdlh.jpg","datePublished":"2025-07-31T18:32:07+00:00","dateModified":"2025-08-05T11:58:54+00:00","breadcrumb":{"@id":"https:\/\/www.revistarambla.com\/el-consejo-de-europa-denuncia-maltratos-en-carceles-y-comisarias-de-cataluna\/#breadcrumb"},"inLanguage":"en-GB","potentialAction":[{"@type":"ReadAction","target":["https:\/\/www.revistarambla.com\/el-consejo-de-europa-denuncia-maltratos-en-carceles-y-comisarias-de-cataluna\/"]}]},{"@type":"ImageObject","inLanguage":"en-GB","@id":"https:\/\/www.revistarambla.com\/el-consejo-de-europa-denuncia-maltratos-en-carceles-y-comisarias-de-cataluna\/#primaryimage","url":"https:\/\/www.revistarambla.com\/wp-content\/uploads\/2025\/07\/Cmdlmsdskdlh.jpg","contentUrl":"https:\/\/www.revistarambla.com\/wp-content\/uploads\/2025\/07\/Cmdlmsdskdlh.jpg","width":1024,"height":768,"caption":"maltratos en c\u00e1rceles y comisar\u00edas de Catalu\u00f1a mossos"},{"@type":"BreadcrumbList","@id":"https:\/\/www.revistarambla.com\/el-consejo-de-europa-denuncia-maltratos-en-carceles-y-comisarias-de-cataluna\/#breadcrumb","itemListElement":[{"@type":"ListItem","position":1,"name":"Portada","item":"https:\/\/www.revistarambla.com\/"},{"@type":"ListItem","position":2,"name":"El Consejo de Europa denuncia maltratos en c\u00e1rceles y comisar\u00edas de Catalu\u00f1a"}]},{"@type":"WebSite","@id":"https:\/\/www.revistarambla.com\/#website","url":"https:\/\/www.revistarambla.com\/","name":"Revista Rambla Barcelona","description":"Periodismo independiente","publisher":{"@id":"https:\/\/www.revistarambla.com\/#organization"},"potentialAction":[{"@type":"SearchAction","target":{"@type":"EntryPoint","urlTemplate":"https:\/\/www.revistarambla.com\/?s={search_term_string}"},"query-input":{"@type":"PropertyValueSpecification","valueRequired":true,"valueName":"search_term_string"}}],"inLanguage":"en-GB"},{"@type":"Organization","@id":"https:\/\/www.revistarambla.com\/#organization","name":"Revista Rambla","url":"https:\/\/www.revistarambla.com\/","logo":{"@type":"ImageObject","inLanguage":"en-GB","@id":"https:\/\/www.revistarambla.com\/#\/schema\/logo\/image\/","url":"https:\/\/www.revistarambla.com\/wp-content\/uploads\/2020\/09\/banner_rambla_1900x600_BB.png","contentUrl":"https:\/\/www.revistarambla.com\/wp-content\/uploads\/2020\/09\/banner_rambla_1900x600_BB.png","width":1900,"height":600,"caption":"Revista Rambla"},"image":{"@id":"https:\/\/www.revistarambla.com\/#\/schema\/logo\/image\/"},"sameAs":["https:\/\/www.facebook.com\/revistarambla\/","https:\/\/x.com\/revistarambla","https:\/\/www.instagram.com\/revista_rambla","https:\/\/es.linkedin.com\/company\/revista-rambla"]},{"@type":"Person","@id":"https:\/\/www.revistarambla.com\/#\/schema\/person\/a146a5a2550b94981a75131180e1bd9c","name":"R@mbla","description":"Este art\u00edculo ha sido redactado y\/o validado por el equipo de redacci\u00f3n de Revista Rambla.","sameAs":["https:\/\/www.revistarambla.com\/","https:\/\/www.facebook.com\/revistarambla","https:\/\/x.com\/revistarambla"]}]}},"_links":{"self":[{"href":"https:\/\/www.revistarambla.com\/en\/wp-json\/wp\/v2\/posts\/65917","targetHints":{"allow":["GET"]}}],"collection":[{"href":"https:\/\/www.revistarambla.com\/en\/wp-json\/wp\/v2\/posts"}],"about":[{"href":"https:\/\/www.revistarambla.com\/en\/wp-json\/wp\/v2\/types\/post"}],"author":[{"embeddable":true,"href":"https:\/\/www.revistarambla.com\/en\/wp-json\/wp\/v2\/users\/3"}],"replies":[{"embeddable":true,"href":"https:\/\/www.revistarambla.com\/en\/wp-json\/wp\/v2\/comments?post=65917"}],"version-history":[{"count":2,"href":"https:\/\/www.revistarambla.com\/en\/wp-json\/wp\/v2\/posts\/65917\/revisions"}],"predecessor-version":[{"id":65920,"href":"https:\/\/www.revistarambla.com\/en\/wp-json\/wp\/v2\/posts\/65917\/revisions\/65920"}],"wp:featuredmedia":[{"embeddable":true,"href":"https:\/\/www.revistarambla.com\/en\/wp-json\/wp\/v2\/media\/65919"}],"wp:attachment":[{"href":"https:\/\/www.revistarambla.com\/en\/wp-json\/wp\/v2\/media?parent=65917"}],"wp:term":[{"taxonomy":"category","embeddable":true,"href":"https:\/\/www.revistarambla.com\/en\/wp-json\/wp\/v2\/categories?post=65917"},{"taxonomy":"post_tag","embeddable":true,"href":"https:\/\/www.revistarambla.com\/en\/wp-json\/wp\/v2\/tags?post=65917"}],"curies":[{"name":"wp","href":"https:\/\/api.w.org\/{rel}","templated":true}]}}