{"id":65910,"date":"2025-07-30T13:11:58","date_gmt":"2025-07-30T11:11:58","guid":{"rendered":"https:\/\/www.revistarambla.com\/?p=65910"},"modified":"2025-07-30T13:11:58","modified_gmt":"2025-07-30T11:11:58","slug":"por-que-no-se-han-desplegado-cascos-azules-en-gaza","status":"publish","type":"post","link":"https:\/\/www.revistarambla.com\/en\/por-que-no-se-han-desplegado-cascos-azules-en-gaza\/","title":{"rendered":"\u00bfPor qu\u00e9 no se han desplegado cascos azules en Gaza?"},"content":{"rendered":"<p>La Franja de Gaza, un enclave costero de apenas 365 kil\u00f3metros cuadrados donde viven m\u00e1s de 2,1 millones de personas, ha sido escenario de un conflicto armado prolongado y devastador, especialmente desde la escalada iniciada el 7 de octubre de 2023. La guerra entre Israel y Ham\u00e1s ha dejado decenas de miles de muertos, m\u00e1s de 145,000 heridos y una crisis humanitaria descrita por muchos como un genocidio. A pesar de la gravedad de la situaci\u00f3n, las Naciones Unidas (ONU) no han desplegado cascos azules (fuerzas de paz) en el territorio.<\/p>\n<h2>Contexto del conflicto y la ausencia de cascos azules<\/h2>\n<p>Los cascos azules, conocidos por su rol en operaciones de mantenimiento de la paz, son fuerzas multinacionales desplegadas bajo mandato del Consejo de Seguridad de la ONU para estabilizar zonas de conflicto, monitorear procesos de paz y asistir en la implementaci\u00f3n de acuerdos pac\u00edficos. Desde 1948, la ONU ha desplegado estas fuerzas en regiones como L\u00edbano y los Altos del Gol\u00e1n, pero nunca en Gaza, a pesar de su historial de violencia recurrente. La propuesta de enviar cascos azules a Gaza, evocada por la Liga \u00c1rabe en mayo de 2024, se considera \u00abmuy dif\u00edcil\u00bb debido a las particularidades del conflicto y las restricciones estructurales de la ONU.<\/p>\n<h2>Causas de la inacci\u00f3n de la ONU<\/h2>\n<h3>1. <strong>Vetos en el Consejo de Seguridad<\/strong><\/h3>\n<p>El Consejo de Seguridad, encargado de autorizar el despliegue de cascos azules, est\u00e1 compuesto por cinco miembros permanentes (Estados Unidos, Rusia, China, Reino Unido y Francia) con poder de veto, y diez miembros no permanentes. Para que una misi\u00f3n de paz sea aprobada, debe contar con el acuerdo de todos los miembros permanentes. En el caso de Gaza, Estados Unidos ha vetado sistem\u00e1ticamente resoluciones que presionan a Israel, como una propuesta de alto el fuego humanitario en 2023. Este veto refleja la alianza estrat\u00e9gica entre Estados Unidos e Israel, que limita cualquier acci\u00f3n que pueda interpretarse como contraria a los intereses israel\u00edes.<\/p>\n<p>Por otro lado, Rusia y China tambi\u00e9n han vetado resoluciones, como una propuesta estadounidense en 2024, mostrando una divisi\u00f3n geopol\u00edtica que paraliza al Consejo. Esta polarizaci\u00f3n refleja las rivalidades de la Guerra Fr\u00eda que hist\u00f3ricamente han limitado la capacidad de la ONU para actuar en conflictos de alto perfil.<\/p>\n<h3>2. <strong>Falta de consentimiento de las partes involucradas<\/strong><\/h3>\n<p>El despliegue de cascos azules requiere el consentimiento del gobierno del territorio donde operar\u00e1n, as\u00ed como de las partes en conflicto. En Gaza, Israel, como potencia ocupante, y Ham\u00e1s, como autoridad de facto, presentan obst\u00e1culos significativos. Israel ha rechazado hist\u00f3ricamente cualquier intervenci\u00f3n que pueda limitar su control militar sobre Gaza, mientras que Ham\u00e1s, designado como organizaci\u00f3n terrorista por varios pa\u00edses, podr\u00eda ver a los cascos azules como una amenaza a su autoridad. Sin un acuerdo entre ambas partes, el despliegue de una misi\u00f3n de paz es inviable.<\/p>\n<h3>3. <strong>Complejidad del conflicto y riesgos operativos<\/strong><\/h3>\n<p>El conflicto en Gaza es excepcionalmente complejo, con enfrentamientos asim\u00e9tricos entre un ej\u00e9rcito estatal (Israel) y grupos armados no estatales (Ham\u00e1s y la Yihad Isl\u00e1mica). La densidad poblacional de Gaza, combinada con la intensidad de los combates, hace que las operaciones de paz sean log\u00edsticamente desafiantes y peligrosas. Los cascos azules, que a menudo operan con armamento ligero y reglas de enfrentamiento restrictivas, enfrentar\u00edan riesgos cruciales en un entorno donde los ataques a\u00e9reos, bombardeos y combates urbanos son frecuentes. Adem\u00e1s, incidentes como los ataques israel\u00edes a posiciones de la ONU en L\u00edbano en 2024 sugieren que las fuerzas de paz podr\u00edan convertirse en objetivos.<\/p>\n<h3>4. <strong>Restricciones log\u00edsticas y financieras<\/strong><\/h3>\n<p>El despliegue de cascos azules requiere una planificaci\u00f3n detallada, recursos financieros relevantes y la movilizaci\u00f3n de tropas de pa\u00edses miembros. Como se\u00f1al\u00f3 Kofi Annan, la ONU es como un \u00abcuerpo de bomberos que debe esperar a que el fuego comience para comprar un cami\u00f3n\u00bb. Crear una misi\u00f3n en Gaza tomar\u00eda meses, y la ONU carece de una fuerza permanente que pueda desplegarse r\u00e1pidamente. Adem\u00e1s, la financiaci\u00f3n de las operaciones de paz, que depende de las contribuciones de los Estados miembros, es limitada, y la comunidad internacional no ha mostrado un compromiso suficiente para cubrir d\u00e9ficits, como los 2,300 millones de d\u00f3lares necesarios para la ayuda humanitaria en Gaza en 2024.<\/p>\n<h3>5. <strong>Desconfianza en la eficacia de los cascos azules<\/strong><\/h3>\n<p>Las operaciones de paz de la ONU han enfrentado cr\u00edticas por su limitada eficacia en conflictos complejos. Ejemplos como Ruanda en 1994, donde los cascos azules fueron acusados de abandonar a civiles, han generado escepticismo sobre su capacidad para operar en entornos vol\u00e1tiles. En Gaza, donde Israel ha sido acusado de cr\u00edmenes de guerra y Ham\u00e1s de atacar civiles, los cascos azules podr\u00edan ser percibidos como ineficaces o parciales, socavando su legitimidad.<\/p>\n<h2>Inacci\u00f3n de los pa\u00edses miembros<\/h2>\n<p>Los pa\u00edses miembros de la ONU, especialmente los que aportan tropas a las misiones de paz, enfrentan sus propias limitaciones. Los principales contribuyentes, como pa\u00edses africanos y asi\u00e1ticos, ya est\u00e1n sobrecargados con m\u00e1s de 68,000 efectivos desplegados en 11 misiones globales. Pa\u00edses latinoamericanos, como Uruguay y El Salvador, aportan un peque\u00f1o porcentaje de tropas, pero su capacidad es limitada. Adem\u00e1s, las potencias occidentales, que podr\u00edan proporcionar recursos significativos, han mostrado una creciente renuencia a comprometer tropas en conflictos de Medio Oriente debido a riesgos pol\u00edticos y militares.<\/p>\n<p>La falta de presi\u00f3n internacional coordinada tambi\u00e9n juega un papel. Aunque pa\u00edses como Reino Unido, Francia y Alemania han exigido el fin de la \u00abcat\u00e1strofe humana\u00bb en Gaza, no han propuesto medidas coercitivas ni el despliegue de cascos azules, posiblemente para evitar tensiones con Israel o Estados Unidos.<\/p>\n<h2>Impacto del abandono en los habitantes de Gaza<\/h2>\n<p>La ausencia de una intervenci\u00f3n directa de la ONU, incluyendo el despliegue de cascos azules, ha exacerbado la crisis humanitaria en Gaza, con consecuencias devastadoras para sus habitantes.<\/p>\n<h3>1. <strong>Crisis humanitaria y hambruna<\/strong><\/h3>\n<p>La guerra ha dejado a Gaza al borde de la hambruna, con el 95% de la poblaci\u00f3n sin acceso a agua potable y tres cuartas partes dependiendo de ayuda alimentaria. La ONU ha advertido que la situaci\u00f3n en el norte de Gaza es \u00abapocal\u00edptica\u00bb, con riesgos de muerte por hambre, enfermedades y violencia. La imposibilidad de distribuir ayuda de manera segura, debido a bloqueos israel\u00edes y combates, ha llevado a incidentes tr\u00e1gicos, como la muerte de civiles intentando acceder a convoyes de ayuda. En mayo de 2025, solo 200 de 500 camiones de ayuda pudieron cruzar el paso de Kerem Shalom debido a restricciones de seguridad.<\/p>\n<h3>2. <strong>Destrucci\u00f3n de infraestructura y servicios<\/strong><\/h3>\n<p>El sistema sanitario de Gaza est\u00e1 \u00abde rodillas\u00bb, con menos de una docena de hospitales operativos y una grave escasez de combustible y suministros m\u00e9dicos. Los bombardeos israel\u00edes han destruido m\u00e1s de 3,000 edificios, incluyendo viviendas, mezquitas y hospitales, dejando a miles sin refugio. La falta de cascos azules para proteger infraestructura cr\u00edtica, como hospitales y refugios de la UNRWA, ha permitido ataques indiscriminados, denunciados como cr\u00edmenes de guerra por expertos de la ONU.<\/p>\n<h3>3. <strong>Desplazamiento masivo y trauma<\/strong><\/h3>\n<p>M\u00e1s de un mill\u00f3n de personas han sido desplazadas en Gaza, muchas de ellas varias veces, sin lugares seguros a los que huir. Las \u00f3rdenes de evacuaci\u00f3n israel\u00edes, como la de 1.1 millones de gazat\u00edes en 2023, han generado un trauma generalizado, especialmente entre mujeres y ni\u00f1os. La ONU ha reportado un impacto psicol\u00f3gico severo, con ni\u00f1os como Abed, de 10 a\u00f1os, que perdi\u00f3 a su familia, y Fadi, de 6 a\u00f1os, que sufre de desnutrici\u00f3n extrema.<\/p>\n<h3>4. <strong>P\u00e9rdida de vidas y derechos humanos<\/strong><\/h3>\n<p>Desde octubre de 2023, m\u00e1s de 60,000 palestinos han muerto, casi la mitad mujeres y ni\u00f1os, y 145,000 han sido heridos. La ausencia de cascos azules para monitorear violaciones de derechos humanos ha permitido abusos documentados, como torturas en campos de detenci\u00f3n israel\u00edes y el uso de hambruna como arma de guerra. Expertos de la ONU han denunciado la \u00abdestrucci\u00f3n sistem\u00e1tica\u00bb de Gaza como un crimen contra la humanidad.<\/p>\n<h3>5. <strong>Sentimiento de abandono internacional<\/strong><\/h3>\n<p>La inacci\u00f3n de la ONU y la comunidad internacional ha generado un profundo sentimiento de traici\u00f3n entre los gazat\u00edes. Philippe Lazzarini, jefe de la UNRWA, ha advertido que la falta de acci\u00f3n fomenta la desesperaci\u00f3n y el hambre, con civiles deteniendo camiones de ayuda para sobrevivir. Este abandono ha fortalecido narrativas de injusticia y ha debilitado la credibilidad de la ONU, como se\u00f1al\u00f3 el Secretario General Ant\u00f3nio Guterres.<\/p>\n<p>La no intervenci\u00f3n de los cascos azules en Gaza es el resultado de una combinaci\u00f3n de vetos en el Consejo de Seguridad, falta de consentimiento de las partes, complejidades operativas, restricciones log\u00edsticas y escepticismo sobre la eficacia de las misiones de paz. Los pa\u00edses miembros, atrapados en intereses geopol\u00edticos y limitaciones pr\u00e1cticas, no han logrado un consenso para actuar. Para los habitantes de Gaza, esta inacci\u00f3n ha significado una profundizaci\u00f3n de la crisis humanitaria, con hambruna, desplazamiento masivo, destrucci\u00f3n y p\u00e9rdida de vidas a una escala sin precedentes. La comunidad internacional debe superar estas barreras pol\u00edticas y log\u00edsticas para garantizar que Gaza no siga siendo un s\u00edmbolo de abandono global. La pregunta sigue siendo: \u00bfcu\u00e1ndo actuar\u00e1 la ONU para proteger a los m\u00e1s vulnerables?<\/p>","protected":false},"excerpt":{"rendered":"<p>La Franja de Gaza, un enclave costero de apenas 365 kil\u00f3metros cuadrados donde viven m\u00e1s de 2,1 millones de personas, ha sido escenario de un conflicto armado prolongado y devastador, especialmente desde la escalada iniciada el 7 de octubre de 2023. La guerra entre Israel y Ham\u00e1s ha dejado decenas [&hellip;]<\/p>\n","protected":false},"author":3,"featured_media":65911,"comment_status":"closed","ping_status":"closed","sticky":false,"template":"","format":"standard","meta":{"footnotes":""},"categories":[57],"tags":[],"class_list":["post-65910","post","type-post","status-publish","format-standard","has-post-thumbnail","hentry","category-global"],"yoast_head":"<!-- This site is optimized with the Yoast SEO plugin v27.5 - https:\/\/yoast.com\/product\/yoast-seo-wordpress\/ -->\n<title>\u00bfPor qu\u00e9 no se han desplegado cascos azules en Gaza? - Revista Rambla<\/title>\n<meta name=\"robots\" content=\"index, follow, max-snippet:-1, max-image-preview:large, max-video-preview:-1\" \/>\n<link rel=\"canonical\" href=\"https:\/\/www.revistarambla.com\/en\/por-que-no-se-han-desplegado-cascos-azules-en-gaza\/\" \/>\n<meta property=\"og:locale\" content=\"en_GB\" \/>\n<meta property=\"og:type\" content=\"article\" \/>\n<meta property=\"og:title\" content=\"\u00bfPor qu\u00e9 no se han desplegado cascos azules en Gaza? - Revista Rambla\" \/>\n<meta property=\"og:description\" content=\"La Franja de Gaza, un enclave costero de apenas 365 kil\u00f3metros cuadrados donde viven m\u00e1s de 2,1 millones de personas, ha sido escenario de un conflicto armado prolongado y devastador, especialmente desde la escalada iniciada el 7 de octubre de 2023. La guerra entre Israel y Ham\u00e1s ha dejado decenas [&hellip;]\" \/>\n<meta property=\"og:url\" content=\"https:\/\/www.revistarambla.com\/en\/por-que-no-se-han-desplegado-cascos-azules-en-gaza\/\" \/>\n<meta property=\"og:site_name\" content=\"Revista Rambla\" \/>\n<meta property=\"article:publisher\" content=\"https:\/\/www.facebook.com\/revistarambla\/\" \/>\n<meta property=\"article:author\" content=\"https:\/\/www.facebook.com\/revistarambla\" \/>\n<meta property=\"article:published_time\" content=\"2025-07-30T11:11:58+00:00\" \/>\n<meta property=\"og:image\" content=\"https:\/\/www.revistarambla.com\/wp-content\/uploads\/2025\/07\/cascos-azules-Gaza.webp\" \/>\n\t<meta property=\"og:image:width\" content=\"2000\" \/>\n\t<meta property=\"og:image:height\" content=\"1331\" \/>\n\t<meta property=\"og:image:type\" content=\"image\/webp\" \/>\n<meta name=\"author\" content=\"R@mbla\" \/>\n<meta name=\"twitter:card\" content=\"summary_large_image\" \/>\n<meta name=\"twitter:creator\" content=\"@revistarambla\" \/>\n<meta name=\"twitter:site\" content=\"@revistarambla\" \/>\n<meta name=\"twitter:label1\" content=\"Written by\" \/>\n\t<meta name=\"twitter:data1\" content=\"R@mbla\" \/>\n\t<meta name=\"twitter:label2\" content=\"Estimated reading time\" \/>\n\t<meta name=\"twitter:data2\" content=\"8 minutes\" \/>\n<script type=\"application\/ld+json\" class=\"yoast-schema-graph\">{\"@context\":\"https:\\\/\\\/schema.org\",\"@graph\":[{\"@type\":\"Article\",\"@id\":\"https:\\\/\\\/www.revistarambla.com\\\/por-que-no-se-han-desplegado-cascos-azules-en-gaza\\\/#article\",\"isPartOf\":{\"@id\":\"https:\\\/\\\/www.revistarambla.com\\\/por-que-no-se-han-desplegado-cascos-azules-en-gaza\\\/\"},\"author\":{\"name\":\"R@mbla\",\"@id\":\"https:\\\/\\\/www.revistarambla.com\\\/#\\\/schema\\\/person\\\/a146a5a2550b94981a75131180e1bd9c\"},\"headline\":\"\u00bfPor qu\u00e9 no se han desplegado cascos azules en Gaza?\",\"datePublished\":\"2025-07-30T11:11:58+00:00\",\"mainEntityOfPage\":{\"@id\":\"https:\\\/\\\/www.revistarambla.com\\\/por-que-no-se-han-desplegado-cascos-azules-en-gaza\\\/\"},\"wordCount\":1598,\"publisher\":{\"@id\":\"https:\\\/\\\/www.revistarambla.com\\\/#organization\"},\"image\":{\"@id\":\"https:\\\/\\\/www.revistarambla.com\\\/por-que-no-se-han-desplegado-cascos-azules-en-gaza\\\/#primaryimage\"},\"thumbnailUrl\":\"https:\\\/\\\/www.revistarambla.com\\\/wp-content\\\/uploads\\\/2025\\\/07\\\/cascos-azules-Gaza.webp\",\"articleSection\":[\"Global\"],\"inLanguage\":\"en-GB\"},{\"@type\":\"WebPage\",\"@id\":\"https:\\\/\\\/www.revistarambla.com\\\/por-que-no-se-han-desplegado-cascos-azules-en-gaza\\\/\",\"url\":\"https:\\\/\\\/www.revistarambla.com\\\/por-que-no-se-han-desplegado-cascos-azules-en-gaza\\\/\",\"name\":\"\u00bfPor qu\u00e9 no se han desplegado cascos azules en Gaza? - Revista Rambla\",\"isPartOf\":{\"@id\":\"https:\\\/\\\/www.revistarambla.com\\\/#website\"},\"primaryImageOfPage\":{\"@id\":\"https:\\\/\\\/www.revistarambla.com\\\/por-que-no-se-han-desplegado-cascos-azules-en-gaza\\\/#primaryimage\"},\"image\":{\"@id\":\"https:\\\/\\\/www.revistarambla.com\\\/por-que-no-se-han-desplegado-cascos-azules-en-gaza\\\/#primaryimage\"},\"thumbnailUrl\":\"https:\\\/\\\/www.revistarambla.com\\\/wp-content\\\/uploads\\\/2025\\\/07\\\/cascos-azules-Gaza.webp\",\"datePublished\":\"2025-07-30T11:11:58+00:00\",\"breadcrumb\":{\"@id\":\"https:\\\/\\\/www.revistarambla.com\\\/por-que-no-se-han-desplegado-cascos-azules-en-gaza\\\/#breadcrumb\"},\"inLanguage\":\"en-GB\",\"potentialAction\":[{\"@type\":\"ReadAction\",\"target\":[\"https:\\\/\\\/www.revistarambla.com\\\/por-que-no-se-han-desplegado-cascos-azules-en-gaza\\\/\"]}]},{\"@type\":\"ImageObject\",\"inLanguage\":\"en-GB\",\"@id\":\"https:\\\/\\\/www.revistarambla.com\\\/por-que-no-se-han-desplegado-cascos-azules-en-gaza\\\/#primaryimage\",\"url\":\"https:\\\/\\\/www.revistarambla.com\\\/wp-content\\\/uploads\\\/2025\\\/07\\\/cascos-azules-Gaza.webp\",\"contentUrl\":\"https:\\\/\\\/www.revistarambla.com\\\/wp-content\\\/uploads\\\/2025\\\/07\\\/cascos-azules-Gaza.webp\",\"width\":2000,\"height\":1331,\"caption\":\"cascos azules Gaza\"},{\"@type\":\"BreadcrumbList\",\"@id\":\"https:\\\/\\\/www.revistarambla.com\\\/por-que-no-se-han-desplegado-cascos-azules-en-gaza\\\/#breadcrumb\",\"itemListElement\":[{\"@type\":\"ListItem\",\"position\":1,\"name\":\"Portada\",\"item\":\"https:\\\/\\\/www.revistarambla.com\\\/\"},{\"@type\":\"ListItem\",\"position\":2,\"name\":\"\u00bfPor qu\u00e9 no se han desplegado cascos azules en Gaza?\"}]},{\"@type\":\"WebSite\",\"@id\":\"https:\\\/\\\/www.revistarambla.com\\\/#website\",\"url\":\"https:\\\/\\\/www.revistarambla.com\\\/\",\"name\":\"Revista Rambla Barcelona\",\"description\":\"Periodismo independiente\",\"publisher\":{\"@id\":\"https:\\\/\\\/www.revistarambla.com\\\/#organization\"},\"potentialAction\":[{\"@type\":\"SearchAction\",\"target\":{\"@type\":\"EntryPoint\",\"urlTemplate\":\"https:\\\/\\\/www.revistarambla.com\\\/?s={search_term_string}\"},\"query-input\":{\"@type\":\"PropertyValueSpecification\",\"valueRequired\":true,\"valueName\":\"search_term_string\"}}],\"inLanguage\":\"en-GB\"},{\"@type\":\"Organization\",\"@id\":\"https:\\\/\\\/www.revistarambla.com\\\/#organization\",\"name\":\"Revista Rambla\",\"url\":\"https:\\\/\\\/www.revistarambla.com\\\/\",\"logo\":{\"@type\":\"ImageObject\",\"inLanguage\":\"en-GB\",\"@id\":\"https:\\\/\\\/www.revistarambla.com\\\/#\\\/schema\\\/logo\\\/image\\\/\",\"url\":\"https:\\\/\\\/www.revistarambla.com\\\/wp-content\\\/uploads\\\/2020\\\/09\\\/banner_rambla_1900x600_BB.png\",\"contentUrl\":\"https:\\\/\\\/www.revistarambla.com\\\/wp-content\\\/uploads\\\/2020\\\/09\\\/banner_rambla_1900x600_BB.png\",\"width\":1900,\"height\":600,\"caption\":\"Revista Rambla\"},\"image\":{\"@id\":\"https:\\\/\\\/www.revistarambla.com\\\/#\\\/schema\\\/logo\\\/image\\\/\"},\"sameAs\":[\"https:\\\/\\\/www.facebook.com\\\/revistarambla\\\/\",\"https:\\\/\\\/x.com\\\/revistarambla\",\"https:\\\/\\\/www.instagram.com\\\/revista_rambla\",\"https:\\\/\\\/es.linkedin.com\\\/company\\\/revista-rambla\"]},{\"@type\":\"Person\",\"@id\":\"https:\\\/\\\/www.revistarambla.com\\\/#\\\/schema\\\/person\\\/a146a5a2550b94981a75131180e1bd9c\",\"name\":\"R@mbla\",\"description\":\"Este art\u00edculo ha sido redactado y\\\/o validado por el equipo de redacci\u00f3n de Revista Rambla.\",\"sameAs\":[\"https:\\\/\\\/www.revistarambla.com\\\/\",\"https:\\\/\\\/www.facebook.com\\\/revistarambla\",\"https:\\\/\\\/x.com\\\/revistarambla\"]}]}<\/script>\n<!-- \/ Yoast SEO plugin. -->","yoast_head_json":{"title":"\u00bfPor qu\u00e9 no se han desplegado cascos azules en Gaza? - Revista Rambla","robots":{"index":"index","follow":"follow","max-snippet":"max-snippet:-1","max-image-preview":"max-image-preview:large","max-video-preview":"max-video-preview:-1"},"canonical":"https:\/\/www.revistarambla.com\/en\/por-que-no-se-han-desplegado-cascos-azules-en-gaza\/","og_locale":"en_GB","og_type":"article","og_title":"\u00bfPor qu\u00e9 no se han desplegado cascos azules en Gaza? - Revista Rambla","og_description":"La Franja de Gaza, un enclave costero de apenas 365 kil\u00f3metros cuadrados donde viven m\u00e1s de 2,1 millones de personas, ha sido escenario de un conflicto armado prolongado y devastador, especialmente desde la escalada iniciada el 7 de octubre de 2023. La guerra entre Israel y Ham\u00e1s ha dejado decenas [&hellip;]","og_url":"https:\/\/www.revistarambla.com\/en\/por-que-no-se-han-desplegado-cascos-azules-en-gaza\/","og_site_name":"Revista Rambla","article_publisher":"https:\/\/www.facebook.com\/revistarambla\/","article_author":"https:\/\/www.facebook.com\/revistarambla","article_published_time":"2025-07-30T11:11:58+00:00","og_image":[{"width":2000,"height":1331,"url":"https:\/\/www.revistarambla.com\/wp-content\/uploads\/2025\/07\/cascos-azules-Gaza.webp","type":"image\/webp"}],"author":"R@mbla","twitter_card":"summary_large_image","twitter_creator":"@revistarambla","twitter_site":"@revistarambla","twitter_misc":{"Written by":"R@mbla","Estimated reading time":"8 minutes"},"schema":{"@context":"https:\/\/schema.org","@graph":[{"@type":"Article","@id":"https:\/\/www.revistarambla.com\/por-que-no-se-han-desplegado-cascos-azules-en-gaza\/#article","isPartOf":{"@id":"https:\/\/www.revistarambla.com\/por-que-no-se-han-desplegado-cascos-azules-en-gaza\/"},"author":{"name":"R@mbla","@id":"https:\/\/www.revistarambla.com\/#\/schema\/person\/a146a5a2550b94981a75131180e1bd9c"},"headline":"\u00bfPor qu\u00e9 no se han desplegado cascos azules en Gaza?","datePublished":"2025-07-30T11:11:58+00:00","mainEntityOfPage":{"@id":"https:\/\/www.revistarambla.com\/por-que-no-se-han-desplegado-cascos-azules-en-gaza\/"},"wordCount":1598,"publisher":{"@id":"https:\/\/www.revistarambla.com\/#organization"},"image":{"@id":"https:\/\/www.revistarambla.com\/por-que-no-se-han-desplegado-cascos-azules-en-gaza\/#primaryimage"},"thumbnailUrl":"https:\/\/www.revistarambla.com\/wp-content\/uploads\/2025\/07\/cascos-azules-Gaza.webp","articleSection":["Global"],"inLanguage":"en-GB"},{"@type":"WebPage","@id":"https:\/\/www.revistarambla.com\/por-que-no-se-han-desplegado-cascos-azules-en-gaza\/","url":"https:\/\/www.revistarambla.com\/por-que-no-se-han-desplegado-cascos-azules-en-gaza\/","name":"\u00bfPor qu\u00e9 no se han desplegado cascos azules en Gaza? - Revista Rambla","isPartOf":{"@id":"https:\/\/www.revistarambla.com\/#website"},"primaryImageOfPage":{"@id":"https:\/\/www.revistarambla.com\/por-que-no-se-han-desplegado-cascos-azules-en-gaza\/#primaryimage"},"image":{"@id":"https:\/\/www.revistarambla.com\/por-que-no-se-han-desplegado-cascos-azules-en-gaza\/#primaryimage"},"thumbnailUrl":"https:\/\/www.revistarambla.com\/wp-content\/uploads\/2025\/07\/cascos-azules-Gaza.webp","datePublished":"2025-07-30T11:11:58+00:00","breadcrumb":{"@id":"https:\/\/www.revistarambla.com\/por-que-no-se-han-desplegado-cascos-azules-en-gaza\/#breadcrumb"},"inLanguage":"en-GB","potentialAction":[{"@type":"ReadAction","target":["https:\/\/www.revistarambla.com\/por-que-no-se-han-desplegado-cascos-azules-en-gaza\/"]}]},{"@type":"ImageObject","inLanguage":"en-GB","@id":"https:\/\/www.revistarambla.com\/por-que-no-se-han-desplegado-cascos-azules-en-gaza\/#primaryimage","url":"https:\/\/www.revistarambla.com\/wp-content\/uploads\/2025\/07\/cascos-azules-Gaza.webp","contentUrl":"https:\/\/www.revistarambla.com\/wp-content\/uploads\/2025\/07\/cascos-azules-Gaza.webp","width":2000,"height":1331,"caption":"cascos azules Gaza"},{"@type":"BreadcrumbList","@id":"https:\/\/www.revistarambla.com\/por-que-no-se-han-desplegado-cascos-azules-en-gaza\/#breadcrumb","itemListElement":[{"@type":"ListItem","position":1,"name":"Portada","item":"https:\/\/www.revistarambla.com\/"},{"@type":"ListItem","position":2,"name":"\u00bfPor qu\u00e9 no se han desplegado cascos azules en Gaza?"}]},{"@type":"WebSite","@id":"https:\/\/www.revistarambla.com\/#website","url":"https:\/\/www.revistarambla.com\/","name":"Revista Rambla Barcelona","description":"Periodismo independiente","publisher":{"@id":"https:\/\/www.revistarambla.com\/#organization"},"potentialAction":[{"@type":"SearchAction","target":{"@type":"EntryPoint","urlTemplate":"https:\/\/www.revistarambla.com\/?s={search_term_string}"},"query-input":{"@type":"PropertyValueSpecification","valueRequired":true,"valueName":"search_term_string"}}],"inLanguage":"en-GB"},{"@type":"Organization","@id":"https:\/\/www.revistarambla.com\/#organization","name":"Revista Rambla","url":"https:\/\/www.revistarambla.com\/","logo":{"@type":"ImageObject","inLanguage":"en-GB","@id":"https:\/\/www.revistarambla.com\/#\/schema\/logo\/image\/","url":"https:\/\/www.revistarambla.com\/wp-content\/uploads\/2020\/09\/banner_rambla_1900x600_BB.png","contentUrl":"https:\/\/www.revistarambla.com\/wp-content\/uploads\/2020\/09\/banner_rambla_1900x600_BB.png","width":1900,"height":600,"caption":"Revista Rambla"},"image":{"@id":"https:\/\/www.revistarambla.com\/#\/schema\/logo\/image\/"},"sameAs":["https:\/\/www.facebook.com\/revistarambla\/","https:\/\/x.com\/revistarambla","https:\/\/www.instagram.com\/revista_rambla","https:\/\/es.linkedin.com\/company\/revista-rambla"]},{"@type":"Person","@id":"https:\/\/www.revistarambla.com\/#\/schema\/person\/a146a5a2550b94981a75131180e1bd9c","name":"R@mbla","description":"Este art\u00edculo ha sido redactado y\/o validado por el equipo de redacci\u00f3n de Revista Rambla.","sameAs":["https:\/\/www.revistarambla.com\/","https:\/\/www.facebook.com\/revistarambla","https:\/\/x.com\/revistarambla"]}]}},"_links":{"self":[{"href":"https:\/\/www.revistarambla.com\/en\/wp-json\/wp\/v2\/posts\/65910","targetHints":{"allow":["GET"]}}],"collection":[{"href":"https:\/\/www.revistarambla.com\/en\/wp-json\/wp\/v2\/posts"}],"about":[{"href":"https:\/\/www.revistarambla.com\/en\/wp-json\/wp\/v2\/types\/post"}],"author":[{"embeddable":true,"href":"https:\/\/www.revistarambla.com\/en\/wp-json\/wp\/v2\/users\/3"}],"replies":[{"embeddable":true,"href":"https:\/\/www.revistarambla.com\/en\/wp-json\/wp\/v2\/comments?post=65910"}],"version-history":[{"count":1,"href":"https:\/\/www.revistarambla.com\/en\/wp-json\/wp\/v2\/posts\/65910\/revisions"}],"predecessor-version":[{"id":65912,"href":"https:\/\/www.revistarambla.com\/en\/wp-json\/wp\/v2\/posts\/65910\/revisions\/65912"}],"wp:featuredmedia":[{"embeddable":true,"href":"https:\/\/www.revistarambla.com\/en\/wp-json\/wp\/v2\/media\/65911"}],"wp:attachment":[{"href":"https:\/\/www.revistarambla.com\/en\/wp-json\/wp\/v2\/media?parent=65910"}],"wp:term":[{"taxonomy":"category","embeddable":true,"href":"https:\/\/www.revistarambla.com\/en\/wp-json\/wp\/v2\/categories?post=65910"},{"taxonomy":"post_tag","embeddable":true,"href":"https:\/\/www.revistarambla.com\/en\/wp-json\/wp\/v2\/tags?post=65910"}],"curies":[{"name":"wp","href":"https:\/\/api.w.org\/{rel}","templated":true}]}}