{"id":65907,"date":"2025-07-30T08:14:56","date_gmt":"2025-07-30T06:14:56","guid":{"rendered":"https:\/\/www.revistarambla.com\/?p=65907"},"modified":"2025-07-30T08:14:56","modified_gmt":"2025-07-30T06:14:56","slug":"leopoldo-arnaiz-destaca-la-planificacion-como-base-para-el-equilibrio-urbano","status":"publish","type":"post","link":"https:\/\/www.revistarambla.com\/en\/leopoldo-arnaiz-destaca-la-planificacion-como-base-para-el-equilibrio-urbano\/","title":{"rendered":"Leopoldo Arnaiz destaca la planificaci\u00f3n como base para el equilibrio urbano"},"content":{"rendered":"<p>El acelerado proceso de <b>urbanizaci\u00f3n<\/b> en Am\u00e9rica Latina ha transformado su paisaje urbano, pero tambi\u00e9n ha evidenciado los retos de un crecimiento <b>desordenado<\/b>, con desigualdad social creciente y presi\u00f3n sobre las <b>infraestructuras<\/b> y servicios esenciales. Leopoldo Arnaiz Eguren, presidente de la <b>firma Arnaiz<\/b>, con experiencia en urbanismo, <b>planificaci\u00f3n urbana<\/b>, <b>desarrollo urban\u00edstico<\/b> y en la gesti\u00f3n de <b>proyectos urban\u00edsticos<\/b> y <b>proyectos urbanos<\/b>, detalla las medidas necesarias para que las ciudades de la regi\u00f3n avancen hacia modelos sostenibles y m\u00e1s habitables.<\/p>\n<h2><b>\u00bfHacia d\u00f3nde se dirige el futuro del urbanismo en Latinoam\u00e9rica?<\/b><\/h2>\n<p>Las urbes latinoamericanas deben afrontar un reto com\u00fan: gestionar una <b>urbanizaci\u00f3n<\/b> <b>acelerada<\/b> que, en muchos casos, carece de una adecuada <b>planificaci\u00f3n urbana<\/b>, afectando tanto el desarrollo <b>urbano<\/b> como la calidad de vida.<\/p>\n<p>Durante las \u00faltimas d\u00e9cadas, la poblaci\u00f3n de estas ciudades ha crecido de forma notable, mientras sectores <b>pobres<\/b> se han desplazado hacia \u00e1reas m\u00e1s pr\u00f3speras. Esta convivencia de realidades genera contrastes extremos: barrios con est\u00e1ndares del primer mundo junto a zonas con condiciones propias del segundo, tercero o cuarto mundo. El resultado son carencias en servicios <b>b\u00e1sicos<\/b>, infraestructuras insuficientes, problemas ambientales y altos \u00edndices de inseguridad. Adem\u00e1s, el transporte p\u00fablico suele ser insuficiente y de <b>baja<\/b> calidad.<\/p>\n<p>Para Arnaiz, la <b>planificaci\u00f3n urbana<\/b> no debe verse solo como un ejercicio t\u00e9cnico. Es, sobre todo, una cuesti\u00f3n <b>pol\u00edtica<\/b>. Los gobiernos, en todos sus niveles, necesitan simplificar tr\u00e1mites urban\u00edsticos, actualizar normativas y priorizar la protecci\u00f3n del <b>medio<\/b> ambiente como base de cada desarrollo urban\u00edstico.<\/p>\n<h2><b>Seg\u00fan Leopoldo Arnaiz, \u00bfcu\u00e1les son las claves para lograr un desarrollo urbano sostenible?<\/b><\/h2>\n<p>La <b>firma Arnaiz<\/b> destaca que el primer paso est\u00e1 en una <b>planificaci\u00f3n<\/b> coherente que permita controlar una <b>urbanizaci\u00f3n<\/b> ca\u00f3tica. Es esencial establecer <b>conexiones <\/b>s\u00f3lidas entre barrios, ofrecer espacios p\u00fablicos de calidad, garantizar infraestructuras y fomentar cohesi\u00f3n social.<\/p>\n<p>Para lograrlo, es necesario superar el modelo de construcci\u00f3n fragmentada, con <b>proyectos urban\u00edsticos<\/b> y <b>proyectos urbanos<\/b> aislados, que generan ciudades <b>inconexas<\/b>. Arnaiz subraya que armonizar los distintos desarrollos mediante est\u00e1ndares de calidad es clave para mantener una <b>coherencia<\/b> en el crecimiento urbano.<\/p>\n<h2><b>\u00bfQu\u00e9 proyectos de gran envergadura ha desarrollado la firma Arnaiz en Am\u00e9rica Latina?<\/b><\/h2>\n<p>Durante los \u00faltimos 15 a\u00f1os, la <b>firma Arnaiz<\/b> ha trabajado en numerosos planes para barrios <b>residenciales<\/b>, aunque una parte importante no se ejecut\u00f3 por barreras legales, econ\u00f3micas y administrativas. Sus <b>proyectos urban\u00edsticos<\/b> y <b>proyectos urbanos<\/b> en M\u00e9xico (especialmente en Acapulco), Guatemala, Rep\u00fablica Dominicana, Brasil, Colombia y Paraguay han ofrecido <b>soluciones<\/b> adaptadas a distintos perfiles de vivienda, con especial atenci\u00f3n a opciones asequibles en entornos planificados.<\/p>\n<p>Gracias a esta experiencia, la <b>firma Arnaiz<\/b> ha adquirido un conocimiento detallado de las legislaciones locales y de los <b>obst\u00e1culos<\/b> que impiden la materializaci\u00f3n de muchos de estos planes. En la mayor\u00eda de los casos, la falta de apoyo pol\u00edtico y municipal ha sido la causa principal del <b>fracaso<\/b> de diversas iniciativas urban\u00edsticas.<\/p>\n<h2><b>\u00bfTen\u00e9is en cuenta la participaci\u00f3n de las plataformas ciudadanas en los proyectos?<\/b><\/h2>\n<p>La integraci\u00f3n de plataformas ciudadanas en los <b>proyectos urban\u00edsticos<\/b> no siempre es sencilla. La falta de cultura urban\u00edstica en promotores y <b>autoridades<\/b> pol\u00edticas hace que los intereses generales se vean relegados ante los <b>particulares<\/b>. Adem\u00e1s, la necesidad de coordinar factores sociales, t\u00e9cnicos, econ\u00f3micos y ambientales limita la influencia de estas plataformas en las decisiones finales.<\/p>\n<h2><b>\u00bfEn qu\u00e9 consiste el Programa de ODS Municipal en Latinoam\u00e9rica?<\/b><\/h2>\n<p>Conocer la situaci\u00f3n de las ciudades y su grado de <b>urbanizaci\u00f3n <\/b>resulta esencial para su <b>desarrollo urban\u00edstico<\/b> y para una mejor<a href=\"https:\/\/www.elmundofinanciero.com\/noticia\/121658\/exterior\/planificacion-eficiente-para-una-bucarest-moderna:-la-sostenibilidad-como-eje-central.html\" target=\"_blank\" rel=\"nofollow noopener\"> <b>planificaci\u00f3n urbana<\/b><\/a>. Hoy, gracias a la tecnolog\u00eda y a herramientas <b>gratuitas<\/b>, los ciudadanos \u2014en especial los j\u00f3venes\u2014 pueden estudiar sus <b>comunidades<\/b> y elaborar propuestas que impulsen mejoras reales en sus municipios.<\/p>\n<p>El Programa ODS Municipal busca precisamente eso: que los j\u00f3venes de cada localidad accedan a datos reales sobre sus entornos. Con esa informaci\u00f3n, pueden identificar \u00e1reas de <b>pobreza<\/b> y sectores con carencias graves que afectan la convivencia y la calidad de vida, desarrollando planes de acci\u00f3n efectivos.<\/p>\n<h2><b>\u00bfC\u00f3mo se pueden garantizar decisiones pol\u00edticas que prioricen el inter\u00e9s general?<\/b><\/h2>\n<p>Es esencial mantener equipos municipales <b>estables<\/b>. Cuando cada cuatro a\u00f1os se reemplaza por completo al personal, se pierden la continuidad de los proyectos y el control del desarrollo <b>urbano<\/b>. Por ello, es prioritario invertir en la <b>formaci\u00f3n<\/b> de los trabajadores y fortalecer las estructuras de gobernanza local para dar solidez a las pol\u00edticas urban\u00edsticas.<\/p>\n<p>Asimismo, se requiere una gesti\u00f3n m\u00e1s <b>eficiente<\/b> y un cambio cultural en la ciudadan\u00eda. Es fundamental que los habitantes comprendan que los servicios p\u00fablicos dependen de presupuestos planificados, del pago de impuestos y de un sistema <b>transparente<\/b>. Con estos pilares, ser\u00e1 posible atender prioridades, reducir la corrupci\u00f3n y construir una justicia social duradera.<\/p>","protected":false},"excerpt":{"rendered":"<p>El acelerado proceso de urbanizaci\u00f3n en Am\u00e9rica Latina ha transformado su paisaje urbano, pero tambi\u00e9n ha evidenciado los retos de un crecimiento desordenado, con desigualdad social creciente y presi\u00f3n sobre las infraestructuras y servicios esenciales. Leopoldo Arnaiz Eguren, presidente de la firma Arnaiz, con experiencia en urbanismo, planificaci\u00f3n urbana, desarrollo [&hellip;]<\/p>\n","protected":false},"author":3,"featured_media":65908,"comment_status":"closed","ping_status":"closed","sticky":false,"template":"","format":"standard","meta":{"footnotes":""},"categories":[3790],"tags":[],"class_list":["post-65907","post","type-post","status-publish","format-standard","has-post-thumbnail","hentry","category-otras-noticias"],"yoast_head":"<!-- This site is optimized with the Yoast SEO plugin v27.5 - https:\/\/yoast.com\/product\/yoast-seo-wordpress\/ -->\n<title>Leopoldo Arnaiz destaca la planificaci\u00f3n como base para el equilibrio urbano - Revista Rambla<\/title>\n<meta name=\"robots\" content=\"index, follow, max-snippet:-1, max-image-preview:large, max-video-preview:-1\" \/>\n<link rel=\"canonical\" href=\"https:\/\/www.revistarambla.com\/en\/leopoldo-arnaiz-destaca-la-planificacion-como-base-para-el-equilibrio-urbano\/\" \/>\n<meta property=\"og:locale\" content=\"en_GB\" \/>\n<meta property=\"og:type\" content=\"article\" \/>\n<meta property=\"og:title\" content=\"Leopoldo Arnaiz destaca la planificaci\u00f3n como base para el equilibrio urbano - Revista Rambla\" \/>\n<meta property=\"og:description\" content=\"El acelerado proceso de urbanizaci\u00f3n en Am\u00e9rica Latina ha transformado su paisaje urbano, pero tambi\u00e9n ha evidenciado los retos de un crecimiento desordenado, con desigualdad social creciente y presi\u00f3n sobre las infraestructuras y servicios esenciales. Leopoldo Arnaiz Eguren, presidente de la firma Arnaiz, con experiencia en urbanismo, planificaci\u00f3n urbana, desarrollo [&hellip;]\" \/>\n<meta property=\"og:url\" content=\"https:\/\/www.revistarambla.com\/en\/leopoldo-arnaiz-destaca-la-planificacion-como-base-para-el-equilibrio-urbano\/\" \/>\n<meta property=\"og:site_name\" content=\"Revista Rambla\" \/>\n<meta property=\"article:publisher\" content=\"https:\/\/www.facebook.com\/revistarambla\/\" \/>\n<meta property=\"article:author\" content=\"https:\/\/www.facebook.com\/revistarambla\" \/>\n<meta property=\"article:published_time\" content=\"2025-07-30T06:14:56+00:00\" \/>\n<meta property=\"og:image\" content=\"https:\/\/www.revistarambla.com\/wp-content\/uploads\/2025\/07\/phpgBgpED6887738f08f71.jpg\" \/>\n\t<meta property=\"og:image:width\" content=\"1920\" \/>\n\t<meta property=\"og:image:height\" content=\"1280\" \/>\n\t<meta property=\"og:image:type\" content=\"image\/jpeg\" \/>\n<meta name=\"author\" content=\"R@mbla\" \/>\n<meta name=\"twitter:card\" content=\"summary_large_image\" \/>\n<meta name=\"twitter:creator\" content=\"@revistarambla\" \/>\n<meta name=\"twitter:site\" content=\"@revistarambla\" \/>\n<meta name=\"twitter:label1\" content=\"Written by\" \/>\n\t<meta name=\"twitter:data1\" content=\"R@mbla\" \/>\n\t<meta name=\"twitter:label2\" content=\"Estimated reading time\" \/>\n\t<meta name=\"twitter:data2\" content=\"4 minutes\" \/>\n<script type=\"application\/ld+json\" class=\"yoast-schema-graph\">{\"@context\":\"https:\\\/\\\/schema.org\",\"@graph\":[{\"@type\":\"Article\",\"@id\":\"https:\\\/\\\/www.revistarambla.com\\\/leopoldo-arnaiz-destaca-la-planificacion-como-base-para-el-equilibrio-urbano\\\/#article\",\"isPartOf\":{\"@id\":\"https:\\\/\\\/www.revistarambla.com\\\/leopoldo-arnaiz-destaca-la-planificacion-como-base-para-el-equilibrio-urbano\\\/\"},\"author\":{\"name\":\"R@mbla\",\"@id\":\"https:\\\/\\\/www.revistarambla.com\\\/#\\\/schema\\\/person\\\/a146a5a2550b94981a75131180e1bd9c\"},\"headline\":\"Leopoldo Arnaiz destaca la planificaci\u00f3n como base para el equilibrio urbano\",\"datePublished\":\"2025-07-30T06:14:56+00:00\",\"mainEntityOfPage\":{\"@id\":\"https:\\\/\\\/www.revistarambla.com\\\/leopoldo-arnaiz-destaca-la-planificacion-como-base-para-el-equilibrio-urbano\\\/\"},\"wordCount\":854,\"publisher\":{\"@id\":\"https:\\\/\\\/www.revistarambla.com\\\/#organization\"},\"image\":{\"@id\":\"https:\\\/\\\/www.revistarambla.com\\\/leopoldo-arnaiz-destaca-la-planificacion-como-base-para-el-equilibrio-urbano\\\/#primaryimage\"},\"thumbnailUrl\":\"https:\\\/\\\/www.revistarambla.com\\\/wp-content\\\/uploads\\\/2025\\\/07\\\/phpgBgpED6887738f08f71.jpg\",\"articleSection\":[\"Otras Noticias\"],\"inLanguage\":\"en-GB\"},{\"@type\":\"WebPage\",\"@id\":\"https:\\\/\\\/www.revistarambla.com\\\/leopoldo-arnaiz-destaca-la-planificacion-como-base-para-el-equilibrio-urbano\\\/\",\"url\":\"https:\\\/\\\/www.revistarambla.com\\\/leopoldo-arnaiz-destaca-la-planificacion-como-base-para-el-equilibrio-urbano\\\/\",\"name\":\"Leopoldo Arnaiz destaca la planificaci\u00f3n como base para el equilibrio urbano - Revista Rambla\",\"isPartOf\":{\"@id\":\"https:\\\/\\\/www.revistarambla.com\\\/#website\"},\"primaryImageOfPage\":{\"@id\":\"https:\\\/\\\/www.revistarambla.com\\\/leopoldo-arnaiz-destaca-la-planificacion-como-base-para-el-equilibrio-urbano\\\/#primaryimage\"},\"image\":{\"@id\":\"https:\\\/\\\/www.revistarambla.com\\\/leopoldo-arnaiz-destaca-la-planificacion-como-base-para-el-equilibrio-urbano\\\/#primaryimage\"},\"thumbnailUrl\":\"https:\\\/\\\/www.revistarambla.com\\\/wp-content\\\/uploads\\\/2025\\\/07\\\/phpgBgpED6887738f08f71.jpg\",\"datePublished\":\"2025-07-30T06:14:56+00:00\",\"breadcrumb\":{\"@id\":\"https:\\\/\\\/www.revistarambla.com\\\/leopoldo-arnaiz-destaca-la-planificacion-como-base-para-el-equilibrio-urbano\\\/#breadcrumb\"},\"inLanguage\":\"en-GB\",\"potentialAction\":[{\"@type\":\"ReadAction\",\"target\":[\"https:\\\/\\\/www.revistarambla.com\\\/leopoldo-arnaiz-destaca-la-planificacion-como-base-para-el-equilibrio-urbano\\\/\"]}]},{\"@type\":\"ImageObject\",\"inLanguage\":\"en-GB\",\"@id\":\"https:\\\/\\\/www.revistarambla.com\\\/leopoldo-arnaiz-destaca-la-planificacion-como-base-para-el-equilibrio-urbano\\\/#primaryimage\",\"url\":\"https:\\\/\\\/www.revistarambla.com\\\/wp-content\\\/uploads\\\/2025\\\/07\\\/phpgBgpED6887738f08f71.jpg\",\"contentUrl\":\"https:\\\/\\\/www.revistarambla.com\\\/wp-content\\\/uploads\\\/2025\\\/07\\\/phpgBgpED6887738f08f71.jpg\",\"width\":1920,\"height\":1280,\"caption\":\"Leopoldo Arnaiz\"},{\"@type\":\"BreadcrumbList\",\"@id\":\"https:\\\/\\\/www.revistarambla.com\\\/leopoldo-arnaiz-destaca-la-planificacion-como-base-para-el-equilibrio-urbano\\\/#breadcrumb\",\"itemListElement\":[{\"@type\":\"ListItem\",\"position\":1,\"name\":\"Portada\",\"item\":\"https:\\\/\\\/www.revistarambla.com\\\/\"},{\"@type\":\"ListItem\",\"position\":2,\"name\":\"Leopoldo Arnaiz destaca la planificaci\u00f3n como base para el equilibrio urbano\"}]},{\"@type\":\"WebSite\",\"@id\":\"https:\\\/\\\/www.revistarambla.com\\\/#website\",\"url\":\"https:\\\/\\\/www.revistarambla.com\\\/\",\"name\":\"Revista Rambla Barcelona\",\"description\":\"Periodismo independiente\",\"publisher\":{\"@id\":\"https:\\\/\\\/www.revistarambla.com\\\/#organization\"},\"potentialAction\":[{\"@type\":\"SearchAction\",\"target\":{\"@type\":\"EntryPoint\",\"urlTemplate\":\"https:\\\/\\\/www.revistarambla.com\\\/?s={search_term_string}\"},\"query-input\":{\"@type\":\"PropertyValueSpecification\",\"valueRequired\":true,\"valueName\":\"search_term_string\"}}],\"inLanguage\":\"en-GB\"},{\"@type\":\"Organization\",\"@id\":\"https:\\\/\\\/www.revistarambla.com\\\/#organization\",\"name\":\"Revista Rambla\",\"url\":\"https:\\\/\\\/www.revistarambla.com\\\/\",\"logo\":{\"@type\":\"ImageObject\",\"inLanguage\":\"en-GB\",\"@id\":\"https:\\\/\\\/www.revistarambla.com\\\/#\\\/schema\\\/logo\\\/image\\\/\",\"url\":\"https:\\\/\\\/www.revistarambla.com\\\/wp-content\\\/uploads\\\/2020\\\/09\\\/banner_rambla_1900x600_BB.png\",\"contentUrl\":\"https:\\\/\\\/www.revistarambla.com\\\/wp-content\\\/uploads\\\/2020\\\/09\\\/banner_rambla_1900x600_BB.png\",\"width\":1900,\"height\":600,\"caption\":\"Revista Rambla\"},\"image\":{\"@id\":\"https:\\\/\\\/www.revistarambla.com\\\/#\\\/schema\\\/logo\\\/image\\\/\"},\"sameAs\":[\"https:\\\/\\\/www.facebook.com\\\/revistarambla\\\/\",\"https:\\\/\\\/x.com\\\/revistarambla\",\"https:\\\/\\\/www.instagram.com\\\/revista_rambla\",\"https:\\\/\\\/es.linkedin.com\\\/company\\\/revista-rambla\"]},{\"@type\":\"Person\",\"@id\":\"https:\\\/\\\/www.revistarambla.com\\\/#\\\/schema\\\/person\\\/a146a5a2550b94981a75131180e1bd9c\",\"name\":\"R@mbla\",\"description\":\"Este art\u00edculo ha sido redactado y\\\/o validado por el equipo de redacci\u00f3n de Revista Rambla.\",\"sameAs\":[\"https:\\\/\\\/www.revistarambla.com\\\/\",\"https:\\\/\\\/www.facebook.com\\\/revistarambla\",\"https:\\\/\\\/x.com\\\/revistarambla\"]}]}<\/script>\n<!-- \/ Yoast SEO plugin. -->","yoast_head_json":{"title":"Leopoldo Arnaiz destaca la planificaci\u00f3n como base para el equilibrio urbano - Revista Rambla","robots":{"index":"index","follow":"follow","max-snippet":"max-snippet:-1","max-image-preview":"max-image-preview:large","max-video-preview":"max-video-preview:-1"},"canonical":"https:\/\/www.revistarambla.com\/en\/leopoldo-arnaiz-destaca-la-planificacion-como-base-para-el-equilibrio-urbano\/","og_locale":"en_GB","og_type":"article","og_title":"Leopoldo Arnaiz destaca la planificaci\u00f3n como base para el equilibrio urbano - Revista Rambla","og_description":"El acelerado proceso de urbanizaci\u00f3n en Am\u00e9rica Latina ha transformado su paisaje urbano, pero tambi\u00e9n ha evidenciado los retos de un crecimiento desordenado, con desigualdad social creciente y presi\u00f3n sobre las infraestructuras y servicios esenciales. Leopoldo Arnaiz Eguren, presidente de la firma Arnaiz, con experiencia en urbanismo, planificaci\u00f3n urbana, desarrollo [&hellip;]","og_url":"https:\/\/www.revistarambla.com\/en\/leopoldo-arnaiz-destaca-la-planificacion-como-base-para-el-equilibrio-urbano\/","og_site_name":"Revista Rambla","article_publisher":"https:\/\/www.facebook.com\/revistarambla\/","article_author":"https:\/\/www.facebook.com\/revistarambla","article_published_time":"2025-07-30T06:14:56+00:00","og_image":[{"width":1920,"height":1280,"url":"https:\/\/www.revistarambla.com\/wp-content\/uploads\/2025\/07\/phpgBgpED6887738f08f71.jpg","type":"image\/jpeg"}],"author":"R@mbla","twitter_card":"summary_large_image","twitter_creator":"@revistarambla","twitter_site":"@revistarambla","twitter_misc":{"Written by":"R@mbla","Estimated reading time":"4 minutes"},"schema":{"@context":"https:\/\/schema.org","@graph":[{"@type":"Article","@id":"https:\/\/www.revistarambla.com\/leopoldo-arnaiz-destaca-la-planificacion-como-base-para-el-equilibrio-urbano\/#article","isPartOf":{"@id":"https:\/\/www.revistarambla.com\/leopoldo-arnaiz-destaca-la-planificacion-como-base-para-el-equilibrio-urbano\/"},"author":{"name":"R@mbla","@id":"https:\/\/www.revistarambla.com\/#\/schema\/person\/a146a5a2550b94981a75131180e1bd9c"},"headline":"Leopoldo Arnaiz destaca la planificaci\u00f3n como base para el equilibrio urbano","datePublished":"2025-07-30T06:14:56+00:00","mainEntityOfPage":{"@id":"https:\/\/www.revistarambla.com\/leopoldo-arnaiz-destaca-la-planificacion-como-base-para-el-equilibrio-urbano\/"},"wordCount":854,"publisher":{"@id":"https:\/\/www.revistarambla.com\/#organization"},"image":{"@id":"https:\/\/www.revistarambla.com\/leopoldo-arnaiz-destaca-la-planificacion-como-base-para-el-equilibrio-urbano\/#primaryimage"},"thumbnailUrl":"https:\/\/www.revistarambla.com\/wp-content\/uploads\/2025\/07\/phpgBgpED6887738f08f71.jpg","articleSection":["Otras Noticias"],"inLanguage":"en-GB"},{"@type":"WebPage","@id":"https:\/\/www.revistarambla.com\/leopoldo-arnaiz-destaca-la-planificacion-como-base-para-el-equilibrio-urbano\/","url":"https:\/\/www.revistarambla.com\/leopoldo-arnaiz-destaca-la-planificacion-como-base-para-el-equilibrio-urbano\/","name":"Leopoldo Arnaiz destaca la planificaci\u00f3n como base para el equilibrio urbano - Revista Rambla","isPartOf":{"@id":"https:\/\/www.revistarambla.com\/#website"},"primaryImageOfPage":{"@id":"https:\/\/www.revistarambla.com\/leopoldo-arnaiz-destaca-la-planificacion-como-base-para-el-equilibrio-urbano\/#primaryimage"},"image":{"@id":"https:\/\/www.revistarambla.com\/leopoldo-arnaiz-destaca-la-planificacion-como-base-para-el-equilibrio-urbano\/#primaryimage"},"thumbnailUrl":"https:\/\/www.revistarambla.com\/wp-content\/uploads\/2025\/07\/phpgBgpED6887738f08f71.jpg","datePublished":"2025-07-30T06:14:56+00:00","breadcrumb":{"@id":"https:\/\/www.revistarambla.com\/leopoldo-arnaiz-destaca-la-planificacion-como-base-para-el-equilibrio-urbano\/#breadcrumb"},"inLanguage":"en-GB","potentialAction":[{"@type":"ReadAction","target":["https:\/\/www.revistarambla.com\/leopoldo-arnaiz-destaca-la-planificacion-como-base-para-el-equilibrio-urbano\/"]}]},{"@type":"ImageObject","inLanguage":"en-GB","@id":"https:\/\/www.revistarambla.com\/leopoldo-arnaiz-destaca-la-planificacion-como-base-para-el-equilibrio-urbano\/#primaryimage","url":"https:\/\/www.revistarambla.com\/wp-content\/uploads\/2025\/07\/phpgBgpED6887738f08f71.jpg","contentUrl":"https:\/\/www.revistarambla.com\/wp-content\/uploads\/2025\/07\/phpgBgpED6887738f08f71.jpg","width":1920,"height":1280,"caption":"Leopoldo Arnaiz"},{"@type":"BreadcrumbList","@id":"https:\/\/www.revistarambla.com\/leopoldo-arnaiz-destaca-la-planificacion-como-base-para-el-equilibrio-urbano\/#breadcrumb","itemListElement":[{"@type":"ListItem","position":1,"name":"Portada","item":"https:\/\/www.revistarambla.com\/"},{"@type":"ListItem","position":2,"name":"Leopoldo Arnaiz destaca la planificaci\u00f3n como base para el equilibrio urbano"}]},{"@type":"WebSite","@id":"https:\/\/www.revistarambla.com\/#website","url":"https:\/\/www.revistarambla.com\/","name":"Revista Rambla Barcelona","description":"Periodismo independiente","publisher":{"@id":"https:\/\/www.revistarambla.com\/#organization"},"potentialAction":[{"@type":"SearchAction","target":{"@type":"EntryPoint","urlTemplate":"https:\/\/www.revistarambla.com\/?s={search_term_string}"},"query-input":{"@type":"PropertyValueSpecification","valueRequired":true,"valueName":"search_term_string"}}],"inLanguage":"en-GB"},{"@type":"Organization","@id":"https:\/\/www.revistarambla.com\/#organization","name":"Revista Rambla","url":"https:\/\/www.revistarambla.com\/","logo":{"@type":"ImageObject","inLanguage":"en-GB","@id":"https:\/\/www.revistarambla.com\/#\/schema\/logo\/image\/","url":"https:\/\/www.revistarambla.com\/wp-content\/uploads\/2020\/09\/banner_rambla_1900x600_BB.png","contentUrl":"https:\/\/www.revistarambla.com\/wp-content\/uploads\/2020\/09\/banner_rambla_1900x600_BB.png","width":1900,"height":600,"caption":"Revista Rambla"},"image":{"@id":"https:\/\/www.revistarambla.com\/#\/schema\/logo\/image\/"},"sameAs":["https:\/\/www.facebook.com\/revistarambla\/","https:\/\/x.com\/revistarambla","https:\/\/www.instagram.com\/revista_rambla","https:\/\/es.linkedin.com\/company\/revista-rambla"]},{"@type":"Person","@id":"https:\/\/www.revistarambla.com\/#\/schema\/person\/a146a5a2550b94981a75131180e1bd9c","name":"R@mbla","description":"Este art\u00edculo ha sido redactado y\/o validado por el equipo de redacci\u00f3n de Revista Rambla.","sameAs":["https:\/\/www.revistarambla.com\/","https:\/\/www.facebook.com\/revistarambla","https:\/\/x.com\/revistarambla"]}]}},"_links":{"self":[{"href":"https:\/\/www.revistarambla.com\/en\/wp-json\/wp\/v2\/posts\/65907","targetHints":{"allow":["GET"]}}],"collection":[{"href":"https:\/\/www.revistarambla.com\/en\/wp-json\/wp\/v2\/posts"}],"about":[{"href":"https:\/\/www.revistarambla.com\/en\/wp-json\/wp\/v2\/types\/post"}],"author":[{"embeddable":true,"href":"https:\/\/www.revistarambla.com\/en\/wp-json\/wp\/v2\/users\/3"}],"replies":[{"embeddable":true,"href":"https:\/\/www.revistarambla.com\/en\/wp-json\/wp\/v2\/comments?post=65907"}],"version-history":[{"count":1,"href":"https:\/\/www.revistarambla.com\/en\/wp-json\/wp\/v2\/posts\/65907\/revisions"}],"predecessor-version":[{"id":65909,"href":"https:\/\/www.revistarambla.com\/en\/wp-json\/wp\/v2\/posts\/65907\/revisions\/65909"}],"wp:featuredmedia":[{"embeddable":true,"href":"https:\/\/www.revistarambla.com\/en\/wp-json\/wp\/v2\/media\/65908"}],"wp:attachment":[{"href":"https:\/\/www.revistarambla.com\/en\/wp-json\/wp\/v2\/media?parent=65907"}],"wp:term":[{"taxonomy":"category","embeddable":true,"href":"https:\/\/www.revistarambla.com\/en\/wp-json\/wp\/v2\/categories?post=65907"},{"taxonomy":"post_tag","embeddable":true,"href":"https:\/\/www.revistarambla.com\/en\/wp-json\/wp\/v2\/tags?post=65907"}],"curies":[{"name":"wp","href":"https:\/\/api.w.org\/{rel}","templated":true}]}}