{"id":65903,"date":"2025-07-29T20:32:47","date_gmt":"2025-07-29T18:32:47","guid":{"rendered":"https:\/\/www.revistarambla.com\/?p=65903"},"modified":"2025-07-31T20:32:51","modified_gmt":"2025-07-31T18:32:51","slug":"barrio-de-sant-antoni-donde-barcelona-perdio-la-dignidad","status":"publish","type":"post","link":"https:\/\/www.revistarambla.com\/en\/barrio-de-sant-antoni-donde-barcelona-perdio-la-dignidad\/","title":{"rendered":"Sant Antoni: donde Barcelona perdi\u00f3 la dignidad"},"content":{"rendered":"<p>El barrio de Sant Antoni, ubicado en el coraz\u00f3n del distrito del Eixample en Barcelona, ha sido hist\u00f3ricamente un enclave de convivencia, comercio y vida cultural. Con su ic\u00f3nico mercado, sus calles peatonales y su ambiente acogedor, este barrio ha atra\u00eddo tanto a residentes como a visitantes durante d\u00e9cadas. Sin embargo, en los \u00faltimos a\u00f1os, comerciantes y vecinos han elevado un clamor un\u00e1nime ante lo que describen como una \u00abdegradaci\u00f3n constante\u00bb del entorno. Problemas como el incivismo, la venta ilegal, el consumo de drogas en la v\u00eda p\u00fablica y la falta de recursos sociales han llevado a la comunidad a organizarse para exigir soluciones urgentes y coordinadas al Ayuntamiento de Barcelona.<\/p>\n<h2>La Realidad Cotidiana<\/h2>\n<p>Sant Antoni, conocido por su mercado modernista y su vibrante escena comercial, est\u00e1 enfrentando una crisis que afecta tanto a la calidad de vida de los residentes como al tejido econ\u00f3mico local. Seg\u00fan diversas asociaciones, el barrio ha experimentado un aumento significativo de problem\u00e1ticas sociales que han transformado su paisaje urbano. La ronda de Sant Antoni y las calles adyacentes, como Aldana, Marqu\u00e8s de Campo Sagrado y Comte Borrell, son ahora epicentros de incivismo, suciedad y actividades ilegales.<\/p>\n<blockquote class=\"twitter-tweet\">\n<p dir=\"ltr\" lang=\"es\">Estas fotos est\u00e1n tomadas en 500m en el barrio de Sant Antoni, al lado del centro de Barcelona. Es inadmisible que el <a href=\"https:\/\/twitter.com\/bcn_ajuntament?ref_src=twsrc%5Etfw\">@bcn_ajuntament<\/a> no le d\u00e9 una soluci\u00f3n a estas personas y que los vecinos tengamos as\u00ed las calles con el dineral que pagamos en impuestos. <a href=\"https:\/\/t.co\/7jjgfCq68r\">pic.twitter.com\/7jjgfCq68r<\/a><\/p>\n<p>\u2014 Sonia Sierra (@SoniaSierra02) <a href=\"https:\/\/twitter.com\/SoniaSierra02\/status\/1943255001222041793?ref_src=twsrc%5Etfw\">July 10, 2025<\/a><\/p><\/blockquote>\n<p><script async src=\"https:\/\/platform.twitter.com\/widgets.js\" charset=\"utf-8\"><\/script><\/p>\n<p>Uno de los problemas m\u00e1s visibles es la proliferaci\u00f3n de la venta ilegal, conocida localmente como el \u00abmercado de la miseria\u00bb. Cada semana, los martes se venden pescados y los mi\u00e9rcoles frutas y verduras directamente en las aceras de la ronda de Sant Antoni, sin ning\u00fan control sanitario, lo que representa un riesgo para la salud p\u00fablica. A diario, en la ronda de Sant Pau, se instala un mercado improvisado de objetos usados, algunos provenientes de la basura, lo que contribuye a la percepci\u00f3n de abandono. Carme Salvador, presidenta de los Encants de Sant Antoni, lamenta: \u201cLos visitantes nos preguntan qu\u00e9 est\u00e1 pasando en este barrio. La situaci\u00f3n va a peor\u201d.<\/p>\n<p>El consumo de drogas en la v\u00eda p\u00fablica es otra preocupaci\u00f3n central. Vecinos y comerciantes reportan escenas de personas inyect\u00e1ndose hero\u00edna o consumiendo crack y fentanilo en plena luz del d\u00eda, incluso cerca de centros escolares como la Escola Aldana. Jeringuillas abandonadas en bancos y jardineras se han convertido en una imagen recurrente, generando alarma entre los residentes. \u201cEs un popurr\u00ed de cosas que nos da mucha inseguridad\u201d, afirma una vecina an\u00f3nima, quien describe c\u00f3mo el consumo de drogas se ha normalizado en ciertas zonas del barrio. La presencia de servicios clandestinos, como peluquer\u00edas improvisadas en la calle durante la noche, a\u00f1ade una capa m\u00e1s de caos a la situaci\u00f3n.<\/p>\n<p>El incivismo tambi\u00e9n se manifiesta en la suciedad persistente, con restos de comida, botellas, orines y excrementos esparcidos por las calles. A pesar de los esfuerzos de limpieza del Ayuntamiento, los vecinos denuncian que estas medidas son insuficientes frente a la magnitud del problema. \u201cNo se limpia lo suficiente, y el mobiliario urbano, como las traviesas de tren o las mesas de p\u00edcnic, se ha convertido en refugio para actividades inc\u00edvicas\u201d, se\u00f1ala un representante de la oposici\u00f3n municipal.<\/p>\n<h2>La Voz de las Entidades<\/h2>\n<p>Las asociaciones del barrio, como Sant Antoni Comer\u00e7 (SAC), SOM Sant Antoni, Encants de Sant Antoni, Mercat de Sant Antoni y la ONG De Ve\u00ed a Ve\u00ed, han tomado un rol protagonista en la denuncia de esta situaci\u00f3n. En un comunicado conjunto, estas entidades han expresado su \u201cprofunda desaz\u00f3n e indignaci\u00f3n\u201d ante el deterioro de la convivencia, atribuy\u00e9ndolo a problemas estructurales de pobreza y falta de intervenci\u00f3n coordinada. Jordi Arias, presidente de SAC, ha sido claro en su mensaje: \u201cEs imprescindible actuar con medidas efectivas y sostenidas para garantizar un entorno seguro y digno para todos\u201d.<\/p>\n<p>La ONG De Ve\u00ed a Ve\u00ed, que entrega diariamente medio centenar de comidas y cenas a familias vulnerables y personas sin hogar, destaca la necesidad de m\u00e1s recursos sociales. Su presidente, Rafa Mart\u00ednez, subraya que no se trata \u00fanicamente de un problema de orden p\u00fablico, sino de atender a personas en situaci\u00f3n de exclusi\u00f3n social y con adicciones. \u201cNecesitamos m\u00e1s recursos, pero tambi\u00e9n una mejor gesti\u00f3n de los actuales\u201d, afirma Mart\u00ednez, quien alerta sobre el r\u00e1pido aumento de adicciones al crack en el barrio.<\/p>\n<p>Adem\u00e1s, la Iniciativa Vecinal Ciudadana ha organizado acciones reivindicativas, como una recogida de firmas en la \u201csuperilla\u201d de Borrell y Parlament, para exigir al Ayuntamiento soluciones que prioricen la seguridad, la limpieza y la convivencia. Los vecinos insisten en que no buscan criminalizar a las personas vulnerables, sino reclamar pol\u00edticas sociales efectivas que aborden las causas estructurales de la degradaci\u00f3n.<\/p>\n<h2>La Respuesta del Ayuntamiento: \u00bfSuficiente o Tard\u00eda?<\/h2>\n<p>El Ayuntamiento de Barcelona, liderado por el alcalde Jaume Collboni, ha reconocido la gravedad de la situaci\u00f3n en Sant Antoni, pero las medidas implementadas hasta ahora han sido calificadas como insuficientes por las entidades locales. Seg\u00fan fuentes municipales, se han reforzado las patrullas de la Guardia Urbana y los Mossos d\u2019Esquadra, con un enfoque en el patrullaje a pie, y se ha intensificado la labor de los educadores sociales y los equipos de la Agencia de Salud P\u00fablica (ASPB) para atender a personas sin hogar y consumidoras de drogas. Tambi\u00e9n se han implementado dispositivos conjuntos de limpieza, con equipos de agua y barrido manual, as\u00ed como la reubicaci\u00f3n de mobiliario urbano en las zonas m\u00e1s conflictivas.<\/p>\n<p>Sin embargo, los vecinos y comerciantes critican la falta de coordinaci\u00f3n y la demora en las respuestas. Albert Batlle, teniente de seguridad del Ayuntamiento, ha programado una reuni\u00f3n con las entidades para septiembre, una fecha que muchos consideran demasiado lejana ante la urgencia del problema. Sonia Devesa, consejera del Partido Popular en el distrito del Eixample, ha reclamado un incremento en la presencia policial, sanciones administrativas para el consumo de sustancias en la v\u00eda p\u00fablica y una mayor inversi\u00f3n en servicios sociales. \u201cEl problema es que los servicios sociales en el distrito solo cuentan con dos personas en la calle, lo que es claramente insuficiente\u201d, asegura Devesa.<\/p>\n<h2>El Impacto en el Tejido Comercial y la Vida Vecinal<\/h2>\n<p>La degradaci\u00f3n de Sant Antoni no solo afecta la convivencia, sino tambi\u00e9n la econom\u00eda local. Los comerciantes reportan una disminuci\u00f3n en el flujo de clientes, atribuida al clima de inseguridad y suciedad. Lidia N\u00fa\u00f1ez, presidenta de SOM Sant Antoni, explica: \u201cCada vez cuesta m\u00e1s que la gente entre en los comercios\u201d. La presencia de actividades ilegales, como la venta de alimentos en la calle, supone una competencia desleal para los negocios establecidos y un riesgo para la salud p\u00fablica, un punto que las asociaciones han denunciado incluso ante la Generalitat.<\/p>\n<p>La superilla de Sant Antoni, un proyecto de urbanismo t\u00e1ctico impulsado por la exalcaldesa Ada Colau para reducir el tr\u00e1fico y priorizar al peat\u00f3n, ha sido objeto de cr\u00edticas. Aunque ha disminuido la circulaci\u00f3n de veh\u00edculos, los vecinos argumentan que el espacio liberado ha sido ocupado por actividades inc\u00edvicas y asentamientos improvisados, lo que ha exacerbado la percepci\u00f3n de inseguridad. \u201cLa superilla ha propiciado m\u00e1s inseguridad al dar m\u00e1s espacio a estas actividades\u201d, se\u00f1ala una vecina.<\/p>\n<h2>Propuestas para un Futuro Mejor<\/h2>\n<p>Las entidades de Sant Antoni no solo denuncian, sino que tambi\u00e9n proponen soluciones integrales. Entre las medidas sugeridas se encuentran:<\/p>\n<ol>\n<li><strong>Incremento de Recursos Sociales<\/strong>: Aumentar la dotaci\u00f3n de personal en servicios sociales y programas de atenci\u00f3n a personas sin hogar y con adicciones, con un enfoque en la prevenci\u00f3n y la rehabilitaci\u00f3n.<\/li>\n<li><strong>Mayor Presencia Policial<\/strong>: Implementar patrullas a pie m\u00e1s frecuentes y sanciones administrativas para el consumo de drogas y el incivismo en la v\u00eda p\u00fablica.<\/li>\n<li><strong>Mejoras en la Limpieza<\/strong>: Intensificar los operativos de limpieza y reconsiderar el dise\u00f1o del mobiliario urbano, como las traviesas de tren, que facilitan actividades inc\u00edvicas.<\/li>\n<li><strong>Coordinaci\u00f3n Institucional<\/strong>: Establecer un plan urgente que combine seguridad, limpieza y pol\u00edticas sociales, con una gesti\u00f3n m\u00e1s eficiente de los recursos existentes.<\/li>\n<li><strong>Apoyo al Comercio Local<\/strong>: Implementar medidas para proteger a los comerciantes de la competencia desleal y promover el barrio como un destino seguro y atractivo.<\/li>\n<\/ol>\n<h2>Un Barrio en Busca de Redenci\u00f3n<\/h2>\n<p>Sant Antoni enfrenta un momento cr\u00edtico. Lo que alguna vez fue un barrio vibrante y acogedor se encuentra ahora en una encrucijada, con vecinos y comerciantes luchando por recuperar su esencia. La degradaci\u00f3n, marcada por el incivismo, la venta ilegal y el consumo de drogas, no es solo un problema de orden p\u00fablico, sino un reflejo de desaf\u00edos sociales m\u00e1s profundos que requieren soluciones integrales. Las entidades locales han dado un paso al frente, exigiendo al Ayuntamiento una acci\u00f3n coordinada y urgente. Mientras tanto, la comunidad espera que las promesas de las autoridades se traduzcan en medidas concretas que devuelvan a Sant Antoni su lugar como un espacio de convivencia, comercio y orgullo barcelon\u00e9s.<\/p>","protected":false},"excerpt":{"rendered":"<p>La degradaci\u00f3n, marcada por el incivismo, la venta ilegal y el consumo de drogas, no es solo un problema de orden p\u00fablico, sino un reflejo de desaf\u00edos sociales m\u00e1s profundos que requieren soluciones integrales. Las entidades locales han dado un paso al frente, exigiendo al Ayuntamiento una acci\u00f3n coordinada y urgente. Foto: @SoniaSierra02 \/ X<\/p>","protected":false},"author":3,"featured_media":65904,"comment_status":"closed","ping_status":"closed","sticky":false,"template":"","format":"standard","meta":{"footnotes":""},"categories":[76],"tags":[],"class_list":["post-65903","post","type-post","status-publish","format-standard","has-post-thumbnail","hentry","category-barcelona"],"yoast_head":"<!-- This site is optimized with the Yoast SEO plugin v27.5 - https:\/\/yoast.com\/product\/yoast-seo-wordpress\/ -->\n<title>Sant Antoni: donde Barcelona perdi\u00f3 la dignidad - Revista Rambla<\/title>\n<meta name=\"robots\" content=\"index, follow, max-snippet:-1, max-image-preview:large, max-video-preview:-1\" \/>\n<link rel=\"canonical\" href=\"https:\/\/www.revistarambla.com\/en\/barrio-de-sant-antoni-donde-barcelona-perdio-la-dignidad\/\" \/>\n<meta property=\"og:locale\" content=\"en_GB\" \/>\n<meta property=\"og:type\" content=\"article\" \/>\n<meta property=\"og:title\" content=\"Sant Antoni: donde Barcelona perdi\u00f3 la dignidad - Revista Rambla\" \/>\n<meta property=\"og:description\" content=\"La degradaci\u00f3n, marcada por el incivismo, la venta ilegal y el consumo de drogas, no es solo un problema de orden p\u00fablico, sino un reflejo de desaf\u00edos sociales m\u00e1s profundos que requieren soluciones integrales. Las entidades locales han dado un paso al frente, exigiendo al Ayuntamiento una acci\u00f3n coordinada y urgente. Foto: @SoniaSierra02 \/ X\" \/>\n<meta property=\"og:url\" content=\"https:\/\/www.revistarambla.com\/en\/barrio-de-sant-antoni-donde-barcelona-perdio-la-dignidad\/\" \/>\n<meta property=\"og:site_name\" content=\"Revista Rambla\" \/>\n<meta property=\"article:publisher\" content=\"https:\/\/www.facebook.com\/revistarambla\/\" \/>\n<meta property=\"article:author\" content=\"https:\/\/www.facebook.com\/revistarambla\" \/>\n<meta property=\"article:published_time\" content=\"2025-07-29T18:32:47+00:00\" \/>\n<meta property=\"article:modified_time\" content=\"2025-07-31T18:32:51+00:00\" \/>\n<meta property=\"og:image\" content=\"https:\/\/www.revistarambla.com\/wp-content\/uploads\/2025\/07\/barrio-sant-antoni-barcelona.jpg\" \/>\n\t<meta property=\"og:image:width\" content=\"1536\" \/>\n\t<meta property=\"og:image:height\" content=\"1229\" \/>\n\t<meta property=\"og:image:type\" content=\"image\/jpeg\" \/>\n<meta name=\"author\" content=\"R@mbla\" \/>\n<meta name=\"twitter:card\" content=\"summary_large_image\" \/>\n<meta name=\"twitter:creator\" content=\"@revistarambla\" \/>\n<meta name=\"twitter:site\" content=\"@revistarambla\" \/>\n<meta name=\"twitter:label1\" content=\"Written by\" \/>\n\t<meta name=\"twitter:data1\" content=\"R@mbla\" \/>\n\t<meta name=\"twitter:label2\" content=\"Estimated reading time\" \/>\n\t<meta name=\"twitter:data2\" content=\"7 minutes\" \/>\n<script type=\"application\/ld+json\" class=\"yoast-schema-graph\">{\"@context\":\"https:\\\/\\\/schema.org\",\"@graph\":[{\"@type\":\"Article\",\"@id\":\"https:\\\/\\\/www.revistarambla.com\\\/barrio-de-sant-antoni-donde-barcelona-perdio-la-dignidad\\\/#article\",\"isPartOf\":{\"@id\":\"https:\\\/\\\/www.revistarambla.com\\\/barrio-de-sant-antoni-donde-barcelona-perdio-la-dignidad\\\/\"},\"author\":{\"name\":\"R@mbla\",\"@id\":\"https:\\\/\\\/www.revistarambla.com\\\/#\\\/schema\\\/person\\\/a146a5a2550b94981a75131180e1bd9c\"},\"headline\":\"Sant Antoni: donde Barcelona perdi\u00f3 la dignidad\",\"datePublished\":\"2025-07-29T18:32:47+00:00\",\"dateModified\":\"2025-07-31T18:32:51+00:00\",\"mainEntityOfPage\":{\"@id\":\"https:\\\/\\\/www.revistarambla.com\\\/barrio-de-sant-antoni-donde-barcelona-perdio-la-dignidad\\\/\"},\"wordCount\":1589,\"publisher\":{\"@id\":\"https:\\\/\\\/www.revistarambla.com\\\/#organization\"},\"image\":{\"@id\":\"https:\\\/\\\/www.revistarambla.com\\\/barrio-de-sant-antoni-donde-barcelona-perdio-la-dignidad\\\/#primaryimage\"},\"thumbnailUrl\":\"https:\\\/\\\/www.revistarambla.com\\\/wp-content\\\/uploads\\\/2025\\\/07\\\/barrio-sant-antoni-barcelona.jpg\",\"articleSection\":[\"Barcelona\"],\"inLanguage\":\"en-GB\"},{\"@type\":\"WebPage\",\"@id\":\"https:\\\/\\\/www.revistarambla.com\\\/barrio-de-sant-antoni-donde-barcelona-perdio-la-dignidad\\\/\",\"url\":\"https:\\\/\\\/www.revistarambla.com\\\/barrio-de-sant-antoni-donde-barcelona-perdio-la-dignidad\\\/\",\"name\":\"Sant Antoni: donde Barcelona perdi\u00f3 la dignidad - Revista Rambla\",\"isPartOf\":{\"@id\":\"https:\\\/\\\/www.revistarambla.com\\\/#website\"},\"primaryImageOfPage\":{\"@id\":\"https:\\\/\\\/www.revistarambla.com\\\/barrio-de-sant-antoni-donde-barcelona-perdio-la-dignidad\\\/#primaryimage\"},\"image\":{\"@id\":\"https:\\\/\\\/www.revistarambla.com\\\/barrio-de-sant-antoni-donde-barcelona-perdio-la-dignidad\\\/#primaryimage\"},\"thumbnailUrl\":\"https:\\\/\\\/www.revistarambla.com\\\/wp-content\\\/uploads\\\/2025\\\/07\\\/barrio-sant-antoni-barcelona.jpg\",\"datePublished\":\"2025-07-29T18:32:47+00:00\",\"dateModified\":\"2025-07-31T18:32:51+00:00\",\"breadcrumb\":{\"@id\":\"https:\\\/\\\/www.revistarambla.com\\\/barrio-de-sant-antoni-donde-barcelona-perdio-la-dignidad\\\/#breadcrumb\"},\"inLanguage\":\"en-GB\",\"potentialAction\":[{\"@type\":\"ReadAction\",\"target\":[\"https:\\\/\\\/www.revistarambla.com\\\/barrio-de-sant-antoni-donde-barcelona-perdio-la-dignidad\\\/\"]}]},{\"@type\":\"ImageObject\",\"inLanguage\":\"en-GB\",\"@id\":\"https:\\\/\\\/www.revistarambla.com\\\/barrio-de-sant-antoni-donde-barcelona-perdio-la-dignidad\\\/#primaryimage\",\"url\":\"https:\\\/\\\/www.revistarambla.com\\\/wp-content\\\/uploads\\\/2025\\\/07\\\/barrio-sant-antoni-barcelona.jpg\",\"contentUrl\":\"https:\\\/\\\/www.revistarambla.com\\\/wp-content\\\/uploads\\\/2025\\\/07\\\/barrio-sant-antoni-barcelona.jpg\",\"width\":1536,\"height\":1229,\"caption\":\"barrio sant antoni barcelona\"},{\"@type\":\"BreadcrumbList\",\"@id\":\"https:\\\/\\\/www.revistarambla.com\\\/barrio-de-sant-antoni-donde-barcelona-perdio-la-dignidad\\\/#breadcrumb\",\"itemListElement\":[{\"@type\":\"ListItem\",\"position\":1,\"name\":\"Portada\",\"item\":\"https:\\\/\\\/www.revistarambla.com\\\/\"},{\"@type\":\"ListItem\",\"position\":2,\"name\":\"Sant Antoni: donde Barcelona perdi\u00f3 la dignidad\"}]},{\"@type\":\"WebSite\",\"@id\":\"https:\\\/\\\/www.revistarambla.com\\\/#website\",\"url\":\"https:\\\/\\\/www.revistarambla.com\\\/\",\"name\":\"Revista Rambla Barcelona\",\"description\":\"Periodismo independiente\",\"publisher\":{\"@id\":\"https:\\\/\\\/www.revistarambla.com\\\/#organization\"},\"potentialAction\":[{\"@type\":\"SearchAction\",\"target\":{\"@type\":\"EntryPoint\",\"urlTemplate\":\"https:\\\/\\\/www.revistarambla.com\\\/?s={search_term_string}\"},\"query-input\":{\"@type\":\"PropertyValueSpecification\",\"valueRequired\":true,\"valueName\":\"search_term_string\"}}],\"inLanguage\":\"en-GB\"},{\"@type\":\"Organization\",\"@id\":\"https:\\\/\\\/www.revistarambla.com\\\/#organization\",\"name\":\"Revista Rambla\",\"url\":\"https:\\\/\\\/www.revistarambla.com\\\/\",\"logo\":{\"@type\":\"ImageObject\",\"inLanguage\":\"en-GB\",\"@id\":\"https:\\\/\\\/www.revistarambla.com\\\/#\\\/schema\\\/logo\\\/image\\\/\",\"url\":\"https:\\\/\\\/www.revistarambla.com\\\/wp-content\\\/uploads\\\/2020\\\/09\\\/banner_rambla_1900x600_BB.png\",\"contentUrl\":\"https:\\\/\\\/www.revistarambla.com\\\/wp-content\\\/uploads\\\/2020\\\/09\\\/banner_rambla_1900x600_BB.png\",\"width\":1900,\"height\":600,\"caption\":\"Revista Rambla\"},\"image\":{\"@id\":\"https:\\\/\\\/www.revistarambla.com\\\/#\\\/schema\\\/logo\\\/image\\\/\"},\"sameAs\":[\"https:\\\/\\\/www.facebook.com\\\/revistarambla\\\/\",\"https:\\\/\\\/x.com\\\/revistarambla\",\"https:\\\/\\\/www.instagram.com\\\/revista_rambla\",\"https:\\\/\\\/es.linkedin.com\\\/company\\\/revista-rambla\"]},{\"@type\":\"Person\",\"@id\":\"https:\\\/\\\/www.revistarambla.com\\\/#\\\/schema\\\/person\\\/a146a5a2550b94981a75131180e1bd9c\",\"name\":\"R@mbla\",\"description\":\"Este art\u00edculo ha sido redactado y\\\/o validado por el equipo de redacci\u00f3n de Revista Rambla.\",\"sameAs\":[\"https:\\\/\\\/www.revistarambla.com\\\/\",\"https:\\\/\\\/www.facebook.com\\\/revistarambla\",\"https:\\\/\\\/x.com\\\/revistarambla\"]}]}<\/script>\n<!-- \/ Yoast SEO plugin. -->","yoast_head_json":{"title":"Sant Antoni: donde Barcelona perdi\u00f3 la dignidad - Revista Rambla","robots":{"index":"index","follow":"follow","max-snippet":"max-snippet:-1","max-image-preview":"max-image-preview:large","max-video-preview":"max-video-preview:-1"},"canonical":"https:\/\/www.revistarambla.com\/en\/barrio-de-sant-antoni-donde-barcelona-perdio-la-dignidad\/","og_locale":"en_GB","og_type":"article","og_title":"Sant Antoni: donde Barcelona perdi\u00f3 la dignidad - Revista Rambla","og_description":"La degradaci\u00f3n, marcada por el incivismo, la venta ilegal y el consumo de drogas, no es solo un problema de orden p\u00fablico, sino un reflejo de desaf\u00edos sociales m\u00e1s profundos que requieren soluciones integrales. Las entidades locales han dado un paso al frente, exigiendo al Ayuntamiento una acci\u00f3n coordinada y urgente. Foto: @SoniaSierra02 \/ X","og_url":"https:\/\/www.revistarambla.com\/en\/barrio-de-sant-antoni-donde-barcelona-perdio-la-dignidad\/","og_site_name":"Revista Rambla","article_publisher":"https:\/\/www.facebook.com\/revistarambla\/","article_author":"https:\/\/www.facebook.com\/revistarambla","article_published_time":"2025-07-29T18:32:47+00:00","article_modified_time":"2025-07-31T18:32:51+00:00","og_image":[{"width":1536,"height":1229,"url":"https:\/\/www.revistarambla.com\/wp-content\/uploads\/2025\/07\/barrio-sant-antoni-barcelona.jpg","type":"image\/jpeg"}],"author":"R@mbla","twitter_card":"summary_large_image","twitter_creator":"@revistarambla","twitter_site":"@revistarambla","twitter_misc":{"Written by":"R@mbla","Estimated reading time":"7 minutes"},"schema":{"@context":"https:\/\/schema.org","@graph":[{"@type":"Article","@id":"https:\/\/www.revistarambla.com\/barrio-de-sant-antoni-donde-barcelona-perdio-la-dignidad\/#article","isPartOf":{"@id":"https:\/\/www.revistarambla.com\/barrio-de-sant-antoni-donde-barcelona-perdio-la-dignidad\/"},"author":{"name":"R@mbla","@id":"https:\/\/www.revistarambla.com\/#\/schema\/person\/a146a5a2550b94981a75131180e1bd9c"},"headline":"Sant Antoni: donde Barcelona perdi\u00f3 la dignidad","datePublished":"2025-07-29T18:32:47+00:00","dateModified":"2025-07-31T18:32:51+00:00","mainEntityOfPage":{"@id":"https:\/\/www.revistarambla.com\/barrio-de-sant-antoni-donde-barcelona-perdio-la-dignidad\/"},"wordCount":1589,"publisher":{"@id":"https:\/\/www.revistarambla.com\/#organization"},"image":{"@id":"https:\/\/www.revistarambla.com\/barrio-de-sant-antoni-donde-barcelona-perdio-la-dignidad\/#primaryimage"},"thumbnailUrl":"https:\/\/www.revistarambla.com\/wp-content\/uploads\/2025\/07\/barrio-sant-antoni-barcelona.jpg","articleSection":["Barcelona"],"inLanguage":"en-GB"},{"@type":"WebPage","@id":"https:\/\/www.revistarambla.com\/barrio-de-sant-antoni-donde-barcelona-perdio-la-dignidad\/","url":"https:\/\/www.revistarambla.com\/barrio-de-sant-antoni-donde-barcelona-perdio-la-dignidad\/","name":"Sant Antoni: donde Barcelona perdi\u00f3 la dignidad - Revista Rambla","isPartOf":{"@id":"https:\/\/www.revistarambla.com\/#website"},"primaryImageOfPage":{"@id":"https:\/\/www.revistarambla.com\/barrio-de-sant-antoni-donde-barcelona-perdio-la-dignidad\/#primaryimage"},"image":{"@id":"https:\/\/www.revistarambla.com\/barrio-de-sant-antoni-donde-barcelona-perdio-la-dignidad\/#primaryimage"},"thumbnailUrl":"https:\/\/www.revistarambla.com\/wp-content\/uploads\/2025\/07\/barrio-sant-antoni-barcelona.jpg","datePublished":"2025-07-29T18:32:47+00:00","dateModified":"2025-07-31T18:32:51+00:00","breadcrumb":{"@id":"https:\/\/www.revistarambla.com\/barrio-de-sant-antoni-donde-barcelona-perdio-la-dignidad\/#breadcrumb"},"inLanguage":"en-GB","potentialAction":[{"@type":"ReadAction","target":["https:\/\/www.revistarambla.com\/barrio-de-sant-antoni-donde-barcelona-perdio-la-dignidad\/"]}]},{"@type":"ImageObject","inLanguage":"en-GB","@id":"https:\/\/www.revistarambla.com\/barrio-de-sant-antoni-donde-barcelona-perdio-la-dignidad\/#primaryimage","url":"https:\/\/www.revistarambla.com\/wp-content\/uploads\/2025\/07\/barrio-sant-antoni-barcelona.jpg","contentUrl":"https:\/\/www.revistarambla.com\/wp-content\/uploads\/2025\/07\/barrio-sant-antoni-barcelona.jpg","width":1536,"height":1229,"caption":"barrio sant antoni barcelona"},{"@type":"BreadcrumbList","@id":"https:\/\/www.revistarambla.com\/barrio-de-sant-antoni-donde-barcelona-perdio-la-dignidad\/#breadcrumb","itemListElement":[{"@type":"ListItem","position":1,"name":"Portada","item":"https:\/\/www.revistarambla.com\/"},{"@type":"ListItem","position":2,"name":"Sant Antoni: donde Barcelona perdi\u00f3 la dignidad"}]},{"@type":"WebSite","@id":"https:\/\/www.revistarambla.com\/#website","url":"https:\/\/www.revistarambla.com\/","name":"Revista Rambla Barcelona","description":"Periodismo independiente","publisher":{"@id":"https:\/\/www.revistarambla.com\/#organization"},"potentialAction":[{"@type":"SearchAction","target":{"@type":"EntryPoint","urlTemplate":"https:\/\/www.revistarambla.com\/?s={search_term_string}"},"query-input":{"@type":"PropertyValueSpecification","valueRequired":true,"valueName":"search_term_string"}}],"inLanguage":"en-GB"},{"@type":"Organization","@id":"https:\/\/www.revistarambla.com\/#organization","name":"Revista Rambla","url":"https:\/\/www.revistarambla.com\/","logo":{"@type":"ImageObject","inLanguage":"en-GB","@id":"https:\/\/www.revistarambla.com\/#\/schema\/logo\/image\/","url":"https:\/\/www.revistarambla.com\/wp-content\/uploads\/2020\/09\/banner_rambla_1900x600_BB.png","contentUrl":"https:\/\/www.revistarambla.com\/wp-content\/uploads\/2020\/09\/banner_rambla_1900x600_BB.png","width":1900,"height":600,"caption":"Revista Rambla"},"image":{"@id":"https:\/\/www.revistarambla.com\/#\/schema\/logo\/image\/"},"sameAs":["https:\/\/www.facebook.com\/revistarambla\/","https:\/\/x.com\/revistarambla","https:\/\/www.instagram.com\/revista_rambla","https:\/\/es.linkedin.com\/company\/revista-rambla"]},{"@type":"Person","@id":"https:\/\/www.revistarambla.com\/#\/schema\/person\/a146a5a2550b94981a75131180e1bd9c","name":"R@mbla","description":"Este art\u00edculo ha sido redactado y\/o validado por el equipo de redacci\u00f3n de Revista Rambla.","sameAs":["https:\/\/www.revistarambla.com\/","https:\/\/www.facebook.com\/revistarambla","https:\/\/x.com\/revistarambla"]}]}},"_links":{"self":[{"href":"https:\/\/www.revistarambla.com\/en\/wp-json\/wp\/v2\/posts\/65903","targetHints":{"allow":["GET"]}}],"collection":[{"href":"https:\/\/www.revistarambla.com\/en\/wp-json\/wp\/v2\/posts"}],"about":[{"href":"https:\/\/www.revistarambla.com\/en\/wp-json\/wp\/v2\/types\/post"}],"author":[{"embeddable":true,"href":"https:\/\/www.revistarambla.com\/en\/wp-json\/wp\/v2\/users\/3"}],"replies":[{"embeddable":true,"href":"https:\/\/www.revistarambla.com\/en\/wp-json\/wp\/v2\/comments?post=65903"}],"version-history":[{"count":2,"href":"https:\/\/www.revistarambla.com\/en\/wp-json\/wp\/v2\/posts\/65903\/revisions"}],"predecessor-version":[{"id":65906,"href":"https:\/\/www.revistarambla.com\/en\/wp-json\/wp\/v2\/posts\/65903\/revisions\/65906"}],"wp:featuredmedia":[{"embeddable":true,"href":"https:\/\/www.revistarambla.com\/en\/wp-json\/wp\/v2\/media\/65904"}],"wp:attachment":[{"href":"https:\/\/www.revistarambla.com\/en\/wp-json\/wp\/v2\/media?parent=65903"}],"wp:term":[{"taxonomy":"category","embeddable":true,"href":"https:\/\/www.revistarambla.com\/en\/wp-json\/wp\/v2\/categories?post=65903"},{"taxonomy":"post_tag","embeddable":true,"href":"https:\/\/www.revistarambla.com\/en\/wp-json\/wp\/v2\/tags?post=65903"}],"curies":[{"name":"wp","href":"https:\/\/api.w.org\/{rel}","templated":true}]}}