{"id":65898,"date":"2025-07-29T14:09:44","date_gmt":"2025-07-29T12:09:44","guid":{"rendered":"https:\/\/www.revistarambla.com\/?p=65898"},"modified":"2025-07-29T14:09:44","modified_gmt":"2025-07-29T12:09:44","slug":"un-cuento-sobre-un-idiota-en-la-entrada-de-las-altas-esferas","status":"publish","type":"post","link":"https:\/\/www.revistarambla.com\/en\/un-cuento-sobre-un-idiota-en-la-entrada-de-las-altas-esferas\/","title":{"rendered":"Un cuento sobre un idiota en la entrada de las altas esferas"},"content":{"rendered":"<h4><em>El Nuevo Idiota: C\u00f3mo un oligarca ruso \u00e9tico puso en jaque a la oligarqu\u00eda europea<\/em><\/h4>\n<p>Bruselas, 2025 \u2014 En un continente marcado por tensiones geopol\u00edticas, intereses corporativos ocultos y una creciente desafecci\u00f3n ciudadana, el surgimiento de Aleks\u00e9i M\u00fdshkin \u2014un joven oligarca ruso heredero de un conglomerado empresarial\u2014 ha encendido una mecha inesperada: la de la \u00e9tica radical.<\/p>\n<p>Aleks\u00e9i, de 33 a\u00f1os, educado en monasterios ortodoxos y cl\u00ednicas suizas debido a una enfermedad nerviosa, hered\u00f3 sorpresivamente el control de un conjunto de empresas con activos en energ\u00eda, infraestructura y medios de comunicaci\u00f3n en la Uni\u00f3n Europea. Su llegada a Bruselas fue recibida con escepticismo, cuando no burla. \u00bfUn oligarca ruso que hablaba de justicia, transparencia y cooperaci\u00f3n pan-europea fuera del eje OTAN? Rid\u00edculo.<\/p>\n<p>Pero lo que parec\u00eda una excentricidad se convirti\u00f3 en una disrupci\u00f3n. En sus primeras semanas, rechaz\u00f3 comprar una petrolera francesa con historial de sobornos en \u00c1frica, denunci\u00f3 acuerdos secretos entre gasistas b\u00e1varas y lobbies parlamentarios, y renunci\u00f3 p\u00fablicamente a un dividendo personal de 2.500 millones de euros. Lo destin\u00f3 a un fondo p\u00fablico para eficiencia energ\u00e9tica&#8230; administrado por auditor\u00edas ciudadanas rotativas.<\/p>\n<p>La prensa lo llam\u00f3 \u201cEl idiota del Este\u201d. Se convirti\u00f3 en meme. CEOs europeos se burlaban de su insistencia en cumplir normativas laborales al pie de la letra. \u201cEl sistema no funciona as\u00ed\u201d, le dijeron. Y ten\u00edan raz\u00f3n.<\/p>\n<p>Cada paso que daba \u2014como rechazar contratos opacos de armamento, o exigir que su red de transporte log\u00edstico operara con salario m\u00ednimo homologado europeo\u2014 chocaba con una pared: la de una oligarqu\u00eda continental no reconocida oficialmente, pero operativa. Una constelaci\u00f3n de banqueros, tecn\u00f3cratas y pol\u00edticos engrasados con favores cruzados, sobrecostes asumidos como norma y privatizaciones aceleradas.<\/p>\n<p>Aleks\u00e9i respondi\u00f3 con m\u00e1s transparencia. Public\u00f3 correos de chantaje. Renunci\u00f3 a formar parte de consejos donde se compraban votos. Y luego dio el paso m\u00e1s escandaloso: firm\u00f3 acuerdos con proveedores energ\u00e9ticos rusos para importar gas a precios inferiores al de mercado, y lo distribuy\u00f3 gratuitamente a peque\u00f1os estados europeos en crisis energ\u00e9tica: Albania, Moldavia, incluso partes de Grecia.<\/p>\n<p>En un movimiento a\u00fan m\u00e1s pol\u00e9mico, Aleks\u00e9i sufrag\u00f3 de su propio bolsillo una flota de petroleros fantasma \u2014registrados bajo banderas de conveniencia y operados desde puertos del Mar Negro\u2014 que triangulaban el crudo ruso a trav\u00e9s de India. El petr\u00f3leo, ya \u201cdesrusi\ufb01cado\u201d en los papeles, volv\u00eda a Europa a precios estabilizados, sin m\u00e1rgenes especulativos. No lo hac\u00eda por beneficio, sino \u2014seg\u00fan sus propias palabras\u2014 \u00abpor misericordia hacia las pymes europeas y en obediencia al Serm\u00f3n del Monte\u00bb. La operaci\u00f3n, aunque denunciada por Bruselas, mantuvo a flote a cientos de industrias en Portugal, Italia y los Balcanes durante el invierno de 2024. Pocos lo admitieron en p\u00fablico. Muchos le debieron en silencio.<\/p>\n<p>Y antes de que su fortuna se agotara, volc\u00f3 su \u00faltimo capital en una inversi\u00f3n coordinada en el\u00e9ctricas europeas. Al concentrar participaci\u00f3n accionaria en varias empresas clave de distribuci\u00f3n, forz\u00f3 pol\u00edticas internas de bajada de precios y elimin\u00f3 cl\u00e1usulas que encarec\u00edan la tarifa base. Durante cuatro meses, el precio de la luz cay\u00f3 un 40% en media Europa.<\/p>\n<p>En plena tormenta, Aleks\u00e9i se enamor\u00f3 de Svetlana Vol\u00f3dina, una oligarca rusa expatriada que veraneaba en Marbella. Compart\u00edan la pasi\u00f3n por Dostoievski, el pan de masa madre y las criptomonedas \u00e9ticas. Pens\u00f3 en unirse a ella y abandonar la batalla. Pero justo entonces, la UE aprob\u00f3 un paquete de leyes que bloqueaban por completo la entrada de capital ruso en cualquier sector estrat\u00e9gico, incluida la energ\u00eda, y sus cuentas quedaron congeladas en Luxemburgo.<\/p>\n<p>Para evitar la bancarrota de su red de cooperativas energ\u00e9ticas y salvar miles de empleos, se vio obligado a casarse con Clara Ruiz, una contable de Teruel con quien hab\u00eda trabajado en la auditor\u00eda de una el\u00e9ctrica en 2023. El matrimonio le permiti\u00f3 mantener residencia y operaciones legales dentro de la eurozona. Cuando fue preguntado al respecto, solo dijo: \u201cEl amor a veces se disfraza de obligaci\u00f3n. Pero toda cruz, si se abraza, ilumina.\u201d<\/p>\n<p>Antes de retirarse finalmente al T\u00edbet \u2014donde buscaba silencio, t\u00e9 y nieve\u2014 Aleks\u00e9i fund\u00f3 un partido de alcance continental llamado Fraternidad de los Imprudentes. Su lema: \u201cLa idiotez colectiva debe prevalecer sobre la inteligencia individual\u201d, fue entendido como un homenaje al pueblo llano y una cr\u00edtica directa al elitismo tecnocr\u00e1tico. En un giro que nadie supo explicar, el partido logr\u00f3 entrar al Parlamento Europeo con 17 esca\u00f1os. Desde su banca, Aleks\u00e9i desmantel\u00f3 paso a paso la Agenda 2030, argumentando que la justicia no necesita hojas de ruta, sino actos inmediatos.<\/p>\n<p>Y como \u00faltimo gesto simb\u00f3lico antes de su retiro, propuso \u2014y logr\u00f3 aprobar\u2014 una ley que prohib\u00eda todo intercambio de armas con Israel, en una moci\u00f3n presentada sin discursos, solo con un vers\u00edculo del Evangelio copiado a mano: \u00abBienaventurados los que trabajan por la paz, porque ellos ser\u00e1n llamados hijos de Dios.\u00bb El pleno qued\u00f3 en silencio. Y la ley pas\u00f3 por mayor\u00eda simple.<\/p>\n<p>Lo m\u00e1s ins\u00f3lito de todo es que sin pretenderlo, y sin un solo tanque ni tratado, Aleks\u00e9i logr\u00f3 poner fin a la guerra de Ucrania. Su red de gas barato, sus operaciones petroleras trianguladas y su presi\u00f3n sobre los precios internacionales desplomaron los m\u00e1rgenes del conflicto. Cuando ya no hubo beneficios geoestrat\u00e9gicos claros para sostener el enfrentamiento, las potencias involucradas comenzaron a retirarse en silencio. La guerra se extingui\u00f3 no por diplomacia, sino por desinter\u00e9s econ\u00f3mico inducido por un solo hombre con fe y contabilidad limpia.<\/p>\n<p>Por un solo hombre que, ir\u00f3nicamente, no se preocupaba por las luchas del poder, que nunca habl\u00f3 de victorias ni de hegemon\u00edas, y que fue, en el fondo, un idiota en el mejor sentido de la palabra: el de aquel que insiste en creer en la bondad, incluso cuando el mundo entero se ha rendido al cinismo.<\/p>","protected":false},"excerpt":{"rendered":"<p>El Nuevo Idiota: C\u00f3mo un oligarca ruso \u00e9tico puso en jaque a la oligarqu\u00eda europea Bruselas, 2025 \u2014 En un continente marcado por tensiones geopol\u00edticas, intereses corporativos ocultos y una creciente desafecci\u00f3n ciudadana, el surgimiento de Aleks\u00e9i M\u00fdshkin \u2014un joven oligarca ruso heredero de un conglomerado empresarial\u2014 ha encendido una [&hellip;]<\/p>\n","protected":false},"author":294,"featured_media":24576,"comment_status":"closed","ping_status":"closed","sticky":false,"template":"","format":"standard","meta":{"footnotes":""},"categories":[3908],"tags":[],"class_list":["post-65898","post","type-post","status-publish","format-standard","has-post-thumbnail","hentry","category-la-bodeguita-de-hemingway"],"yoast_head":"<!-- This site is optimized with the Yoast SEO plugin v27.5 - https:\/\/yoast.com\/product\/yoast-seo-wordpress\/ -->\n<title>Un cuento sobre un idiota en la entrada de las altas esferas - Revista Rambla<\/title>\n<meta name=\"robots\" content=\"index, follow, max-snippet:-1, max-image-preview:large, max-video-preview:-1\" \/>\n<link rel=\"canonical\" href=\"https:\/\/www.revistarambla.com\/en\/un-cuento-sobre-un-idiota-en-la-entrada-de-las-altas-esferas\/\" \/>\n<meta property=\"og:locale\" content=\"en_GB\" \/>\n<meta property=\"og:type\" content=\"article\" \/>\n<meta property=\"og:title\" content=\"Un cuento sobre un idiota en la entrada de las altas esferas - Revista Rambla\" \/>\n<meta property=\"og:description\" content=\"El Nuevo Idiota: C\u00f3mo un oligarca ruso \u00e9tico puso en jaque a la oligarqu\u00eda europea Bruselas, 2025 \u2014 En un continente marcado por tensiones geopol\u00edticas, intereses corporativos ocultos y una creciente desafecci\u00f3n ciudadana, el surgimiento de Aleks\u00e9i M\u00fdshkin \u2014un joven oligarca ruso heredero de un conglomerado empresarial\u2014 ha encendido una [&hellip;]\" \/>\n<meta property=\"og:url\" content=\"https:\/\/www.revistarambla.com\/en\/un-cuento-sobre-un-idiota-en-la-entrada-de-las-altas-esferas\/\" \/>\n<meta property=\"og:site_name\" content=\"Revista Rambla\" \/>\n<meta property=\"article:publisher\" content=\"https:\/\/www.facebook.com\/revistarambla\/\" \/>\n<meta property=\"article:published_time\" content=\"2025-07-29T12:09:44+00:00\" \/>\n<meta property=\"og:image\" content=\"https:\/\/www.revistarambla.com\/wp-content\/uploads\/2020\/09\/Parlamento_europeo-copia.jpg\" \/>\n\t<meta property=\"og:image:width\" content=\"1176\" \/>\n\t<meta property=\"og:image:height\" content=\"777\" \/>\n\t<meta property=\"og:image:type\" content=\"image\/jpeg\" \/>\n<meta name=\"author\" content=\"Jos\u00e9 Antonio Gamero Romero\" \/>\n<meta name=\"twitter:card\" content=\"summary_large_image\" \/>\n<meta name=\"twitter:creator\" content=\"@revistarambla\" \/>\n<meta name=\"twitter:site\" content=\"@revistarambla\" \/>\n<meta name=\"twitter:label1\" content=\"Written by\" \/>\n\t<meta name=\"twitter:data1\" content=\"Jos\u00e9 Antonio Gamero Romero\" \/>\n\t<meta name=\"twitter:label2\" content=\"Estimated reading time\" \/>\n\t<meta name=\"twitter:data2\" content=\"5 minutes\" \/>\n<script type=\"application\/ld+json\" class=\"yoast-schema-graph\">{\"@context\":\"https:\\\/\\\/schema.org\",\"@graph\":[{\"@type\":\"Article\",\"@id\":\"https:\\\/\\\/www.revistarambla.com\\\/un-cuento-sobre-un-idiota-en-la-entrada-de-las-altas-esferas\\\/#article\",\"isPartOf\":{\"@id\":\"https:\\\/\\\/www.revistarambla.com\\\/un-cuento-sobre-un-idiota-en-la-entrada-de-las-altas-esferas\\\/\"},\"author\":{\"name\":\"Jos\u00e9 Antonio Gamero Romero\",\"@id\":\"https:\\\/\\\/www.revistarambla.com\\\/#\\\/schema\\\/person\\\/94294f57cf4910853e3280fda7339bfc\"},\"headline\":\"Un cuento sobre un idiota en la entrada de las altas esferas\",\"datePublished\":\"2025-07-29T12:09:44+00:00\",\"mainEntityOfPage\":{\"@id\":\"https:\\\/\\\/www.revistarambla.com\\\/un-cuento-sobre-un-idiota-en-la-entrada-de-las-altas-esferas\\\/\"},\"wordCount\":1040,\"publisher\":{\"@id\":\"https:\\\/\\\/www.revistarambla.com\\\/#organization\"},\"image\":{\"@id\":\"https:\\\/\\\/www.revistarambla.com\\\/un-cuento-sobre-un-idiota-en-la-entrada-de-las-altas-esferas\\\/#primaryimage\"},\"thumbnailUrl\":\"https:\\\/\\\/www.revistarambla.com\\\/wp-content\\\/uploads\\\/2020\\\/09\\\/Parlamento_europeo-copia.jpg\",\"articleSection\":[\"La bodeguita de Hemingway\"],\"inLanguage\":\"en-GB\"},{\"@type\":\"WebPage\",\"@id\":\"https:\\\/\\\/www.revistarambla.com\\\/un-cuento-sobre-un-idiota-en-la-entrada-de-las-altas-esferas\\\/\",\"url\":\"https:\\\/\\\/www.revistarambla.com\\\/un-cuento-sobre-un-idiota-en-la-entrada-de-las-altas-esferas\\\/\",\"name\":\"Un cuento sobre un idiota en la entrada de las altas esferas - Revista Rambla\",\"isPartOf\":{\"@id\":\"https:\\\/\\\/www.revistarambla.com\\\/#website\"},\"primaryImageOfPage\":{\"@id\":\"https:\\\/\\\/www.revistarambla.com\\\/un-cuento-sobre-un-idiota-en-la-entrada-de-las-altas-esferas\\\/#primaryimage\"},\"image\":{\"@id\":\"https:\\\/\\\/www.revistarambla.com\\\/un-cuento-sobre-un-idiota-en-la-entrada-de-las-altas-esferas\\\/#primaryimage\"},\"thumbnailUrl\":\"https:\\\/\\\/www.revistarambla.com\\\/wp-content\\\/uploads\\\/2020\\\/09\\\/Parlamento_europeo-copia.jpg\",\"datePublished\":\"2025-07-29T12:09:44+00:00\",\"breadcrumb\":{\"@id\":\"https:\\\/\\\/www.revistarambla.com\\\/un-cuento-sobre-un-idiota-en-la-entrada-de-las-altas-esferas\\\/#breadcrumb\"},\"inLanguage\":\"en-GB\",\"potentialAction\":[{\"@type\":\"ReadAction\",\"target\":[\"https:\\\/\\\/www.revistarambla.com\\\/un-cuento-sobre-un-idiota-en-la-entrada-de-las-altas-esferas\\\/\"]}]},{\"@type\":\"ImageObject\",\"inLanguage\":\"en-GB\",\"@id\":\"https:\\\/\\\/www.revistarambla.com\\\/un-cuento-sobre-un-idiota-en-la-entrada-de-las-altas-esferas\\\/#primaryimage\",\"url\":\"https:\\\/\\\/www.revistarambla.com\\\/wp-content\\\/uploads\\\/2020\\\/09\\\/Parlamento_europeo-copia.jpg\",\"contentUrl\":\"https:\\\/\\\/www.revistarambla.com\\\/wp-content\\\/uploads\\\/2020\\\/09\\\/Parlamento_europeo-copia.jpg\",\"width\":1176,\"height\":777,\"caption\":\"parlamento europeo\"},{\"@type\":\"BreadcrumbList\",\"@id\":\"https:\\\/\\\/www.revistarambla.com\\\/un-cuento-sobre-un-idiota-en-la-entrada-de-las-altas-esferas\\\/#breadcrumb\",\"itemListElement\":[{\"@type\":\"ListItem\",\"position\":1,\"name\":\"Portada\",\"item\":\"https:\\\/\\\/www.revistarambla.com\\\/\"},{\"@type\":\"ListItem\",\"position\":2,\"name\":\"Un cuento sobre un idiota en la entrada de las altas esferas\"}]},{\"@type\":\"WebSite\",\"@id\":\"https:\\\/\\\/www.revistarambla.com\\\/#website\",\"url\":\"https:\\\/\\\/www.revistarambla.com\\\/\",\"name\":\"Revista Rambla Barcelona\",\"description\":\"Periodismo independiente\",\"publisher\":{\"@id\":\"https:\\\/\\\/www.revistarambla.com\\\/#organization\"},\"potentialAction\":[{\"@type\":\"SearchAction\",\"target\":{\"@type\":\"EntryPoint\",\"urlTemplate\":\"https:\\\/\\\/www.revistarambla.com\\\/?s={search_term_string}\"},\"query-input\":{\"@type\":\"PropertyValueSpecification\",\"valueRequired\":true,\"valueName\":\"search_term_string\"}}],\"inLanguage\":\"en-GB\"},{\"@type\":\"Organization\",\"@id\":\"https:\\\/\\\/www.revistarambla.com\\\/#organization\",\"name\":\"Revista Rambla\",\"url\":\"https:\\\/\\\/www.revistarambla.com\\\/\",\"logo\":{\"@type\":\"ImageObject\",\"inLanguage\":\"en-GB\",\"@id\":\"https:\\\/\\\/www.revistarambla.com\\\/#\\\/schema\\\/logo\\\/image\\\/\",\"url\":\"https:\\\/\\\/www.revistarambla.com\\\/wp-content\\\/uploads\\\/2020\\\/09\\\/banner_rambla_1900x600_BB.png\",\"contentUrl\":\"https:\\\/\\\/www.revistarambla.com\\\/wp-content\\\/uploads\\\/2020\\\/09\\\/banner_rambla_1900x600_BB.png\",\"width\":1900,\"height\":600,\"caption\":\"Revista Rambla\"},\"image\":{\"@id\":\"https:\\\/\\\/www.revistarambla.com\\\/#\\\/schema\\\/logo\\\/image\\\/\"},\"sameAs\":[\"https:\\\/\\\/www.facebook.com\\\/revistarambla\\\/\",\"https:\\\/\\\/x.com\\\/revistarambla\",\"https:\\\/\\\/www.instagram.com\\\/revista_rambla\",\"https:\\\/\\\/es.linkedin.com\\\/company\\\/revista-rambla\"]},{\"@type\":\"Person\",\"@id\":\"https:\\\/\\\/www.revistarambla.com\\\/#\\\/schema\\\/person\\\/94294f57cf4910853e3280fda7339bfc\",\"name\":\"Jos\u00e9 Antonio Gamero Romero\",\"description\":\"Escritor sevillano finalista del premio Azor\u00edn 2014. Ha publicado en diferentes revistas como Culturamas, E\u00f1e, Visor, etc. Sus libros son: 'La invenci\u00f3n de los gigantes' (Buc\u00e9falo 2016); 'Literatura tridimensional' (Adarve 2018); 'S\u00f3crates no vino a Espa\u00f1a' (Samarcanda 2018); 'La rep\u00fablica del fin del mundo' (Tandaia 2018) y 'La bodeguita de Hemingway'.\"}]}<\/script>\n<!-- \/ Yoast SEO plugin. -->","yoast_head_json":{"title":"Un cuento sobre un idiota en la entrada de las altas esferas - Revista Rambla","robots":{"index":"index","follow":"follow","max-snippet":"max-snippet:-1","max-image-preview":"max-image-preview:large","max-video-preview":"max-video-preview:-1"},"canonical":"https:\/\/www.revistarambla.com\/en\/un-cuento-sobre-un-idiota-en-la-entrada-de-las-altas-esferas\/","og_locale":"en_GB","og_type":"article","og_title":"Un cuento sobre un idiota en la entrada de las altas esferas - Revista Rambla","og_description":"El Nuevo Idiota: C\u00f3mo un oligarca ruso \u00e9tico puso en jaque a la oligarqu\u00eda europea Bruselas, 2025 \u2014 En un continente marcado por tensiones geopol\u00edticas, intereses corporativos ocultos y una creciente desafecci\u00f3n ciudadana, el surgimiento de Aleks\u00e9i M\u00fdshkin \u2014un joven oligarca ruso heredero de un conglomerado empresarial\u2014 ha encendido una [&hellip;]","og_url":"https:\/\/www.revistarambla.com\/en\/un-cuento-sobre-un-idiota-en-la-entrada-de-las-altas-esferas\/","og_site_name":"Revista Rambla","article_publisher":"https:\/\/www.facebook.com\/revistarambla\/","article_published_time":"2025-07-29T12:09:44+00:00","og_image":[{"width":1176,"height":777,"url":"https:\/\/www.revistarambla.com\/wp-content\/uploads\/2020\/09\/Parlamento_europeo-copia.jpg","type":"image\/jpeg"}],"author":"Jos\u00e9 Antonio Gamero Romero","twitter_card":"summary_large_image","twitter_creator":"@revistarambla","twitter_site":"@revistarambla","twitter_misc":{"Written by":"Jos\u00e9 Antonio Gamero Romero","Estimated reading time":"5 minutes"},"schema":{"@context":"https:\/\/schema.org","@graph":[{"@type":"Article","@id":"https:\/\/www.revistarambla.com\/un-cuento-sobre-un-idiota-en-la-entrada-de-las-altas-esferas\/#article","isPartOf":{"@id":"https:\/\/www.revistarambla.com\/un-cuento-sobre-un-idiota-en-la-entrada-de-las-altas-esferas\/"},"author":{"name":"Jos\u00e9 Antonio Gamero Romero","@id":"https:\/\/www.revistarambla.com\/#\/schema\/person\/94294f57cf4910853e3280fda7339bfc"},"headline":"Un cuento sobre un idiota en la entrada de las altas esferas","datePublished":"2025-07-29T12:09:44+00:00","mainEntityOfPage":{"@id":"https:\/\/www.revistarambla.com\/un-cuento-sobre-un-idiota-en-la-entrada-de-las-altas-esferas\/"},"wordCount":1040,"publisher":{"@id":"https:\/\/www.revistarambla.com\/#organization"},"image":{"@id":"https:\/\/www.revistarambla.com\/un-cuento-sobre-un-idiota-en-la-entrada-de-las-altas-esferas\/#primaryimage"},"thumbnailUrl":"https:\/\/www.revistarambla.com\/wp-content\/uploads\/2020\/09\/Parlamento_europeo-copia.jpg","articleSection":["La bodeguita de Hemingway"],"inLanguage":"en-GB"},{"@type":"WebPage","@id":"https:\/\/www.revistarambla.com\/un-cuento-sobre-un-idiota-en-la-entrada-de-las-altas-esferas\/","url":"https:\/\/www.revistarambla.com\/un-cuento-sobre-un-idiota-en-la-entrada-de-las-altas-esferas\/","name":"Un cuento sobre un idiota en la entrada de las altas esferas - Revista Rambla","isPartOf":{"@id":"https:\/\/www.revistarambla.com\/#website"},"primaryImageOfPage":{"@id":"https:\/\/www.revistarambla.com\/un-cuento-sobre-un-idiota-en-la-entrada-de-las-altas-esferas\/#primaryimage"},"image":{"@id":"https:\/\/www.revistarambla.com\/un-cuento-sobre-un-idiota-en-la-entrada-de-las-altas-esferas\/#primaryimage"},"thumbnailUrl":"https:\/\/www.revistarambla.com\/wp-content\/uploads\/2020\/09\/Parlamento_europeo-copia.jpg","datePublished":"2025-07-29T12:09:44+00:00","breadcrumb":{"@id":"https:\/\/www.revistarambla.com\/un-cuento-sobre-un-idiota-en-la-entrada-de-las-altas-esferas\/#breadcrumb"},"inLanguage":"en-GB","potentialAction":[{"@type":"ReadAction","target":["https:\/\/www.revistarambla.com\/un-cuento-sobre-un-idiota-en-la-entrada-de-las-altas-esferas\/"]}]},{"@type":"ImageObject","inLanguage":"en-GB","@id":"https:\/\/www.revistarambla.com\/un-cuento-sobre-un-idiota-en-la-entrada-de-las-altas-esferas\/#primaryimage","url":"https:\/\/www.revistarambla.com\/wp-content\/uploads\/2020\/09\/Parlamento_europeo-copia.jpg","contentUrl":"https:\/\/www.revistarambla.com\/wp-content\/uploads\/2020\/09\/Parlamento_europeo-copia.jpg","width":1176,"height":777,"caption":"parlamento europeo"},{"@type":"BreadcrumbList","@id":"https:\/\/www.revistarambla.com\/un-cuento-sobre-un-idiota-en-la-entrada-de-las-altas-esferas\/#breadcrumb","itemListElement":[{"@type":"ListItem","position":1,"name":"Portada","item":"https:\/\/www.revistarambla.com\/"},{"@type":"ListItem","position":2,"name":"Un cuento sobre un idiota en la entrada de las altas esferas"}]},{"@type":"WebSite","@id":"https:\/\/www.revistarambla.com\/#website","url":"https:\/\/www.revistarambla.com\/","name":"Revista Rambla Barcelona","description":"Periodismo independiente","publisher":{"@id":"https:\/\/www.revistarambla.com\/#organization"},"potentialAction":[{"@type":"SearchAction","target":{"@type":"EntryPoint","urlTemplate":"https:\/\/www.revistarambla.com\/?s={search_term_string}"},"query-input":{"@type":"PropertyValueSpecification","valueRequired":true,"valueName":"search_term_string"}}],"inLanguage":"en-GB"},{"@type":"Organization","@id":"https:\/\/www.revistarambla.com\/#organization","name":"Revista Rambla","url":"https:\/\/www.revistarambla.com\/","logo":{"@type":"ImageObject","inLanguage":"en-GB","@id":"https:\/\/www.revistarambla.com\/#\/schema\/logo\/image\/","url":"https:\/\/www.revistarambla.com\/wp-content\/uploads\/2020\/09\/banner_rambla_1900x600_BB.png","contentUrl":"https:\/\/www.revistarambla.com\/wp-content\/uploads\/2020\/09\/banner_rambla_1900x600_BB.png","width":1900,"height":600,"caption":"Revista Rambla"},"image":{"@id":"https:\/\/www.revistarambla.com\/#\/schema\/logo\/image\/"},"sameAs":["https:\/\/www.facebook.com\/revistarambla\/","https:\/\/x.com\/revistarambla","https:\/\/www.instagram.com\/revista_rambla","https:\/\/es.linkedin.com\/company\/revista-rambla"]},{"@type":"Person","@id":"https:\/\/www.revistarambla.com\/#\/schema\/person\/94294f57cf4910853e3280fda7339bfc","name":"Jos\u00e9 Antonio Gamero Romero","description":"Escritor sevillano finalista del premio Azor\u00edn 2014. Ha publicado en diferentes revistas como Culturamas, E\u00f1e, Visor, etc. Sus libros son: 'La invenci\u00f3n de los gigantes' (Buc\u00e9falo 2016); 'Literatura tridimensional' (Adarve 2018); 'S\u00f3crates no vino a Espa\u00f1a' (Samarcanda 2018); 'La rep\u00fablica del fin del mundo' (Tandaia 2018) y 'La bodeguita de Hemingway'."}]}},"_links":{"self":[{"href":"https:\/\/www.revistarambla.com\/en\/wp-json\/wp\/v2\/posts\/65898","targetHints":{"allow":["GET"]}}],"collection":[{"href":"https:\/\/www.revistarambla.com\/en\/wp-json\/wp\/v2\/posts"}],"about":[{"href":"https:\/\/www.revistarambla.com\/en\/wp-json\/wp\/v2\/types\/post"}],"author":[{"embeddable":true,"href":"https:\/\/www.revistarambla.com\/en\/wp-json\/wp\/v2\/users\/294"}],"replies":[{"embeddable":true,"href":"https:\/\/www.revistarambla.com\/en\/wp-json\/wp\/v2\/comments?post=65898"}],"version-history":[{"count":1,"href":"https:\/\/www.revistarambla.com\/en\/wp-json\/wp\/v2\/posts\/65898\/revisions"}],"predecessor-version":[{"id":65899,"href":"https:\/\/www.revistarambla.com\/en\/wp-json\/wp\/v2\/posts\/65898\/revisions\/65899"}],"wp:featuredmedia":[{"embeddable":true,"href":"https:\/\/www.revistarambla.com\/en\/wp-json\/wp\/v2\/media\/24576"}],"wp:attachment":[{"href":"https:\/\/www.revistarambla.com\/en\/wp-json\/wp\/v2\/media?parent=65898"}],"wp:term":[{"taxonomy":"category","embeddable":true,"href":"https:\/\/www.revistarambla.com\/en\/wp-json\/wp\/v2\/categories?post=65898"},{"taxonomy":"post_tag","embeddable":true,"href":"https:\/\/www.revistarambla.com\/en\/wp-json\/wp\/v2\/tags?post=65898"}],"curies":[{"name":"wp","href":"https:\/\/api.w.org\/{rel}","templated":true}]}}