{"id":65894,"date":"2025-07-27T11:43:08","date_gmt":"2025-07-27T09:43:08","guid":{"rendered":"https:\/\/www.revistarambla.com\/?p=65894"},"modified":"2025-07-29T20:36:33","modified_gmt":"2025-07-29T18:36:33","slug":"pied-noirs-ni-franceses-ni-argelinos","status":"publish","type":"post","link":"https:\/\/www.revistarambla.com\/en\/pied-noirs-ni-franceses-ni-argelinos\/","title":{"rendered":"Pied-noirs, ni franceses ni argelinos"},"content":{"rendered":"<p>La expresi\u00f3n francesa <em>pied-noir<\/em> (literalmente \u00abpie negro\u00bb) es un t\u00e9rmino profundamente arraigado en la historia colonial de Francia, especialmente en su relaci\u00f3n con Argelia, su antigua colonia en el norte de \u00c1frica. Utilizada para referirse a los colonos europeos y sus descendientes nacidos en Argelia durante el per\u00edodo de dominio franc\u00e9s (1830-1962), esta expresi\u00f3n no solo describe una identidad \u00e9tnica y cultural, sino que tambi\u00e9n encapsula las tensiones, los conflictos y las complejidades de la colonizaci\u00f3n y la descolonizaci\u00f3n. A lo largo de este art\u00edculo, exploraremos el origen de la expresi\u00f3n <em>pied-noir<\/em>, su evoluci\u00f3n sem\u00e1ntica, su uso peyorativo en ciertos contextos, su impacto en la identidad de los colonos franceses y su relaci\u00f3n con los argelinos nativos, adem\u00e1s de reflexionar sobre su legado en la Francia contempor\u00e1nea.<\/p>\n<h2>Origen y evoluci\u00f3n del t\u00e9rmino <em>pied-noir<\/em><\/h2>\n<p>El t\u00e9rmino<em> pied-noir<\/em>\u00a0comenz\u00f3 a usarse ampliamente hacia el final de la Guerra de Independencia de Argelia (1954-1962), aunque sus or\u00edgenes son objeto de debate. Seg\u00fan el <em>Oxford English Dictionary<\/em>, la expresi\u00f3n podr\u00eda derivar de una referencia despectiva utilizada en la Francia metropolitana para describir a los colonos franceses nacidos en Argelia. Una teor\u00eda sugiere que el t\u00e9rmino proviene de los marineros argelinos que trabajaban descalzos en las salas de carb\u00f3n de los barcos, dejando sus pies ennegrecidos por el holl\u00edn. Con el tiempo, esta imagen se habr\u00eda transferido peyorativamente a los colonos europeos en Argelia. Otra hip\u00f3tesis apunta a las botas negras que usaban los soldados franceses en contraste con los argelinos nativos, que a menudo iban descalzos, marcando una diferencia visual entre colonizadores y colonizados.<\/p>\n<p>Independientemente de su origen exacto, <em>pied-noir<\/em> no se populariz\u00f3 hasta la d\u00e9cada de 1950, cuando la Guerra de Argelia intensific\u00f3 las divisiones entre los colonos europeos y la poblaci\u00f3n nativa. Antes de eso, los europeos en Argelia eran simplemente llamados \u00abargelinos\u00bb o \u00abcolonos\u00bb, mientras que los musulmanes nativos eran referidos como \u00ab\u00e1rabes\u00bb, \u00abmusulmanes\u00bb o \u00abind\u00edgenas\u00bb. El t\u00e9rmino <em>pied-noir<\/em> comenz\u00f3 a cristalizar una identidad espec\u00edfica para los colonos de origen franc\u00e9s, espa\u00f1ol, italiano y otros europeos, incluyendo a los jud\u00edos argelinos que obtuvieron la ciudadan\u00eda francesa a trav\u00e9s del Decreto Cr\u00e9mieux de 1870.<\/p>\n<h2>La comunidad <em>pied-noir<\/em>: una identidad compleja<\/h2>\n<p>La comunidad<em> pied-noir<\/em> era diversa, compuesta por diferentes clases sociales, desde terratenientes ricos y profesionales urbanos hasta artesanos y agricultores pobres. Aunque predominantemente cat\u00f3lica y de ascendencia europea, inclu\u00eda a unos 130.000 jud\u00edos argelinos que, a pesar de su ciudadan\u00eda francesa, manten\u00edan una relaci\u00f3n ambivalente con la identidad pied-noir. Esta diversidad se reflejaba en su idioma principal, el franc\u00e9s, aunque desarrollaron una variante conocida como <em>pataou\u00e8te<\/em>, que incorporaba palabras y expresiones del espa\u00f1ol, catal\u00e1n, italiano y \u00e1rabe local, resultado de la interacci\u00f3n con las comunidades vecinas.<\/p>\n<p>A pesar de las marcadas diferencias socioecon\u00f3micas con la poblaci\u00f3n argelina nativa, no era raro que los <em>pieds-noirs<\/em> convivieran con sus vecinos \u00e1rabes, especialmente en \u00e1reas rurales como Dellys o R\u00e9beval. Algunos adoptaron costumbres locales, lo que evidencia una permeabilidad cultural en ciertos contextos. Sin embargo, esta interacci\u00f3n no elimin\u00f3 las profundas desigualdades pol\u00edticas y econ\u00f3micas que alimentaron el resentimiento de los argelinos nativos hacia el r\u00e9gimen colonial.<\/p>\n<p>El escritor Albert Camus, nacido en una familia <em>pied-noir<\/em> pobre, es un ejemplo paradigm\u00e1tico de esta identidad compleja. En sus obras, como <em>L\u2019\u00c9tranger<\/em> (1942) y <em>Le Premier Homme<\/em> (publicada p\u00f3stumamente en 1994), Camus explora la ambivalencia de ser <em>pied-noir<\/em>: ni completamente franc\u00e9s ni argelino, atrapado entre la lealtad al imperio colonial y la conexi\u00f3n emocional con la tierra argelina. Camus rechaz\u00f3 las caricaturas que presentaban a los <em>pieds-noirs<\/em> como explotadores elitistas, defendiendo en 1955 en <em>L\u2019Express<\/em> que la comunidad inclu\u00eda a personas de todas las clases sociales, desde trabajadores humildes hasta intelectuales.<\/p>\n<h2>Pied-noir como t\u00e9rmino peyorativo<\/h2>\n<p>Aunque <em>pied-noir<\/em> inicialmente pod\u00eda ser un t\u00e9rmino neutro para identificar a los colonos europeos, su uso a menudo adquiri\u00f3 connotaciones negativas, tanto en la Francia metropolitana como en Argelia. En Francia, los <em>pieds-noirs<\/em> fueron vistos por algunos sectores de la izquierda como opresores coloniales responsables de la explotaci\u00f3n de los argelinos nativos. Esta percepci\u00f3n se intensific\u00f3 tras la independencia de Argelia en 1962, cuando cerca de 800.000 <em>pieds-noirs<\/em> de nacionalidad francesa huyeron a Francia, enfrent\u00e1ndose al ostracismo y a acusaciones de haber provocado el conflicto que llev\u00f3 al colapso de la Cuarta Rep\u00fablica.<\/p>\n<p>Por otro lado, en Argelia, el t\u00e9rmino pod\u00eda ser usado despectivamente por los nacionalistas argelinos para referirse a los colonos como invasores extranjeros. Durante la Guerra de Independencia, los <em>pieds-noirs<\/em> fueron blanco de ataques por parte del Frente de Liberaci\u00f3n Nacional (FLN), mientras que algunos <em>pieds-noirs<\/em> radicales apoyaron a la Organizaci\u00f3n del Ej\u00e9rcito Secreto (OAS), un grupo terrorista que buscaba sabotear la independencia. Este enfrentamiento exacerb\u00f3 la percepci\u00f3n del t\u00e9rmino como un s\u00edmbolo de opresi\u00f3n colonial.<\/p>\n<p>Curiosamente, el t\u00e9rmino tambi\u00e9n fue internalizado por algunos <em>pieds-noirs<\/em> como una forma de resistencia cultural. Tras su \u00e9xodo a Francia, muchos abrazaron la identidad pied-noir para preservar su memoria colectiva y su nostalgia por Argelia, aunque esta nostalgia a menudo omit\u00eda las desigualdades del pasado colonial.<\/p>\n<h2>Relaci\u00f3n con los argelinos nativos<\/h2>\n<p>La relaci\u00f3n entre los <em>pieds-noirs<\/em> y los argelinos nativos fue marcada por la desigualdad inherente al sistema colonial. Mientras los <em>pieds-noirs<\/em> gozaban de derechos ciudadanos y acceso a la educaci\u00f3n y la propiedad, los argelinos nativos enfrentaban discriminaci\u00f3n sistem\u00e1tica, con acceso limitado a la ciudadan\u00eda francesa y condiciones de vida precarias. Estas disparidades alimentaron el movimiento independentista liderado por el FLN, que buscaba no solo la independencia pol\u00edtica, sino tambi\u00e9n la reafirmaci\u00f3n de las culturas bereber, \u00e1rabe e isl\u00e1mica precoloniales.<\/p>\n<p>Sin embargo, la convivencia cotidiana en algunos contextos rurales y urbanos permiti\u00f3 momentos de intercambio cultural. Por ejemplo, el escritor Emmanuel Robl\u00e8s, de ascendencia espa\u00f1ola, abog\u00f3 por una coalici\u00f3n multi\u00e9tnica entre los <em>pieds-noirs<\/em> pobres (<em>petit blancs<\/em>) y los argelinos nativos, destacando en sus obras la posibilidad de solidaridad proletaria. A pesar de estas visiones idealistas, la realidad colonial impuso barreras que dificultaron una integraci\u00f3n equitativa.<\/p>\n<h2>El \u00e9xodo y el legado de los <em>pieds-noirs<\/em><\/h2>\n<p>La independencia de Argelia en 1962 marc\u00f3 el fin de la presencia masiva de los <em>pieds-noirs<\/em> en el pa\u00eds. En un \u00e9xodo masivo, unos 800.000 abandonaron Argelia entre marzo y julio de 1962, temiendo represalias y rechazando vivir bajo un gobierno argelino independiente. Este \u00e9xodo, descrito como un \u00abp\u00e1nico desordenado\u00bb por el historiador Alistair Horne, incluy\u00f3 la venta masiva de propiedades a precios irrisorios y el abandono de bienes, reflejando el colapso de una sociedad colonial.<\/p>\n<p>En Francia, los <em>pieds-noirs<\/em> enfrentaron desaf\u00edos de integraci\u00f3n. Muchos fueron estigmatizados como colonialistas racistas, mientras que otros lucharon por adaptarse a una sociedad que los ve\u00eda como extranjeros. Este sentimiento de alienaci\u00f3n dio lugar a una rica producci\u00f3n cultural, incluyendo literatura y memorias que intentaron reivindicar la experiencia <em>pied-noir<\/em> como una di\u00e1spora de descolonizaci\u00f3n.<\/p>\n<p>Hoy en d\u00eda, el t\u00e9rmino <em>pied-noir<\/em> sigue evocando emociones encontradas. Para algunos descendientes de colonos, es un s\u00edmbolo de orgullo y nostalgia por una Argelia perdida. Para otros, especialmente en Argelia, es un recordatorio de la opresi\u00f3n colonial. En Francia, el debate sobre el legado colonial contin\u00faa, con los <em>pieds-noirs<\/em>\u00a0ocupando un lugar ambiguo en la memoria nacional.<\/p>\n<p>La expresi\u00f3n <em>pied-noir<\/em> es mucho m\u00e1s que un t\u00e9rmino descriptivo; es un reflejo de las complejidades de la colonizaci\u00f3n, la identidad y la descolonizaci\u00f3n. Nacido en el contexto del dominio franc\u00e9s en Argelia, el t\u00e9rmino encapsula las tensiones entre colonos y nativos, las desigualdades del sistema colonial y los desaf\u00edos de la integraci\u00f3n postindependencia. A trav\u00e9s de figuras como Camus y Robl\u00e8s, vemos los intentos de los <em>pieds-noirs<\/em> por articular su identidad en un mundo dividido por el colonialismo y sus secuelas. En \u00faltima instancia, <em>pied-noir<\/em> es un recordatorio de que las palabras no solo nombran, sino que tambi\u00e9n cargan con las heridas y las esperanzas de la historia.<\/p>\n<p><em>Nota: Este art\u00edculo se basa en una interpretaci\u00f3n cr\u00edtica de las fuentes disponibles y busca ofrecer una perspectiva equilibrada sobre un tema hist\u00f3ricamente sensible.<\/em><\/p>","protected":false},"excerpt":{"rendered":"<p>El t\u00e9rmino peyorativo que marc\u00f3 la personalidad de Albert Camus<\/p>","protected":false},"author":3,"featured_media":65895,"comment_status":"closed","ping_status":"closed","sticky":false,"template":"","format":"standard","meta":{"footnotes":""},"categories":[562],"tags":[],"class_list":["post-65894","post","type-post","status-publish","format-standard","has-post-thumbnail","hentry","category-historia"],"yoast_head":"<!-- This site is optimized with the Yoast SEO plugin v27.5 - https:\/\/yoast.com\/product\/yoast-seo-wordpress\/ -->\n<title>Pied-noirs, ni franceses ni argelinos - Revista Rambla<\/title>\n<meta name=\"robots\" content=\"index, follow, max-snippet:-1, max-image-preview:large, max-video-preview:-1\" \/>\n<link rel=\"canonical\" href=\"https:\/\/www.revistarambla.com\/en\/pied-noirs-ni-franceses-ni-argelinos\/\" \/>\n<meta property=\"og:locale\" content=\"en_GB\" \/>\n<meta property=\"og:type\" content=\"article\" \/>\n<meta property=\"og:title\" content=\"Pied-noirs, ni franceses ni argelinos - Revista Rambla\" \/>\n<meta property=\"og:description\" content=\"El t\u00e9rmino peyorativo que marc\u00f3 la personalidad de Albert Camus\" \/>\n<meta property=\"og:url\" content=\"https:\/\/www.revistarambla.com\/en\/pied-noirs-ni-franceses-ni-argelinos\/\" \/>\n<meta property=\"og:site_name\" content=\"Revista Rambla\" \/>\n<meta property=\"article:publisher\" content=\"https:\/\/www.facebook.com\/revistarambla\/\" \/>\n<meta property=\"article:author\" content=\"https:\/\/www.facebook.com\/revistarambla\" \/>\n<meta property=\"article:published_time\" content=\"2025-07-27T09:43:08+00:00\" \/>\n<meta property=\"article:modified_time\" content=\"2025-07-29T18:36:33+00:00\" \/>\n<meta property=\"og:image\" content=\"https:\/\/www.revistarambla.com\/wp-content\/uploads\/2025\/07\/pieds-noirs_0.jpg\" \/>\n\t<meta property=\"og:image:width\" content=\"1024\" \/>\n\t<meta property=\"og:image:height\" content=\"576\" \/>\n\t<meta property=\"og:image:type\" content=\"image\/jpeg\" \/>\n<meta name=\"author\" content=\"R@mbla\" \/>\n<meta name=\"twitter:card\" content=\"summary_large_image\" \/>\n<meta name=\"twitter:creator\" content=\"@revistarambla\" \/>\n<meta name=\"twitter:site\" content=\"@revistarambla\" \/>\n<meta name=\"twitter:label1\" content=\"Written by\" \/>\n\t<meta name=\"twitter:data1\" content=\"R@mbla\" \/>\n\t<meta name=\"twitter:label2\" content=\"Estimated reading time\" \/>\n\t<meta name=\"twitter:data2\" content=\"7 minutes\" \/>\n<script type=\"application\/ld+json\" class=\"yoast-schema-graph\">{\"@context\":\"https:\\\/\\\/schema.org\",\"@graph\":[{\"@type\":\"Article\",\"@id\":\"https:\\\/\\\/www.revistarambla.com\\\/pied-noirs-ni-franceses-ni-argelinos\\\/#article\",\"isPartOf\":{\"@id\":\"https:\\\/\\\/www.revistarambla.com\\\/pied-noirs-ni-franceses-ni-argelinos\\\/\"},\"author\":{\"name\":\"R@mbla\",\"@id\":\"https:\\\/\\\/www.revistarambla.com\\\/#\\\/schema\\\/person\\\/a146a5a2550b94981a75131180e1bd9c\"},\"headline\":\"Pied-noirs, ni franceses ni argelinos\",\"datePublished\":\"2025-07-27T09:43:08+00:00\",\"dateModified\":\"2025-07-29T18:36:33+00:00\",\"mainEntityOfPage\":{\"@id\":\"https:\\\/\\\/www.revistarambla.com\\\/pied-noirs-ni-franceses-ni-argelinos\\\/\"},\"wordCount\":1425,\"publisher\":{\"@id\":\"https:\\\/\\\/www.revistarambla.com\\\/#organization\"},\"image\":{\"@id\":\"https:\\\/\\\/www.revistarambla.com\\\/pied-noirs-ni-franceses-ni-argelinos\\\/#primaryimage\"},\"thumbnailUrl\":\"https:\\\/\\\/www.revistarambla.com\\\/wp-content\\\/uploads\\\/2025\\\/07\\\/pieds-noirs_0.jpg\",\"articleSection\":[\"Historia\"],\"inLanguage\":\"en-GB\"},{\"@type\":\"WebPage\",\"@id\":\"https:\\\/\\\/www.revistarambla.com\\\/pied-noirs-ni-franceses-ni-argelinos\\\/\",\"url\":\"https:\\\/\\\/www.revistarambla.com\\\/pied-noirs-ni-franceses-ni-argelinos\\\/\",\"name\":\"Pied-noirs, ni franceses ni argelinos - Revista Rambla\",\"isPartOf\":{\"@id\":\"https:\\\/\\\/www.revistarambla.com\\\/#website\"},\"primaryImageOfPage\":{\"@id\":\"https:\\\/\\\/www.revistarambla.com\\\/pied-noirs-ni-franceses-ni-argelinos\\\/#primaryimage\"},\"image\":{\"@id\":\"https:\\\/\\\/www.revistarambla.com\\\/pied-noirs-ni-franceses-ni-argelinos\\\/#primaryimage\"},\"thumbnailUrl\":\"https:\\\/\\\/www.revistarambla.com\\\/wp-content\\\/uploads\\\/2025\\\/07\\\/pieds-noirs_0.jpg\",\"datePublished\":\"2025-07-27T09:43:08+00:00\",\"dateModified\":\"2025-07-29T18:36:33+00:00\",\"breadcrumb\":{\"@id\":\"https:\\\/\\\/www.revistarambla.com\\\/pied-noirs-ni-franceses-ni-argelinos\\\/#breadcrumb\"},\"inLanguage\":\"en-GB\",\"potentialAction\":[{\"@type\":\"ReadAction\",\"target\":[\"https:\\\/\\\/www.revistarambla.com\\\/pied-noirs-ni-franceses-ni-argelinos\\\/\"]}]},{\"@type\":\"ImageObject\",\"inLanguage\":\"en-GB\",\"@id\":\"https:\\\/\\\/www.revistarambla.com\\\/pied-noirs-ni-franceses-ni-argelinos\\\/#primaryimage\",\"url\":\"https:\\\/\\\/www.revistarambla.com\\\/wp-content\\\/uploads\\\/2025\\\/07\\\/pieds-noirs_0.jpg\",\"contentUrl\":\"https:\\\/\\\/www.revistarambla.com\\\/wp-content\\\/uploads\\\/2025\\\/07\\\/pieds-noirs_0.jpg\",\"width\":1024,\"height\":576,\"caption\":\"Pied-noirs camus\"},{\"@type\":\"BreadcrumbList\",\"@id\":\"https:\\\/\\\/www.revistarambla.com\\\/pied-noirs-ni-franceses-ni-argelinos\\\/#breadcrumb\",\"itemListElement\":[{\"@type\":\"ListItem\",\"position\":1,\"name\":\"Portada\",\"item\":\"https:\\\/\\\/www.revistarambla.com\\\/\"},{\"@type\":\"ListItem\",\"position\":2,\"name\":\"Pied-noirs, ni franceses ni argelinos\"}]},{\"@type\":\"WebSite\",\"@id\":\"https:\\\/\\\/www.revistarambla.com\\\/#website\",\"url\":\"https:\\\/\\\/www.revistarambla.com\\\/\",\"name\":\"Revista Rambla Barcelona\",\"description\":\"Periodismo independiente\",\"publisher\":{\"@id\":\"https:\\\/\\\/www.revistarambla.com\\\/#organization\"},\"potentialAction\":[{\"@type\":\"SearchAction\",\"target\":{\"@type\":\"EntryPoint\",\"urlTemplate\":\"https:\\\/\\\/www.revistarambla.com\\\/?s={search_term_string}\"},\"query-input\":{\"@type\":\"PropertyValueSpecification\",\"valueRequired\":true,\"valueName\":\"search_term_string\"}}],\"inLanguage\":\"en-GB\"},{\"@type\":\"Organization\",\"@id\":\"https:\\\/\\\/www.revistarambla.com\\\/#organization\",\"name\":\"Revista Rambla\",\"url\":\"https:\\\/\\\/www.revistarambla.com\\\/\",\"logo\":{\"@type\":\"ImageObject\",\"inLanguage\":\"en-GB\",\"@id\":\"https:\\\/\\\/www.revistarambla.com\\\/#\\\/schema\\\/logo\\\/image\\\/\",\"url\":\"https:\\\/\\\/www.revistarambla.com\\\/wp-content\\\/uploads\\\/2020\\\/09\\\/banner_rambla_1900x600_BB.png\",\"contentUrl\":\"https:\\\/\\\/www.revistarambla.com\\\/wp-content\\\/uploads\\\/2020\\\/09\\\/banner_rambla_1900x600_BB.png\",\"width\":1900,\"height\":600,\"caption\":\"Revista Rambla\"},\"image\":{\"@id\":\"https:\\\/\\\/www.revistarambla.com\\\/#\\\/schema\\\/logo\\\/image\\\/\"},\"sameAs\":[\"https:\\\/\\\/www.facebook.com\\\/revistarambla\\\/\",\"https:\\\/\\\/x.com\\\/revistarambla\",\"https:\\\/\\\/www.instagram.com\\\/revista_rambla\",\"https:\\\/\\\/es.linkedin.com\\\/company\\\/revista-rambla\"]},{\"@type\":\"Person\",\"@id\":\"https:\\\/\\\/www.revistarambla.com\\\/#\\\/schema\\\/person\\\/a146a5a2550b94981a75131180e1bd9c\",\"name\":\"R@mbla\",\"description\":\"Este art\u00edculo ha sido redactado y\\\/o validado por el equipo de redacci\u00f3n de Revista Rambla.\",\"sameAs\":[\"https:\\\/\\\/www.revistarambla.com\\\/\",\"https:\\\/\\\/www.facebook.com\\\/revistarambla\",\"https:\\\/\\\/x.com\\\/revistarambla\"]}]}<\/script>\n<!-- \/ Yoast SEO plugin. -->","yoast_head_json":{"title":"Pied-noirs, ni franceses ni argelinos - Revista Rambla","robots":{"index":"index","follow":"follow","max-snippet":"max-snippet:-1","max-image-preview":"max-image-preview:large","max-video-preview":"max-video-preview:-1"},"canonical":"https:\/\/www.revistarambla.com\/en\/pied-noirs-ni-franceses-ni-argelinos\/","og_locale":"en_GB","og_type":"article","og_title":"Pied-noirs, ni franceses ni argelinos - Revista Rambla","og_description":"El t\u00e9rmino peyorativo que marc\u00f3 la personalidad de Albert Camus","og_url":"https:\/\/www.revistarambla.com\/en\/pied-noirs-ni-franceses-ni-argelinos\/","og_site_name":"Revista Rambla","article_publisher":"https:\/\/www.facebook.com\/revistarambla\/","article_author":"https:\/\/www.facebook.com\/revistarambla","article_published_time":"2025-07-27T09:43:08+00:00","article_modified_time":"2025-07-29T18:36:33+00:00","og_image":[{"width":1024,"height":576,"url":"https:\/\/www.revistarambla.com\/wp-content\/uploads\/2025\/07\/pieds-noirs_0.jpg","type":"image\/jpeg"}],"author":"R@mbla","twitter_card":"summary_large_image","twitter_creator":"@revistarambla","twitter_site":"@revistarambla","twitter_misc":{"Written by":"R@mbla","Estimated reading time":"7 minutes"},"schema":{"@context":"https:\/\/schema.org","@graph":[{"@type":"Article","@id":"https:\/\/www.revistarambla.com\/pied-noirs-ni-franceses-ni-argelinos\/#article","isPartOf":{"@id":"https:\/\/www.revistarambla.com\/pied-noirs-ni-franceses-ni-argelinos\/"},"author":{"name":"R@mbla","@id":"https:\/\/www.revistarambla.com\/#\/schema\/person\/a146a5a2550b94981a75131180e1bd9c"},"headline":"Pied-noirs, ni franceses ni argelinos","datePublished":"2025-07-27T09:43:08+00:00","dateModified":"2025-07-29T18:36:33+00:00","mainEntityOfPage":{"@id":"https:\/\/www.revistarambla.com\/pied-noirs-ni-franceses-ni-argelinos\/"},"wordCount":1425,"publisher":{"@id":"https:\/\/www.revistarambla.com\/#organization"},"image":{"@id":"https:\/\/www.revistarambla.com\/pied-noirs-ni-franceses-ni-argelinos\/#primaryimage"},"thumbnailUrl":"https:\/\/www.revistarambla.com\/wp-content\/uploads\/2025\/07\/pieds-noirs_0.jpg","articleSection":["Historia"],"inLanguage":"en-GB"},{"@type":"WebPage","@id":"https:\/\/www.revistarambla.com\/pied-noirs-ni-franceses-ni-argelinos\/","url":"https:\/\/www.revistarambla.com\/pied-noirs-ni-franceses-ni-argelinos\/","name":"Pied-noirs, ni franceses ni argelinos - Revista Rambla","isPartOf":{"@id":"https:\/\/www.revistarambla.com\/#website"},"primaryImageOfPage":{"@id":"https:\/\/www.revistarambla.com\/pied-noirs-ni-franceses-ni-argelinos\/#primaryimage"},"image":{"@id":"https:\/\/www.revistarambla.com\/pied-noirs-ni-franceses-ni-argelinos\/#primaryimage"},"thumbnailUrl":"https:\/\/www.revistarambla.com\/wp-content\/uploads\/2025\/07\/pieds-noirs_0.jpg","datePublished":"2025-07-27T09:43:08+00:00","dateModified":"2025-07-29T18:36:33+00:00","breadcrumb":{"@id":"https:\/\/www.revistarambla.com\/pied-noirs-ni-franceses-ni-argelinos\/#breadcrumb"},"inLanguage":"en-GB","potentialAction":[{"@type":"ReadAction","target":["https:\/\/www.revistarambla.com\/pied-noirs-ni-franceses-ni-argelinos\/"]}]},{"@type":"ImageObject","inLanguage":"en-GB","@id":"https:\/\/www.revistarambla.com\/pied-noirs-ni-franceses-ni-argelinos\/#primaryimage","url":"https:\/\/www.revistarambla.com\/wp-content\/uploads\/2025\/07\/pieds-noirs_0.jpg","contentUrl":"https:\/\/www.revistarambla.com\/wp-content\/uploads\/2025\/07\/pieds-noirs_0.jpg","width":1024,"height":576,"caption":"Pied-noirs camus"},{"@type":"BreadcrumbList","@id":"https:\/\/www.revistarambla.com\/pied-noirs-ni-franceses-ni-argelinos\/#breadcrumb","itemListElement":[{"@type":"ListItem","position":1,"name":"Portada","item":"https:\/\/www.revistarambla.com\/"},{"@type":"ListItem","position":2,"name":"Pied-noirs, ni franceses ni argelinos"}]},{"@type":"WebSite","@id":"https:\/\/www.revistarambla.com\/#website","url":"https:\/\/www.revistarambla.com\/","name":"Revista Rambla Barcelona","description":"Periodismo independiente","publisher":{"@id":"https:\/\/www.revistarambla.com\/#organization"},"potentialAction":[{"@type":"SearchAction","target":{"@type":"EntryPoint","urlTemplate":"https:\/\/www.revistarambla.com\/?s={search_term_string}"},"query-input":{"@type":"PropertyValueSpecification","valueRequired":true,"valueName":"search_term_string"}}],"inLanguage":"en-GB"},{"@type":"Organization","@id":"https:\/\/www.revistarambla.com\/#organization","name":"Revista Rambla","url":"https:\/\/www.revistarambla.com\/","logo":{"@type":"ImageObject","inLanguage":"en-GB","@id":"https:\/\/www.revistarambla.com\/#\/schema\/logo\/image\/","url":"https:\/\/www.revistarambla.com\/wp-content\/uploads\/2020\/09\/banner_rambla_1900x600_BB.png","contentUrl":"https:\/\/www.revistarambla.com\/wp-content\/uploads\/2020\/09\/banner_rambla_1900x600_BB.png","width":1900,"height":600,"caption":"Revista Rambla"},"image":{"@id":"https:\/\/www.revistarambla.com\/#\/schema\/logo\/image\/"},"sameAs":["https:\/\/www.facebook.com\/revistarambla\/","https:\/\/x.com\/revistarambla","https:\/\/www.instagram.com\/revista_rambla","https:\/\/es.linkedin.com\/company\/revista-rambla"]},{"@type":"Person","@id":"https:\/\/www.revistarambla.com\/#\/schema\/person\/a146a5a2550b94981a75131180e1bd9c","name":"R@mbla","description":"Este art\u00edculo ha sido redactado y\/o validado por el equipo de redacci\u00f3n de Revista Rambla.","sameAs":["https:\/\/www.revistarambla.com\/","https:\/\/www.facebook.com\/revistarambla","https:\/\/x.com\/revistarambla"]}]}},"_links":{"self":[{"href":"https:\/\/www.revistarambla.com\/en\/wp-json\/wp\/v2\/posts\/65894","targetHints":{"allow":["GET"]}}],"collection":[{"href":"https:\/\/www.revistarambla.com\/en\/wp-json\/wp\/v2\/posts"}],"about":[{"href":"https:\/\/www.revistarambla.com\/en\/wp-json\/wp\/v2\/types\/post"}],"author":[{"embeddable":true,"href":"https:\/\/www.revistarambla.com\/en\/wp-json\/wp\/v2\/users\/3"}],"replies":[{"embeddable":true,"href":"https:\/\/www.revistarambla.com\/en\/wp-json\/wp\/v2\/comments?post=65894"}],"version-history":[{"count":1,"href":"https:\/\/www.revistarambla.com\/en\/wp-json\/wp\/v2\/posts\/65894\/revisions"}],"predecessor-version":[{"id":65896,"href":"https:\/\/www.revistarambla.com\/en\/wp-json\/wp\/v2\/posts\/65894\/revisions\/65896"}],"wp:featuredmedia":[{"embeddable":true,"href":"https:\/\/www.revistarambla.com\/en\/wp-json\/wp\/v2\/media\/65895"}],"wp:attachment":[{"href":"https:\/\/www.revistarambla.com\/en\/wp-json\/wp\/v2\/media?parent=65894"}],"wp:term":[{"taxonomy":"category","embeddable":true,"href":"https:\/\/www.revistarambla.com\/en\/wp-json\/wp\/v2\/categories?post=65894"},{"taxonomy":"post_tag","embeddable":true,"href":"https:\/\/www.revistarambla.com\/en\/wp-json\/wp\/v2\/tags?post=65894"}],"curies":[{"name":"wp","href":"https:\/\/api.w.org\/{rel}","templated":true}]}}