{"id":65891,"date":"2025-07-27T10:36:26","date_gmt":"2025-07-27T08:36:26","guid":{"rendered":"https:\/\/www.revistarambla.com\/?p=65891"},"modified":"2025-07-27T10:36:26","modified_gmt":"2025-07-27T08:36:26","slug":"gabriela-mistral-entre-lo-lirico-y-lo-terrenal","status":"publish","type":"post","link":"https:\/\/www.revistarambla.com\/en\/gabriela-mistral-entre-lo-lirico-y-lo-terrenal\/","title":{"rendered":"Gabriela Mistral: entre lo l\u00edrico y lo terrenal"},"content":{"rendered":"<p>Gabriela Mistral, seud\u00f3nimo de Lucila Godoy Alcayaga, es una de las figuras m\u00e1s prominentes de la literatura latinoamericana del siglo XX. Nacida el 7 de abril de 1889 en Vicu\u00f1a, Chile, y fallecida en 1957, Mistral no solo marc\u00f3 un hito al convertirse en la primera persona de Am\u00e9rica Latina en recibir el Premio Nobel de Literatura en 1945, sino que tambi\u00e9n dej\u00f3 un legado literario que trasciende fronteras, g\u00e9neros y \u00e9pocas. Su obra, impregnada de una sensibilidad \u00fanica, aborda temas como el amor, la maternidad, la muerte, la naturaleza, la justicia social y la identidad cultural, todo ello con un estilo que combina la intensidad l\u00edrica con una profunda reflexi\u00f3n humana.<\/p>\n<h2>La Forja de una Voz \u00danica<\/h2>\n<p>Para comprender la obra de Gabriela Mistral, es imprescindible considerar su vida, marcada por experiencias personales que moldearon su visi\u00f3n del mundo y su escritura. Nacida en una familia humilde en el valle de Elqui, Mistral creci\u00f3 en un entorno rural que influir\u00eda profundamente en su conexi\u00f3n con la naturaleza y la cultura popular. Su infancia estuvo marcada por la pobreza, la p\u00e9rdida temprana de su padre y una relaci\u00f3n compleja con su madre, aspectos que resonar\u00edan en su poes\u00eda, especialmente en los temas de la maternidad y el desamparo.<\/p>\n<p>Mistral no recibi\u00f3 una educaci\u00f3n formal extensa, pero su vocaci\u00f3n autodidacta y su trabajo como maestra rural le permitieron desarrollar una sensibilidad hacia las desigualdades sociales y educativas, temas que impregnan su obra. Adem\u00e1s, tragedias personales, como el suicidio de su prometido Romelio Ureta en 1909, dejaron una huella imborrable en su poes\u00eda, que a menudo explora el dolor y la p\u00e9rdida con una intensidad visceral. Su experiencia como educadora y diplom\u00e1tica, que la llev\u00f3 a viajar por Am\u00e9rica Latina, Europa y Estados Unidos, ampli\u00f3 su perspectiva, permiti\u00e9ndole fusionar lo local con lo universal en sus escritos.<\/p>\n<h2>Obras y Evoluci\u00f3n Literaria<\/h2>\n<p>La producci\u00f3n literaria de Gabriela Mistral abarca poes\u00eda, prosa y ensayos, con un estilo que evoluciona desde el modernismo inicial hasta una voz m\u00e1s personal y despojada. Entre sus obras m\u00e1s destacadas se encuentran <em>Desolaci\u00f3n<\/em> (1922), <em>Ternura<\/em> (1924), <em>Tala<\/em> (1938) y <em>Lagar<\/em> (1954), adem\u00e1s de sus escritos en prosa como <em>Motivos de San Francisco<\/em> y <em>Recados contando a Chile<\/em>. Cada una de estas obras refleja una etapa distinta de su vida y una exploraci\u00f3n de temas universales desde una perspectiva profundamente personal.<\/p>\n<h4><em>Desolaci\u00f3n<\/em> (1922): El Grito del Dolor y la Pasi\u00f3n<\/h4>\n<p><em>Desolaci\u00f3n<\/em>, publicada en Nueva York gracias al apoyo de intelectuales como Jos\u00e9 Vasconcelos, es la obra que catapult\u00f3 a Mistral al reconocimiento internacional. Este poemario, dividido en secciones como \u201cVida\u201d, \u201cEscuela\u201d, \u201cNi\u00f1os\u201d y \u201cDolor\u201d, revela una voz po\u00e9tica cruda y apasionada. Los poemas de <em>Desolaci\u00f3n<\/em> est\u00e1n impregnados de un lirismo intenso que explora el amor no correspondido, la muerte y la conexi\u00f3n con la tierra. Por ejemplo, en el poema \u201cLos sonetos de la muerte\u201d, inspirado en la p\u00e9rdida de Romelio Ureta, Mistral transforma el duelo personal en una meditaci\u00f3n universal sobre la mortalidad y el sufrimiento. Su lenguaje, aunque influenciado por el modernismo de Rub\u00e9n Dar\u00edo, se distingue por su simplicidad y su capacidad para transmitir emociones profundas con im\u00e1genes v\u00edvidas y accesibles.<\/p>\n<h4><em>Ternura<\/em> (1924): La Poes\u00eda de la Maternidad y la Infancia<\/h4>\n<p>En <em>Ternura<\/em>, Mistral explora un registro m\u00e1s dulce y accesible, centrado en la infancia y la maternidad, temas que resonaron con su experiencia como educadora. Este poemario, dirigido inicialmente a los ni\u00f1os, incluye rondas, canciones de cuna y poemas que celebran la inocencia y la imaginaci\u00f3n infantil. Sin embargo, bajo esta aparente simplicidad, Mistral aborda cuestiones m\u00e1s profundas, como la vulnerabilidad de los ni\u00f1os y la responsabilidad de la sociedad hacia ellos. Poemas como \u201cPiececitos\u201d destacan su preocupaci\u00f3n por los m\u00e1s desfavorecidos, utilizando un lenguaje que combina ternura con una cr\u00edtica impl\u00edcita a las injusticias sociales.<\/p>\n<h4><em>Tala<\/em> (1938): La Madurez y la Conciencia Social<\/h4>\n<p><em>Tala<\/em>, publicada en Buenos Aires, marca una etapa de mayor madurez en la obra de Mistral. En este poemario, la poeta ampl\u00eda su mirada hacia temas como la identidad latinoamericana, la justicia social y la relaci\u00f3n con la naturaleza. Influenciada por sus viajes y su compromiso con las causas sociales, Mistral incorpora elementos de la cultura ind\u00edgena y rural, celebrando la diversidad de Am\u00e9rica Latina. Poemas como \u201cPan\u201d y \u201cAgua\u201d reflejan su fascinaci\u00f3n por los elementos naturales, mientras que otros, como \u201cLa desterrada en su patria\u201d, exploran el desarraigo y la b\u00fasqueda de pertenencia. En <em>Tala<\/em>, Mistral alcanza un equilibrio entre lo l\u00edrico y lo pol\u00edtico, consolidando su voz como una de las m\u00e1s representativas de la regi\u00f3n.<\/p>\n<h4><em>Lagar<\/em> (1954): La Contemplaci\u00f3n y el Legado<\/h4>\n<p><em>Lagar<\/em>, publicado hacia el final de su vida, es un poemario introspectivo que refleja la sabidur\u00eda y la serenidad de una poeta que ha enfrentado el dolor y la p\u00e9rdida. Escrito tras la muerte de su sobrino adoptivo, Juan Miguel Godoy (Yin Yin), este libro aborda temas como la vejez, la memoria y la trascendencia espiritual. Los poemas de <em>Lagar<\/em> son m\u00e1s abstractos y densos, con un lenguaje que destila una profunda reflexi\u00f3n filos\u00f3fica. A pesar de su tono melanc\u00f3lico, la obra transmite una sensaci\u00f3n de reconciliaci\u00f3n con la vida y una aceptaci\u00f3n de la mortalidad.<\/p>\n<h2>Temas Recurrentes en la Obra de Mistral<\/h2>\n<p>La obra de Gabriela Mistral se caracteriza por su riqueza tem\u00e1tica, que combina lo personal con lo colectivo. Entre los temas m\u00e1s recurrentes se encuentran:<\/p>\n<p><strong>1. El Amor y el Dolor<\/strong>: Mistral aborda el amor desde m\u00faltiples perspectivas: el amor rom\u00e1ntico, el amor maternal y el amor por la humanidad. Su poes\u00eda refleja tanto la pasi\u00f3n como el sufrimiento que conlleva el amor, como se ve en \u201cLos sonetos de la muerte\u201d y \u201cPoema del hijo\u201d.<\/p>\n<p><strong>2. La Maternidad y la Infancia<\/strong>: Aunque Mistral no tuvo hijos biol\u00f3gicos, su obra est\u00e1 impregnada de un profundo instinto maternal. Poemas como \u201cMeciendo\u201d y \u201cPiececitos\u201d celebran la infancia mientras denuncian las condiciones de pobreza y abandono que enfrentan muchos ni\u00f1os.<\/p>\n<p><strong>3. La Naturaleza y la Tierra<\/strong>: La conexi\u00f3n con la naturaleza es un pilar de su poes\u00eda. Mistral utiliza im\u00e1genes de r\u00edos, monta\u00f1as y \u00e1rboles para reflexionar sobre la vida, la muerte y la identidad. Su amor por el paisaje chileno y latinoamericano es evidente en obras como <em>Tala<\/em>.<\/p>\n<p><strong>4. La Justicia Social y la Identidad Latinoamericana<\/strong>: Como educadora y diplom\u00e1tica, Mistral fue una defensora de la educaci\u00f3n y los derechos de los m\u00e1s vulnerables. Su poes\u00eda y prosa critican las desigualdades sociales y celebran la diversidad cultural de Am\u00e9rica Latina, como se ve en sus ensayos y en poemas como \u201cLa desterrada en su patria\u201d.<\/p>\n<p><strong>5. La Espiritualidad y la Trascendencia<\/strong>: En sus \u00faltimas obras, especialmente en <em>Lagar<\/em>, Mistral explora cuestiones espirituales y filos\u00f3ficas, reflexionando sobre la muerte, la memoria y la b\u00fasqueda de sentido en un mundo marcado por el sufrimiento.<\/p>\n<h2>Estilo Literario<\/h2>\n<p>El estilo de Gabriela Mistral es una fusi\u00f3n \u00fanica de lirismo, simplicidad y profundidad. Aunque sus primeras obras muestran la influencia del modernismo, con su \u00e9nfasis en la musicalidad y las im\u00e1genes exquisitas, Mistral pronto desarroll\u00f3 una voz propia, caracterizada por un lenguaje directo y evocador. Su poes\u00eda no busca la ornamentaci\u00f3n excesiva, sino la autenticidad emocional. Utiliza met\u00e1foras y s\u00edmbolos extra\u00eddos de la naturaleza y la vida cotidiana, lo que hace que su obra sea accesible pero profundamente resonante.<\/p>\n<p>Mistral tambi\u00e9n destaca por su versatilidad. Puede ser tierna y maternal en <em>Ternura<\/em>, apasionada y tr\u00e1gica en <em>Desolaci\u00f3n<\/em>, o reflexiva y filos\u00f3fica en <em>Lagar<\/em>. Su prosa, por otro lado, combina la claridad de una maestra con la pasi\u00f3n de una poeta, como se ve en sus ensayos y cartas, donde aborda temas educativos, culturales y pol\u00edticos con una voz firme y comprometida.<\/p>\n<h2>Impacto y Relevancia Contempor\u00e1nea<\/h2>\n<p>El legado de Gabriela Mistral trasciende su tiempo. Su Premio Nobel de 1945 no solo reconoci\u00f3 su talento literario, sino tambi\u00e9n su capacidad para dar voz a las experiencias de Am\u00e9rica Latina en un contexto global. Mistral abri\u00f3 el camino para otras escritoras latinoamericanas, como Clarice Lispector y Alejandra Pizarnik, al demostrar que la poes\u00eda pod\u00eda ser un veh\u00edculo para la introspecci\u00f3n personal y el compromiso social.<\/p>\n<p>En el contexto actual, la obra de Mistral sigue siendo relevante por su defensa de la educaci\u00f3n, la justicia social y la igualdad de g\u00e9nero. Sus escritos sobre la infancia y la pobreza resuenan en un mundo donde millones de ni\u00f1os a\u00fan enfrentan condiciones de marginalidad. Asimismo, su celebraci\u00f3n de la identidad latinoamericana ofrece una perspectiva valiosa en un momento en que las discusiones sobre la globalizaci\u00f3n y la diversidad cultural son m\u00e1s pertinentes que nunca.<\/p>\n<p>Gabriela Mistral es mucho m\u00e1s que una poeta; es una voz que encapsula las alegr\u00edas y los dolores de la condici\u00f3n humana. A trav\u00e9s de su obra, transform\u00f3 sus experiencias personales en una poes\u00eda universal que habla del amor, la p\u00e9rdida, la naturaleza y la lucha por un mundo m\u00e1s justo. Sus poemarios, desde <em>Desolaci\u00f3n<\/em> hasta <em>Lagar<\/em>, reflejan una evoluci\u00f3n art\u00edstica y personal que la consolida como una de las grandes figuras de la literatura mundial. En un mundo que sigue enfrentando desaf\u00edos similares a los que Mistral abord\u00f3 hace un siglo, su obra contin\u00faa siendo un faro de inspiraci\u00f3n, record\u00e1ndonos la capacidad de la poes\u00eda para sanar, transformar y unir.<\/p>","protected":false},"excerpt":{"rendered":"<p>Gabriela Mistral, seud\u00f3nimo de Lucila Godoy Alcayaga, es una de las figuras m\u00e1s prominentes de la literatura latinoamericana del siglo XX. Nacida el 7 de abril de 1889 en Vicu\u00f1a, Chile, y fallecida en 1957, Mistral no solo marc\u00f3 un hito al convertirse en la primera persona de Am\u00e9rica Latina [&hellip;]<\/p>\n","protected":false},"author":3,"featured_media":65892,"comment_status":"closed","ping_status":"closed","sticky":false,"template":"","format":"standard","meta":{"footnotes":""},"categories":[60],"tags":[],"class_list":["post-65891","post","type-post","status-publish","format-standard","has-post-thumbnail","hentry","category-libros"],"yoast_head":"<!-- This site is optimized with the Yoast SEO plugin v27.5 - https:\/\/yoast.com\/product\/yoast-seo-wordpress\/ -->\n<title>Gabriela Mistral: entre lo l\u00edrico y lo terrenal - Revista Rambla<\/title>\n<meta name=\"robots\" content=\"index, follow, max-snippet:-1, max-image-preview:large, max-video-preview:-1\" \/>\n<link rel=\"canonical\" href=\"https:\/\/www.revistarambla.com\/en\/gabriela-mistral-entre-lo-lirico-y-lo-terrenal\/\" \/>\n<meta property=\"og:locale\" content=\"en_GB\" \/>\n<meta property=\"og:type\" content=\"article\" \/>\n<meta property=\"og:title\" content=\"Gabriela Mistral: entre lo l\u00edrico y lo terrenal - Revista Rambla\" \/>\n<meta property=\"og:description\" content=\"Gabriela Mistral, seud\u00f3nimo de Lucila Godoy Alcayaga, es una de las figuras m\u00e1s prominentes de la literatura latinoamericana del siglo XX. Nacida el 7 de abril de 1889 en Vicu\u00f1a, Chile, y fallecida en 1957, Mistral no solo marc\u00f3 un hito al convertirse en la primera persona de Am\u00e9rica Latina [&hellip;]\" \/>\n<meta property=\"og:url\" content=\"https:\/\/www.revistarambla.com\/en\/gabriela-mistral-entre-lo-lirico-y-lo-terrenal\/\" \/>\n<meta property=\"og:site_name\" content=\"Revista Rambla\" \/>\n<meta property=\"article:publisher\" content=\"https:\/\/www.facebook.com\/revistarambla\/\" \/>\n<meta property=\"article:author\" content=\"https:\/\/www.facebook.com\/revistarambla\" \/>\n<meta property=\"article:published_time\" content=\"2025-07-27T08:36:26+00:00\" \/>\n<meta property=\"og:image\" content=\"https:\/\/www.revistarambla.com\/wp-content\/uploads\/2025\/07\/Gabriela-Mistral.jpg\" \/>\n\t<meta property=\"og:image:width\" content=\"700\" \/>\n\t<meta property=\"og:image:height\" content=\"543\" \/>\n\t<meta property=\"og:image:type\" content=\"image\/jpeg\" \/>\n<meta name=\"author\" content=\"R@mbla\" \/>\n<meta name=\"twitter:card\" content=\"summary_large_image\" \/>\n<meta name=\"twitter:creator\" content=\"@revistarambla\" \/>\n<meta name=\"twitter:site\" content=\"@revistarambla\" \/>\n<meta name=\"twitter:label1\" content=\"Written by\" \/>\n\t<meta name=\"twitter:data1\" content=\"R@mbla\" \/>\n\t<meta name=\"twitter:label2\" content=\"Estimated reading time\" \/>\n\t<meta name=\"twitter:data2\" content=\"8 minutes\" \/>\n<script type=\"application\/ld+json\" class=\"yoast-schema-graph\">{\"@context\":\"https:\\\/\\\/schema.org\",\"@graph\":[{\"@type\":\"Article\",\"@id\":\"https:\\\/\\\/www.revistarambla.com\\\/gabriela-mistral-entre-lo-lirico-y-lo-terrenal\\\/#article\",\"isPartOf\":{\"@id\":\"https:\\\/\\\/www.revistarambla.com\\\/gabriela-mistral-entre-lo-lirico-y-lo-terrenal\\\/\"},\"author\":{\"name\":\"R@mbla\",\"@id\":\"https:\\\/\\\/www.revistarambla.com\\\/#\\\/schema\\\/person\\\/a146a5a2550b94981a75131180e1bd9c\"},\"headline\":\"Gabriela Mistral: entre lo l\u00edrico y lo terrenal\",\"datePublished\":\"2025-07-27T08:36:26+00:00\",\"mainEntityOfPage\":{\"@id\":\"https:\\\/\\\/www.revistarambla.com\\\/gabriela-mistral-entre-lo-lirico-y-lo-terrenal\\\/\"},\"wordCount\":1655,\"publisher\":{\"@id\":\"https:\\\/\\\/www.revistarambla.com\\\/#organization\"},\"image\":{\"@id\":\"https:\\\/\\\/www.revistarambla.com\\\/gabriela-mistral-entre-lo-lirico-y-lo-terrenal\\\/#primaryimage\"},\"thumbnailUrl\":\"https:\\\/\\\/www.revistarambla.com\\\/wp-content\\\/uploads\\\/2025\\\/07\\\/Gabriela-Mistral.jpg\",\"articleSection\":[\"Libros\"],\"inLanguage\":\"en-GB\"},{\"@type\":\"WebPage\",\"@id\":\"https:\\\/\\\/www.revistarambla.com\\\/gabriela-mistral-entre-lo-lirico-y-lo-terrenal\\\/\",\"url\":\"https:\\\/\\\/www.revistarambla.com\\\/gabriela-mistral-entre-lo-lirico-y-lo-terrenal\\\/\",\"name\":\"Gabriela Mistral: entre lo l\u00edrico y lo terrenal - Revista Rambla\",\"isPartOf\":{\"@id\":\"https:\\\/\\\/www.revistarambla.com\\\/#website\"},\"primaryImageOfPage\":{\"@id\":\"https:\\\/\\\/www.revistarambla.com\\\/gabriela-mistral-entre-lo-lirico-y-lo-terrenal\\\/#primaryimage\"},\"image\":{\"@id\":\"https:\\\/\\\/www.revistarambla.com\\\/gabriela-mistral-entre-lo-lirico-y-lo-terrenal\\\/#primaryimage\"},\"thumbnailUrl\":\"https:\\\/\\\/www.revistarambla.com\\\/wp-content\\\/uploads\\\/2025\\\/07\\\/Gabriela-Mistral.jpg\",\"datePublished\":\"2025-07-27T08:36:26+00:00\",\"breadcrumb\":{\"@id\":\"https:\\\/\\\/www.revistarambla.com\\\/gabriela-mistral-entre-lo-lirico-y-lo-terrenal\\\/#breadcrumb\"},\"inLanguage\":\"en-GB\",\"potentialAction\":[{\"@type\":\"ReadAction\",\"target\":[\"https:\\\/\\\/www.revistarambla.com\\\/gabriela-mistral-entre-lo-lirico-y-lo-terrenal\\\/\"]}]},{\"@type\":\"ImageObject\",\"inLanguage\":\"en-GB\",\"@id\":\"https:\\\/\\\/www.revistarambla.com\\\/gabriela-mistral-entre-lo-lirico-y-lo-terrenal\\\/#primaryimage\",\"url\":\"https:\\\/\\\/www.revistarambla.com\\\/wp-content\\\/uploads\\\/2025\\\/07\\\/Gabriela-Mistral.jpg\",\"contentUrl\":\"https:\\\/\\\/www.revistarambla.com\\\/wp-content\\\/uploads\\\/2025\\\/07\\\/Gabriela-Mistral.jpg\",\"width\":700,\"height\":543,\"caption\":\"Gabriela Mistral\"},{\"@type\":\"BreadcrumbList\",\"@id\":\"https:\\\/\\\/www.revistarambla.com\\\/gabriela-mistral-entre-lo-lirico-y-lo-terrenal\\\/#breadcrumb\",\"itemListElement\":[{\"@type\":\"ListItem\",\"position\":1,\"name\":\"Portada\",\"item\":\"https:\\\/\\\/www.revistarambla.com\\\/\"},{\"@type\":\"ListItem\",\"position\":2,\"name\":\"Gabriela Mistral: entre lo l\u00edrico y lo terrenal\"}]},{\"@type\":\"WebSite\",\"@id\":\"https:\\\/\\\/www.revistarambla.com\\\/#website\",\"url\":\"https:\\\/\\\/www.revistarambla.com\\\/\",\"name\":\"Revista Rambla Barcelona\",\"description\":\"Periodismo independiente\",\"publisher\":{\"@id\":\"https:\\\/\\\/www.revistarambla.com\\\/#organization\"},\"potentialAction\":[{\"@type\":\"SearchAction\",\"target\":{\"@type\":\"EntryPoint\",\"urlTemplate\":\"https:\\\/\\\/www.revistarambla.com\\\/?s={search_term_string}\"},\"query-input\":{\"@type\":\"PropertyValueSpecification\",\"valueRequired\":true,\"valueName\":\"search_term_string\"}}],\"inLanguage\":\"en-GB\"},{\"@type\":\"Organization\",\"@id\":\"https:\\\/\\\/www.revistarambla.com\\\/#organization\",\"name\":\"Revista Rambla\",\"url\":\"https:\\\/\\\/www.revistarambla.com\\\/\",\"logo\":{\"@type\":\"ImageObject\",\"inLanguage\":\"en-GB\",\"@id\":\"https:\\\/\\\/www.revistarambla.com\\\/#\\\/schema\\\/logo\\\/image\\\/\",\"url\":\"https:\\\/\\\/www.revistarambla.com\\\/wp-content\\\/uploads\\\/2020\\\/09\\\/banner_rambla_1900x600_BB.png\",\"contentUrl\":\"https:\\\/\\\/www.revistarambla.com\\\/wp-content\\\/uploads\\\/2020\\\/09\\\/banner_rambla_1900x600_BB.png\",\"width\":1900,\"height\":600,\"caption\":\"Revista Rambla\"},\"image\":{\"@id\":\"https:\\\/\\\/www.revistarambla.com\\\/#\\\/schema\\\/logo\\\/image\\\/\"},\"sameAs\":[\"https:\\\/\\\/www.facebook.com\\\/revistarambla\\\/\",\"https:\\\/\\\/x.com\\\/revistarambla\",\"https:\\\/\\\/www.instagram.com\\\/revista_rambla\",\"https:\\\/\\\/es.linkedin.com\\\/company\\\/revista-rambla\"]},{\"@type\":\"Person\",\"@id\":\"https:\\\/\\\/www.revistarambla.com\\\/#\\\/schema\\\/person\\\/a146a5a2550b94981a75131180e1bd9c\",\"name\":\"R@mbla\",\"description\":\"Este art\u00edculo ha sido redactado y\\\/o validado por el equipo de redacci\u00f3n de Revista Rambla.\",\"sameAs\":[\"https:\\\/\\\/www.revistarambla.com\\\/\",\"https:\\\/\\\/www.facebook.com\\\/revistarambla\",\"https:\\\/\\\/x.com\\\/revistarambla\"]}]}<\/script>\n<!-- \/ Yoast SEO plugin. -->","yoast_head_json":{"title":"Gabriela Mistral: entre lo l\u00edrico y lo terrenal - Revista Rambla","robots":{"index":"index","follow":"follow","max-snippet":"max-snippet:-1","max-image-preview":"max-image-preview:large","max-video-preview":"max-video-preview:-1"},"canonical":"https:\/\/www.revistarambla.com\/en\/gabriela-mistral-entre-lo-lirico-y-lo-terrenal\/","og_locale":"en_GB","og_type":"article","og_title":"Gabriela Mistral: entre lo l\u00edrico y lo terrenal - Revista Rambla","og_description":"Gabriela Mistral, seud\u00f3nimo de Lucila Godoy Alcayaga, es una de las figuras m\u00e1s prominentes de la literatura latinoamericana del siglo XX. Nacida el 7 de abril de 1889 en Vicu\u00f1a, Chile, y fallecida en 1957, Mistral no solo marc\u00f3 un hito al convertirse en la primera persona de Am\u00e9rica Latina [&hellip;]","og_url":"https:\/\/www.revistarambla.com\/en\/gabriela-mistral-entre-lo-lirico-y-lo-terrenal\/","og_site_name":"Revista Rambla","article_publisher":"https:\/\/www.facebook.com\/revistarambla\/","article_author":"https:\/\/www.facebook.com\/revistarambla","article_published_time":"2025-07-27T08:36:26+00:00","og_image":[{"width":700,"height":543,"url":"https:\/\/www.revistarambla.com\/wp-content\/uploads\/2025\/07\/Gabriela-Mistral.jpg","type":"image\/jpeg"}],"author":"R@mbla","twitter_card":"summary_large_image","twitter_creator":"@revistarambla","twitter_site":"@revistarambla","twitter_misc":{"Written by":"R@mbla","Estimated reading time":"8 minutes"},"schema":{"@context":"https:\/\/schema.org","@graph":[{"@type":"Article","@id":"https:\/\/www.revistarambla.com\/gabriela-mistral-entre-lo-lirico-y-lo-terrenal\/#article","isPartOf":{"@id":"https:\/\/www.revistarambla.com\/gabriela-mistral-entre-lo-lirico-y-lo-terrenal\/"},"author":{"name":"R@mbla","@id":"https:\/\/www.revistarambla.com\/#\/schema\/person\/a146a5a2550b94981a75131180e1bd9c"},"headline":"Gabriela Mistral: entre lo l\u00edrico y lo terrenal","datePublished":"2025-07-27T08:36:26+00:00","mainEntityOfPage":{"@id":"https:\/\/www.revistarambla.com\/gabriela-mistral-entre-lo-lirico-y-lo-terrenal\/"},"wordCount":1655,"publisher":{"@id":"https:\/\/www.revistarambla.com\/#organization"},"image":{"@id":"https:\/\/www.revistarambla.com\/gabriela-mistral-entre-lo-lirico-y-lo-terrenal\/#primaryimage"},"thumbnailUrl":"https:\/\/www.revistarambla.com\/wp-content\/uploads\/2025\/07\/Gabriela-Mistral.jpg","articleSection":["Libros"],"inLanguage":"en-GB"},{"@type":"WebPage","@id":"https:\/\/www.revistarambla.com\/gabriela-mistral-entre-lo-lirico-y-lo-terrenal\/","url":"https:\/\/www.revistarambla.com\/gabriela-mistral-entre-lo-lirico-y-lo-terrenal\/","name":"Gabriela Mistral: entre lo l\u00edrico y lo terrenal - Revista Rambla","isPartOf":{"@id":"https:\/\/www.revistarambla.com\/#website"},"primaryImageOfPage":{"@id":"https:\/\/www.revistarambla.com\/gabriela-mistral-entre-lo-lirico-y-lo-terrenal\/#primaryimage"},"image":{"@id":"https:\/\/www.revistarambla.com\/gabriela-mistral-entre-lo-lirico-y-lo-terrenal\/#primaryimage"},"thumbnailUrl":"https:\/\/www.revistarambla.com\/wp-content\/uploads\/2025\/07\/Gabriela-Mistral.jpg","datePublished":"2025-07-27T08:36:26+00:00","breadcrumb":{"@id":"https:\/\/www.revistarambla.com\/gabriela-mistral-entre-lo-lirico-y-lo-terrenal\/#breadcrumb"},"inLanguage":"en-GB","potentialAction":[{"@type":"ReadAction","target":["https:\/\/www.revistarambla.com\/gabriela-mistral-entre-lo-lirico-y-lo-terrenal\/"]}]},{"@type":"ImageObject","inLanguage":"en-GB","@id":"https:\/\/www.revistarambla.com\/gabriela-mistral-entre-lo-lirico-y-lo-terrenal\/#primaryimage","url":"https:\/\/www.revistarambla.com\/wp-content\/uploads\/2025\/07\/Gabriela-Mistral.jpg","contentUrl":"https:\/\/www.revistarambla.com\/wp-content\/uploads\/2025\/07\/Gabriela-Mistral.jpg","width":700,"height":543,"caption":"Gabriela Mistral"},{"@type":"BreadcrumbList","@id":"https:\/\/www.revistarambla.com\/gabriela-mistral-entre-lo-lirico-y-lo-terrenal\/#breadcrumb","itemListElement":[{"@type":"ListItem","position":1,"name":"Portada","item":"https:\/\/www.revistarambla.com\/"},{"@type":"ListItem","position":2,"name":"Gabriela Mistral: entre lo l\u00edrico y lo terrenal"}]},{"@type":"WebSite","@id":"https:\/\/www.revistarambla.com\/#website","url":"https:\/\/www.revistarambla.com\/","name":"Revista Rambla Barcelona","description":"Periodismo independiente","publisher":{"@id":"https:\/\/www.revistarambla.com\/#organization"},"potentialAction":[{"@type":"SearchAction","target":{"@type":"EntryPoint","urlTemplate":"https:\/\/www.revistarambla.com\/?s={search_term_string}"},"query-input":{"@type":"PropertyValueSpecification","valueRequired":true,"valueName":"search_term_string"}}],"inLanguage":"en-GB"},{"@type":"Organization","@id":"https:\/\/www.revistarambla.com\/#organization","name":"Revista Rambla","url":"https:\/\/www.revistarambla.com\/","logo":{"@type":"ImageObject","inLanguage":"en-GB","@id":"https:\/\/www.revistarambla.com\/#\/schema\/logo\/image\/","url":"https:\/\/www.revistarambla.com\/wp-content\/uploads\/2020\/09\/banner_rambla_1900x600_BB.png","contentUrl":"https:\/\/www.revistarambla.com\/wp-content\/uploads\/2020\/09\/banner_rambla_1900x600_BB.png","width":1900,"height":600,"caption":"Revista Rambla"},"image":{"@id":"https:\/\/www.revistarambla.com\/#\/schema\/logo\/image\/"},"sameAs":["https:\/\/www.facebook.com\/revistarambla\/","https:\/\/x.com\/revistarambla","https:\/\/www.instagram.com\/revista_rambla","https:\/\/es.linkedin.com\/company\/revista-rambla"]},{"@type":"Person","@id":"https:\/\/www.revistarambla.com\/#\/schema\/person\/a146a5a2550b94981a75131180e1bd9c","name":"R@mbla","description":"Este art\u00edculo ha sido redactado y\/o validado por el equipo de redacci\u00f3n de Revista Rambla.","sameAs":["https:\/\/www.revistarambla.com\/","https:\/\/www.facebook.com\/revistarambla","https:\/\/x.com\/revistarambla"]}]}},"_links":{"self":[{"href":"https:\/\/www.revistarambla.com\/en\/wp-json\/wp\/v2\/posts\/65891","targetHints":{"allow":["GET"]}}],"collection":[{"href":"https:\/\/www.revistarambla.com\/en\/wp-json\/wp\/v2\/posts"}],"about":[{"href":"https:\/\/www.revistarambla.com\/en\/wp-json\/wp\/v2\/types\/post"}],"author":[{"embeddable":true,"href":"https:\/\/www.revistarambla.com\/en\/wp-json\/wp\/v2\/users\/3"}],"replies":[{"embeddable":true,"href":"https:\/\/www.revistarambla.com\/en\/wp-json\/wp\/v2\/comments?post=65891"}],"version-history":[{"count":1,"href":"https:\/\/www.revistarambla.com\/en\/wp-json\/wp\/v2\/posts\/65891\/revisions"}],"predecessor-version":[{"id":65893,"href":"https:\/\/www.revistarambla.com\/en\/wp-json\/wp\/v2\/posts\/65891\/revisions\/65893"}],"wp:featuredmedia":[{"embeddable":true,"href":"https:\/\/www.revistarambla.com\/en\/wp-json\/wp\/v2\/media\/65892"}],"wp:attachment":[{"href":"https:\/\/www.revistarambla.com\/en\/wp-json\/wp\/v2\/media?parent=65891"}],"wp:term":[{"taxonomy":"category","embeddable":true,"href":"https:\/\/www.revistarambla.com\/en\/wp-json\/wp\/v2\/categories?post=65891"},{"taxonomy":"post_tag","embeddable":true,"href":"https:\/\/www.revistarambla.com\/en\/wp-json\/wp\/v2\/tags?post=65891"}],"curies":[{"name":"wp","href":"https:\/\/api.w.org\/{rel}","templated":true}]}}