{"id":65885,"date":"2025-07-26T12:35:35","date_gmt":"2025-07-26T10:35:35","guid":{"rendered":"https:\/\/www.revistarambla.com\/?p=65885"},"modified":"2025-07-26T12:35:35","modified_gmt":"2025-07-26T10:35:35","slug":"la-24-2015-10-anys-salvant-vides","status":"publish","type":"post","link":"https:\/\/www.revistarambla.com\/en\/la-24-2015-10-anys-salvant-vides\/","title":{"rendered":"La 24\/2015: 10 anys salvant vides!"},"content":{"rendered":"<p>Fa 10 anys, el 29 de juliol de 2015, la for\u00e7a de la gent organitzada va conquerir una fita que semblava impossible: vam arrencar al Parlament l\u2019aprovaci\u00f3 de la Llei 24\/2015, una llei pionera contra els desnonaments i la pobresa energ\u00e8tica, nascuda de la lluita de la PAH, l\u2019Alian\u00e7a contra la Pobresa Energ\u00e8tica (APE) i l\u2019Observatori DESC, i sustentada per una iniciativa legislativa popular recolzada per m\u00e9s del triple de les firmes necess\u00e0ries.<\/p>\n<p>Vam portar al Parlament la veu de milers de fam\u00edlies colpejades per l\u2019emerg\u00e8ncia habitacional i la pobresa energ\u00e8tica. Vam demostrar que la llei tamb\u00e9 pot n\u00e9ixer des de baix, des de la for\u00e7a del poble. Va ser un proc\u00e9s dur, ple d\u2019accions, pressions i mobilitzacions. Vam haver de senyalar, incomodar i negociar per aconseguir una majoria parlament\u00e0ria que fes possible l\u2019aprovaci\u00f3 d\u2019una llei que posava les persones per davant dels interessos econ\u00f2mics.<\/p>\n<p>I ho vam aconseguir!<\/p>\n<p>La 24\/2015 va obrir la porta a aturar milers de desnonaments, a for\u00e7ar la signatura de m\u00e9s de 20.000 lloguers socials, a evitar m\u00e9s de 200.000 talls de subministrament, a cancel\u00b7lar deutes i a garantir comptadors socials per a llars vulnerables. Va ser, i \u00e9s, una eina de vida i dignitat. Una aut\u00e8ntica conquesta popular.<\/p>\n<p>Per\u00f2 la hist\u00f2ria no es va acabar all\u00e0. Aquests 10 anys han estat tamb\u00e9 anys de resist\u00e8ncia i defensa. La 24\/2015 ha estat atacada, recorreguda i ignorada per bancs, fons d\u2019inversi\u00f3 i grans companyies. Els poders econ\u00f2mics i pol\u00edtics han intentat desactivar-la o buidar-la de contingut. Per aix\u00f2 hem estat, i seguim estant, als carrers i a les institucions, defensant-la, exigint-ne el compliment i treballant per millorar-la.<\/p>\n<p>Avui celebrem la vict\u00f2ria que va canviar la hist\u00f2ria. Celebrem la nostra llei i celebrem que la mobilitzaci\u00f3 popular pot moure muntanyes i canviar lleis.<\/p>\n<p>Per\u00f2 tamb\u00e9 sabem que la lluita no ha acabat. La crisi habitacional i energ\u00e8tica continua, i la 24\/2015 segueix sent una eina imprescindible que cal defensar i aplicar amb tota la for\u00e7a. Perqu\u00e8 un futur sense desnonaments ni talls no \u00e9s nom\u00e9s una esperan\u00e7a, sin\u00f3 un dret que cal garantir.<\/p>\n<p>10 anys de lluita. 10 anys salvant vides. I continuem. No ens aturem fins a viure en una Catalunya lliure de desnonaments i de pobresa energ\u00e8tica!<\/p>","protected":false},"excerpt":{"rendered":"<p>Fa 10 anys, el 29 de juliol de 2015, la for\u00e7a de la gent organitzada va conquerir una fita que semblava impossible: vam arrencar al Parlament l\u2019aprovaci\u00f3 de la Llei 24\/2015, una llei pionera contra els desnonaments i la pobresa energ\u00e8tica, nascuda de la lluita de la PAH, l\u2019Alian\u00e7a contra [&hellip;]<\/p>\n","protected":false},"author":15,"featured_media":65886,"comment_status":"closed","ping_status":"closed","sticky":false,"template":"","format":"standard","meta":{"footnotes":""},"categories":[4079],"tags":[],"class_list":["post-65885","post","type-post","status-publish","format-standard","has-post-thumbnail","hentry","category-tribuna-libre"],"yoast_head":"<!-- This site is optimized with the Yoast SEO plugin v27.5 - https:\/\/yoast.com\/product\/yoast-seo-wordpress\/ -->\n<title>La 24\/2015: 10 anys salvant vides! - Revista Rambla<\/title>\n<meta name=\"robots\" content=\"index, follow, max-snippet:-1, max-image-preview:large, max-video-preview:-1\" \/>\n<link rel=\"canonical\" href=\"https:\/\/www.revistarambla.com\/en\/la-24-2015-10-anys-salvant-vides\/\" \/>\n<meta property=\"og:locale\" content=\"en_GB\" \/>\n<meta property=\"og:type\" content=\"article\" \/>\n<meta property=\"og:title\" content=\"La 24\/2015: 10 anys salvant vides! - Revista Rambla\" \/>\n<meta property=\"og:description\" content=\"Fa 10 anys, el 29 de juliol de 2015, la for\u00e7a de la gent organitzada va conquerir una fita que semblava impossible: vam arrencar al Parlament l\u2019aprovaci\u00f3 de la Llei 24\/2015, una llei pionera contra els desnonaments i la pobresa energ\u00e8tica, nascuda de la lluita de la PAH, l\u2019Alian\u00e7a contra [&hellip;]\" \/>\n<meta property=\"og:url\" content=\"https:\/\/www.revistarambla.com\/en\/la-24-2015-10-anys-salvant-vides\/\" \/>\n<meta property=\"og:site_name\" content=\"Revista Rambla\" \/>\n<meta property=\"article:publisher\" content=\"https:\/\/www.facebook.com\/revistarambla\/\" \/>\n<meta property=\"article:published_time\" content=\"2025-07-26T10:35:35+00:00\" \/>\n<meta property=\"og:image\" content=\"https:\/\/www.revistarambla.com\/wp-content\/uploads\/2025\/07\/LaILPalParlament2.jpg\" \/>\n\t<meta property=\"og:image:width\" content=\"600\" \/>\n\t<meta property=\"og:image:height\" content=\"450\" \/>\n\t<meta property=\"og:image:type\" content=\"image\/jpeg\" \/>\n<meta name=\"author\" content=\"PAH Barcelona\" \/>\n<meta name=\"twitter:card\" content=\"summary_large_image\" \/>\n<meta name=\"twitter:creator\" content=\"@revistarambla\" \/>\n<meta name=\"twitter:site\" content=\"@revistarambla\" \/>\n<meta name=\"twitter:label1\" content=\"Written by\" \/>\n\t<meta name=\"twitter:data1\" content=\"PAH Barcelona\" \/>\n\t<meta name=\"twitter:label2\" content=\"Estimated reading time\" \/>\n\t<meta name=\"twitter:data2\" content=\"2 minutes\" \/>\n<script type=\"application\/ld+json\" class=\"yoast-schema-graph\">{\"@context\":\"https:\\\/\\\/schema.org\",\"@graph\":[{\"@type\":\"Article\",\"@id\":\"https:\\\/\\\/www.revistarambla.com\\\/la-24-2015-10-anys-salvant-vides\\\/#article\",\"isPartOf\":{\"@id\":\"https:\\\/\\\/www.revistarambla.com\\\/la-24-2015-10-anys-salvant-vides\\\/\"},\"author\":{\"name\":\"PAH Barcelona\",\"@id\":\"https:\\\/\\\/www.revistarambla.com\\\/#\\\/schema\\\/person\\\/2b19179a8ace334b829ad72cc6e6ce97\"},\"headline\":\"La 24\\\/2015: 10 anys salvant vides!\",\"datePublished\":\"2025-07-26T10:35:35+00:00\",\"mainEntityOfPage\":{\"@id\":\"https:\\\/\\\/www.revistarambla.com\\\/la-24-2015-10-anys-salvant-vides\\\/\"},\"wordCount\":402,\"publisher\":{\"@id\":\"https:\\\/\\\/www.revistarambla.com\\\/#organization\"},\"image\":{\"@id\":\"https:\\\/\\\/www.revistarambla.com\\\/la-24-2015-10-anys-salvant-vides\\\/#primaryimage\"},\"thumbnailUrl\":\"https:\\\/\\\/www.revistarambla.com\\\/wp-content\\\/uploads\\\/2025\\\/07\\\/LaILPalParlament2.jpg\",\"articleSection\":[\"Tribuna Libre\"],\"inLanguage\":\"en-GB\"},{\"@type\":\"WebPage\",\"@id\":\"https:\\\/\\\/www.revistarambla.com\\\/la-24-2015-10-anys-salvant-vides\\\/\",\"url\":\"https:\\\/\\\/www.revistarambla.com\\\/la-24-2015-10-anys-salvant-vides\\\/\",\"name\":\"La 24\\\/2015: 10 anys salvant vides! - Revista Rambla\",\"isPartOf\":{\"@id\":\"https:\\\/\\\/www.revistarambla.com\\\/#website\"},\"primaryImageOfPage\":{\"@id\":\"https:\\\/\\\/www.revistarambla.com\\\/la-24-2015-10-anys-salvant-vides\\\/#primaryimage\"},\"image\":{\"@id\":\"https:\\\/\\\/www.revistarambla.com\\\/la-24-2015-10-anys-salvant-vides\\\/#primaryimage\"},\"thumbnailUrl\":\"https:\\\/\\\/www.revistarambla.com\\\/wp-content\\\/uploads\\\/2025\\\/07\\\/LaILPalParlament2.jpg\",\"datePublished\":\"2025-07-26T10:35:35+00:00\",\"breadcrumb\":{\"@id\":\"https:\\\/\\\/www.revistarambla.com\\\/la-24-2015-10-anys-salvant-vides\\\/#breadcrumb\"},\"inLanguage\":\"en-GB\",\"potentialAction\":[{\"@type\":\"ReadAction\",\"target\":[\"https:\\\/\\\/www.revistarambla.com\\\/la-24-2015-10-anys-salvant-vides\\\/\"]}]},{\"@type\":\"ImageObject\",\"inLanguage\":\"en-GB\",\"@id\":\"https:\\\/\\\/www.revistarambla.com\\\/la-24-2015-10-anys-salvant-vides\\\/#primaryimage\",\"url\":\"https:\\\/\\\/www.revistarambla.com\\\/wp-content\\\/uploads\\\/2025\\\/07\\\/LaILPalParlament2.jpg\",\"contentUrl\":\"https:\\\/\\\/www.revistarambla.com\\\/wp-content\\\/uploads\\\/2025\\\/07\\\/LaILPalParlament2.jpg\",\"width\":600,\"height\":450,\"caption\":\"Llei 24\\\/2015 pah\"},{\"@type\":\"BreadcrumbList\",\"@id\":\"https:\\\/\\\/www.revistarambla.com\\\/la-24-2015-10-anys-salvant-vides\\\/#breadcrumb\",\"itemListElement\":[{\"@type\":\"ListItem\",\"position\":1,\"name\":\"Portada\",\"item\":\"https:\\\/\\\/www.revistarambla.com\\\/\"},{\"@type\":\"ListItem\",\"position\":2,\"name\":\"La 24\\\/2015: 10 anys salvant vides!\"}]},{\"@type\":\"WebSite\",\"@id\":\"https:\\\/\\\/www.revistarambla.com\\\/#website\",\"url\":\"https:\\\/\\\/www.revistarambla.com\\\/\",\"name\":\"Revista Rambla Barcelona\",\"description\":\"Periodismo independiente\",\"publisher\":{\"@id\":\"https:\\\/\\\/www.revistarambla.com\\\/#organization\"},\"potentialAction\":[{\"@type\":\"SearchAction\",\"target\":{\"@type\":\"EntryPoint\",\"urlTemplate\":\"https:\\\/\\\/www.revistarambla.com\\\/?s={search_term_string}\"},\"query-input\":{\"@type\":\"PropertyValueSpecification\",\"valueRequired\":true,\"valueName\":\"search_term_string\"}}],\"inLanguage\":\"en-GB\"},{\"@type\":\"Organization\",\"@id\":\"https:\\\/\\\/www.revistarambla.com\\\/#organization\",\"name\":\"Revista Rambla\",\"url\":\"https:\\\/\\\/www.revistarambla.com\\\/\",\"logo\":{\"@type\":\"ImageObject\",\"inLanguage\":\"en-GB\",\"@id\":\"https:\\\/\\\/www.revistarambla.com\\\/#\\\/schema\\\/logo\\\/image\\\/\",\"url\":\"https:\\\/\\\/www.revistarambla.com\\\/wp-content\\\/uploads\\\/2020\\\/09\\\/banner_rambla_1900x600_BB.png\",\"contentUrl\":\"https:\\\/\\\/www.revistarambla.com\\\/wp-content\\\/uploads\\\/2020\\\/09\\\/banner_rambla_1900x600_BB.png\",\"width\":1900,\"height\":600,\"caption\":\"Revista Rambla\"},\"image\":{\"@id\":\"https:\\\/\\\/www.revistarambla.com\\\/#\\\/schema\\\/logo\\\/image\\\/\"},\"sameAs\":[\"https:\\\/\\\/www.facebook.com\\\/revistarambla\\\/\",\"https:\\\/\\\/x.com\\\/revistarambla\",\"https:\\\/\\\/www.instagram.com\\\/revista_rambla\",\"https:\\\/\\\/es.linkedin.com\\\/company\\\/revista-rambla\"]},{\"@type\":\"Person\",\"@id\":\"https:\\\/\\\/www.revistarambla.com\\\/#\\\/schema\\\/person\\\/2b19179a8ace334b829ad72cc6e6ce97\",\"name\":\"PAH Barcelona\"}]}<\/script>\n<!-- \/ Yoast SEO plugin. -->","yoast_head_json":{"title":"La 24\/2015: 10 anys salvant vides! - Revista Rambla","robots":{"index":"index","follow":"follow","max-snippet":"max-snippet:-1","max-image-preview":"max-image-preview:large","max-video-preview":"max-video-preview:-1"},"canonical":"https:\/\/www.revistarambla.com\/en\/la-24-2015-10-anys-salvant-vides\/","og_locale":"en_GB","og_type":"article","og_title":"La 24\/2015: 10 anys salvant vides! - Revista Rambla","og_description":"Fa 10 anys, el 29 de juliol de 2015, la for\u00e7a de la gent organitzada va conquerir una fita que semblava impossible: vam arrencar al Parlament l\u2019aprovaci\u00f3 de la Llei 24\/2015, una llei pionera contra els desnonaments i la pobresa energ\u00e8tica, nascuda de la lluita de la PAH, l\u2019Alian\u00e7a contra [&hellip;]","og_url":"https:\/\/www.revistarambla.com\/en\/la-24-2015-10-anys-salvant-vides\/","og_site_name":"Revista Rambla","article_publisher":"https:\/\/www.facebook.com\/revistarambla\/","article_published_time":"2025-07-26T10:35:35+00:00","og_image":[{"width":600,"height":450,"url":"https:\/\/www.revistarambla.com\/wp-content\/uploads\/2025\/07\/LaILPalParlament2.jpg","type":"image\/jpeg"}],"author":"PAH Barcelona","twitter_card":"summary_large_image","twitter_creator":"@revistarambla","twitter_site":"@revistarambla","twitter_misc":{"Written by":"PAH Barcelona","Estimated reading time":"2 minutes"},"schema":{"@context":"https:\/\/schema.org","@graph":[{"@type":"Article","@id":"https:\/\/www.revistarambla.com\/la-24-2015-10-anys-salvant-vides\/#article","isPartOf":{"@id":"https:\/\/www.revistarambla.com\/la-24-2015-10-anys-salvant-vides\/"},"author":{"name":"PAH Barcelona","@id":"https:\/\/www.revistarambla.com\/#\/schema\/person\/2b19179a8ace334b829ad72cc6e6ce97"},"headline":"La 24\/2015: 10 anys salvant vides!","datePublished":"2025-07-26T10:35:35+00:00","mainEntityOfPage":{"@id":"https:\/\/www.revistarambla.com\/la-24-2015-10-anys-salvant-vides\/"},"wordCount":402,"publisher":{"@id":"https:\/\/www.revistarambla.com\/#organization"},"image":{"@id":"https:\/\/www.revistarambla.com\/la-24-2015-10-anys-salvant-vides\/#primaryimage"},"thumbnailUrl":"https:\/\/www.revistarambla.com\/wp-content\/uploads\/2025\/07\/LaILPalParlament2.jpg","articleSection":["Tribuna Libre"],"inLanguage":"en-GB"},{"@type":"WebPage","@id":"https:\/\/www.revistarambla.com\/la-24-2015-10-anys-salvant-vides\/","url":"https:\/\/www.revistarambla.com\/la-24-2015-10-anys-salvant-vides\/","name":"La 24\/2015: 10 anys salvant vides! - Revista Rambla","isPartOf":{"@id":"https:\/\/www.revistarambla.com\/#website"},"primaryImageOfPage":{"@id":"https:\/\/www.revistarambla.com\/la-24-2015-10-anys-salvant-vides\/#primaryimage"},"image":{"@id":"https:\/\/www.revistarambla.com\/la-24-2015-10-anys-salvant-vides\/#primaryimage"},"thumbnailUrl":"https:\/\/www.revistarambla.com\/wp-content\/uploads\/2025\/07\/LaILPalParlament2.jpg","datePublished":"2025-07-26T10:35:35+00:00","breadcrumb":{"@id":"https:\/\/www.revistarambla.com\/la-24-2015-10-anys-salvant-vides\/#breadcrumb"},"inLanguage":"en-GB","potentialAction":[{"@type":"ReadAction","target":["https:\/\/www.revistarambla.com\/la-24-2015-10-anys-salvant-vides\/"]}]},{"@type":"ImageObject","inLanguage":"en-GB","@id":"https:\/\/www.revistarambla.com\/la-24-2015-10-anys-salvant-vides\/#primaryimage","url":"https:\/\/www.revistarambla.com\/wp-content\/uploads\/2025\/07\/LaILPalParlament2.jpg","contentUrl":"https:\/\/www.revistarambla.com\/wp-content\/uploads\/2025\/07\/LaILPalParlament2.jpg","width":600,"height":450,"caption":"Llei 24\/2015 pah"},{"@type":"BreadcrumbList","@id":"https:\/\/www.revistarambla.com\/la-24-2015-10-anys-salvant-vides\/#breadcrumb","itemListElement":[{"@type":"ListItem","position":1,"name":"Portada","item":"https:\/\/www.revistarambla.com\/"},{"@type":"ListItem","position":2,"name":"La 24\/2015: 10 anys salvant vides!"}]},{"@type":"WebSite","@id":"https:\/\/www.revistarambla.com\/#website","url":"https:\/\/www.revistarambla.com\/","name":"Revista Rambla Barcelona","description":"Periodismo independiente","publisher":{"@id":"https:\/\/www.revistarambla.com\/#organization"},"potentialAction":[{"@type":"SearchAction","target":{"@type":"EntryPoint","urlTemplate":"https:\/\/www.revistarambla.com\/?s={search_term_string}"},"query-input":{"@type":"PropertyValueSpecification","valueRequired":true,"valueName":"search_term_string"}}],"inLanguage":"en-GB"},{"@type":"Organization","@id":"https:\/\/www.revistarambla.com\/#organization","name":"Revista Rambla","url":"https:\/\/www.revistarambla.com\/","logo":{"@type":"ImageObject","inLanguage":"en-GB","@id":"https:\/\/www.revistarambla.com\/#\/schema\/logo\/image\/","url":"https:\/\/www.revistarambla.com\/wp-content\/uploads\/2020\/09\/banner_rambla_1900x600_BB.png","contentUrl":"https:\/\/www.revistarambla.com\/wp-content\/uploads\/2020\/09\/banner_rambla_1900x600_BB.png","width":1900,"height":600,"caption":"Revista Rambla"},"image":{"@id":"https:\/\/www.revistarambla.com\/#\/schema\/logo\/image\/"},"sameAs":["https:\/\/www.facebook.com\/revistarambla\/","https:\/\/x.com\/revistarambla","https:\/\/www.instagram.com\/revista_rambla","https:\/\/es.linkedin.com\/company\/revista-rambla"]},{"@type":"Person","@id":"https:\/\/www.revistarambla.com\/#\/schema\/person\/2b19179a8ace334b829ad72cc6e6ce97","name":"PAH Barcelona"}]}},"_links":{"self":[{"href":"https:\/\/www.revistarambla.com\/en\/wp-json\/wp\/v2\/posts\/65885","targetHints":{"allow":["GET"]}}],"collection":[{"href":"https:\/\/www.revistarambla.com\/en\/wp-json\/wp\/v2\/posts"}],"about":[{"href":"https:\/\/www.revistarambla.com\/en\/wp-json\/wp\/v2\/types\/post"}],"author":[{"embeddable":true,"href":"https:\/\/www.revistarambla.com\/en\/wp-json\/wp\/v2\/users\/15"}],"replies":[{"embeddable":true,"href":"https:\/\/www.revistarambla.com\/en\/wp-json\/wp\/v2\/comments?post=65885"}],"version-history":[{"count":1,"href":"https:\/\/www.revistarambla.com\/en\/wp-json\/wp\/v2\/posts\/65885\/revisions"}],"predecessor-version":[{"id":65887,"href":"https:\/\/www.revistarambla.com\/en\/wp-json\/wp\/v2\/posts\/65885\/revisions\/65887"}],"wp:featuredmedia":[{"embeddable":true,"href":"https:\/\/www.revistarambla.com\/en\/wp-json\/wp\/v2\/media\/65886"}],"wp:attachment":[{"href":"https:\/\/www.revistarambla.com\/en\/wp-json\/wp\/v2\/media?parent=65885"}],"wp:term":[{"taxonomy":"category","embeddable":true,"href":"https:\/\/www.revistarambla.com\/en\/wp-json\/wp\/v2\/categories?post=65885"},{"taxonomy":"post_tag","embeddable":true,"href":"https:\/\/www.revistarambla.com\/en\/wp-json\/wp\/v2\/tags?post=65885"}],"curies":[{"name":"wp","href":"https:\/\/api.w.org\/{rel}","templated":true}]}}