{"id":65882,"date":"2025-07-26T12:32:03","date_gmt":"2025-07-26T10:32:03","guid":{"rendered":"https:\/\/www.revistarambla.com\/?p=65882"},"modified":"2025-07-26T12:32:03","modified_gmt":"2025-07-26T10:32:03","slug":"reconocimiento-facial-en-el-trabajo-la-multa-de-cabrera-de-mar-y-los-peligros-de-la-vigilancia-biometrica","status":"publish","type":"post","link":"https:\/\/www.revistarambla.com\/en\/reconocimiento-facial-en-el-trabajo-la-multa-de-cabrera-de-mar-y-los-peligros-de-la-vigilancia-biometrica\/","title":{"rendered":"Reconocimiento facial en el trabajo: la multa de Cabrera de Mar y los peligros de la vigilancia biom\u00e9trica"},"content":{"rendered":"<p>En un mundo cada vez m\u00e1s digitalizado, las tecnolog\u00edas de reconocimiento facial han ganado terreno en diversos \u00e1mbitos, desde la seguridad hasta la gesti\u00f3n laboral. Sin embargo, su uso indiscriminado y sin una base jur\u00eddica s\u00f3lida ha levantado alarmas en materia de privacidad y derechos fundamentales. Un caso reciente en Cabrera de Mar, un municipio de la comarca del Maresme en Barcelona, ha puesto de manifiesto estas preocupaciones. La Autoridad Catalana de Protecci\u00f3n de Datos (APDCAT) sancion\u00f3 a Gesti\u00f3n Iniciativas Cabrera SA (GICSA), una empresa municipal, con una multa de 18.660 euros por emplear tecnolog\u00eda de reconocimiento facial para controlar la jornada laboral de sus trabajadores entre enero de 2023 y noviembre de 2024. Este incidente no solo evidencia las carencias legales en el uso de sistemas biom\u00e9tricos, sino que tambi\u00e9n plantea serias preguntas \u00e9ticas sobre su aplicaci\u00f3n en entornos laborales.<\/p>\n<h2>El Caso de Cabrera de Mar: Contexto y Sanciones<\/h2>\n<p>GICSA, una empresa municipal encargada de servicios como el mantenimiento de alumbrado, limpieza viaria y conservaci\u00f3n de jardines en Cabrera de Mar, implement\u00f3 un sistema de reconocimiento facial para supervisar la asistencia de una treintena de trabajadores. Seg\u00fan la resoluci\u00f3n de la APDCAT (PS 113\/2024), esta pr\u00e1ctica, que se llev\u00f3 a cabo durante casi dos a\u00f1os, carec\u00eda de base jur\u00eddica, constituyendo una infracci\u00f3n \u00abmuy grave\u00bb. Adem\u00e1s, la empresa no realiz\u00f3 una evaluaci\u00f3n de impacto en protecci\u00f3n de datos previa a la implementaci\u00f3n del sistema, lo que se consider\u00f3 una infracci\u00f3n \u00abgrave\u00bb. La sanci\u00f3n inicial de 31.000 euros se redujo a 18.660 euros debido al pronto pago y la asunci\u00f3n de responsabilidades por parte de la empresa.<\/p>\n<p>La denuncia, presentada por un trabajador, puso en evidencia las irregularidades. La APDCAT se\u00f1al\u00f3 que ni la relaci\u00f3n laboral ni el consentimiento de los empleados legitimaban el uso de sistemas que procesan datos biom\u00e9tricos sensibles. La normativa laboral vigente, tanto en el \u00e1mbito del derecho laboral como en la funci\u00f3n p\u00fablica, no contempla mecanismos que permitan el control horario mediante reconocimiento facial. Adem\u00e1s, no exist\u00eda un convenio colectivo que respaldara esta pr\u00e1ctica, dejando a GICSA en un limbo jur\u00eddico. La empresa intent\u00f3 justificar su acci\u00f3n alegando que inform\u00f3 a los trabajadores en una reuni\u00f3n previa, pero la APDCAT desestim\u00f3 este argumento, destacando que el consentimiento en un contexto laboral no puede considerarse libre debido a la dependencia jer\u00e1rquica.<\/p>\n<p>Tras la sanci\u00f3n, el Ayuntamiento de Cabrera de Mar anunci\u00f3 que revisar\u00eda sus m\u00e9todos de control horario y confirm\u00f3 que el sistema de reconocimiento facial fue desactivado en noviembre de 2024, tras la advertencia de la APDCAT. Actualmente, GICSA opera bajo el nombre de Cabrera Funciona (CAFU), y el consistorio asegura estar comprometido con el cumplimiento normativo y la protecci\u00f3n de los derechos de los trabajadores.<\/p>\n<h2>Cr\u00edticas al Uso del Reconocimiento Facial en el \u00c1mbito Laboral<\/h2>\n<p>El uso de tecnolog\u00edas de reconocimiento facial en entornos laborales plantea m\u00faltiples problemas \u00e9ticos, legales y sociales. A continuaci\u00f3n, se analizan las principales cr\u00edticas a esta pr\u00e1ctica, especialmente en el contexto del caso de Cabrera de Mar.<\/p>\n<h3>1. Violaci\u00f3n de la Privacidad y los Derechos Fundamentales<\/h3>\n<p>Los datos biom\u00e9tricos, como los patrones faciales, son considerados datos personales sensibles seg\u00fan el Reglamento General de Protecci\u00f3n de Datos (RGPD) de la Uni\u00f3n Europea. Su tratamiento requiere una justificaci\u00f3n s\u00f3lida y, en la mayor\u00eda de los casos, el consentimiento expl\u00edcito de los interesados. Sin embargo, en un entorno laboral, el consentimiento rara vez es libre, ya que los trabajadores pueden sentirse presionados a aceptar estas medidas por temor a represalias o p\u00e9rdida de empleo. La APDCAT subray\u00f3 que la relaci\u00f3n de dependencia laboral \u00abimpide sostener que el consentimiento se pod\u00eda prestar sin temor o riesgo real a obtener a cambio efectos perjudiciales\u00bb.<\/p>\n<p>En el caso de Cabrera de Mar, la falta de una evaluaci\u00f3n de impacto previa agrav\u00f3 la situaci\u00f3n. Este tipo de evaluaci\u00f3n es obligatoria seg\u00fan el RGPD para identificar y mitigar riesgos asociados al tratamiento de datos sensibles. Al no realizarla, GICSA no solo incumpli\u00f3 la normativa, sino que tambi\u00e9n expuso a los trabajadores a posibles vulneraciones de su privacidad sin un an\u00e1lisis adecuado de las consecuencias.<\/p>\n<h3>2. Ausencia de Marco Legal Espec\u00edfico<\/h3>\n<p>Una de las cr\u00edticas m\u00e1s contundentes al uso del reconocimiento facial en Cabrera de Mar es la ausencia de un marco legal que lo respalde. Como se\u00f1al\u00f3 la APDCAT, ni la legislaci\u00f3n laboral ni los convenios colectivos vigentes prev\u00e9n el uso de esta tecnolog\u00eda para el control horario. Este vac\u00edo normativo deja a las empresas y administraciones p\u00fablicas en una posici\u00f3n vulnerable, ya que la adopci\u00f3n de soluciones tecnol\u00f3gicas \u00abeficientes\u00bb puede derivar en sanciones significativas.<\/p>\n<p>La falta de regulaci\u00f3n espec\u00edfica para tecnolog\u00edas emergentes como el reconocimiento facial refleja un desfase entre el avance tecnol\u00f3gico y las leyes que lo regulan. En Europa, el RGPD establece est\u00e1ndares estrictos, pero la implementaci\u00f3n de tecnolog\u00edas biom\u00e9tricas requiere directrices m\u00e1s claras que equilibren la innovaci\u00f3n con la protecci\u00f3n de derechos fundamentales. El caso de Cabrera de Mar es un recordatorio de que la adopci\u00f3n precipitada de estas herramientas puede tener consecuencias legales y \u00e9ticas graves.<\/p>\n<h3>3. Riesgos de Vigilancia Excesiva<\/h3>\n<p>El uso de reconocimiento facial en el \u00e1mbito laboral tambi\u00e9n plantea preocupaciones sobre la vigilancia excesiva. Estas tecnolog\u00edas no solo registran la asistencia, sino que pueden recopilar y almacenar datos sensibles que podr\u00edan usarse para otros fines, como la monitorizaci\u00f3n del comportamiento o la creaci\u00f3n de perfiles de los trabajadores. En un contexto de desequilibrio de poder entre empleadores y empleados, esta vigilancia constante puede generar un ambiente de desconfianza y presi\u00f3n, afectando el bienestar psicol\u00f3gico de la plantilla.<\/p>\n<p>En Cabrera de Mar, los trabajadores no fueron informados adecuadamente sobre c\u00f3mo se procesaban y almacenaban sus datos biom\u00e9tricos, lo que aument\u00f3 la percepci\u00f3n de intrusi\u00f3n. La falta de transparencia y de autorizaci\u00f3n escrita por parte de los empleados refuerza la idea de que el sistema se implement\u00f3 sin considerar el impacto en sus derechos.<\/p>\n<h3>4. Discriminaci\u00f3n y Errores Tecnol\u00f3gicos<\/h3>\n<p>Otro aspecto cr\u00edtico del reconocimiento facial es su potencial para generar discriminaci\u00f3n. Los algoritmos de reconocimiento facial no son infalibles y han sido criticados por su sesgo contra ciertos grupos demogr\u00e1ficos, como personas de piel oscura, mujeres o minor\u00edas \u00e9tnicas. En un entorno laboral, un sistema defectuoso podr\u00eda generar errores en el registro de asistencia, afectando injustamente a algunos trabajadores.<\/p>\n<p>Aunque no hay evidencia de que el sistema de GICSA tuviera problemas de este tipo, la falta de una evaluaci\u00f3n de impacto previa sugiere que no se consideraron estos riesgos. La implementaci\u00f3n de tecnolog\u00edas biom\u00e9tricas sin pruebas rigurosas de fiabilidad y equidad puede exacerbar las desigualdades en el lugar de trabajo.<\/p>\n<h2>Implicaciones para el Futuro<\/h2>\n<p>El caso de Cabrera de Mar es un precedente importante en el debate sobre el uso de tecnolog\u00edas biom\u00e9tricas en el \u00e1mbito laboral. A medida que las empresas y administraciones p\u00fablicas buscan optimizar procesos mediante la tecnolog\u00eda, es crucial establecer l\u00edmites claros para proteger los derechos de los trabajadores. Algunas lecciones clave incluyen:<\/p>\n<ul>\n<li><strong>Necesidad de Regulaci\u00f3n Espec\u00edfica<\/strong>: Los gobiernos deben desarrollar normativas que regulen el uso de tecnolog\u00edas biom\u00e9tricas en el trabajo, estableciendo cu\u00e1ndo y c\u00f3mo pueden emplearse, y garantizando la protecci\u00f3n de datos sensibles.<\/li>\n<li><strong>Evaluaciones de Impacto Obligatorias<\/strong>: Las empresas deben realizar evaluaciones de impacto en protecci\u00f3n de datos antes de implementar tecnolog\u00edas que procesen datos biom\u00e9tricos, identificando riesgos y estableciendo medidas de mitigaci\u00f3n.<\/li>\n<li><strong>Transparencia y Consentimiento<\/strong>: Los trabajadores deben ser informados de manera clara y transparente sobre el uso de estas tecnolog\u00edas, y su consentimiento debe ser libre, informado y documentado.<\/li>\n<li><strong>Alternativas Menos Invasivas<\/strong>: En muchos casos, existen m\u00e9todos alternativos para el control horario, como tarjetas de identificaci\u00f3n o sistemas de registro manual, que no implican el procesamiento de datos biom\u00e9tricos.<\/li>\n<\/ul>\n<p>La sanci\u00f3n a GICSA en Cabrera de Mar pone de relieve los peligros de adoptar tecnolog\u00edas de reconocimiento facial sin una base legal s\u00f3lida ni un an\u00e1lisis \u00e9tico adecuado. Este caso no solo destaca las deficiencias en la regulaci\u00f3n de tecnolog\u00edas emergentes, sino que tambi\u00e9n subraya la importancia de proteger los derechos fundamentales de los trabajadores en un mundo cada vez m\u00e1s digitalizado. La vigilancia biom\u00e9trica, aunque puede parecer una soluci\u00f3n eficiente, conlleva riesgos significativos de privacidad, discriminaci\u00f3n y abuso de poder. Es imperativo que las administraciones p\u00fablicas y las empresas prioricen la transparencia, la equidad y el cumplimiento normativo al implementar estas herramientas. Solo mediante un enfoque \u00e9tico y responsable se podr\u00e1 garantizar que la innovaci\u00f3n tecnol\u00f3gica no comprometa los derechos humanos en el lugar de trabajo.<\/p>","protected":false},"excerpt":{"rendered":"<p>En un mundo cada vez m\u00e1s digitalizado, las tecnolog\u00edas de reconocimiento facial han ganado terreno en diversos \u00e1mbitos, desde la seguridad hasta la gesti\u00f3n laboral. Sin embargo, su uso indiscriminado y sin una base jur\u00eddica s\u00f3lida ha levantado alarmas en materia de privacidad y derechos fundamentales. Un caso reciente en [&hellip;]<\/p>\n","protected":false},"author":3,"featured_media":65883,"comment_status":"closed","ping_status":"closed","sticky":false,"template":"","format":"standard","meta":{"footnotes":""},"categories":[59],"tags":[],"class_list":["post-65882","post","type-post","status-publish","format-standard","has-post-thumbnail","hentry","category-catalunya"],"yoast_head":"<!-- This site is optimized with the Yoast SEO plugin v27.5 - https:\/\/yoast.com\/product\/yoast-seo-wordpress\/ -->\n<title>Reconocimiento facial en el trabajo: la multa de Cabrera de Mar y los peligros de la vigilancia biom\u00e9trica - Revista Rambla<\/title>\n<meta name=\"robots\" content=\"index, follow, max-snippet:-1, max-image-preview:large, max-video-preview:-1\" \/>\n<link rel=\"canonical\" href=\"https:\/\/www.revistarambla.com\/en\/reconocimiento-facial-en-el-trabajo-la-multa-de-cabrera-de-mar-y-los-peligros-de-la-vigilancia-biometrica\/\" \/>\n<meta property=\"og:locale\" content=\"en_GB\" \/>\n<meta property=\"og:type\" content=\"article\" \/>\n<meta property=\"og:title\" content=\"Reconocimiento facial en el trabajo: la multa de Cabrera de Mar y los peligros de la vigilancia biom\u00e9trica - Revista Rambla\" \/>\n<meta property=\"og:description\" content=\"En un mundo cada vez m\u00e1s digitalizado, las tecnolog\u00edas de reconocimiento facial han ganado terreno en diversos \u00e1mbitos, desde la seguridad hasta la gesti\u00f3n laboral. Sin embargo, su uso indiscriminado y sin una base jur\u00eddica s\u00f3lida ha levantado alarmas en materia de privacidad y derechos fundamentales. Un caso reciente en [&hellip;]\" \/>\n<meta property=\"og:url\" content=\"https:\/\/www.revistarambla.com\/en\/reconocimiento-facial-en-el-trabajo-la-multa-de-cabrera-de-mar-y-los-peligros-de-la-vigilancia-biometrica\/\" \/>\n<meta property=\"og:site_name\" content=\"Revista Rambla\" \/>\n<meta property=\"article:publisher\" content=\"https:\/\/www.facebook.com\/revistarambla\/\" \/>\n<meta property=\"article:author\" content=\"https:\/\/www.facebook.com\/revistarambla\" \/>\n<meta property=\"article:published_time\" content=\"2025-07-26T10:32:03+00:00\" \/>\n<meta property=\"og:image\" content=\"https:\/\/www.revistarambla.com\/wp-content\/uploads\/2025\/07\/Reconocimiento-facial-cabrera-de-mar.jpg\" \/>\n\t<meta property=\"og:image:width\" content=\"1024\" \/>\n\t<meta property=\"og:image:height\" content=\"683\" \/>\n\t<meta property=\"og:image:type\" content=\"image\/jpeg\" \/>\n<meta name=\"author\" content=\"R@mbla\" \/>\n<meta name=\"twitter:card\" content=\"summary_large_image\" \/>\n<meta name=\"twitter:creator\" content=\"@revistarambla\" \/>\n<meta name=\"twitter:site\" content=\"@revistarambla\" \/>\n<meta name=\"twitter:label1\" content=\"Written by\" \/>\n\t<meta name=\"twitter:data1\" content=\"R@mbla\" \/>\n\t<meta name=\"twitter:label2\" content=\"Estimated reading time\" \/>\n\t<meta name=\"twitter:data2\" content=\"7 minutes\" \/>\n<script type=\"application\/ld+json\" class=\"yoast-schema-graph\">{\"@context\":\"https:\\\/\\\/schema.org\",\"@graph\":[{\"@type\":\"Article\",\"@id\":\"https:\\\/\\\/www.revistarambla.com\\\/reconocimiento-facial-en-el-trabajo-la-multa-de-cabrera-de-mar-y-los-peligros-de-la-vigilancia-biometrica\\\/#article\",\"isPartOf\":{\"@id\":\"https:\\\/\\\/www.revistarambla.com\\\/reconocimiento-facial-en-el-trabajo-la-multa-de-cabrera-de-mar-y-los-peligros-de-la-vigilancia-biometrica\\\/\"},\"author\":{\"name\":\"R@mbla\",\"@id\":\"https:\\\/\\\/www.revistarambla.com\\\/#\\\/schema\\\/person\\\/a146a5a2550b94981a75131180e1bd9c\"},\"headline\":\"Reconocimiento facial en el trabajo: la multa de Cabrera de Mar y los peligros de la vigilancia biom\u00e9trica\",\"datePublished\":\"2025-07-26T10:32:03+00:00\",\"mainEntityOfPage\":{\"@id\":\"https:\\\/\\\/www.revistarambla.com\\\/reconocimiento-facial-en-el-trabajo-la-multa-de-cabrera-de-mar-y-los-peligros-de-la-vigilancia-biometrica\\\/\"},\"wordCount\":1548,\"publisher\":{\"@id\":\"https:\\\/\\\/www.revistarambla.com\\\/#organization\"},\"image\":{\"@id\":\"https:\\\/\\\/www.revistarambla.com\\\/reconocimiento-facial-en-el-trabajo-la-multa-de-cabrera-de-mar-y-los-peligros-de-la-vigilancia-biometrica\\\/#primaryimage\"},\"thumbnailUrl\":\"https:\\\/\\\/www.revistarambla.com\\\/wp-content\\\/uploads\\\/2025\\\/07\\\/Reconocimiento-facial-cabrera-de-mar.jpg\",\"articleSection\":[\"Catalunya\"],\"inLanguage\":\"en-GB\"},{\"@type\":\"WebPage\",\"@id\":\"https:\\\/\\\/www.revistarambla.com\\\/reconocimiento-facial-en-el-trabajo-la-multa-de-cabrera-de-mar-y-los-peligros-de-la-vigilancia-biometrica\\\/\",\"url\":\"https:\\\/\\\/www.revistarambla.com\\\/reconocimiento-facial-en-el-trabajo-la-multa-de-cabrera-de-mar-y-los-peligros-de-la-vigilancia-biometrica\\\/\",\"name\":\"Reconocimiento facial en el trabajo: la multa de Cabrera de Mar y los peligros de la vigilancia biom\u00e9trica - Revista Rambla\",\"isPartOf\":{\"@id\":\"https:\\\/\\\/www.revistarambla.com\\\/#website\"},\"primaryImageOfPage\":{\"@id\":\"https:\\\/\\\/www.revistarambla.com\\\/reconocimiento-facial-en-el-trabajo-la-multa-de-cabrera-de-mar-y-los-peligros-de-la-vigilancia-biometrica\\\/#primaryimage\"},\"image\":{\"@id\":\"https:\\\/\\\/www.revistarambla.com\\\/reconocimiento-facial-en-el-trabajo-la-multa-de-cabrera-de-mar-y-los-peligros-de-la-vigilancia-biometrica\\\/#primaryimage\"},\"thumbnailUrl\":\"https:\\\/\\\/www.revistarambla.com\\\/wp-content\\\/uploads\\\/2025\\\/07\\\/Reconocimiento-facial-cabrera-de-mar.jpg\",\"datePublished\":\"2025-07-26T10:32:03+00:00\",\"breadcrumb\":{\"@id\":\"https:\\\/\\\/www.revistarambla.com\\\/reconocimiento-facial-en-el-trabajo-la-multa-de-cabrera-de-mar-y-los-peligros-de-la-vigilancia-biometrica\\\/#breadcrumb\"},\"inLanguage\":\"en-GB\",\"potentialAction\":[{\"@type\":\"ReadAction\",\"target\":[\"https:\\\/\\\/www.revistarambla.com\\\/reconocimiento-facial-en-el-trabajo-la-multa-de-cabrera-de-mar-y-los-peligros-de-la-vigilancia-biometrica\\\/\"]}]},{\"@type\":\"ImageObject\",\"inLanguage\":\"en-GB\",\"@id\":\"https:\\\/\\\/www.revistarambla.com\\\/reconocimiento-facial-en-el-trabajo-la-multa-de-cabrera-de-mar-y-los-peligros-de-la-vigilancia-biometrica\\\/#primaryimage\",\"url\":\"https:\\\/\\\/www.revistarambla.com\\\/wp-content\\\/uploads\\\/2025\\\/07\\\/Reconocimiento-facial-cabrera-de-mar.jpg\",\"contentUrl\":\"https:\\\/\\\/www.revistarambla.com\\\/wp-content\\\/uploads\\\/2025\\\/07\\\/Reconocimiento-facial-cabrera-de-mar.jpg\",\"width\":1024,\"height\":683,\"caption\":\"Reconocimiento facial cabrera de mar\"},{\"@type\":\"BreadcrumbList\",\"@id\":\"https:\\\/\\\/www.revistarambla.com\\\/reconocimiento-facial-en-el-trabajo-la-multa-de-cabrera-de-mar-y-los-peligros-de-la-vigilancia-biometrica\\\/#breadcrumb\",\"itemListElement\":[{\"@type\":\"ListItem\",\"position\":1,\"name\":\"Portada\",\"item\":\"https:\\\/\\\/www.revistarambla.com\\\/\"},{\"@type\":\"ListItem\",\"position\":2,\"name\":\"Reconocimiento facial en el trabajo: la multa de Cabrera de Mar y los peligros de la vigilancia biom\u00e9trica\"}]},{\"@type\":\"WebSite\",\"@id\":\"https:\\\/\\\/www.revistarambla.com\\\/#website\",\"url\":\"https:\\\/\\\/www.revistarambla.com\\\/\",\"name\":\"Revista Rambla Barcelona\",\"description\":\"Periodismo independiente\",\"publisher\":{\"@id\":\"https:\\\/\\\/www.revistarambla.com\\\/#organization\"},\"potentialAction\":[{\"@type\":\"SearchAction\",\"target\":{\"@type\":\"EntryPoint\",\"urlTemplate\":\"https:\\\/\\\/www.revistarambla.com\\\/?s={search_term_string}\"},\"query-input\":{\"@type\":\"PropertyValueSpecification\",\"valueRequired\":true,\"valueName\":\"search_term_string\"}}],\"inLanguage\":\"en-GB\"},{\"@type\":\"Organization\",\"@id\":\"https:\\\/\\\/www.revistarambla.com\\\/#organization\",\"name\":\"Revista Rambla\",\"url\":\"https:\\\/\\\/www.revistarambla.com\\\/\",\"logo\":{\"@type\":\"ImageObject\",\"inLanguage\":\"en-GB\",\"@id\":\"https:\\\/\\\/www.revistarambla.com\\\/#\\\/schema\\\/logo\\\/image\\\/\",\"url\":\"https:\\\/\\\/www.revistarambla.com\\\/wp-content\\\/uploads\\\/2020\\\/09\\\/banner_rambla_1900x600_BB.png\",\"contentUrl\":\"https:\\\/\\\/www.revistarambla.com\\\/wp-content\\\/uploads\\\/2020\\\/09\\\/banner_rambla_1900x600_BB.png\",\"width\":1900,\"height\":600,\"caption\":\"Revista Rambla\"},\"image\":{\"@id\":\"https:\\\/\\\/www.revistarambla.com\\\/#\\\/schema\\\/logo\\\/image\\\/\"},\"sameAs\":[\"https:\\\/\\\/www.facebook.com\\\/revistarambla\\\/\",\"https:\\\/\\\/x.com\\\/revistarambla\",\"https:\\\/\\\/www.instagram.com\\\/revista_rambla\",\"https:\\\/\\\/es.linkedin.com\\\/company\\\/revista-rambla\"]},{\"@type\":\"Person\",\"@id\":\"https:\\\/\\\/www.revistarambla.com\\\/#\\\/schema\\\/person\\\/a146a5a2550b94981a75131180e1bd9c\",\"name\":\"R@mbla\",\"description\":\"Este art\u00edculo ha sido redactado y\\\/o validado por el equipo de redacci\u00f3n de Revista Rambla.\",\"sameAs\":[\"https:\\\/\\\/www.revistarambla.com\\\/\",\"https:\\\/\\\/www.facebook.com\\\/revistarambla\",\"https:\\\/\\\/x.com\\\/revistarambla\"]}]}<\/script>\n<!-- \/ Yoast SEO plugin. -->","yoast_head_json":{"title":"Reconocimiento facial en el trabajo: la multa de Cabrera de Mar y los peligros de la vigilancia biom\u00e9trica - Revista Rambla","robots":{"index":"index","follow":"follow","max-snippet":"max-snippet:-1","max-image-preview":"max-image-preview:large","max-video-preview":"max-video-preview:-1"},"canonical":"https:\/\/www.revistarambla.com\/en\/reconocimiento-facial-en-el-trabajo-la-multa-de-cabrera-de-mar-y-los-peligros-de-la-vigilancia-biometrica\/","og_locale":"en_GB","og_type":"article","og_title":"Reconocimiento facial en el trabajo: la multa de Cabrera de Mar y los peligros de la vigilancia biom\u00e9trica - Revista Rambla","og_description":"En un mundo cada vez m\u00e1s digitalizado, las tecnolog\u00edas de reconocimiento facial han ganado terreno en diversos \u00e1mbitos, desde la seguridad hasta la gesti\u00f3n laboral. Sin embargo, su uso indiscriminado y sin una base jur\u00eddica s\u00f3lida ha levantado alarmas en materia de privacidad y derechos fundamentales. Un caso reciente en [&hellip;]","og_url":"https:\/\/www.revistarambla.com\/en\/reconocimiento-facial-en-el-trabajo-la-multa-de-cabrera-de-mar-y-los-peligros-de-la-vigilancia-biometrica\/","og_site_name":"Revista Rambla","article_publisher":"https:\/\/www.facebook.com\/revistarambla\/","article_author":"https:\/\/www.facebook.com\/revistarambla","article_published_time":"2025-07-26T10:32:03+00:00","og_image":[{"width":1024,"height":683,"url":"https:\/\/www.revistarambla.com\/wp-content\/uploads\/2025\/07\/Reconocimiento-facial-cabrera-de-mar.jpg","type":"image\/jpeg"}],"author":"R@mbla","twitter_card":"summary_large_image","twitter_creator":"@revistarambla","twitter_site":"@revistarambla","twitter_misc":{"Written by":"R@mbla","Estimated reading time":"7 minutes"},"schema":{"@context":"https:\/\/schema.org","@graph":[{"@type":"Article","@id":"https:\/\/www.revistarambla.com\/reconocimiento-facial-en-el-trabajo-la-multa-de-cabrera-de-mar-y-los-peligros-de-la-vigilancia-biometrica\/#article","isPartOf":{"@id":"https:\/\/www.revistarambla.com\/reconocimiento-facial-en-el-trabajo-la-multa-de-cabrera-de-mar-y-los-peligros-de-la-vigilancia-biometrica\/"},"author":{"name":"R@mbla","@id":"https:\/\/www.revistarambla.com\/#\/schema\/person\/a146a5a2550b94981a75131180e1bd9c"},"headline":"Reconocimiento facial en el trabajo: la multa de Cabrera de Mar y los peligros de la vigilancia biom\u00e9trica","datePublished":"2025-07-26T10:32:03+00:00","mainEntityOfPage":{"@id":"https:\/\/www.revistarambla.com\/reconocimiento-facial-en-el-trabajo-la-multa-de-cabrera-de-mar-y-los-peligros-de-la-vigilancia-biometrica\/"},"wordCount":1548,"publisher":{"@id":"https:\/\/www.revistarambla.com\/#organization"},"image":{"@id":"https:\/\/www.revistarambla.com\/reconocimiento-facial-en-el-trabajo-la-multa-de-cabrera-de-mar-y-los-peligros-de-la-vigilancia-biometrica\/#primaryimage"},"thumbnailUrl":"https:\/\/www.revistarambla.com\/wp-content\/uploads\/2025\/07\/Reconocimiento-facial-cabrera-de-mar.jpg","articleSection":["Catalunya"],"inLanguage":"en-GB"},{"@type":"WebPage","@id":"https:\/\/www.revistarambla.com\/reconocimiento-facial-en-el-trabajo-la-multa-de-cabrera-de-mar-y-los-peligros-de-la-vigilancia-biometrica\/","url":"https:\/\/www.revistarambla.com\/reconocimiento-facial-en-el-trabajo-la-multa-de-cabrera-de-mar-y-los-peligros-de-la-vigilancia-biometrica\/","name":"Reconocimiento facial en el trabajo: la multa de Cabrera de Mar y los peligros de la vigilancia biom\u00e9trica - Revista Rambla","isPartOf":{"@id":"https:\/\/www.revistarambla.com\/#website"},"primaryImageOfPage":{"@id":"https:\/\/www.revistarambla.com\/reconocimiento-facial-en-el-trabajo-la-multa-de-cabrera-de-mar-y-los-peligros-de-la-vigilancia-biometrica\/#primaryimage"},"image":{"@id":"https:\/\/www.revistarambla.com\/reconocimiento-facial-en-el-trabajo-la-multa-de-cabrera-de-mar-y-los-peligros-de-la-vigilancia-biometrica\/#primaryimage"},"thumbnailUrl":"https:\/\/www.revistarambla.com\/wp-content\/uploads\/2025\/07\/Reconocimiento-facial-cabrera-de-mar.jpg","datePublished":"2025-07-26T10:32:03+00:00","breadcrumb":{"@id":"https:\/\/www.revistarambla.com\/reconocimiento-facial-en-el-trabajo-la-multa-de-cabrera-de-mar-y-los-peligros-de-la-vigilancia-biometrica\/#breadcrumb"},"inLanguage":"en-GB","potentialAction":[{"@type":"ReadAction","target":["https:\/\/www.revistarambla.com\/reconocimiento-facial-en-el-trabajo-la-multa-de-cabrera-de-mar-y-los-peligros-de-la-vigilancia-biometrica\/"]}]},{"@type":"ImageObject","inLanguage":"en-GB","@id":"https:\/\/www.revistarambla.com\/reconocimiento-facial-en-el-trabajo-la-multa-de-cabrera-de-mar-y-los-peligros-de-la-vigilancia-biometrica\/#primaryimage","url":"https:\/\/www.revistarambla.com\/wp-content\/uploads\/2025\/07\/Reconocimiento-facial-cabrera-de-mar.jpg","contentUrl":"https:\/\/www.revistarambla.com\/wp-content\/uploads\/2025\/07\/Reconocimiento-facial-cabrera-de-mar.jpg","width":1024,"height":683,"caption":"Reconocimiento facial cabrera de mar"},{"@type":"BreadcrumbList","@id":"https:\/\/www.revistarambla.com\/reconocimiento-facial-en-el-trabajo-la-multa-de-cabrera-de-mar-y-los-peligros-de-la-vigilancia-biometrica\/#breadcrumb","itemListElement":[{"@type":"ListItem","position":1,"name":"Portada","item":"https:\/\/www.revistarambla.com\/"},{"@type":"ListItem","position":2,"name":"Reconocimiento facial en el trabajo: la multa de Cabrera de Mar y los peligros de la vigilancia biom\u00e9trica"}]},{"@type":"WebSite","@id":"https:\/\/www.revistarambla.com\/#website","url":"https:\/\/www.revistarambla.com\/","name":"Revista Rambla Barcelona","description":"Periodismo independiente","publisher":{"@id":"https:\/\/www.revistarambla.com\/#organization"},"potentialAction":[{"@type":"SearchAction","target":{"@type":"EntryPoint","urlTemplate":"https:\/\/www.revistarambla.com\/?s={search_term_string}"},"query-input":{"@type":"PropertyValueSpecification","valueRequired":true,"valueName":"search_term_string"}}],"inLanguage":"en-GB"},{"@type":"Organization","@id":"https:\/\/www.revistarambla.com\/#organization","name":"Revista Rambla","url":"https:\/\/www.revistarambla.com\/","logo":{"@type":"ImageObject","inLanguage":"en-GB","@id":"https:\/\/www.revistarambla.com\/#\/schema\/logo\/image\/","url":"https:\/\/www.revistarambla.com\/wp-content\/uploads\/2020\/09\/banner_rambla_1900x600_BB.png","contentUrl":"https:\/\/www.revistarambla.com\/wp-content\/uploads\/2020\/09\/banner_rambla_1900x600_BB.png","width":1900,"height":600,"caption":"Revista Rambla"},"image":{"@id":"https:\/\/www.revistarambla.com\/#\/schema\/logo\/image\/"},"sameAs":["https:\/\/www.facebook.com\/revistarambla\/","https:\/\/x.com\/revistarambla","https:\/\/www.instagram.com\/revista_rambla","https:\/\/es.linkedin.com\/company\/revista-rambla"]},{"@type":"Person","@id":"https:\/\/www.revistarambla.com\/#\/schema\/person\/a146a5a2550b94981a75131180e1bd9c","name":"R@mbla","description":"Este art\u00edculo ha sido redactado y\/o validado por el equipo de redacci\u00f3n de Revista Rambla.","sameAs":["https:\/\/www.revistarambla.com\/","https:\/\/www.facebook.com\/revistarambla","https:\/\/x.com\/revistarambla"]}]}},"_links":{"self":[{"href":"https:\/\/www.revistarambla.com\/en\/wp-json\/wp\/v2\/posts\/65882","targetHints":{"allow":["GET"]}}],"collection":[{"href":"https:\/\/www.revistarambla.com\/en\/wp-json\/wp\/v2\/posts"}],"about":[{"href":"https:\/\/www.revistarambla.com\/en\/wp-json\/wp\/v2\/types\/post"}],"author":[{"embeddable":true,"href":"https:\/\/www.revistarambla.com\/en\/wp-json\/wp\/v2\/users\/3"}],"replies":[{"embeddable":true,"href":"https:\/\/www.revistarambla.com\/en\/wp-json\/wp\/v2\/comments?post=65882"}],"version-history":[{"count":1,"href":"https:\/\/www.revistarambla.com\/en\/wp-json\/wp\/v2\/posts\/65882\/revisions"}],"predecessor-version":[{"id":65884,"href":"https:\/\/www.revistarambla.com\/en\/wp-json\/wp\/v2\/posts\/65882\/revisions\/65884"}],"wp:featuredmedia":[{"embeddable":true,"href":"https:\/\/www.revistarambla.com\/en\/wp-json\/wp\/v2\/media\/65883"}],"wp:attachment":[{"href":"https:\/\/www.revistarambla.com\/en\/wp-json\/wp\/v2\/media?parent=65882"}],"wp:term":[{"taxonomy":"category","embeddable":true,"href":"https:\/\/www.revistarambla.com\/en\/wp-json\/wp\/v2\/categories?post=65882"},{"taxonomy":"post_tag","embeddable":true,"href":"https:\/\/www.revistarambla.com\/en\/wp-json\/wp\/v2\/tags?post=65882"}],"curies":[{"name":"wp","href":"https:\/\/api.w.org\/{rel}","templated":true}]}}