{"id":65879,"date":"2025-07-26T12:26:24","date_gmt":"2025-07-26T10:26:24","guid":{"rendered":"https:\/\/www.revistarambla.com\/?p=65879"},"modified":"2025-07-27T11:43:55","modified_gmt":"2025-07-27T09:43:55","slug":"la-ryder-cup-2031-en-cataluna-un-gasto-cuestionable-de-30-millones-de-euros","status":"publish","type":"post","link":"https:\/\/www.revistarambla.com\/en\/la-ryder-cup-2031-en-cataluna-un-gasto-cuestionable-de-30-millones-de-euros\/","title":{"rendered":"La Ryder Cup 2031 en Catalu\u00f1a: Un gasto cuestionable de 30 millones de euros"},"content":{"rendered":"<p>La reciente confirmaci\u00f3n de que la Ryder Cup 2031 se celebrar\u00e1 en el Camiral Golf &amp; Wellness de Caldes de Malavella, Girona, ha generado tanto entusiasmo como controversia. La Generalitat de Catalu\u00f1a ha comprometido una inversi\u00f3n de 30 millones de euros, financiada a trav\u00e9s de la tasa tur\u00edstica, para respaldar este evento deportivo de renombre mundial. Si bien la Ryder Cup es una competici\u00f3n de golf prestigiosa que atrae a una audiencia global y promete beneficios econ\u00f3micos significativos, la decisi\u00f3n de destinar una suma tan considerable de fondos p\u00fablicos a este proyecto plantea serias dudas sobre las prioridades del gobierno catal\u00e1n, especialmente en un contexto de necesidades sociales y econ\u00f3micas urgentes. <em>Revista Rambla<\/em> analiza cr\u00edticamente esta inversi\u00f3n, argumentando que los 30 millones de euros podr\u00edan destinarse a \u00e1reas m\u00e1s prioritarias y que la narrativa de los beneficios econ\u00f3micos proyectados debe ser examinada con escepticismo.<\/p>\n<h2>El contexto econ\u00f3mico y social de Catalu\u00f1a<\/h2>\n<p>Catalu\u00f1a, como muchas otras regiones, enfrenta desaf\u00edos estructurales que requieren una asignaci\u00f3n cuidadosa de los recursos p\u00fablicos. La sanidad, la educaci\u00f3n, la vivienda asequible y la lucha contra el cambio clim\u00e1tico son solo algunas de las \u00e1reas donde la inversi\u00f3n p\u00fablica es crucial. En un momento en que los servicios p\u00fablicos est\u00e1n bajo presi\u00f3n, con listas de espera en los hospitales, escuelas que necesitan mejoras estructurales y un creciente problema de acceso a la vivienda, la decisi\u00f3n de gastar 30 millones de euros en un evento deportivo de \u00e9lite parece desalineada con las necesidades reales de la poblaci\u00f3n.<\/p>\n<p>Adem\u00e1s, la memoria reciente de la Copa Am\u00e9rica de vela, que no cumpli\u00f3 con las expectativas econ\u00f3micas prometidas, deber\u00eda servir como advertencia. La Generalitat y otras instituciones han destacado que la Ryder Cup generar\u00e1 un impacto econ\u00f3mico de hasta 1.300 millones de euros, seg\u00fan estimaciones de Foment del Treball. Sin embargo, estas proyecciones suelen ser optimistas y no siempre se materializan, como se vio con la Copa Am\u00e9rica. La experiencia de otros grandes eventos deportivos, tanto en Catalu\u00f1a como en otros lugares, sugiere que los beneficios econ\u00f3micos a menudo se concentran en sectores espec\u00edficos, como el turismo de lujo, mientras que los costos recaen en gran medida sobre los contribuyentes.<\/p>\n<h2>La narrativa de los beneficios econ\u00f3micos: \u00bfRealidad o espejismo?<\/h2>\n<p>La Generalitat, junto con otras entidades como Foment del Treball, ha defendido la Ryder Cup como una oportunidad para posicionar a Catalu\u00f1a como un referente internacional en turismo y deportes. Se argumenta que el evento atraer\u00e1 a unos 300.000 visitantes y generar\u00e1 un millar de empleos, adem\u00e1s de un impacto econ\u00f3mico a largo plazo en el turismo de golf. Sin embargo, estas cifras deben ser examinadas con cautela. Los estudios de impacto econ\u00f3mico de grandes eventos deportivos tienden a sobreestimar los beneficios al no considerar los costos indirectos, como el desplazamiento de turistas regulares, el aumento de los precios locales durante el evento o los gastos adicionales en infraestructura que no siempre tienen un uso sostenido tras la competici\u00f3n.<\/p>\n<p>Por ejemplo, la Ryder Cup de 2023 en Roma gener\u00f3 un impacto econ\u00f3mico estimado de 260 millones de euros durante la semana del evento, seg\u00fan fuentes oficiales. Aunque esta cifra es significativa, no se compara con los 1.300 millones proyectados para Catalu\u00f1a, lo que sugiere un optimismo exagerado. Adem\u00e1s, los beneficios econ\u00f3micos suelen concentrarse en \u00e1reas espec\u00edficas, como hoteles de lujo, restaurantes de alta gama y el propio resort de Camiral, mientras que las comunidades locales a menudo ven pocos beneficios tangibles. En el caso de Caldes de Malavella, una localidad relativamente peque\u00f1a, es poco probable que el impacto econ\u00f3mico se extienda de manera significativa m\u00e1s all\u00e1 de los sectores directamente relacionados con el evento.<\/p>\n<h2>El impacto ambiental: Un punto ciego en la planificaci\u00f3n<\/h2>\n<p>Otro aspecto cr\u00edtico es el impacto ambiental de la Ryder Cup. Aunque la Generalitat y los organizadores han enfatizado que el Camiral Golf utiliza agua regenerada para el riego de sus campos, lo que mitiga las preocupaciones sobre el uso del agua en un contexto de sequ\u00eda recurrente en Catalu\u00f1a, esta medida no aborda completamente las implicaciones ambientales del evento. La construcci\u00f3n de infraestructura adicional, como gradas y carpas, y el aumento del tr\u00e1fico de visitantes generar\u00e1n una huella de carbono significativa. Adem\u00e1s, el modelo de turismo de golf, que a menudo est\u00e1 orientado a un p\u00fablico de alto poder adquisitivo, no siempre se alinea con los principios de sostenibilidad que el gobierno catal\u00e1n dice promover.<\/p>\n<p>Plataformas de vecinos y partidos como la CUP han expresado su oposici\u00f3n al proyecto, denunciando el impacto ambiental y el modelo de deporte elitista que representa la Ryder Cup. Estas cr\u00edticas no deben ser descartadas como meras posturas ideol\u00f3gicas; reflejan preocupaciones leg\u00edtimas sobre c\u00f3mo los recursos p\u00fablicos se utilizan para promover eventos que benefician a una minor\u00eda mientras se ignoran problemas estructurales como la gesti\u00f3n del agua y la protecci\u00f3n del medio ambiente en una regi\u00f3n vulnerable al cambio clim\u00e1tico.<\/p>\n<h2>La cuesti\u00f3n de las prioridades: \u00bfUn evento de \u00e9lite o necesidades b\u00e1sicas?<\/h2>\n<p>La decisi\u00f3n de financiar la Ryder Cup con 30 millones de euros provenientes de la tasa tur\u00edstica plantea preguntas sobre las prioridades del gobierno. La tasa tur\u00edstica, dise\u00f1ada para mitigar el impacto del turismo en Catalu\u00f1a, deber\u00eda destinarse a proyectos que beneficien directamente a la poblaci\u00f3n local, como la mejora de infraestructuras p\u00fablicas, la promoci\u00f3n del turismo sostenible o la conservaci\u00f3n del patrimonio cultural y natural. En cambio, se est\u00e1 utilizando para financiar un evento que, aunque de alto perfil, tiene un alcance limitado en t\u00e9rminos de impacto social.<\/p>\n<p>Por ejemplo, 30 millones de euros podr\u00edan financiar la construcci\u00f3n o renovaci\u00f3n de varias escuelas, la contrataci\u00f3n de personal sanitario para reducir las listas de espera o la implementaci\u00f3n de programas de vivienda asequible para j\u00f3venes y familias de bajos ingresos. Estas inversiones tendr\u00edan un impacto directo y duradero en la calidad de vida de los catalanes, a diferencia de un evento de tres d\u00edas que, aunque prestigioso, beneficia principalmente a una \u00e9lite econ\u00f3mica y deportiva.<\/p>\n<h2>La colaboraci\u00f3n p\u00fablico-privada: \u00bfQui\u00e9n paga y qui\u00e9n gana?<\/h2>\n<p>La Ryder Cup se presenta como un ejemplo de colaboraci\u00f3n p\u00fablico-privada, con aportaciones de la Generalitat, el Consejo Superior de Deportes, las diputaciones de Barcelona y Girona, el ayuntamiento de Caldes de Malavella y patrocinadores privados. Sin embargo, esta colaboraci\u00f3n plantea preocupaciones sobre qui\u00e9n asume los riesgos y qui\u00e9n obtiene los beneficios. Mientras que los fondos p\u00fablicos, incluidos los 30 millones de la Generalitat, representan un compromiso financiero significativo, gran parte de los beneficios econ\u00f3micos recaer\u00e1n en el sector privado, especialmente en el propietario del Camiral Golf, Denis O&#8217;Brien, y en las empresas asociadas con el turismo de lujo.<\/p>\n<p>Esta din\u00e1mica no es nueva. En muchos casos, los eventos deportivos de gran escala se justifican con promesas de beneficios econ\u00f3micos, pero los costos iniciales y los riesgos financieros recaen sobre los contribuyentes. Si las proyecciones econ\u00f3micas no se cumplen, como ocurri\u00f3 con la Copa Am\u00e9rica de vela, el sector p\u00fablico absorber\u00e1 las p\u00e9rdidas, mientras que los beneficios, si los hay, se concentrar\u00e1n en manos privadas.<\/p>\n<h2>La promoci\u00f3n cultural: Una oportunidad perdida<\/h2>\n<p>Otro argumento a favor de la Ryder Cup es que promover\u00e1 la cultura catalana, con compromisos como la retransmisi\u00f3n del evento en catal\u00e1n y la proyecci\u00f3n internacional de la Costa Brava y Barcelona. Sin embargo, esta narrativa ignora el hecho de que la Ryder Cup, como evento global, tiende a homogeneizar la experiencia cultural en favor de una imagen estandarizada de lujo y exclusividad. La promoci\u00f3n de Catalu\u00f1a como destino tur\u00edstico de \u00e9lite puede beneficiar a ciertos sectores, pero no necesariamente refleja la diversidad y riqueza cultural de la regi\u00f3n.<\/p>\n<p>En lugar de invertir en un evento que refuerza una imagen elitista, la Generalitat podr\u00eda destinar recursos a iniciativas que promuevan el patrimonio cultural catal\u00e1n de manera m\u00e1s inclusiva, como festivales locales, programas educativos o proyectos de conservaci\u00f3n. Estas iniciativas no solo tendr\u00edan un impacto m\u00e1s duradero, sino que tambi\u00e9n beneficiar\u00edan a un espectro m\u00e1s amplio de la poblaci\u00f3n.<\/p>\n<h2>Un gasto que debe ser reevaluado<\/h2>\n<p>La decisi\u00f3n de la Generalitat de invertir 30 millones de euros en la Ryder Cup 2031 es, en el mejor de los casos, cuestionable. Aunque el evento tiene el potencial de generar beneficios econ\u00f3micos y de proyectar una imagen positiva de Catalu\u00f1a a nivel internacional, las proyecciones optimistas deben ser tomadas con escepticismo, especialmente a la luz de experiencias previas como la Copa Am\u00e9rica de vela. Los costos ambientales, la falta de priorizaci\u00f3n de necesidades sociales urgentes y la distribuci\u00f3n desigual de los beneficios econ\u00f3micos sugieren que esta inversi\u00f3n no es la mejor manera de utilizar los recursos p\u00fablicos.<\/p>\n<p>Catalu\u00f1a enfrenta desaf\u00edos complejos que requieren un enfoque estrat\u00e9gico y equitativo en la asignaci\u00f3n de fondos. En lugar de apostar por un evento de \u00e9lite que beneficia a unos pocos, la Generalitat deber\u00eda reconsiderar sus prioridades y destinar estos recursos a proyectos que aborden las necesidades reales de la poblaci\u00f3n, promuevan la sostenibilidad y fortalezcan el tejido social y econ\u00f3mico de la regi\u00f3n. La Ryder Cup puede ser un espect\u00e1culo impresionante, pero su brillo no debe eclipsar las verdaderas necesidades de los catalanes.<\/p>","protected":false},"excerpt":{"rendered":"<p>La reciente confirmaci\u00f3n de que la Ryder Cup 2031 se celebrar\u00e1 en el Camiral Golf &amp; Wellness de Caldes de Malavella, Girona, ha generado tanto entusiasmo como controversia. La Generalitat de Catalu\u00f1a ha comprometido una inversi\u00f3n de 30 millones de euros, financiada a trav\u00e9s de la tasa tur\u00edstica, para respaldar [&hellip;]<\/p>\n","protected":false},"author":3,"featured_media":65880,"comment_status":"closed","ping_status":"closed","sticky":false,"template":"","format":"standard","meta":{"footnotes":""},"categories":[59],"tags":[],"class_list":["post-65879","post","type-post","status-publish","format-standard","has-post-thumbnail","hentry","category-catalunya"],"yoast_head":"<!-- This site is optimized with the Yoast SEO plugin v27.5 - https:\/\/yoast.com\/product\/yoast-seo-wordpress\/ -->\n<title>La Ryder Cup 2031 en Catalu\u00f1a: Un gasto cuestionable de 30 millones de euros - Revista Rambla<\/title>\n<meta name=\"robots\" content=\"index, follow, max-snippet:-1, max-image-preview:large, max-video-preview:-1\" \/>\n<link rel=\"canonical\" href=\"https:\/\/www.revistarambla.com\/en\/la-ryder-cup-2031-en-cataluna-un-gasto-cuestionable-de-30-millones-de-euros\/\" \/>\n<meta property=\"og:locale\" content=\"en_GB\" \/>\n<meta property=\"og:type\" content=\"article\" \/>\n<meta property=\"og:title\" content=\"La Ryder Cup 2031 en Catalu\u00f1a: Un gasto cuestionable de 30 millones de euros - Revista Rambla\" \/>\n<meta property=\"og:description\" content=\"La reciente confirmaci\u00f3n de que la Ryder Cup 2031 se celebrar\u00e1 en el Camiral Golf &amp; Wellness de Caldes de Malavella, Girona, ha generado tanto entusiasmo como controversia. La Generalitat de Catalu\u00f1a ha comprometido una inversi\u00f3n de 30 millones de euros, financiada a trav\u00e9s de la tasa tur\u00edstica, para respaldar [&hellip;]\" \/>\n<meta property=\"og:url\" content=\"https:\/\/www.revistarambla.com\/en\/la-ryder-cup-2031-en-cataluna-un-gasto-cuestionable-de-30-millones-de-euros\/\" \/>\n<meta property=\"og:site_name\" content=\"Revista Rambla\" \/>\n<meta property=\"article:publisher\" content=\"https:\/\/www.facebook.com\/revistarambla\/\" \/>\n<meta property=\"article:author\" content=\"https:\/\/www.facebook.com\/revistarambla\" \/>\n<meta property=\"article:published_time\" content=\"2025-07-26T10:26:24+00:00\" \/>\n<meta property=\"article:modified_time\" content=\"2025-07-27T09:43:55+00:00\" \/>\n<meta property=\"og:image\" content=\"https:\/\/www.revistarambla.com\/wp-content\/uploads\/2025\/07\/ryder-cup-cataluna.jpg\" \/>\n\t<meta property=\"og:image:width\" content=\"1024\" \/>\n\t<meta property=\"og:image:height\" content=\"683\" \/>\n\t<meta property=\"og:image:type\" content=\"image\/jpeg\" \/>\n<meta name=\"author\" content=\"R@mbla\" \/>\n<meta name=\"twitter:card\" content=\"summary_large_image\" \/>\n<meta name=\"twitter:creator\" content=\"@revistarambla\" \/>\n<meta name=\"twitter:site\" content=\"@revistarambla\" \/>\n<meta name=\"twitter:label1\" content=\"Written by\" \/>\n\t<meta name=\"twitter:data1\" content=\"R@mbla\" \/>\n\t<meta name=\"twitter:label2\" content=\"Estimated reading time\" \/>\n\t<meta name=\"twitter:data2\" content=\"8 minutes\" \/>\n<script type=\"application\/ld+json\" class=\"yoast-schema-graph\">{\"@context\":\"https:\\\/\\\/schema.org\",\"@graph\":[{\"@type\":\"Article\",\"@id\":\"https:\\\/\\\/www.revistarambla.com\\\/la-ryder-cup-2031-en-cataluna-un-gasto-cuestionable-de-30-millones-de-euros\\\/#article\",\"isPartOf\":{\"@id\":\"https:\\\/\\\/www.revistarambla.com\\\/la-ryder-cup-2031-en-cataluna-un-gasto-cuestionable-de-30-millones-de-euros\\\/\"},\"author\":{\"name\":\"R@mbla\",\"@id\":\"https:\\\/\\\/www.revistarambla.com\\\/#\\\/schema\\\/person\\\/a146a5a2550b94981a75131180e1bd9c\"},\"headline\":\"La Ryder Cup 2031 en Catalu\u00f1a: Un gasto cuestionable de 30 millones de euros\",\"datePublished\":\"2025-07-26T10:26:24+00:00\",\"dateModified\":\"2025-07-27T09:43:55+00:00\",\"mainEntityOfPage\":{\"@id\":\"https:\\\/\\\/www.revistarambla.com\\\/la-ryder-cup-2031-en-cataluna-un-gasto-cuestionable-de-30-millones-de-euros\\\/\"},\"wordCount\":1654,\"publisher\":{\"@id\":\"https:\\\/\\\/www.revistarambla.com\\\/#organization\"},\"image\":{\"@id\":\"https:\\\/\\\/www.revistarambla.com\\\/la-ryder-cup-2031-en-cataluna-un-gasto-cuestionable-de-30-millones-de-euros\\\/#primaryimage\"},\"thumbnailUrl\":\"https:\\\/\\\/www.revistarambla.com\\\/wp-content\\\/uploads\\\/2025\\\/07\\\/ryder-cup-cataluna.jpg\",\"articleSection\":[\"Catalunya\"],\"inLanguage\":\"en-GB\"},{\"@type\":\"WebPage\",\"@id\":\"https:\\\/\\\/www.revistarambla.com\\\/la-ryder-cup-2031-en-cataluna-un-gasto-cuestionable-de-30-millones-de-euros\\\/\",\"url\":\"https:\\\/\\\/www.revistarambla.com\\\/la-ryder-cup-2031-en-cataluna-un-gasto-cuestionable-de-30-millones-de-euros\\\/\",\"name\":\"La Ryder Cup 2031 en Catalu\u00f1a: Un gasto cuestionable de 30 millones de euros - Revista Rambla\",\"isPartOf\":{\"@id\":\"https:\\\/\\\/www.revistarambla.com\\\/#website\"},\"primaryImageOfPage\":{\"@id\":\"https:\\\/\\\/www.revistarambla.com\\\/la-ryder-cup-2031-en-cataluna-un-gasto-cuestionable-de-30-millones-de-euros\\\/#primaryimage\"},\"image\":{\"@id\":\"https:\\\/\\\/www.revistarambla.com\\\/la-ryder-cup-2031-en-cataluna-un-gasto-cuestionable-de-30-millones-de-euros\\\/#primaryimage\"},\"thumbnailUrl\":\"https:\\\/\\\/www.revistarambla.com\\\/wp-content\\\/uploads\\\/2025\\\/07\\\/ryder-cup-cataluna.jpg\",\"datePublished\":\"2025-07-26T10:26:24+00:00\",\"dateModified\":\"2025-07-27T09:43:55+00:00\",\"breadcrumb\":{\"@id\":\"https:\\\/\\\/www.revistarambla.com\\\/la-ryder-cup-2031-en-cataluna-un-gasto-cuestionable-de-30-millones-de-euros\\\/#breadcrumb\"},\"inLanguage\":\"en-GB\",\"potentialAction\":[{\"@type\":\"ReadAction\",\"target\":[\"https:\\\/\\\/www.revistarambla.com\\\/la-ryder-cup-2031-en-cataluna-un-gasto-cuestionable-de-30-millones-de-euros\\\/\"]}]},{\"@type\":\"ImageObject\",\"inLanguage\":\"en-GB\",\"@id\":\"https:\\\/\\\/www.revistarambla.com\\\/la-ryder-cup-2031-en-cataluna-un-gasto-cuestionable-de-30-millones-de-euros\\\/#primaryimage\",\"url\":\"https:\\\/\\\/www.revistarambla.com\\\/wp-content\\\/uploads\\\/2025\\\/07\\\/ryder-cup-cataluna.jpg\",\"contentUrl\":\"https:\\\/\\\/www.revistarambla.com\\\/wp-content\\\/uploads\\\/2025\\\/07\\\/ryder-cup-cataluna.jpg\",\"width\":1024,\"height\":683,\"caption\":\"ryder cup catalu\u00f1a\"},{\"@type\":\"BreadcrumbList\",\"@id\":\"https:\\\/\\\/www.revistarambla.com\\\/la-ryder-cup-2031-en-cataluna-un-gasto-cuestionable-de-30-millones-de-euros\\\/#breadcrumb\",\"itemListElement\":[{\"@type\":\"ListItem\",\"position\":1,\"name\":\"Portada\",\"item\":\"https:\\\/\\\/www.revistarambla.com\\\/\"},{\"@type\":\"ListItem\",\"position\":2,\"name\":\"La Ryder Cup 2031 en Catalu\u00f1a: Un gasto cuestionable de 30 millones de euros\"}]},{\"@type\":\"WebSite\",\"@id\":\"https:\\\/\\\/www.revistarambla.com\\\/#website\",\"url\":\"https:\\\/\\\/www.revistarambla.com\\\/\",\"name\":\"Revista Rambla Barcelona\",\"description\":\"Periodismo independiente\",\"publisher\":{\"@id\":\"https:\\\/\\\/www.revistarambla.com\\\/#organization\"},\"potentialAction\":[{\"@type\":\"SearchAction\",\"target\":{\"@type\":\"EntryPoint\",\"urlTemplate\":\"https:\\\/\\\/www.revistarambla.com\\\/?s={search_term_string}\"},\"query-input\":{\"@type\":\"PropertyValueSpecification\",\"valueRequired\":true,\"valueName\":\"search_term_string\"}}],\"inLanguage\":\"en-GB\"},{\"@type\":\"Organization\",\"@id\":\"https:\\\/\\\/www.revistarambla.com\\\/#organization\",\"name\":\"Revista Rambla\",\"url\":\"https:\\\/\\\/www.revistarambla.com\\\/\",\"logo\":{\"@type\":\"ImageObject\",\"inLanguage\":\"en-GB\",\"@id\":\"https:\\\/\\\/www.revistarambla.com\\\/#\\\/schema\\\/logo\\\/image\\\/\",\"url\":\"https:\\\/\\\/www.revistarambla.com\\\/wp-content\\\/uploads\\\/2020\\\/09\\\/banner_rambla_1900x600_BB.png\",\"contentUrl\":\"https:\\\/\\\/www.revistarambla.com\\\/wp-content\\\/uploads\\\/2020\\\/09\\\/banner_rambla_1900x600_BB.png\",\"width\":1900,\"height\":600,\"caption\":\"Revista Rambla\"},\"image\":{\"@id\":\"https:\\\/\\\/www.revistarambla.com\\\/#\\\/schema\\\/logo\\\/image\\\/\"},\"sameAs\":[\"https:\\\/\\\/www.facebook.com\\\/revistarambla\\\/\",\"https:\\\/\\\/x.com\\\/revistarambla\",\"https:\\\/\\\/www.instagram.com\\\/revista_rambla\",\"https:\\\/\\\/es.linkedin.com\\\/company\\\/revista-rambla\"]},{\"@type\":\"Person\",\"@id\":\"https:\\\/\\\/www.revistarambla.com\\\/#\\\/schema\\\/person\\\/a146a5a2550b94981a75131180e1bd9c\",\"name\":\"R@mbla\",\"description\":\"Este art\u00edculo ha sido redactado y\\\/o validado por el equipo de redacci\u00f3n de Revista Rambla.\",\"sameAs\":[\"https:\\\/\\\/www.revistarambla.com\\\/\",\"https:\\\/\\\/www.facebook.com\\\/revistarambla\",\"https:\\\/\\\/x.com\\\/revistarambla\"]}]}<\/script>\n<!-- \/ Yoast SEO plugin. -->","yoast_head_json":{"title":"La Ryder Cup 2031 en Catalu\u00f1a: Un gasto cuestionable de 30 millones de euros - Revista Rambla","robots":{"index":"index","follow":"follow","max-snippet":"max-snippet:-1","max-image-preview":"max-image-preview:large","max-video-preview":"max-video-preview:-1"},"canonical":"https:\/\/www.revistarambla.com\/en\/la-ryder-cup-2031-en-cataluna-un-gasto-cuestionable-de-30-millones-de-euros\/","og_locale":"en_GB","og_type":"article","og_title":"La Ryder Cup 2031 en Catalu\u00f1a: Un gasto cuestionable de 30 millones de euros - Revista Rambla","og_description":"La reciente confirmaci\u00f3n de que la Ryder Cup 2031 se celebrar\u00e1 en el Camiral Golf &amp; Wellness de Caldes de Malavella, Girona, ha generado tanto entusiasmo como controversia. La Generalitat de Catalu\u00f1a ha comprometido una inversi\u00f3n de 30 millones de euros, financiada a trav\u00e9s de la tasa tur\u00edstica, para respaldar [&hellip;]","og_url":"https:\/\/www.revistarambla.com\/en\/la-ryder-cup-2031-en-cataluna-un-gasto-cuestionable-de-30-millones-de-euros\/","og_site_name":"Revista Rambla","article_publisher":"https:\/\/www.facebook.com\/revistarambla\/","article_author":"https:\/\/www.facebook.com\/revistarambla","article_published_time":"2025-07-26T10:26:24+00:00","article_modified_time":"2025-07-27T09:43:55+00:00","og_image":[{"width":1024,"height":683,"url":"https:\/\/www.revistarambla.com\/wp-content\/uploads\/2025\/07\/ryder-cup-cataluna.jpg","type":"image\/jpeg"}],"author":"R@mbla","twitter_card":"summary_large_image","twitter_creator":"@revistarambla","twitter_site":"@revistarambla","twitter_misc":{"Written by":"R@mbla","Estimated reading time":"8 minutes"},"schema":{"@context":"https:\/\/schema.org","@graph":[{"@type":"Article","@id":"https:\/\/www.revistarambla.com\/la-ryder-cup-2031-en-cataluna-un-gasto-cuestionable-de-30-millones-de-euros\/#article","isPartOf":{"@id":"https:\/\/www.revistarambla.com\/la-ryder-cup-2031-en-cataluna-un-gasto-cuestionable-de-30-millones-de-euros\/"},"author":{"name":"R@mbla","@id":"https:\/\/www.revistarambla.com\/#\/schema\/person\/a146a5a2550b94981a75131180e1bd9c"},"headline":"La Ryder Cup 2031 en Catalu\u00f1a: Un gasto cuestionable de 30 millones de euros","datePublished":"2025-07-26T10:26:24+00:00","dateModified":"2025-07-27T09:43:55+00:00","mainEntityOfPage":{"@id":"https:\/\/www.revistarambla.com\/la-ryder-cup-2031-en-cataluna-un-gasto-cuestionable-de-30-millones-de-euros\/"},"wordCount":1654,"publisher":{"@id":"https:\/\/www.revistarambla.com\/#organization"},"image":{"@id":"https:\/\/www.revistarambla.com\/la-ryder-cup-2031-en-cataluna-un-gasto-cuestionable-de-30-millones-de-euros\/#primaryimage"},"thumbnailUrl":"https:\/\/www.revistarambla.com\/wp-content\/uploads\/2025\/07\/ryder-cup-cataluna.jpg","articleSection":["Catalunya"],"inLanguage":"en-GB"},{"@type":"WebPage","@id":"https:\/\/www.revistarambla.com\/la-ryder-cup-2031-en-cataluna-un-gasto-cuestionable-de-30-millones-de-euros\/","url":"https:\/\/www.revistarambla.com\/la-ryder-cup-2031-en-cataluna-un-gasto-cuestionable-de-30-millones-de-euros\/","name":"La Ryder Cup 2031 en Catalu\u00f1a: Un gasto cuestionable de 30 millones de euros - Revista Rambla","isPartOf":{"@id":"https:\/\/www.revistarambla.com\/#website"},"primaryImageOfPage":{"@id":"https:\/\/www.revistarambla.com\/la-ryder-cup-2031-en-cataluna-un-gasto-cuestionable-de-30-millones-de-euros\/#primaryimage"},"image":{"@id":"https:\/\/www.revistarambla.com\/la-ryder-cup-2031-en-cataluna-un-gasto-cuestionable-de-30-millones-de-euros\/#primaryimage"},"thumbnailUrl":"https:\/\/www.revistarambla.com\/wp-content\/uploads\/2025\/07\/ryder-cup-cataluna.jpg","datePublished":"2025-07-26T10:26:24+00:00","dateModified":"2025-07-27T09:43:55+00:00","breadcrumb":{"@id":"https:\/\/www.revistarambla.com\/la-ryder-cup-2031-en-cataluna-un-gasto-cuestionable-de-30-millones-de-euros\/#breadcrumb"},"inLanguage":"en-GB","potentialAction":[{"@type":"ReadAction","target":["https:\/\/www.revistarambla.com\/la-ryder-cup-2031-en-cataluna-un-gasto-cuestionable-de-30-millones-de-euros\/"]}]},{"@type":"ImageObject","inLanguage":"en-GB","@id":"https:\/\/www.revistarambla.com\/la-ryder-cup-2031-en-cataluna-un-gasto-cuestionable-de-30-millones-de-euros\/#primaryimage","url":"https:\/\/www.revistarambla.com\/wp-content\/uploads\/2025\/07\/ryder-cup-cataluna.jpg","contentUrl":"https:\/\/www.revistarambla.com\/wp-content\/uploads\/2025\/07\/ryder-cup-cataluna.jpg","width":1024,"height":683,"caption":"ryder cup catalu\u00f1a"},{"@type":"BreadcrumbList","@id":"https:\/\/www.revistarambla.com\/la-ryder-cup-2031-en-cataluna-un-gasto-cuestionable-de-30-millones-de-euros\/#breadcrumb","itemListElement":[{"@type":"ListItem","position":1,"name":"Portada","item":"https:\/\/www.revistarambla.com\/"},{"@type":"ListItem","position":2,"name":"La Ryder Cup 2031 en Catalu\u00f1a: Un gasto cuestionable de 30 millones de euros"}]},{"@type":"WebSite","@id":"https:\/\/www.revistarambla.com\/#website","url":"https:\/\/www.revistarambla.com\/","name":"Revista Rambla Barcelona","description":"Periodismo independiente","publisher":{"@id":"https:\/\/www.revistarambla.com\/#organization"},"potentialAction":[{"@type":"SearchAction","target":{"@type":"EntryPoint","urlTemplate":"https:\/\/www.revistarambla.com\/?s={search_term_string}"},"query-input":{"@type":"PropertyValueSpecification","valueRequired":true,"valueName":"search_term_string"}}],"inLanguage":"en-GB"},{"@type":"Organization","@id":"https:\/\/www.revistarambla.com\/#organization","name":"Revista Rambla","url":"https:\/\/www.revistarambla.com\/","logo":{"@type":"ImageObject","inLanguage":"en-GB","@id":"https:\/\/www.revistarambla.com\/#\/schema\/logo\/image\/","url":"https:\/\/www.revistarambla.com\/wp-content\/uploads\/2020\/09\/banner_rambla_1900x600_BB.png","contentUrl":"https:\/\/www.revistarambla.com\/wp-content\/uploads\/2020\/09\/banner_rambla_1900x600_BB.png","width":1900,"height":600,"caption":"Revista Rambla"},"image":{"@id":"https:\/\/www.revistarambla.com\/#\/schema\/logo\/image\/"},"sameAs":["https:\/\/www.facebook.com\/revistarambla\/","https:\/\/x.com\/revistarambla","https:\/\/www.instagram.com\/revista_rambla","https:\/\/es.linkedin.com\/company\/revista-rambla"]},{"@type":"Person","@id":"https:\/\/www.revistarambla.com\/#\/schema\/person\/a146a5a2550b94981a75131180e1bd9c","name":"R@mbla","description":"Este art\u00edculo ha sido redactado y\/o validado por el equipo de redacci\u00f3n de Revista Rambla.","sameAs":["https:\/\/www.revistarambla.com\/","https:\/\/www.facebook.com\/revistarambla","https:\/\/x.com\/revistarambla"]}]}},"_links":{"self":[{"href":"https:\/\/www.revistarambla.com\/en\/wp-json\/wp\/v2\/posts\/65879","targetHints":{"allow":["GET"]}}],"collection":[{"href":"https:\/\/www.revistarambla.com\/en\/wp-json\/wp\/v2\/posts"}],"about":[{"href":"https:\/\/www.revistarambla.com\/en\/wp-json\/wp\/v2\/types\/post"}],"author":[{"embeddable":true,"href":"https:\/\/www.revistarambla.com\/en\/wp-json\/wp\/v2\/users\/3"}],"replies":[{"embeddable":true,"href":"https:\/\/www.revistarambla.com\/en\/wp-json\/wp\/v2\/comments?post=65879"}],"version-history":[{"count":1,"href":"https:\/\/www.revistarambla.com\/en\/wp-json\/wp\/v2\/posts\/65879\/revisions"}],"predecessor-version":[{"id":65881,"href":"https:\/\/www.revistarambla.com\/en\/wp-json\/wp\/v2\/posts\/65879\/revisions\/65881"}],"wp:featuredmedia":[{"embeddable":true,"href":"https:\/\/www.revistarambla.com\/en\/wp-json\/wp\/v2\/media\/65880"}],"wp:attachment":[{"href":"https:\/\/www.revistarambla.com\/en\/wp-json\/wp\/v2\/media?parent=65879"}],"wp:term":[{"taxonomy":"category","embeddable":true,"href":"https:\/\/www.revistarambla.com\/en\/wp-json\/wp\/v2\/categories?post=65879"},{"taxonomy":"post_tag","embeddable":true,"href":"https:\/\/www.revistarambla.com\/en\/wp-json\/wp\/v2\/tags?post=65879"}],"curies":[{"name":"wp","href":"https:\/\/api.w.org\/{rel}","templated":true}]}}