{"id":65876,"date":"2025-07-26T12:16:16","date_gmt":"2025-07-26T10:16:16","guid":{"rendered":"https:\/\/www.revistarambla.com\/?p=65876"},"modified":"2025-07-26T12:16:57","modified_gmt":"2025-07-26T10:16:57","slug":"una-ola-de-suicidios-sacude-al-ejercito-israeli-coincidiendo-con-la-guerra-en-gaza","status":"publish","type":"post","link":"https:\/\/www.revistarambla.com\/en\/una-ola-de-suicidios-sacude-al-ejercito-israeli-coincidiendo-con-la-guerra-en-gaza\/","title":{"rendered":"Una ola de suicidios sacude al Ej\u00e9rcito israel\u00ed coincidiendo con la guerra en Gaza"},"content":{"rendered":"<p>Desde el inicio de la ofensiva militar israel\u00ed en la Franja de Gaza en octubre de 2023, el Ej\u00e9rcito de Israel (FDI) enfrenta una crisis sin precedentes: un aumento alarmante en la tasa de suicidios entre sus soldados. Seg\u00fan informes recientes, al menos 44 militares se han quitado la vida desde el comienzo del conflicto, una cifra que supera los registros de a\u00f1os anteriores y que ha encendido las alarmas sobre la salud mental de los uniformados. Este fen\u00f3meno, descrito como un \u00abcoste invisible\u00bb de la guerra, est\u00e1 profundamente ligado a los traumas derivados de las experiencias en el campo de batalla, donde los soldados se enfrentan a im\u00e1genes de muerte, destrucci\u00f3n y sufrimiento humano que resultan dif\u00edciles de procesar.<\/p>\n<h2>Un contexto de guerra prolongada<\/h2>\n<p>La guerra en Gaza, desencadenada por el ataque sorpresa de Ham\u00e1s el 7 de octubre de 2023, ha sido uno de los conflictos m\u00e1s intensos en la historia reciente de Israel. El ataque inicial dej\u00f3 m\u00e1s de 1.200 muertos, en su mayor\u00eda civiles, y m\u00e1s de 240 personas secuestradas, lo que provoc\u00f3 una respuesta militar masiva por parte de Israel. Seg\u00fan datos del Ministerio de Salud de Gaza, hasta julio de 2025, m\u00e1s de 60.000 personas han perdido la vida en el conflicto, con un 80% de las v\u00edctimas palestinas siendo civiles. Por su parte, el Ej\u00e9rcito israel\u00ed reporta la muerte de 893 militares desde el inicio de la invasi\u00f3n terrestre, junto con m\u00e1s de 12.000 heridos, muchos de los cuales sufren lesiones graves o problemas de salud mental, incluido el trastorno de estr\u00e9s postraum\u00e1tico (TEPT).<\/p>\n<p>El impacto psicol\u00f3gico de la guerra no se limita a las bajas f\u00edsicas. Los soldados israel\u00edes, muchos de ellos j\u00f3venes reservistas de entre 19 y 20 a\u00f1os, han sido expuestos a escenas de devastaci\u00f3n extrema: cuerpos bajo escombros, hambre generalizada y combates en entornos urbanos densos como los t\u00faneles de Gaza. Estas experiencias, combinadas con la presi\u00f3n de un servicio militar prolongado y la incertidumbre sobre el fin del conflicto, han contribuido a una crisis de salud mental que se manifiesta en un aumento de los suicidios.<\/p>\n<h2>Historias de trauma y desesperaci\u00f3n<\/h2>\n<p>Uno de los casos m\u00e1s emblem\u00e1ticos es el de Daniel Edri, un joven de 24 a\u00f1os que se quit\u00f3 la vida el 5 de julio de 2025. Edri, quien hab\u00eda servido durante un a\u00f1o consecutivo en Gaza y el L\u00edbano, fue encontrado calcinado dentro de su coche tras sufrir un colapso psicol\u00f3gico. Su familia revel\u00f3 que el joven hab\u00eda sido diagnosticado con TEPT y que, en m\u00faltiples ocasiones, busc\u00f3 ayuda en centros psiqui\u00e1tricos israel\u00edes, siendo rechazado en al menos dos oportunidades. Su madre relat\u00f3 a los medios que Daniel hablaba constantemente del \u00abolor a cuerpos muertos\u00bb y de las im\u00e1genes de horror que lo persegu\u00edan. Este caso no es aislado; seg\u00fan el peri\u00f3dico israel\u00ed <em>Haaretz<\/em>, 15 de los 44 suicidios registrados desde octubre de 2023 ocurrieron en los primeros meses de 2025, lo que indica un aumento significativo respecto al a\u00f1o anterior, cuando se reportaron 21 casos.<\/p>\n<p>Otro incidente reciente, reportado por el Canal 12 de noticias israel\u00ed, involucr\u00f3 a un soldado de la Brigada Nahal que se quit\u00f3 la vida en una base militar en los Altos del Gol\u00e1n el 14 de julio de 2025. Este fue el tercer suicidio en un per\u00edodo de diez d\u00edas, lo que subraya la gravedad de la situaci\u00f3n. Los medios locales han se\u00f1alado que muchos de estos soldados eran reservistas que enfrentaron situaciones traum\u00e1ticas durante el combate, como la p\u00e9rdida de compa\u00f1eros cercanos o la exposici\u00f3n prolongada a la violencia.<\/p>\n<h2>Factores detr\u00e1s de la crisis<\/h2>\n<p>La crisis de salud mental en el Ej\u00e9rcito israel\u00ed tiene m\u00faltiples causas. En primer lugar, la intensidad del conflicto en Gaza ha expuesto a los soldados a niveles extremos de violencia y sufrimiento. Testimonios recopilados por medios como <em>El Confidencial<\/em> describen c\u00f3mo los soldados regresan de Gaza con recuerdos imborrables de hambre, destrucci\u00f3n y muerte. \u00abMuchos sienten que viven dos vidas paralelas: en un lado, ven gente luchando por comida; en el otro, intentan retomar una vida aparentemente normal\u00bb, se\u00f1ala una profesional de la salud entrevistada por <em>El Debate<\/em>. Esta disociaci\u00f3n, combinada con la falta de un horizonte claro para el fin de la guerra, genera una sensaci\u00f3n de desesperanza.<\/p>\n<p>En segundo lugar, la falta de recursos adecuados para tratar los problemas de salud mental agrava la situaci\u00f3n. Aunque el Ej\u00e9rcito israel\u00ed y el gobierno ofrecen programas de apoyo psicol\u00f3gico, muchos soldados reportan que la ayuda es insuficiente o inaccesible. En el caso de Daniel Edri, por ejemplo, sus solicitudes de ingreso a centros psiqui\u00e1tricos fueron denegadas, lo que refleja una brecha en el sistema de atenci\u00f3n. Adem\u00e1s, el estigma asociado con el suicidio y los problemas de salud mental dentro de las Fuerzas de Defensa Israel\u00edes (FDI) dificulta que los soldados busquen ayuda. Mostrar signos de vulnerabilidad es percibido como una debilidad en un entorno donde la fortaleza es un valor central.<\/p>\n<p>Por \u00faltimo, la movilizaci\u00f3n masiva de reservistas ha incrementado la presi\u00f3n sobre los soldados. Desde octubre de 2023, m\u00e1s de 300.000 reservistas han sido convocados, muchos de los cuales han tenido que extender su servicio m\u00e1s all\u00e1 de lo habitual. Seg\u00fan el <em>Canal 12<\/em>, algunos soldados enfrentan jornadas de m\u00e1s de 12 horas diarias, y las negociaciones para prolongar el servicio militar por un a\u00f1o adicional han generado descontento. Esto ha llevado a un aumento en el n\u00famero de reservistas que se niegan a continuar sirviendo, enfrent\u00e1ndose incluso a penas de c\u00e1rcel.<\/p>\n<h2>El impacto en la sociedad israel\u00ed<\/h2>\n<p>El aumento de suicidios no solo afecta al Ej\u00e9rcito, sino que tambi\u00e9n tiene profundas repercusiones en la sociedad israel\u00ed. Las FDI son un pilar fundamental de la identidad nacional, y el servicio militar obligatorio es una experiencia compartida por la mayor\u00eda de los j\u00f3venes. Sin embargo, el creciente n\u00famero de soldados que abandonan el servicio o que sufren problemas psicol\u00f3gicos ha generado un debate sobre la sostenibilidad del modelo militar actual. En junio de 2024, la Corte Suprema de Israel dictamin\u00f3 que los jud\u00edos ultraortodoxos (hared\u00edes) deben cumplir con el servicio militar, poniendo fin a una exenci\u00f3n hist\u00f3rica. Esta decisi\u00f3n, aunque busca aliviar la escasez de personal, ha generado tensiones sociales y ha reducido la motivaci\u00f3n de algunos sectores para alistarse, seg\u00fan una encuesta del Instituto de Estudios de Seguridad Nacional de Israel.<\/p>\n<p>Adem\u00e1s, el aumento de suicidios ha puesto en el centro del debate la necesidad de reformar el sistema de salud mental en el Ej\u00e9rcito. Organizaciones como Euro-Mediterranean Human Rights Monitor han denunciado que el trauma de los soldados no solo se deriva de los combates, sino tambi\u00e9n de la percepci\u00f3n de estar participando en operaciones que causan un alto costo humanitario. La guerra en Gaza ha sido calificada por la ONU y otras organizaciones como un \u00abgenocidio\u00bb, con m\u00e1s de 13.000 ni\u00f1os entre las v\u00edctimas, lo que a\u00f1ade una capa de conflicto moral para algunos militares.<\/p>\n<h2>Respuestas y desaf\u00edos pendientes<\/h2>\n<p>El Ej\u00e9rcito israel\u00ed ha reconocido la gravedad de la situaci\u00f3n y ha prometido investigar los casos de suicidio. Sin embargo, la falta de transparencia en torno a estas muertes, como la negativa a otorgar honores militares a algunos soldados fallecidos, ha generado cr\u00edticas. Organizaciones de derechos humanos y medios locales han se\u00f1alado que las FDI intentan minimizar la magnitud de la crisis para mantener la moral de las tropas.<\/p>\n<p>Por su parte, el gobierno israel\u00ed ha implementado programas de apoyo psicol\u00f3gico, pero estos han sido insuficientes para atender la demanda. Expertos como Leah Shelef, investigadora de la salud mental en el contexto militar, han se\u00f1alado que los suicidios tienden a concentrarse en el primer a\u00f1o de servicio, especialmente en per\u00edodos de alta intensidad como diciembre. La creaci\u00f3n de m\u00e1s recursos para la atenci\u00f3n psicol\u00f3gica, as\u00ed como la desestigmatizaci\u00f3n del suicidio y el TEPT, son pasos esenciales para abordar esta crisis.<\/p>\n<p>La ola de suicidios en el Ej\u00e9rcito israel\u00ed es un reflejo del costo humano y psicol\u00f3gico de la guerra en Gaza. Los 44 soldados que han perdido la vida desde octubre de 2023 son m\u00e1s que una estad\u00edstica; son un recordatorio de los profundos traumas que enfrentan quienes sirven en el frente. Mientras el conflicto contin\u00faa sin un final claro, la necesidad de abordar la salud mental de los militares se vuelve m\u00e1s urgente. La sociedad israel\u00ed, el gobierno y las FDI enfrentan el desaf\u00edo de no solo combatir en el campo de batalla, sino tambi\u00e9n de proteger la vida y el bienestar de aquellos que llevan el peso de la guerra.<\/p>","protected":false},"excerpt":{"rendered":"<p>Desde el inicio de la ofensiva militar israel\u00ed en la Franja de Gaza en octubre de 2023, el Ej\u00e9rcito de Israel (FDI) enfrenta una crisis sin precedentes: un aumento alarmante en la tasa de suicidios entre sus soldados. Seg\u00fan informes recientes, al menos 44 militares se han quitado la vida [&hellip;]<\/p>\n","protected":false},"author":3,"featured_media":39268,"comment_status":"closed","ping_status":"closed","sticky":false,"template":"","format":"standard","meta":{"footnotes":""},"categories":[57],"tags":[],"class_list":["post-65876","post","type-post","status-publish","format-standard","has-post-thumbnail","hentry","category-global"],"yoast_head":"<!-- This site is optimized with the Yoast SEO plugin v27.5 - https:\/\/yoast.com\/product\/yoast-seo-wordpress\/ -->\n<title>Una ola de suicidios sacude al Ej\u00e9rcito israel\u00ed coincidiendo con la guerra en Gaza - Revista Rambla<\/title>\n<meta name=\"robots\" content=\"index, follow, max-snippet:-1, max-image-preview:large, max-video-preview:-1\" \/>\n<link rel=\"canonical\" href=\"https:\/\/www.revistarambla.com\/en\/una-ola-de-suicidios-sacude-al-ejercito-israeli-coincidiendo-con-la-guerra-en-gaza\/\" \/>\n<meta property=\"og:locale\" content=\"en_GB\" \/>\n<meta property=\"og:type\" content=\"article\" \/>\n<meta property=\"og:title\" content=\"Una ola de suicidios sacude al Ej\u00e9rcito israel\u00ed coincidiendo con la guerra en Gaza - Revista Rambla\" \/>\n<meta property=\"og:description\" content=\"Desde el inicio de la ofensiva militar israel\u00ed en la Franja de Gaza en octubre de 2023, el Ej\u00e9rcito de Israel (FDI) enfrenta una crisis sin precedentes: un aumento alarmante en la tasa de suicidios entre sus soldados. Seg\u00fan informes recientes, al menos 44 militares se han quitado la vida [&hellip;]\" \/>\n<meta property=\"og:url\" content=\"https:\/\/www.revistarambla.com\/en\/una-ola-de-suicidios-sacude-al-ejercito-israeli-coincidiendo-con-la-guerra-en-gaza\/\" \/>\n<meta property=\"og:site_name\" content=\"Revista Rambla\" \/>\n<meta property=\"article:publisher\" content=\"https:\/\/www.facebook.com\/revistarambla\/\" \/>\n<meta property=\"article:author\" content=\"https:\/\/www.facebook.com\/revistarambla\" \/>\n<meta property=\"article:published_time\" content=\"2025-07-26T10:16:16+00:00\" \/>\n<meta property=\"article:modified_time\" content=\"2025-07-26T10:16:57+00:00\" \/>\n<meta property=\"og:image\" content=\"https:\/\/www.revistarambla.com\/wp-content\/uploads\/2022\/02\/israel-palestina.jpg\" \/>\n\t<meta property=\"og:image:width\" content=\"1280\" \/>\n\t<meta property=\"og:image:height\" content=\"972\" \/>\n\t<meta property=\"og:image:type\" content=\"image\/jpeg\" \/>\n<meta name=\"author\" content=\"R@mbla\" \/>\n<meta name=\"twitter:card\" content=\"summary_large_image\" \/>\n<meta name=\"twitter:creator\" content=\"@revistarambla\" \/>\n<meta name=\"twitter:site\" content=\"@revistarambla\" \/>\n<meta name=\"twitter:label1\" content=\"Written by\" \/>\n\t<meta name=\"twitter:data1\" content=\"R@mbla\" \/>\n\t<meta name=\"twitter:label2\" content=\"Estimated reading time\" \/>\n\t<meta name=\"twitter:data2\" content=\"7 minutes\" \/>\n<script type=\"application\/ld+json\" class=\"yoast-schema-graph\">{\"@context\":\"https:\\\/\\\/schema.org\",\"@graph\":[{\"@type\":\"Article\",\"@id\":\"https:\\\/\\\/www.revistarambla.com\\\/una-ola-de-suicidios-sacude-al-ejercito-israeli-coincidiendo-con-la-guerra-en-gaza\\\/#article\",\"isPartOf\":{\"@id\":\"https:\\\/\\\/www.revistarambla.com\\\/una-ola-de-suicidios-sacude-al-ejercito-israeli-coincidiendo-con-la-guerra-en-gaza\\\/\"},\"author\":{\"name\":\"R@mbla\",\"@id\":\"https:\\\/\\\/www.revistarambla.com\\\/#\\\/schema\\\/person\\\/a146a5a2550b94981a75131180e1bd9c\"},\"headline\":\"Una ola de suicidios sacude al Ej\u00e9rcito israel\u00ed coincidiendo con la guerra en Gaza\",\"datePublished\":\"2025-07-26T10:16:16+00:00\",\"dateModified\":\"2025-07-26T10:16:57+00:00\",\"mainEntityOfPage\":{\"@id\":\"https:\\\/\\\/www.revistarambla.com\\\/una-ola-de-suicidios-sacude-al-ejercito-israeli-coincidiendo-con-la-guerra-en-gaza\\\/\"},\"wordCount\":1516,\"publisher\":{\"@id\":\"https:\\\/\\\/www.revistarambla.com\\\/#organization\"},\"image\":{\"@id\":\"https:\\\/\\\/www.revistarambla.com\\\/una-ola-de-suicidios-sacude-al-ejercito-israeli-coincidiendo-con-la-guerra-en-gaza\\\/#primaryimage\"},\"thumbnailUrl\":\"https:\\\/\\\/www.revistarambla.com\\\/wp-content\\\/uploads\\\/2022\\\/02\\\/israel-palestina.jpg\",\"articleSection\":[\"Global\"],\"inLanguage\":\"en-GB\"},{\"@type\":\"WebPage\",\"@id\":\"https:\\\/\\\/www.revistarambla.com\\\/una-ola-de-suicidios-sacude-al-ejercito-israeli-coincidiendo-con-la-guerra-en-gaza\\\/\",\"url\":\"https:\\\/\\\/www.revistarambla.com\\\/una-ola-de-suicidios-sacude-al-ejercito-israeli-coincidiendo-con-la-guerra-en-gaza\\\/\",\"name\":\"Una ola de suicidios sacude al Ej\u00e9rcito israel\u00ed coincidiendo con la guerra en Gaza - Revista Rambla\",\"isPartOf\":{\"@id\":\"https:\\\/\\\/www.revistarambla.com\\\/#website\"},\"primaryImageOfPage\":{\"@id\":\"https:\\\/\\\/www.revistarambla.com\\\/una-ola-de-suicidios-sacude-al-ejercito-israeli-coincidiendo-con-la-guerra-en-gaza\\\/#primaryimage\"},\"image\":{\"@id\":\"https:\\\/\\\/www.revistarambla.com\\\/una-ola-de-suicidios-sacude-al-ejercito-israeli-coincidiendo-con-la-guerra-en-gaza\\\/#primaryimage\"},\"thumbnailUrl\":\"https:\\\/\\\/www.revistarambla.com\\\/wp-content\\\/uploads\\\/2022\\\/02\\\/israel-palestina.jpg\",\"datePublished\":\"2025-07-26T10:16:16+00:00\",\"dateModified\":\"2025-07-26T10:16:57+00:00\",\"breadcrumb\":{\"@id\":\"https:\\\/\\\/www.revistarambla.com\\\/una-ola-de-suicidios-sacude-al-ejercito-israeli-coincidiendo-con-la-guerra-en-gaza\\\/#breadcrumb\"},\"inLanguage\":\"en-GB\",\"potentialAction\":[{\"@type\":\"ReadAction\",\"target\":[\"https:\\\/\\\/www.revistarambla.com\\\/una-ola-de-suicidios-sacude-al-ejercito-israeli-coincidiendo-con-la-guerra-en-gaza\\\/\"]}]},{\"@type\":\"ImageObject\",\"inLanguage\":\"en-GB\",\"@id\":\"https:\\\/\\\/www.revistarambla.com\\\/una-ola-de-suicidios-sacude-al-ejercito-israeli-coincidiendo-con-la-guerra-en-gaza\\\/#primaryimage\",\"url\":\"https:\\\/\\\/www.revistarambla.com\\\/wp-content\\\/uploads\\\/2022\\\/02\\\/israel-palestina.jpg\",\"contentUrl\":\"https:\\\/\\\/www.revistarambla.com\\\/wp-content\\\/uploads\\\/2022\\\/02\\\/israel-palestina.jpg\",\"width\":1280,\"height\":972,\"caption\":\"suicidios ejercito israel\"},{\"@type\":\"BreadcrumbList\",\"@id\":\"https:\\\/\\\/www.revistarambla.com\\\/una-ola-de-suicidios-sacude-al-ejercito-israeli-coincidiendo-con-la-guerra-en-gaza\\\/#breadcrumb\",\"itemListElement\":[{\"@type\":\"ListItem\",\"position\":1,\"name\":\"Portada\",\"item\":\"https:\\\/\\\/www.revistarambla.com\\\/\"},{\"@type\":\"ListItem\",\"position\":2,\"name\":\"Una ola de suicidios sacude al Ej\u00e9rcito israel\u00ed coincidiendo con la guerra en Gaza\"}]},{\"@type\":\"WebSite\",\"@id\":\"https:\\\/\\\/www.revistarambla.com\\\/#website\",\"url\":\"https:\\\/\\\/www.revistarambla.com\\\/\",\"name\":\"Revista Rambla Barcelona\",\"description\":\"Periodismo independiente\",\"publisher\":{\"@id\":\"https:\\\/\\\/www.revistarambla.com\\\/#organization\"},\"potentialAction\":[{\"@type\":\"SearchAction\",\"target\":{\"@type\":\"EntryPoint\",\"urlTemplate\":\"https:\\\/\\\/www.revistarambla.com\\\/?s={search_term_string}\"},\"query-input\":{\"@type\":\"PropertyValueSpecification\",\"valueRequired\":true,\"valueName\":\"search_term_string\"}}],\"inLanguage\":\"en-GB\"},{\"@type\":\"Organization\",\"@id\":\"https:\\\/\\\/www.revistarambla.com\\\/#organization\",\"name\":\"Revista Rambla\",\"url\":\"https:\\\/\\\/www.revistarambla.com\\\/\",\"logo\":{\"@type\":\"ImageObject\",\"inLanguage\":\"en-GB\",\"@id\":\"https:\\\/\\\/www.revistarambla.com\\\/#\\\/schema\\\/logo\\\/image\\\/\",\"url\":\"https:\\\/\\\/www.revistarambla.com\\\/wp-content\\\/uploads\\\/2020\\\/09\\\/banner_rambla_1900x600_BB.png\",\"contentUrl\":\"https:\\\/\\\/www.revistarambla.com\\\/wp-content\\\/uploads\\\/2020\\\/09\\\/banner_rambla_1900x600_BB.png\",\"width\":1900,\"height\":600,\"caption\":\"Revista Rambla\"},\"image\":{\"@id\":\"https:\\\/\\\/www.revistarambla.com\\\/#\\\/schema\\\/logo\\\/image\\\/\"},\"sameAs\":[\"https:\\\/\\\/www.facebook.com\\\/revistarambla\\\/\",\"https:\\\/\\\/x.com\\\/revistarambla\",\"https:\\\/\\\/www.instagram.com\\\/revista_rambla\",\"https:\\\/\\\/es.linkedin.com\\\/company\\\/revista-rambla\"]},{\"@type\":\"Person\",\"@id\":\"https:\\\/\\\/www.revistarambla.com\\\/#\\\/schema\\\/person\\\/a146a5a2550b94981a75131180e1bd9c\",\"name\":\"R@mbla\",\"description\":\"Este art\u00edculo ha sido redactado y\\\/o validado por el equipo de redacci\u00f3n de Revista Rambla.\",\"sameAs\":[\"https:\\\/\\\/www.revistarambla.com\\\/\",\"https:\\\/\\\/www.facebook.com\\\/revistarambla\",\"https:\\\/\\\/x.com\\\/revistarambla\"]}]}<\/script>\n<!-- \/ Yoast SEO plugin. -->","yoast_head_json":{"title":"Una ola de suicidios sacude al Ej\u00e9rcito israel\u00ed coincidiendo con la guerra en Gaza - Revista Rambla","robots":{"index":"index","follow":"follow","max-snippet":"max-snippet:-1","max-image-preview":"max-image-preview:large","max-video-preview":"max-video-preview:-1"},"canonical":"https:\/\/www.revistarambla.com\/en\/una-ola-de-suicidios-sacude-al-ejercito-israeli-coincidiendo-con-la-guerra-en-gaza\/","og_locale":"en_GB","og_type":"article","og_title":"Una ola de suicidios sacude al Ej\u00e9rcito israel\u00ed coincidiendo con la guerra en Gaza - Revista Rambla","og_description":"Desde el inicio de la ofensiva militar israel\u00ed en la Franja de Gaza en octubre de 2023, el Ej\u00e9rcito de Israel (FDI) enfrenta una crisis sin precedentes: un aumento alarmante en la tasa de suicidios entre sus soldados. Seg\u00fan informes recientes, al menos 44 militares se han quitado la vida [&hellip;]","og_url":"https:\/\/www.revistarambla.com\/en\/una-ola-de-suicidios-sacude-al-ejercito-israeli-coincidiendo-con-la-guerra-en-gaza\/","og_site_name":"Revista Rambla","article_publisher":"https:\/\/www.facebook.com\/revistarambla\/","article_author":"https:\/\/www.facebook.com\/revistarambla","article_published_time":"2025-07-26T10:16:16+00:00","article_modified_time":"2025-07-26T10:16:57+00:00","og_image":[{"width":1280,"height":972,"url":"https:\/\/www.revistarambla.com\/wp-content\/uploads\/2022\/02\/israel-palestina.jpg","type":"image\/jpeg"}],"author":"R@mbla","twitter_card":"summary_large_image","twitter_creator":"@revistarambla","twitter_site":"@revistarambla","twitter_misc":{"Written by":"R@mbla","Estimated reading time":"7 minutes"},"schema":{"@context":"https:\/\/schema.org","@graph":[{"@type":"Article","@id":"https:\/\/www.revistarambla.com\/una-ola-de-suicidios-sacude-al-ejercito-israeli-coincidiendo-con-la-guerra-en-gaza\/#article","isPartOf":{"@id":"https:\/\/www.revistarambla.com\/una-ola-de-suicidios-sacude-al-ejercito-israeli-coincidiendo-con-la-guerra-en-gaza\/"},"author":{"name":"R@mbla","@id":"https:\/\/www.revistarambla.com\/#\/schema\/person\/a146a5a2550b94981a75131180e1bd9c"},"headline":"Una ola de suicidios sacude al Ej\u00e9rcito israel\u00ed coincidiendo con la guerra en Gaza","datePublished":"2025-07-26T10:16:16+00:00","dateModified":"2025-07-26T10:16:57+00:00","mainEntityOfPage":{"@id":"https:\/\/www.revistarambla.com\/una-ola-de-suicidios-sacude-al-ejercito-israeli-coincidiendo-con-la-guerra-en-gaza\/"},"wordCount":1516,"publisher":{"@id":"https:\/\/www.revistarambla.com\/#organization"},"image":{"@id":"https:\/\/www.revistarambla.com\/una-ola-de-suicidios-sacude-al-ejercito-israeli-coincidiendo-con-la-guerra-en-gaza\/#primaryimage"},"thumbnailUrl":"https:\/\/www.revistarambla.com\/wp-content\/uploads\/2022\/02\/israel-palestina.jpg","articleSection":["Global"],"inLanguage":"en-GB"},{"@type":"WebPage","@id":"https:\/\/www.revistarambla.com\/una-ola-de-suicidios-sacude-al-ejercito-israeli-coincidiendo-con-la-guerra-en-gaza\/","url":"https:\/\/www.revistarambla.com\/una-ola-de-suicidios-sacude-al-ejercito-israeli-coincidiendo-con-la-guerra-en-gaza\/","name":"Una ola de suicidios sacude al Ej\u00e9rcito israel\u00ed coincidiendo con la guerra en Gaza - Revista Rambla","isPartOf":{"@id":"https:\/\/www.revistarambla.com\/#website"},"primaryImageOfPage":{"@id":"https:\/\/www.revistarambla.com\/una-ola-de-suicidios-sacude-al-ejercito-israeli-coincidiendo-con-la-guerra-en-gaza\/#primaryimage"},"image":{"@id":"https:\/\/www.revistarambla.com\/una-ola-de-suicidios-sacude-al-ejercito-israeli-coincidiendo-con-la-guerra-en-gaza\/#primaryimage"},"thumbnailUrl":"https:\/\/www.revistarambla.com\/wp-content\/uploads\/2022\/02\/israel-palestina.jpg","datePublished":"2025-07-26T10:16:16+00:00","dateModified":"2025-07-26T10:16:57+00:00","breadcrumb":{"@id":"https:\/\/www.revistarambla.com\/una-ola-de-suicidios-sacude-al-ejercito-israeli-coincidiendo-con-la-guerra-en-gaza\/#breadcrumb"},"inLanguage":"en-GB","potentialAction":[{"@type":"ReadAction","target":["https:\/\/www.revistarambla.com\/una-ola-de-suicidios-sacude-al-ejercito-israeli-coincidiendo-con-la-guerra-en-gaza\/"]}]},{"@type":"ImageObject","inLanguage":"en-GB","@id":"https:\/\/www.revistarambla.com\/una-ola-de-suicidios-sacude-al-ejercito-israeli-coincidiendo-con-la-guerra-en-gaza\/#primaryimage","url":"https:\/\/www.revistarambla.com\/wp-content\/uploads\/2022\/02\/israel-palestina.jpg","contentUrl":"https:\/\/www.revistarambla.com\/wp-content\/uploads\/2022\/02\/israel-palestina.jpg","width":1280,"height":972,"caption":"suicidios ejercito israel"},{"@type":"BreadcrumbList","@id":"https:\/\/www.revistarambla.com\/una-ola-de-suicidios-sacude-al-ejercito-israeli-coincidiendo-con-la-guerra-en-gaza\/#breadcrumb","itemListElement":[{"@type":"ListItem","position":1,"name":"Portada","item":"https:\/\/www.revistarambla.com\/"},{"@type":"ListItem","position":2,"name":"Una ola de suicidios sacude al Ej\u00e9rcito israel\u00ed coincidiendo con la guerra en Gaza"}]},{"@type":"WebSite","@id":"https:\/\/www.revistarambla.com\/#website","url":"https:\/\/www.revistarambla.com\/","name":"Revista Rambla Barcelona","description":"Periodismo independiente","publisher":{"@id":"https:\/\/www.revistarambla.com\/#organization"},"potentialAction":[{"@type":"SearchAction","target":{"@type":"EntryPoint","urlTemplate":"https:\/\/www.revistarambla.com\/?s={search_term_string}"},"query-input":{"@type":"PropertyValueSpecification","valueRequired":true,"valueName":"search_term_string"}}],"inLanguage":"en-GB"},{"@type":"Organization","@id":"https:\/\/www.revistarambla.com\/#organization","name":"Revista Rambla","url":"https:\/\/www.revistarambla.com\/","logo":{"@type":"ImageObject","inLanguage":"en-GB","@id":"https:\/\/www.revistarambla.com\/#\/schema\/logo\/image\/","url":"https:\/\/www.revistarambla.com\/wp-content\/uploads\/2020\/09\/banner_rambla_1900x600_BB.png","contentUrl":"https:\/\/www.revistarambla.com\/wp-content\/uploads\/2020\/09\/banner_rambla_1900x600_BB.png","width":1900,"height":600,"caption":"Revista Rambla"},"image":{"@id":"https:\/\/www.revistarambla.com\/#\/schema\/logo\/image\/"},"sameAs":["https:\/\/www.facebook.com\/revistarambla\/","https:\/\/x.com\/revistarambla","https:\/\/www.instagram.com\/revista_rambla","https:\/\/es.linkedin.com\/company\/revista-rambla"]},{"@type":"Person","@id":"https:\/\/www.revistarambla.com\/#\/schema\/person\/a146a5a2550b94981a75131180e1bd9c","name":"R@mbla","description":"Este art\u00edculo ha sido redactado y\/o validado por el equipo de redacci\u00f3n de Revista Rambla.","sameAs":["https:\/\/www.revistarambla.com\/","https:\/\/www.facebook.com\/revistarambla","https:\/\/x.com\/revistarambla"]}]}},"_links":{"self":[{"href":"https:\/\/www.revistarambla.com\/en\/wp-json\/wp\/v2\/posts\/65876","targetHints":{"allow":["GET"]}}],"collection":[{"href":"https:\/\/www.revistarambla.com\/en\/wp-json\/wp\/v2\/posts"}],"about":[{"href":"https:\/\/www.revistarambla.com\/en\/wp-json\/wp\/v2\/types\/post"}],"author":[{"embeddable":true,"href":"https:\/\/www.revistarambla.com\/en\/wp-json\/wp\/v2\/users\/3"}],"replies":[{"embeddable":true,"href":"https:\/\/www.revistarambla.com\/en\/wp-json\/wp\/v2\/comments?post=65876"}],"version-history":[{"count":2,"href":"https:\/\/www.revistarambla.com\/en\/wp-json\/wp\/v2\/posts\/65876\/revisions"}],"predecessor-version":[{"id":65878,"href":"https:\/\/www.revistarambla.com\/en\/wp-json\/wp\/v2\/posts\/65876\/revisions\/65878"}],"wp:featuredmedia":[{"embeddable":true,"href":"https:\/\/www.revistarambla.com\/en\/wp-json\/wp\/v2\/media\/39268"}],"wp:attachment":[{"href":"https:\/\/www.revistarambla.com\/en\/wp-json\/wp\/v2\/media?parent=65876"}],"wp:term":[{"taxonomy":"category","embeddable":true,"href":"https:\/\/www.revistarambla.com\/en\/wp-json\/wp\/v2\/categories?post=65876"},{"taxonomy":"post_tag","embeddable":true,"href":"https:\/\/www.revistarambla.com\/en\/wp-json\/wp\/v2\/tags?post=65876"}],"curies":[{"name":"wp","href":"https:\/\/api.w.org\/{rel}","templated":true}]}}