{"id":65873,"date":"2025-07-26T12:04:54","date_gmt":"2025-07-26T10:04:54","guid":{"rendered":"https:\/\/www.revistarambla.com\/?p=65873"},"modified":"2025-07-26T12:26:59","modified_gmt":"2025-07-26T10:26:59","slug":"vulnera-la-nueva-ley-de-secretos-la-libertad-de-expresion","status":"publish","type":"post","link":"https:\/\/www.revistarambla.com\/en\/vulnera-la-nueva-ley-de-secretos-la-libertad-de-expresion\/","title":{"rendered":"\u00bfVulnera la nueva ley de secretos la libertad de expresi\u00f3n?"},"content":{"rendered":"<p>El pasado 22 de julio de 2025, el Consejo de Ministros de Espa\u00f1a aprob\u00f3 el proyecto de Ley de Informaci\u00f3n Clasificada, una norma destinada a sustituir la obsoleta Ley de Secretos Oficiales de 1968, promulgada durante la dictadura franquista. Esta nueva legislaci\u00f3n introduce cambios significativos en la gesti\u00f3n de los secretos oficiales, trasladando su control a un \u00f3rgano pol\u00edtico dependiente del Ministerio de la Presidencia, Justicia y Relaciones con las Cortes, liderado por F\u00e9lix Bola\u00f1os. Adem\u00e1s, establece un sistema de desclasificaci\u00f3n autom\u00e1tica de documentos tras un per\u00edodo de 45 a\u00f1os, salvo que su publicaci\u00f3n represente un riesgo para la seguridad nacional. Sin embargo, uno de los aspectos m\u00e1s controvertidos de la ley es su r\u00e9gimen sancionador, que impone multas de hasta 2,5 millones de euros a quienes difundan informaci\u00f3n clasificada, lo que ha generado un intenso debate sobre si esta normativa vulnera el derecho fundamental a la libertad de expresi\u00f3n.<\/p>\n<h2>Desclasificaci\u00f3n autom\u00e1tica y plazos definidos<\/h2>\n<p>La Ley de Informaci\u00f3n Clasificada busca actualizar un marco normativo anacr\u00f3nico, aline\u00e1ndolo con los est\u00e1ndares de las democracias europeas. La legislaci\u00f3n de 1968, a\u00fan vigente, no establec\u00eda plazos para la desclasificaci\u00f3n de documentos, lo que convert\u00eda a los secretos oficiales en pr\u00e1cticamente eternos. La nueva norma introduce una desclasificaci\u00f3n autom\u00e1tica para la informaci\u00f3n clasificada en cuatro categor\u00edas: \u00abalto secreto\u00bb (45 a\u00f1os, prorrogables por 15 m\u00e1s), \u00absecreto\u00bb (35 a\u00f1os, prorrogables por 10), \u00abconfidencial\u00bb (7 a 9 a\u00f1os, sin pr\u00f3rroga) y \u00abrestringido\u00bb (4 a 5 a\u00f1os, sin pr\u00f3rroga).<\/p>\n<p>Este enfoque responde a una demanda hist\u00f3rica, especialmente impulsada por el Partido Nacionalista Vasco (PNV), que durante casi una d\u00e9cada ha abogado por una mayor transparencia en los documentos relacionados con el franquismo y la Transici\u00f3n. Seg\u00fan la portavoz del PNV en el Congreso, Maribel Vaquero, la ley es un paso positivo para \u201cdar transparencia y ayudar a la verdad\u201d sobre hechos hist\u00f3ricos. Sin embargo, la desclasificaci\u00f3n autom\u00e1tica no se aplica a informaci\u00f3n procedente de otros Estados u organizaciones internacionales, como la OTAN o la Uni\u00f3n Europea, y puede suspenderse si una autoridad competente considera que persiste un riesgo para la seguridad nacional, lo que otorga al Gobierno una v\u00eda de escape para mantener ciertos documentos bajo llave.<\/p>\n<p>La norma tambi\u00e9n permite que cualquier persona con un inter\u00e9s leg\u00edtimo o profesional, como periodistas, historiadores o investigadores, pueda solicitar la desclasificaci\u00f3n de documentos una vez vencidos los plazos establecidos. Este aspecto refuerza el acceso a la informaci\u00f3n, aunque la decisi\u00f3n final recae en la Autoridad Nacional para la Protecci\u00f3n de la Informaci\u00f3n Clasificada, dependiente del Ministerio de la Presidencia.<\/p>\n<h2>Un \u00f3rgano pol\u00edtico al mando: la Autoridad Nacional para la Protecci\u00f3n de la Informaci\u00f3n Clasificada<\/h2>\n<p>Uno de los puntos m\u00e1s controvertidos de la ley es la transferencia del control de los secretos oficiales desde el Centro Nacional de Inteligencia (CNI), adscrito al Ministerio de Defensa, al Ministerio de la Presidencia. Esta decisi\u00f3n ha generado tensiones internas en el Gobierno, especialmente con los ministerios de Defensa, Interior y Asuntos Exteriores, que han expresado su malestar por perder competencias en la gesti\u00f3n de informaci\u00f3n sensible.<\/p>\n<p>La Autoridad Nacional, bajo la direcci\u00f3n de F\u00e9lix Bola\u00f1os, ser\u00e1 la encargada de gestionar los registros y bases de datos de informaci\u00f3n clasificada, decidir qui\u00e9n puede acceder a ella y determinar qu\u00e9 documentos deben permanecer secretos por motivos de seguridad nacional. Esta centralizaci\u00f3n en un \u00f3rgano pol\u00edtico ha suscitado cr\u00edticas, ya que algunos sectores consideran que podr\u00eda facilitar un uso discrecional de la clasificaci\u00f3n para proteger intereses pol\u00edticos m\u00e1s que la seguridad del Estado. El Consejo de Estado, en su informe sobre el anteproyecto, recomend\u00f3 incluir excepciones espec\u00edficas para evitar riesgos a agentes secretos, polic\u00edas o infraestructuras cr\u00edticas, pero el Gobierno opt\u00f3 por mantener una excepci\u00f3n gen\u00e9rica basada en la \u201cseguridad nacional\u201d.<\/p>\n<h2>Un r\u00e9gimen sancionador que enciende las alarmas<\/h2>\n<p>El aspecto m\u00e1s pol\u00e9mico de la ley es su r\u00e9gimen sancionador, que castiga la difusi\u00f3n no autorizada de informaci\u00f3n clasificada con multas que van desde un apercibimiento hasta 30.000 euros para infracciones leves, hasta 80.000 euros para las graves, y hasta 2,5 millones de euros en casos de \u201camenaza extremadamente grave\u201d para la seguridad nacional. Estas sanciones no solo se aplican a funcionarios o cargos p\u00fablicos, sino tambi\u00e9n a cualquier persona, incluidos periodistas, que difunda informaci\u00f3n clasificada, incluso si la obtuvo de manera fortuita.<\/p>\n<p>El proyecto de ley reconoce el \u201cderecho a la libertad de informaci\u00f3n\u201d como un criterio de graduaci\u00f3n para determinar las sanciones, pero no exime a los periodistas de responsabilidad. Esto ha generado preocupaci\u00f3n entre organizaciones de defensa de la libertad de prensa y organismos como el Consejo Fiscal, el Consejo de Transparencia y el Consejo General del Poder Judicial (CGPJ), que han advertido que estas multas podr\u00edan generar un \u201cefecto disuasorio\u201d (o \u201cchilling effect\u201d) sobre el ejercicio del periodismo. El Consejo Fiscal, en un informe firmado por el fiscal general \u00c1lvaro Garc\u00eda Ortiz, se\u00f1al\u00f3 que las sanciones podr\u00edan comprometer las libertades de expresi\u00f3n y comunicaci\u00f3n, conforme a la jurisprudencia del Tribunal Europeo de Derechos Humanos.<\/p>\n<p>Ana Pardo de Vera, en un art\u00edculo de opini\u00f3n en *P\u00fablico*, compar\u00f3 esta situaci\u00f3n con los casos de Julian Assange y Edward Snowden, alertando sobre el riesgo de retroceder a \u201cmomentos oscuros\u201d en los que el derecho a la informaci\u00f3n se vea restringido. Organizaciones como Access Info Europe tambi\u00e9n han criticado la falta de representaci\u00f3n del Consejo de Transparencia en la Autoridad Nacional, lo que podr\u00eda limitar la supervisi\u00f3n independiente sobre las decisiones de clasificaci\u00f3n.<\/p>\n<h2>\u00bfVulnera la ley la libertad de expresi\u00f3n?<\/h2>\n<p>La pregunta central es si esta ley representa una amenaza real para la libertad de expresi\u00f3n, un derecho consagrado en el art\u00edculo 20 de la Constituci\u00f3n Espa\u00f1ola. Por un lado, el Gobierno defiende que las sanciones son necesarias para proteger la seguridad nacional, argumentando que la revelaci\u00f3n de ciertos secretos podr\u00eda poner en peligro la vida de ciudadanos, agentes de inteligencia o infraestructuras cr\u00edticas. F\u00e9lix Bola\u00f1os ha insistido en que \u201cla seguridad nacional no es ninguna broma\u201d y que las multas est\u00e1n dise\u00f1adas para casos de extrema gravedad.<\/p>\n<p>Sin embargo, la vaguedad del concepto de \u201cseguridad nacional\u201d como criterio para mantener documentos clasificados o imponer sanciones genera inquietud. La falta de un listado espec\u00edfico de excepciones, como recomend\u00f3 el Consejo de Estado, podr\u00eda permitir interpretaciones amplias que restrinjan el acceso a informaci\u00f3n de inter\u00e9s p\u00fablico. Adem\u00e1s, el hecho de que las sanciones se apliquen incluso a quienes accedan a informaci\u00f3n clasificada de manera fortuita plantea riesgos para los periodistas y los denunciantes (o \u201cwhistleblowers\u201d), quienes podr\u00edan verse disuadidos de publicar informaci\u00f3n relevante por temor a multas millonarias.<\/p>\n<p>La jurisprudencia del Tribunal Europeo de Derechos Humanos establece que las restricciones a la libertad de expresi\u00f3n deben ser proporcionadas y estar justificadas por una necesidad imperiosa. En este sentido, la ausencia de exenciones claras para los periodistas y la imposici\u00f3n de sanciones desproporcionadas podr\u00edan contravenir este principio. El precedente de casos como Assange o Chelsea Manning, mencionados en el debate p\u00fablico, refuerza la percepci\u00f3n de que la ley podr\u00eda utilizarse para silenciar a quienes revelen informaci\u00f3n comprometedora para el Estado, incluso si su difusi\u00f3n es de inter\u00e9s general.<\/p>\n<p>Por otro lado, la ley incluye salvaguardas, como la prohibici\u00f3n de clasificar informaci\u00f3n relacionada con violaciones graves de derechos humanos o cr\u00edmenes de lesa humanidad, lo que refleja un compromiso con la transparencia en casos de relevancia hist\u00f3rica o moral. Adem\u00e1s, la posibilidad de que ciudadanos y profesionales soliciten la desclasificaci\u00f3n de documentos fortalece el acceso a la informaci\u00f3n, aunque la decisi\u00f3n final sigue en manos de un \u00f3rgano pol\u00edtico.<\/p>\n<h2>Un equilibrio delicado<\/h2>\n<p>La Ley de Informaci\u00f3n Clasificada representa un avance significativo en la modernizaci\u00f3n de la gesti\u00f3n de secretos oficiales en Espa\u00f1a, al establecer plazos claros de desclasificaci\u00f3n y facilitar el acceso a documentos hist\u00f3ricos. Sin embargo, su r\u00e9gimen sancionador y la centralizaci\u00f3n del control en un \u00f3rgano pol\u00edtico han generado preocupaciones leg\u00edtimas sobre su impacto en la libertad de expresi\u00f3n.<\/p>\n<p>Para garantizar un equilibrio entre la seguridad nacional y los derechos fundamentales, ser\u00eda necesario introducir salvaguardas m\u00e1s robustas, como criterios m\u00e1s espec\u00edficos para la clasificaci\u00f3n de informaci\u00f3n, una supervisi\u00f3n independiente de la Autoridad Nacional y exenciones claras para los periodistas que act\u00faen en defensa del inter\u00e9s p\u00fablico. Sin estas modificaciones, la ley corre el riesgo de ser percibida como una herramienta para restringir el derecho a la informaci\u00f3n, en lugar de un paso hacia la transparencia.<\/p>\n<p>Mientras el proyecto de ley inicia su tr\u00e1mite parlamentario, la sociedad civil, los medios de comunicaci\u00f3n y los partidos pol\u00edticos tendr\u00e1n la oportunidad de proponer enmiendas que equilibren estos intereses contrapuestos. El desaf\u00edo ser\u00e1 encontrar una f\u00f3rmula que proteja la seguridad del Estado sin comprometer los pilares de una democracia avanzada, donde la libertad de expresi\u00f3n y el derecho a la informaci\u00f3n son fundamentales.<\/p>","protected":false},"excerpt":{"rendered":"<p>El Gobierno espa\u00f1ol impulsa una nueva Ley de Informaci\u00f3n Clasificada: \u00bfUn equilibrio entre seguridad nacional y libertad de expresi\u00f3n?<\/p>","protected":false},"author":3,"featured_media":65874,"comment_status":"closed","ping_status":"closed","sticky":false,"template":"","format":"standard","meta":{"footnotes":""},"categories":[58],"tags":[],"class_list":["post-65873","post","type-post","status-publish","format-standard","has-post-thumbnail","hentry","category-estado-espanol"],"yoast_head":"<!-- This site is optimized with the Yoast SEO plugin v27.5 - https:\/\/yoast.com\/product\/yoast-seo-wordpress\/ -->\n<title>\u00bfVulnera la nueva ley de secretos la libertad de expresi\u00f3n? - Revista Rambla<\/title>\n<meta name=\"robots\" content=\"index, follow, max-snippet:-1, max-image-preview:large, max-video-preview:-1\" \/>\n<link rel=\"canonical\" href=\"https:\/\/www.revistarambla.com\/en\/vulnera-la-nueva-ley-de-secretos-la-libertad-de-expresion\/\" \/>\n<meta property=\"og:locale\" content=\"en_GB\" \/>\n<meta property=\"og:type\" content=\"article\" \/>\n<meta property=\"og:title\" content=\"\u00bfVulnera la nueva ley de secretos la libertad de expresi\u00f3n? - Revista Rambla\" \/>\n<meta property=\"og:description\" content=\"El Gobierno espa\u00f1ol impulsa una nueva Ley de Informaci\u00f3n Clasificada: \u00bfUn equilibrio entre seguridad nacional y libertad de expresi\u00f3n?\" \/>\n<meta property=\"og:url\" content=\"https:\/\/www.revistarambla.com\/en\/vulnera-la-nueva-ley-de-secretos-la-libertad-de-expresion\/\" \/>\n<meta property=\"og:site_name\" content=\"Revista Rambla\" \/>\n<meta property=\"article:publisher\" content=\"https:\/\/www.facebook.com\/revistarambla\/\" \/>\n<meta property=\"article:author\" content=\"https:\/\/www.facebook.com\/revistarambla\" \/>\n<meta property=\"article:published_time\" content=\"2025-07-26T10:04:54+00:00\" \/>\n<meta property=\"article:modified_time\" content=\"2025-07-26T10:26:59+00:00\" \/>\n<meta property=\"og:image\" content=\"https:\/\/www.revistarambla.com\/wp-content\/uploads\/2025\/07\/LEY-SECRETOS-OFICIALES.jpeg\" \/>\n\t<meta property=\"og:image:width\" content=\"1920\" \/>\n\t<meta property=\"og:image:height\" content=\"1222\" \/>\n\t<meta property=\"og:image:type\" content=\"image\/jpeg\" \/>\n<meta name=\"author\" content=\"R@mbla\" \/>\n<meta name=\"twitter:card\" content=\"summary_large_image\" \/>\n<meta name=\"twitter:creator\" content=\"@revistarambla\" \/>\n<meta name=\"twitter:site\" content=\"@revistarambla\" \/>\n<meta name=\"twitter:label1\" content=\"Written by\" \/>\n\t<meta name=\"twitter:data1\" content=\"R@mbla\" \/>\n\t<meta name=\"twitter:label2\" content=\"Estimated reading time\" \/>\n\t<meta name=\"twitter:data2\" content=\"7 minutes\" \/>\n<script type=\"application\/ld+json\" class=\"yoast-schema-graph\">{\"@context\":\"https:\\\/\\\/schema.org\",\"@graph\":[{\"@type\":\"Article\",\"@id\":\"https:\\\/\\\/www.revistarambla.com\\\/vulnera-la-nueva-ley-de-secretos-la-libertad-de-expresion\\\/#article\",\"isPartOf\":{\"@id\":\"https:\\\/\\\/www.revistarambla.com\\\/vulnera-la-nueva-ley-de-secretos-la-libertad-de-expresion\\\/\"},\"author\":{\"name\":\"R@mbla\",\"@id\":\"https:\\\/\\\/www.revistarambla.com\\\/#\\\/schema\\\/person\\\/a146a5a2550b94981a75131180e1bd9c\"},\"headline\":\"\u00bfVulnera la nueva ley de secretos la libertad de expresi\u00f3n?\",\"datePublished\":\"2025-07-26T10:04:54+00:00\",\"dateModified\":\"2025-07-26T10:26:59+00:00\",\"mainEntityOfPage\":{\"@id\":\"https:\\\/\\\/www.revistarambla.com\\\/vulnera-la-nueva-ley-de-secretos-la-libertad-de-expresion\\\/\"},\"wordCount\":1612,\"publisher\":{\"@id\":\"https:\\\/\\\/www.revistarambla.com\\\/#organization\"},\"image\":{\"@id\":\"https:\\\/\\\/www.revistarambla.com\\\/vulnera-la-nueva-ley-de-secretos-la-libertad-de-expresion\\\/#primaryimage\"},\"thumbnailUrl\":\"https:\\\/\\\/www.revistarambla.com\\\/wp-content\\\/uploads\\\/2025\\\/07\\\/LEY-SECRETOS-OFICIALES.jpeg\",\"articleSection\":[\"Estado Espa\u00f1ol\"],\"inLanguage\":\"en-GB\"},{\"@type\":\"WebPage\",\"@id\":\"https:\\\/\\\/www.revistarambla.com\\\/vulnera-la-nueva-ley-de-secretos-la-libertad-de-expresion\\\/\",\"url\":\"https:\\\/\\\/www.revistarambla.com\\\/vulnera-la-nueva-ley-de-secretos-la-libertad-de-expresion\\\/\",\"name\":\"\u00bfVulnera la nueva ley de secretos la libertad de expresi\u00f3n? - Revista Rambla\",\"isPartOf\":{\"@id\":\"https:\\\/\\\/www.revistarambla.com\\\/#website\"},\"primaryImageOfPage\":{\"@id\":\"https:\\\/\\\/www.revistarambla.com\\\/vulnera-la-nueva-ley-de-secretos-la-libertad-de-expresion\\\/#primaryimage\"},\"image\":{\"@id\":\"https:\\\/\\\/www.revistarambla.com\\\/vulnera-la-nueva-ley-de-secretos-la-libertad-de-expresion\\\/#primaryimage\"},\"thumbnailUrl\":\"https:\\\/\\\/www.revistarambla.com\\\/wp-content\\\/uploads\\\/2025\\\/07\\\/LEY-SECRETOS-OFICIALES.jpeg\",\"datePublished\":\"2025-07-26T10:04:54+00:00\",\"dateModified\":\"2025-07-26T10:26:59+00:00\",\"breadcrumb\":{\"@id\":\"https:\\\/\\\/www.revistarambla.com\\\/vulnera-la-nueva-ley-de-secretos-la-libertad-de-expresion\\\/#breadcrumb\"},\"inLanguage\":\"en-GB\",\"potentialAction\":[{\"@type\":\"ReadAction\",\"target\":[\"https:\\\/\\\/www.revistarambla.com\\\/vulnera-la-nueva-ley-de-secretos-la-libertad-de-expresion\\\/\"]}]},{\"@type\":\"ImageObject\",\"inLanguage\":\"en-GB\",\"@id\":\"https:\\\/\\\/www.revistarambla.com\\\/vulnera-la-nueva-ley-de-secretos-la-libertad-de-expresion\\\/#primaryimage\",\"url\":\"https:\\\/\\\/www.revistarambla.com\\\/wp-content\\\/uploads\\\/2025\\\/07\\\/LEY-SECRETOS-OFICIALES.jpeg\",\"contentUrl\":\"https:\\\/\\\/www.revistarambla.com\\\/wp-content\\\/uploads\\\/2025\\\/07\\\/LEY-SECRETOS-OFICIALES.jpeg\",\"width\":1920,\"height\":1222},{\"@type\":\"BreadcrumbList\",\"@id\":\"https:\\\/\\\/www.revistarambla.com\\\/vulnera-la-nueva-ley-de-secretos-la-libertad-de-expresion\\\/#breadcrumb\",\"itemListElement\":[{\"@type\":\"ListItem\",\"position\":1,\"name\":\"Portada\",\"item\":\"https:\\\/\\\/www.revistarambla.com\\\/\"},{\"@type\":\"ListItem\",\"position\":2,\"name\":\"\u00bfVulnera la nueva ley de secretos la libertad de expresi\u00f3n?\"}]},{\"@type\":\"WebSite\",\"@id\":\"https:\\\/\\\/www.revistarambla.com\\\/#website\",\"url\":\"https:\\\/\\\/www.revistarambla.com\\\/\",\"name\":\"Revista Rambla Barcelona\",\"description\":\"Periodismo independiente\",\"publisher\":{\"@id\":\"https:\\\/\\\/www.revistarambla.com\\\/#organization\"},\"potentialAction\":[{\"@type\":\"SearchAction\",\"target\":{\"@type\":\"EntryPoint\",\"urlTemplate\":\"https:\\\/\\\/www.revistarambla.com\\\/?s={search_term_string}\"},\"query-input\":{\"@type\":\"PropertyValueSpecification\",\"valueRequired\":true,\"valueName\":\"search_term_string\"}}],\"inLanguage\":\"en-GB\"},{\"@type\":\"Organization\",\"@id\":\"https:\\\/\\\/www.revistarambla.com\\\/#organization\",\"name\":\"Revista Rambla\",\"url\":\"https:\\\/\\\/www.revistarambla.com\\\/\",\"logo\":{\"@type\":\"ImageObject\",\"inLanguage\":\"en-GB\",\"@id\":\"https:\\\/\\\/www.revistarambla.com\\\/#\\\/schema\\\/logo\\\/image\\\/\",\"url\":\"https:\\\/\\\/www.revistarambla.com\\\/wp-content\\\/uploads\\\/2020\\\/09\\\/banner_rambla_1900x600_BB.png\",\"contentUrl\":\"https:\\\/\\\/www.revistarambla.com\\\/wp-content\\\/uploads\\\/2020\\\/09\\\/banner_rambla_1900x600_BB.png\",\"width\":1900,\"height\":600,\"caption\":\"Revista Rambla\"},\"image\":{\"@id\":\"https:\\\/\\\/www.revistarambla.com\\\/#\\\/schema\\\/logo\\\/image\\\/\"},\"sameAs\":[\"https:\\\/\\\/www.facebook.com\\\/revistarambla\\\/\",\"https:\\\/\\\/x.com\\\/revistarambla\",\"https:\\\/\\\/www.instagram.com\\\/revista_rambla\",\"https:\\\/\\\/es.linkedin.com\\\/company\\\/revista-rambla\"]},{\"@type\":\"Person\",\"@id\":\"https:\\\/\\\/www.revistarambla.com\\\/#\\\/schema\\\/person\\\/a146a5a2550b94981a75131180e1bd9c\",\"name\":\"R@mbla\",\"description\":\"Este art\u00edculo ha sido redactado y\\\/o validado por el equipo de redacci\u00f3n de Revista Rambla.\",\"sameAs\":[\"https:\\\/\\\/www.revistarambla.com\\\/\",\"https:\\\/\\\/www.facebook.com\\\/revistarambla\",\"https:\\\/\\\/x.com\\\/revistarambla\"]}]}<\/script>\n<!-- \/ Yoast SEO plugin. -->","yoast_head_json":{"title":"\u00bfVulnera la nueva ley de secretos la libertad de expresi\u00f3n? - Revista Rambla","robots":{"index":"index","follow":"follow","max-snippet":"max-snippet:-1","max-image-preview":"max-image-preview:large","max-video-preview":"max-video-preview:-1"},"canonical":"https:\/\/www.revistarambla.com\/en\/vulnera-la-nueva-ley-de-secretos-la-libertad-de-expresion\/","og_locale":"en_GB","og_type":"article","og_title":"\u00bfVulnera la nueva ley de secretos la libertad de expresi\u00f3n? - Revista Rambla","og_description":"El Gobierno espa\u00f1ol impulsa una nueva Ley de Informaci\u00f3n Clasificada: \u00bfUn equilibrio entre seguridad nacional y libertad de expresi\u00f3n?","og_url":"https:\/\/www.revistarambla.com\/en\/vulnera-la-nueva-ley-de-secretos-la-libertad-de-expresion\/","og_site_name":"Revista Rambla","article_publisher":"https:\/\/www.facebook.com\/revistarambla\/","article_author":"https:\/\/www.facebook.com\/revistarambla","article_published_time":"2025-07-26T10:04:54+00:00","article_modified_time":"2025-07-26T10:26:59+00:00","og_image":[{"width":1920,"height":1222,"url":"https:\/\/www.revistarambla.com\/wp-content\/uploads\/2025\/07\/LEY-SECRETOS-OFICIALES.jpeg","type":"image\/jpeg"}],"author":"R@mbla","twitter_card":"summary_large_image","twitter_creator":"@revistarambla","twitter_site":"@revistarambla","twitter_misc":{"Written by":"R@mbla","Estimated reading time":"7 minutes"},"schema":{"@context":"https:\/\/schema.org","@graph":[{"@type":"Article","@id":"https:\/\/www.revistarambla.com\/vulnera-la-nueva-ley-de-secretos-la-libertad-de-expresion\/#article","isPartOf":{"@id":"https:\/\/www.revistarambla.com\/vulnera-la-nueva-ley-de-secretos-la-libertad-de-expresion\/"},"author":{"name":"R@mbla","@id":"https:\/\/www.revistarambla.com\/#\/schema\/person\/a146a5a2550b94981a75131180e1bd9c"},"headline":"\u00bfVulnera la nueva ley de secretos la libertad de expresi\u00f3n?","datePublished":"2025-07-26T10:04:54+00:00","dateModified":"2025-07-26T10:26:59+00:00","mainEntityOfPage":{"@id":"https:\/\/www.revistarambla.com\/vulnera-la-nueva-ley-de-secretos-la-libertad-de-expresion\/"},"wordCount":1612,"publisher":{"@id":"https:\/\/www.revistarambla.com\/#organization"},"image":{"@id":"https:\/\/www.revistarambla.com\/vulnera-la-nueva-ley-de-secretos-la-libertad-de-expresion\/#primaryimage"},"thumbnailUrl":"https:\/\/www.revistarambla.com\/wp-content\/uploads\/2025\/07\/LEY-SECRETOS-OFICIALES.jpeg","articleSection":["Estado Espa\u00f1ol"],"inLanguage":"en-GB"},{"@type":"WebPage","@id":"https:\/\/www.revistarambla.com\/vulnera-la-nueva-ley-de-secretos-la-libertad-de-expresion\/","url":"https:\/\/www.revistarambla.com\/vulnera-la-nueva-ley-de-secretos-la-libertad-de-expresion\/","name":"\u00bfVulnera la nueva ley de secretos la libertad de expresi\u00f3n? - Revista Rambla","isPartOf":{"@id":"https:\/\/www.revistarambla.com\/#website"},"primaryImageOfPage":{"@id":"https:\/\/www.revistarambla.com\/vulnera-la-nueva-ley-de-secretos-la-libertad-de-expresion\/#primaryimage"},"image":{"@id":"https:\/\/www.revistarambla.com\/vulnera-la-nueva-ley-de-secretos-la-libertad-de-expresion\/#primaryimage"},"thumbnailUrl":"https:\/\/www.revistarambla.com\/wp-content\/uploads\/2025\/07\/LEY-SECRETOS-OFICIALES.jpeg","datePublished":"2025-07-26T10:04:54+00:00","dateModified":"2025-07-26T10:26:59+00:00","breadcrumb":{"@id":"https:\/\/www.revistarambla.com\/vulnera-la-nueva-ley-de-secretos-la-libertad-de-expresion\/#breadcrumb"},"inLanguage":"en-GB","potentialAction":[{"@type":"ReadAction","target":["https:\/\/www.revistarambla.com\/vulnera-la-nueva-ley-de-secretos-la-libertad-de-expresion\/"]}]},{"@type":"ImageObject","inLanguage":"en-GB","@id":"https:\/\/www.revistarambla.com\/vulnera-la-nueva-ley-de-secretos-la-libertad-de-expresion\/#primaryimage","url":"https:\/\/www.revistarambla.com\/wp-content\/uploads\/2025\/07\/LEY-SECRETOS-OFICIALES.jpeg","contentUrl":"https:\/\/www.revistarambla.com\/wp-content\/uploads\/2025\/07\/LEY-SECRETOS-OFICIALES.jpeg","width":1920,"height":1222},{"@type":"BreadcrumbList","@id":"https:\/\/www.revistarambla.com\/vulnera-la-nueva-ley-de-secretos-la-libertad-de-expresion\/#breadcrumb","itemListElement":[{"@type":"ListItem","position":1,"name":"Portada","item":"https:\/\/www.revistarambla.com\/"},{"@type":"ListItem","position":2,"name":"\u00bfVulnera la nueva ley de secretos la libertad de expresi\u00f3n?"}]},{"@type":"WebSite","@id":"https:\/\/www.revistarambla.com\/#website","url":"https:\/\/www.revistarambla.com\/","name":"Revista Rambla Barcelona","description":"Periodismo independiente","publisher":{"@id":"https:\/\/www.revistarambla.com\/#organization"},"potentialAction":[{"@type":"SearchAction","target":{"@type":"EntryPoint","urlTemplate":"https:\/\/www.revistarambla.com\/?s={search_term_string}"},"query-input":{"@type":"PropertyValueSpecification","valueRequired":true,"valueName":"search_term_string"}}],"inLanguage":"en-GB"},{"@type":"Organization","@id":"https:\/\/www.revistarambla.com\/#organization","name":"Revista Rambla","url":"https:\/\/www.revistarambla.com\/","logo":{"@type":"ImageObject","inLanguage":"en-GB","@id":"https:\/\/www.revistarambla.com\/#\/schema\/logo\/image\/","url":"https:\/\/www.revistarambla.com\/wp-content\/uploads\/2020\/09\/banner_rambla_1900x600_BB.png","contentUrl":"https:\/\/www.revistarambla.com\/wp-content\/uploads\/2020\/09\/banner_rambla_1900x600_BB.png","width":1900,"height":600,"caption":"Revista Rambla"},"image":{"@id":"https:\/\/www.revistarambla.com\/#\/schema\/logo\/image\/"},"sameAs":["https:\/\/www.facebook.com\/revistarambla\/","https:\/\/x.com\/revistarambla","https:\/\/www.instagram.com\/revista_rambla","https:\/\/es.linkedin.com\/company\/revista-rambla"]},{"@type":"Person","@id":"https:\/\/www.revistarambla.com\/#\/schema\/person\/a146a5a2550b94981a75131180e1bd9c","name":"R@mbla","description":"Este art\u00edculo ha sido redactado y\/o validado por el equipo de redacci\u00f3n de Revista Rambla.","sameAs":["https:\/\/www.revistarambla.com\/","https:\/\/www.facebook.com\/revistarambla","https:\/\/x.com\/revistarambla"]}]}},"_links":{"self":[{"href":"https:\/\/www.revistarambla.com\/en\/wp-json\/wp\/v2\/posts\/65873","targetHints":{"allow":["GET"]}}],"collection":[{"href":"https:\/\/www.revistarambla.com\/en\/wp-json\/wp\/v2\/posts"}],"about":[{"href":"https:\/\/www.revistarambla.com\/en\/wp-json\/wp\/v2\/types\/post"}],"author":[{"embeddable":true,"href":"https:\/\/www.revistarambla.com\/en\/wp-json\/wp\/v2\/users\/3"}],"replies":[{"embeddable":true,"href":"https:\/\/www.revistarambla.com\/en\/wp-json\/wp\/v2\/comments?post=65873"}],"version-history":[{"count":1,"href":"https:\/\/www.revistarambla.com\/en\/wp-json\/wp\/v2\/posts\/65873\/revisions"}],"predecessor-version":[{"id":65875,"href":"https:\/\/www.revistarambla.com\/en\/wp-json\/wp\/v2\/posts\/65873\/revisions\/65875"}],"wp:featuredmedia":[{"embeddable":true,"href":"https:\/\/www.revistarambla.com\/en\/wp-json\/wp\/v2\/media\/65874"}],"wp:attachment":[{"href":"https:\/\/www.revistarambla.com\/en\/wp-json\/wp\/v2\/media?parent=65873"}],"wp:term":[{"taxonomy":"category","embeddable":true,"href":"https:\/\/www.revistarambla.com\/en\/wp-json\/wp\/v2\/categories?post=65873"},{"taxonomy":"post_tag","embeddable":true,"href":"https:\/\/www.revistarambla.com\/en\/wp-json\/wp\/v2\/tags?post=65873"}],"curies":[{"name":"wp","href":"https:\/\/api.w.org\/{rel}","templated":true}]}}