{"id":65845,"date":"2025-07-22T14:34:31","date_gmt":"2025-07-22T12:34:31","guid":{"rendered":"https:\/\/www.revistarambla.com\/?p=65845"},"modified":"2025-07-22T14:34:31","modified_gmt":"2025-07-22T12:34:31","slug":"claves-para-recuperar-tu-melena-fue-trasplante-integral-y-mesoterapia-al-detalle","status":"publish","type":"post","link":"https:\/\/www.revistarambla.com\/en\/claves-para-recuperar-tu-melena-fue-trasplante-integral-y-mesoterapia-al-detalle\/","title":{"rendered":"Claves para recuperar tu melena: FUE, trasplante integral y mesoterapia al detalle"},"content":{"rendered":"<p>La p\u00e9rdida de cabello es un problema que afecta a millones de personas en todo el mundo, generando inseguridad y, en ocasiones, un impacto emocional significativo. Afortunadamente, <b>los avances en medicina capilar han permitido ofrecer soluciones efectivas y personalizadas<\/b>, capaces de revertir el proceso de ca\u00edda y fomentar el crecimiento de un cabello fuerte y abundante. En este art\u00edculo, exploraremos las <b>t\u00e9cnicas m\u00e1s innovadoras<\/b> y c\u00f3mo elegir el centro adecuado para tu tratamiento.<\/p>\n<h2><b>\u00bfPor qu\u00e9 acudir a una cl\u00ednica capilar especializada?<\/b><\/h2>\n<p>La clave del \u00e9xito en cualquier tratamiento para la ca\u00edda del cabello radica en la experiencia y la tecnolog\u00eda disponibles. Una <a href=\"https:\/\/institutodelpelo.com\/\">Cl\u00ednica Capilar<\/a> de prestigio no solo cuenta con profesionales formados en tricolog\u00eda, sino tambi\u00e9n con <b>herramientas de diagn\u00f3stico avanzadas<\/b> (an\u00e1lisis de densidad, tricoscopia digital) que permiten dise\u00f1ar un plan completamente a medida.<\/p>\n<p>Adem\u00e1s, un centro de referencia ofrece un seguimiento exhaustivo desde la primera consulta hasta el periodo postratamiento,<b> reforzando la confianza del paciente y maximizando los resultados<\/b>. Con un equipo multidisciplinar, se integran conocimientos de dermatolog\u00eda, cirug\u00eda reconstructiva y nutrici\u00f3n para abordar el problema de ra\u00edz, m\u00e1s all\u00e1 de los simples s\u00edntomas.<\/p>\n<h2><b>T\u00e9cnica FUE: precisi\u00f3n y resultados naturales<\/b><\/h2>\n<p>Una de las opciones m\u00e1s demandadas en trasplantes capilares es la <a href=\"https:\/\/institutodelpelo.com\/transplante-tecnica-fue\/\">T\u00e9cnica FUE<\/a> (<b><i>Follicular Unit Extraction<\/i><\/b>), un procedimiento m\u00ednimamente invasivo que extrae unidades foliculares de la zona donante sin dejar cicatrices lineales perceptibles. Gracias a esta t\u00e9cnica:<\/p>\n<ul>\n<li aria-level=\"1\"><b>Mayor comodidad<\/b>: la intervenci\u00f3n se realiza con anestesia local y el postoperatorio es m\u00e1s llevadero.<\/li>\n<li aria-level=\"1\"><b>Resultados armoniosos<\/b>: cada fol\u00edculo se injerta con precisi\u00f3n milim\u00e9trica, logrando una l\u00ednea de implantaci\u00f3n natural y personalizada.<\/li>\n<li aria-level=\"1\"><b>Recuperaci\u00f3n r\u00e1pida<\/b>: la ausencia de suturas reduce el riesgo de complicaciones y acorta el tiempo de recuperaci\u00f3n.<\/li>\n<\/ul>\n<p>Los especialistas programan la distribuci\u00f3n de los fol\u00edculos seg\u00fan la densidad ideal y la direcci\u00f3n del crecimiento, consiguiendo un acabado indistinguible de tu propio pelo.<\/p>\n<h2><b>\u00bfEn qu\u00e9 consiste un trasplante capilar integral?<\/b><\/h2>\n<p>M\u00e1s all\u00e1 de la t\u00e9cnica utilizada, un <a href=\"https:\/\/institutodelpelo.com\/transplante-capilar\/\">trasplante capilar<\/a> eficaz abarca varias fases:<\/p>\n<ol>\n<li aria-level=\"1\"><b>Evaluaci\u00f3n inicial<\/b>: se analizan factores gen\u00e9ticos, nivel de alopecia y estado del cuero cabelludo.<\/li>\n<li aria-level=\"1\"><b>Dise\u00f1o de la l\u00ednea frontal<\/b>: se determina de forma natural, respetando la fisonom\u00eda y edad del paciente.<\/li>\n<li aria-level=\"1\"><b>Extracci\u00f3n e implantaci\u00f3n<\/b>: con sistemas robotizados o manuales, siempre priorizando la supervivencia del fol\u00edculo.<\/li>\n<li aria-level=\"1\"><b>Cuidado postoperatorio<\/b>: seguimiento constante con revisiones y recomendaciones espec\u00edficas (nutrientes, cosm\u00e9ticos capilares y h\u00e1bitos de vida).<\/li>\n<\/ol>\n<p>Mesoterapia capilar: complemento regeneradora trasplante vaya m\u00e1s all\u00e1 de llenar espacios; <b>recupera densidad, textura y volumen<\/b>, aportando un aspecto saludable y revitalizado.<\/p>\n<h2><b>Mesoterapia Capilar: complemento regenerador<\/b><\/h2>\n<p>Para quienes buscan un tratamiento menos invasivo o deseen potenciar los resultados del trasplante, la <a href=\"https:\/\/institutodelpelo.com\/tratamiento-de-mesoterapia-capilar\/\">mesoterapia capilar<\/a> ofrece una alternativa eficaz. Consiste en microinyecciones superficiales de vitaminas, minerales y factores de crecimiento directamente en el cuero cabelludo. Sus beneficios incluyen:<\/p>\n<ul>\n<li aria-level=\"1\"><b>Estimulaci\u00f3n de la circulaci\u00f3n sangu\u00ednea<\/b>, mejorando la oxigenaci\u00f3n de los fol\u00edculos.<\/li>\n<li aria-level=\"1\"><b>Fortalecimiento capilar<\/b>, reduciendo la ca\u00edda y aumentando la resistencia del cabello.<\/li>\n<li aria-level=\"1\"><b>Acci\u00f3n revitalizante<\/b>, aportando nutrientes esenciales en cada sesi\u00f3n.<\/li>\n<\/ul>\n<p>El protocolo suele combinarse con peelings suaves y productos espec\u00edficos para prolongar la acci\u00f3n regeneradora y <b>maximizar el grosor del tallo capilar<\/b>.<\/p>\n<h2><b>\u00bfC\u00f3mo elegir tu centro de confianza?<\/b><\/h2>\n<ol>\n<li aria-level=\"1\"><b>Trayectoria y testimonios<\/b>: revisa casos reales y opiniones de pacientes. Un historial probado es sin\u00f3nimo de fiabilidad.<\/li>\n<li aria-level=\"1\"><b>Equipamiento y certificaciones<\/b>: aseg\u00farate de que utilizan tecnolog\u00eda puntera y cumplen con normativas m\u00e9dicas.<\/li>\n<li aria-level=\"1\"><b>Transparencia en el presupuesto<\/b>: conf\u00eda en cl\u00ednicas que ofrezcan un desglose claro de los costes y opciones de financiaci\u00f3n.<\/li>\n<li aria-level=\"1\"><b>Atenci\u00f3n personalizada<\/b>: busca un ambiente en el que se priorice la cercan\u00eda y el asesoramiento continuo.<\/li>\n<\/ol>\n<p>Una buena cl\u00ednica debe inspirar seguridad desde la primera llamada, clarificando cada paso y ofreciendo soluciones adaptadas a tu estilo de vida.<\/p>\n<h2><b>Recupera tu imagen y bienestar<\/b><\/h2>\n<p>Perder cabello puede minar la autoestima, pero<b> hoy disponemos de soluciones definitivas y cada vez m\u00e1s accesibles<\/b>. Gracias a la t\u00e9cnica FUE, al trasplante capilar integral y a tratamientos complementarios como la mesoterapia capilar, recuperar\u00e1s tu melena con un resultado natural y duradero. Estos procedimientos se realizan bajo anestesia local y con<b> t\u00e9cnicas de precisi\u00f3n que minimizan las molestias durante la intervenci\u00f3n<\/b>. Adem\u00e1s, el proceso de recuperaci\u00f3n se ha optimizado para que puedas retomar tus actividades habituales en pocos d\u00edas, con un alto porcentaje de supervivencia de los fol\u00edculos injertados. \u00a0Un plan de seguimiento personalizado \u2014que incluya revisiones peri\u00f3dicas y recomendaciones espec\u00edficas de cuidado capilar\u2014 <b>garantiza la<\/b> <b>salud a largo plazo de tu cuero cabelludo<\/b> y potencia los resultados obtenidos.<\/p>","protected":false},"excerpt":{"rendered":"<p>La p\u00e9rdida de cabello es un problema que afecta a millones de personas en todo el mundo, generando inseguridad y, en ocasiones, un impacto emocional significativo. Afortunadamente, los avances en medicina capilar han permitido ofrecer soluciones efectivas y personalizadas, capaces de revertir el proceso de ca\u00edda y fomentar el crecimiento [&hellip;]<\/p>\n","protected":false},"author":3,"featured_media":65846,"comment_status":"closed","ping_status":"closed","sticky":false,"template":"","format":"standard","meta":{"footnotes":""},"categories":[3790],"tags":[],"class_list":["post-65845","post","type-post","status-publish","format-standard","has-post-thumbnail","hentry","category-otras-noticias"],"yoast_head":"<!-- This site is optimized with the Yoast SEO plugin v27.5 - https:\/\/yoast.com\/product\/yoast-seo-wordpress\/ -->\n<title>Claves para recuperar tu melena: FUE, trasplante integral y mesoterapia al detalle - Revista Rambla<\/title>\n<meta name=\"robots\" content=\"index, follow, max-snippet:-1, max-image-preview:large, max-video-preview:-1\" \/>\n<link rel=\"canonical\" href=\"https:\/\/www.revistarambla.com\/en\/claves-para-recuperar-tu-melena-fue-trasplante-integral-y-mesoterapia-al-detalle\/\" \/>\n<meta property=\"og:locale\" content=\"en_GB\" \/>\n<meta property=\"og:type\" content=\"article\" \/>\n<meta property=\"og:title\" content=\"Claves para recuperar tu melena: FUE, trasplante integral y mesoterapia al detalle - Revista Rambla\" \/>\n<meta property=\"og:description\" content=\"La p\u00e9rdida de cabello es un problema que afecta a millones de personas en todo el mundo, generando inseguridad y, en ocasiones, un impacto emocional significativo. Afortunadamente, los avances en medicina capilar han permitido ofrecer soluciones efectivas y personalizadas, capaces de revertir el proceso de ca\u00edda y fomentar el crecimiento [&hellip;]\" \/>\n<meta property=\"og:url\" content=\"https:\/\/www.revistarambla.com\/en\/claves-para-recuperar-tu-melena-fue-trasplante-integral-y-mesoterapia-al-detalle\/\" \/>\n<meta property=\"og:site_name\" content=\"Revista Rambla\" \/>\n<meta property=\"article:publisher\" content=\"https:\/\/www.facebook.com\/revistarambla\/\" \/>\n<meta property=\"article:author\" content=\"https:\/\/www.facebook.com\/revistarambla\" \/>\n<meta property=\"article:published_time\" content=\"2025-07-22T12:34:31+00:00\" \/>\n<meta property=\"og:image\" content=\"https:\/\/www.revistarambla.com\/wp-content\/uploads\/2025\/07\/phpiFPELH687f445025d4b.jpg\" \/>\n\t<meta property=\"og:image:width\" content=\"1500\" \/>\n\t<meta property=\"og:image:height\" content=\"1000\" \/>\n\t<meta property=\"og:image:type\" content=\"image\/jpeg\" \/>\n<meta name=\"author\" content=\"R@mbla\" \/>\n<meta name=\"twitter:card\" content=\"summary_large_image\" \/>\n<meta name=\"twitter:creator\" content=\"@revistarambla\" \/>\n<meta name=\"twitter:site\" content=\"@revistarambla\" \/>\n<meta name=\"twitter:label1\" content=\"Written by\" \/>\n\t<meta name=\"twitter:data1\" content=\"R@mbla\" \/>\n\t<meta name=\"twitter:label2\" content=\"Estimated reading time\" \/>\n\t<meta name=\"twitter:data2\" content=\"4 minutes\" \/>\n<script type=\"application\/ld+json\" class=\"yoast-schema-graph\">{\"@context\":\"https:\\\/\\\/schema.org\",\"@graph\":[{\"@type\":\"Article\",\"@id\":\"https:\\\/\\\/www.revistarambla.com\\\/claves-para-recuperar-tu-melena-fue-trasplante-integral-y-mesoterapia-al-detalle\\\/#article\",\"isPartOf\":{\"@id\":\"https:\\\/\\\/www.revistarambla.com\\\/claves-para-recuperar-tu-melena-fue-trasplante-integral-y-mesoterapia-al-detalle\\\/\"},\"author\":{\"name\":\"R@mbla\",\"@id\":\"https:\\\/\\\/www.revistarambla.com\\\/#\\\/schema\\\/person\\\/a146a5a2550b94981a75131180e1bd9c\"},\"headline\":\"Claves para recuperar tu melena: FUE, trasplante integral y mesoterapia al detalle\",\"datePublished\":\"2025-07-22T12:34:31+00:00\",\"mainEntityOfPage\":{\"@id\":\"https:\\\/\\\/www.revistarambla.com\\\/claves-para-recuperar-tu-melena-fue-trasplante-integral-y-mesoterapia-al-detalle\\\/\"},\"wordCount\":821,\"publisher\":{\"@id\":\"https:\\\/\\\/www.revistarambla.com\\\/#organization\"},\"image\":{\"@id\":\"https:\\\/\\\/www.revistarambla.com\\\/claves-para-recuperar-tu-melena-fue-trasplante-integral-y-mesoterapia-al-detalle\\\/#primaryimage\"},\"thumbnailUrl\":\"https:\\\/\\\/www.revistarambla.com\\\/wp-content\\\/uploads\\\/2025\\\/07\\\/phpiFPELH687f445025d4b.jpg\",\"articleSection\":[\"Otras Noticias\"],\"inLanguage\":\"en-GB\"},{\"@type\":\"WebPage\",\"@id\":\"https:\\\/\\\/www.revistarambla.com\\\/claves-para-recuperar-tu-melena-fue-trasplante-integral-y-mesoterapia-al-detalle\\\/\",\"url\":\"https:\\\/\\\/www.revistarambla.com\\\/claves-para-recuperar-tu-melena-fue-trasplante-integral-y-mesoterapia-al-detalle\\\/\",\"name\":\"Claves para recuperar tu melena: FUE, trasplante integral y mesoterapia al detalle - Revista Rambla\",\"isPartOf\":{\"@id\":\"https:\\\/\\\/www.revistarambla.com\\\/#website\"},\"primaryImageOfPage\":{\"@id\":\"https:\\\/\\\/www.revistarambla.com\\\/claves-para-recuperar-tu-melena-fue-trasplante-integral-y-mesoterapia-al-detalle\\\/#primaryimage\"},\"image\":{\"@id\":\"https:\\\/\\\/www.revistarambla.com\\\/claves-para-recuperar-tu-melena-fue-trasplante-integral-y-mesoterapia-al-detalle\\\/#primaryimage\"},\"thumbnailUrl\":\"https:\\\/\\\/www.revistarambla.com\\\/wp-content\\\/uploads\\\/2025\\\/07\\\/phpiFPELH687f445025d4b.jpg\",\"datePublished\":\"2025-07-22T12:34:31+00:00\",\"breadcrumb\":{\"@id\":\"https:\\\/\\\/www.revistarambla.com\\\/claves-para-recuperar-tu-melena-fue-trasplante-integral-y-mesoterapia-al-detalle\\\/#breadcrumb\"},\"inLanguage\":\"en-GB\",\"potentialAction\":[{\"@type\":\"ReadAction\",\"target\":[\"https:\\\/\\\/www.revistarambla.com\\\/claves-para-recuperar-tu-melena-fue-trasplante-integral-y-mesoterapia-al-detalle\\\/\"]}]},{\"@type\":\"ImageObject\",\"inLanguage\":\"en-GB\",\"@id\":\"https:\\\/\\\/www.revistarambla.com\\\/claves-para-recuperar-tu-melena-fue-trasplante-integral-y-mesoterapia-al-detalle\\\/#primaryimage\",\"url\":\"https:\\\/\\\/www.revistarambla.com\\\/wp-content\\\/uploads\\\/2025\\\/07\\\/phpiFPELH687f445025d4b.jpg\",\"contentUrl\":\"https:\\\/\\\/www.revistarambla.com\\\/wp-content\\\/uploads\\\/2025\\\/07\\\/phpiFPELH687f445025d4b.jpg\",\"width\":1500,\"height\":1000,\"caption\":\"trasplante\"},{\"@type\":\"BreadcrumbList\",\"@id\":\"https:\\\/\\\/www.revistarambla.com\\\/claves-para-recuperar-tu-melena-fue-trasplante-integral-y-mesoterapia-al-detalle\\\/#breadcrumb\",\"itemListElement\":[{\"@type\":\"ListItem\",\"position\":1,\"name\":\"Portada\",\"item\":\"https:\\\/\\\/www.revistarambla.com\\\/\"},{\"@type\":\"ListItem\",\"position\":2,\"name\":\"Claves para recuperar tu melena: FUE, trasplante integral y mesoterapia al detalle\"}]},{\"@type\":\"WebSite\",\"@id\":\"https:\\\/\\\/www.revistarambla.com\\\/#website\",\"url\":\"https:\\\/\\\/www.revistarambla.com\\\/\",\"name\":\"Revista Rambla Barcelona\",\"description\":\"Periodismo independiente\",\"publisher\":{\"@id\":\"https:\\\/\\\/www.revistarambla.com\\\/#organization\"},\"potentialAction\":[{\"@type\":\"SearchAction\",\"target\":{\"@type\":\"EntryPoint\",\"urlTemplate\":\"https:\\\/\\\/www.revistarambla.com\\\/?s={search_term_string}\"},\"query-input\":{\"@type\":\"PropertyValueSpecification\",\"valueRequired\":true,\"valueName\":\"search_term_string\"}}],\"inLanguage\":\"en-GB\"},{\"@type\":\"Organization\",\"@id\":\"https:\\\/\\\/www.revistarambla.com\\\/#organization\",\"name\":\"Revista Rambla\",\"url\":\"https:\\\/\\\/www.revistarambla.com\\\/\",\"logo\":{\"@type\":\"ImageObject\",\"inLanguage\":\"en-GB\",\"@id\":\"https:\\\/\\\/www.revistarambla.com\\\/#\\\/schema\\\/logo\\\/image\\\/\",\"url\":\"https:\\\/\\\/www.revistarambla.com\\\/wp-content\\\/uploads\\\/2020\\\/09\\\/banner_rambla_1900x600_BB.png\",\"contentUrl\":\"https:\\\/\\\/www.revistarambla.com\\\/wp-content\\\/uploads\\\/2020\\\/09\\\/banner_rambla_1900x600_BB.png\",\"width\":1900,\"height\":600,\"caption\":\"Revista Rambla\"},\"image\":{\"@id\":\"https:\\\/\\\/www.revistarambla.com\\\/#\\\/schema\\\/logo\\\/image\\\/\"},\"sameAs\":[\"https:\\\/\\\/www.facebook.com\\\/revistarambla\\\/\",\"https:\\\/\\\/x.com\\\/revistarambla\",\"https:\\\/\\\/www.instagram.com\\\/revista_rambla\",\"https:\\\/\\\/es.linkedin.com\\\/company\\\/revista-rambla\"]},{\"@type\":\"Person\",\"@id\":\"https:\\\/\\\/www.revistarambla.com\\\/#\\\/schema\\\/person\\\/a146a5a2550b94981a75131180e1bd9c\",\"name\":\"R@mbla\",\"description\":\"Este art\u00edculo ha sido redactado y\\\/o validado por el equipo de redacci\u00f3n de Revista Rambla.\",\"sameAs\":[\"https:\\\/\\\/www.revistarambla.com\\\/\",\"https:\\\/\\\/www.facebook.com\\\/revistarambla\",\"https:\\\/\\\/x.com\\\/revistarambla\"]}]}<\/script>\n<!-- \/ Yoast SEO plugin. -->","yoast_head_json":{"title":"Claves para recuperar tu melena: FUE, trasplante integral y mesoterapia al detalle - Revista Rambla","robots":{"index":"index","follow":"follow","max-snippet":"max-snippet:-1","max-image-preview":"max-image-preview:large","max-video-preview":"max-video-preview:-1"},"canonical":"https:\/\/www.revistarambla.com\/en\/claves-para-recuperar-tu-melena-fue-trasplante-integral-y-mesoterapia-al-detalle\/","og_locale":"en_GB","og_type":"article","og_title":"Claves para recuperar tu melena: FUE, trasplante integral y mesoterapia al detalle - Revista Rambla","og_description":"La p\u00e9rdida de cabello es un problema que afecta a millones de personas en todo el mundo, generando inseguridad y, en ocasiones, un impacto emocional significativo. Afortunadamente, los avances en medicina capilar han permitido ofrecer soluciones efectivas y personalizadas, capaces de revertir el proceso de ca\u00edda y fomentar el crecimiento [&hellip;]","og_url":"https:\/\/www.revistarambla.com\/en\/claves-para-recuperar-tu-melena-fue-trasplante-integral-y-mesoterapia-al-detalle\/","og_site_name":"Revista Rambla","article_publisher":"https:\/\/www.facebook.com\/revistarambla\/","article_author":"https:\/\/www.facebook.com\/revistarambla","article_published_time":"2025-07-22T12:34:31+00:00","og_image":[{"width":1500,"height":1000,"url":"https:\/\/www.revistarambla.com\/wp-content\/uploads\/2025\/07\/phpiFPELH687f445025d4b.jpg","type":"image\/jpeg"}],"author":"R@mbla","twitter_card":"summary_large_image","twitter_creator":"@revistarambla","twitter_site":"@revistarambla","twitter_misc":{"Written by":"R@mbla","Estimated reading time":"4 minutes"},"schema":{"@context":"https:\/\/schema.org","@graph":[{"@type":"Article","@id":"https:\/\/www.revistarambla.com\/claves-para-recuperar-tu-melena-fue-trasplante-integral-y-mesoterapia-al-detalle\/#article","isPartOf":{"@id":"https:\/\/www.revistarambla.com\/claves-para-recuperar-tu-melena-fue-trasplante-integral-y-mesoterapia-al-detalle\/"},"author":{"name":"R@mbla","@id":"https:\/\/www.revistarambla.com\/#\/schema\/person\/a146a5a2550b94981a75131180e1bd9c"},"headline":"Claves para recuperar tu melena: FUE, trasplante integral y mesoterapia al detalle","datePublished":"2025-07-22T12:34:31+00:00","mainEntityOfPage":{"@id":"https:\/\/www.revistarambla.com\/claves-para-recuperar-tu-melena-fue-trasplante-integral-y-mesoterapia-al-detalle\/"},"wordCount":821,"publisher":{"@id":"https:\/\/www.revistarambla.com\/#organization"},"image":{"@id":"https:\/\/www.revistarambla.com\/claves-para-recuperar-tu-melena-fue-trasplante-integral-y-mesoterapia-al-detalle\/#primaryimage"},"thumbnailUrl":"https:\/\/www.revistarambla.com\/wp-content\/uploads\/2025\/07\/phpiFPELH687f445025d4b.jpg","articleSection":["Otras Noticias"],"inLanguage":"en-GB"},{"@type":"WebPage","@id":"https:\/\/www.revistarambla.com\/claves-para-recuperar-tu-melena-fue-trasplante-integral-y-mesoterapia-al-detalle\/","url":"https:\/\/www.revistarambla.com\/claves-para-recuperar-tu-melena-fue-trasplante-integral-y-mesoterapia-al-detalle\/","name":"Claves para recuperar tu melena: FUE, trasplante integral y mesoterapia al detalle - Revista Rambla","isPartOf":{"@id":"https:\/\/www.revistarambla.com\/#website"},"primaryImageOfPage":{"@id":"https:\/\/www.revistarambla.com\/claves-para-recuperar-tu-melena-fue-trasplante-integral-y-mesoterapia-al-detalle\/#primaryimage"},"image":{"@id":"https:\/\/www.revistarambla.com\/claves-para-recuperar-tu-melena-fue-trasplante-integral-y-mesoterapia-al-detalle\/#primaryimage"},"thumbnailUrl":"https:\/\/www.revistarambla.com\/wp-content\/uploads\/2025\/07\/phpiFPELH687f445025d4b.jpg","datePublished":"2025-07-22T12:34:31+00:00","breadcrumb":{"@id":"https:\/\/www.revistarambla.com\/claves-para-recuperar-tu-melena-fue-trasplante-integral-y-mesoterapia-al-detalle\/#breadcrumb"},"inLanguage":"en-GB","potentialAction":[{"@type":"ReadAction","target":["https:\/\/www.revistarambla.com\/claves-para-recuperar-tu-melena-fue-trasplante-integral-y-mesoterapia-al-detalle\/"]}]},{"@type":"ImageObject","inLanguage":"en-GB","@id":"https:\/\/www.revistarambla.com\/claves-para-recuperar-tu-melena-fue-trasplante-integral-y-mesoterapia-al-detalle\/#primaryimage","url":"https:\/\/www.revistarambla.com\/wp-content\/uploads\/2025\/07\/phpiFPELH687f445025d4b.jpg","contentUrl":"https:\/\/www.revistarambla.com\/wp-content\/uploads\/2025\/07\/phpiFPELH687f445025d4b.jpg","width":1500,"height":1000,"caption":"trasplante"},{"@type":"BreadcrumbList","@id":"https:\/\/www.revistarambla.com\/claves-para-recuperar-tu-melena-fue-trasplante-integral-y-mesoterapia-al-detalle\/#breadcrumb","itemListElement":[{"@type":"ListItem","position":1,"name":"Portada","item":"https:\/\/www.revistarambla.com\/"},{"@type":"ListItem","position":2,"name":"Claves para recuperar tu melena: FUE, trasplante integral y mesoterapia al detalle"}]},{"@type":"WebSite","@id":"https:\/\/www.revistarambla.com\/#website","url":"https:\/\/www.revistarambla.com\/","name":"Revista Rambla Barcelona","description":"Periodismo independiente","publisher":{"@id":"https:\/\/www.revistarambla.com\/#organization"},"potentialAction":[{"@type":"SearchAction","target":{"@type":"EntryPoint","urlTemplate":"https:\/\/www.revistarambla.com\/?s={search_term_string}"},"query-input":{"@type":"PropertyValueSpecification","valueRequired":true,"valueName":"search_term_string"}}],"inLanguage":"en-GB"},{"@type":"Organization","@id":"https:\/\/www.revistarambla.com\/#organization","name":"Revista Rambla","url":"https:\/\/www.revistarambla.com\/","logo":{"@type":"ImageObject","inLanguage":"en-GB","@id":"https:\/\/www.revistarambla.com\/#\/schema\/logo\/image\/","url":"https:\/\/www.revistarambla.com\/wp-content\/uploads\/2020\/09\/banner_rambla_1900x600_BB.png","contentUrl":"https:\/\/www.revistarambla.com\/wp-content\/uploads\/2020\/09\/banner_rambla_1900x600_BB.png","width":1900,"height":600,"caption":"Revista Rambla"},"image":{"@id":"https:\/\/www.revistarambla.com\/#\/schema\/logo\/image\/"},"sameAs":["https:\/\/www.facebook.com\/revistarambla\/","https:\/\/x.com\/revistarambla","https:\/\/www.instagram.com\/revista_rambla","https:\/\/es.linkedin.com\/company\/revista-rambla"]},{"@type":"Person","@id":"https:\/\/www.revistarambla.com\/#\/schema\/person\/a146a5a2550b94981a75131180e1bd9c","name":"R@mbla","description":"Este art\u00edculo ha sido redactado y\/o validado por el equipo de redacci\u00f3n de Revista Rambla.","sameAs":["https:\/\/www.revistarambla.com\/","https:\/\/www.facebook.com\/revistarambla","https:\/\/x.com\/revistarambla"]}]}},"_links":{"self":[{"href":"https:\/\/www.revistarambla.com\/en\/wp-json\/wp\/v2\/posts\/65845","targetHints":{"allow":["GET"]}}],"collection":[{"href":"https:\/\/www.revistarambla.com\/en\/wp-json\/wp\/v2\/posts"}],"about":[{"href":"https:\/\/www.revistarambla.com\/en\/wp-json\/wp\/v2\/types\/post"}],"author":[{"embeddable":true,"href":"https:\/\/www.revistarambla.com\/en\/wp-json\/wp\/v2\/users\/3"}],"replies":[{"embeddable":true,"href":"https:\/\/www.revistarambla.com\/en\/wp-json\/wp\/v2\/comments?post=65845"}],"version-history":[{"count":1,"href":"https:\/\/www.revistarambla.com\/en\/wp-json\/wp\/v2\/posts\/65845\/revisions"}],"predecessor-version":[{"id":65847,"href":"https:\/\/www.revistarambla.com\/en\/wp-json\/wp\/v2\/posts\/65845\/revisions\/65847"}],"wp:featuredmedia":[{"embeddable":true,"href":"https:\/\/www.revistarambla.com\/en\/wp-json\/wp\/v2\/media\/65846"}],"wp:attachment":[{"href":"https:\/\/www.revistarambla.com\/en\/wp-json\/wp\/v2\/media?parent=65845"}],"wp:term":[{"taxonomy":"category","embeddable":true,"href":"https:\/\/www.revistarambla.com\/en\/wp-json\/wp\/v2\/categories?post=65845"},{"taxonomy":"post_tag","embeddable":true,"href":"https:\/\/www.revistarambla.com\/en\/wp-json\/wp\/v2\/tags?post=65845"}],"curies":[{"name":"wp","href":"https:\/\/api.w.org\/{rel}","templated":true}]}}