{"id":65817,"date":"2025-07-21T14:22:01","date_gmt":"2025-07-21T12:22:01","guid":{"rendered":"https:\/\/www.revistarambla.com\/?p=65817"},"modified":"2025-07-21T14:22:01","modified_gmt":"2025-07-21T12:22:01","slug":"planeta-a-los-tumbos-la-agenda-2030-no-aprueba-el-examen","status":"publish","type":"post","link":"https:\/\/www.revistarambla.com\/en\/planeta-a-los-tumbos-la-agenda-2030-no-aprueba-el-examen\/","title":{"rendered":"Planeta a los tumbos: la Agenda 2030 no aprueba el examen"},"content":{"rendered":"<p><b><span lang=\"ES\">Balance planetario para nada optimista. S\u00f3lo un tercio de las metas que las Naciones Unidas (ONU) definieron en 2015 para reducir la pobreza van por buen camino o progresan moderadamente. Y 2030 est\u00e1 muy cerca. <\/span><\/b><\/p>\n<p><span lang=\"ES\">En opini\u00f3n<\/span><span lang=\"ES\"> de Ant\u00f3nio Guterres<\/span><span lang=\"ES\">, secretario general de la ONU, \u201cH<\/span><span lang=\"ES\">ay que ser claros: no estamos donde tenemos que estar\u201d. Con esta constataci\u00f3n hecha p\u00fablica el 13 de julio arranc\u00f3 una quincena importante para medir la salud (o la enfermedad) del planeta. Reci\u00e9n hab\u00eda concluido en Sevilla la <\/span><span lang=\"ES\">Cuarta Conferencia Internacional sobre la Financiaci\u00f3n para el Desarrollo<\/span><span lang=\"ES\"> (30 de junio-3 de julio) y pocas horas despu\u00e9s se aprestaba a comenzar en Nueva York el Foro Pol\u00edtico de Alto Nivel sobre el Desarrollo Sostenible (14-24 julio). Este Foro constituye la <\/span><span lang=\"ES\">plataforma central de las Naciones Unidas para el seguimiento y la revisi\u00f3n de la\u00a0<\/span><span lang=\"FR\"><a href=\"https:\/\/documents.un.org\/doc\/undoc\/gen\/n15\/291\/89\/pdf\/n1529189.pdf?OpenElement\" target=\"_blank\" rel=\"nofollow noopener\" data-saferedirecturl=\"https:\/\/www.google.com\/url?q=https:\/\/documents.un.org\/doc\/undoc\/gen\/n15\/291\/89\/pdf\/n1529189.pdf?OpenElement&amp;source=gmail&amp;ust=1753186699482000&amp;usg=AOvVaw3Yab7SIUxCdK-TbA8R2Q6Q\"><span lang=\"ES\">Agenda 2030 <\/span><\/a><\/span><span lang=\"ES\">y de sus 17\u00a0<\/span><span lang=\"FR\"><a href=\"https:\/\/sdgs.un.org\/goals\" target=\"_blank\" rel=\"nofollow noopener\" data-saferedirecturl=\"https:\/\/www.google.com\/url?q=https:\/\/sdgs.un.org\/goals&amp;source=gmail&amp;ust=1753186699482000&amp;usg=AOvVaw2Jitcu__Jw1rMIDdIr6CqS\"><span lang=\"ES\">Objetivos de Desarrollo Sostenible (ODS)<\/span><\/a><\/span><span lang=\"ES\"> aprobados en 2015. En la actual sesi\u00f3n se est\u00e1 evaluando el cumplimiento de cinco de estos objetivos: <\/span><span lang=\"ES\">Buena salud y bienestar,\u00a0Igualdad de g\u00e9nero,\u00a0Trabajo decente y crecimiento econ\u00f3mico,\u00a0Vida submarina y\u00a0las Alianzas para implementar los propios ODS (<\/span><i><span lang=\"ES\"><a href=\"https:\/\/hlpf.un.org\/home\" target=\"_blank\" rel=\"nofollow noopener\" data-saferedirecturl=\"https:\/\/www.google.com\/url?q=https:\/\/hlpf.un.org\/home&amp;source=gmail&amp;ust=1753186699482000&amp;usg=AOvVaw1f1l-ddQW3Ll_ehTbNS5AY\">https:\/\/hlpf.un.org\/home<\/a><\/span><\/i><span lang=\"ES\">). <i><\/i><\/span><\/p>\n<p><span lang=\"ES\">Seg\u00fan el Informe de la ONU que sirve de referencia para esta evaluaci\u00f3n, casi la mitad de las metas definidas en 2015 avanzan \u201cdemasiado despacio\u201d y un 18% camina \u201ca la inversa\u201d (<\/span><i><span lang=\"ES\"><a href=\"https:\/\/dashboards.sdgindex.org\/\" target=\"_blank\" rel=\"nofollow noopener\" data-saferedirecturl=\"https:\/\/www.google.com\/url?q=https:\/\/dashboards.sdgindex.org\/&amp;source=gmail&amp;ust=1753186699482000&amp;usg=AOvVaw3RoU4N05hNWsnh5VW65kQ6\">https:\/\/dashboards.sdgindex.<wbr \/>org\/<\/a><\/span><\/i><span lang=\"ES\">). Para Guterres, el mundo se confronta con \u201cuna emergencia mundial de desarrollo\u201d. Agravada por la intensificaci\u00f3n de los impactos clim\u00e1ticos y la deuda, la cual \u201cagota los recursos que los pa\u00edses necesitan para invertir en su gente\u201d. <\/span><\/p>\n<p><b><span lang=\"ES\">Balance mitigado, por no decir pesimista<\/span><\/b><\/p>\n<p><span lang=\"ES\">En la planilla del \u201chaber\u201d, Naciones Unidas incorpora se\u00f1ales positivas a nivel mundial. Por ejemplo, la cantidad de personas que ya tienen acceso a la electricidad, aproximadamente un 92%.<\/span><\/p>\n<p><span lang=\"ES\">As\u00ed mismo, desde 2015 hasta ahora el acceso a Internet creci\u00f3 del 40% al 68%, lo cual facilita que millones de seres humanos aspiren a mejores niveles de educaci\u00f3n y empleo. <\/span><\/p>\n<p><span lang=\"ES\">La protecci\u00f3n social cubre a m\u00e1s de la mitad de la poblaci\u00f3n del planeta; se increment\u00f3 la llegada de m\u00e1s ni\u00f1as a la escuela y se redujo el matrimonio infantil (menos de 18 a\u00f1os de edad), aunque todav\u00eda hay 12 millones de casamientos de ni\u00f1as menores cada a\u00f1o. <\/span><\/p>\n<p><span lang=\"ES\">En la \u00faltima d\u00e9cada, otros 110 millones de ni\u00f1os, ni\u00f1as y j\u00f3venes se han matriculado en la escuela y 54 pa\u00edses han eliminado al menos una enfermedad tropical. Seg\u00fan la ONU, tambi\u00e9n se ha reducido<\/span><span lang=\"ES\"> la tasa de mortalidad de menores de cinco a\u00f1os, as\u00ed como el \u00edndice de mortalidad neonatal.<\/span><\/p>\n<p><span lang=\"ES\">Estos resultados positivos parciales, sin embargo, no pueden \u201cocultar la realidad de la pobreza persistente, la creciente desigualdad y la crisis clim\u00e1tica\u201d. Los 800 millones de personas, incluidos 38 millones de refugiados, que a\u00fan viven en situaci\u00f3n de pobreza extrema representa una cifra escalofriante. Unos 1.120 millones de personas viven en barrios marginales, sin servicios b\u00e1sicos. Una de cada cuatro personas no tiene acceso a agua potable. En paralelo, seg\u00fan el Banco Mundial, en 2023 los pa\u00edses en desarrollo destinaron la cifra r\u00e9cord de\u00a01,4\u00a0billones de d\u00f3lares a pagos de su deuda <\/span><span lang=\"ES\">externa. Con el agravante que los costos de los intereses aumentaron casi un tercio hasta alcanzar los\u00a0406\u00a0000\u00a0millones de d\u00f3lares, llegando as\u00ed al nivel m\u00e1s alto de los \u00faltimos 20\u00a0a\u00f1os. Lo que redujo los presupuestos de muchos pa\u00edses para \u00e1reas cr\u00edticas como salud, educaci\u00f3n y medio ambiente. (<\/span><i><span lang=\"ES\"><a href=\"https:\/\/www.bancomundial.org\/es\/news\/press-release\/2024\/12\/03\/developing-countries-paid-record-1-4-trillion-on-foreign-debt-in-2023\" target=\"_blank\" rel=\"nofollow noopener\" data-saferedirecturl=\"https:\/\/www.google.com\/url?q=https:\/\/www.bancomundial.org\/es\/news\/press-release\/2024\/12\/03\/developing-countries-paid-record-1-4-trillion-on-foreign-debt-in-2023&amp;source=gmail&amp;ust=1753186699482000&amp;usg=AOvVaw09iSDGK7XbQYT9NyYUhIMU\">https:\/\/www.bancomundial.org\/<wbr \/>es\/news\/press-release\/2024\/12\/<wbr \/>03\/developing-countries-paid-<wbr \/>record-1-4-trillion-on-<wbr \/>foreign-debt-in-2023<\/a><\/span><\/i><span lang=\"ES\">).<\/span><\/p>\n<p><span lang=\"ES\">El Informe reconoce que, \u201ce<\/span><span lang=\"ES\">n promedio, a nivel mundial, los Objetivos de Desarrollo Sostenible est\u00e1n muy lejos de alcanzarse\u201d.\u00a0Ninguno de estos 17 objetivos podr\u00e1 lograrse hacia el a\u00f1o 2030. Entre los principales obst\u00e1culos: los conflictos b\u00e9licos, las vulnerabilidades estructurales y el limitado margen fiscal. Todo ello impide el progreso hacia las metas fijadas en muchas partes del mundo.<\/span><\/p>\n<p><span lang=\"ES\">En s\u00edntesis: en el libro contable del \u201cdebe\u201d y el \u201chaber\u201d, los logros, seg\u00fan la propia ONU, son claramente insuficientes si se piensa en las esperanzas cifradas por el consenso mundial alcanzado en 2015 para eliminar la pobreza en 15 a\u00f1os (<\/span><i><span lang=\"ES\"><a href=\"https:\/\/news.un.org\/es\/story\/2025\/07\/1540167\" target=\"_blank\" rel=\"nofollow noopener\" data-saferedirecturl=\"https:\/\/www.google.com\/url?q=https:\/\/news.un.org\/es\/story\/2025\/07\/1540167&amp;source=gmail&amp;ust=1753186699482000&amp;usg=AOvVaw13dtMv6QGJ3V4o8aLE6Y59\">https:\/\/news.un.org\/es\/story\/<wbr \/>2025\/07\/1540167<\/a><\/span><\/i><span lang=\"ES\">)<i>.<\/i><\/span><\/p>\n<p><b><span lang=\"ES\">Perspectivas inciertas sin reformas de fondo<\/span><\/b><\/p>\n<p><span lang=\"ES\">Para el secretario general de las Naciones Unidas, \u201cEl progreso es imposible sin un desbloque de la financiaci\u00f3n\u201d a gran escala. De all\u00ed que esta organizaci\u00f3n llame a una\u00a0reforma de la arquitectura financiera internacional (la actual \u201cest\u00e1 deteriorada\u201d),\u00a0la adopci\u00f3n de medidas de alivio de la deuda y la triplicaci\u00f3n de la capacidad de pr\u00e9stamo de los bancos multilaterales de desarrollo. Seg\u00fan la <\/span><span lang=\"ES\">ONU, aunque el desarrollo sostenible ofrece altos rendimientos, \u201cEl dinero fluye con facilidad hacia los pa\u00edses ricos y no hacia las econom\u00edas emergentes y en desarrollo, que son las que ofrecen mayor potencial de crecimiento y tasas de rentabilidad\u201d. En consecuencia, reclama que el capital fluya hacia los pa\u00edses emergentes y en desarrollo y en condiciones m\u00e1s favorables con el fin de apoyar los bienes p\u00fablicos globales y lograr el desarrollo sostenible<\/span><span lang=\"ES\">.<\/span><\/p>\n<p><span lang=\"ES\">En plan de corregir el incumplimiento de la Agenda, las Naciones Unidas identifican seis \u00e1reas en las que m\u00e1s esfuerzos podr\u00edan producir efectos m\u00e1s significativos: sistemas alimentarios, energ\u00eda, digital, educaci\u00f3n, empleo y acci\u00f3n clim\u00e1tica. Para Guterres, \u201cLas transformaciones estructurales [&#8230;] son nuestra hoja de ruta \u2026 y los avances en un \u00e1rea pueden multiplicar el progreso en todas ellas\u201d.<\/span><\/p>\n<p><span lang=\"ES\">Nuevamente, durante los cinco a\u00f1os restantes la voluntad pol\u00edtica de los Estados estar\u00e1 en juego en cualquier esfuerzo por avanzar hacia el cumplimiento de la Agenda 2030. Se trata de una coyuntura internacional donde no son pocas las voces que se oponen, que niegan, o que incluso ridiculizan la Agenda, fundamentalmente gobiernos de derecha o sectores reaccionarios de la comunidad internacional. <\/span><span lang=\"ES\">El 4 de marzo, Edward Heartney, representante estadounidense ante la Asamblea de la ONU, fue muy expl\u00edcito: \u201cEstados Unidos rechaza y denuncia la Agenda 2030 para el desarrollo sostenible y los objetivos de desarrollo sostenible y no los reafirmar\u00e1 m\u00e1s como algo habitual\u201d (<\/span><i><span lang=\"ES\"><a href=\"https:\/\/www.voanews.com\/a\/at-un-trump-s-domestic-policies-enter-international-arena\/7997792.html\" target=\"_blank\" rel=\"nofollow noopener\" data-saferedirecturl=\"https:\/\/www.google.com\/url?q=https:\/\/www.voanews.com\/a\/at-un-trump-s-domestic-policies-enter-international-arena\/7997792.html&amp;source=gmail&amp;ust=1753186699482000&amp;usg=AOvVaw1jll4wXMAiIyQmAg1gaKtF\">https:\/\/www.voanews.com\/a\/at-<wbr \/>un-trump-s-domestic-policies-<wbr \/>enter-international-arena\/<wbr \/>7997792.html<\/a><\/span><\/i><span lang=\"ES\">). Su m\u00e1s incondicional aliado latinoamericano, el presidente argentino Javier Milei, ya hab\u00eda lanzado sus propias diatribas contra esa propuesta ante la Asamblea de la ONU en setiembre del a\u00f1o pasado. En esa ocasi\u00f3n afirm\u00f3 que, <\/span><span lang=\"ES\">\u201c<\/span><span lang=\"ES\">aunque bien intencionada en sus metas, la Agenda 2030 no es otra cosa que un programa de gobierno supranacional de corte socialista que pretende resolver los problemas de la modernidad con soluciones que atentan contra la soberan\u00eda de los Estados naci\u00f3n y violentan el derecho a la vida, la libertad y la propiedad de las personas\u201d (<\/span><i><span lang=\"ES\"><a href=\"https:\/\/www.argentina.gob.ar\/noticias\/javier-milei-en-la-asamblea-de-naciones-unidas-argentina-va-abandonar-la-posicion-de\" target=\"_blank\" rel=\"nofollow noopener\" data-saferedirecturl=\"https:\/\/www.google.com\/url?q=https:\/\/www.argentina.gob.ar\/noticias\/javier-milei-en-la-asamblea-de-naciones-unidas-argentina-va-abandonar-la-posicion-de&amp;source=gmail&amp;ust=1753186699482000&amp;usg=AOvVaw300BpvKP2j-kFZQBK8Gh9l\">https:\/\/www.argentina.gob.ar\/<wbr \/>noticias\/javier-milei-en-la-<wbr \/>asamblea-de-naciones-unidas-<wbr \/>argentina-va-abandonar-la-<wbr \/>posicion-de<\/a><\/span><\/i><span lang=\"ES\">). En noviembre de 2024, durante la Cumbre del Grupo de los 20 en Brasil, Milei se distanci\u00f3 de varios puntos del documento final que reivindican esta hoja de ruta internacional para enfrentar la pobreza. <\/span><\/p>\n<p><b><span lang=\"ES\">Cr\u00edticas ciudadanas. Luces y sombras de Sevilla<\/span><\/b><\/p>\n<p><span lang=\"ES\">Queda muy poco tiempo para cumplir los Objetivos de Desarrollo Sostenible de la Agenda 2030 y \u201cestamos muy lejos de alcanzar los compromisos asumidos\u201d, recuerda por su parte La Coordinadora de Organizaciones para el Desarrollo, plataforma espa\u00f1ola que re\u00fane un centenar de organizaciones sociales y redes auton\u00f3micas dedicadas a la cooperaci\u00f3n internacional, la educaci\u00f3n para la ciudadan\u00eda global y la acci\u00f3n humanitaria. Cerca de 1.500 representantes de la sociedad civil de numerosos pa\u00edses participaron en un evento paralelo previo y siguieron <i>in situ <\/i>el desarrollo de la Conferencia de Sevilla. Promovieron, incluso, acciones de protesta antes y durante el propio evento para exigir la cancelaci\u00f3n de la deuda externa, la justicia econ\u00f3mica global, las tasas a ricos y las empresas contaminantes, as\u00ed como la inversi\u00f3n en servicios p\u00fablicos y la cooperaci\u00f3n internacional.<\/span><\/p>\n<p><span lang=\"ES\">En su balance final de la Conferencia de Sevilla, La Coordinadora critic\u00f3, en tanto eco de la voz mayoritaria de la sociedad civil internacional, que no se trata de una falta de recursos sino de un problema de prioridades. \u201cDinero hay,\u00a0como demuestra el aumento sin control del gasto militar que en 2024 super\u00f3 los 2.700 millones de d\u00f3lares; los subsidios a los combustibles f\u00f3siles, o los\u00a025.000 millones de d\u00f3lares que se calcula est\u00e1n escondidos en guaridas fiscales sin pagar impuestos\u201d. Mientras tanto, agreg\u00f3, \u201cmillones de personas no tienen acceso a servicios b\u00e1sicos, como agua potable, alimentos o educaci\u00f3n\u201d.<\/span><\/p>\n<p><span lang=\"ES\">La Coordinadora tambi\u00e9n se\u00f1al\u00f3 que m\u00e1s de 60 pa\u00edses \u2013con unos 3.000 millones de habitantes&#8211; dedican m\u00e1s dinero a pagar la deuda externa que a la educaci\u00f3n o la salud, situaci\u00f3n que afecta a cerca de la mitad de la poblaci\u00f3n mundial. Mientras tanto, los fondos que especulan con la vivienda, la salud o la educaci\u00f3n lucran a costa de los derechos de millones de personas en todo el planeta. Por otra parte, tampoco dan respuesta a la emergencia clim\u00e1tica que golpea gravemente a regiones enteras, especialmente las poblaciones que menos incidencia tienen en el calentamiento global. Ya son, por lo menos, 120 millones de personas que se han visto obligadas a abandonar sus hogares (<\/span><i><span lang=\"ES\"><a href=\"https:\/\/coordinadoraongd.org\/2025\/07\/conferencia-de-sevilla-un-balance-con-luces-y-sombras\/\" target=\"_blank\" rel=\"nofollow noopener\" data-saferedirecturl=\"https:\/\/www.google.com\/url?q=https:\/\/coordinadoraongd.org\/2025\/07\/conferencia-de-sevilla-un-balance-con-luces-y-sombras\/&amp;source=gmail&amp;ust=1753186699482000&amp;usg=AOvVaw1BtzY1fZQNWpjEAuSTMOoq\">https:\/\/coordinadoraongd.org\/<wbr \/>2025\/07\/conferencia-de-<wbr \/>sevilla-un-balance-con-luces-<wbr \/>y-sombras\/<\/a><\/span><\/i><span lang=\"ES\">).<\/span><\/p>\n<p><span lang=\"ES\">El objetivo de erradicar la pobreza en el mundo hacia el a\u00f1o 2030, esbozado por la comunidad internacional hace diez a\u00f1os, parece hoy un sue\u00f1o postergado o imposible. El letargo y la falta de voluntad pol\u00edtica de los que hegemonizan el poder es evidente. La realidad actual prueba que, sin cambios de fondo del actual sistema internacional, 2030 no ser\u00e1 m\u00e1s que el momento donde se constatar\u00e1 otro gran fracaso humano: el de un sue\u00f1o que se convirti\u00f3 en pesadilla.<\/span><\/p>\n","protected":false},"excerpt":{"rendered":"<p>Balance planetario para nada optimista. S\u00f3lo un tercio de las metas que las Naciones Unidas (ONU) definieron en 2015 para reducir la pobreza van por buen camino o progresan moderadamente. Y 2030 est\u00e1 muy cerca. En opini\u00f3n de Ant\u00f3nio Guterres, secretario general de la ONU, \u201cHay que ser claros: no [&hellip;]<\/p>\n","protected":false},"author":24,"featured_media":65818,"comment_status":"closed","ping_status":"closed","sticky":false,"template":"","format":"standard","meta":{"footnotes":""},"categories":[4108],"tags":[],"class_list":["post-65817","post","type-post","status-publish","format-standard","has-post-thumbnail","hentry","category-el-apunte-de-sergio-ferrari"],"yoast_head":"<!-- This site is optimized with the Yoast SEO plugin v27.5 - https:\/\/yoast.com\/product\/yoast-seo-wordpress\/ -->\n<title>Planeta a los tumbos: la Agenda 2030 no aprueba el examen - Revista Rambla<\/title>\n<meta name=\"robots\" content=\"index, follow, max-snippet:-1, max-image-preview:large, max-video-preview:-1\" \/>\n<link rel=\"canonical\" href=\"https:\/\/www.revistarambla.com\/en\/planeta-a-los-tumbos-la-agenda-2030-no-aprueba-el-examen\/\" \/>\n<meta property=\"og:locale\" content=\"en_GB\" \/>\n<meta property=\"og:type\" content=\"article\" \/>\n<meta property=\"og:title\" content=\"Planeta a los tumbos: la Agenda 2030 no aprueba el examen - Revista Rambla\" \/>\n<meta property=\"og:description\" content=\"Balance planetario para nada optimista. S\u00f3lo un tercio de las metas que las Naciones Unidas (ONU) definieron en 2015 para reducir la pobreza van por buen camino o progresan moderadamente. Y 2030 est\u00e1 muy cerca. En opini\u00f3n de Ant\u00f3nio Guterres, secretario general de la ONU, \u201cHay que ser claros: no [&hellip;]\" \/>\n<meta property=\"og:url\" content=\"https:\/\/www.revistarambla.com\/en\/planeta-a-los-tumbos-la-agenda-2030-no-aprueba-el-examen\/\" \/>\n<meta property=\"og:site_name\" content=\"Revista Rambla\" \/>\n<meta property=\"article:publisher\" content=\"https:\/\/www.facebook.com\/revistarambla\/\" \/>\n<meta property=\"article:author\" content=\"https:\/\/www.facebook.com\/sergio.ferrari.9655\" \/>\n<meta property=\"article:published_time\" content=\"2025-07-21T12:22:01+00:00\" \/>\n<meta property=\"og:image\" content=\"https:\/\/www.revistarambla.com\/wp-content\/uploads\/2025\/07\/El-cambio-climatico-asi-como-la-deuda-externa-de-los-paises-empobrecidos-conspiran-contra-el-cumplimiento-de-los-Objetivos-de-Desarrollo-Sostenible_-Foto-FAO.jpg\" \/>\n\t<meta property=\"og:image:width\" content=\"800\" \/>\n\t<meta property=\"og:image:height\" content=\"534\" \/>\n\t<meta property=\"og:image:type\" content=\"image\/jpeg\" \/>\n<meta name=\"author\" content=\"Sergio Ferrari\" \/>\n<meta name=\"twitter:card\" content=\"summary_large_image\" \/>\n<meta name=\"twitter:creator\" content=\"@SergiooFerrari\" \/>\n<meta name=\"twitter:site\" content=\"@revistarambla\" \/>\n<meta name=\"twitter:label1\" content=\"Written by\" \/>\n\t<meta name=\"twitter:data1\" content=\"Sergio Ferrari\" \/>\n\t<meta name=\"twitter:label2\" content=\"Estimated reading time\" \/>\n\t<meta name=\"twitter:data2\" content=\"8 minutes\" \/>\n<script type=\"application\/ld+json\" class=\"yoast-schema-graph\">{\"@context\":\"https:\\\/\\\/schema.org\",\"@graph\":[{\"@type\":\"Article\",\"@id\":\"https:\\\/\\\/www.revistarambla.com\\\/planeta-a-los-tumbos-la-agenda-2030-no-aprueba-el-examen\\\/#article\",\"isPartOf\":{\"@id\":\"https:\\\/\\\/www.revistarambla.com\\\/planeta-a-los-tumbos-la-agenda-2030-no-aprueba-el-examen\\\/\"},\"author\":{\"name\":\"Sergio Ferrari\",\"@id\":\"https:\\\/\\\/www.revistarambla.com\\\/#\\\/schema\\\/person\\\/339e2410a25811f9912d8a8551fa5d96\"},\"headline\":\"Planeta a los tumbos: la Agenda 2030 no aprueba el examen\",\"datePublished\":\"2025-07-21T12:22:01+00:00\",\"mainEntityOfPage\":{\"@id\":\"https:\\\/\\\/www.revistarambla.com\\\/planeta-a-los-tumbos-la-agenda-2030-no-aprueba-el-examen\\\/\"},\"wordCount\":1660,\"publisher\":{\"@id\":\"https:\\\/\\\/www.revistarambla.com\\\/#organization\"},\"image\":{\"@id\":\"https:\\\/\\\/www.revistarambla.com\\\/planeta-a-los-tumbos-la-agenda-2030-no-aprueba-el-examen\\\/#primaryimage\"},\"thumbnailUrl\":\"https:\\\/\\\/www.revistarambla.com\\\/wp-content\\\/uploads\\\/2025\\\/07\\\/El-cambio-climatico-asi-como-la-deuda-externa-de-los-paises-empobrecidos-conspiran-contra-el-cumplimiento-de-los-Objetivos-de-Desarrollo-Sostenible_-Foto-FAO.jpg\",\"articleSection\":[\"El Apunte\"],\"inLanguage\":\"en-GB\"},{\"@type\":\"WebPage\",\"@id\":\"https:\\\/\\\/www.revistarambla.com\\\/planeta-a-los-tumbos-la-agenda-2030-no-aprueba-el-examen\\\/\",\"url\":\"https:\\\/\\\/www.revistarambla.com\\\/planeta-a-los-tumbos-la-agenda-2030-no-aprueba-el-examen\\\/\",\"name\":\"Planeta a los tumbos: la Agenda 2030 no aprueba el examen - Revista Rambla\",\"isPartOf\":{\"@id\":\"https:\\\/\\\/www.revistarambla.com\\\/#website\"},\"primaryImageOfPage\":{\"@id\":\"https:\\\/\\\/www.revistarambla.com\\\/planeta-a-los-tumbos-la-agenda-2030-no-aprueba-el-examen\\\/#primaryimage\"},\"image\":{\"@id\":\"https:\\\/\\\/www.revistarambla.com\\\/planeta-a-los-tumbos-la-agenda-2030-no-aprueba-el-examen\\\/#primaryimage\"},\"thumbnailUrl\":\"https:\\\/\\\/www.revistarambla.com\\\/wp-content\\\/uploads\\\/2025\\\/07\\\/El-cambio-climatico-asi-como-la-deuda-externa-de-los-paises-empobrecidos-conspiran-contra-el-cumplimiento-de-los-Objetivos-de-Desarrollo-Sostenible_-Foto-FAO.jpg\",\"datePublished\":\"2025-07-21T12:22:01+00:00\",\"breadcrumb\":{\"@id\":\"https:\\\/\\\/www.revistarambla.com\\\/planeta-a-los-tumbos-la-agenda-2030-no-aprueba-el-examen\\\/#breadcrumb\"},\"inLanguage\":\"en-GB\",\"potentialAction\":[{\"@type\":\"ReadAction\",\"target\":[\"https:\\\/\\\/www.revistarambla.com\\\/planeta-a-los-tumbos-la-agenda-2030-no-aprueba-el-examen\\\/\"]}]},{\"@type\":\"ImageObject\",\"inLanguage\":\"en-GB\",\"@id\":\"https:\\\/\\\/www.revistarambla.com\\\/planeta-a-los-tumbos-la-agenda-2030-no-aprueba-el-examen\\\/#primaryimage\",\"url\":\"https:\\\/\\\/www.revistarambla.com\\\/wp-content\\\/uploads\\\/2025\\\/07\\\/El-cambio-climatico-asi-como-la-deuda-externa-de-los-paises-empobrecidos-conspiran-contra-el-cumplimiento-de-los-Objetivos-de-Desarrollo-Sostenible_-Foto-FAO.jpg\",\"contentUrl\":\"https:\\\/\\\/www.revistarambla.com\\\/wp-content\\\/uploads\\\/2025\\\/07\\\/El-cambio-climatico-asi-como-la-deuda-externa-de-los-paises-empobrecidos-conspiran-contra-el-cumplimiento-de-los-Objetivos-de-Desarrollo-Sostenible_-Foto-FAO.jpg\",\"width\":800,\"height\":534,\"caption\":\"Agenda 2030\"},{\"@type\":\"BreadcrumbList\",\"@id\":\"https:\\\/\\\/www.revistarambla.com\\\/planeta-a-los-tumbos-la-agenda-2030-no-aprueba-el-examen\\\/#breadcrumb\",\"itemListElement\":[{\"@type\":\"ListItem\",\"position\":1,\"name\":\"Portada\",\"item\":\"https:\\\/\\\/www.revistarambla.com\\\/\"},{\"@type\":\"ListItem\",\"position\":2,\"name\":\"Planeta a los tumbos: la Agenda 2030 no aprueba el examen\"}]},{\"@type\":\"WebSite\",\"@id\":\"https:\\\/\\\/www.revistarambla.com\\\/#website\",\"url\":\"https:\\\/\\\/www.revistarambla.com\\\/\",\"name\":\"Revista Rambla Barcelona\",\"description\":\"Periodismo independiente\",\"publisher\":{\"@id\":\"https:\\\/\\\/www.revistarambla.com\\\/#organization\"},\"potentialAction\":[{\"@type\":\"SearchAction\",\"target\":{\"@type\":\"EntryPoint\",\"urlTemplate\":\"https:\\\/\\\/www.revistarambla.com\\\/?s={search_term_string}\"},\"query-input\":{\"@type\":\"PropertyValueSpecification\",\"valueRequired\":true,\"valueName\":\"search_term_string\"}}],\"inLanguage\":\"en-GB\"},{\"@type\":\"Organization\",\"@id\":\"https:\\\/\\\/www.revistarambla.com\\\/#organization\",\"name\":\"Revista Rambla\",\"url\":\"https:\\\/\\\/www.revistarambla.com\\\/\",\"logo\":{\"@type\":\"ImageObject\",\"inLanguage\":\"en-GB\",\"@id\":\"https:\\\/\\\/www.revistarambla.com\\\/#\\\/schema\\\/logo\\\/image\\\/\",\"url\":\"https:\\\/\\\/www.revistarambla.com\\\/wp-content\\\/uploads\\\/2020\\\/09\\\/banner_rambla_1900x600_BB.png\",\"contentUrl\":\"https:\\\/\\\/www.revistarambla.com\\\/wp-content\\\/uploads\\\/2020\\\/09\\\/banner_rambla_1900x600_BB.png\",\"width\":1900,\"height\":600,\"caption\":\"Revista Rambla\"},\"image\":{\"@id\":\"https:\\\/\\\/www.revistarambla.com\\\/#\\\/schema\\\/logo\\\/image\\\/\"},\"sameAs\":[\"https:\\\/\\\/www.facebook.com\\\/revistarambla\\\/\",\"https:\\\/\\\/x.com\\\/revistarambla\",\"https:\\\/\\\/www.instagram.com\\\/revista_rambla\",\"https:\\\/\\\/es.linkedin.com\\\/company\\\/revista-rambla\"]},{\"@type\":\"Person\",\"@id\":\"https:\\\/\\\/www.revistarambla.com\\\/#\\\/schema\\\/person\\\/339e2410a25811f9912d8a8551fa5d96\",\"name\":\"Sergio Ferrari\",\"description\":\"Periodista argentino radicado en Berna, Suiza. Acreditado ante el Gobierno suizo. Colaborador regular de numerosos medios latinoamericanos y europeos.\",\"sameAs\":[\"https:\\\/\\\/www.voltairenet.org\\\/auteur120173.html?lang=es\",\"https:\\\/\\\/www.facebook.com\\\/sergio.ferrari.9655\",\"https:\\\/\\\/x.com\\\/SergiooFerrari\"]}]}<\/script>\n<!-- \/ Yoast SEO plugin. -->","yoast_head_json":{"title":"Planeta a los tumbos: la Agenda 2030 no aprueba el examen - Revista Rambla","robots":{"index":"index","follow":"follow","max-snippet":"max-snippet:-1","max-image-preview":"max-image-preview:large","max-video-preview":"max-video-preview:-1"},"canonical":"https:\/\/www.revistarambla.com\/en\/planeta-a-los-tumbos-la-agenda-2030-no-aprueba-el-examen\/","og_locale":"en_GB","og_type":"article","og_title":"Planeta a los tumbos: la Agenda 2030 no aprueba el examen - Revista Rambla","og_description":"Balance planetario para nada optimista. S\u00f3lo un tercio de las metas que las Naciones Unidas (ONU) definieron en 2015 para reducir la pobreza van por buen camino o progresan moderadamente. Y 2030 est\u00e1 muy cerca. En opini\u00f3n de Ant\u00f3nio Guterres, secretario general de la ONU, \u201cHay que ser claros: no [&hellip;]","og_url":"https:\/\/www.revistarambla.com\/en\/planeta-a-los-tumbos-la-agenda-2030-no-aprueba-el-examen\/","og_site_name":"Revista Rambla","article_publisher":"https:\/\/www.facebook.com\/revistarambla\/","article_author":"https:\/\/www.facebook.com\/sergio.ferrari.9655","article_published_time":"2025-07-21T12:22:01+00:00","og_image":[{"width":800,"height":534,"url":"https:\/\/www.revistarambla.com\/wp-content\/uploads\/2025\/07\/El-cambio-climatico-asi-como-la-deuda-externa-de-los-paises-empobrecidos-conspiran-contra-el-cumplimiento-de-los-Objetivos-de-Desarrollo-Sostenible_-Foto-FAO.jpg","type":"image\/jpeg"}],"author":"Sergio Ferrari","twitter_card":"summary_large_image","twitter_creator":"@SergiooFerrari","twitter_site":"@revistarambla","twitter_misc":{"Written by":"Sergio Ferrari","Estimated reading time":"8 minutes"},"schema":{"@context":"https:\/\/schema.org","@graph":[{"@type":"Article","@id":"https:\/\/www.revistarambla.com\/planeta-a-los-tumbos-la-agenda-2030-no-aprueba-el-examen\/#article","isPartOf":{"@id":"https:\/\/www.revistarambla.com\/planeta-a-los-tumbos-la-agenda-2030-no-aprueba-el-examen\/"},"author":{"name":"Sergio Ferrari","@id":"https:\/\/www.revistarambla.com\/#\/schema\/person\/339e2410a25811f9912d8a8551fa5d96"},"headline":"Planeta a los tumbos: la Agenda 2030 no aprueba el examen","datePublished":"2025-07-21T12:22:01+00:00","mainEntityOfPage":{"@id":"https:\/\/www.revistarambla.com\/planeta-a-los-tumbos-la-agenda-2030-no-aprueba-el-examen\/"},"wordCount":1660,"publisher":{"@id":"https:\/\/www.revistarambla.com\/#organization"},"image":{"@id":"https:\/\/www.revistarambla.com\/planeta-a-los-tumbos-la-agenda-2030-no-aprueba-el-examen\/#primaryimage"},"thumbnailUrl":"https:\/\/www.revistarambla.com\/wp-content\/uploads\/2025\/07\/El-cambio-climatico-asi-como-la-deuda-externa-de-los-paises-empobrecidos-conspiran-contra-el-cumplimiento-de-los-Objetivos-de-Desarrollo-Sostenible_-Foto-FAO.jpg","articleSection":["El Apunte"],"inLanguage":"en-GB"},{"@type":"WebPage","@id":"https:\/\/www.revistarambla.com\/planeta-a-los-tumbos-la-agenda-2030-no-aprueba-el-examen\/","url":"https:\/\/www.revistarambla.com\/planeta-a-los-tumbos-la-agenda-2030-no-aprueba-el-examen\/","name":"Planeta a los tumbos: la Agenda 2030 no aprueba el examen - Revista Rambla","isPartOf":{"@id":"https:\/\/www.revistarambla.com\/#website"},"primaryImageOfPage":{"@id":"https:\/\/www.revistarambla.com\/planeta-a-los-tumbos-la-agenda-2030-no-aprueba-el-examen\/#primaryimage"},"image":{"@id":"https:\/\/www.revistarambla.com\/planeta-a-los-tumbos-la-agenda-2030-no-aprueba-el-examen\/#primaryimage"},"thumbnailUrl":"https:\/\/www.revistarambla.com\/wp-content\/uploads\/2025\/07\/El-cambio-climatico-asi-como-la-deuda-externa-de-los-paises-empobrecidos-conspiran-contra-el-cumplimiento-de-los-Objetivos-de-Desarrollo-Sostenible_-Foto-FAO.jpg","datePublished":"2025-07-21T12:22:01+00:00","breadcrumb":{"@id":"https:\/\/www.revistarambla.com\/planeta-a-los-tumbos-la-agenda-2030-no-aprueba-el-examen\/#breadcrumb"},"inLanguage":"en-GB","potentialAction":[{"@type":"ReadAction","target":["https:\/\/www.revistarambla.com\/planeta-a-los-tumbos-la-agenda-2030-no-aprueba-el-examen\/"]}]},{"@type":"ImageObject","inLanguage":"en-GB","@id":"https:\/\/www.revistarambla.com\/planeta-a-los-tumbos-la-agenda-2030-no-aprueba-el-examen\/#primaryimage","url":"https:\/\/www.revistarambla.com\/wp-content\/uploads\/2025\/07\/El-cambio-climatico-asi-como-la-deuda-externa-de-los-paises-empobrecidos-conspiran-contra-el-cumplimiento-de-los-Objetivos-de-Desarrollo-Sostenible_-Foto-FAO.jpg","contentUrl":"https:\/\/www.revistarambla.com\/wp-content\/uploads\/2025\/07\/El-cambio-climatico-asi-como-la-deuda-externa-de-los-paises-empobrecidos-conspiran-contra-el-cumplimiento-de-los-Objetivos-de-Desarrollo-Sostenible_-Foto-FAO.jpg","width":800,"height":534,"caption":"Agenda 2030"},{"@type":"BreadcrumbList","@id":"https:\/\/www.revistarambla.com\/planeta-a-los-tumbos-la-agenda-2030-no-aprueba-el-examen\/#breadcrumb","itemListElement":[{"@type":"ListItem","position":1,"name":"Portada","item":"https:\/\/www.revistarambla.com\/"},{"@type":"ListItem","position":2,"name":"Planeta a los tumbos: la Agenda 2030 no aprueba el examen"}]},{"@type":"WebSite","@id":"https:\/\/www.revistarambla.com\/#website","url":"https:\/\/www.revistarambla.com\/","name":"Revista Rambla Barcelona","description":"Periodismo independiente","publisher":{"@id":"https:\/\/www.revistarambla.com\/#organization"},"potentialAction":[{"@type":"SearchAction","target":{"@type":"EntryPoint","urlTemplate":"https:\/\/www.revistarambla.com\/?s={search_term_string}"},"query-input":{"@type":"PropertyValueSpecification","valueRequired":true,"valueName":"search_term_string"}}],"inLanguage":"en-GB"},{"@type":"Organization","@id":"https:\/\/www.revistarambla.com\/#organization","name":"Revista Rambla","url":"https:\/\/www.revistarambla.com\/","logo":{"@type":"ImageObject","inLanguage":"en-GB","@id":"https:\/\/www.revistarambla.com\/#\/schema\/logo\/image\/","url":"https:\/\/www.revistarambla.com\/wp-content\/uploads\/2020\/09\/banner_rambla_1900x600_BB.png","contentUrl":"https:\/\/www.revistarambla.com\/wp-content\/uploads\/2020\/09\/banner_rambla_1900x600_BB.png","width":1900,"height":600,"caption":"Revista Rambla"},"image":{"@id":"https:\/\/www.revistarambla.com\/#\/schema\/logo\/image\/"},"sameAs":["https:\/\/www.facebook.com\/revistarambla\/","https:\/\/x.com\/revistarambla","https:\/\/www.instagram.com\/revista_rambla","https:\/\/es.linkedin.com\/company\/revista-rambla"]},{"@type":"Person","@id":"https:\/\/www.revistarambla.com\/#\/schema\/person\/339e2410a25811f9912d8a8551fa5d96","name":"Sergio Ferrari","description":"Periodista argentino radicado en Berna, Suiza. Acreditado ante el Gobierno suizo. Colaborador regular de numerosos medios latinoamericanos y europeos.","sameAs":["https:\/\/www.voltairenet.org\/auteur120173.html?lang=es","https:\/\/www.facebook.com\/sergio.ferrari.9655","https:\/\/x.com\/SergiooFerrari"]}]}},"_links":{"self":[{"href":"https:\/\/www.revistarambla.com\/en\/wp-json\/wp\/v2\/posts\/65817","targetHints":{"allow":["GET"]}}],"collection":[{"href":"https:\/\/www.revistarambla.com\/en\/wp-json\/wp\/v2\/posts"}],"about":[{"href":"https:\/\/www.revistarambla.com\/en\/wp-json\/wp\/v2\/types\/post"}],"author":[{"embeddable":true,"href":"https:\/\/www.revistarambla.com\/en\/wp-json\/wp\/v2\/users\/24"}],"replies":[{"embeddable":true,"href":"https:\/\/www.revistarambla.com\/en\/wp-json\/wp\/v2\/comments?post=65817"}],"version-history":[{"count":1,"href":"https:\/\/www.revistarambla.com\/en\/wp-json\/wp\/v2\/posts\/65817\/revisions"}],"predecessor-version":[{"id":65819,"href":"https:\/\/www.revistarambla.com\/en\/wp-json\/wp\/v2\/posts\/65817\/revisions\/65819"}],"wp:featuredmedia":[{"embeddable":true,"href":"https:\/\/www.revistarambla.com\/en\/wp-json\/wp\/v2\/media\/65818"}],"wp:attachment":[{"href":"https:\/\/www.revistarambla.com\/en\/wp-json\/wp\/v2\/media?parent=65817"}],"wp:term":[{"taxonomy":"category","embeddable":true,"href":"https:\/\/www.revistarambla.com\/en\/wp-json\/wp\/v2\/categories?post=65817"},{"taxonomy":"post_tag","embeddable":true,"href":"https:\/\/www.revistarambla.com\/en\/wp-json\/wp\/v2\/tags?post=65817"}],"curies":[{"name":"wp","href":"https:\/\/api.w.org\/{rel}","templated":true}]}}