{"id":65812,"date":"2025-07-20T12:15:05","date_gmt":"2025-07-20T10:15:05","guid":{"rendered":"https:\/\/www.revistarambla.com\/?p=65812"},"modified":"2025-07-20T12:15:05","modified_gmt":"2025-07-20T10:15:05","slug":"en-cataluna-ensenanza-del-arabe-y-de-la-cultura-marroqui-si-ensenanza-del-espanol-y-de-la-cultura-espanola-no","status":"publish","type":"post","link":"https:\/\/www.revistarambla.com\/en\/en-cataluna-ensenanza-del-arabe-y-de-la-cultura-marroqui-si-ensenanza-del-espanol-y-de-la-cultura-espanola-no\/","title":{"rendered":"En Catalu\u00f1a, ense\u00f1anza del \u00e1rabe y de la cultura marroqu\u00ed, S\u00cd; ense\u00f1anza del espa\u00f1ol y de la cultura espa\u00f1ola, NO"},"content":{"rendered":"<p><b>Programa de Lengua \u00c1rabe y Cultura Marroqu\u00ed (PLACM)<\/b><\/p>\n<p>En los \u00faltimos meses, algunos medios se han hecho eco de la implantaci\u00f3n, en centros escolares de Catalu\u00f1a y de algunas otras CC.AA., del \u201c<i>Programa de Lengua \u00c1rabe y Cultura Marroqu\u00ed<\/i>\u201d (PLACM). Este programa es el resultado\u00a0 de una serie de \u201c<a href=\"https:\/\/www.boe.es\/buscar\/doc.php?id=BOE-A-1985-20897\">Convenios de Cooperaci\u00f3n Cultural entre el Gobierno de Espa\u00f1a y el Gobierno de Marruecos<\/a>\u201d (1980, 1985 y 2012), cuya implementaci\u00f3n y consolidaci\u00f3n se llev\u00f3 a cabo, a partir de 2013, en la Espa\u00f1a donde hay una concentraci\u00f3n de inmigrantes marroqu\u00edes. En efecto, hoy, los PLACM se imparten ya en 394 centros educativos de primaria y secundaria de toda Espa\u00f1a. El mayor n\u00famero est\u00e1 en Catalu\u00f1a: 125, lo que representa el 2,27% de los centros escolares catalanes<\/p>\n<p>El Gobierno marroqu\u00ed selecciona (sin ning\u00fan control ni supervisi\u00f3n del Gobierno espa\u00f1ol), nombra y retribuye econ\u00f3micamente al profesorado, proporcionando tambi\u00e9n el material pedag\u00f3gico necesario, a trav\u00e9s de la Fundaci\u00f3n Hassan II. Por su parte, el Estado espa\u00f1ol se encarga de facilitar las aulas, a trav\u00e9s de las CC.AA. La fundaci\u00f3n precitada es, adem\u00e1s, la encargada de enviar \u2014por supuesto, sin control, en el caso de Espa\u00f1a\u2014 imanes (gu\u00edas espirituales) a los pa\u00edses europeos, donde hay comunidades musulmanas. Y entre aquellos se han dado casos de yihadistas terroristas (caso <b>Ayman Adlbi<\/b>).<\/p>\n<p>El PLACM es impartido bien fuera del horario escolar obligatorio, como actividad extraescolar voluntaria \u2014en la mayor\u00eda de los centros (96,72%), donde est\u00e1 implantado\u2014 o bien dentro del horario lectivo obligatorio (3,28% de los centros). Y, tanto en un caso como el otro, las evaluaciones son incluidas en los boletines de calificaciones escolares.<\/p>\n<p>Con el PLACM se pretende ense\u00f1ar, de manera voluntaria, la lengua \u00e1rabe y la cultura marroqu\u00ed a alumnos inmigrantes, procedentes de Marruecos (y tambi\u00e9n a alumnos espa\u00f1oles que lo deseen), desde 3\u00ba de primaria hasta 4\u00ba de ESO (de los 9 a los 16 a\u00f1os). Con estas ense\u00f1anzas se intenta, por un lado, salvaguardar la identidad ling\u00fc\u00edstica y cultural de los hijos de los inmigrantes marroqu\u00edes, para que puedan vivir en su cultura y en su lengua, pero respetando y aprendiendo tambi\u00e9n la lengua y la cultura del pa\u00eds de acogida. Y, por el otro, contribuir a garantizar la inserci\u00f3n escolar y sociocultural de los hijos de los inmigrantes marroqu\u00edes en Espa\u00f1a, al empoderarlos con su lengua materna y su cultura.<\/p>\n<p><b>Clases Complementarias de Lengua y Cultura Espa\u00f1olas para los Hijos de los Emigrantes Espa\u00f1oles<\/b><\/p>\n<p>Los PLACM (cf. ci-dessus) y las \u201c<i>Clases Complementarias de Lengua y Cultura espa\u00f1olas para los Hijos de Emigrantes Espa\u00f1oles<\/i>\u201d en Francia y otros pa\u00edses de Europa con importantes concentraciones de inmigrantes espa\u00f1oles se parecen como dos gotas de agua. Hoy, estas clases se denominan \u201c<i>Agrupaciones de Lengua y Cultura Espa\u00f1olas<\/i>\u201d (ALCE). Voy a hablar de ellas no de \u201co\u00eddas\u201d ni de \u201cle\u00eddas\u201d, sino a partir de mis vivencias personales (<b>*<\/b>), como profesor que fui en Francia, durante 8 a\u00f1os, en Bobigny, localidad donde se cri\u00f3 <b>Kylian Mbapp\u00e9<\/b>.<\/p>\n<p>Estas clases complementarias fueron fruto de convenios hispano-franceses. El Gobierno espa\u00f1ol seleccionaba, nombraba y remuneraba al profesorado (profesores de EGB y de BUP). Adem\u00e1s, proporcionaba el material did\u00e1ctico (libros de texto de lengua-literatura e historia y geograf\u00eda espa\u00f1olas), utilizado en Espa\u00f1a en estos niveles educativos. Este material fue considerado inadecuado tanto por profesores como por padres y asociaciones de padres para ense\u00f1ar y aprender lo que hab\u00eda que ense\u00f1ar y aprender. Por eso, en Francia, una comisi\u00f3n, de la que form\u00e9 parte y coordinada por el catedr\u00e1tico <b>Antonio Quilis<\/b>, elabor\u00f3 un material did\u00e1ctico espec\u00edfico: \u201c<i>\u00a1Vamos a Espa\u00f1a! &#8211; I, II y III<\/i>\u201d).<\/p>\n<p>Por su parte, el Gobierno franc\u00e9s proporcionaba las aulas donde se impart\u00edan estas ense\u00f1anzas. La mayor\u00eda de las clases ten\u00eda lugar fuera del horario escolar, como actividad extraescolar, a partir de las 5 de la tarde o el mi\u00e9rcoles o el s\u00e1bado, d\u00edas no lectivos en Francia. Pero las calificaciones no eran recogidas en los boletines de notas de los centros. S\u00f3lo, en algunos casos, en el marco de las \u201c<i>secciones internacionales<\/i>\u201d, estas clases se impart\u00edan durante el horario lectivo oficial.<\/p>\n<p>Con estas clases complementarias de lengua y cultura espa\u00f1olas, se pretend\u00eda mantener los v\u00ednculos culturales y ling\u00fc\u00edsticos con Espa\u00f1a, pensando en un futuro retorno a Espa\u00f1a y as\u00ed poder asegurar la continuidad en los estudios. Adem\u00e1s, fueron una forma de visibilizar y dar valor a la cultura y a la lengua de los inmigrantes espa\u00f1oles en la comunidad educativa y, as\u00ed, empoderarlos. Y, por otro lado, haciendo honor al calificativo de \u201c<i>complementarias<\/i>\u201d, deb\u00edan coadyuvar en la adquisici\u00f3n de la \u201clectura\u201d y de la \u201cescritura\u201d en franc\u00e9s, para vacunarles contra el fracaso escolar\u00a0 ya que, en el fondo, el mecanismo y la forma de proceder en la adquisici\u00f3n de estas dos competencias fundamentales e instrumentales coinciden en ambas lenguas (cf. enlaces).<\/p>\n<p><b>Las dos varas de medir y las contradicciones de la Generalidad\u00a0<\/b><\/p>\n<p>Como acabamos de ver, los PLACM no son una propuesta original. Fueron una pr\u00e1ctica generalizada en Francia, donde hab\u00eda una gran concentraci\u00f3n de inmigrantes espa\u00f1oles, portugueses, italianos, \u00e1rabes etc. Se pensaba y a\u00fan se piensa, como subrayaban <b>Rosa Sensat<\/b> y <b>Miquel Sigu\u00e1n<\/b>, que la toma en consideraci\u00f3n de la lengua materna de los alumnos contribu\u00eda a empoderarlos, a facilitar los primeros aprendizajes y a luchar contra la marginaci\u00f3n y el fracaso escolares. Este fue el gran argumento de la Generalidad con su pol\u00edtica educativa de la \u201cnormalizaci\u00f3n ling\u00fc\u00edstica de la ense\u00f1anza del y en catal\u00e1n\u201d, iniciada desde antes del inicio de la Transici\u00f3n pol\u00edtica.<\/p>\n<p>Por eso, llama la atenci\u00f3n la incoherencia y las dos varas de medir de la Generalidad de Catalu\u00f1a con su pol\u00edtica ling\u00fc\u00edstica. En efecto, la coherencia de la Generalidad brilla por su ausencia. Por un lado, lo que permite y apoya con los PLACM, para la lengua \u00e1rabe y la cultura marroqu\u00ed, lo proh\u00edbe para el espa\u00f1ol y su cultura: ense\u00f1anza del \u00e1rabe y de la cultura marroqu\u00ed, <b>S\u00cd<\/b>; ense\u00f1anza del espa\u00f1ol y de la cultura espa\u00f1ola, <b>NO<\/b>. Ah\u00ed est\u00e1n la negativa a aplicar la sentencia firme del 25% de las ense\u00f1anzas en espa\u00f1ol y la marginaci\u00f3n del espa\u00f1ol en todas las situaciones comunicaci\u00f3n, bajo la amenaza real de multas contantes y sonantes.<\/p>\n<p>Adem\u00e1s, es obligado hacer referencia al chantaje al Estado espa\u00f1ol para que traspase las competencias exclusivas en inmigraci\u00f3n a Catalu\u00f1a, al rechazo firme a los MENAS y a la exigencia de tener un cierto nivel de catal\u00e1n para conseguir el permiso de residencia. Si todo esto es coherencia, que venga Dios y lo vea.<\/p>\n<p>(<b>*<\/b>) Manuel I. Cabezas Gonz\u00e1lez,\u00a0 \u201c<i>Las \u2018Agrupaciones y las Aulas de Lengua y Cultura Espa\u00f1olas\u2019 en Francia: una modalidad de ense\u00f1anza en v\u00edas de desaparici\u00f3n<\/i>\u201d, in Jos\u00e9 Carlos Herreras (Dir. ), <b><i>L\u2019enseignement de l\u2019espagnol en France: r\u00e9alit\u00e9s et perpectives<\/i><\/b>, Presses Universitaires de Valenciennes, 2008, pp. 137-158.<\/p>","protected":false},"excerpt":{"rendered":"<p>Programa de Lengua \u00c1rabe y Cultura Marroqu\u00ed (PLACM) En los \u00faltimos meses, algunos medios se han hecho eco de la implantaci\u00f3n, en centros escolares de Catalu\u00f1a y de algunas otras CC.AA., del \u201cPrograma de Lengua \u00c1rabe y Cultura Marroqu\u00ed\u201d (PLACM). Este programa es el resultado\u00a0 de una serie de \u201cConvenios [&hellip;]<\/p>\n","protected":false},"author":17,"featured_media":43506,"comment_status":"closed","ping_status":"closed","sticky":false,"template":"","format":"standard","meta":{"footnotes":""},"categories":[4114],"tags":[],"class_list":["post-65812","post","type-post","status-publish","format-standard","has-post-thumbnail","hentry","category-cantando-las-verdades"],"yoast_head":"<!-- This site is optimized with the Yoast SEO plugin v27.5 - https:\/\/yoast.com\/product\/yoast-seo-wordpress\/ -->\n<title>En Catalu\u00f1a, ense\u00f1anza del \u00e1rabe y de la cultura marroqu\u00ed, S\u00cd; ense\u00f1anza del espa\u00f1ol y de la cultura espa\u00f1ola, NO - Revista Rambla<\/title>\n<meta name=\"robots\" content=\"index, follow, max-snippet:-1, max-image-preview:large, max-video-preview:-1\" \/>\n<link rel=\"canonical\" href=\"https:\/\/www.revistarambla.com\/en\/en-cataluna-ensenanza-del-arabe-y-de-la-cultura-marroqui-si-ensenanza-del-espanol-y-de-la-cultura-espanola-no\/\" \/>\n<meta property=\"og:locale\" content=\"en_GB\" \/>\n<meta property=\"og:type\" content=\"article\" \/>\n<meta property=\"og:title\" content=\"En Catalu\u00f1a, ense\u00f1anza del \u00e1rabe y de la cultura marroqu\u00ed, S\u00cd; ense\u00f1anza del espa\u00f1ol y de la cultura espa\u00f1ola, NO - Revista Rambla\" \/>\n<meta property=\"og:description\" content=\"Programa de Lengua \u00c1rabe y Cultura Marroqu\u00ed (PLACM) En los \u00faltimos meses, algunos medios se han hecho eco de la implantaci\u00f3n, en centros escolares de Catalu\u00f1a y de algunas otras CC.AA., del \u201cPrograma de Lengua \u00c1rabe y Cultura Marroqu\u00ed\u201d (PLACM). Este programa es el resultado\u00a0 de una serie de \u201cConvenios [&hellip;]\" \/>\n<meta property=\"og:url\" content=\"https:\/\/www.revistarambla.com\/en\/en-cataluna-ensenanza-del-arabe-y-de-la-cultura-marroqui-si-ensenanza-del-espanol-y-de-la-cultura-espanola-no\/\" \/>\n<meta property=\"og:site_name\" content=\"Revista Rambla\" \/>\n<meta property=\"article:publisher\" content=\"https:\/\/www.facebook.com\/revistarambla\/\" \/>\n<meta property=\"article:author\" content=\"https:\/\/www.facebook.com\/manuelignacio.cabezasgonzalez\" \/>\n<meta property=\"article:published_time\" content=\"2025-07-20T10:15:05+00:00\" \/>\n<meta property=\"og:image\" content=\"https:\/\/www.revistarambla.com\/wp-content\/uploads\/2022\/06\/Gobierno-Sanchez-Mohamed-VI-Marruecos_1582352633_139878241_667x375.jpg\" \/>\n\t<meta property=\"og:image:width\" content=\"667\" \/>\n\t<meta property=\"og:image:height\" content=\"375\" \/>\n\t<meta property=\"og:image:type\" content=\"image\/jpeg\" \/>\n<meta name=\"author\" content=\"Manuel Ignacio Cabezas Gonz\u00e1lez\" \/>\n<meta name=\"twitter:card\" content=\"summary_large_image\" \/>\n<meta name=\"twitter:creator\" content=\"@ManuelICabezas\" \/>\n<meta name=\"twitter:site\" content=\"@revistarambla\" \/>\n<meta name=\"twitter:label1\" content=\"Written by\" \/>\n\t<meta name=\"twitter:data1\" content=\"Manuel Ignacio Cabezas Gonz\u00e1lez\" \/>\n\t<meta name=\"twitter:label2\" content=\"Estimated reading time\" \/>\n\t<meta name=\"twitter:data2\" content=\"6 minutes\" \/>\n<script type=\"application\/ld+json\" class=\"yoast-schema-graph\">{\"@context\":\"https:\\\/\\\/schema.org\",\"@graph\":[{\"@type\":\"Article\",\"@id\":\"https:\\\/\\\/www.revistarambla.com\\\/en-cataluna-ensenanza-del-arabe-y-de-la-cultura-marroqui-si-ensenanza-del-espanol-y-de-la-cultura-espanola-no\\\/#article\",\"isPartOf\":{\"@id\":\"https:\\\/\\\/www.revistarambla.com\\\/en-cataluna-ensenanza-del-arabe-y-de-la-cultura-marroqui-si-ensenanza-del-espanol-y-de-la-cultura-espanola-no\\\/\"},\"author\":{\"name\":\"Manuel Ignacio Cabezas Gonz\u00e1lez\",\"@id\":\"https:\\\/\\\/www.revistarambla.com\\\/#\\\/schema\\\/person\\\/3d71c575842522757de7f4f9c9b40215\"},\"headline\":\"En Catalu\u00f1a, ense\u00f1anza del \u00e1rabe y de la cultura marroqu\u00ed, S\u00cd; ense\u00f1anza del espa\u00f1ol y de la cultura espa\u00f1ola, NO\",\"datePublished\":\"2025-07-20T10:15:05+00:00\",\"mainEntityOfPage\":{\"@id\":\"https:\\\/\\\/www.revistarambla.com\\\/en-cataluna-ensenanza-del-arabe-y-de-la-cultura-marroqui-si-ensenanza-del-espanol-y-de-la-cultura-espanola-no\\\/\"},\"wordCount\":1260,\"publisher\":{\"@id\":\"https:\\\/\\\/www.revistarambla.com\\\/#organization\"},\"image\":{\"@id\":\"https:\\\/\\\/www.revistarambla.com\\\/en-cataluna-ensenanza-del-arabe-y-de-la-cultura-marroqui-si-ensenanza-del-espanol-y-de-la-cultura-espanola-no\\\/#primaryimage\"},\"thumbnailUrl\":\"https:\\\/\\\/www.revistarambla.com\\\/wp-content\\\/uploads\\\/2022\\\/06\\\/Gobierno-Sanchez-Mohamed-VI-Marruecos_1582352633_139878241_667x375.jpg\",\"articleSection\":[\"Cantando las verdades\"],\"inLanguage\":\"en-GB\"},{\"@type\":\"WebPage\",\"@id\":\"https:\\\/\\\/www.revistarambla.com\\\/en-cataluna-ensenanza-del-arabe-y-de-la-cultura-marroqui-si-ensenanza-del-espanol-y-de-la-cultura-espanola-no\\\/\",\"url\":\"https:\\\/\\\/www.revistarambla.com\\\/en-cataluna-ensenanza-del-arabe-y-de-la-cultura-marroqui-si-ensenanza-del-espanol-y-de-la-cultura-espanola-no\\\/\",\"name\":\"En Catalu\u00f1a, ense\u00f1anza del \u00e1rabe y de la cultura marroqu\u00ed, S\u00cd; ense\u00f1anza del espa\u00f1ol y de la cultura espa\u00f1ola, NO - Revista Rambla\",\"isPartOf\":{\"@id\":\"https:\\\/\\\/www.revistarambla.com\\\/#website\"},\"primaryImageOfPage\":{\"@id\":\"https:\\\/\\\/www.revistarambla.com\\\/en-cataluna-ensenanza-del-arabe-y-de-la-cultura-marroqui-si-ensenanza-del-espanol-y-de-la-cultura-espanola-no\\\/#primaryimage\"},\"image\":{\"@id\":\"https:\\\/\\\/www.revistarambla.com\\\/en-cataluna-ensenanza-del-arabe-y-de-la-cultura-marroqui-si-ensenanza-del-espanol-y-de-la-cultura-espanola-no\\\/#primaryimage\"},\"thumbnailUrl\":\"https:\\\/\\\/www.revistarambla.com\\\/wp-content\\\/uploads\\\/2022\\\/06\\\/Gobierno-Sanchez-Mohamed-VI-Marruecos_1582352633_139878241_667x375.jpg\",\"datePublished\":\"2025-07-20T10:15:05+00:00\",\"breadcrumb\":{\"@id\":\"https:\\\/\\\/www.revistarambla.com\\\/en-cataluna-ensenanza-del-arabe-y-de-la-cultura-marroqui-si-ensenanza-del-espanol-y-de-la-cultura-espanola-no\\\/#breadcrumb\"},\"inLanguage\":\"en-GB\",\"potentialAction\":[{\"@type\":\"ReadAction\",\"target\":[\"https:\\\/\\\/www.revistarambla.com\\\/en-cataluna-ensenanza-del-arabe-y-de-la-cultura-marroqui-si-ensenanza-del-espanol-y-de-la-cultura-espanola-no\\\/\"]}]},{\"@type\":\"ImageObject\",\"inLanguage\":\"en-GB\",\"@id\":\"https:\\\/\\\/www.revistarambla.com\\\/en-cataluna-ensenanza-del-arabe-y-de-la-cultura-marroqui-si-ensenanza-del-espanol-y-de-la-cultura-espanola-no\\\/#primaryimage\",\"url\":\"https:\\\/\\\/www.revistarambla.com\\\/wp-content\\\/uploads\\\/2022\\\/06\\\/Gobierno-Sanchez-Mohamed-VI-Marruecos_1582352633_139878241_667x375.jpg\",\"contentUrl\":\"https:\\\/\\\/www.revistarambla.com\\\/wp-content\\\/uploads\\\/2022\\\/06\\\/Gobierno-Sanchez-Mohamed-VI-Marruecos_1582352633_139878241_667x375.jpg\",\"width\":667,\"height\":375,\"caption\":\"ense\u00f1anza del \u00e1rabe\"},{\"@type\":\"BreadcrumbList\",\"@id\":\"https:\\\/\\\/www.revistarambla.com\\\/en-cataluna-ensenanza-del-arabe-y-de-la-cultura-marroqui-si-ensenanza-del-espanol-y-de-la-cultura-espanola-no\\\/#breadcrumb\",\"itemListElement\":[{\"@type\":\"ListItem\",\"position\":1,\"name\":\"Portada\",\"item\":\"https:\\\/\\\/www.revistarambla.com\\\/\"},{\"@type\":\"ListItem\",\"position\":2,\"name\":\"En Catalu\u00f1a, ense\u00f1anza del \u00e1rabe y de la cultura marroqu\u00ed, S\u00cd; ense\u00f1anza del espa\u00f1ol y de la cultura espa\u00f1ola, NO\"}]},{\"@type\":\"WebSite\",\"@id\":\"https:\\\/\\\/www.revistarambla.com\\\/#website\",\"url\":\"https:\\\/\\\/www.revistarambla.com\\\/\",\"name\":\"Revista Rambla Barcelona\",\"description\":\"Periodismo independiente\",\"publisher\":{\"@id\":\"https:\\\/\\\/www.revistarambla.com\\\/#organization\"},\"potentialAction\":[{\"@type\":\"SearchAction\",\"target\":{\"@type\":\"EntryPoint\",\"urlTemplate\":\"https:\\\/\\\/www.revistarambla.com\\\/?s={search_term_string}\"},\"query-input\":{\"@type\":\"PropertyValueSpecification\",\"valueRequired\":true,\"valueName\":\"search_term_string\"}}],\"inLanguage\":\"en-GB\"},{\"@type\":\"Organization\",\"@id\":\"https:\\\/\\\/www.revistarambla.com\\\/#organization\",\"name\":\"Revista Rambla\",\"url\":\"https:\\\/\\\/www.revistarambla.com\\\/\",\"logo\":{\"@type\":\"ImageObject\",\"inLanguage\":\"en-GB\",\"@id\":\"https:\\\/\\\/www.revistarambla.com\\\/#\\\/schema\\\/logo\\\/image\\\/\",\"url\":\"https:\\\/\\\/www.revistarambla.com\\\/wp-content\\\/uploads\\\/2020\\\/09\\\/banner_rambla_1900x600_BB.png\",\"contentUrl\":\"https:\\\/\\\/www.revistarambla.com\\\/wp-content\\\/uploads\\\/2020\\\/09\\\/banner_rambla_1900x600_BB.png\",\"width\":1900,\"height\":600,\"caption\":\"Revista Rambla\"},\"image\":{\"@id\":\"https:\\\/\\\/www.revistarambla.com\\\/#\\\/schema\\\/logo\\\/image\\\/\"},\"sameAs\":[\"https:\\\/\\\/www.facebook.com\\\/revistarambla\\\/\",\"https:\\\/\\\/x.com\\\/revistarambla\",\"https:\\\/\\\/www.instagram.com\\\/revista_rambla\",\"https:\\\/\\\/es.linkedin.com\\\/company\\\/revista-rambla\"]},{\"@type\":\"Person\",\"@id\":\"https:\\\/\\\/www.revistarambla.com\\\/#\\\/schema\\\/person\\\/3d71c575842522757de7f4f9c9b40215\",\"name\":\"Manuel Ignacio Cabezas Gonz\u00e1lez\",\"description\":\"Doctor en Didactolog\u00eda de las Lenguas y de las Culturas. Profesor Titular de Ling\u00fc\u00edstica y de Ling\u00fc\u00edstica Aplicada. Departamento de Filolog\u00eda Francesa y Rom\u00e1nica (UAB).\",\"sameAs\":[\"http:\\\/\\\/honrad.blogspot.com\\\/\",\"https:\\\/\\\/www.facebook.com\\\/manuelignacio.cabezasgonzalez\",\"https:\\\/\\\/x.com\\\/ManuelICabezas\"]}]}<\/script>\n<!-- \/ Yoast SEO plugin. -->","yoast_head_json":{"title":"En Catalu\u00f1a, ense\u00f1anza del \u00e1rabe y de la cultura marroqu\u00ed, S\u00cd; ense\u00f1anza del espa\u00f1ol y de la cultura espa\u00f1ola, NO - Revista Rambla","robots":{"index":"index","follow":"follow","max-snippet":"max-snippet:-1","max-image-preview":"max-image-preview:large","max-video-preview":"max-video-preview:-1"},"canonical":"https:\/\/www.revistarambla.com\/en\/en-cataluna-ensenanza-del-arabe-y-de-la-cultura-marroqui-si-ensenanza-del-espanol-y-de-la-cultura-espanola-no\/","og_locale":"en_GB","og_type":"article","og_title":"En Catalu\u00f1a, ense\u00f1anza del \u00e1rabe y de la cultura marroqu\u00ed, S\u00cd; ense\u00f1anza del espa\u00f1ol y de la cultura espa\u00f1ola, NO - Revista Rambla","og_description":"Programa de Lengua \u00c1rabe y Cultura Marroqu\u00ed (PLACM) En los \u00faltimos meses, algunos medios se han hecho eco de la implantaci\u00f3n, en centros escolares de Catalu\u00f1a y de algunas otras CC.AA., del \u201cPrograma de Lengua \u00c1rabe y Cultura Marroqu\u00ed\u201d (PLACM). Este programa es el resultado\u00a0 de una serie de \u201cConvenios [&hellip;]","og_url":"https:\/\/www.revistarambla.com\/en\/en-cataluna-ensenanza-del-arabe-y-de-la-cultura-marroqui-si-ensenanza-del-espanol-y-de-la-cultura-espanola-no\/","og_site_name":"Revista Rambla","article_publisher":"https:\/\/www.facebook.com\/revistarambla\/","article_author":"https:\/\/www.facebook.com\/manuelignacio.cabezasgonzalez","article_published_time":"2025-07-20T10:15:05+00:00","og_image":[{"width":667,"height":375,"url":"https:\/\/www.revistarambla.com\/wp-content\/uploads\/2022\/06\/Gobierno-Sanchez-Mohamed-VI-Marruecos_1582352633_139878241_667x375.jpg","type":"image\/jpeg"}],"author":"Manuel Ignacio Cabezas Gonz\u00e1lez","twitter_card":"summary_large_image","twitter_creator":"@ManuelICabezas","twitter_site":"@revistarambla","twitter_misc":{"Written by":"Manuel Ignacio Cabezas Gonz\u00e1lez","Estimated reading time":"6 minutes"},"schema":{"@context":"https:\/\/schema.org","@graph":[{"@type":"Article","@id":"https:\/\/www.revistarambla.com\/en-cataluna-ensenanza-del-arabe-y-de-la-cultura-marroqui-si-ensenanza-del-espanol-y-de-la-cultura-espanola-no\/#article","isPartOf":{"@id":"https:\/\/www.revistarambla.com\/en-cataluna-ensenanza-del-arabe-y-de-la-cultura-marroqui-si-ensenanza-del-espanol-y-de-la-cultura-espanola-no\/"},"author":{"name":"Manuel Ignacio Cabezas Gonz\u00e1lez","@id":"https:\/\/www.revistarambla.com\/#\/schema\/person\/3d71c575842522757de7f4f9c9b40215"},"headline":"En Catalu\u00f1a, ense\u00f1anza del \u00e1rabe y de la cultura marroqu\u00ed, S\u00cd; ense\u00f1anza del espa\u00f1ol y de la cultura espa\u00f1ola, NO","datePublished":"2025-07-20T10:15:05+00:00","mainEntityOfPage":{"@id":"https:\/\/www.revistarambla.com\/en-cataluna-ensenanza-del-arabe-y-de-la-cultura-marroqui-si-ensenanza-del-espanol-y-de-la-cultura-espanola-no\/"},"wordCount":1260,"publisher":{"@id":"https:\/\/www.revistarambla.com\/#organization"},"image":{"@id":"https:\/\/www.revistarambla.com\/en-cataluna-ensenanza-del-arabe-y-de-la-cultura-marroqui-si-ensenanza-del-espanol-y-de-la-cultura-espanola-no\/#primaryimage"},"thumbnailUrl":"https:\/\/www.revistarambla.com\/wp-content\/uploads\/2022\/06\/Gobierno-Sanchez-Mohamed-VI-Marruecos_1582352633_139878241_667x375.jpg","articleSection":["Cantando las verdades"],"inLanguage":"en-GB"},{"@type":"WebPage","@id":"https:\/\/www.revistarambla.com\/en-cataluna-ensenanza-del-arabe-y-de-la-cultura-marroqui-si-ensenanza-del-espanol-y-de-la-cultura-espanola-no\/","url":"https:\/\/www.revistarambla.com\/en-cataluna-ensenanza-del-arabe-y-de-la-cultura-marroqui-si-ensenanza-del-espanol-y-de-la-cultura-espanola-no\/","name":"En Catalu\u00f1a, ense\u00f1anza del \u00e1rabe y de la cultura marroqu\u00ed, S\u00cd; ense\u00f1anza del espa\u00f1ol y de la cultura espa\u00f1ola, NO - Revista Rambla","isPartOf":{"@id":"https:\/\/www.revistarambla.com\/#website"},"primaryImageOfPage":{"@id":"https:\/\/www.revistarambla.com\/en-cataluna-ensenanza-del-arabe-y-de-la-cultura-marroqui-si-ensenanza-del-espanol-y-de-la-cultura-espanola-no\/#primaryimage"},"image":{"@id":"https:\/\/www.revistarambla.com\/en-cataluna-ensenanza-del-arabe-y-de-la-cultura-marroqui-si-ensenanza-del-espanol-y-de-la-cultura-espanola-no\/#primaryimage"},"thumbnailUrl":"https:\/\/www.revistarambla.com\/wp-content\/uploads\/2022\/06\/Gobierno-Sanchez-Mohamed-VI-Marruecos_1582352633_139878241_667x375.jpg","datePublished":"2025-07-20T10:15:05+00:00","breadcrumb":{"@id":"https:\/\/www.revistarambla.com\/en-cataluna-ensenanza-del-arabe-y-de-la-cultura-marroqui-si-ensenanza-del-espanol-y-de-la-cultura-espanola-no\/#breadcrumb"},"inLanguage":"en-GB","potentialAction":[{"@type":"ReadAction","target":["https:\/\/www.revistarambla.com\/en-cataluna-ensenanza-del-arabe-y-de-la-cultura-marroqui-si-ensenanza-del-espanol-y-de-la-cultura-espanola-no\/"]}]},{"@type":"ImageObject","inLanguage":"en-GB","@id":"https:\/\/www.revistarambla.com\/en-cataluna-ensenanza-del-arabe-y-de-la-cultura-marroqui-si-ensenanza-del-espanol-y-de-la-cultura-espanola-no\/#primaryimage","url":"https:\/\/www.revistarambla.com\/wp-content\/uploads\/2022\/06\/Gobierno-Sanchez-Mohamed-VI-Marruecos_1582352633_139878241_667x375.jpg","contentUrl":"https:\/\/www.revistarambla.com\/wp-content\/uploads\/2022\/06\/Gobierno-Sanchez-Mohamed-VI-Marruecos_1582352633_139878241_667x375.jpg","width":667,"height":375,"caption":"ense\u00f1anza del \u00e1rabe"},{"@type":"BreadcrumbList","@id":"https:\/\/www.revistarambla.com\/en-cataluna-ensenanza-del-arabe-y-de-la-cultura-marroqui-si-ensenanza-del-espanol-y-de-la-cultura-espanola-no\/#breadcrumb","itemListElement":[{"@type":"ListItem","position":1,"name":"Portada","item":"https:\/\/www.revistarambla.com\/"},{"@type":"ListItem","position":2,"name":"En Catalu\u00f1a, ense\u00f1anza del \u00e1rabe y de la cultura marroqu\u00ed, S\u00cd; ense\u00f1anza del espa\u00f1ol y de la cultura espa\u00f1ola, NO"}]},{"@type":"WebSite","@id":"https:\/\/www.revistarambla.com\/#website","url":"https:\/\/www.revistarambla.com\/","name":"Revista Rambla Barcelona","description":"Periodismo independiente","publisher":{"@id":"https:\/\/www.revistarambla.com\/#organization"},"potentialAction":[{"@type":"SearchAction","target":{"@type":"EntryPoint","urlTemplate":"https:\/\/www.revistarambla.com\/?s={search_term_string}"},"query-input":{"@type":"PropertyValueSpecification","valueRequired":true,"valueName":"search_term_string"}}],"inLanguage":"en-GB"},{"@type":"Organization","@id":"https:\/\/www.revistarambla.com\/#organization","name":"Revista Rambla","url":"https:\/\/www.revistarambla.com\/","logo":{"@type":"ImageObject","inLanguage":"en-GB","@id":"https:\/\/www.revistarambla.com\/#\/schema\/logo\/image\/","url":"https:\/\/www.revistarambla.com\/wp-content\/uploads\/2020\/09\/banner_rambla_1900x600_BB.png","contentUrl":"https:\/\/www.revistarambla.com\/wp-content\/uploads\/2020\/09\/banner_rambla_1900x600_BB.png","width":1900,"height":600,"caption":"Revista Rambla"},"image":{"@id":"https:\/\/www.revistarambla.com\/#\/schema\/logo\/image\/"},"sameAs":["https:\/\/www.facebook.com\/revistarambla\/","https:\/\/x.com\/revistarambla","https:\/\/www.instagram.com\/revista_rambla","https:\/\/es.linkedin.com\/company\/revista-rambla"]},{"@type":"Person","@id":"https:\/\/www.revistarambla.com\/#\/schema\/person\/3d71c575842522757de7f4f9c9b40215","name":"Manuel Ignacio Cabezas Gonz\u00e1lez","description":"Doctor en Didactolog\u00eda de las Lenguas y de las Culturas. Profesor Titular de Ling\u00fc\u00edstica y de Ling\u00fc\u00edstica Aplicada. Departamento de Filolog\u00eda Francesa y Rom\u00e1nica (UAB).","sameAs":["http:\/\/honrad.blogspot.com\/","https:\/\/www.facebook.com\/manuelignacio.cabezasgonzalez","https:\/\/x.com\/ManuelICabezas"]}]}},"_links":{"self":[{"href":"https:\/\/www.revistarambla.com\/en\/wp-json\/wp\/v2\/posts\/65812","targetHints":{"allow":["GET"]}}],"collection":[{"href":"https:\/\/www.revistarambla.com\/en\/wp-json\/wp\/v2\/posts"}],"about":[{"href":"https:\/\/www.revistarambla.com\/en\/wp-json\/wp\/v2\/types\/post"}],"author":[{"embeddable":true,"href":"https:\/\/www.revistarambla.com\/en\/wp-json\/wp\/v2\/users\/17"}],"replies":[{"embeddable":true,"href":"https:\/\/www.revistarambla.com\/en\/wp-json\/wp\/v2\/comments?post=65812"}],"version-history":[{"count":1,"href":"https:\/\/www.revistarambla.com\/en\/wp-json\/wp\/v2\/posts\/65812\/revisions"}],"predecessor-version":[{"id":65813,"href":"https:\/\/www.revistarambla.com\/en\/wp-json\/wp\/v2\/posts\/65812\/revisions\/65813"}],"wp:featuredmedia":[{"embeddable":true,"href":"https:\/\/www.revistarambla.com\/en\/wp-json\/wp\/v2\/media\/43506"}],"wp:attachment":[{"href":"https:\/\/www.revistarambla.com\/en\/wp-json\/wp\/v2\/media?parent=65812"}],"wp:term":[{"taxonomy":"category","embeddable":true,"href":"https:\/\/www.revistarambla.com\/en\/wp-json\/wp\/v2\/categories?post=65812"},{"taxonomy":"post_tag","embeddable":true,"href":"https:\/\/www.revistarambla.com\/en\/wp-json\/wp\/v2\/tags?post=65812"}],"curies":[{"name":"wp","href":"https:\/\/api.w.org\/{rel}","templated":true}]}}