{"id":65805,"date":"2025-07-19T12:26:16","date_gmt":"2025-07-19T10:26:16","guid":{"rendered":"https:\/\/www.revistarambla.com\/?p=65805"},"modified":"2025-07-19T12:26:34","modified_gmt":"2025-07-19T10:26:34","slug":"mas-de-9-000-plazas-para-guardia-civil-policia-nacional-y-fuerzas-armadas-la-mayor-oportunidad-para-unirte-a-las-fcse-en-2025","status":"publish","type":"post","link":"https:\/\/www.revistarambla.com\/en\/mas-de-9-000-plazas-para-guardia-civil-policia-nacional-y-fuerzas-armadas-la-mayor-oportunidad-para-unirte-a-las-fcse-en-2025\/","title":{"rendered":"M\u00e1s de 9.000 plazas para Guardia Civil, Polic\u00eda Nacional y Fuerzas Armadas: la mayor oportunidad para unirte a las FCSE en 2025"},"content":{"rendered":"<p>La <b>Oferta de Empleo P\u00fablico (OEP) 2025<\/b> acaba de publicarse en el BOE y reserva <b>36.600 plazas<\/b> para la Administraci\u00f3n General del Estado. De todas ellas, <b>9.700 se reparten entre Guardia Civil (3.713), Polic\u00eda Nacional (3.139) y Fuerzas Armadas (2.847)<\/b>, lo que convierte a la convocatoria en <b>la m\u00e1s ambiciosa de la \u00faltima d\u00e9cada <\/b>para los cuerpos uniformados. El 10% se reserva a personas con discapacidad, garantizando el principio de igualdad.<\/p>\n<h2><b>Prep\u00e1rate con garant\u00edas<\/b><\/h2>\n<p>Para sobresalir entre miles de candidatos necesitas <b>un m\u00e9todo s\u00f3lido y probado<\/b>. Ah\u00ed es donde entra en juego <a href=\"https:\/\/voyaseropositor.es\">Voy A Ser Opositor<\/a>, academia de referencia para preparar estas oposiciones. Con temarios siempre al d\u00eda, clases presenciales y streaming, y un sistema de test adaptativos que simula el examen real, <b>la academia te gu\u00eda paso a paso desde la planificaci\u00f3n hasta el d\u00eda de las pruebas<\/b>.<\/p>\n<p><b>\u00bfQu\u00e9 ofrece exactamente?<\/b><\/p>\n<ul>\n<li aria-level=\"1\"><b>Modalidad h\u00edbrida<\/b>: ocho sedes f\u00edsicas respaldadas por retransmisiones en directo y clases grabadas para repasar 24\/7.<\/li>\n<li aria-level=\"1\"><b>Temarios actualizados al BOE<\/b> en menos de 48 h desde cualquier cambio normativo, con res\u00famenes descargables y mapas mentales.<\/li>\n<li aria-level=\"1\"><b>Simulacros cronometrados con IA<\/b> que predicen tu puntuaci\u00f3n y se\u00f1alan los bloques donde debes reforzar el estudio.<\/li>\n<li aria-level=\"1\"><b>Tutor personal y coaching emocional<\/b>, imprescindible para gestionar la presi\u00f3n de las pruebas f\u00edsicas y la entrevista.<\/li>\n<\/ul>\n<p>Si tu objetivo es vestir el uniforme del Ej\u00e9rcito o embarcarte en un buque de la Armada, \u00e9chale un vistazo a la <a href=\"https:\/\/voyaseropositor.es\/academia-tropa-marineria\/\">academia tropa y mariner\u00eda<\/a>: all\u00ed encontrar\u00e1s circuitos de agilidad calcados a los de los centros de selecci\u00f3n de San Fernando y Le\u00f3n, simuladores de entrevista y un plan de fuerza progresivo para llegar a las f\u00edsicas en tu mejor marca.<\/p>\n<p>Todo este saber hacer se sustenta en la trayectoria del <a href=\"https:\/\/centroandaluz.net\/\">Centro Andaluz<\/a>, grupo educativo <b>con m\u00e1s de tres d\u00e9cadas de experiencia y m\u00e1s de 10.000 aprobados<\/b>. Su respaldo garantiza la calidad pedag\u00f3gica, la estabilidad de los equipos docentes y un \u00edndice de \u00e9xito que dobla la media estatal.<\/p>\n<h2><b>Radiograf\u00eda de las nuevas vacantes<\/b><\/h2>\n<p>La OEP de 2024 fue r\u00e9cord con 40.146 puestos, pero el reparto no prioriz\u00f3 tanto a las FCSE. En 2025, aunque el total baja un 8,8%, <b>la cuota de seguridad interior sube un 15 %<\/b> respecto a la media 2018-2023, se\u00f1al de la urgencia por cubrir chalecos y acuartelamientos.<\/p>\n<ul>\n<li aria-level=\"1\"><b>Guardia Civil<\/b>: 3.713 plazas, un 36% m\u00e1s que en 2024.<\/li>\n<li aria-level=\"1\"><b>Polic\u00eda Nacional<\/b>: 3.139 plazas, un 20% m\u00e1s que el a\u00f1o pasado.<\/li>\n<li aria-level=\"1\"><b>Fuerzas Armadas (Tropa y Mariner\u00eda)<\/b>: 2.847 plazas, distribuidas en dos ciclos de selecci\u00f3n.<\/li>\n<\/ul>\n<p>El Gobierno justifica el refuerzo por <b>tres razones<\/b>: rejuvenecer plantillas \u2014la edad media bajar\u00e1 de 49 a 47 a\u00f1os\u2014, cubrir la ola de jubilaciones prevista antes de 2030 y reforzar el servicio en zonas despobladas o tensionadas.<\/p>\n<h3><b>Estrategia detr\u00e1s de la cifra<\/b><\/h3>\n<p>Adem\u00e1s de relevo generacional, el Ministerio del Interior apunta a <b>nuevas amenazas h\u00edbridas y aumento de delitos telem\u00e1ticos<\/b>. Defensa, por su parte, enfatiza la necesidad de tropas j\u00f3venes con perfiles tecnol\u00f3gicos para sistemas no tripulados y ciberdefensa. Esta tendencia sit\u00faa a las oposiciones de uniforme como una v\u00eda s\u00f3lida hacia la <b>estabilidad laboral<\/b> y la especializaci\u00f3n de alto valor.<\/p>\n<h2><b>Calendario oficial, cuerpo por cuerpo<\/b><\/h2>\n<ul>\n<li aria-level=\"1\"><b>Guardia Civil<\/b>: El plazo de inscripci\u00f3n estuvo abierto <b>del 29 de mayo al 18 de junio de 2025<\/b> seg\u00fan el BOE n.\u00ba 128. Las pruebas de conocimientos y las f\u00edsicas se concentran en la <b>primera quincena de septiembre<\/b>, siguiendo el modelo de convocatorias anteriores; si todo va seg\u00fan lo previsto, la incorporaci\u00f3n al Colegio de Guardias J\u00f3venes y a la Academia de Baeza se producir\u00e1 en diciembre.<\/li>\n<li aria-level=\"1\"><b>Polic\u00eda Nacional<\/b>: La Resoluci\u00f3n interna de la Divisi\u00f3n de Formaci\u00f3n y Perfeccionamiento ya ha fijado la fecha de la primera prueba escrita: <b>25 de octubre de 2025<\/b>. El BOE con la convocatoria completa saldr\u00e1, previsiblemente, a mediados de agosto \u2014como viene sucediendo los \u00faltimos a\u00f1os\u2014 y abrir\u00e1 un plazo de veinte d\u00edas naturales para presentar instancias. Quienes superen el test de conocimientos y psicot\u00e9cnicos pasar\u00e1n a las pruebas f\u00edsicas en diciembre, antes de la Navidad.<\/li>\n<li aria-level=\"1\"><b>Tropa y Mariner\u00eda<\/b>: La convocatoria 2025 se organiza en <b>dos ciclos<\/b>:<br \/>\n<b>Ciclo 1<\/b>: solicitud de cita previa hasta el <b>18 de febrero<\/b>; ingreso en centros de formaci\u00f3n el <b>5 de mayo<\/b>.<br \/>\n<b>Ciclo 2<\/b>: cita previa entre el <b>6 y el 26 de junio<\/b>; incorporaci\u00f3n el <b>3 de noviembre<\/b>.<br \/>\nEn ambos casos, los primeros quince d\u00edas tras la llegada al centro se reservan para el per\u00edodo de orientaci\u00f3n y adaptaci\u00f3n, imprescindible para consolidar la antig\u00fcedad en las escalas.<\/li>\n<\/ul>\n<p><b>Tip pr\u00e1ctico:<\/b> tramita tu solicitud el primer d\u00eda y guarda el justificante; el n\u00famero de registro determinar\u00e1 el orden de llamamiento a pruebas m\u00e9dicas y psicot\u00e9cnicas.<\/p>\n<h2><b>\u00bfTengo el perfil que buscan?<\/b><\/h2>\n<p>Las bases insisten en <b>vocaci\u00f3n de servicio p\u00fablico, disciplina y trabajo en equipo<\/b>. Para FCSE se exigen Bachillerato o equivalente; en Tropa basta ESO. Otros requisitos:<\/p>\n<ul>\n<li aria-level=\"1\"><b>Carnet B<\/b> y nivel A2 de ingl\u00e9s o franc\u00e9s (Polic\u00eda Nacional, Orden INT\/632\/2024).<\/li>\n<li aria-level=\"1\">Altura m\u00ednima: 1,60m mujeres y 1,65m hombres (excepto especialidades).<\/li>\n<li aria-level=\"1\">Ausencia de tatuajes contrarios a los valores constitucionales.<\/li>\n<\/ul>\n<p>Las pruebas se dividen en: test de conocimientos, psicot\u00e9cnicos, circuito f\u00edsico, entrevista personal y reconocimiento m\u00e9dico.<\/p>\n<h2><b>Lo que te espera tras aprobar<\/b><\/h2>\n<p>Un agente reci\u00e9n incorporado en las FCSE percibe <b>entre 1.700\u20ac y 1.900\u20ac netos mensuales<\/b>, a los que se a\u00f1aden pagas extra, plus de turnicidad y ayudas a la vivienda en destinos insulares o de especial dificultad. Con antig\u00fcedad y especializaci\u00f3n, superar\u00e1s los 2.500\u20ac netos. \u00a0Adem\u00e1s, obtendr\u00e1s <b>funcionario de carrera<\/b>, 14 pagas, 40 d\u00edas de permiso anual y un cat\u00e1logo de m\u00e1s de 300 cursos de perfeccionamiento: desde piloto de drones hasta analista OSINT. La movilidad interna (TEDAX, GEAS, UIP, UME, Cibercom\u2026) multiplica opciones de crecimiento.<\/p>\n<p>La OEP 2025 no se repetir\u00e1 en a\u00f1os: <b>m\u00e1s de 9.000 uniformes est\u00e1n en juego<\/b> y los ex\u00e1menes arrancan en apenas unos meses. <b>Es el momento de prepararte con los mejores<\/b>: reserva tu plaza en <b><i>Voy A Ser Opositor<\/i><\/b>, dise\u00f1a tu calendario de estudio y empieza hoy mismo la cuenta atr\u00e1s.<\/p>","protected":false},"excerpt":{"rendered":"<p>La Oferta de Empleo P\u00fablico (OEP) 2025 acaba de publicarse en el BOE y reserva 36.600 plazas para la Administraci\u00f3n General del Estado. De todas ellas, 9.700 se reparten entre Guardia Civil (3.713), Polic\u00eda Nacional (3.139) y Fuerzas Armadas (2.847), lo que convierte a la convocatoria en la m\u00e1s ambiciosa [&hellip;]<\/p>\n","protected":false},"author":3,"featured_media":65806,"comment_status":"closed","ping_status":"closed","sticky":false,"template":"","format":"standard","meta":{"footnotes":""},"categories":[3790],"tags":[],"class_list":["post-65805","post","type-post","status-publish","format-standard","has-post-thumbnail","hentry","category-otras-noticias"],"yoast_head":"<!-- This site is optimized with the Yoast SEO plugin v27.5 - https:\/\/yoast.com\/product\/yoast-seo-wordpress\/ -->\n<title>M\u00e1s de 9.000 plazas para Guardia Civil, Polic\u00eda Nacional y Fuerzas Armadas: la mayor oportunidad para unirte a las FCSE en 2025 - Revista Rambla<\/title>\n<meta name=\"robots\" content=\"index, follow, max-snippet:-1, max-image-preview:large, max-video-preview:-1\" \/>\n<link rel=\"canonical\" href=\"https:\/\/www.revistarambla.com\/en\/mas-de-9-000-plazas-para-guardia-civil-policia-nacional-y-fuerzas-armadas-la-mayor-oportunidad-para-unirte-a-las-fcse-en-2025\/\" \/>\n<meta property=\"og:locale\" content=\"en_GB\" \/>\n<meta property=\"og:type\" content=\"article\" \/>\n<meta property=\"og:title\" content=\"M\u00e1s de 9.000 plazas para Guardia Civil, Polic\u00eda Nacional y Fuerzas Armadas: la mayor oportunidad para unirte a las FCSE en 2025 - Revista Rambla\" \/>\n<meta property=\"og:description\" content=\"La Oferta de Empleo P\u00fablico (OEP) 2025 acaba de publicarse en el BOE y reserva 36.600 plazas para la Administraci\u00f3n General del Estado. De todas ellas, 9.700 se reparten entre Guardia Civil (3.713), Polic\u00eda Nacional (3.139) y Fuerzas Armadas (2.847), lo que convierte a la convocatoria en la m\u00e1s ambiciosa [&hellip;]\" \/>\n<meta property=\"og:url\" content=\"https:\/\/www.revistarambla.com\/en\/mas-de-9-000-plazas-para-guardia-civil-policia-nacional-y-fuerzas-armadas-la-mayor-oportunidad-para-unirte-a-las-fcse-en-2025\/\" \/>\n<meta property=\"og:site_name\" content=\"Revista Rambla\" \/>\n<meta property=\"article:publisher\" content=\"https:\/\/www.facebook.com\/revistarambla\/\" \/>\n<meta property=\"article:author\" content=\"https:\/\/www.facebook.com\/revistarambla\" \/>\n<meta property=\"article:published_time\" content=\"2025-07-19T10:26:16+00:00\" \/>\n<meta property=\"article:modified_time\" content=\"2025-07-19T10:26:34+00:00\" \/>\n<meta property=\"og:image\" content=\"https:\/\/www.revistarambla.com\/wp-content\/uploads\/2025\/07\/phpjdeFJi687a1cb0b01d9.jpg\" \/>\n\t<meta property=\"og:image:width\" content=\"1280\" \/>\n\t<meta property=\"og:image:height\" content=\"853\" \/>\n\t<meta property=\"og:image:type\" content=\"image\/jpeg\" \/>\n<meta name=\"author\" content=\"R@mbla\" \/>\n<meta name=\"twitter:card\" content=\"summary_large_image\" \/>\n<meta name=\"twitter:creator\" content=\"@revistarambla\" \/>\n<meta name=\"twitter:site\" content=\"@revistarambla\" \/>\n<meta name=\"twitter:label1\" content=\"Written by\" \/>\n\t<meta name=\"twitter:data1\" content=\"R@mbla\" \/>\n\t<meta name=\"twitter:label2\" content=\"Estimated reading time\" \/>\n\t<meta name=\"twitter:data2\" content=\"5 minutes\" \/>\n<script type=\"application\/ld+json\" class=\"yoast-schema-graph\">{\"@context\":\"https:\\\/\\\/schema.org\",\"@graph\":[{\"@type\":\"Article\",\"@id\":\"https:\\\/\\\/www.revistarambla.com\\\/mas-de-9-000-plazas-para-guardia-civil-policia-nacional-y-fuerzas-armadas-la-mayor-oportunidad-para-unirte-a-las-fcse-en-2025\\\/#article\",\"isPartOf\":{\"@id\":\"https:\\\/\\\/www.revistarambla.com\\\/mas-de-9-000-plazas-para-guardia-civil-policia-nacional-y-fuerzas-armadas-la-mayor-oportunidad-para-unirte-a-las-fcse-en-2025\\\/\"},\"author\":{\"name\":\"R@mbla\",\"@id\":\"https:\\\/\\\/www.revistarambla.com\\\/#\\\/schema\\\/person\\\/a146a5a2550b94981a75131180e1bd9c\"},\"headline\":\"M\u00e1s de 9.000 plazas para Guardia Civil, Polic\u00eda Nacional y Fuerzas Armadas: la mayor oportunidad para unirte a las FCSE en 2025\",\"datePublished\":\"2025-07-19T10:26:16+00:00\",\"dateModified\":\"2025-07-19T10:26:34+00:00\",\"mainEntityOfPage\":{\"@id\":\"https:\\\/\\\/www.revistarambla.com\\\/mas-de-9-000-plazas-para-guardia-civil-policia-nacional-y-fuerzas-armadas-la-mayor-oportunidad-para-unirte-a-las-fcse-en-2025\\\/\"},\"wordCount\":1057,\"publisher\":{\"@id\":\"https:\\\/\\\/www.revistarambla.com\\\/#organization\"},\"image\":{\"@id\":\"https:\\\/\\\/www.revistarambla.com\\\/mas-de-9-000-plazas-para-guardia-civil-policia-nacional-y-fuerzas-armadas-la-mayor-oportunidad-para-unirte-a-las-fcse-en-2025\\\/#primaryimage\"},\"thumbnailUrl\":\"https:\\\/\\\/www.revistarambla.com\\\/wp-content\\\/uploads\\\/2025\\\/07\\\/phpjdeFJi687a1cb0b01d9.jpg\",\"articleSection\":[\"Otras Noticias\"],\"inLanguage\":\"en-GB\"},{\"@type\":\"WebPage\",\"@id\":\"https:\\\/\\\/www.revistarambla.com\\\/mas-de-9-000-plazas-para-guardia-civil-policia-nacional-y-fuerzas-armadas-la-mayor-oportunidad-para-unirte-a-las-fcse-en-2025\\\/\",\"url\":\"https:\\\/\\\/www.revistarambla.com\\\/mas-de-9-000-plazas-para-guardia-civil-policia-nacional-y-fuerzas-armadas-la-mayor-oportunidad-para-unirte-a-las-fcse-en-2025\\\/\",\"name\":\"M\u00e1s de 9.000 plazas para Guardia Civil, Polic\u00eda Nacional y Fuerzas Armadas: la mayor oportunidad para unirte a las FCSE en 2025 - Revista Rambla\",\"isPartOf\":{\"@id\":\"https:\\\/\\\/www.revistarambla.com\\\/#website\"},\"primaryImageOfPage\":{\"@id\":\"https:\\\/\\\/www.revistarambla.com\\\/mas-de-9-000-plazas-para-guardia-civil-policia-nacional-y-fuerzas-armadas-la-mayor-oportunidad-para-unirte-a-las-fcse-en-2025\\\/#primaryimage\"},\"image\":{\"@id\":\"https:\\\/\\\/www.revistarambla.com\\\/mas-de-9-000-plazas-para-guardia-civil-policia-nacional-y-fuerzas-armadas-la-mayor-oportunidad-para-unirte-a-las-fcse-en-2025\\\/#primaryimage\"},\"thumbnailUrl\":\"https:\\\/\\\/www.revistarambla.com\\\/wp-content\\\/uploads\\\/2025\\\/07\\\/phpjdeFJi687a1cb0b01d9.jpg\",\"datePublished\":\"2025-07-19T10:26:16+00:00\",\"dateModified\":\"2025-07-19T10:26:34+00:00\",\"breadcrumb\":{\"@id\":\"https:\\\/\\\/www.revistarambla.com\\\/mas-de-9-000-plazas-para-guardia-civil-policia-nacional-y-fuerzas-armadas-la-mayor-oportunidad-para-unirte-a-las-fcse-en-2025\\\/#breadcrumb\"},\"inLanguage\":\"en-GB\",\"potentialAction\":[{\"@type\":\"ReadAction\",\"target\":[\"https:\\\/\\\/www.revistarambla.com\\\/mas-de-9-000-plazas-para-guardia-civil-policia-nacional-y-fuerzas-armadas-la-mayor-oportunidad-para-unirte-a-las-fcse-en-2025\\\/\"]}]},{\"@type\":\"ImageObject\",\"inLanguage\":\"en-GB\",\"@id\":\"https:\\\/\\\/www.revistarambla.com\\\/mas-de-9-000-plazas-para-guardia-civil-policia-nacional-y-fuerzas-armadas-la-mayor-oportunidad-para-unirte-a-las-fcse-en-2025\\\/#primaryimage\",\"url\":\"https:\\\/\\\/www.revistarambla.com\\\/wp-content\\\/uploads\\\/2025\\\/07\\\/phpjdeFJi687a1cb0b01d9.jpg\",\"contentUrl\":\"https:\\\/\\\/www.revistarambla.com\\\/wp-content\\\/uploads\\\/2025\\\/07\\\/phpjdeFJi687a1cb0b01d9.jpg\",\"width\":1280,\"height\":853,\"caption\":\"oposiciones helic\u00f3ptero guardia civil\"},{\"@type\":\"BreadcrumbList\",\"@id\":\"https:\\\/\\\/www.revistarambla.com\\\/mas-de-9-000-plazas-para-guardia-civil-policia-nacional-y-fuerzas-armadas-la-mayor-oportunidad-para-unirte-a-las-fcse-en-2025\\\/#breadcrumb\",\"itemListElement\":[{\"@type\":\"ListItem\",\"position\":1,\"name\":\"Portada\",\"item\":\"https:\\\/\\\/www.revistarambla.com\\\/\"},{\"@type\":\"ListItem\",\"position\":2,\"name\":\"M\u00e1s de 9.000 plazas para Guardia Civil, Polic\u00eda Nacional y Fuerzas Armadas: la mayor oportunidad para unirte a las FCSE en 2025\"}]},{\"@type\":\"WebSite\",\"@id\":\"https:\\\/\\\/www.revistarambla.com\\\/#website\",\"url\":\"https:\\\/\\\/www.revistarambla.com\\\/\",\"name\":\"Revista Rambla Barcelona\",\"description\":\"Periodismo independiente\",\"publisher\":{\"@id\":\"https:\\\/\\\/www.revistarambla.com\\\/#organization\"},\"potentialAction\":[{\"@type\":\"SearchAction\",\"target\":{\"@type\":\"EntryPoint\",\"urlTemplate\":\"https:\\\/\\\/www.revistarambla.com\\\/?s={search_term_string}\"},\"query-input\":{\"@type\":\"PropertyValueSpecification\",\"valueRequired\":true,\"valueName\":\"search_term_string\"}}],\"inLanguage\":\"en-GB\"},{\"@type\":\"Organization\",\"@id\":\"https:\\\/\\\/www.revistarambla.com\\\/#organization\",\"name\":\"Revista Rambla\",\"url\":\"https:\\\/\\\/www.revistarambla.com\\\/\",\"logo\":{\"@type\":\"ImageObject\",\"inLanguage\":\"en-GB\",\"@id\":\"https:\\\/\\\/www.revistarambla.com\\\/#\\\/schema\\\/logo\\\/image\\\/\",\"url\":\"https:\\\/\\\/www.revistarambla.com\\\/wp-content\\\/uploads\\\/2020\\\/09\\\/banner_rambla_1900x600_BB.png\",\"contentUrl\":\"https:\\\/\\\/www.revistarambla.com\\\/wp-content\\\/uploads\\\/2020\\\/09\\\/banner_rambla_1900x600_BB.png\",\"width\":1900,\"height\":600,\"caption\":\"Revista Rambla\"},\"image\":{\"@id\":\"https:\\\/\\\/www.revistarambla.com\\\/#\\\/schema\\\/logo\\\/image\\\/\"},\"sameAs\":[\"https:\\\/\\\/www.facebook.com\\\/revistarambla\\\/\",\"https:\\\/\\\/x.com\\\/revistarambla\",\"https:\\\/\\\/www.instagram.com\\\/revista_rambla\",\"https:\\\/\\\/es.linkedin.com\\\/company\\\/revista-rambla\"]},{\"@type\":\"Person\",\"@id\":\"https:\\\/\\\/www.revistarambla.com\\\/#\\\/schema\\\/person\\\/a146a5a2550b94981a75131180e1bd9c\",\"name\":\"R@mbla\",\"description\":\"Este art\u00edculo ha sido redactado y\\\/o validado por el equipo de redacci\u00f3n de Revista Rambla.\",\"sameAs\":[\"https:\\\/\\\/www.revistarambla.com\\\/\",\"https:\\\/\\\/www.facebook.com\\\/revistarambla\",\"https:\\\/\\\/x.com\\\/revistarambla\"]}]}<\/script>\n<!-- \/ Yoast SEO plugin. -->","yoast_head_json":{"title":"M\u00e1s de 9.000 plazas para Guardia Civil, Polic\u00eda Nacional y Fuerzas Armadas: la mayor oportunidad para unirte a las FCSE en 2025 - Revista Rambla","robots":{"index":"index","follow":"follow","max-snippet":"max-snippet:-1","max-image-preview":"max-image-preview:large","max-video-preview":"max-video-preview:-1"},"canonical":"https:\/\/www.revistarambla.com\/en\/mas-de-9-000-plazas-para-guardia-civil-policia-nacional-y-fuerzas-armadas-la-mayor-oportunidad-para-unirte-a-las-fcse-en-2025\/","og_locale":"en_GB","og_type":"article","og_title":"M\u00e1s de 9.000 plazas para Guardia Civil, Polic\u00eda Nacional y Fuerzas Armadas: la mayor oportunidad para unirte a las FCSE en 2025 - Revista Rambla","og_description":"La Oferta de Empleo P\u00fablico (OEP) 2025 acaba de publicarse en el BOE y reserva 36.600 plazas para la Administraci\u00f3n General del Estado. De todas ellas, 9.700 se reparten entre Guardia Civil (3.713), Polic\u00eda Nacional (3.139) y Fuerzas Armadas (2.847), lo que convierte a la convocatoria en la m\u00e1s ambiciosa [&hellip;]","og_url":"https:\/\/www.revistarambla.com\/en\/mas-de-9-000-plazas-para-guardia-civil-policia-nacional-y-fuerzas-armadas-la-mayor-oportunidad-para-unirte-a-las-fcse-en-2025\/","og_site_name":"Revista Rambla","article_publisher":"https:\/\/www.facebook.com\/revistarambla\/","article_author":"https:\/\/www.facebook.com\/revistarambla","article_published_time":"2025-07-19T10:26:16+00:00","article_modified_time":"2025-07-19T10:26:34+00:00","og_image":[{"width":1280,"height":853,"url":"https:\/\/www.revistarambla.com\/wp-content\/uploads\/2025\/07\/phpjdeFJi687a1cb0b01d9.jpg","type":"image\/jpeg"}],"author":"R@mbla","twitter_card":"summary_large_image","twitter_creator":"@revistarambla","twitter_site":"@revistarambla","twitter_misc":{"Written by":"R@mbla","Estimated reading time":"5 minutes"},"schema":{"@context":"https:\/\/schema.org","@graph":[{"@type":"Article","@id":"https:\/\/www.revistarambla.com\/mas-de-9-000-plazas-para-guardia-civil-policia-nacional-y-fuerzas-armadas-la-mayor-oportunidad-para-unirte-a-las-fcse-en-2025\/#article","isPartOf":{"@id":"https:\/\/www.revistarambla.com\/mas-de-9-000-plazas-para-guardia-civil-policia-nacional-y-fuerzas-armadas-la-mayor-oportunidad-para-unirte-a-las-fcse-en-2025\/"},"author":{"name":"R@mbla","@id":"https:\/\/www.revistarambla.com\/#\/schema\/person\/a146a5a2550b94981a75131180e1bd9c"},"headline":"M\u00e1s de 9.000 plazas para Guardia Civil, Polic\u00eda Nacional y Fuerzas Armadas: la mayor oportunidad para unirte a las FCSE en 2025","datePublished":"2025-07-19T10:26:16+00:00","dateModified":"2025-07-19T10:26:34+00:00","mainEntityOfPage":{"@id":"https:\/\/www.revistarambla.com\/mas-de-9-000-plazas-para-guardia-civil-policia-nacional-y-fuerzas-armadas-la-mayor-oportunidad-para-unirte-a-las-fcse-en-2025\/"},"wordCount":1057,"publisher":{"@id":"https:\/\/www.revistarambla.com\/#organization"},"image":{"@id":"https:\/\/www.revistarambla.com\/mas-de-9-000-plazas-para-guardia-civil-policia-nacional-y-fuerzas-armadas-la-mayor-oportunidad-para-unirte-a-las-fcse-en-2025\/#primaryimage"},"thumbnailUrl":"https:\/\/www.revistarambla.com\/wp-content\/uploads\/2025\/07\/phpjdeFJi687a1cb0b01d9.jpg","articleSection":["Otras Noticias"],"inLanguage":"en-GB"},{"@type":"WebPage","@id":"https:\/\/www.revistarambla.com\/mas-de-9-000-plazas-para-guardia-civil-policia-nacional-y-fuerzas-armadas-la-mayor-oportunidad-para-unirte-a-las-fcse-en-2025\/","url":"https:\/\/www.revistarambla.com\/mas-de-9-000-plazas-para-guardia-civil-policia-nacional-y-fuerzas-armadas-la-mayor-oportunidad-para-unirte-a-las-fcse-en-2025\/","name":"M\u00e1s de 9.000 plazas para Guardia Civil, Polic\u00eda Nacional y Fuerzas Armadas: la mayor oportunidad para unirte a las FCSE en 2025 - Revista Rambla","isPartOf":{"@id":"https:\/\/www.revistarambla.com\/#website"},"primaryImageOfPage":{"@id":"https:\/\/www.revistarambla.com\/mas-de-9-000-plazas-para-guardia-civil-policia-nacional-y-fuerzas-armadas-la-mayor-oportunidad-para-unirte-a-las-fcse-en-2025\/#primaryimage"},"image":{"@id":"https:\/\/www.revistarambla.com\/mas-de-9-000-plazas-para-guardia-civil-policia-nacional-y-fuerzas-armadas-la-mayor-oportunidad-para-unirte-a-las-fcse-en-2025\/#primaryimage"},"thumbnailUrl":"https:\/\/www.revistarambla.com\/wp-content\/uploads\/2025\/07\/phpjdeFJi687a1cb0b01d9.jpg","datePublished":"2025-07-19T10:26:16+00:00","dateModified":"2025-07-19T10:26:34+00:00","breadcrumb":{"@id":"https:\/\/www.revistarambla.com\/mas-de-9-000-plazas-para-guardia-civil-policia-nacional-y-fuerzas-armadas-la-mayor-oportunidad-para-unirte-a-las-fcse-en-2025\/#breadcrumb"},"inLanguage":"en-GB","potentialAction":[{"@type":"ReadAction","target":["https:\/\/www.revistarambla.com\/mas-de-9-000-plazas-para-guardia-civil-policia-nacional-y-fuerzas-armadas-la-mayor-oportunidad-para-unirte-a-las-fcse-en-2025\/"]}]},{"@type":"ImageObject","inLanguage":"en-GB","@id":"https:\/\/www.revistarambla.com\/mas-de-9-000-plazas-para-guardia-civil-policia-nacional-y-fuerzas-armadas-la-mayor-oportunidad-para-unirte-a-las-fcse-en-2025\/#primaryimage","url":"https:\/\/www.revistarambla.com\/wp-content\/uploads\/2025\/07\/phpjdeFJi687a1cb0b01d9.jpg","contentUrl":"https:\/\/www.revistarambla.com\/wp-content\/uploads\/2025\/07\/phpjdeFJi687a1cb0b01d9.jpg","width":1280,"height":853,"caption":"oposiciones helic\u00f3ptero guardia civil"},{"@type":"BreadcrumbList","@id":"https:\/\/www.revistarambla.com\/mas-de-9-000-plazas-para-guardia-civil-policia-nacional-y-fuerzas-armadas-la-mayor-oportunidad-para-unirte-a-las-fcse-en-2025\/#breadcrumb","itemListElement":[{"@type":"ListItem","position":1,"name":"Portada","item":"https:\/\/www.revistarambla.com\/"},{"@type":"ListItem","position":2,"name":"M\u00e1s de 9.000 plazas para Guardia Civil, Polic\u00eda Nacional y Fuerzas Armadas: la mayor oportunidad para unirte a las FCSE en 2025"}]},{"@type":"WebSite","@id":"https:\/\/www.revistarambla.com\/#website","url":"https:\/\/www.revistarambla.com\/","name":"Revista Rambla Barcelona","description":"Periodismo independiente","publisher":{"@id":"https:\/\/www.revistarambla.com\/#organization"},"potentialAction":[{"@type":"SearchAction","target":{"@type":"EntryPoint","urlTemplate":"https:\/\/www.revistarambla.com\/?s={search_term_string}"},"query-input":{"@type":"PropertyValueSpecification","valueRequired":true,"valueName":"search_term_string"}}],"inLanguage":"en-GB"},{"@type":"Organization","@id":"https:\/\/www.revistarambla.com\/#organization","name":"Revista Rambla","url":"https:\/\/www.revistarambla.com\/","logo":{"@type":"ImageObject","inLanguage":"en-GB","@id":"https:\/\/www.revistarambla.com\/#\/schema\/logo\/image\/","url":"https:\/\/www.revistarambla.com\/wp-content\/uploads\/2020\/09\/banner_rambla_1900x600_BB.png","contentUrl":"https:\/\/www.revistarambla.com\/wp-content\/uploads\/2020\/09\/banner_rambla_1900x600_BB.png","width":1900,"height":600,"caption":"Revista Rambla"},"image":{"@id":"https:\/\/www.revistarambla.com\/#\/schema\/logo\/image\/"},"sameAs":["https:\/\/www.facebook.com\/revistarambla\/","https:\/\/x.com\/revistarambla","https:\/\/www.instagram.com\/revista_rambla","https:\/\/es.linkedin.com\/company\/revista-rambla"]},{"@type":"Person","@id":"https:\/\/www.revistarambla.com\/#\/schema\/person\/a146a5a2550b94981a75131180e1bd9c","name":"R@mbla","description":"Este art\u00edculo ha sido redactado y\/o validado por el equipo de redacci\u00f3n de Revista Rambla.","sameAs":["https:\/\/www.revistarambla.com\/","https:\/\/www.facebook.com\/revistarambla","https:\/\/x.com\/revistarambla"]}]}},"_links":{"self":[{"href":"https:\/\/www.revistarambla.com\/en\/wp-json\/wp\/v2\/posts\/65805","targetHints":{"allow":["GET"]}}],"collection":[{"href":"https:\/\/www.revistarambla.com\/en\/wp-json\/wp\/v2\/posts"}],"about":[{"href":"https:\/\/www.revistarambla.com\/en\/wp-json\/wp\/v2\/types\/post"}],"author":[{"embeddable":true,"href":"https:\/\/www.revistarambla.com\/en\/wp-json\/wp\/v2\/users\/3"}],"replies":[{"embeddable":true,"href":"https:\/\/www.revistarambla.com\/en\/wp-json\/wp\/v2\/comments?post=65805"}],"version-history":[{"count":2,"href":"https:\/\/www.revistarambla.com\/en\/wp-json\/wp\/v2\/posts\/65805\/revisions"}],"predecessor-version":[{"id":65808,"href":"https:\/\/www.revistarambla.com\/en\/wp-json\/wp\/v2\/posts\/65805\/revisions\/65808"}],"wp:featuredmedia":[{"embeddable":true,"href":"https:\/\/www.revistarambla.com\/en\/wp-json\/wp\/v2\/media\/65806"}],"wp:attachment":[{"href":"https:\/\/www.revistarambla.com\/en\/wp-json\/wp\/v2\/media?parent=65805"}],"wp:term":[{"taxonomy":"category","embeddable":true,"href":"https:\/\/www.revistarambla.com\/en\/wp-json\/wp\/v2\/categories?post=65805"},{"taxonomy":"post_tag","embeddable":true,"href":"https:\/\/www.revistarambla.com\/en\/wp-json\/wp\/v2\/tags?post=65805"}],"curies":[{"name":"wp","href":"https:\/\/api.w.org\/{rel}","templated":true}]}}