{"id":65799,"date":"2025-07-19T12:16:24","date_gmt":"2025-07-19T10:16:24","guid":{"rendered":"https:\/\/www.revistarambla.com\/?p=65799"},"modified":"2025-07-19T12:16:24","modified_gmt":"2025-07-19T10:16:24","slug":"la-riqueza-fuera-de-las-naciones-un-cuento-de-andres-smith","status":"publish","type":"post","link":"https:\/\/www.revistarambla.com\/en\/la-riqueza-fuera-de-las-naciones-un-cuento-de-andres-smith\/","title":{"rendered":"La riqueza fuera de las naciones: un cuento de Andr\u00e9s Smith"},"content":{"rendered":"<p>Hab\u00eda una vez un ladr\u00f3n que no entend\u00eda por qu\u00e9 si Estados Unidos era primera potencia mundial y el d\u00f3lar la moneda de reserva global, sus problemas de endeudamiento p\u00fablico eran cada vez m\u00e1s peligrosos. \u00bfSe le habr\u00eda olvidado la opci\u00f3n de imprimir dinero para s\u00ed mismo, y as\u00ed poder pagar sus deudas y luego incluso poder prest\u00e1rselo a los dem\u00e1s?, se preguntaba. Sin embargo, lo que no entend\u00eda el ladr\u00f3n era que el sistema en la pr\u00e1ctica funcionaba justo al rev\u00e9s, el Estado americano imprim\u00eda su propio dinero para pagar los intereses de los d\u00f3lares que ya ten\u00edan acumulados desde mucho tiempo atr\u00e1s, los fondos de inversi\u00f3n. A su vez, como hemos dicho antes, Estados Unidos ten\u00eda la moneda de reserva y era la primera potencia mundial, lo que significaba que arrastraba al resto de los pa\u00edses del mundo que a menudo sufr\u00edan sus mismos problemas y defectos. En otras palabras, estaban igualmente endeudados por el d\u00f3lar. Entonces, para menguar esos intereses de su deuda, los cabecillas de la Casa Blanca decidieron aumentar la inflaci\u00f3n. Y eso significaba a todas luces un empobrecimiento colectivo para garantizar unas pocas y exacerbadas riquezas y patrimonios individuales que estaban fuera del control de todas las naciones. Mientras suced\u00eda todo eso, el ladr\u00f3n lleg\u00f3 a un edificio embrujado, en otro tiempo una empresa en ebullici\u00f3n llena de ingenieros y cient\u00edficos que hab\u00eda quebrado y que tras numerosas vicisitudes qued\u00f3 reducida a su m\u00ednima y fantasmal expresi\u00f3n laboral y productiva: tres personas. Por la ma\u00f1ana iba una administrativa cuya funci\u00f3n principal era desayunar. Por la tarde se presentaba un conserje cuya \u00fanica responsabilidad real era alimentar a unos perros vagabundos que viv\u00edan en el terreno perimetral, y por la noche le tocaba un vigilante cuya rutina era dormir, puesto que ya hab\u00edan robado todo lo que se pod\u00eda robar del defenestrado edificio. Era m\u00e1s caro echarlos que seguirles pagando un sueldo cada vez m\u00e1s bajo debido a la inflaci\u00f3n, as\u00ed que nadie se met\u00eda con ellos y la pr\u00e1ctica eran trabajadores completamente ociosos. Mientras tanto, la administrativa cre\u00eda en las teor\u00edas de David Ricardo, es decir, que cada naci\u00f3n deb\u00eda buscar adaptar los puestos y la poblaci\u00f3n a sus mejores trabajos y productos, para as\u00ed ejecutar un intercambio mercantil con otras naciones que ser\u00eda provechoso para todos. El conserje, m\u00e1s adelante, entendi\u00f3 a las ideas de Adam Smith y pensaba que \u201cuna mano invisible\u201d a trav\u00e9s de la oferta y la demanda regular\u00eda la econom\u00eda. Por \u00faltimo, el vigilante se mostraba partidario de Keynes y se inclinaba por la intervenci\u00f3n del Estado para corregir en cierto modo las eventuales crisis del mercado, es decir, no dudaba que eso deb\u00eda de hacerse mediante el endeudamiento p\u00fablico. Algunas personas pensar\u00e1n que estas tres personas eran en cierto modo una carga para sociedad, puesto que no aportaban nada real ni al mercado ni al individuo, sin embargo, ellos hab\u00edan trabajado duro durante much\u00edsimos a\u00f1os y no ten\u00edan la culpa de que el movimiento libre de capitales, fundamentalmente en manos individuales y privadas (fondos de inversi\u00f3n) hubiera acumulado tanto capital fuera de las naciones que los intereses de ese capital estuvieran arruinando a muchos Estados y a numerosas empresas privadas. Pero hab\u00eda algo m\u00e1s raro todav\u00eda: ellos para sobrevivir hab\u00eda hecho un pacto con el diablo. Una vez al mes, un demonio que hab\u00eda tomado la forma de un hombre lobo estepario, con sus afilados colmillos, se acercaba al cuello de cada uno de ellos. A trav\u00e9s de una b\u00e1scula, ten\u00edan que ofrecerle un kilo, dos cientos gramos, de su propia carne, peso que luego el diablo lo invertir\u00eda en oro y m\u00e1s tarde en bitcoins o bonos de la deuda americana. Por eso al principio de mes los tres ten\u00edan que ganar un poco de peso a trav\u00e9s de la comida basura y de la vida sedentaria y cuando llegaba la criatura de las tinieblas y su b\u00e1scula, les absorb\u00eda ese peso extra de un mordisco m\u00e1gico en el cuello. Esos tres pilares: oro, bitcoins y bonos del Estado americano eran en el fondo la manera en que el diablo les cobraba por venir cada d\u00eda a aquel edificio embrujado. El problema vino cuando se empez\u00f3 a erosionar la credibilidad en el d\u00f3lar y los chinos y los japoneses comenzaron a vender los bonos de la deuda americana. Eso llev\u00f3 a una subida de los intereses de la deuda y, por lo tanto, el vigilante nocturno, al que el diablo eligi\u00f3 para convertir su carne en bonos, comenz\u00f3 a tener que pagar cada vez m\u00e1s cantidad de su cuerpo para poder afrontar su deuda, lo que le llev\u00f3 primero a cortarse las piernas y los brazos y luego de forma fatal e irreversible a la tumba. \u00bfQui\u00e9n vigila hoy el edificio? Me han dicho que han contratado al ladr\u00f3n. Sin embargo, ha sido a costa de un peque\u00f1o cambio:\u00a0 no quiere saber nada de la deuda americana ni de los hombres lobo, para defenderse de la inflaci\u00f3n pagar\u00e1 el peso de su carne en relucientes balas de plata.<\/p>","protected":false},"excerpt":{"rendered":"<p>Hab\u00eda una vez un ladr\u00f3n que no entend\u00eda por qu\u00e9 si Estados Unidos era primera potencia mundial y el d\u00f3lar la moneda de reserva global, sus problemas de endeudamiento p\u00fablico eran cada vez m\u00e1s peligrosos. \u00bfSe le habr\u00eda olvidado la opci\u00f3n de imprimir dinero para s\u00ed mismo, y as\u00ed poder [&hellip;]<\/p>\n","protected":false},"author":294,"featured_media":65800,"comment_status":"closed","ping_status":"closed","sticky":false,"template":"","format":"standard","meta":{"footnotes":""},"categories":[3908],"tags":[],"class_list":["post-65799","post","type-post","status-publish","format-standard","has-post-thumbnail","hentry","category-la-bodeguita-de-hemingway"],"yoast_head":"<!-- This site is optimized with the Yoast SEO plugin v27.5 - https:\/\/yoast.com\/product\/yoast-seo-wordpress\/ -->\n<title>La riqueza fuera de las naciones: un cuento de Andr\u00e9s Smith - Revista Rambla<\/title>\n<meta name=\"robots\" content=\"index, follow, max-snippet:-1, max-image-preview:large, max-video-preview:-1\" \/>\n<link rel=\"canonical\" href=\"https:\/\/www.revistarambla.com\/en\/la-riqueza-fuera-de-las-naciones-un-cuento-de-andres-smith\/\" \/>\n<meta property=\"og:locale\" content=\"en_GB\" \/>\n<meta property=\"og:type\" content=\"article\" \/>\n<meta property=\"og:title\" content=\"La riqueza fuera de las naciones: un cuento de Andr\u00e9s Smith - Revista Rambla\" \/>\n<meta property=\"og:description\" content=\"Hab\u00eda una vez un ladr\u00f3n que no entend\u00eda por qu\u00e9 si Estados Unidos era primera potencia mundial y el d\u00f3lar la moneda de reserva global, sus problemas de endeudamiento p\u00fablico eran cada vez m\u00e1s peligrosos. \u00bfSe le habr\u00eda olvidado la opci\u00f3n de imprimir dinero para s\u00ed mismo, y as\u00ed poder [&hellip;]\" \/>\n<meta property=\"og:url\" content=\"https:\/\/www.revistarambla.com\/en\/la-riqueza-fuera-de-las-naciones-un-cuento-de-andres-smith\/\" \/>\n<meta property=\"og:site_name\" content=\"Revista Rambla\" \/>\n<meta property=\"article:publisher\" content=\"https:\/\/www.facebook.com\/revistarambla\/\" \/>\n<meta property=\"article:published_time\" content=\"2025-07-19T10:16:24+00:00\" \/>\n<meta property=\"og:image\" content=\"https:\/\/www.revistarambla.com\/wp-content\/uploads\/2025\/07\/740.jpg\" \/>\n\t<meta property=\"og:image:width\" content=\"1500\" \/>\n\t<meta property=\"og:image:height\" content=\"1001\" \/>\n\t<meta property=\"og:image:type\" content=\"image\/jpeg\" \/>\n<meta name=\"author\" content=\"Jos\u00e9 Antonio Gamero Romero\" \/>\n<meta name=\"twitter:card\" content=\"summary_large_image\" \/>\n<meta name=\"twitter:creator\" content=\"@revistarambla\" \/>\n<meta name=\"twitter:site\" content=\"@revistarambla\" \/>\n<meta name=\"twitter:label1\" content=\"Written by\" \/>\n\t<meta name=\"twitter:data1\" content=\"Jos\u00e9 Antonio Gamero Romero\" \/>\n\t<meta name=\"twitter:label2\" content=\"Estimated reading time\" \/>\n\t<meta name=\"twitter:data2\" content=\"5 minutes\" \/>\n<script type=\"application\/ld+json\" class=\"yoast-schema-graph\">{\"@context\":\"https:\\\/\\\/schema.org\",\"@graph\":[{\"@type\":\"Article\",\"@id\":\"https:\\\/\\\/www.revistarambla.com\\\/la-riqueza-fuera-de-las-naciones-un-cuento-de-andres-smith\\\/#article\",\"isPartOf\":{\"@id\":\"https:\\\/\\\/www.revistarambla.com\\\/la-riqueza-fuera-de-las-naciones-un-cuento-de-andres-smith\\\/\"},\"author\":{\"name\":\"Jos\u00e9 Antonio Gamero Romero\",\"@id\":\"https:\\\/\\\/www.revistarambla.com\\\/#\\\/schema\\\/person\\\/94294f57cf4910853e3280fda7339bfc\"},\"headline\":\"La riqueza fuera de las naciones: un cuento de Andr\u00e9s Smith\",\"datePublished\":\"2025-07-19T10:16:24+00:00\",\"mainEntityOfPage\":{\"@id\":\"https:\\\/\\\/www.revistarambla.com\\\/la-riqueza-fuera-de-las-naciones-un-cuento-de-andres-smith\\\/\"},\"wordCount\":935,\"publisher\":{\"@id\":\"https:\\\/\\\/www.revistarambla.com\\\/#organization\"},\"image\":{\"@id\":\"https:\\\/\\\/www.revistarambla.com\\\/la-riqueza-fuera-de-las-naciones-un-cuento-de-andres-smith\\\/#primaryimage\"},\"thumbnailUrl\":\"https:\\\/\\\/www.revistarambla.com\\\/wp-content\\\/uploads\\\/2025\\\/07\\\/740.jpg\",\"articleSection\":[\"La bodeguita de Hemingway\"],\"inLanguage\":\"en-GB\"},{\"@type\":\"WebPage\",\"@id\":\"https:\\\/\\\/www.revistarambla.com\\\/la-riqueza-fuera-de-las-naciones-un-cuento-de-andres-smith\\\/\",\"url\":\"https:\\\/\\\/www.revistarambla.com\\\/la-riqueza-fuera-de-las-naciones-un-cuento-de-andres-smith\\\/\",\"name\":\"La riqueza fuera de las naciones: un cuento de Andr\u00e9s Smith - Revista Rambla\",\"isPartOf\":{\"@id\":\"https:\\\/\\\/www.revistarambla.com\\\/#website\"},\"primaryImageOfPage\":{\"@id\":\"https:\\\/\\\/www.revistarambla.com\\\/la-riqueza-fuera-de-las-naciones-un-cuento-de-andres-smith\\\/#primaryimage\"},\"image\":{\"@id\":\"https:\\\/\\\/www.revistarambla.com\\\/la-riqueza-fuera-de-las-naciones-un-cuento-de-andres-smith\\\/#primaryimage\"},\"thumbnailUrl\":\"https:\\\/\\\/www.revistarambla.com\\\/wp-content\\\/uploads\\\/2025\\\/07\\\/740.jpg\",\"datePublished\":\"2025-07-19T10:16:24+00:00\",\"breadcrumb\":{\"@id\":\"https:\\\/\\\/www.revistarambla.com\\\/la-riqueza-fuera-de-las-naciones-un-cuento-de-andres-smith\\\/#breadcrumb\"},\"inLanguage\":\"en-GB\",\"potentialAction\":[{\"@type\":\"ReadAction\",\"target\":[\"https:\\\/\\\/www.revistarambla.com\\\/la-riqueza-fuera-de-las-naciones-un-cuento-de-andres-smith\\\/\"]}]},{\"@type\":\"ImageObject\",\"inLanguage\":\"en-GB\",\"@id\":\"https:\\\/\\\/www.revistarambla.com\\\/la-riqueza-fuera-de-las-naciones-un-cuento-de-andres-smith\\\/#primaryimage\",\"url\":\"https:\\\/\\\/www.revistarambla.com\\\/wp-content\\\/uploads\\\/2025\\\/07\\\/740.jpg\",\"contentUrl\":\"https:\\\/\\\/www.revistarambla.com\\\/wp-content\\\/uploads\\\/2025\\\/07\\\/740.jpg\",\"width\":1500,\"height\":1001,\"caption\":\"dollar\"},{\"@type\":\"BreadcrumbList\",\"@id\":\"https:\\\/\\\/www.revistarambla.com\\\/la-riqueza-fuera-de-las-naciones-un-cuento-de-andres-smith\\\/#breadcrumb\",\"itemListElement\":[{\"@type\":\"ListItem\",\"position\":1,\"name\":\"Portada\",\"item\":\"https:\\\/\\\/www.revistarambla.com\\\/\"},{\"@type\":\"ListItem\",\"position\":2,\"name\":\"La riqueza fuera de las naciones: un cuento de Andr\u00e9s Smith\"}]},{\"@type\":\"WebSite\",\"@id\":\"https:\\\/\\\/www.revistarambla.com\\\/#website\",\"url\":\"https:\\\/\\\/www.revistarambla.com\\\/\",\"name\":\"Revista Rambla Barcelona\",\"description\":\"Periodismo independiente\",\"publisher\":{\"@id\":\"https:\\\/\\\/www.revistarambla.com\\\/#organization\"},\"potentialAction\":[{\"@type\":\"SearchAction\",\"target\":{\"@type\":\"EntryPoint\",\"urlTemplate\":\"https:\\\/\\\/www.revistarambla.com\\\/?s={search_term_string}\"},\"query-input\":{\"@type\":\"PropertyValueSpecification\",\"valueRequired\":true,\"valueName\":\"search_term_string\"}}],\"inLanguage\":\"en-GB\"},{\"@type\":\"Organization\",\"@id\":\"https:\\\/\\\/www.revistarambla.com\\\/#organization\",\"name\":\"Revista Rambla\",\"url\":\"https:\\\/\\\/www.revistarambla.com\\\/\",\"logo\":{\"@type\":\"ImageObject\",\"inLanguage\":\"en-GB\",\"@id\":\"https:\\\/\\\/www.revistarambla.com\\\/#\\\/schema\\\/logo\\\/image\\\/\",\"url\":\"https:\\\/\\\/www.revistarambla.com\\\/wp-content\\\/uploads\\\/2020\\\/09\\\/banner_rambla_1900x600_BB.png\",\"contentUrl\":\"https:\\\/\\\/www.revistarambla.com\\\/wp-content\\\/uploads\\\/2020\\\/09\\\/banner_rambla_1900x600_BB.png\",\"width\":1900,\"height\":600,\"caption\":\"Revista Rambla\"},\"image\":{\"@id\":\"https:\\\/\\\/www.revistarambla.com\\\/#\\\/schema\\\/logo\\\/image\\\/\"},\"sameAs\":[\"https:\\\/\\\/www.facebook.com\\\/revistarambla\\\/\",\"https:\\\/\\\/x.com\\\/revistarambla\",\"https:\\\/\\\/www.instagram.com\\\/revista_rambla\",\"https:\\\/\\\/es.linkedin.com\\\/company\\\/revista-rambla\"]},{\"@type\":\"Person\",\"@id\":\"https:\\\/\\\/www.revistarambla.com\\\/#\\\/schema\\\/person\\\/94294f57cf4910853e3280fda7339bfc\",\"name\":\"Jos\u00e9 Antonio Gamero Romero\",\"description\":\"Escritor sevillano finalista del premio Azor\u00edn 2014. Ha publicado en diferentes revistas como Culturamas, E\u00f1e, Visor, etc. Sus libros son: 'La invenci\u00f3n de los gigantes' (Buc\u00e9falo 2016); 'Literatura tridimensional' (Adarve 2018); 'S\u00f3crates no vino a Espa\u00f1a' (Samarcanda 2018); 'La rep\u00fablica del fin del mundo' (Tandaia 2018) y 'La bodeguita de Hemingway'.\"}]}<\/script>\n<!-- \/ Yoast SEO plugin. -->","yoast_head_json":{"title":"La riqueza fuera de las naciones: un cuento de Andr\u00e9s Smith - Revista Rambla","robots":{"index":"index","follow":"follow","max-snippet":"max-snippet:-1","max-image-preview":"max-image-preview:large","max-video-preview":"max-video-preview:-1"},"canonical":"https:\/\/www.revistarambla.com\/en\/la-riqueza-fuera-de-las-naciones-un-cuento-de-andres-smith\/","og_locale":"en_GB","og_type":"article","og_title":"La riqueza fuera de las naciones: un cuento de Andr\u00e9s Smith - Revista Rambla","og_description":"Hab\u00eda una vez un ladr\u00f3n que no entend\u00eda por qu\u00e9 si Estados Unidos era primera potencia mundial y el d\u00f3lar la moneda de reserva global, sus problemas de endeudamiento p\u00fablico eran cada vez m\u00e1s peligrosos. \u00bfSe le habr\u00eda olvidado la opci\u00f3n de imprimir dinero para s\u00ed mismo, y as\u00ed poder [&hellip;]","og_url":"https:\/\/www.revistarambla.com\/en\/la-riqueza-fuera-de-las-naciones-un-cuento-de-andres-smith\/","og_site_name":"Revista Rambla","article_publisher":"https:\/\/www.facebook.com\/revistarambla\/","article_published_time":"2025-07-19T10:16:24+00:00","og_image":[{"width":1500,"height":1001,"url":"https:\/\/www.revistarambla.com\/wp-content\/uploads\/2025\/07\/740.jpg","type":"image\/jpeg"}],"author":"Jos\u00e9 Antonio Gamero Romero","twitter_card":"summary_large_image","twitter_creator":"@revistarambla","twitter_site":"@revistarambla","twitter_misc":{"Written by":"Jos\u00e9 Antonio Gamero Romero","Estimated reading time":"5 minutes"},"schema":{"@context":"https:\/\/schema.org","@graph":[{"@type":"Article","@id":"https:\/\/www.revistarambla.com\/la-riqueza-fuera-de-las-naciones-un-cuento-de-andres-smith\/#article","isPartOf":{"@id":"https:\/\/www.revistarambla.com\/la-riqueza-fuera-de-las-naciones-un-cuento-de-andres-smith\/"},"author":{"name":"Jos\u00e9 Antonio Gamero Romero","@id":"https:\/\/www.revistarambla.com\/#\/schema\/person\/94294f57cf4910853e3280fda7339bfc"},"headline":"La riqueza fuera de las naciones: un cuento de Andr\u00e9s Smith","datePublished":"2025-07-19T10:16:24+00:00","mainEntityOfPage":{"@id":"https:\/\/www.revistarambla.com\/la-riqueza-fuera-de-las-naciones-un-cuento-de-andres-smith\/"},"wordCount":935,"publisher":{"@id":"https:\/\/www.revistarambla.com\/#organization"},"image":{"@id":"https:\/\/www.revistarambla.com\/la-riqueza-fuera-de-las-naciones-un-cuento-de-andres-smith\/#primaryimage"},"thumbnailUrl":"https:\/\/www.revistarambla.com\/wp-content\/uploads\/2025\/07\/740.jpg","articleSection":["La bodeguita de Hemingway"],"inLanguage":"en-GB"},{"@type":"WebPage","@id":"https:\/\/www.revistarambla.com\/la-riqueza-fuera-de-las-naciones-un-cuento-de-andres-smith\/","url":"https:\/\/www.revistarambla.com\/la-riqueza-fuera-de-las-naciones-un-cuento-de-andres-smith\/","name":"La riqueza fuera de las naciones: un cuento de Andr\u00e9s Smith - Revista Rambla","isPartOf":{"@id":"https:\/\/www.revistarambla.com\/#website"},"primaryImageOfPage":{"@id":"https:\/\/www.revistarambla.com\/la-riqueza-fuera-de-las-naciones-un-cuento-de-andres-smith\/#primaryimage"},"image":{"@id":"https:\/\/www.revistarambla.com\/la-riqueza-fuera-de-las-naciones-un-cuento-de-andres-smith\/#primaryimage"},"thumbnailUrl":"https:\/\/www.revistarambla.com\/wp-content\/uploads\/2025\/07\/740.jpg","datePublished":"2025-07-19T10:16:24+00:00","breadcrumb":{"@id":"https:\/\/www.revistarambla.com\/la-riqueza-fuera-de-las-naciones-un-cuento-de-andres-smith\/#breadcrumb"},"inLanguage":"en-GB","potentialAction":[{"@type":"ReadAction","target":["https:\/\/www.revistarambla.com\/la-riqueza-fuera-de-las-naciones-un-cuento-de-andres-smith\/"]}]},{"@type":"ImageObject","inLanguage":"en-GB","@id":"https:\/\/www.revistarambla.com\/la-riqueza-fuera-de-las-naciones-un-cuento-de-andres-smith\/#primaryimage","url":"https:\/\/www.revistarambla.com\/wp-content\/uploads\/2025\/07\/740.jpg","contentUrl":"https:\/\/www.revistarambla.com\/wp-content\/uploads\/2025\/07\/740.jpg","width":1500,"height":1001,"caption":"dollar"},{"@type":"BreadcrumbList","@id":"https:\/\/www.revistarambla.com\/la-riqueza-fuera-de-las-naciones-un-cuento-de-andres-smith\/#breadcrumb","itemListElement":[{"@type":"ListItem","position":1,"name":"Portada","item":"https:\/\/www.revistarambla.com\/"},{"@type":"ListItem","position":2,"name":"La riqueza fuera de las naciones: un cuento de Andr\u00e9s Smith"}]},{"@type":"WebSite","@id":"https:\/\/www.revistarambla.com\/#website","url":"https:\/\/www.revistarambla.com\/","name":"Revista Rambla Barcelona","description":"Periodismo independiente","publisher":{"@id":"https:\/\/www.revistarambla.com\/#organization"},"potentialAction":[{"@type":"SearchAction","target":{"@type":"EntryPoint","urlTemplate":"https:\/\/www.revistarambla.com\/?s={search_term_string}"},"query-input":{"@type":"PropertyValueSpecification","valueRequired":true,"valueName":"search_term_string"}}],"inLanguage":"en-GB"},{"@type":"Organization","@id":"https:\/\/www.revistarambla.com\/#organization","name":"Revista Rambla","url":"https:\/\/www.revistarambla.com\/","logo":{"@type":"ImageObject","inLanguage":"en-GB","@id":"https:\/\/www.revistarambla.com\/#\/schema\/logo\/image\/","url":"https:\/\/www.revistarambla.com\/wp-content\/uploads\/2020\/09\/banner_rambla_1900x600_BB.png","contentUrl":"https:\/\/www.revistarambla.com\/wp-content\/uploads\/2020\/09\/banner_rambla_1900x600_BB.png","width":1900,"height":600,"caption":"Revista Rambla"},"image":{"@id":"https:\/\/www.revistarambla.com\/#\/schema\/logo\/image\/"},"sameAs":["https:\/\/www.facebook.com\/revistarambla\/","https:\/\/x.com\/revistarambla","https:\/\/www.instagram.com\/revista_rambla","https:\/\/es.linkedin.com\/company\/revista-rambla"]},{"@type":"Person","@id":"https:\/\/www.revistarambla.com\/#\/schema\/person\/94294f57cf4910853e3280fda7339bfc","name":"Jos\u00e9 Antonio Gamero Romero","description":"Escritor sevillano finalista del premio Azor\u00edn 2014. Ha publicado en diferentes revistas como Culturamas, E\u00f1e, Visor, etc. Sus libros son: 'La invenci\u00f3n de los gigantes' (Buc\u00e9falo 2016); 'Literatura tridimensional' (Adarve 2018); 'S\u00f3crates no vino a Espa\u00f1a' (Samarcanda 2018); 'La rep\u00fablica del fin del mundo' (Tandaia 2018) y 'La bodeguita de Hemingway'."}]}},"_links":{"self":[{"href":"https:\/\/www.revistarambla.com\/en\/wp-json\/wp\/v2\/posts\/65799","targetHints":{"allow":["GET"]}}],"collection":[{"href":"https:\/\/www.revistarambla.com\/en\/wp-json\/wp\/v2\/posts"}],"about":[{"href":"https:\/\/www.revistarambla.com\/en\/wp-json\/wp\/v2\/types\/post"}],"author":[{"embeddable":true,"href":"https:\/\/www.revistarambla.com\/en\/wp-json\/wp\/v2\/users\/294"}],"replies":[{"embeddable":true,"href":"https:\/\/www.revistarambla.com\/en\/wp-json\/wp\/v2\/comments?post=65799"}],"version-history":[{"count":1,"href":"https:\/\/www.revistarambla.com\/en\/wp-json\/wp\/v2\/posts\/65799\/revisions"}],"predecessor-version":[{"id":65801,"href":"https:\/\/www.revistarambla.com\/en\/wp-json\/wp\/v2\/posts\/65799\/revisions\/65801"}],"wp:featuredmedia":[{"embeddable":true,"href":"https:\/\/www.revistarambla.com\/en\/wp-json\/wp\/v2\/media\/65800"}],"wp:attachment":[{"href":"https:\/\/www.revistarambla.com\/en\/wp-json\/wp\/v2\/media?parent=65799"}],"wp:term":[{"taxonomy":"category","embeddable":true,"href":"https:\/\/www.revistarambla.com\/en\/wp-json\/wp\/v2\/categories?post=65799"},{"taxonomy":"post_tag","embeddable":true,"href":"https:\/\/www.revistarambla.com\/en\/wp-json\/wp\/v2\/tags?post=65799"}],"curies":[{"name":"wp","href":"https:\/\/api.w.org\/{rel}","templated":true}]}}