{"id":65791,"date":"2025-07-19T11:42:03","date_gmt":"2025-07-19T09:42:03","guid":{"rendered":"https:\/\/www.revistarambla.com\/?p=65791"},"modified":"2025-07-19T11:42:55","modified_gmt":"2025-07-19T09:42:55","slug":"el-calentamiento-del-mar-mediterraneo-y-la-invasion-de-especies-marinas-a-traves-del-canal-de-suez","status":"publish","type":"post","link":"https:\/\/www.revistarambla.com\/en\/el-calentamiento-del-mar-mediterraneo-y-la-invasion-de-especies-marinas-a-traves-del-canal-de-suez\/","title":{"rendered":"El calentamiento del mar Mediterr\u00e1neo y la invasi\u00f3n de especies marinas a trav\u00e9s del canal de Suez"},"content":{"rendered":"<p>El mar Mediterr\u00e1neo, un ecosistema de enorme riqueza biol\u00f3gica y cultural, enfrenta una transformaci\u00f3n sin precedentes debido al cambio clim\u00e1tico. El calentamiento acelerado de sus aguas, que superan en un 20% la media global, est\u00e1 alterando profundamente los ecosistemas marinos, favoreciendo la llegada de especies invasoras provenientes del Mar Rojo a trav\u00e9s del Canal de Suez. Este fen\u00f3meno, conocido como tropicalizaci\u00f3n, no solo est\u00e1 modificando la biodiversidad del Mediterr\u00e1neo, sino que tambi\u00e9n plantea desaf\u00edos ecol\u00f3gicos, econ\u00f3micos y sociales. Analizamos c\u00f3mo el aumento de la temperatura del agua facilita la migraci\u00f3n de especies tropicales y subtropicales, los impactos de estas especies invasoras en los ecosistemas mediterr\u00e1neos y las implicaciones a largo plazo para la regi\u00f3n.<\/p>\n<h2>El Calentamiento del Mar Mediterr\u00e1neo: Un Escenario en Transformaci\u00f3n<\/h2>\n<p>El Mediterr\u00e1neo es un mar semicerrado, con conexiones limitadas al oc\u00e9ano Atl\u00e1ntico a trav\u00e9s del Estrecho de Gibraltar y al Mar Rojo mediante el Canal de Suez. Esta caracter\u00edstica lo hace particularmente vulnerable al cambio clim\u00e1tico, ya que la falta de un intercambio significativo con otros oc\u00e9anos dificulta la disipaci\u00f3n del calor acumulado. Seg\u00fan datos del Centro de Estudios Ambientales del Mediterr\u00e1neo (CEAM), las temperaturas del Mediterr\u00e1neo han aumentado aproximadamente 1,5 \u00b0C desde la era preindustrial, superando el promedio global de 1,1 \u00b0C. En julio de 2025, la boya de Dragonera en Baleares registr\u00f3 una temperatura r\u00e9cord de 30,55 \u00b0C, un valor t\u00edpico de mares tropicales. Este calentamiento, impulsado por las emisiones de gases de efecto invernadero, est\u00e1 transformando el Mediterr\u00e1neo en un h\u00e1bitat m\u00e1s propicio para especies adaptadas a aguas c\u00e1lidas.<\/p>\n<p>El aumento de la temperatura del agua no solo afecta la superficie, sino tambi\u00e9n las capas m\u00e1s profundas, hasta los 700 metros, donde habita la mayor\u00eda de la fauna y flora marinas. Este cambio t\u00e9rmico, combinado con la acidificaci\u00f3n del agua debido a la absorci\u00f3n de di\u00f3xido de carbono, est\u00e1 alterando los ciclos de vida de las especies nativas y creando condiciones favorables para la colonizaci\u00f3n de especies invasoras. Adem\u00e1s, el calentamiento est\u00e1 intensificando fen\u00f3menos como las olas de calor marinas, que entre 2015 y 2019 causaron la mortalidad masiva de hasta 50 especies en el Mediterr\u00e1neo.<\/p>\n<h2>El Papel del Canal de Suez en la Migraci\u00f3n de Especies<\/h2>\n<p>El Canal de Suez, inaugurado en 1869 y ampliado en 2015, act\u00faa como una v\u00eda de acceso para especies marinas del Mar Rojo y el oc\u00e9ano \u00cdndico hacia el Mediterr\u00e1neo. Esta conexi\u00f3n ha facilitado la migraci\u00f3n de m\u00e1s de 1.000 especies invasoras, un fen\u00f3meno conocido como la \u00abinvasi\u00f3n lessepsiana\u00bb, en honor a Ferdinand de Lesseps, el ingeniero del canal. La ampliaci\u00f3n del canal en 2015 increment\u00f3 el flujo de agua y organismos, incluyendo millones de larvas y huevos, lo que ha acelerado la llegada de especies tropicales y subtropicales.<\/p>\n<p>El Mar Rojo, con temperaturas m\u00e1s c\u00e1lidas y una biodiversidad adaptada a entornos tropicales, proporciona un reservorio de especies que encuentran en el Mediterr\u00e1neo un h\u00e1bitat cada vez m\u00e1s hospitalario debido al aumento de las temperaturas. Especies como el pez le\u00f3n (<em>Pterois volitans<\/em>), el pez conejo (<em>Siganus luridus<\/em> y <em>Siganus rivulatus<\/em>), y el alga <em>Rugulopteryx okamurae<\/em> han proliferado en el Mediterr\u00e1neo oriental, especialmente en regiones como Israel, Turqu\u00eda y Grecia, donde el calentamiento es m\u00e1s pronunciado. Estas especies, que hist\u00f3ricamente enfrentaban barreras t\u00e9rmicas para establecerse en el Mediterr\u00e1neo, ahora prosperan en un entorno que se asemeja cada vez m\u00e1s a su h\u00e1bitat original.<\/p>\n<h2>Impactos Ecol\u00f3gicos de las Especies Invasoras<\/h2>\n<p>La llegada de especies invasoras est\u00e1 reconfigurando los ecosistemas mediterr\u00e1neos, con consecuencias significativas para la biodiversidad. En el Mediterr\u00e1neo oriental, un estudio en la plataforma costera de Israel revel\u00f3 que solo entre el 5% y el 12% de las especies de moluscos nativos persisten, mientras que las especies no aut\u00f3ctonas del Mar Rojo dominan el ecosistema, creando un paisaje marino \u00abirreconocible\u00bb. Este desplazamiento de especies nativas, conocido como \u00abmeridionalizaci\u00f3n\u00bb, se combina con la tropicalizaci\u00f3n, donde especies de aguas c\u00e1lidas colonizan \u00e1reas antes dominadas por especies de aguas m\u00e1s fr\u00edas.<\/p>\n<p>Un ejemplo notable es el pez conejo, que forma grandes card\u00famenes y consume extensas \u00e1reas de algas nativas, reduciendo la vegetaci\u00f3n marina en un 65% y la riqueza de especies en un 40% en las costas de Grecia y Turqu\u00eda. Esta p\u00e9rdida altera la estructura tridimensional de los h\u00e1bitats, disminuyendo la biodiversidad y afectando a especies que dependen de las algas para refugio y alimento. Asimismo, el pez le\u00f3n, un depredador voraz, devora peces aut\u00f3ctonos, alterando las cadenas tr\u00f3ficas. La alga invasora <em>Rugulopteryx okamurae<\/em>, introducida accidentalmente desde el Pac\u00edfico, ha causado impactos econ\u00f3micos y ecol\u00f3gicos significativos en el Mediterr\u00e1neo occidental, obstruyendo redes de pesca y generando costos millonarios en la limpieza de playas.<\/p>\n<p>Las especies invasoras tambi\u00e9n representan riesgos para la salud humana. El pez globo (<em>Lagocephalus sceleratus<\/em>), que contiene una neurotoxina mortal, ha causado casos fatales en el Mediterr\u00e1neo oriental, mientras que la medusa <em>Rhopilema nomadica<\/em> ha provocado hospitalizaciones por quemaduras graves en las costas de Israel. Estos ejemplos destacan c\u00f3mo las especies invasoras no solo afectan la biodiversidad, sino tambi\u00e9n las econom\u00edas locales y la seguridad p\u00fablica.<\/p>\n<h2>Consecuencias para las Especies Nativas y los Ecosistemas<\/h2>\n<p>El calentamiento del Mediterr\u00e1neo y la llegada de especies invasoras est\u00e1n teniendo un impacto devastador en las especies nativas. Especies ic\u00f3nicas como la gorgonia roja (<em>Paramuricea clavata<\/em>) y la posidonia oce\u00e1nica (<em>Posidonia oceanica<\/em>), que proporcionan h\u00e1bitats esenciales y contribuyen a la captura de carbono, est\u00e1n sufriendo tasas de mortalidad masiva debido a las olas de calor marinas y la competencia con especies invasoras. Por ejemplo, la posidonia, considerada un \u00abterm\u00f3metro\u00bb de la calidad del agua, almacena entre el 11% y el 42% de las emisiones de di\u00f3xido de carbono de los pa\u00edses mediterr\u00e1neos, pero su declive est\u00e1 reduciendo esta capacidad.<\/p>\n<p>El desplazamiento de especies nativas hacia el norte, en busca de aguas m\u00e1s fr\u00edas, est\u00e1 limitado por barreras geogr\u00e1ficas como el Golfo de Le\u00f3n o el norte del Adri\u00e1tico, lo que lleva a la extinci\u00f3n local de algunas especies. Adem\u00e1s, la acidificaci\u00f3n del agua, otra consecuencia del cambio clim\u00e1tico, dificulta la formaci\u00f3n de conchas y esqueletos en moluscos, crust\u00e1ceos y corales, debilitando a\u00fan m\u00e1s los ecosistemas.<\/p>\n<h2>Implicaciones Socioecon\u00f3micas<\/h2>\n<p>Los cambios en el Mediterr\u00e1neo tienen Quentin afectan directamente a las comunidades costeras que dependen de la pesca y el turismo. La disminuci\u00f3n de las capturas de especies comerciales, como el at\u00fan rojo, debido a cambios en los patrones de migraci\u00f3n y reproducci\u00f3n, est\u00e1 impactando a los pescadores artesanales, quienes enfrentan dificultades para adaptarse a los cambios en la distribuci\u00f3n de las especies. Asimismo, la proliferaci\u00f3n de medusas y algas invasoras est\u00e1 afectando el turismo de buceo y las playas, generando costos adicionales para las comunidades locales.<\/p>\n<h2>Medidas de Mitigaci\u00f3n y Conservaci\u00f3n<\/h2>\n<p>Para abordar esta crisis, es crucial implementar medidas de conservaci\u00f3n y mitigaci\u00f3n. La creaci\u00f3n de \u00e1reas marinas protegidas, como las impulsadas por WWF, puede ayudar a preservar h\u00e1bitats clave como las praderas de posidonia y los corales. Adem\u00e1s, se necesitan regulaciones m\u00e1s estrictas para controlar el tr\u00e1fico mar\u00edtimo y prevenir la introducci\u00f3n accidental de especies invasoras. A nivel global, la reducci\u00f3n de emisiones de gases de efecto invernadero es esencial para frenar el calentamiento del Mediterr\u00e1neo y sus impactos asociados.<\/p>\n<p>El calentamiento acelerado del mar Mediterr\u00e1neo, exacerbado por el cambio clim\u00e1tico, est\u00e1 transformando este ecosistema \u00fanico en un punto cr\u00edtico de biodiversidad. La migraci\u00f3n de especies invasoras a trav\u00e9s del Canal de Suez, facilitada por el aumento de la temperatura del agua, est\u00e1 reconfigurando los ecosistemas marinos, desplazando a las especies nativas y generando desaf\u00edos econ\u00f3micos y ecol\u00f3gicos. La acci\u00f3n coordinada a nivel regional e internacional es urgente para proteger el Mediterr\u00e1neo y sus comunidades, garantizando la sostenibilidad de este valioso recurso natural para las generaciones futuras.<\/p>","protected":false},"excerpt":{"rendered":"<p>Entre las especies que amenazan el Mediterr\u00e1neo, el pez le\u00f3n es una de las especies m\u00e1s da\u00f1inas. <\/p>","protected":false},"author":3,"featured_media":65792,"comment_status":"closed","ping_status":"closed","sticky":false,"template":"","format":"standard","meta":{"footnotes":""},"categories":[4099],"tags":[],"class_list":["post-65791","post","type-post","status-publish","format-standard","has-post-thumbnail","hentry","category-otras-miradas"],"yoast_head":"<!-- This site is optimized with the Yoast SEO plugin v27.5 - https:\/\/yoast.com\/product\/yoast-seo-wordpress\/ -->\n<title>El calentamiento del mar Mediterr\u00e1neo y la invasi\u00f3n de especies marinas a trav\u00e9s del canal de Suez - Revista Rambla<\/title>\n<meta name=\"robots\" content=\"index, follow, max-snippet:-1, max-image-preview:large, max-video-preview:-1\" \/>\n<link rel=\"canonical\" href=\"https:\/\/www.revistarambla.com\/en\/el-calentamiento-del-mar-mediterraneo-y-la-invasion-de-especies-marinas-a-traves-del-canal-de-suez\/\" \/>\n<meta property=\"og:locale\" content=\"en_GB\" \/>\n<meta property=\"og:type\" content=\"article\" \/>\n<meta property=\"og:title\" content=\"El calentamiento del mar Mediterr\u00e1neo y la invasi\u00f3n de especies marinas a trav\u00e9s del canal de Suez - Revista Rambla\" \/>\n<meta property=\"og:description\" content=\"Entre las especies que amenazan el Mediterr\u00e1neo, el pez le\u00f3n es una de las especies m\u00e1s da\u00f1inas.\" \/>\n<meta property=\"og:url\" content=\"https:\/\/www.revistarambla.com\/en\/el-calentamiento-del-mar-mediterraneo-y-la-invasion-de-especies-marinas-a-traves-del-canal-de-suez\/\" \/>\n<meta property=\"og:site_name\" content=\"Revista Rambla\" \/>\n<meta property=\"article:publisher\" content=\"https:\/\/www.facebook.com\/revistarambla\/\" \/>\n<meta property=\"article:author\" content=\"https:\/\/www.facebook.com\/revistarambla\" \/>\n<meta property=\"article:published_time\" content=\"2025-07-19T09:42:03+00:00\" \/>\n<meta property=\"article:modified_time\" content=\"2025-07-19T09:42:55+00:00\" \/>\n<meta property=\"og:image\" content=\"https:\/\/www.revistarambla.com\/wp-content\/uploads\/2025\/07\/especies-marinas-invasoras.webp\" \/>\n\t<meta property=\"og:image:width\" content=\"1600\" \/>\n\t<meta property=\"og:image:height\" content=\"1067\" \/>\n\t<meta property=\"og:image:type\" content=\"image\/webp\" \/>\n<meta name=\"author\" content=\"R@mbla\" \/>\n<meta name=\"twitter:card\" content=\"summary_large_image\" \/>\n<meta name=\"twitter:creator\" content=\"@revistarambla\" \/>\n<meta name=\"twitter:site\" content=\"@revistarambla\" \/>\n<meta name=\"twitter:label1\" content=\"Written by\" \/>\n\t<meta name=\"twitter:data1\" content=\"R@mbla\" \/>\n\t<meta name=\"twitter:label2\" content=\"Estimated reading time\" \/>\n\t<meta name=\"twitter:data2\" content=\"6 minutes\" \/>\n<script type=\"application\/ld+json\" class=\"yoast-schema-graph\">{\"@context\":\"https:\\\/\\\/schema.org\",\"@graph\":[{\"@type\":\"Article\",\"@id\":\"https:\\\/\\\/www.revistarambla.com\\\/el-calentamiento-del-mar-mediterraneo-y-la-invasion-de-especies-marinas-a-traves-del-canal-de-suez\\\/#article\",\"isPartOf\":{\"@id\":\"https:\\\/\\\/www.revistarambla.com\\\/el-calentamiento-del-mar-mediterraneo-y-la-invasion-de-especies-marinas-a-traves-del-canal-de-suez\\\/\"},\"author\":{\"name\":\"R@mbla\",\"@id\":\"https:\\\/\\\/www.revistarambla.com\\\/#\\\/schema\\\/person\\\/a146a5a2550b94981a75131180e1bd9c\"},\"headline\":\"El calentamiento del mar Mediterr\u00e1neo y la invasi\u00f3n de especies marinas a trav\u00e9s del canal de Suez\",\"datePublished\":\"2025-07-19T09:42:03+00:00\",\"dateModified\":\"2025-07-19T09:42:55+00:00\",\"mainEntityOfPage\":{\"@id\":\"https:\\\/\\\/www.revistarambla.com\\\/el-calentamiento-del-mar-mediterraneo-y-la-invasion-de-especies-marinas-a-traves-del-canal-de-suez\\\/\"},\"wordCount\":1417,\"publisher\":{\"@id\":\"https:\\\/\\\/www.revistarambla.com\\\/#organization\"},\"image\":{\"@id\":\"https:\\\/\\\/www.revistarambla.com\\\/el-calentamiento-del-mar-mediterraneo-y-la-invasion-de-especies-marinas-a-traves-del-canal-de-suez\\\/#primaryimage\"},\"thumbnailUrl\":\"https:\\\/\\\/www.revistarambla.com\\\/wp-content\\\/uploads\\\/2025\\\/07\\\/especies-marinas-invasoras.webp\",\"articleSection\":[\"Otras Miradas\"],\"inLanguage\":\"en-GB\"},{\"@type\":\"WebPage\",\"@id\":\"https:\\\/\\\/www.revistarambla.com\\\/el-calentamiento-del-mar-mediterraneo-y-la-invasion-de-especies-marinas-a-traves-del-canal-de-suez\\\/\",\"url\":\"https:\\\/\\\/www.revistarambla.com\\\/el-calentamiento-del-mar-mediterraneo-y-la-invasion-de-especies-marinas-a-traves-del-canal-de-suez\\\/\",\"name\":\"El calentamiento del mar Mediterr\u00e1neo y la invasi\u00f3n de especies marinas a trav\u00e9s del canal de Suez - Revista Rambla\",\"isPartOf\":{\"@id\":\"https:\\\/\\\/www.revistarambla.com\\\/#website\"},\"primaryImageOfPage\":{\"@id\":\"https:\\\/\\\/www.revistarambla.com\\\/el-calentamiento-del-mar-mediterraneo-y-la-invasion-de-especies-marinas-a-traves-del-canal-de-suez\\\/#primaryimage\"},\"image\":{\"@id\":\"https:\\\/\\\/www.revistarambla.com\\\/el-calentamiento-del-mar-mediterraneo-y-la-invasion-de-especies-marinas-a-traves-del-canal-de-suez\\\/#primaryimage\"},\"thumbnailUrl\":\"https:\\\/\\\/www.revistarambla.com\\\/wp-content\\\/uploads\\\/2025\\\/07\\\/especies-marinas-invasoras.webp\",\"datePublished\":\"2025-07-19T09:42:03+00:00\",\"dateModified\":\"2025-07-19T09:42:55+00:00\",\"breadcrumb\":{\"@id\":\"https:\\\/\\\/www.revistarambla.com\\\/el-calentamiento-del-mar-mediterraneo-y-la-invasion-de-especies-marinas-a-traves-del-canal-de-suez\\\/#breadcrumb\"},\"inLanguage\":\"en-GB\",\"potentialAction\":[{\"@type\":\"ReadAction\",\"target\":[\"https:\\\/\\\/www.revistarambla.com\\\/el-calentamiento-del-mar-mediterraneo-y-la-invasion-de-especies-marinas-a-traves-del-canal-de-suez\\\/\"]}]},{\"@type\":\"ImageObject\",\"inLanguage\":\"en-GB\",\"@id\":\"https:\\\/\\\/www.revistarambla.com\\\/el-calentamiento-del-mar-mediterraneo-y-la-invasion-de-especies-marinas-a-traves-del-canal-de-suez\\\/#primaryimage\",\"url\":\"https:\\\/\\\/www.revistarambla.com\\\/wp-content\\\/uploads\\\/2025\\\/07\\\/especies-marinas-invasoras.webp\",\"contentUrl\":\"https:\\\/\\\/www.revistarambla.com\\\/wp-content\\\/uploads\\\/2025\\\/07\\\/especies-marinas-invasoras.webp\",\"width\":1600,\"height\":1067,\"caption\":\"especies marinas invasoras\"},{\"@type\":\"BreadcrumbList\",\"@id\":\"https:\\\/\\\/www.revistarambla.com\\\/el-calentamiento-del-mar-mediterraneo-y-la-invasion-de-especies-marinas-a-traves-del-canal-de-suez\\\/#breadcrumb\",\"itemListElement\":[{\"@type\":\"ListItem\",\"position\":1,\"name\":\"Portada\",\"item\":\"https:\\\/\\\/www.revistarambla.com\\\/\"},{\"@type\":\"ListItem\",\"position\":2,\"name\":\"El calentamiento del mar Mediterr\u00e1neo y la invasi\u00f3n de especies marinas a trav\u00e9s del canal de Suez\"}]},{\"@type\":\"WebSite\",\"@id\":\"https:\\\/\\\/www.revistarambla.com\\\/#website\",\"url\":\"https:\\\/\\\/www.revistarambla.com\\\/\",\"name\":\"Revista Rambla Barcelona\",\"description\":\"Periodismo independiente\",\"publisher\":{\"@id\":\"https:\\\/\\\/www.revistarambla.com\\\/#organization\"},\"potentialAction\":[{\"@type\":\"SearchAction\",\"target\":{\"@type\":\"EntryPoint\",\"urlTemplate\":\"https:\\\/\\\/www.revistarambla.com\\\/?s={search_term_string}\"},\"query-input\":{\"@type\":\"PropertyValueSpecification\",\"valueRequired\":true,\"valueName\":\"search_term_string\"}}],\"inLanguage\":\"en-GB\"},{\"@type\":\"Organization\",\"@id\":\"https:\\\/\\\/www.revistarambla.com\\\/#organization\",\"name\":\"Revista Rambla\",\"url\":\"https:\\\/\\\/www.revistarambla.com\\\/\",\"logo\":{\"@type\":\"ImageObject\",\"inLanguage\":\"en-GB\",\"@id\":\"https:\\\/\\\/www.revistarambla.com\\\/#\\\/schema\\\/logo\\\/image\\\/\",\"url\":\"https:\\\/\\\/www.revistarambla.com\\\/wp-content\\\/uploads\\\/2020\\\/09\\\/banner_rambla_1900x600_BB.png\",\"contentUrl\":\"https:\\\/\\\/www.revistarambla.com\\\/wp-content\\\/uploads\\\/2020\\\/09\\\/banner_rambla_1900x600_BB.png\",\"width\":1900,\"height\":600,\"caption\":\"Revista Rambla\"},\"image\":{\"@id\":\"https:\\\/\\\/www.revistarambla.com\\\/#\\\/schema\\\/logo\\\/image\\\/\"},\"sameAs\":[\"https:\\\/\\\/www.facebook.com\\\/revistarambla\\\/\",\"https:\\\/\\\/x.com\\\/revistarambla\",\"https:\\\/\\\/www.instagram.com\\\/revista_rambla\",\"https:\\\/\\\/es.linkedin.com\\\/company\\\/revista-rambla\"]},{\"@type\":\"Person\",\"@id\":\"https:\\\/\\\/www.revistarambla.com\\\/#\\\/schema\\\/person\\\/a146a5a2550b94981a75131180e1bd9c\",\"name\":\"R@mbla\",\"description\":\"Este art\u00edculo ha sido redactado y\\\/o validado por el equipo de redacci\u00f3n de Revista Rambla.\",\"sameAs\":[\"https:\\\/\\\/www.revistarambla.com\\\/\",\"https:\\\/\\\/www.facebook.com\\\/revistarambla\",\"https:\\\/\\\/x.com\\\/revistarambla\"]}]}<\/script>\n<!-- \/ Yoast SEO plugin. -->","yoast_head_json":{"title":"El calentamiento del mar Mediterr\u00e1neo y la invasi\u00f3n de especies marinas a trav\u00e9s del canal de Suez - Revista Rambla","robots":{"index":"index","follow":"follow","max-snippet":"max-snippet:-1","max-image-preview":"max-image-preview:large","max-video-preview":"max-video-preview:-1"},"canonical":"https:\/\/www.revistarambla.com\/en\/el-calentamiento-del-mar-mediterraneo-y-la-invasion-de-especies-marinas-a-traves-del-canal-de-suez\/","og_locale":"en_GB","og_type":"article","og_title":"El calentamiento del mar Mediterr\u00e1neo y la invasi\u00f3n de especies marinas a trav\u00e9s del canal de Suez - Revista Rambla","og_description":"Entre las especies que amenazan el Mediterr\u00e1neo, el pez le\u00f3n es una de las especies m\u00e1s da\u00f1inas.","og_url":"https:\/\/www.revistarambla.com\/en\/el-calentamiento-del-mar-mediterraneo-y-la-invasion-de-especies-marinas-a-traves-del-canal-de-suez\/","og_site_name":"Revista Rambla","article_publisher":"https:\/\/www.facebook.com\/revistarambla\/","article_author":"https:\/\/www.facebook.com\/revistarambla","article_published_time":"2025-07-19T09:42:03+00:00","article_modified_time":"2025-07-19T09:42:55+00:00","og_image":[{"width":1600,"height":1067,"url":"https:\/\/www.revistarambla.com\/wp-content\/uploads\/2025\/07\/especies-marinas-invasoras.webp","type":"image\/webp"}],"author":"R@mbla","twitter_card":"summary_large_image","twitter_creator":"@revistarambla","twitter_site":"@revistarambla","twitter_misc":{"Written by":"R@mbla","Estimated reading time":"6 minutes"},"schema":{"@context":"https:\/\/schema.org","@graph":[{"@type":"Article","@id":"https:\/\/www.revistarambla.com\/el-calentamiento-del-mar-mediterraneo-y-la-invasion-de-especies-marinas-a-traves-del-canal-de-suez\/#article","isPartOf":{"@id":"https:\/\/www.revistarambla.com\/el-calentamiento-del-mar-mediterraneo-y-la-invasion-de-especies-marinas-a-traves-del-canal-de-suez\/"},"author":{"name":"R@mbla","@id":"https:\/\/www.revistarambla.com\/#\/schema\/person\/a146a5a2550b94981a75131180e1bd9c"},"headline":"El calentamiento del mar Mediterr\u00e1neo y la invasi\u00f3n de especies marinas a trav\u00e9s del canal de Suez","datePublished":"2025-07-19T09:42:03+00:00","dateModified":"2025-07-19T09:42:55+00:00","mainEntityOfPage":{"@id":"https:\/\/www.revistarambla.com\/el-calentamiento-del-mar-mediterraneo-y-la-invasion-de-especies-marinas-a-traves-del-canal-de-suez\/"},"wordCount":1417,"publisher":{"@id":"https:\/\/www.revistarambla.com\/#organization"},"image":{"@id":"https:\/\/www.revistarambla.com\/el-calentamiento-del-mar-mediterraneo-y-la-invasion-de-especies-marinas-a-traves-del-canal-de-suez\/#primaryimage"},"thumbnailUrl":"https:\/\/www.revistarambla.com\/wp-content\/uploads\/2025\/07\/especies-marinas-invasoras.webp","articleSection":["Otras Miradas"],"inLanguage":"en-GB"},{"@type":"WebPage","@id":"https:\/\/www.revistarambla.com\/el-calentamiento-del-mar-mediterraneo-y-la-invasion-de-especies-marinas-a-traves-del-canal-de-suez\/","url":"https:\/\/www.revistarambla.com\/el-calentamiento-del-mar-mediterraneo-y-la-invasion-de-especies-marinas-a-traves-del-canal-de-suez\/","name":"El calentamiento del mar Mediterr\u00e1neo y la invasi\u00f3n de especies marinas a trav\u00e9s del canal de Suez - Revista Rambla","isPartOf":{"@id":"https:\/\/www.revistarambla.com\/#website"},"primaryImageOfPage":{"@id":"https:\/\/www.revistarambla.com\/el-calentamiento-del-mar-mediterraneo-y-la-invasion-de-especies-marinas-a-traves-del-canal-de-suez\/#primaryimage"},"image":{"@id":"https:\/\/www.revistarambla.com\/el-calentamiento-del-mar-mediterraneo-y-la-invasion-de-especies-marinas-a-traves-del-canal-de-suez\/#primaryimage"},"thumbnailUrl":"https:\/\/www.revistarambla.com\/wp-content\/uploads\/2025\/07\/especies-marinas-invasoras.webp","datePublished":"2025-07-19T09:42:03+00:00","dateModified":"2025-07-19T09:42:55+00:00","breadcrumb":{"@id":"https:\/\/www.revistarambla.com\/el-calentamiento-del-mar-mediterraneo-y-la-invasion-de-especies-marinas-a-traves-del-canal-de-suez\/#breadcrumb"},"inLanguage":"en-GB","potentialAction":[{"@type":"ReadAction","target":["https:\/\/www.revistarambla.com\/el-calentamiento-del-mar-mediterraneo-y-la-invasion-de-especies-marinas-a-traves-del-canal-de-suez\/"]}]},{"@type":"ImageObject","inLanguage":"en-GB","@id":"https:\/\/www.revistarambla.com\/el-calentamiento-del-mar-mediterraneo-y-la-invasion-de-especies-marinas-a-traves-del-canal-de-suez\/#primaryimage","url":"https:\/\/www.revistarambla.com\/wp-content\/uploads\/2025\/07\/especies-marinas-invasoras.webp","contentUrl":"https:\/\/www.revistarambla.com\/wp-content\/uploads\/2025\/07\/especies-marinas-invasoras.webp","width":1600,"height":1067,"caption":"especies marinas invasoras"},{"@type":"BreadcrumbList","@id":"https:\/\/www.revistarambla.com\/el-calentamiento-del-mar-mediterraneo-y-la-invasion-de-especies-marinas-a-traves-del-canal-de-suez\/#breadcrumb","itemListElement":[{"@type":"ListItem","position":1,"name":"Portada","item":"https:\/\/www.revistarambla.com\/"},{"@type":"ListItem","position":2,"name":"El calentamiento del mar Mediterr\u00e1neo y la invasi\u00f3n de especies marinas a trav\u00e9s del canal de Suez"}]},{"@type":"WebSite","@id":"https:\/\/www.revistarambla.com\/#website","url":"https:\/\/www.revistarambla.com\/","name":"Revista Rambla Barcelona","description":"Periodismo independiente","publisher":{"@id":"https:\/\/www.revistarambla.com\/#organization"},"potentialAction":[{"@type":"SearchAction","target":{"@type":"EntryPoint","urlTemplate":"https:\/\/www.revistarambla.com\/?s={search_term_string}"},"query-input":{"@type":"PropertyValueSpecification","valueRequired":true,"valueName":"search_term_string"}}],"inLanguage":"en-GB"},{"@type":"Organization","@id":"https:\/\/www.revistarambla.com\/#organization","name":"Revista Rambla","url":"https:\/\/www.revistarambla.com\/","logo":{"@type":"ImageObject","inLanguage":"en-GB","@id":"https:\/\/www.revistarambla.com\/#\/schema\/logo\/image\/","url":"https:\/\/www.revistarambla.com\/wp-content\/uploads\/2020\/09\/banner_rambla_1900x600_BB.png","contentUrl":"https:\/\/www.revistarambla.com\/wp-content\/uploads\/2020\/09\/banner_rambla_1900x600_BB.png","width":1900,"height":600,"caption":"Revista Rambla"},"image":{"@id":"https:\/\/www.revistarambla.com\/#\/schema\/logo\/image\/"},"sameAs":["https:\/\/www.facebook.com\/revistarambla\/","https:\/\/x.com\/revistarambla","https:\/\/www.instagram.com\/revista_rambla","https:\/\/es.linkedin.com\/company\/revista-rambla"]},{"@type":"Person","@id":"https:\/\/www.revistarambla.com\/#\/schema\/person\/a146a5a2550b94981a75131180e1bd9c","name":"R@mbla","description":"Este art\u00edculo ha sido redactado y\/o validado por el equipo de redacci\u00f3n de Revista Rambla.","sameAs":["https:\/\/www.revistarambla.com\/","https:\/\/www.facebook.com\/revistarambla","https:\/\/x.com\/revistarambla"]}]}},"_links":{"self":[{"href":"https:\/\/www.revistarambla.com\/en\/wp-json\/wp\/v2\/posts\/65791","targetHints":{"allow":["GET"]}}],"collection":[{"href":"https:\/\/www.revistarambla.com\/en\/wp-json\/wp\/v2\/posts"}],"about":[{"href":"https:\/\/www.revistarambla.com\/en\/wp-json\/wp\/v2\/types\/post"}],"author":[{"embeddable":true,"href":"https:\/\/www.revistarambla.com\/en\/wp-json\/wp\/v2\/users\/3"}],"replies":[{"embeddable":true,"href":"https:\/\/www.revistarambla.com\/en\/wp-json\/wp\/v2\/comments?post=65791"}],"version-history":[{"count":2,"href":"https:\/\/www.revistarambla.com\/en\/wp-json\/wp\/v2\/posts\/65791\/revisions"}],"predecessor-version":[{"id":65794,"href":"https:\/\/www.revistarambla.com\/en\/wp-json\/wp\/v2\/posts\/65791\/revisions\/65794"}],"wp:featuredmedia":[{"embeddable":true,"href":"https:\/\/www.revistarambla.com\/en\/wp-json\/wp\/v2\/media\/65792"}],"wp:attachment":[{"href":"https:\/\/www.revistarambla.com\/en\/wp-json\/wp\/v2\/media?parent=65791"}],"wp:term":[{"taxonomy":"category","embeddable":true,"href":"https:\/\/www.revistarambla.com\/en\/wp-json\/wp\/v2\/categories?post=65791"},{"taxonomy":"post_tag","embeddable":true,"href":"https:\/\/www.revistarambla.com\/en\/wp-json\/wp\/v2\/tags?post=65791"}],"curies":[{"name":"wp","href":"https:\/\/api.w.org\/{rel}","templated":true}]}}