{"id":65741,"date":"2025-07-15T20:34:07","date_gmt":"2025-07-15T18:34:07","guid":{"rendered":"https:\/\/www.revistarambla.com\/?p=65741"},"modified":"2025-07-15T20:34:07","modified_gmt":"2025-07-15T18:34:07","slug":"un-mismo-terreno-de-juego-para-todas-y-todos","status":"publish","type":"post","link":"https:\/\/www.revistarambla.com\/en\/un-mismo-terreno-de-juego-para-todas-y-todos\/","title":{"rendered":"Un mismo terreno de juego para todas y todos"},"content":{"rendered":"<p class=\"x_845722314ydpebed8b54yiv8446770709ydpbd5cc133yiv3236197886ydpf1a70cbbyiv0490574728ydp9c03a4a0MsoNormal\"><b><span lang=\"ES\"> Subestimado hasta hace apenas algunos a\u00f1os, el f\u00fatbol femenino se impone aceleradamente. La Eurocopa que se est\u00e1 disputando en Suiza puede convertirse en la edici\u00f3n de todos los r\u00e9cords. Sin embargo, la igualdad sigue siendo una lucha de largo aliento tambi\u00e9n en este deporte.<\/span><\/b><\/p>\n<p class=\"x_845722314ydpebed8b54yiv8446770709ydpbd5cc133yiv3236197886ydpf1a70cbbyiv0490574728ydp9c03a4a0MsoNormal\"><span lang=\"ES\">Diecis\u00e9is selecciones nacionales del continente se disputan del 2 al 27 de julio la coronaci\u00f3n en la escena europea. Algunas, como la espa\u00f1ola, ya tienen particular prestigio porque gan\u00f3 la \u00faltima Copa Mundial femenina en 2023. Otras, como Inglaterra, luce la corona de la Eurocopa (o EURO) precedente de 2022. Gran animadora tambi\u00e9n, Alemania, casi hegem\u00f3nica a nivel continental con 8 de los 13 t\u00edtulos de campeona europea desde que en 1984 se inici\u00f3 esta competici\u00f3n a nivel femenino, suma adem\u00e1s dos preseas mundiales en 2003 y 2007. Sin olvidar la misma Noruega, verdadero referente desde tiempo en la especialidad, con dos galardones continentales y uno mundial en su haber. En la clasificaci\u00f3n femenina de la FIFA (Federaci\u00f3n Internacional del F\u00fatbol Asociaci\u00f3n), Espa\u00f1a es segunda detr\u00e1s de Estados Unidos. Alemania tercera, apenas por delante de Brasil, en tanto Inglaterra ocupa el quinto puesto. Con Suecia sexta y la ascendente Francia d\u00e9cima, el Viejo Mundo se muestra hegem\u00f3nico, por el momento, en el rubro futbol\u00edstico femenino.<\/span><\/p>\n<p class=\"x_845722314ydpebed8b54yiv8446770709ydpbd5cc133yiv3236197886ydpf1a70cbbyiv0490574728ydp9c03a4a0MsoNormal\"><b><span lang=\"ES\">Explotan r\u00e9cords<\/span><\/b><span lang=\"ES\"><\/p>\n<p>Suiza puso a disposici\u00f3n de esta nueva Eurocopa sus principales estadios. El de Basilea, con m\u00e1s de 38 mil asientos; el Wankdorf, en Berna, que en los tres partidos que ya hosped\u00f3 logr\u00f3 reunir 30 mil espectadores en cada uno, y los de Ginebra y Z\u00farich, apenas m\u00e1s peque\u00f1os que el de la capital. Algo menores, los de San Galo, Lucerna, Sion y Thun. <\/span><\/p>\n<p class=\"x_845722314ydpebed8b54yiv8446770709ydpbd5cc133yiv3236197886ydpf1a70cbbyiv0490574728ydp9c03a4a0MsoNormal\"><span lang=\"ES\">Seg\u00fan la Uni\u00f3n de Asociaciones Europeas de F\u00fatbol (UEFA), aun antes de comenzar esta competici\u00f3n ya se hab\u00edan vendido unas 600 mil entradas &#8211;casi el 90% del total disponible&#8211; para los 31 partidos. Todo un r\u00e9cord en la historia de esta competici\u00f3n, con particular significado dado que Suiza cuenta con menos de 9 millones de habitantes. R\u00e9cord que pulveriza el del EURO anterior, en Inglaterra, con una poblaci\u00f3n seis veces superior a la de la naci\u00f3n alpina, y significa un gran salto de asistencia que parece darle raz\u00f3n a la pol\u00edtica de precios relativamente \u201cecon\u00f3micos\u201d de las entradas, de entre 26 y 42 euros (30 y 49 d\u00f3lares).<\/p>\n<p>En consonancia con esta tendencia en aumento de espectadores en los estadios y de televidentes por todo el mundo, en esta ocasi\u00f3n la UEFA distribuir\u00e1 41 millones de euros (48 millones de d\u00f3lares), muy por arriba de los 16 millones de euros (casi 19 millones de d\u00f3lares) en 2022. Cantidades notables y, sin embargo, apenas una sombra de los 330 millones de euros (386 millones de d\u00f3lares) que esta misma entidad distribuy\u00f3 el a\u00f1o pasado entre las 24 federaciones que participaron en el \u00faltimo EURO masculino, en Alemania. (<\/span><a href=\"https:\/\/es.uefa.com\/womenseuro\/news\/029a-1e17ead43748-3e2b92dee4ad-1000--record-de-premios-en-la-euro-femenina-de-la-uefa-2025\/\" target=\"_blank\" rel=\"nofollow noopener\"><i><span lang=\"ES\">https:\/\/es.uefa.com\/womenseuro\/news\/029a-1e17ead43748-3e2b92dee4ad-1000&#8211;record-de-premios-en-la-euro-femenina-de-la-uefa-2025<\/span><\/i><i><span lang=\"ES\">\/<\/span><\/i><\/a><span lang=\"ES\">).<\/p>\n<p>Tambi\u00e9n significar\u00e1n una plusmarca los 130 millones de euros (152 millones de d\u00f3lares) que la Eurocopa le generar\u00e1 a la UEFA. Seg\u00fan el cotidiano suizo <i>Neue Z\u00fcrcher Zeitung (NZZ),<\/i> este monto representa el doble de las ganancias del torneo anterior en Inglaterra y diez veces m\u00e1s que las de la edici\u00f3n de 2017 en los Pa\u00edses Bajos. <\/span><\/p>\n<p class=\"x_845722314ydpebed8b54yiv8446770709ydpbd5cc133yiv3236197886ydpf1a70cbbyiv0490574728ydp9c03a4a0MsoNormal\"><span lang=\"ES\">El entusiasmo que desata la competici\u00f3n continental en el p\u00fablico es evidente. El domingo 6 de julio, poco antes del partido entre Suiza e Islandia en la ciudad de Berna, la hinchada local protagoniz\u00f3 una caminata por el centro hist\u00f3rico hasta el estadio Wankdorf, con m\u00e1s de 15 mil participantes. Esta marcha tambi\u00e9n marc\u00f3 un r\u00e9cord a nivel nacional para este tipo de convocatorias deportivas con acento femenino. \u00a0Seg\u00fan el <i>NZZ,<\/i> son cifras que comprueban el inter\u00e9s popular por esta competici\u00f3n internacional, algo que no ocurre cuando se trata de las ligas nacionales. \u201cLa Super Liga Femenina suiza\u201d, acota el peri\u00f3dico <i>NZZ<\/i>, \u201cse encuentra en una relativa oscuridad, pr\u00e1cticamente ignorada por la prensa y el p\u00fablico\u201d. Ejemplo de ello fue la \u00faltima final helv\u00e9tica, el 17 de mayo pasado, entre los equipos de mujeres de Young Boys de Berna y Grasshopper de Z\u00farich en ese mismo estadio, con una asistencia de solo 10 mil personas. Apenas siete semanas m\u00e1s tarde, unas 30 mil personas se reunieron en ese lugar para el partido en que la selecci\u00f3n suiza derrot\u00f3 2 a 0 a su par de Islandia en la fase de grupos, elimin\u00e1ndola del torneo.<\/span><\/p>\n<p class=\"x_845722314ydpebed8b54yiv8446770709ydpbd5cc133yiv3236197886ydpf1a70cbbyiv0490574728ydp9c03a4a0MsoNormal\"><b><span lang=\"ES\">Otros tiempos<\/span><\/b><\/p>\n<p class=\"x_845722314ydpebed8b54yiv8446770709ydpbd5cc133yiv3236197886ydpf1a70cbbyiv0490574728ydp9c03a4a0MsoNormal\"><span lang=\"ES\">Franziska Schild (47 a\u00f1os) fue empleada en el sector futbol\u00edstico de la Asociaci\u00f3n Regional Berna-Jura y hoy dirige la secci\u00f3n femenina del capitalino Young Boys, uno de los clubs m\u00e1s importantes del pa\u00eds. Jug\u00f3 al f\u00fatbol al m\u00e1s alto nivel en su juventud y varias veces integr\u00f3 la selecci\u00f3n helv\u00e9tica alrededor del 2000. En una reciente entrevista con la periodista Theodora Peter, publicada por la revista <i>Panorama Suizo<\/i>, Schild recuerda que en aquel entonces el f\u00fatbol femenino era a\u00fan muy amateur: \u201cNos daban [solamente] un billete de tren para el viaje y dos pares de botines al a\u00f1o\u201d. Por otra parte, las futbolistas usaban las camisetas que ya hab\u00edan utilizado antes sus pares de la selecci\u00f3n masculina, las que luc\u00edan de forma poco est\u00e9tica alrededor de sus cuerpos, ya que las camisetas espec\u00edficas para mujeres deportistas a\u00fan no exist\u00edan. En esos a\u00f1os, recuerda Schild, el f\u00fatbol femenino era a veces objeto de burla, \u201cpero no nos importaba lo que dijera la gente; solo quer\u00edamos chutar el bal\u00f3n\u201d.<\/p>\n<p>El mismo club Young Boys, cuyo primer equipo de mujeres gan\u00f3 el reciente campeonato nacional, hace apenas diez a\u00f1os hab\u00eda decidido desprenderse del f\u00fatbol femenino por considerarlo poco rentable. Los tiempos, concepciones y estrategias han variado aceleradamente, como lo evidencia la decisi\u00f3n del club de destinar 40 millones de francos (50 millones de d\u00f3lares), casi todo el beneficio obtenido en 2024 por su participaci\u00f3n en la Champions League, a la construcci\u00f3n de un predio y centro deportivo esencialmente para las futbolistas y la juventud.<\/p>\n<p>De igual forma que sucedi\u00f3 en Inglaterra con el impacto multiplicador de la Eurocopa en 2022, la Asociaci\u00f3n Suiza de F\u00fatbol (ASF) considera al actual campeonato continental como un trampol\u00edn de futuro para promocionar el f\u00fatbol femenino. Para 2027 se propone duplicar la cantidad de jugadoras en todas las edades, que pasar\u00edan de 40 mil a 80 mil, y pretende aumentar significativamente la cantidad de clubes, especialmente a nivel de peque\u00f1as localidades y regiones, que incorporen en su actividad un sector especial dedicado al f\u00fatbol femenino. En la actualidad las mujeres representan solo el 12 % de las aproximadamente 340 mil personas de todas las edades y sexos matriculados en numerosos equipos en el pa\u00eds. La ASF busca tambi\u00e9n a corto y mediano plazo aumentar la cantidad de organizadoras, \u00e1rbitros mujeres y entrenadoras en todo el pa\u00eds.<\/p>\n<p><b>Igualdad, tarea pendiente<\/b><\/span><\/p>\n<p class=\"x_845722314ydpebed8b54yiv8446770709ydpbd5cc133yiv3236197886ydpf1a70cbbyiv0490574728ydp9c03a4a0MsoNormal\"><span lang=\"ES\">La Eurocopa que se disputa en Suiza re\u00fane una gran parte de las jugadoras m\u00e1s c\u00e9lebres y entre las mejores remuneradas del planeta. <\/span><\/p>\n<p class=\"x_845722314ydpebed8b54yiv8446770709ydpbd5cc133yiv3236197886ydpf1a70cbbyiv0490574728ydp9c03a4a0MsoNormal\"><span lang=\"ES\">Algunos de los equipos m\u00e1s destacados de Europa nutren las selecciones que llegaron a Suiza: el Barcelona aporta 17 jugadoras, el Bayern de M\u00fanich 16, Juventus y Chelsea 14 miembros de su plantel, en tanto el Arsenal y el Eintracht Frankfurt \u201cprestan\u201d 10 de sus jugadoras. <\/span><\/p>\n<p class=\"x_845722314ydpebed8b54yiv8446770709ydpbd5cc133yiv3236197886ydpf1a70cbbyiv0490574728ydp9c03a4a0MsoNormal\"><span lang=\"ES\">A pesar de no contar con cifras realmente oficiales y actualizadas, el a\u00f1o pasado el diario deportivo espa\u00f1ol <i>As<\/i> ya mencionaba a la jugadora del Barcelona Aitana Bonmat\u00ed a la cabeza de los salarios del continente con cerca de un mill\u00f3n de euros anuales (1.17 millones de d\u00f3lares). Su compatriota y compa\u00f1era de equipo, Alexia Putellas, 700 mil euros; la australiana Sam Kerr, del Chelsea, 538 mil euros; la inglesa Keira Walsh, tambi\u00e9n del Chelsea, 457 mil, y la noruega Ada Hegerberg, del Olympique Lyonnais y capitana de su selecci\u00f3n, 398 mil. Cifras que suenan enormes pero que se relativizan en el gran mundo del f\u00fatbol-negocio y los sueldos astron\u00f3micos de sus pares masculinos. <\/span><\/p>\n<figure id=\"attachment_65743\" aria-describedby=\"caption-attachment-65743\" style=\"width: 1024px\" class=\"wp-caption aligncenter\"><img decoding=\"async\" class=\"wp-image-65743 size-full\" src=\"https:\/\/www.revistarambla.com\/wp-content\/uploads\/2025\/07\/Miles-de-capitalinos-se-movilizaron-el-domingo-6-de-julio-por-las-calles-de-Berna-hasta-el-Estadio-Wankdorf-en-la-antesala-del-partido-entre-Suiza-e-Islandia-_Foto-Sergio-Ferrari.jpg\" alt=\"eurocopa suiza\" width=\"1024\" height=\"768\" srcset=\"https:\/\/www.revistarambla.com\/wp-content\/uploads\/2025\/07\/Miles-de-capitalinos-se-movilizaron-el-domingo-6-de-julio-por-las-calles-de-Berna-hasta-el-Estadio-Wankdorf-en-la-antesala-del-partido-entre-Suiza-e-Islandia-_Foto-Sergio-Ferrari.jpg 1024w, https:\/\/www.revistarambla.com\/wp-content\/uploads\/2025\/07\/Miles-de-capitalinos-se-movilizaron-el-domingo-6-de-julio-por-las-calles-de-Berna-hasta-el-Estadio-Wankdorf-en-la-antesala-del-partido-entre-Suiza-e-Islandia-_Foto-Sergio-Ferrari-487x365.jpg 487w, https:\/\/www.revistarambla.com\/wp-content\/uploads\/2025\/07\/Miles-de-capitalinos-se-movilizaron-el-domingo-6-de-julio-por-las-calles-de-Berna-hasta-el-Estadio-Wankdorf-en-la-antesala-del-partido-entre-Suiza-e-Islandia-_Foto-Sergio-Ferrari-840x630.jpg 840w, https:\/\/www.revistarambla.com\/wp-content\/uploads\/2025\/07\/Miles-de-capitalinos-se-movilizaron-el-domingo-6-de-julio-por-las-calles-de-Berna-hasta-el-Estadio-Wankdorf-en-la-antesala-del-partido-entre-Suiza-e-Islandia-_Foto-Sergio-Ferrari-768x576.jpg 768w, https:\/\/www.revistarambla.com\/wp-content\/uploads\/2025\/07\/Miles-de-capitalinos-se-movilizaron-el-domingo-6-de-julio-por-las-calles-de-Berna-hasta-el-Estadio-Wankdorf-en-la-antesala-del-partido-entre-Suiza-e-Islandia-_Foto-Sergio-Ferrari-16x12.jpg 16w\" sizes=\"(max-width: 1024px) 100vw, 1024px\" \/><figcaption id=\"caption-attachment-65743\" class=\"wp-caption-text\">Miles de capitalinos se movilizaron el domingo 6 de julio por las calles de Berna hasta el Estadio Wankdorf en la antesala del partido entre Suiza e Islandia. Foto: Sergio Ferrari<\/figcaption><\/figure>\n<p class=\"x_845722314ydpebed8b54yiv8446770709ydpbd5cc133yiv3236197886ydpf1a70cbbyiv0490574728ydp9c03a4a0MsoNormal\"><span lang=\"ES\">Por ejemplo, el ingreso anual de varios barcelonistas, como R<\/span><span lang=\"ES\">obert Lewandowski, cuyo salario<\/span><span lang=\"ES\"> ronda los 33 millones de euros, mientras que el de Frenkie De Jong es de 19 millones, y el de la joven estrella Lamin Yamal, 17 millones apenas cumplidos sus dieciocho a\u00f1os. Todav\u00eda muy por encima, los 55 millones del madridista Vinicius Jr. o los 90 millones de su compa\u00f1ero de equipo Kyliam Mbapp\u00e9.<\/span><\/p>\n<p class=\"x_845722314ydpebed8b54yiv8446770709ydpbd5cc133yiv3236197886ydpf1a70cbbyiv0490574728ydp9c03a4a0MsoNormal\"><span lang=\"ES\">Aunque es casi imposible hablar de cifras exactas y diferenciar salarios de ingresos adicionales, bonos y contratos publicitarios con grandes empresas, el sitio <i>Statista,<\/i> que retoma informaci\u00f3n de <i>Forbes,<\/i> calcula que los ingresos totales de los diez jugadores mejor pagos del mundo en la temporada 2024-2025 giran en torno de 840 millones de euros (unos 983 millones de d\u00f3lares). Primero en la lista, Cristiano Ronaldo, seguido de Messi, Benzema, Mbapp\u00e9, Neymar, Haaland y Vinicius Jr.<\/span><\/p>\n<p class=\"x_845722314ydpebed8b54yiv8446770709ydpbd5cc133yiv3236197886ydpf1a70cbbyiv0490574728ydp9c03a4a0MsoNormal\"><span lang=\"ES\">Lejos del micromundo salarial de las estrellas femeninas y a\u00fan m\u00e1s distante del de las celebridades masculinas, la realidad cotidiana de miles de futbolistas mujeres es otra. Como lo se\u00f1ala un informe de marzo de la FIFA, el salario anual promedio de las jugadoras, si se tiene en cuenta todos los pa\u00edses, es de unos 9.300 euros (10.900 d\u00f3lares). Sin embargo, esta media no toma en cuenta que tan solo diecis\u00e9is de los clubs m\u00e1s ricos en siete pa\u00edses les pagan a sus jugadoras cinco veces m\u00e1s que eso, aproximadamente 42.700 euros (50.000 d\u00f3lares) anuales cada una. En realidad, el salario promedio de la gran mayor\u00eda de las jugadoras a nivel mundial es 5.125 euros (unos 6.000 d\u00f3lares) anuales, y en muchos casos, todav\u00eda menos.<\/span><\/p>\n<p class=\"x_845722314ydpebed8b54yiv8446770709ydpbd5cc133yiv3236197886ydpf1a70cbbyiv0490574728ydp9c03a4a0MsoNormal\"><span lang=\"ES\">Los estadios suizos repletos de un p\u00fablico entusiasta y motivado no pueden esconder varias contradicciones actuales en el mundo del f\u00fatbol. La primera, significativa: la enorme distancia entre los ingresos de las estrellas masculinas y los de las celebridades femeninas (30, 40, incluso 50 veces).<\/span><\/p>\n<p class=\"x_845722314ydpebed8b54yiv8446770709ydpbd5cc133yiv3236197886ydpf1a70cbbyiv0490574728ydp9c03a4a0MsoNormal\"><span lang=\"ES\">La segunda, esencial: los salarios tremendamente bajos de la gran mayor\u00eda de los 13 millones de futbolistas mujeres en todo el planeta. <\/span><\/p>\n<p class=\"x_845722314ydpebed8b54yiv8446770709ydpbd5cc133yiv3236197886ydpf1a70cbbyiv0490574728ydp9c03a4a0MsoNormal\"><span lang=\"ES\">La tercera, existencial: la que lleva a la reflexi\u00f3n de fondo sobre el modelo m\u00e1s equitativo y l\u00f3gico que deber\u00eda guiar el desarrollo acelerado que est\u00e1 viviendo el f\u00fatbol femenino en Europa y en otras regiones del mundo. Si la br\u00fajula de este crecimiento consiste, en nombre de la igualdad, en competir con el f\u00fatbol masculino simplemente para ganar una mayor parte del mercado, solo se acrecentar\u00e1 la tendencia de este deporte como gran negocio en pocas manos. Y en este escenario, la mayor\u00eda de los 13 millones de mujeres matriculadas en alg\u00fan equipo seguir\u00e1, como hasta ahora, con salarios de hambre.<\/span><\/p>\n","protected":false},"excerpt":{"rendered":"<p>Eurocopa en Suiza y la lucha por la igualdad<\/p>","protected":false},"author":24,"featured_media":65742,"comment_status":"closed","ping_status":"closed","sticky":false,"template":"","format":"standard","meta":{"footnotes":""},"categories":[4108],"tags":[],"class_list":["post-65741","post","type-post","status-publish","format-standard","has-post-thumbnail","hentry","category-el-apunte-de-sergio-ferrari"],"yoast_head":"<!-- This site is optimized with the Yoast SEO plugin v27.5 - https:\/\/yoast.com\/product\/yoast-seo-wordpress\/ -->\n<title>Un mismo terreno de juego para todas y todos - Revista Rambla<\/title>\n<meta name=\"robots\" content=\"index, follow, max-snippet:-1, max-image-preview:large, max-video-preview:-1\" \/>\n<link rel=\"canonical\" href=\"https:\/\/www.revistarambla.com\/en\/un-mismo-terreno-de-juego-para-todas-y-todos\/\" \/>\n<meta property=\"og:locale\" content=\"en_GB\" \/>\n<meta property=\"og:type\" content=\"article\" \/>\n<meta property=\"og:title\" content=\"Un mismo terreno de juego para todas y todos - Revista Rambla\" \/>\n<meta property=\"og:description\" content=\"Eurocopa en Suiza y la lucha por la igualdad\" \/>\n<meta property=\"og:url\" content=\"https:\/\/www.revistarambla.com\/en\/un-mismo-terreno-de-juego-para-todas-y-todos\/\" \/>\n<meta property=\"og:site_name\" content=\"Revista Rambla\" \/>\n<meta property=\"article:publisher\" content=\"https:\/\/www.facebook.com\/revistarambla\/\" \/>\n<meta property=\"article:author\" content=\"https:\/\/www.facebook.com\/sergio.ferrari.9655\" \/>\n<meta property=\"article:published_time\" content=\"2025-07-15T18:34:07+00:00\" \/>\n<meta property=\"og:image\" content=\"https:\/\/www.revistarambla.com\/wp-content\/uploads\/2025\/07\/Espana-vencio-6-a-2-a-Belgica-el-7-de-julio-en-Thun-se-clasifico-para-cuartos-de-final-y-se-proyecta-como-una-serie-candidata-al-titulo.-Foto-Sergio-Ferrari.jpg\" \/>\n\t<meta property=\"og:image:width\" content=\"1500\" \/>\n\t<meta property=\"og:image:height\" content=\"1125\" \/>\n\t<meta property=\"og:image:type\" content=\"image\/jpeg\" \/>\n<meta name=\"author\" content=\"Sergio Ferrari\" \/>\n<meta name=\"twitter:card\" content=\"summary_large_image\" \/>\n<meta name=\"twitter:creator\" content=\"@SergiooFerrari\" \/>\n<meta name=\"twitter:site\" content=\"@revistarambla\" \/>\n<meta name=\"twitter:label1\" content=\"Written by\" \/>\n\t<meta name=\"twitter:data1\" content=\"Sergio Ferrari\" \/>\n\t<meta name=\"twitter:label2\" content=\"Estimated reading time\" \/>\n\t<meta name=\"twitter:data2\" content=\"9 minutes\" \/>\n<script type=\"application\/ld+json\" class=\"yoast-schema-graph\">{\"@context\":\"https:\\\/\\\/schema.org\",\"@graph\":[{\"@type\":\"Article\",\"@id\":\"https:\\\/\\\/www.revistarambla.com\\\/un-mismo-terreno-de-juego-para-todas-y-todos\\\/#article\",\"isPartOf\":{\"@id\":\"https:\\\/\\\/www.revistarambla.com\\\/un-mismo-terreno-de-juego-para-todas-y-todos\\\/\"},\"author\":{\"name\":\"Sergio Ferrari\",\"@id\":\"https:\\\/\\\/www.revistarambla.com\\\/#\\\/schema\\\/person\\\/339e2410a25811f9912d8a8551fa5d96\"},\"headline\":\"Un mismo terreno de juego para todas y todos\",\"datePublished\":\"2025-07-15T18:34:07+00:00\",\"mainEntityOfPage\":{\"@id\":\"https:\\\/\\\/www.revistarambla.com\\\/un-mismo-terreno-de-juego-para-todas-y-todos\\\/\"},\"wordCount\":1877,\"publisher\":{\"@id\":\"https:\\\/\\\/www.revistarambla.com\\\/#organization\"},\"image\":{\"@id\":\"https:\\\/\\\/www.revistarambla.com\\\/un-mismo-terreno-de-juego-para-todas-y-todos\\\/#primaryimage\"},\"thumbnailUrl\":\"https:\\\/\\\/www.revistarambla.com\\\/wp-content\\\/uploads\\\/2025\\\/07\\\/Espana-vencio-6-a-2-a-Belgica-el-7-de-julio-en-Thun-se-clasifico-para-cuartos-de-final-y-se-proyecta-como-una-serie-candidata-al-titulo.-Foto-Sergio-Ferrari.jpg\",\"articleSection\":[\"El Apunte\"],\"inLanguage\":\"en-GB\"},{\"@type\":\"WebPage\",\"@id\":\"https:\\\/\\\/www.revistarambla.com\\\/un-mismo-terreno-de-juego-para-todas-y-todos\\\/\",\"url\":\"https:\\\/\\\/www.revistarambla.com\\\/un-mismo-terreno-de-juego-para-todas-y-todos\\\/\",\"name\":\"Un mismo terreno de juego para todas y todos - Revista Rambla\",\"isPartOf\":{\"@id\":\"https:\\\/\\\/www.revistarambla.com\\\/#website\"},\"primaryImageOfPage\":{\"@id\":\"https:\\\/\\\/www.revistarambla.com\\\/un-mismo-terreno-de-juego-para-todas-y-todos\\\/#primaryimage\"},\"image\":{\"@id\":\"https:\\\/\\\/www.revistarambla.com\\\/un-mismo-terreno-de-juego-para-todas-y-todos\\\/#primaryimage\"},\"thumbnailUrl\":\"https:\\\/\\\/www.revistarambla.com\\\/wp-content\\\/uploads\\\/2025\\\/07\\\/Espana-vencio-6-a-2-a-Belgica-el-7-de-julio-en-Thun-se-clasifico-para-cuartos-de-final-y-se-proyecta-como-una-serie-candidata-al-titulo.-Foto-Sergio-Ferrari.jpg\",\"datePublished\":\"2025-07-15T18:34:07+00:00\",\"breadcrumb\":{\"@id\":\"https:\\\/\\\/www.revistarambla.com\\\/un-mismo-terreno-de-juego-para-todas-y-todos\\\/#breadcrumb\"},\"inLanguage\":\"en-GB\",\"potentialAction\":[{\"@type\":\"ReadAction\",\"target\":[\"https:\\\/\\\/www.revistarambla.com\\\/un-mismo-terreno-de-juego-para-todas-y-todos\\\/\"]}]},{\"@type\":\"ImageObject\",\"inLanguage\":\"en-GB\",\"@id\":\"https:\\\/\\\/www.revistarambla.com\\\/un-mismo-terreno-de-juego-para-todas-y-todos\\\/#primaryimage\",\"url\":\"https:\\\/\\\/www.revistarambla.com\\\/wp-content\\\/uploads\\\/2025\\\/07\\\/Espana-vencio-6-a-2-a-Belgica-el-7-de-julio-en-Thun-se-clasifico-para-cuartos-de-final-y-se-proyecta-como-una-serie-candidata-al-titulo.-Foto-Sergio-Ferrari.jpg\",\"contentUrl\":\"https:\\\/\\\/www.revistarambla.com\\\/wp-content\\\/uploads\\\/2025\\\/07\\\/Espana-vencio-6-a-2-a-Belgica-el-7-de-julio-en-Thun-se-clasifico-para-cuartos-de-final-y-se-proyecta-como-una-serie-candidata-al-titulo.-Foto-Sergio-Ferrari.jpg\",\"width\":1500,\"height\":1125,\"caption\":\"eurocopa suiza\"},{\"@type\":\"BreadcrumbList\",\"@id\":\"https:\\\/\\\/www.revistarambla.com\\\/un-mismo-terreno-de-juego-para-todas-y-todos\\\/#breadcrumb\",\"itemListElement\":[{\"@type\":\"ListItem\",\"position\":1,\"name\":\"Portada\",\"item\":\"https:\\\/\\\/www.revistarambla.com\\\/\"},{\"@type\":\"ListItem\",\"position\":2,\"name\":\"Un mismo terreno de juego para todas y todos\"}]},{\"@type\":\"WebSite\",\"@id\":\"https:\\\/\\\/www.revistarambla.com\\\/#website\",\"url\":\"https:\\\/\\\/www.revistarambla.com\\\/\",\"name\":\"Revista Rambla Barcelona\",\"description\":\"Periodismo independiente\",\"publisher\":{\"@id\":\"https:\\\/\\\/www.revistarambla.com\\\/#organization\"},\"potentialAction\":[{\"@type\":\"SearchAction\",\"target\":{\"@type\":\"EntryPoint\",\"urlTemplate\":\"https:\\\/\\\/www.revistarambla.com\\\/?s={search_term_string}\"},\"query-input\":{\"@type\":\"PropertyValueSpecification\",\"valueRequired\":true,\"valueName\":\"search_term_string\"}}],\"inLanguage\":\"en-GB\"},{\"@type\":\"Organization\",\"@id\":\"https:\\\/\\\/www.revistarambla.com\\\/#organization\",\"name\":\"Revista Rambla\",\"url\":\"https:\\\/\\\/www.revistarambla.com\\\/\",\"logo\":{\"@type\":\"ImageObject\",\"inLanguage\":\"en-GB\",\"@id\":\"https:\\\/\\\/www.revistarambla.com\\\/#\\\/schema\\\/logo\\\/image\\\/\",\"url\":\"https:\\\/\\\/www.revistarambla.com\\\/wp-content\\\/uploads\\\/2020\\\/09\\\/banner_rambla_1900x600_BB.png\",\"contentUrl\":\"https:\\\/\\\/www.revistarambla.com\\\/wp-content\\\/uploads\\\/2020\\\/09\\\/banner_rambla_1900x600_BB.png\",\"width\":1900,\"height\":600,\"caption\":\"Revista Rambla\"},\"image\":{\"@id\":\"https:\\\/\\\/www.revistarambla.com\\\/#\\\/schema\\\/logo\\\/image\\\/\"},\"sameAs\":[\"https:\\\/\\\/www.facebook.com\\\/revistarambla\\\/\",\"https:\\\/\\\/x.com\\\/revistarambla\",\"https:\\\/\\\/www.instagram.com\\\/revista_rambla\",\"https:\\\/\\\/es.linkedin.com\\\/company\\\/revista-rambla\"]},{\"@type\":\"Person\",\"@id\":\"https:\\\/\\\/www.revistarambla.com\\\/#\\\/schema\\\/person\\\/339e2410a25811f9912d8a8551fa5d96\",\"name\":\"Sergio Ferrari\",\"description\":\"Periodista argentino radicado en Berna, Suiza. Acreditado ante el Gobierno suizo. Colaborador regular de numerosos medios latinoamericanos y europeos.\",\"sameAs\":[\"https:\\\/\\\/www.voltairenet.org\\\/auteur120173.html?lang=es\",\"https:\\\/\\\/www.facebook.com\\\/sergio.ferrari.9655\",\"https:\\\/\\\/x.com\\\/SergiooFerrari\"]}]}<\/script>\n<!-- \/ Yoast SEO plugin. -->","yoast_head_json":{"title":"Un mismo terreno de juego para todas y todos - Revista Rambla","robots":{"index":"index","follow":"follow","max-snippet":"max-snippet:-1","max-image-preview":"max-image-preview:large","max-video-preview":"max-video-preview:-1"},"canonical":"https:\/\/www.revistarambla.com\/en\/un-mismo-terreno-de-juego-para-todas-y-todos\/","og_locale":"en_GB","og_type":"article","og_title":"Un mismo terreno de juego para todas y todos - Revista Rambla","og_description":"Eurocopa en Suiza y la lucha por la igualdad","og_url":"https:\/\/www.revistarambla.com\/en\/un-mismo-terreno-de-juego-para-todas-y-todos\/","og_site_name":"Revista Rambla","article_publisher":"https:\/\/www.facebook.com\/revistarambla\/","article_author":"https:\/\/www.facebook.com\/sergio.ferrari.9655","article_published_time":"2025-07-15T18:34:07+00:00","og_image":[{"width":1500,"height":1125,"url":"https:\/\/www.revistarambla.com\/wp-content\/uploads\/2025\/07\/Espana-vencio-6-a-2-a-Belgica-el-7-de-julio-en-Thun-se-clasifico-para-cuartos-de-final-y-se-proyecta-como-una-serie-candidata-al-titulo.-Foto-Sergio-Ferrari.jpg","type":"image\/jpeg"}],"author":"Sergio Ferrari","twitter_card":"summary_large_image","twitter_creator":"@SergiooFerrari","twitter_site":"@revistarambla","twitter_misc":{"Written by":"Sergio Ferrari","Estimated reading time":"9 minutes"},"schema":{"@context":"https:\/\/schema.org","@graph":[{"@type":"Article","@id":"https:\/\/www.revistarambla.com\/un-mismo-terreno-de-juego-para-todas-y-todos\/#article","isPartOf":{"@id":"https:\/\/www.revistarambla.com\/un-mismo-terreno-de-juego-para-todas-y-todos\/"},"author":{"name":"Sergio Ferrari","@id":"https:\/\/www.revistarambla.com\/#\/schema\/person\/339e2410a25811f9912d8a8551fa5d96"},"headline":"Un mismo terreno de juego para todas y todos","datePublished":"2025-07-15T18:34:07+00:00","mainEntityOfPage":{"@id":"https:\/\/www.revistarambla.com\/un-mismo-terreno-de-juego-para-todas-y-todos\/"},"wordCount":1877,"publisher":{"@id":"https:\/\/www.revistarambla.com\/#organization"},"image":{"@id":"https:\/\/www.revistarambla.com\/un-mismo-terreno-de-juego-para-todas-y-todos\/#primaryimage"},"thumbnailUrl":"https:\/\/www.revistarambla.com\/wp-content\/uploads\/2025\/07\/Espana-vencio-6-a-2-a-Belgica-el-7-de-julio-en-Thun-se-clasifico-para-cuartos-de-final-y-se-proyecta-como-una-serie-candidata-al-titulo.-Foto-Sergio-Ferrari.jpg","articleSection":["El Apunte"],"inLanguage":"en-GB"},{"@type":"WebPage","@id":"https:\/\/www.revistarambla.com\/un-mismo-terreno-de-juego-para-todas-y-todos\/","url":"https:\/\/www.revistarambla.com\/un-mismo-terreno-de-juego-para-todas-y-todos\/","name":"Un mismo terreno de juego para todas y todos - Revista Rambla","isPartOf":{"@id":"https:\/\/www.revistarambla.com\/#website"},"primaryImageOfPage":{"@id":"https:\/\/www.revistarambla.com\/un-mismo-terreno-de-juego-para-todas-y-todos\/#primaryimage"},"image":{"@id":"https:\/\/www.revistarambla.com\/un-mismo-terreno-de-juego-para-todas-y-todos\/#primaryimage"},"thumbnailUrl":"https:\/\/www.revistarambla.com\/wp-content\/uploads\/2025\/07\/Espana-vencio-6-a-2-a-Belgica-el-7-de-julio-en-Thun-se-clasifico-para-cuartos-de-final-y-se-proyecta-como-una-serie-candidata-al-titulo.-Foto-Sergio-Ferrari.jpg","datePublished":"2025-07-15T18:34:07+00:00","breadcrumb":{"@id":"https:\/\/www.revistarambla.com\/un-mismo-terreno-de-juego-para-todas-y-todos\/#breadcrumb"},"inLanguage":"en-GB","potentialAction":[{"@type":"ReadAction","target":["https:\/\/www.revistarambla.com\/un-mismo-terreno-de-juego-para-todas-y-todos\/"]}]},{"@type":"ImageObject","inLanguage":"en-GB","@id":"https:\/\/www.revistarambla.com\/un-mismo-terreno-de-juego-para-todas-y-todos\/#primaryimage","url":"https:\/\/www.revistarambla.com\/wp-content\/uploads\/2025\/07\/Espana-vencio-6-a-2-a-Belgica-el-7-de-julio-en-Thun-se-clasifico-para-cuartos-de-final-y-se-proyecta-como-una-serie-candidata-al-titulo.-Foto-Sergio-Ferrari.jpg","contentUrl":"https:\/\/www.revistarambla.com\/wp-content\/uploads\/2025\/07\/Espana-vencio-6-a-2-a-Belgica-el-7-de-julio-en-Thun-se-clasifico-para-cuartos-de-final-y-se-proyecta-como-una-serie-candidata-al-titulo.-Foto-Sergio-Ferrari.jpg","width":1500,"height":1125,"caption":"eurocopa suiza"},{"@type":"BreadcrumbList","@id":"https:\/\/www.revistarambla.com\/un-mismo-terreno-de-juego-para-todas-y-todos\/#breadcrumb","itemListElement":[{"@type":"ListItem","position":1,"name":"Portada","item":"https:\/\/www.revistarambla.com\/"},{"@type":"ListItem","position":2,"name":"Un mismo terreno de juego para todas y todos"}]},{"@type":"WebSite","@id":"https:\/\/www.revistarambla.com\/#website","url":"https:\/\/www.revistarambla.com\/","name":"Revista Rambla Barcelona","description":"Periodismo independiente","publisher":{"@id":"https:\/\/www.revistarambla.com\/#organization"},"potentialAction":[{"@type":"SearchAction","target":{"@type":"EntryPoint","urlTemplate":"https:\/\/www.revistarambla.com\/?s={search_term_string}"},"query-input":{"@type":"PropertyValueSpecification","valueRequired":true,"valueName":"search_term_string"}}],"inLanguage":"en-GB"},{"@type":"Organization","@id":"https:\/\/www.revistarambla.com\/#organization","name":"Revista Rambla","url":"https:\/\/www.revistarambla.com\/","logo":{"@type":"ImageObject","inLanguage":"en-GB","@id":"https:\/\/www.revistarambla.com\/#\/schema\/logo\/image\/","url":"https:\/\/www.revistarambla.com\/wp-content\/uploads\/2020\/09\/banner_rambla_1900x600_BB.png","contentUrl":"https:\/\/www.revistarambla.com\/wp-content\/uploads\/2020\/09\/banner_rambla_1900x600_BB.png","width":1900,"height":600,"caption":"Revista Rambla"},"image":{"@id":"https:\/\/www.revistarambla.com\/#\/schema\/logo\/image\/"},"sameAs":["https:\/\/www.facebook.com\/revistarambla\/","https:\/\/x.com\/revistarambla","https:\/\/www.instagram.com\/revista_rambla","https:\/\/es.linkedin.com\/company\/revista-rambla"]},{"@type":"Person","@id":"https:\/\/www.revistarambla.com\/#\/schema\/person\/339e2410a25811f9912d8a8551fa5d96","name":"Sergio Ferrari","description":"Periodista argentino radicado en Berna, Suiza. Acreditado ante el Gobierno suizo. Colaborador regular de numerosos medios latinoamericanos y europeos.","sameAs":["https:\/\/www.voltairenet.org\/auteur120173.html?lang=es","https:\/\/www.facebook.com\/sergio.ferrari.9655","https:\/\/x.com\/SergiooFerrari"]}]}},"_links":{"self":[{"href":"https:\/\/www.revistarambla.com\/en\/wp-json\/wp\/v2\/posts\/65741","targetHints":{"allow":["GET"]}}],"collection":[{"href":"https:\/\/www.revistarambla.com\/en\/wp-json\/wp\/v2\/posts"}],"about":[{"href":"https:\/\/www.revistarambla.com\/en\/wp-json\/wp\/v2\/types\/post"}],"author":[{"embeddable":true,"href":"https:\/\/www.revistarambla.com\/en\/wp-json\/wp\/v2\/users\/24"}],"replies":[{"embeddable":true,"href":"https:\/\/www.revistarambla.com\/en\/wp-json\/wp\/v2\/comments?post=65741"}],"version-history":[{"count":1,"href":"https:\/\/www.revistarambla.com\/en\/wp-json\/wp\/v2\/posts\/65741\/revisions"}],"predecessor-version":[{"id":65744,"href":"https:\/\/www.revistarambla.com\/en\/wp-json\/wp\/v2\/posts\/65741\/revisions\/65744"}],"wp:featuredmedia":[{"embeddable":true,"href":"https:\/\/www.revistarambla.com\/en\/wp-json\/wp\/v2\/media\/65742"}],"wp:attachment":[{"href":"https:\/\/www.revistarambla.com\/en\/wp-json\/wp\/v2\/media?parent=65741"}],"wp:term":[{"taxonomy":"category","embeddable":true,"href":"https:\/\/www.revistarambla.com\/en\/wp-json\/wp\/v2\/categories?post=65741"},{"taxonomy":"post_tag","embeddable":true,"href":"https:\/\/www.revistarambla.com\/en\/wp-json\/wp\/v2\/tags?post=65741"}],"curies":[{"name":"wp","href":"https:\/\/api.w.org\/{rel}","templated":true}]}}