{"id":65733,"date":"2025-07-14T20:25:42","date_gmt":"2025-07-14T18:25:42","guid":{"rendered":"https:\/\/www.revistarambla.com\/?p=65733"},"modified":"2025-07-17T20:43:18","modified_gmt":"2025-07-17T18:43:18","slug":"escapar-de-venus","status":"publish","type":"post","link":"https:\/\/www.revistarambla.com\/en\/escapar-de-venus\/","title":{"rendered":"Escapar de Venus"},"content":{"rendered":"<p>El edificio Venus, ubicado en el barrio de La Mina en Sant Adri\u00e0 del Bes\u00f2s, es mucho m\u00e1s que una estructura de hormig\u00f3n de diez plantas y 244 viviendas. Es un s\u00edmbolo de las promesas incumplidas, la lucha vecinal y la resistencia en uno de los barrios m\u00e1s estigmatizados de Catalu\u00f1a. Durante m\u00e1s de dos d\u00e9cadas, los residentes de este bloque han vivido en condiciones de extrema precariedad, esperando un derribo y realojo que se han postergado repetidamente.<\/p>\n<h2>Or\u00edgenes del Edificio Venus: Un Barrio Nacido de la Marginaci\u00f3n<\/h2>\n<p>El barrio de La Mina, construido en la d\u00e9cada de 1970, fue concebido como un \u00abpol\u00edgono de absorci\u00f3n\u00bb para reubicar a la poblaci\u00f3n de las barracas del Somorrostro, La Perona y el Camp de la B\u00f3ta, mayoritariamente de etnia gitana. El edificio Venus, una mole de 244 viviendas distribuidas en seis escaleras, se erigi\u00f3 como parte de este proyecto urban\u00edstico tardofranquista, dise\u00f1ado con poco esmero para alojar a familias vulnerables. Sin embargo, lo que deb\u00eda ser una soluci\u00f3n habitacional se convirti\u00f3 r\u00e1pidamente en un foco de marginalidad, pobreza y degradaci\u00f3n.<\/p>\n<p>Desde sus inicios, el edificio sufri\u00f3 problemas estructurales y de mantenimiento. Las tuber\u00edas se romp\u00edan con frecuencia, los ascensores fallaban constantemente, y los espacios comunes, como los patios y las azoteas, se convirtieron en basureros improvisados. En 2002, el Consorcio de La Mina \u2014formado por la Generalitat, los ayuntamientos de Sant Adri\u00e0 del Bes\u00f2s y Barcelona, y la Diputaci\u00f3n de Barcelona\u2014 aprob\u00f3 el Plan Especial de Reordenaci\u00f3n y Mejora (PERM), que inclu\u00eda el derribo del Venus y el realojo de sus habitantes en nuevas viviendas de protecci\u00f3n oficial. Este plan, sin embargo, qued\u00f3 en papel durante casi dos d\u00e9cadas debido a desacuerdos sobre las tasaciones de los pisos y la incapacidad de muchas familias para asumir los costos asociados al realojo, que oscilaban entre 30.000 y 40.000 euros por vivienda.<\/p>\n<h2>Una D\u00e9cada de Promesas Rotas y Degradaci\u00f3n<\/h2>\n<p>A lo largo de los a\u00f1os, las condiciones en el edificio Venus se deterioraron a\u00fan m\u00e1s. Los vecinos denuncian cortes de luz frecuentes, ascensores averiados, tuber\u00edas rotas, plagas de ratas y la proliferaci\u00f3n de \u00abnarcopisos\u00bb controlados por clanes familiares dedicados al tr\u00e1fico de drogas. Las azoteas, cerradas con candados por los propios residentes para evitar que se convirtieran en puntos de consumo de drogas, estaban llenas de jeringuillas y basura. \u201cEs raro el d\u00eda que no se rompen los bajantes, las tuber\u00edas de la sala de contadores est\u00e1n igual, las barandillas de las escaleras y los buzones est\u00e1n rotos,\u201d relata Paqui Jim\u00e9nez, vecina y portavoz del colectivo de afectados, en una entrevista de 2019.<\/p>\n<p>Paco Hern\u00e1ndez, un vecino de 75 a\u00f1os que lleva 43 viviendo en el Venus, describe la situaci\u00f3n con resignaci\u00f3n: \u201cVivimos en unas condiciones muy precarias. Siempre pasa lo mismo: se va la luz, no hay ascensor, y no funciona nada.\u201d. A sus 80 a\u00f1os, Joaquina, otra residente, cuenta c\u00f3mo debe bajar las escaleras con su andador debido a los constantes fallos del ascensor: \u201cNo funciona nada en este bloque. Llegu\u00e9 joven a Venus y me he hecho mayor aqu\u00ed\u201d.<\/p>\n<p>El impacto psicol\u00f3gico de estas condiciones no es menor. Los vecinos describen un ambiente de miedo constante, con portales oscuros, basura acumulada y la presencia de toxic\u00f3manos en las escaleras. \u201cLas porter\u00edas dan miedo, sufrimos cortes de luz, tenemos campamentos llenos de basura en los tejados, falta de calefacci\u00f3n en invierno&#8230; son situaciones psicol\u00f3gicamente muy malas,\u201d explica Paqui Jim\u00e9nez.<\/p>\n<h2>La Lucha Vecinal: Una Batalla Judicial y Social<\/h2>\n<p>Frustrados por los retrasos, los vecinos del Venus han llevado su lucha a los tribunales. En 2016, iniciaron una demanda contra el Consorcio de La Mina por inactividad administrativa, exigiendo el cumplimiento del PERM. En 2020, el Tribunal Superior de Justicia de Catalu\u00f1a (TSJC) dio la raz\u00f3n a los vecinos, calificando la inactividad del Consorcio como \u201cpatente\u201d y ordenando reactivar el plan de expropiaci\u00f3n. Sin embargo, esta victoria no se tradujo en avances inmediatos, y muchas familias denunciaron que las administraciones segu\u00edan sin cumplir los plazos.<\/p>\n<p>Adem\u00e1s, los vecinos han exigido indemnizaciones por los a\u00f1os de sufrimiento en un edificio en condiciones insalubres. En 2023, un centenar de familias reclamaron 12,5 millones de euros, a raz\u00f3n de 10.000 euros por a\u00f1o desde 2009, por los da\u00f1os y perjuicios sufridos. El Consorcio ofreci\u00f3 5.000 euros por demandante, una cifra que los vecinos consideran insuficiente. \u201cReclamamos que todo el mundo se pueda acoger por igual al plan de expropiaciones y que un juez decida la indemnizaci\u00f3n por tantos a\u00f1os de sufrimiento,\u201d afirma Paqui Jim\u00e9nez.<\/p>\n<p>Otro punto de conflicto ha sido el decreto HAUS (Vivienda para Afectados Urban\u00edsticos), que los vecinos exigen que se aplique para garantizar realojos sin coste adicional. La administraci\u00f3n inicialmente desestim\u00f3 esta petici\u00f3n, exigiendo pagos de hasta 40.000 euros por las nuevas viviendas, una cantidad inasumible para la mayor\u00eda de las familias, muchas de las cuales viven bajo el umbral de la pobreza. En respuesta, los vecinos han organizado asambleas, campa\u00f1as de micromecenazgo y movilizaciones para visibilizar su situaci\u00f3n, contando con el apoyo de colectivos como el Colectivo Ronda y entidades locales como Salesians Sant Jordi.<\/p>\n<h2>El Futuro del Edificio Venus: Un Horizonte Incierto<\/h2>\n<p>Tras a\u00f1os de retrasos, en abril de 2024, el Consorcio de La Mina aprob\u00f3 un nuevo plan de expropiaciones que prev\u00e9 el derribo del edificio Venus para 2030, dos a\u00f1os m\u00e1s tarde de lo anunciado inicialmente en 2028. Este plan, con un presupuesto de 30,8 millones de euros, incluye el realojo de 105 familias que cumplen los requisitos, indemnizaciones para propietarios y alquileres sociales para los inquilinos vulnerables. El importe total de valoraci\u00f3n de los bienes y derechos asciende a 19 millones de euros, con indemnizaciones mejoradas respecto al plan de 2009: 97.450 euros para pisos de tres habitaciones y 121.514 euros para los de cuatro, adem\u00e1s de 1.500 euros por gastos de traslado y entre 6.846 y 8.529 euros por p\u00e9rdida de posesi\u00f3n para no propietarios.<\/p>\n<p>El Institut Catal\u00e0 del S\u00f2l (Incas\u00f2l) ha adjudicado el proyecto de un nuevo edificio de 66 viviendas de protecci\u00f3n oficial, dise\u00f1ado por el arquitecto Josep Ferrando Bramona, que se construir\u00e1 en un solar cercano a la biblioteca de La Mina. Estas viviendas, de 61,80 metros cuadrados para igualar las dimensiones de los pisos del Venus, est\u00e1n pensadas para minimizar conflictos, con espacios comunitarios que evitan rincones y accesos inapropiados. Adem\u00e1s, se planea un segundo edificio de vivienda dotacional en la calle Ramon Llull para los \u00faltimos realojos, cuya construcci\u00f3n est\u00e1 prevista para finales de 2029 o principios de 2030.<\/p>\n<p>El plan \u201cLa Mina amb futur\u201d tambi\u00e9n contempla la transformaci\u00f3n integral del barrio, con la construcci\u00f3n de un complejo administrativo de la Generalitat, una guarder\u00eda, un centro de d\u00eda para personas mayores y la remodelaci\u00f3n del Casal C\u00edvic de La Mina. Sin embargo, los vecinos se muestran esc\u00e9pticos. \u201cDijeron septiembre, luego octubre, ahora febrero\u2026 Todos los plazos van con retraso y as\u00ed no pueden cumplir religiosamente,\u201d lamenta Paqui Jim\u00e9nez. Jos\u00e9 Amaya, de 85 a\u00f1os, expresa su preocupaci\u00f3n: \u201cMe han propuesto un s\u00e9ptimo piso, pero soy mayor y necesito un piso bajo. En Venus, vivo en un tercero y puedo bajar descansando, pero en un s\u00e9ptimo no me veo capaz\u201d.<\/p>\n<h2>Un Barrio en Transformaci\u00f3n, Pero a Fuego Lento<\/h2>\n<p>A pesar de los avances, el proceso de desalojo avanza lentamente. Hasta agosto de 2024, solo siete familias hab\u00edan abandonado sus pisos, y 15 viviendas hab\u00edan sido tapiadas para evitar ocupaciones ilegales. El Consorcio espera que al menos 47 pisos est\u00e9n deshabitados antes del verano de 2025, pero los litigios judiciales en curso, con 78 recursos de reposici\u00f3n y 103 de disconformidad por las indemnizaciones, complican el proceso. Algunos vecinos denuncian que se les presiona para retirar las demandas judiciales a cambio de un realojo inmediato, lo que consideran un \u201cchantaje\u201d.<\/p>\n<p>Isabel, otra vecina, resume la frustraci\u00f3n de muchos: \u201cMe llamaron hace dos meses para arreglar el tema de la propiedad, pero no me han vuelto a contactar. Llegu\u00e9 joven a Venus y me he hecho mayor aqu\u00ed, esperando\u201d. Este sentimiento de abandono resuena en las redes sociales, donde usuarios como @MRSHL0 expresan empat\u00eda: \u201cIntento ponerme en la piel de los vecinos honrados de Venus que han malvivido todos estos a\u00f1os. Pobre gente que ha tenido que vivir lo que vive\u201d.<\/p>\n<p>El edificio Venus es un testimonio vivo de las desigualdades sociales y las promesas incumplidas en La Mina. Su historia refleja la resiliencia de un vecindario que, a pesar de la marginalidad y el estigma, ha sabido organizarse para exigir dignidad. Aunque el horizonte de 2030 ofrece esperanza, los vecinos temen que los retrasos persistan. Como dice Paqui Jim\u00e9nez, \u201cqueremos un futuro digno, no m\u00e1s promesas vac\u00edas.\u201d La transformaci\u00f3n de La Mina no solo depende del derribo de un edificio, sino de un compromiso real para garantizar que sus habitantes puedan, por fin, escapar de Venus.<\/p>","protected":false},"excerpt":{"rendered":"<p>El edificio Venus, ubicado en el barrio de La Mina en Sant Adri\u00e0 del Bes\u00f2s, es mucho m\u00e1s que una estructura de hormig\u00f3n de diez plantas y 244 viviendas. Es un s\u00edmbolo de las promesas incumplidas, la lucha vecinal y la resistencia en uno de los barrios m\u00e1s estigmatizados de [&hellip;]<\/p>\n","protected":false},"author":3,"featured_media":23367,"comment_status":"closed","ping_status":"closed","sticky":false,"template":"","format":"standard","meta":{"footnotes":""},"categories":[76],"tags":[],"class_list":["post-65733","post","type-post","status-publish","format-standard","has-post-thumbnail","hentry","category-barcelona"],"yoast_head":"<!-- This site is optimized with the Yoast SEO plugin v27.5 - https:\/\/yoast.com\/product\/yoast-seo-wordpress\/ -->\n<title>Escapar de Venus - Revista Rambla<\/title>\n<meta name=\"robots\" content=\"index, follow, max-snippet:-1, max-image-preview:large, max-video-preview:-1\" \/>\n<link rel=\"canonical\" href=\"https:\/\/www.revistarambla.com\/en\/escapar-de-venus\/\" \/>\n<meta property=\"og:locale\" content=\"en_GB\" \/>\n<meta property=\"og:type\" content=\"article\" \/>\n<meta property=\"og:title\" content=\"Escapar de Venus - Revista Rambla\" \/>\n<meta property=\"og:description\" content=\"El edificio Venus, ubicado en el barrio de La Mina en Sant Adri\u00e0 del Bes\u00f2s, es mucho m\u00e1s que una estructura de hormig\u00f3n de diez plantas y 244 viviendas. Es un s\u00edmbolo de las promesas incumplidas, la lucha vecinal y la resistencia en uno de los barrios m\u00e1s estigmatizados de [&hellip;]\" \/>\n<meta property=\"og:url\" content=\"https:\/\/www.revistarambla.com\/en\/escapar-de-venus\/\" \/>\n<meta property=\"og:site_name\" content=\"Revista Rambla\" \/>\n<meta property=\"article:publisher\" content=\"https:\/\/www.facebook.com\/revistarambla\/\" \/>\n<meta property=\"article:author\" content=\"https:\/\/www.facebook.com\/revistarambla\" \/>\n<meta property=\"article:published_time\" content=\"2025-07-14T18:25:42+00:00\" \/>\n<meta property=\"article:modified_time\" content=\"2025-07-17T18:43:18+00:00\" \/>\n<meta property=\"og:image\" content=\"https:\/\/www.revistarambla.com\/wp-content\/uploads\/2020\/06\/edificio-venus-la-mina.jpg\" \/>\n\t<meta property=\"og:image:width\" content=\"1227\" \/>\n\t<meta property=\"og:image:height\" content=\"809\" \/>\n\t<meta property=\"og:image:type\" content=\"image\/jpeg\" \/>\n<meta name=\"author\" content=\"R@mbla\" \/>\n<meta name=\"twitter:card\" content=\"summary_large_image\" \/>\n<meta name=\"twitter:creator\" content=\"@revistarambla\" \/>\n<meta name=\"twitter:site\" content=\"@revistarambla\" \/>\n<meta name=\"twitter:label1\" content=\"Written by\" \/>\n\t<meta name=\"twitter:data1\" content=\"R@mbla\" \/>\n\t<meta name=\"twitter:label2\" content=\"Estimated reading time\" \/>\n\t<meta name=\"twitter:data2\" content=\"7 minutes\" \/>\n<script type=\"application\/ld+json\" class=\"yoast-schema-graph\">{\"@context\":\"https:\\\/\\\/schema.org\",\"@graph\":[{\"@type\":\"Article\",\"@id\":\"https:\\\/\\\/www.revistarambla.com\\\/escapar-de-venus\\\/#article\",\"isPartOf\":{\"@id\":\"https:\\\/\\\/www.revistarambla.com\\\/escapar-de-venus\\\/\"},\"author\":{\"name\":\"R@mbla\",\"@id\":\"https:\\\/\\\/www.revistarambla.com\\\/#\\\/schema\\\/person\\\/a146a5a2550b94981a75131180e1bd9c\"},\"headline\":\"Escapar de Venus\",\"datePublished\":\"2025-07-14T18:25:42+00:00\",\"dateModified\":\"2025-07-17T18:43:18+00:00\",\"mainEntityOfPage\":{\"@id\":\"https:\\\/\\\/www.revistarambla.com\\\/escapar-de-venus\\\/\"},\"wordCount\":1532,\"publisher\":{\"@id\":\"https:\\\/\\\/www.revistarambla.com\\\/#organization\"},\"image\":{\"@id\":\"https:\\\/\\\/www.revistarambla.com\\\/escapar-de-venus\\\/#primaryimage\"},\"thumbnailUrl\":\"https:\\\/\\\/www.revistarambla.com\\\/wp-content\\\/uploads\\\/2020\\\/06\\\/edificio-venus-la-mina.jpg\",\"articleSection\":[\"Barcelona\"],\"inLanguage\":\"en-GB\"},{\"@type\":\"WebPage\",\"@id\":\"https:\\\/\\\/www.revistarambla.com\\\/escapar-de-venus\\\/\",\"url\":\"https:\\\/\\\/www.revistarambla.com\\\/escapar-de-venus\\\/\",\"name\":\"Escapar de Venus - Revista Rambla\",\"isPartOf\":{\"@id\":\"https:\\\/\\\/www.revistarambla.com\\\/#website\"},\"primaryImageOfPage\":{\"@id\":\"https:\\\/\\\/www.revistarambla.com\\\/escapar-de-venus\\\/#primaryimage\"},\"image\":{\"@id\":\"https:\\\/\\\/www.revistarambla.com\\\/escapar-de-venus\\\/#primaryimage\"},\"thumbnailUrl\":\"https:\\\/\\\/www.revistarambla.com\\\/wp-content\\\/uploads\\\/2020\\\/06\\\/edificio-venus-la-mina.jpg\",\"datePublished\":\"2025-07-14T18:25:42+00:00\",\"dateModified\":\"2025-07-17T18:43:18+00:00\",\"breadcrumb\":{\"@id\":\"https:\\\/\\\/www.revistarambla.com\\\/escapar-de-venus\\\/#breadcrumb\"},\"inLanguage\":\"en-GB\",\"potentialAction\":[{\"@type\":\"ReadAction\",\"target\":[\"https:\\\/\\\/www.revistarambla.com\\\/escapar-de-venus\\\/\"]}]},{\"@type\":\"ImageObject\",\"inLanguage\":\"en-GB\",\"@id\":\"https:\\\/\\\/www.revistarambla.com\\\/escapar-de-venus\\\/#primaryimage\",\"url\":\"https:\\\/\\\/www.revistarambla.com\\\/wp-content\\\/uploads\\\/2020\\\/06\\\/edificio-venus-la-mina.jpg\",\"contentUrl\":\"https:\\\/\\\/www.revistarambla.com\\\/wp-content\\\/uploads\\\/2020\\\/06\\\/edificio-venus-la-mina.jpg\",\"width\":1227,\"height\":809,\"caption\":\"EDIFICIO VENUS\"},{\"@type\":\"BreadcrumbList\",\"@id\":\"https:\\\/\\\/www.revistarambla.com\\\/escapar-de-venus\\\/#breadcrumb\",\"itemListElement\":[{\"@type\":\"ListItem\",\"position\":1,\"name\":\"Portada\",\"item\":\"https:\\\/\\\/www.revistarambla.com\\\/\"},{\"@type\":\"ListItem\",\"position\":2,\"name\":\"Escapar de Venus\"}]},{\"@type\":\"WebSite\",\"@id\":\"https:\\\/\\\/www.revistarambla.com\\\/#website\",\"url\":\"https:\\\/\\\/www.revistarambla.com\\\/\",\"name\":\"Revista Rambla Barcelona\",\"description\":\"Periodismo independiente\",\"publisher\":{\"@id\":\"https:\\\/\\\/www.revistarambla.com\\\/#organization\"},\"potentialAction\":[{\"@type\":\"SearchAction\",\"target\":{\"@type\":\"EntryPoint\",\"urlTemplate\":\"https:\\\/\\\/www.revistarambla.com\\\/?s={search_term_string}\"},\"query-input\":{\"@type\":\"PropertyValueSpecification\",\"valueRequired\":true,\"valueName\":\"search_term_string\"}}],\"inLanguage\":\"en-GB\"},{\"@type\":\"Organization\",\"@id\":\"https:\\\/\\\/www.revistarambla.com\\\/#organization\",\"name\":\"Revista Rambla\",\"url\":\"https:\\\/\\\/www.revistarambla.com\\\/\",\"logo\":{\"@type\":\"ImageObject\",\"inLanguage\":\"en-GB\",\"@id\":\"https:\\\/\\\/www.revistarambla.com\\\/#\\\/schema\\\/logo\\\/image\\\/\",\"url\":\"https:\\\/\\\/www.revistarambla.com\\\/wp-content\\\/uploads\\\/2020\\\/09\\\/banner_rambla_1900x600_BB.png\",\"contentUrl\":\"https:\\\/\\\/www.revistarambla.com\\\/wp-content\\\/uploads\\\/2020\\\/09\\\/banner_rambla_1900x600_BB.png\",\"width\":1900,\"height\":600,\"caption\":\"Revista Rambla\"},\"image\":{\"@id\":\"https:\\\/\\\/www.revistarambla.com\\\/#\\\/schema\\\/logo\\\/image\\\/\"},\"sameAs\":[\"https:\\\/\\\/www.facebook.com\\\/revistarambla\\\/\",\"https:\\\/\\\/x.com\\\/revistarambla\",\"https:\\\/\\\/www.instagram.com\\\/revista_rambla\",\"https:\\\/\\\/es.linkedin.com\\\/company\\\/revista-rambla\"]},{\"@type\":\"Person\",\"@id\":\"https:\\\/\\\/www.revistarambla.com\\\/#\\\/schema\\\/person\\\/a146a5a2550b94981a75131180e1bd9c\",\"name\":\"R@mbla\",\"description\":\"Este art\u00edculo ha sido redactado y\\\/o validado por el equipo de redacci\u00f3n de Revista Rambla.\",\"sameAs\":[\"https:\\\/\\\/www.revistarambla.com\\\/\",\"https:\\\/\\\/www.facebook.com\\\/revistarambla\",\"https:\\\/\\\/x.com\\\/revistarambla\"]}]}<\/script>\n<!-- \/ Yoast SEO plugin. -->","yoast_head_json":{"title":"Escapar de Venus - Revista Rambla","robots":{"index":"index","follow":"follow","max-snippet":"max-snippet:-1","max-image-preview":"max-image-preview:large","max-video-preview":"max-video-preview:-1"},"canonical":"https:\/\/www.revistarambla.com\/en\/escapar-de-venus\/","og_locale":"en_GB","og_type":"article","og_title":"Escapar de Venus - Revista Rambla","og_description":"El edificio Venus, ubicado en el barrio de La Mina en Sant Adri\u00e0 del Bes\u00f2s, es mucho m\u00e1s que una estructura de hormig\u00f3n de diez plantas y 244 viviendas. Es un s\u00edmbolo de las promesas incumplidas, la lucha vecinal y la resistencia en uno de los barrios m\u00e1s estigmatizados de [&hellip;]","og_url":"https:\/\/www.revistarambla.com\/en\/escapar-de-venus\/","og_site_name":"Revista Rambla","article_publisher":"https:\/\/www.facebook.com\/revistarambla\/","article_author":"https:\/\/www.facebook.com\/revistarambla","article_published_time":"2025-07-14T18:25:42+00:00","article_modified_time":"2025-07-17T18:43:18+00:00","og_image":[{"width":1227,"height":809,"url":"https:\/\/www.revistarambla.com\/wp-content\/uploads\/2020\/06\/edificio-venus-la-mina.jpg","type":"image\/jpeg"}],"author":"R@mbla","twitter_card":"summary_large_image","twitter_creator":"@revistarambla","twitter_site":"@revistarambla","twitter_misc":{"Written by":"R@mbla","Estimated reading time":"7 minutes"},"schema":{"@context":"https:\/\/schema.org","@graph":[{"@type":"Article","@id":"https:\/\/www.revistarambla.com\/escapar-de-venus\/#article","isPartOf":{"@id":"https:\/\/www.revistarambla.com\/escapar-de-venus\/"},"author":{"name":"R@mbla","@id":"https:\/\/www.revistarambla.com\/#\/schema\/person\/a146a5a2550b94981a75131180e1bd9c"},"headline":"Escapar de Venus","datePublished":"2025-07-14T18:25:42+00:00","dateModified":"2025-07-17T18:43:18+00:00","mainEntityOfPage":{"@id":"https:\/\/www.revistarambla.com\/escapar-de-venus\/"},"wordCount":1532,"publisher":{"@id":"https:\/\/www.revistarambla.com\/#organization"},"image":{"@id":"https:\/\/www.revistarambla.com\/escapar-de-venus\/#primaryimage"},"thumbnailUrl":"https:\/\/www.revistarambla.com\/wp-content\/uploads\/2020\/06\/edificio-venus-la-mina.jpg","articleSection":["Barcelona"],"inLanguage":"en-GB"},{"@type":"WebPage","@id":"https:\/\/www.revistarambla.com\/escapar-de-venus\/","url":"https:\/\/www.revistarambla.com\/escapar-de-venus\/","name":"Escapar de Venus - Revista Rambla","isPartOf":{"@id":"https:\/\/www.revistarambla.com\/#website"},"primaryImageOfPage":{"@id":"https:\/\/www.revistarambla.com\/escapar-de-venus\/#primaryimage"},"image":{"@id":"https:\/\/www.revistarambla.com\/escapar-de-venus\/#primaryimage"},"thumbnailUrl":"https:\/\/www.revistarambla.com\/wp-content\/uploads\/2020\/06\/edificio-venus-la-mina.jpg","datePublished":"2025-07-14T18:25:42+00:00","dateModified":"2025-07-17T18:43:18+00:00","breadcrumb":{"@id":"https:\/\/www.revistarambla.com\/escapar-de-venus\/#breadcrumb"},"inLanguage":"en-GB","potentialAction":[{"@type":"ReadAction","target":["https:\/\/www.revistarambla.com\/escapar-de-venus\/"]}]},{"@type":"ImageObject","inLanguage":"en-GB","@id":"https:\/\/www.revistarambla.com\/escapar-de-venus\/#primaryimage","url":"https:\/\/www.revistarambla.com\/wp-content\/uploads\/2020\/06\/edificio-venus-la-mina.jpg","contentUrl":"https:\/\/www.revistarambla.com\/wp-content\/uploads\/2020\/06\/edificio-venus-la-mina.jpg","width":1227,"height":809,"caption":"EDIFICIO VENUS"},{"@type":"BreadcrumbList","@id":"https:\/\/www.revistarambla.com\/escapar-de-venus\/#breadcrumb","itemListElement":[{"@type":"ListItem","position":1,"name":"Portada","item":"https:\/\/www.revistarambla.com\/"},{"@type":"ListItem","position":2,"name":"Escapar de Venus"}]},{"@type":"WebSite","@id":"https:\/\/www.revistarambla.com\/#website","url":"https:\/\/www.revistarambla.com\/","name":"Revista Rambla Barcelona","description":"Periodismo independiente","publisher":{"@id":"https:\/\/www.revistarambla.com\/#organization"},"potentialAction":[{"@type":"SearchAction","target":{"@type":"EntryPoint","urlTemplate":"https:\/\/www.revistarambla.com\/?s={search_term_string}"},"query-input":{"@type":"PropertyValueSpecification","valueRequired":true,"valueName":"search_term_string"}}],"inLanguage":"en-GB"},{"@type":"Organization","@id":"https:\/\/www.revistarambla.com\/#organization","name":"Revista Rambla","url":"https:\/\/www.revistarambla.com\/","logo":{"@type":"ImageObject","inLanguage":"en-GB","@id":"https:\/\/www.revistarambla.com\/#\/schema\/logo\/image\/","url":"https:\/\/www.revistarambla.com\/wp-content\/uploads\/2020\/09\/banner_rambla_1900x600_BB.png","contentUrl":"https:\/\/www.revistarambla.com\/wp-content\/uploads\/2020\/09\/banner_rambla_1900x600_BB.png","width":1900,"height":600,"caption":"Revista Rambla"},"image":{"@id":"https:\/\/www.revistarambla.com\/#\/schema\/logo\/image\/"},"sameAs":["https:\/\/www.facebook.com\/revistarambla\/","https:\/\/x.com\/revistarambla","https:\/\/www.instagram.com\/revista_rambla","https:\/\/es.linkedin.com\/company\/revista-rambla"]},{"@type":"Person","@id":"https:\/\/www.revistarambla.com\/#\/schema\/person\/a146a5a2550b94981a75131180e1bd9c","name":"R@mbla","description":"Este art\u00edculo ha sido redactado y\/o validado por el equipo de redacci\u00f3n de Revista Rambla.","sameAs":["https:\/\/www.revistarambla.com\/","https:\/\/www.facebook.com\/revistarambla","https:\/\/x.com\/revistarambla"]}]}},"_links":{"self":[{"href":"https:\/\/www.revistarambla.com\/en\/wp-json\/wp\/v2\/posts\/65733","targetHints":{"allow":["GET"]}}],"collection":[{"href":"https:\/\/www.revistarambla.com\/en\/wp-json\/wp\/v2\/posts"}],"about":[{"href":"https:\/\/www.revistarambla.com\/en\/wp-json\/wp\/v2\/types\/post"}],"author":[{"embeddable":true,"href":"https:\/\/www.revistarambla.com\/en\/wp-json\/wp\/v2\/users\/3"}],"replies":[{"embeddable":true,"href":"https:\/\/www.revistarambla.com\/en\/wp-json\/wp\/v2\/comments?post=65733"}],"version-history":[{"count":1,"href":"https:\/\/www.revistarambla.com\/en\/wp-json\/wp\/v2\/posts\/65733\/revisions"}],"predecessor-version":[{"id":65734,"href":"https:\/\/www.revistarambla.com\/en\/wp-json\/wp\/v2\/posts\/65733\/revisions\/65734"}],"wp:featuredmedia":[{"embeddable":true,"href":"https:\/\/www.revistarambla.com\/en\/wp-json\/wp\/v2\/media\/23367"}],"wp:attachment":[{"href":"https:\/\/www.revistarambla.com\/en\/wp-json\/wp\/v2\/media?parent=65733"}],"wp:term":[{"taxonomy":"category","embeddable":true,"href":"https:\/\/www.revistarambla.com\/en\/wp-json\/wp\/v2\/categories?post=65733"},{"taxonomy":"post_tag","embeddable":true,"href":"https:\/\/www.revistarambla.com\/en\/wp-json\/wp\/v2\/tags?post=65733"}],"curies":[{"name":"wp","href":"https:\/\/api.w.org\/{rel}","templated":true}]}}