{"id":65729,"date":"2025-07-14T17:43:03","date_gmt":"2025-07-14T15:43:03","guid":{"rendered":"https:\/\/www.revistarambla.com\/?p=65729"},"modified":"2025-07-14T17:43:03","modified_gmt":"2025-07-14T15:43:03","slug":"la-vision-transformadora-de-manuel-ignacio-vejarano-restrepo-en-el-campo-de-la-oftalmologia","status":"publish","type":"post","link":"https:\/\/www.revistarambla.com\/en\/la-vision-transformadora-de-manuel-ignacio-vejarano-restrepo-en-el-campo-de-la-oftalmologia\/","title":{"rendered":"La visi\u00f3n transformadora de Manuel Ignacio Vejarano Restrepo en el campo de la oftalmolog\u00eda"},"content":{"rendered":"<p><img decoding=\"async\" class=\"aligncenter wp-image-65730 size-large\" src=\"https:\/\/www.revistarambla.com\/wp-content\/uploads\/2025\/07\/phpJHGIPM6874d847b7f56-672x840.jpg\" alt=\"Manuel Ignacio Vejarano Restrepo\" width=\"640\" height=\"800\" srcset=\"https:\/\/www.revistarambla.com\/wp-content\/uploads\/2025\/07\/phpJHGIPM6874d847b7f56-672x840.jpg 672w, https:\/\/www.revistarambla.com\/wp-content\/uploads\/2025\/07\/phpJHGIPM6874d847b7f56-292x365.jpg 292w, https:\/\/www.revistarambla.com\/wp-content\/uploads\/2025\/07\/phpJHGIPM6874d847b7f56-768x960.jpg 768w, https:\/\/www.revistarambla.com\/wp-content\/uploads\/2025\/07\/phpJHGIPM6874d847b7f56-10x12.jpg 10w, https:\/\/www.revistarambla.com\/wp-content\/uploads\/2025\/07\/phpJHGIPM6874d847b7f56.jpg 1024w\" sizes=\"(max-width: 640px) 100vw, 640px\" \/><\/p>\n<p>En el universo de la medicina especializada, la creatividad aplicada a la pr\u00e1ctica cl\u00ednica puede marcar una diferencia trascendental. <b>Manuel Ignacio Vejarano Restrepo<\/b>, m\u00e9dico colombiano, ha contribuido a este cambio con una invenci\u00f3n propia que ha mejorado el acceso al <b>tratamiento quir\u00fargico ocular <\/b>en diferentes partes del mundo. Su trabajo representa un ejemplo notable de <a href=\"https:\/\/www.cronica.com.mx\/nacional\/2025\/02\/11\/conociendo-al-dr-manuel-ignacio-vejarano-restrepo-lider-en-innovacion-oftalmologica-en-america-latina\/\" target=\"_blank\" rel=\"nofollow noopener\"><b>innovaci\u00f3n quir\u00fargica en oftalmolog\u00eda<\/b><\/a>, especialmente en lo relativo al queratocono.<\/p>\n<p>Este avance no solo responde a una necesidad m\u00e9dica, sino tambi\u00e9n a un compromiso con la equidad en salud visual. Su sistema ha sido adoptado por profesionales que buscan alternativas seguras, accesibles y menos dependientes de tecnolog\u00eda de alto coste.<\/p>\n<h2><b>Manuel Vejarano: formaci\u00f3n m\u00e9dica s\u00f3lida y sensibilidad cl\u00ednica<\/b><\/h2>\n<p>Vejarano naci\u00f3 en Popay\u00e1n, Colombia, y desde sus primeros a\u00f1os mostr\u00f3 una inclinaci\u00f3n por las ciencias de la salud. Se gradu\u00f3 como m\u00e9dico cirujano en la Universidad del Cauca en 1997, para luego especializarse en oftalmolog\u00eda en la Fundaci\u00f3n Oftalmol\u00f3gica de Santander. Esta etapa formativa fue clave para desarrollar su <b>comprensi\u00f3n de la anatom\u00eda ocular <\/b>y la pr\u00e1ctica cl\u00ednica.<\/p>\n<p>Posteriormente, viaj\u00f3 a M\u00e9xico para especializarse en cirug\u00eda oculopl\u00e1stica y reconstructiva en la Asociaci\u00f3n para Evitar la Ceguera, afiliada a la UNAM. Fue all\u00ed donde termin\u00f3 de perfilarse como un <b>cirujano oftalm\u00f3logo <\/b>con intereses t\u00e9cnicos y cient\u00edficos, pero tambi\u00e9n sociales y pedag\u00f3gicos.<\/p>\n<p>Su participaci\u00f3n en congresos y seminarios internacionales ha reforzado su enfoque global, sin perder la atenci\u00f3n a las necesidades locales.<\/p>\n<h2><b>Retos del queratocono y soluci\u00f3n desarrollada<\/b><\/h2>\n<p>El queratocono es una enfermedad de la c\u00f3rnea que afecta su forma, adelgaz\u00e1ndola y deform\u00e1ndola, lo que provoca alteraciones visuales importantes. El tratamiento m\u00e1s utilizado consiste en la implantaci\u00f3n de segmentos intracorneales, tradicionalmente con l\u00e1ser de femtosegundo. Sin embargo, esta opci\u00f3n no est\u00e1 disponible en muchos hospitales debido a su elevado coste.<\/p>\n<p>Vejarano propuso una alternativa: el <b>Vejarano Delaminator System<\/b>, una herramienta quir\u00fargica que permite realizar este procedimiento sin utilizar l\u00e1ser. Esta innovaci\u00f3n ha supuesto un avance en el <b>tratamiento del queratocono<\/b>, ya que ofrece un enfoque seguro, eficaz y adaptado a contextos con limitaciones tecnol\u00f3gicas.<\/p>\n<h2><b>Tecnolog\u00eda eficiente para m\u00e1s personas<\/b><\/h2>\n<p>El sistema dise\u00f1ado por Vejarano utiliza un cuchillete de diamante y un pre-delaminador para realizar la intervenci\u00f3n con precisi\u00f3n. Gracias a su estructura sencilla, se convierte en una soluci\u00f3n viable en centros de salud donde la tecnolog\u00eda l\u00e1ser no est\u00e1 disponible. Esto ha permitido que pacientes de diferentes regiones accedan a un tratamiento que antes les resultaba inaccesible.<\/p>\n<p>Los estudios cl\u00ednicos refuerzan esta afirmaci\u00f3n. En un ensayo con 51 ojos de 30 pacientes tratados con este sistema, se reportaron mejoras significativas en la agudeza visual y reducci\u00f3n de la curvatura corneal, sin presentar complicaciones graves. Estos resultados demuestran que la t\u00e9cnica es <b>eficaz y segura<\/b>.<\/p>\n<h2><b>Compartiendo conocimiento desde la experiencia<\/b><\/h2>\n<p>El impacto de este sistema ha ido m\u00e1s all\u00e1 del quir\u00f3fano. Vejarano ha dedicado parte de su trayectoria a la ense\u00f1anza y difusi\u00f3n de su t\u00e9cnica, participando en encuentros cient\u00edficos y talleres pr\u00e1cticos. Su objetivo es que otros profesionales puedan replicar este m\u00e9todo en sus entornos de trabajo, fomentando una oftalmolog\u00eda m\u00e1s <b>colaborativa y pr\u00e1ctica<\/b>.<\/p>\n<p>Adem\u00e1s, su enfoque ha influido en la formaci\u00f3n de nuevos especialistas. Al integrar el sistema en la docencia, se transmite no solo una t\u00e9cnica quir\u00fargica, sino tambi\u00e9n una visi\u00f3n de la medicina centrada en la accesibilidad y el compromiso \u00e9tico. Esta perspectiva busca que m\u00e1s m\u00e9dicos est\u00e9n preparados para aplicar soluciones ajustadas a las realidades de sus comunidades.<\/p>\n<p>La trayectoria de Manuel Ignacio Vejarano Restrepo pone de manifiesto que la innovaci\u00f3n no siempre requiere alta tecnolog\u00eda, sino conocimiento profundo, empat\u00eda y voluntad de transformaci\u00f3n. Su aporte al campo del queratocono ha tenido un alcance regional e internacional, demostrando que es posible hacer una medicina m\u00e1s justa y funcional. Su figura inspira a otros especialistas a pensar fuera de lo establecido, y a actuar con creatividad, rigor y sensibilidad.<\/p>","protected":false},"excerpt":{"rendered":"<p>En el universo de la medicina especializada, la creatividad aplicada a la pr\u00e1ctica cl\u00ednica puede marcar una diferencia trascendental. Manuel Ignacio Vejarano Restrepo, m\u00e9dico colombiano, ha contribuido a este cambio con una invenci\u00f3n propia que ha mejorado el acceso al tratamiento quir\u00fargico ocular en diferentes partes del mundo. Su trabajo [&hellip;]<\/p>\n","protected":false},"author":3,"featured_media":65730,"comment_status":"closed","ping_status":"closed","sticky":false,"template":"","format":"standard","meta":{"footnotes":""},"categories":[3790],"tags":[],"class_list":["post-65729","post","type-post","status-publish","format-standard","has-post-thumbnail","hentry","category-otras-noticias"],"yoast_head":"<!-- This site is optimized with the Yoast SEO plugin v27.5 - https:\/\/yoast.com\/product\/yoast-seo-wordpress\/ -->\n<title>La visi\u00f3n transformadora de Manuel Ignacio Vejarano Restrepo en el campo de la oftalmolog\u00eda - Revista Rambla<\/title>\n<meta name=\"robots\" content=\"index, follow, max-snippet:-1, max-image-preview:large, max-video-preview:-1\" \/>\n<link rel=\"canonical\" href=\"https:\/\/www.revistarambla.com\/en\/la-vision-transformadora-de-manuel-ignacio-vejarano-restrepo-en-el-campo-de-la-oftalmologia\/\" \/>\n<meta property=\"og:locale\" content=\"en_GB\" \/>\n<meta property=\"og:type\" content=\"article\" \/>\n<meta property=\"og:title\" content=\"La visi\u00f3n transformadora de Manuel Ignacio Vejarano Restrepo en el campo de la oftalmolog\u00eda - Revista Rambla\" \/>\n<meta property=\"og:description\" content=\"En el universo de la medicina especializada, la creatividad aplicada a la pr\u00e1ctica cl\u00ednica puede marcar una diferencia trascendental. Manuel Ignacio Vejarano Restrepo, m\u00e9dico colombiano, ha contribuido a este cambio con una invenci\u00f3n propia que ha mejorado el acceso al tratamiento quir\u00fargico ocular en diferentes partes del mundo. Su trabajo [&hellip;]\" \/>\n<meta property=\"og:url\" content=\"https:\/\/www.revistarambla.com\/en\/la-vision-transformadora-de-manuel-ignacio-vejarano-restrepo-en-el-campo-de-la-oftalmologia\/\" \/>\n<meta property=\"og:site_name\" content=\"Revista Rambla\" \/>\n<meta property=\"article:publisher\" content=\"https:\/\/www.facebook.com\/revistarambla\/\" \/>\n<meta property=\"article:author\" content=\"https:\/\/www.facebook.com\/revistarambla\" \/>\n<meta property=\"article:published_time\" content=\"2025-07-14T15:43:03+00:00\" \/>\n<meta property=\"og:image\" content=\"https:\/\/www.revistarambla.com\/wp-content\/uploads\/2025\/07\/phpJHGIPM6874d847b7f56.jpg\" \/>\n\t<meta property=\"og:image:width\" content=\"1024\" \/>\n\t<meta property=\"og:image:height\" content=\"1280\" \/>\n\t<meta property=\"og:image:type\" content=\"image\/jpeg\" \/>\n<meta name=\"author\" content=\"R@mbla\" \/>\n<meta name=\"twitter:card\" content=\"summary_large_image\" \/>\n<meta name=\"twitter:creator\" content=\"@revistarambla\" \/>\n<meta name=\"twitter:site\" content=\"@revistarambla\" \/>\n<meta name=\"twitter:label1\" content=\"Written by\" \/>\n\t<meta name=\"twitter:data1\" content=\"R@mbla\" \/>\n\t<meta name=\"twitter:label2\" content=\"Estimated reading time\" \/>\n\t<meta name=\"twitter:data2\" content=\"4 minutes\" \/>\n<script type=\"application\/ld+json\" class=\"yoast-schema-graph\">{\"@context\":\"https:\\\/\\\/schema.org\",\"@graph\":[{\"@type\":\"Article\",\"@id\":\"https:\\\/\\\/www.revistarambla.com\\\/la-vision-transformadora-de-manuel-ignacio-vejarano-restrepo-en-el-campo-de-la-oftalmologia\\\/#article\",\"isPartOf\":{\"@id\":\"https:\\\/\\\/www.revistarambla.com\\\/la-vision-transformadora-de-manuel-ignacio-vejarano-restrepo-en-el-campo-de-la-oftalmologia\\\/\"},\"author\":{\"name\":\"R@mbla\",\"@id\":\"https:\\\/\\\/www.revistarambla.com\\\/#\\\/schema\\\/person\\\/a146a5a2550b94981a75131180e1bd9c\"},\"headline\":\"La visi\u00f3n transformadora de Manuel Ignacio Vejarano Restrepo en el campo de la oftalmolog\u00eda\",\"datePublished\":\"2025-07-14T15:43:03+00:00\",\"mainEntityOfPage\":{\"@id\":\"https:\\\/\\\/www.revistarambla.com\\\/la-vision-transformadora-de-manuel-ignacio-vejarano-restrepo-en-el-campo-de-la-oftalmologia\\\/\"},\"wordCount\":733,\"publisher\":{\"@id\":\"https:\\\/\\\/www.revistarambla.com\\\/#organization\"},\"image\":{\"@id\":\"https:\\\/\\\/www.revistarambla.com\\\/la-vision-transformadora-de-manuel-ignacio-vejarano-restrepo-en-el-campo-de-la-oftalmologia\\\/#primaryimage\"},\"thumbnailUrl\":\"https:\\\/\\\/www.revistarambla.com\\\/wp-content\\\/uploads\\\/2025\\\/07\\\/phpJHGIPM6874d847b7f56.jpg\",\"articleSection\":[\"Otras Noticias\"],\"inLanguage\":\"en-GB\"},{\"@type\":\"WebPage\",\"@id\":\"https:\\\/\\\/www.revistarambla.com\\\/la-vision-transformadora-de-manuel-ignacio-vejarano-restrepo-en-el-campo-de-la-oftalmologia\\\/\",\"url\":\"https:\\\/\\\/www.revistarambla.com\\\/la-vision-transformadora-de-manuel-ignacio-vejarano-restrepo-en-el-campo-de-la-oftalmologia\\\/\",\"name\":\"La visi\u00f3n transformadora de Manuel Ignacio Vejarano Restrepo en el campo de la oftalmolog\u00eda - Revista Rambla\",\"isPartOf\":{\"@id\":\"https:\\\/\\\/www.revistarambla.com\\\/#website\"},\"primaryImageOfPage\":{\"@id\":\"https:\\\/\\\/www.revistarambla.com\\\/la-vision-transformadora-de-manuel-ignacio-vejarano-restrepo-en-el-campo-de-la-oftalmologia\\\/#primaryimage\"},\"image\":{\"@id\":\"https:\\\/\\\/www.revistarambla.com\\\/la-vision-transformadora-de-manuel-ignacio-vejarano-restrepo-en-el-campo-de-la-oftalmologia\\\/#primaryimage\"},\"thumbnailUrl\":\"https:\\\/\\\/www.revistarambla.com\\\/wp-content\\\/uploads\\\/2025\\\/07\\\/phpJHGIPM6874d847b7f56.jpg\",\"datePublished\":\"2025-07-14T15:43:03+00:00\",\"breadcrumb\":{\"@id\":\"https:\\\/\\\/www.revistarambla.com\\\/la-vision-transformadora-de-manuel-ignacio-vejarano-restrepo-en-el-campo-de-la-oftalmologia\\\/#breadcrumb\"},\"inLanguage\":\"en-GB\",\"potentialAction\":[{\"@type\":\"ReadAction\",\"target\":[\"https:\\\/\\\/www.revistarambla.com\\\/la-vision-transformadora-de-manuel-ignacio-vejarano-restrepo-en-el-campo-de-la-oftalmologia\\\/\"]}]},{\"@type\":\"ImageObject\",\"inLanguage\":\"en-GB\",\"@id\":\"https:\\\/\\\/www.revistarambla.com\\\/la-vision-transformadora-de-manuel-ignacio-vejarano-restrepo-en-el-campo-de-la-oftalmologia\\\/#primaryimage\",\"url\":\"https:\\\/\\\/www.revistarambla.com\\\/wp-content\\\/uploads\\\/2025\\\/07\\\/phpJHGIPM6874d847b7f56.jpg\",\"contentUrl\":\"https:\\\/\\\/www.revistarambla.com\\\/wp-content\\\/uploads\\\/2025\\\/07\\\/phpJHGIPM6874d847b7f56.jpg\",\"width\":1024,\"height\":1280,\"caption\":\"Manuel Ignacio Vejarano Restrepo\"},{\"@type\":\"BreadcrumbList\",\"@id\":\"https:\\\/\\\/www.revistarambla.com\\\/la-vision-transformadora-de-manuel-ignacio-vejarano-restrepo-en-el-campo-de-la-oftalmologia\\\/#breadcrumb\",\"itemListElement\":[{\"@type\":\"ListItem\",\"position\":1,\"name\":\"Portada\",\"item\":\"https:\\\/\\\/www.revistarambla.com\\\/\"},{\"@type\":\"ListItem\",\"position\":2,\"name\":\"La visi\u00f3n transformadora de Manuel Ignacio Vejarano Restrepo en el campo de la oftalmolog\u00eda\"}]},{\"@type\":\"WebSite\",\"@id\":\"https:\\\/\\\/www.revistarambla.com\\\/#website\",\"url\":\"https:\\\/\\\/www.revistarambla.com\\\/\",\"name\":\"Revista Rambla Barcelona\",\"description\":\"Periodismo independiente\",\"publisher\":{\"@id\":\"https:\\\/\\\/www.revistarambla.com\\\/#organization\"},\"potentialAction\":[{\"@type\":\"SearchAction\",\"target\":{\"@type\":\"EntryPoint\",\"urlTemplate\":\"https:\\\/\\\/www.revistarambla.com\\\/?s={search_term_string}\"},\"query-input\":{\"@type\":\"PropertyValueSpecification\",\"valueRequired\":true,\"valueName\":\"search_term_string\"}}],\"inLanguage\":\"en-GB\"},{\"@type\":\"Organization\",\"@id\":\"https:\\\/\\\/www.revistarambla.com\\\/#organization\",\"name\":\"Revista Rambla\",\"url\":\"https:\\\/\\\/www.revistarambla.com\\\/\",\"logo\":{\"@type\":\"ImageObject\",\"inLanguage\":\"en-GB\",\"@id\":\"https:\\\/\\\/www.revistarambla.com\\\/#\\\/schema\\\/logo\\\/image\\\/\",\"url\":\"https:\\\/\\\/www.revistarambla.com\\\/wp-content\\\/uploads\\\/2020\\\/09\\\/banner_rambla_1900x600_BB.png\",\"contentUrl\":\"https:\\\/\\\/www.revistarambla.com\\\/wp-content\\\/uploads\\\/2020\\\/09\\\/banner_rambla_1900x600_BB.png\",\"width\":1900,\"height\":600,\"caption\":\"Revista Rambla\"},\"image\":{\"@id\":\"https:\\\/\\\/www.revistarambla.com\\\/#\\\/schema\\\/logo\\\/image\\\/\"},\"sameAs\":[\"https:\\\/\\\/www.facebook.com\\\/revistarambla\\\/\",\"https:\\\/\\\/x.com\\\/revistarambla\",\"https:\\\/\\\/www.instagram.com\\\/revista_rambla\",\"https:\\\/\\\/es.linkedin.com\\\/company\\\/revista-rambla\"]},{\"@type\":\"Person\",\"@id\":\"https:\\\/\\\/www.revistarambla.com\\\/#\\\/schema\\\/person\\\/a146a5a2550b94981a75131180e1bd9c\",\"name\":\"R@mbla\",\"description\":\"Este art\u00edculo ha sido redactado y\\\/o validado por el equipo de redacci\u00f3n de Revista Rambla.\",\"sameAs\":[\"https:\\\/\\\/www.revistarambla.com\\\/\",\"https:\\\/\\\/www.facebook.com\\\/revistarambla\",\"https:\\\/\\\/x.com\\\/revistarambla\"]}]}<\/script>\n<!-- \/ Yoast SEO plugin. -->","yoast_head_json":{"title":"La visi\u00f3n transformadora de Manuel Ignacio Vejarano Restrepo en el campo de la oftalmolog\u00eda - Revista Rambla","robots":{"index":"index","follow":"follow","max-snippet":"max-snippet:-1","max-image-preview":"max-image-preview:large","max-video-preview":"max-video-preview:-1"},"canonical":"https:\/\/www.revistarambla.com\/en\/la-vision-transformadora-de-manuel-ignacio-vejarano-restrepo-en-el-campo-de-la-oftalmologia\/","og_locale":"en_GB","og_type":"article","og_title":"La visi\u00f3n transformadora de Manuel Ignacio Vejarano Restrepo en el campo de la oftalmolog\u00eda - Revista Rambla","og_description":"En el universo de la medicina especializada, la creatividad aplicada a la pr\u00e1ctica cl\u00ednica puede marcar una diferencia trascendental. Manuel Ignacio Vejarano Restrepo, m\u00e9dico colombiano, ha contribuido a este cambio con una invenci\u00f3n propia que ha mejorado el acceso al tratamiento quir\u00fargico ocular en diferentes partes del mundo. Su trabajo [&hellip;]","og_url":"https:\/\/www.revistarambla.com\/en\/la-vision-transformadora-de-manuel-ignacio-vejarano-restrepo-en-el-campo-de-la-oftalmologia\/","og_site_name":"Revista Rambla","article_publisher":"https:\/\/www.facebook.com\/revistarambla\/","article_author":"https:\/\/www.facebook.com\/revistarambla","article_published_time":"2025-07-14T15:43:03+00:00","og_image":[{"width":1024,"height":1280,"url":"https:\/\/www.revistarambla.com\/wp-content\/uploads\/2025\/07\/phpJHGIPM6874d847b7f56.jpg","type":"image\/jpeg"}],"author":"R@mbla","twitter_card":"summary_large_image","twitter_creator":"@revistarambla","twitter_site":"@revistarambla","twitter_misc":{"Written by":"R@mbla","Estimated reading time":"4 minutes"},"schema":{"@context":"https:\/\/schema.org","@graph":[{"@type":"Article","@id":"https:\/\/www.revistarambla.com\/la-vision-transformadora-de-manuel-ignacio-vejarano-restrepo-en-el-campo-de-la-oftalmologia\/#article","isPartOf":{"@id":"https:\/\/www.revistarambla.com\/la-vision-transformadora-de-manuel-ignacio-vejarano-restrepo-en-el-campo-de-la-oftalmologia\/"},"author":{"name":"R@mbla","@id":"https:\/\/www.revistarambla.com\/#\/schema\/person\/a146a5a2550b94981a75131180e1bd9c"},"headline":"La visi\u00f3n transformadora de Manuel Ignacio Vejarano Restrepo en el campo de la oftalmolog\u00eda","datePublished":"2025-07-14T15:43:03+00:00","mainEntityOfPage":{"@id":"https:\/\/www.revistarambla.com\/la-vision-transformadora-de-manuel-ignacio-vejarano-restrepo-en-el-campo-de-la-oftalmologia\/"},"wordCount":733,"publisher":{"@id":"https:\/\/www.revistarambla.com\/#organization"},"image":{"@id":"https:\/\/www.revistarambla.com\/la-vision-transformadora-de-manuel-ignacio-vejarano-restrepo-en-el-campo-de-la-oftalmologia\/#primaryimage"},"thumbnailUrl":"https:\/\/www.revistarambla.com\/wp-content\/uploads\/2025\/07\/phpJHGIPM6874d847b7f56.jpg","articleSection":["Otras Noticias"],"inLanguage":"en-GB"},{"@type":"WebPage","@id":"https:\/\/www.revistarambla.com\/la-vision-transformadora-de-manuel-ignacio-vejarano-restrepo-en-el-campo-de-la-oftalmologia\/","url":"https:\/\/www.revistarambla.com\/la-vision-transformadora-de-manuel-ignacio-vejarano-restrepo-en-el-campo-de-la-oftalmologia\/","name":"La visi\u00f3n transformadora de Manuel Ignacio Vejarano Restrepo en el campo de la oftalmolog\u00eda - Revista Rambla","isPartOf":{"@id":"https:\/\/www.revistarambla.com\/#website"},"primaryImageOfPage":{"@id":"https:\/\/www.revistarambla.com\/la-vision-transformadora-de-manuel-ignacio-vejarano-restrepo-en-el-campo-de-la-oftalmologia\/#primaryimage"},"image":{"@id":"https:\/\/www.revistarambla.com\/la-vision-transformadora-de-manuel-ignacio-vejarano-restrepo-en-el-campo-de-la-oftalmologia\/#primaryimage"},"thumbnailUrl":"https:\/\/www.revistarambla.com\/wp-content\/uploads\/2025\/07\/phpJHGIPM6874d847b7f56.jpg","datePublished":"2025-07-14T15:43:03+00:00","breadcrumb":{"@id":"https:\/\/www.revistarambla.com\/la-vision-transformadora-de-manuel-ignacio-vejarano-restrepo-en-el-campo-de-la-oftalmologia\/#breadcrumb"},"inLanguage":"en-GB","potentialAction":[{"@type":"ReadAction","target":["https:\/\/www.revistarambla.com\/la-vision-transformadora-de-manuel-ignacio-vejarano-restrepo-en-el-campo-de-la-oftalmologia\/"]}]},{"@type":"ImageObject","inLanguage":"en-GB","@id":"https:\/\/www.revistarambla.com\/la-vision-transformadora-de-manuel-ignacio-vejarano-restrepo-en-el-campo-de-la-oftalmologia\/#primaryimage","url":"https:\/\/www.revistarambla.com\/wp-content\/uploads\/2025\/07\/phpJHGIPM6874d847b7f56.jpg","contentUrl":"https:\/\/www.revistarambla.com\/wp-content\/uploads\/2025\/07\/phpJHGIPM6874d847b7f56.jpg","width":1024,"height":1280,"caption":"Manuel Ignacio Vejarano Restrepo"},{"@type":"BreadcrumbList","@id":"https:\/\/www.revistarambla.com\/la-vision-transformadora-de-manuel-ignacio-vejarano-restrepo-en-el-campo-de-la-oftalmologia\/#breadcrumb","itemListElement":[{"@type":"ListItem","position":1,"name":"Portada","item":"https:\/\/www.revistarambla.com\/"},{"@type":"ListItem","position":2,"name":"La visi\u00f3n transformadora de Manuel Ignacio Vejarano Restrepo en el campo de la oftalmolog\u00eda"}]},{"@type":"WebSite","@id":"https:\/\/www.revistarambla.com\/#website","url":"https:\/\/www.revistarambla.com\/","name":"Revista Rambla Barcelona","description":"Periodismo independiente","publisher":{"@id":"https:\/\/www.revistarambla.com\/#organization"},"potentialAction":[{"@type":"SearchAction","target":{"@type":"EntryPoint","urlTemplate":"https:\/\/www.revistarambla.com\/?s={search_term_string}"},"query-input":{"@type":"PropertyValueSpecification","valueRequired":true,"valueName":"search_term_string"}}],"inLanguage":"en-GB"},{"@type":"Organization","@id":"https:\/\/www.revistarambla.com\/#organization","name":"Revista Rambla","url":"https:\/\/www.revistarambla.com\/","logo":{"@type":"ImageObject","inLanguage":"en-GB","@id":"https:\/\/www.revistarambla.com\/#\/schema\/logo\/image\/","url":"https:\/\/www.revistarambla.com\/wp-content\/uploads\/2020\/09\/banner_rambla_1900x600_BB.png","contentUrl":"https:\/\/www.revistarambla.com\/wp-content\/uploads\/2020\/09\/banner_rambla_1900x600_BB.png","width":1900,"height":600,"caption":"Revista Rambla"},"image":{"@id":"https:\/\/www.revistarambla.com\/#\/schema\/logo\/image\/"},"sameAs":["https:\/\/www.facebook.com\/revistarambla\/","https:\/\/x.com\/revistarambla","https:\/\/www.instagram.com\/revista_rambla","https:\/\/es.linkedin.com\/company\/revista-rambla"]},{"@type":"Person","@id":"https:\/\/www.revistarambla.com\/#\/schema\/person\/a146a5a2550b94981a75131180e1bd9c","name":"R@mbla","description":"Este art\u00edculo ha sido redactado y\/o validado por el equipo de redacci\u00f3n de Revista Rambla.","sameAs":["https:\/\/www.revistarambla.com\/","https:\/\/www.facebook.com\/revistarambla","https:\/\/x.com\/revistarambla"]}]}},"_links":{"self":[{"href":"https:\/\/www.revistarambla.com\/en\/wp-json\/wp\/v2\/posts\/65729","targetHints":{"allow":["GET"]}}],"collection":[{"href":"https:\/\/www.revistarambla.com\/en\/wp-json\/wp\/v2\/posts"}],"about":[{"href":"https:\/\/www.revistarambla.com\/en\/wp-json\/wp\/v2\/types\/post"}],"author":[{"embeddable":true,"href":"https:\/\/www.revistarambla.com\/en\/wp-json\/wp\/v2\/users\/3"}],"replies":[{"embeddable":true,"href":"https:\/\/www.revistarambla.com\/en\/wp-json\/wp\/v2\/comments?post=65729"}],"version-history":[{"count":2,"href":"https:\/\/www.revistarambla.com\/en\/wp-json\/wp\/v2\/posts\/65729\/revisions"}],"predecessor-version":[{"id":65732,"href":"https:\/\/www.revistarambla.com\/en\/wp-json\/wp\/v2\/posts\/65729\/revisions\/65732"}],"wp:featuredmedia":[{"embeddable":true,"href":"https:\/\/www.revistarambla.com\/en\/wp-json\/wp\/v2\/media\/65730"}],"wp:attachment":[{"href":"https:\/\/www.revistarambla.com\/en\/wp-json\/wp\/v2\/media?parent=65729"}],"wp:term":[{"taxonomy":"category","embeddable":true,"href":"https:\/\/www.revistarambla.com\/en\/wp-json\/wp\/v2\/categories?post=65729"},{"taxonomy":"post_tag","embeddable":true,"href":"https:\/\/www.revistarambla.com\/en\/wp-json\/wp\/v2\/tags?post=65729"}],"curies":[{"name":"wp","href":"https:\/\/api.w.org\/{rel}","templated":true}]}}