{"id":65726,"date":"2025-07-13T20:14:10","date_gmt":"2025-07-13T18:14:10","guid":{"rendered":"https:\/\/www.revistarambla.com\/?p=65726"},"modified":"2025-07-13T20:14:10","modified_gmt":"2025-07-13T18:14:10","slug":"el-tenor-placido-domingo-protagoniza-una-gala-lirica-en-el-puerto-de-alicante","status":"publish","type":"post","link":"https:\/\/www.revistarambla.com\/en\/el-tenor-placido-domingo-protagoniza-una-gala-lirica-en-el-puerto-de-alicante\/","title":{"rendered":"El tenor Pl\u00e1cido Domingo protagoniza una gala l\u00edrica en el Puerto de Alicante"},"content":{"rendered":"<p>El pr\u00f3ximo <b>30 de julio<\/b>, el <b>Puerto de Alicante<\/b> acoger\u00e1 una Gala L\u00edrica de Zarzuela encabezada por el <a href=\"https:\/\/eldiariocantabria.publico.es\/articulo\/comunicados\/descubre-leyenda-maestro-opera-placido-domingo\/20250605181002177229.html\" target=\"_blank\" rel=\"nofollow noopener\"><b>tenor Pl\u00e1cido Domingo<\/b><\/a>, acompa\u00f1ado por Mar\u00eda Jos\u00e9 Siri y Antonio Gand\u00eda. Junto a la Orquesta Virtu\u00f3s del Mediterr\u00e1neo y bajo la batuta del maestro Borja Quintas, ofrecer\u00e1n una velada dedicada a uno de los g\u00e9neros m\u00e1s representativos de la m\u00fasica espa\u00f1ola. Un evento que combinar\u00e1 emoci\u00f3n, historia y una interpretaci\u00f3n de <b>alto nivel<\/b> en un espacio de <b>gran belleza<\/b>.<\/p>\n<p>Por primera vez, el <b>festival Noches M\u00e1gicas<\/b> se celebrar\u00e1 en el Puerto de Alicante, abriendo una nueva etapa en su trayectoria. Desde 2011, este ciclo ha convertido la Costa Blanca en un epicentro del <b>verano cultural<\/b>, acogiendo a artistas como Joan Manuel Serrat, Raphael o Ara Malikian. Su propuesta, que une m\u00fasica, gastronom\u00eda y paisaje, lo sit\u00faa como un referente de la <b>experiencia art\u00edstica al aire libre<\/b>.<\/p>\n<p>El repertorio de la gala incluir\u00e1 fragmentos de <i>Luisa Fernanda<\/i>, de Federico Moreno Torroba, pieza estrechamente ligada a la familia Domingo. La madre del tenor, Pepita Embil, interpret\u00f3 esta obra junto a su esposo, lo que convierte esta selecci\u00f3n en un homenaje a su historia. La conexi\u00f3n familiar da al espect\u00e1culo una profundidad especial, donde la <b>tradici\u00f3n esc\u00e9nica<\/b> se encuentra con la <b>emoci\u00f3n biogr\u00e1fica<\/b>.<\/p>\n<p>Tambi\u00e9n se interpretar\u00e1n piezas de compositores fundamentales como Ger\u00f3nimo Gim\u00e9nez, Jacinto Guerrero, Emilio Arrieta y Pablo Soroz\u00e1bal. Adem\u00e1s, se homenajear\u00e1 a Ruperto Chap\u00ed y Carlos Arniches, dos figuras esenciales para la zarzuela alicantina. El repertorio muestra la fuerza del <b>legado musical<\/b> y el peso de la zarzuela en el <b>patrimonio cultural espa\u00f1ol<\/b>.<\/p>\n<h2><b>Pl\u00e1cido Domingo: el origen de una vocaci\u00f3n art\u00edstica<\/b><\/h2>\n<p>Desde muy joven, <b>Pl\u00e1cido Domingo<\/b> vivi\u00f3 la zarzuela desde dentro, en la compa\u00f1\u00eda dirigida por sus padres en M\u00e9xico. Entre partituras y funciones, adquiri\u00f3 los valores que han marcado su carrera internacional. Cada actuaci\u00f3n en este g\u00e9nero es un viaje al pasado, un acto de gratitud hacia su entorno y una reafirmaci\u00f3n de su <b>identidad art\u00edstica<\/b> y su amor por la <b>m\u00fasica teatral<\/b>.<\/p>\n<h2><b>El rol del tenor Pl\u00e1cido Domingo en la zarzuela internacional<\/b><\/h2>\n<p>Reconocido en los principales escenarios del mundo, el <b>tenor Pl\u00e1cido Domingo<\/b> ha sido uno de los grandes impulsores de la zarzuela m\u00e1s all\u00e1 de nuestras fronteras. Gracias a su labor incansable, el g\u00e9nero ha logrado mantenerse vigente y accesible a p\u00fablicos diversos. Su participaci\u00f3n en esta gala refuerza su compromiso con la <b>difusi\u00f3n global<\/b> de la cultura espa\u00f1ola y con la <b>continuidad generacional<\/b> del g\u00e9nero.<\/p>\n<p>El Puerto de Alicante ser\u00e1 el marco ideal para esta velada \u00fanica. La fusi\u00f3n de talento art\u00edstico, repertorio seleccionado y entorno natural har\u00e1 de esta cita un evento que unir\u00e1 generaciones a trav\u00e9s del arte y la m\u00fasica, en una celebraci\u00f3n de la <b>zarzuela viva<\/b>.<\/p>\n<p>La gala est\u00e1 abierta a todos los que aman la <b>m\u00fasica en directo <\/b>y la emoci\u00f3n esc\u00e9nica. Con Pl\u00e1cido Domingo como figura central, la zarzuela sonar\u00e1 con fuerza en un entorno que realza su belleza. Una oportunidad para reencontrarse con una tradici\u00f3n que sigue vigente, tocando el coraz\u00f3n de los p\u00fablicos m\u00e1s exigentes por su <b>autenticidad y fuerza narrativa<\/b>.<\/p>","protected":false},"excerpt":{"rendered":"<p>El pr\u00f3ximo 30 de julio, el Puerto de Alicante acoger\u00e1 una Gala L\u00edrica de Zarzuela encabezada por el tenor Pl\u00e1cido Domingo, acompa\u00f1ado por Mar\u00eda Jos\u00e9 Siri y Antonio Gand\u00eda. Junto a la Orquesta Virtu\u00f3s del Mediterr\u00e1neo y bajo la batuta del maestro Borja Quintas, ofrecer\u00e1n una velada dedicada a uno [&hellip;]<\/p>\n","protected":false},"author":3,"featured_media":65727,"comment_status":"closed","ping_status":"closed","sticky":false,"template":"","format":"standard","meta":{"footnotes":""},"categories":[3790],"tags":[],"class_list":["post-65726","post","type-post","status-publish","format-standard","has-post-thumbnail","hentry","category-otras-noticias"],"yoast_head":"<!-- This site is optimized with the Yoast SEO plugin v27.5 - https:\/\/yoast.com\/product\/yoast-seo-wordpress\/ -->\n<title>El tenor Pl\u00e1cido Domingo protagoniza una gala l\u00edrica en el Puerto de Alicante - Revista Rambla<\/title>\n<meta name=\"robots\" content=\"index, follow, max-snippet:-1, max-image-preview:large, max-video-preview:-1\" \/>\n<link rel=\"canonical\" href=\"https:\/\/www.revistarambla.com\/en\/el-tenor-placido-domingo-protagoniza-una-gala-lirica-en-el-puerto-de-alicante\/\" \/>\n<meta property=\"og:locale\" content=\"en_GB\" \/>\n<meta property=\"og:type\" content=\"article\" \/>\n<meta property=\"og:title\" content=\"El tenor Pl\u00e1cido Domingo protagoniza una gala l\u00edrica en el Puerto de Alicante - Revista Rambla\" \/>\n<meta property=\"og:description\" content=\"El pr\u00f3ximo 30 de julio, el Puerto de Alicante acoger\u00e1 una Gala L\u00edrica de Zarzuela encabezada por el tenor Pl\u00e1cido Domingo, acompa\u00f1ado por Mar\u00eda Jos\u00e9 Siri y Antonio Gand\u00eda. Junto a la Orquesta Virtu\u00f3s del Mediterr\u00e1neo y bajo la batuta del maestro Borja Quintas, ofrecer\u00e1n una velada dedicada a uno [&hellip;]\" \/>\n<meta property=\"og:url\" content=\"https:\/\/www.revistarambla.com\/en\/el-tenor-placido-domingo-protagoniza-una-gala-lirica-en-el-puerto-de-alicante\/\" \/>\n<meta property=\"og:site_name\" content=\"Revista Rambla\" \/>\n<meta property=\"article:publisher\" content=\"https:\/\/www.facebook.com\/revistarambla\/\" \/>\n<meta property=\"article:author\" content=\"https:\/\/www.facebook.com\/revistarambla\" \/>\n<meta property=\"article:published_time\" content=\"2025-07-13T18:14:10+00:00\" \/>\n<meta property=\"og:image\" content=\"https:\/\/www.revistarambla.com\/wp-content\/uploads\/2025\/07\/phpBiIbEG687124a884223.jpg\" \/>\n\t<meta property=\"og:image:width\" content=\"1920\" \/>\n\t<meta property=\"og:image:height\" content=\"1280\" \/>\n\t<meta property=\"og:image:type\" content=\"image\/jpeg\" \/>\n<meta name=\"author\" content=\"R@mbla\" \/>\n<meta name=\"twitter:card\" content=\"summary_large_image\" \/>\n<meta name=\"twitter:creator\" content=\"@revistarambla\" \/>\n<meta name=\"twitter:site\" content=\"@revistarambla\" \/>\n<meta name=\"twitter:label1\" content=\"Written by\" \/>\n\t<meta name=\"twitter:data1\" content=\"R@mbla\" \/>\n\t<meta name=\"twitter:label2\" content=\"Estimated reading time\" \/>\n\t<meta name=\"twitter:data2\" content=\"3 minutes\" \/>\n<script type=\"application\/ld+json\" class=\"yoast-schema-graph\">{\"@context\":\"https:\\\/\\\/schema.org\",\"@graph\":[{\"@type\":\"Article\",\"@id\":\"https:\\\/\\\/www.revistarambla.com\\\/el-tenor-placido-domingo-protagoniza-una-gala-lirica-en-el-puerto-de-alicante\\\/#article\",\"isPartOf\":{\"@id\":\"https:\\\/\\\/www.revistarambla.com\\\/el-tenor-placido-domingo-protagoniza-una-gala-lirica-en-el-puerto-de-alicante\\\/\"},\"author\":{\"name\":\"R@mbla\",\"@id\":\"https:\\\/\\\/www.revistarambla.com\\\/#\\\/schema\\\/person\\\/a146a5a2550b94981a75131180e1bd9c\"},\"headline\":\"El tenor Pl\u00e1cido Domingo protagoniza una gala l\u00edrica en el Puerto de Alicante\",\"datePublished\":\"2025-07-13T18:14:10+00:00\",\"mainEntityOfPage\":{\"@id\":\"https:\\\/\\\/www.revistarambla.com\\\/el-tenor-placido-domingo-protagoniza-una-gala-lirica-en-el-puerto-de-alicante\\\/\"},\"wordCount\":590,\"publisher\":{\"@id\":\"https:\\\/\\\/www.revistarambla.com\\\/#organization\"},\"image\":{\"@id\":\"https:\\\/\\\/www.revistarambla.com\\\/el-tenor-placido-domingo-protagoniza-una-gala-lirica-en-el-puerto-de-alicante\\\/#primaryimage\"},\"thumbnailUrl\":\"https:\\\/\\\/www.revistarambla.com\\\/wp-content\\\/uploads\\\/2025\\\/07\\\/phpBiIbEG687124a884223.jpg\",\"articleSection\":[\"Otras Noticias\"],\"inLanguage\":\"en-GB\"},{\"@type\":\"WebPage\",\"@id\":\"https:\\\/\\\/www.revistarambla.com\\\/el-tenor-placido-domingo-protagoniza-una-gala-lirica-en-el-puerto-de-alicante\\\/\",\"url\":\"https:\\\/\\\/www.revistarambla.com\\\/el-tenor-placido-domingo-protagoniza-una-gala-lirica-en-el-puerto-de-alicante\\\/\",\"name\":\"El tenor Pl\u00e1cido Domingo protagoniza una gala l\u00edrica en el Puerto de Alicante - Revista Rambla\",\"isPartOf\":{\"@id\":\"https:\\\/\\\/www.revistarambla.com\\\/#website\"},\"primaryImageOfPage\":{\"@id\":\"https:\\\/\\\/www.revistarambla.com\\\/el-tenor-placido-domingo-protagoniza-una-gala-lirica-en-el-puerto-de-alicante\\\/#primaryimage\"},\"image\":{\"@id\":\"https:\\\/\\\/www.revistarambla.com\\\/el-tenor-placido-domingo-protagoniza-una-gala-lirica-en-el-puerto-de-alicante\\\/#primaryimage\"},\"thumbnailUrl\":\"https:\\\/\\\/www.revistarambla.com\\\/wp-content\\\/uploads\\\/2025\\\/07\\\/phpBiIbEG687124a884223.jpg\",\"datePublished\":\"2025-07-13T18:14:10+00:00\",\"breadcrumb\":{\"@id\":\"https:\\\/\\\/www.revistarambla.com\\\/el-tenor-placido-domingo-protagoniza-una-gala-lirica-en-el-puerto-de-alicante\\\/#breadcrumb\"},\"inLanguage\":\"en-GB\",\"potentialAction\":[{\"@type\":\"ReadAction\",\"target\":[\"https:\\\/\\\/www.revistarambla.com\\\/el-tenor-placido-domingo-protagoniza-una-gala-lirica-en-el-puerto-de-alicante\\\/\"]}]},{\"@type\":\"ImageObject\",\"inLanguage\":\"en-GB\",\"@id\":\"https:\\\/\\\/www.revistarambla.com\\\/el-tenor-placido-domingo-protagoniza-una-gala-lirica-en-el-puerto-de-alicante\\\/#primaryimage\",\"url\":\"https:\\\/\\\/www.revistarambla.com\\\/wp-content\\\/uploads\\\/2025\\\/07\\\/phpBiIbEG687124a884223.jpg\",\"contentUrl\":\"https:\\\/\\\/www.revistarambla.com\\\/wp-content\\\/uploads\\\/2025\\\/07\\\/phpBiIbEG687124a884223.jpg\",\"width\":1920,\"height\":1280,\"caption\":\"Puerto de Alicante\"},{\"@type\":\"BreadcrumbList\",\"@id\":\"https:\\\/\\\/www.revistarambla.com\\\/el-tenor-placido-domingo-protagoniza-una-gala-lirica-en-el-puerto-de-alicante\\\/#breadcrumb\",\"itemListElement\":[{\"@type\":\"ListItem\",\"position\":1,\"name\":\"Portada\",\"item\":\"https:\\\/\\\/www.revistarambla.com\\\/\"},{\"@type\":\"ListItem\",\"position\":2,\"name\":\"El tenor Pl\u00e1cido Domingo protagoniza una gala l\u00edrica en el Puerto de Alicante\"}]},{\"@type\":\"WebSite\",\"@id\":\"https:\\\/\\\/www.revistarambla.com\\\/#website\",\"url\":\"https:\\\/\\\/www.revistarambla.com\\\/\",\"name\":\"Revista Rambla Barcelona\",\"description\":\"Periodismo independiente\",\"publisher\":{\"@id\":\"https:\\\/\\\/www.revistarambla.com\\\/#organization\"},\"potentialAction\":[{\"@type\":\"SearchAction\",\"target\":{\"@type\":\"EntryPoint\",\"urlTemplate\":\"https:\\\/\\\/www.revistarambla.com\\\/?s={search_term_string}\"},\"query-input\":{\"@type\":\"PropertyValueSpecification\",\"valueRequired\":true,\"valueName\":\"search_term_string\"}}],\"inLanguage\":\"en-GB\"},{\"@type\":\"Organization\",\"@id\":\"https:\\\/\\\/www.revistarambla.com\\\/#organization\",\"name\":\"Revista Rambla\",\"url\":\"https:\\\/\\\/www.revistarambla.com\\\/\",\"logo\":{\"@type\":\"ImageObject\",\"inLanguage\":\"en-GB\",\"@id\":\"https:\\\/\\\/www.revistarambla.com\\\/#\\\/schema\\\/logo\\\/image\\\/\",\"url\":\"https:\\\/\\\/www.revistarambla.com\\\/wp-content\\\/uploads\\\/2020\\\/09\\\/banner_rambla_1900x600_BB.png\",\"contentUrl\":\"https:\\\/\\\/www.revistarambla.com\\\/wp-content\\\/uploads\\\/2020\\\/09\\\/banner_rambla_1900x600_BB.png\",\"width\":1900,\"height\":600,\"caption\":\"Revista Rambla\"},\"image\":{\"@id\":\"https:\\\/\\\/www.revistarambla.com\\\/#\\\/schema\\\/logo\\\/image\\\/\"},\"sameAs\":[\"https:\\\/\\\/www.facebook.com\\\/revistarambla\\\/\",\"https:\\\/\\\/x.com\\\/revistarambla\",\"https:\\\/\\\/www.instagram.com\\\/revista_rambla\",\"https:\\\/\\\/es.linkedin.com\\\/company\\\/revista-rambla\"]},{\"@type\":\"Person\",\"@id\":\"https:\\\/\\\/www.revistarambla.com\\\/#\\\/schema\\\/person\\\/a146a5a2550b94981a75131180e1bd9c\",\"name\":\"R@mbla\",\"description\":\"Este art\u00edculo ha sido redactado y\\\/o validado por el equipo de redacci\u00f3n de Revista Rambla.\",\"sameAs\":[\"https:\\\/\\\/www.revistarambla.com\\\/\",\"https:\\\/\\\/www.facebook.com\\\/revistarambla\",\"https:\\\/\\\/x.com\\\/revistarambla\"]}]}<\/script>\n<!-- \/ Yoast SEO plugin. -->","yoast_head_json":{"title":"El tenor Pl\u00e1cido Domingo protagoniza una gala l\u00edrica en el Puerto de Alicante - Revista Rambla","robots":{"index":"index","follow":"follow","max-snippet":"max-snippet:-1","max-image-preview":"max-image-preview:large","max-video-preview":"max-video-preview:-1"},"canonical":"https:\/\/www.revistarambla.com\/en\/el-tenor-placido-domingo-protagoniza-una-gala-lirica-en-el-puerto-de-alicante\/","og_locale":"en_GB","og_type":"article","og_title":"El tenor Pl\u00e1cido Domingo protagoniza una gala l\u00edrica en el Puerto de Alicante - Revista Rambla","og_description":"El pr\u00f3ximo 30 de julio, el Puerto de Alicante acoger\u00e1 una Gala L\u00edrica de Zarzuela encabezada por el tenor Pl\u00e1cido Domingo, acompa\u00f1ado por Mar\u00eda Jos\u00e9 Siri y Antonio Gand\u00eda. Junto a la Orquesta Virtu\u00f3s del Mediterr\u00e1neo y bajo la batuta del maestro Borja Quintas, ofrecer\u00e1n una velada dedicada a uno [&hellip;]","og_url":"https:\/\/www.revistarambla.com\/en\/el-tenor-placido-domingo-protagoniza-una-gala-lirica-en-el-puerto-de-alicante\/","og_site_name":"Revista Rambla","article_publisher":"https:\/\/www.facebook.com\/revistarambla\/","article_author":"https:\/\/www.facebook.com\/revistarambla","article_published_time":"2025-07-13T18:14:10+00:00","og_image":[{"width":1920,"height":1280,"url":"https:\/\/www.revistarambla.com\/wp-content\/uploads\/2025\/07\/phpBiIbEG687124a884223.jpg","type":"image\/jpeg"}],"author":"R@mbla","twitter_card":"summary_large_image","twitter_creator":"@revistarambla","twitter_site":"@revistarambla","twitter_misc":{"Written by":"R@mbla","Estimated reading time":"3 minutes"},"schema":{"@context":"https:\/\/schema.org","@graph":[{"@type":"Article","@id":"https:\/\/www.revistarambla.com\/el-tenor-placido-domingo-protagoniza-una-gala-lirica-en-el-puerto-de-alicante\/#article","isPartOf":{"@id":"https:\/\/www.revistarambla.com\/el-tenor-placido-domingo-protagoniza-una-gala-lirica-en-el-puerto-de-alicante\/"},"author":{"name":"R@mbla","@id":"https:\/\/www.revistarambla.com\/#\/schema\/person\/a146a5a2550b94981a75131180e1bd9c"},"headline":"El tenor Pl\u00e1cido Domingo protagoniza una gala l\u00edrica en el Puerto de Alicante","datePublished":"2025-07-13T18:14:10+00:00","mainEntityOfPage":{"@id":"https:\/\/www.revistarambla.com\/el-tenor-placido-domingo-protagoniza-una-gala-lirica-en-el-puerto-de-alicante\/"},"wordCount":590,"publisher":{"@id":"https:\/\/www.revistarambla.com\/#organization"},"image":{"@id":"https:\/\/www.revistarambla.com\/el-tenor-placido-domingo-protagoniza-una-gala-lirica-en-el-puerto-de-alicante\/#primaryimage"},"thumbnailUrl":"https:\/\/www.revistarambla.com\/wp-content\/uploads\/2025\/07\/phpBiIbEG687124a884223.jpg","articleSection":["Otras Noticias"],"inLanguage":"en-GB"},{"@type":"WebPage","@id":"https:\/\/www.revistarambla.com\/el-tenor-placido-domingo-protagoniza-una-gala-lirica-en-el-puerto-de-alicante\/","url":"https:\/\/www.revistarambla.com\/el-tenor-placido-domingo-protagoniza-una-gala-lirica-en-el-puerto-de-alicante\/","name":"El tenor Pl\u00e1cido Domingo protagoniza una gala l\u00edrica en el Puerto de Alicante - Revista Rambla","isPartOf":{"@id":"https:\/\/www.revistarambla.com\/#website"},"primaryImageOfPage":{"@id":"https:\/\/www.revistarambla.com\/el-tenor-placido-domingo-protagoniza-una-gala-lirica-en-el-puerto-de-alicante\/#primaryimage"},"image":{"@id":"https:\/\/www.revistarambla.com\/el-tenor-placido-domingo-protagoniza-una-gala-lirica-en-el-puerto-de-alicante\/#primaryimage"},"thumbnailUrl":"https:\/\/www.revistarambla.com\/wp-content\/uploads\/2025\/07\/phpBiIbEG687124a884223.jpg","datePublished":"2025-07-13T18:14:10+00:00","breadcrumb":{"@id":"https:\/\/www.revistarambla.com\/el-tenor-placido-domingo-protagoniza-una-gala-lirica-en-el-puerto-de-alicante\/#breadcrumb"},"inLanguage":"en-GB","potentialAction":[{"@type":"ReadAction","target":["https:\/\/www.revistarambla.com\/el-tenor-placido-domingo-protagoniza-una-gala-lirica-en-el-puerto-de-alicante\/"]}]},{"@type":"ImageObject","inLanguage":"en-GB","@id":"https:\/\/www.revistarambla.com\/el-tenor-placido-domingo-protagoniza-una-gala-lirica-en-el-puerto-de-alicante\/#primaryimage","url":"https:\/\/www.revistarambla.com\/wp-content\/uploads\/2025\/07\/phpBiIbEG687124a884223.jpg","contentUrl":"https:\/\/www.revistarambla.com\/wp-content\/uploads\/2025\/07\/phpBiIbEG687124a884223.jpg","width":1920,"height":1280,"caption":"Puerto de Alicante"},{"@type":"BreadcrumbList","@id":"https:\/\/www.revistarambla.com\/el-tenor-placido-domingo-protagoniza-una-gala-lirica-en-el-puerto-de-alicante\/#breadcrumb","itemListElement":[{"@type":"ListItem","position":1,"name":"Portada","item":"https:\/\/www.revistarambla.com\/"},{"@type":"ListItem","position":2,"name":"El tenor Pl\u00e1cido Domingo protagoniza una gala l\u00edrica en el Puerto de Alicante"}]},{"@type":"WebSite","@id":"https:\/\/www.revistarambla.com\/#website","url":"https:\/\/www.revistarambla.com\/","name":"Revista Rambla Barcelona","description":"Periodismo independiente","publisher":{"@id":"https:\/\/www.revistarambla.com\/#organization"},"potentialAction":[{"@type":"SearchAction","target":{"@type":"EntryPoint","urlTemplate":"https:\/\/www.revistarambla.com\/?s={search_term_string}"},"query-input":{"@type":"PropertyValueSpecification","valueRequired":true,"valueName":"search_term_string"}}],"inLanguage":"en-GB"},{"@type":"Organization","@id":"https:\/\/www.revistarambla.com\/#organization","name":"Revista Rambla","url":"https:\/\/www.revistarambla.com\/","logo":{"@type":"ImageObject","inLanguage":"en-GB","@id":"https:\/\/www.revistarambla.com\/#\/schema\/logo\/image\/","url":"https:\/\/www.revistarambla.com\/wp-content\/uploads\/2020\/09\/banner_rambla_1900x600_BB.png","contentUrl":"https:\/\/www.revistarambla.com\/wp-content\/uploads\/2020\/09\/banner_rambla_1900x600_BB.png","width":1900,"height":600,"caption":"Revista Rambla"},"image":{"@id":"https:\/\/www.revistarambla.com\/#\/schema\/logo\/image\/"},"sameAs":["https:\/\/www.facebook.com\/revistarambla\/","https:\/\/x.com\/revistarambla","https:\/\/www.instagram.com\/revista_rambla","https:\/\/es.linkedin.com\/company\/revista-rambla"]},{"@type":"Person","@id":"https:\/\/www.revistarambla.com\/#\/schema\/person\/a146a5a2550b94981a75131180e1bd9c","name":"R@mbla","description":"Este art\u00edculo ha sido redactado y\/o validado por el equipo de redacci\u00f3n de Revista Rambla.","sameAs":["https:\/\/www.revistarambla.com\/","https:\/\/www.facebook.com\/revistarambla","https:\/\/x.com\/revistarambla"]}]}},"_links":{"self":[{"href":"https:\/\/www.revistarambla.com\/en\/wp-json\/wp\/v2\/posts\/65726","targetHints":{"allow":["GET"]}}],"collection":[{"href":"https:\/\/www.revistarambla.com\/en\/wp-json\/wp\/v2\/posts"}],"about":[{"href":"https:\/\/www.revistarambla.com\/en\/wp-json\/wp\/v2\/types\/post"}],"author":[{"embeddable":true,"href":"https:\/\/www.revistarambla.com\/en\/wp-json\/wp\/v2\/users\/3"}],"replies":[{"embeddable":true,"href":"https:\/\/www.revistarambla.com\/en\/wp-json\/wp\/v2\/comments?post=65726"}],"version-history":[{"count":1,"href":"https:\/\/www.revistarambla.com\/en\/wp-json\/wp\/v2\/posts\/65726\/revisions"}],"predecessor-version":[{"id":65728,"href":"https:\/\/www.revistarambla.com\/en\/wp-json\/wp\/v2\/posts\/65726\/revisions\/65728"}],"wp:featuredmedia":[{"embeddable":true,"href":"https:\/\/www.revistarambla.com\/en\/wp-json\/wp\/v2\/media\/65727"}],"wp:attachment":[{"href":"https:\/\/www.revistarambla.com\/en\/wp-json\/wp\/v2\/media?parent=65726"}],"wp:term":[{"taxonomy":"category","embeddable":true,"href":"https:\/\/www.revistarambla.com\/en\/wp-json\/wp\/v2\/categories?post=65726"},{"taxonomy":"post_tag","embeddable":true,"href":"https:\/\/www.revistarambla.com\/en\/wp-json\/wp\/v2\/tags?post=65726"}],"curies":[{"name":"wp","href":"https:\/\/api.w.org\/{rel}","templated":true}]}}