{"id":65721,"date":"2025-07-13T14:01:12","date_gmt":"2025-07-13T12:01:12","guid":{"rendered":"https:\/\/www.revistarambla.com\/?p=65721"},"modified":"2025-07-13T14:01:12","modified_gmt":"2025-07-13T12:01:12","slug":"la-realidad-del-complemento-a-las-pensiones-de-pensionistas-con-largas-carreras-de-cotizacion","status":"publish","type":"post","link":"https:\/\/www.revistarambla.com\/en\/la-realidad-del-complemento-a-las-pensiones-de-pensionistas-con-largas-carreras-de-cotizacion\/","title":{"rendered":"La realidad del Complemento a las pensiones de pensionistas con largas carreras de cotizaci\u00f3n"},"content":{"rendered":"<p>En la \u00faltima reuni\u00f3n de la Comisi\u00f3n de Seguridad Social, el Secretario de Estado, Borja Su\u00e1rez, ante las preguntas de varios grupos parlamentarios, anunci\u00f3 que se reunir\u00e1 el 30 de este mes de julio con representantes de la Asociaci\u00f3n de Pensionistas ASJUBI40 para tratar el tema de los coeficientes reductores que penalizan la jubilaci\u00f3n anticipada en personas con largas carreras de cotizaci\u00f3n. En principio, esa reuni\u00f3n parece una buena noticia para el colectivo afectado. Sin embargo, destacar que Borja Su\u00e1rez se apresur\u00f3 a \u00abrecordar que este tema ya se trat\u00f3 de resolver en la Reforma 2021\u00bb, mediante la aplicaci\u00f3n de unos complementos a la pensi\u00f3n, aunque afirm\u00f3 que \u00abpuede que no fuera la soluci\u00f3n \u00f3ptima\u00bb.<\/p>\n<p>Vamos a ver la realidad del citado \u00abComplemento\u00bb:<\/p>\n<p>La Reforma 2021 presentada por Jos\u00e9 Luis Escriv\u00e1, limitaba mucho el acceso a esos complementos ya que exig\u00eda m\u00e1s de 44 a\u00f1os y 6 meses cotizados, que la pensi\u00f3n fuera menor a 900 euros y que los coeficientes reductores aplicados fueran mayores a los de la nueva ley 2021. Esos requisitos tan exigentes hicieron que de un colectivo afectado de aproximadamente 900.000 pensionistas solo se aplicaran a 99.000. Es decir, poco m\u00e1s del 10%. Pero si lo analizamos a nivel del importe la situaci\u00f3n es todav\u00eda peor. El importe del primer mes (marzo 2022) fue de 2,8 millones de euros. Esto representa un complemento medio de 28 euros (brutos). Comparando con el importe de los coeficientes reductores de todo el colectivo (estimado por Escriv\u00e1), que ascend\u00eda a 2.745 MEUR anuales, esto representa menos del 1,5%.<\/p>\n<p>En definitiva, la reforma 2021 ha supuesto que<\/p>\n<p>1-El 90% de los afectados NO tiene complemento alguno.<br \/>\n2-El importe medio del complemento (que solo percibe el 10% de los afectados) es de 28 euros brutos<br \/>\n2-El complemento aplicado hace que en realidad el 98,5% del importe de los coeficientes reductores del colectivo total no se haya reparado.<\/p>\n<p>Como podemos comprobar por los datos anteriores, lo que el Secretario de Estado cataloga como \u00absoluci\u00f3n que puede no fuera la \u00f3ptima\u00bb supone en realidad una burla a la inteligencia.<\/p>\n<p>Por favor, se\u00f1or Secretario, al menos no nos traten de idiotas.<\/p>","protected":false},"excerpt":{"rendered":"<p>En la \u00faltima reuni\u00f3n de la Comisi\u00f3n de Seguridad Social, el Secretario de Estado, Borja Su\u00e1rez, ante las preguntas de varios grupos parlamentarios, anunci\u00f3 que se reunir\u00e1 el 30 de este mes de julio con representantes de la Asociaci\u00f3n de Pensionistas ASJUBI40 para tratar el tema de los coeficientes reductores [&hellip;]<\/p>\n","protected":false},"author":15,"featured_media":15243,"comment_status":"closed","ping_status":"closed","sticky":false,"template":"","format":"standard","meta":{"footnotes":""},"categories":[4079],"tags":[],"class_list":["post-65721","post","type-post","status-publish","format-standard","has-post-thumbnail","hentry","category-tribuna-libre"],"yoast_head":"<!-- This site is optimized with the Yoast SEO plugin v27.5 - https:\/\/yoast.com\/product\/yoast-seo-wordpress\/ -->\n<title>La realidad del Complemento a las pensiones de pensionistas con largas carreras de cotizaci\u00f3n - Revista Rambla<\/title>\n<meta name=\"robots\" content=\"index, follow, max-snippet:-1, max-image-preview:large, max-video-preview:-1\" \/>\n<link rel=\"canonical\" href=\"https:\/\/www.revistarambla.com\/en\/la-realidad-del-complemento-a-las-pensiones-de-pensionistas-con-largas-carreras-de-cotizacion\/\" \/>\n<meta property=\"og:locale\" content=\"en_GB\" \/>\n<meta property=\"og:type\" content=\"article\" \/>\n<meta property=\"og:title\" content=\"La realidad del Complemento a las pensiones de pensionistas con largas carreras de cotizaci\u00f3n - Revista Rambla\" \/>\n<meta property=\"og:description\" content=\"En la \u00faltima reuni\u00f3n de la Comisi\u00f3n de Seguridad Social, el Secretario de Estado, Borja Su\u00e1rez, ante las preguntas de varios grupos parlamentarios, anunci\u00f3 que se reunir\u00e1 el 30 de este mes de julio con representantes de la Asociaci\u00f3n de Pensionistas ASJUBI40 para tratar el tema de los coeficientes reductores [&hellip;]\" \/>\n<meta property=\"og:url\" content=\"https:\/\/www.revistarambla.com\/en\/la-realidad-del-complemento-a-las-pensiones-de-pensionistas-con-largas-carreras-de-cotizacion\/\" \/>\n<meta property=\"og:site_name\" content=\"Revista Rambla\" \/>\n<meta property=\"article:publisher\" content=\"https:\/\/www.facebook.com\/revistarambla\/\" \/>\n<meta property=\"article:published_time\" content=\"2025-07-13T12:01:12+00:00\" \/>\n<meta property=\"og:image\" content=\"https:\/\/www.revistarambla.com\/wp-content\/uploads\/2018\/03\/R@MBLA-JUBILADOS-08.jpg\" \/>\n\t<meta property=\"og:image:width\" content=\"950\" \/>\n\t<meta property=\"og:image:height\" content=\"670\" \/>\n\t<meta property=\"og:image:type\" content=\"image\/jpeg\" \/>\n<meta name=\"author\" content=\"Luis Ortiga Gim\u00e9nez\" \/>\n<meta name=\"twitter:card\" content=\"summary_large_image\" \/>\n<meta name=\"twitter:creator\" content=\"@revistarambla\" \/>\n<meta name=\"twitter:site\" content=\"@revistarambla\" \/>\n<meta name=\"twitter:label1\" content=\"Written by\" \/>\n\t<meta name=\"twitter:data1\" content=\"Luis Ortiga Gim\u00e9nez\" \/>\n\t<meta name=\"twitter:label2\" content=\"Estimated reading time\" \/>\n\t<meta name=\"twitter:data2\" content=\"2 minutes\" \/>\n<script type=\"application\/ld+json\" class=\"yoast-schema-graph\">{\"@context\":\"https:\\\/\\\/schema.org\",\"@graph\":[{\"@type\":\"Article\",\"@id\":\"https:\\\/\\\/www.revistarambla.com\\\/la-realidad-del-complemento-a-las-pensiones-de-pensionistas-con-largas-carreras-de-cotizacion\\\/#article\",\"isPartOf\":{\"@id\":\"https:\\\/\\\/www.revistarambla.com\\\/la-realidad-del-complemento-a-las-pensiones-de-pensionistas-con-largas-carreras-de-cotizacion\\\/\"},\"author\":{\"name\":\"Luis Ortiga Gim\u00e9nez\",\"@id\":\"https:\\\/\\\/www.revistarambla.com\\\/#\\\/schema\\\/person\\\/2b19179a8ace334b829ad72cc6e6ce97\"},\"headline\":\"La realidad del Complemento a las pensiones de pensionistas con largas carreras de cotizaci\u00f3n\",\"datePublished\":\"2025-07-13T12:01:12+00:00\",\"mainEntityOfPage\":{\"@id\":\"https:\\\/\\\/www.revistarambla.com\\\/la-realidad-del-complemento-a-las-pensiones-de-pensionistas-con-largas-carreras-de-cotizacion\\\/\"},\"wordCount\":372,\"publisher\":{\"@id\":\"https:\\\/\\\/www.revistarambla.com\\\/#organization\"},\"image\":{\"@id\":\"https:\\\/\\\/www.revistarambla.com\\\/la-realidad-del-complemento-a-las-pensiones-de-pensionistas-con-largas-carreras-de-cotizacion\\\/#primaryimage\"},\"thumbnailUrl\":\"https:\\\/\\\/www.revistarambla.com\\\/wp-content\\\/uploads\\\/2018\\\/03\\\/R@MBLA-JUBILADOS-08.jpg\",\"articleSection\":[\"Tribuna Libre\"],\"inLanguage\":\"en-GB\"},{\"@type\":\"WebPage\",\"@id\":\"https:\\\/\\\/www.revistarambla.com\\\/la-realidad-del-complemento-a-las-pensiones-de-pensionistas-con-largas-carreras-de-cotizacion\\\/\",\"url\":\"https:\\\/\\\/www.revistarambla.com\\\/la-realidad-del-complemento-a-las-pensiones-de-pensionistas-con-largas-carreras-de-cotizacion\\\/\",\"name\":\"La realidad del Complemento a las pensiones de pensionistas con largas carreras de cotizaci\u00f3n - Revista Rambla\",\"isPartOf\":{\"@id\":\"https:\\\/\\\/www.revistarambla.com\\\/#website\"},\"primaryImageOfPage\":{\"@id\":\"https:\\\/\\\/www.revistarambla.com\\\/la-realidad-del-complemento-a-las-pensiones-de-pensionistas-con-largas-carreras-de-cotizacion\\\/#primaryimage\"},\"image\":{\"@id\":\"https:\\\/\\\/www.revistarambla.com\\\/la-realidad-del-complemento-a-las-pensiones-de-pensionistas-con-largas-carreras-de-cotizacion\\\/#primaryimage\"},\"thumbnailUrl\":\"https:\\\/\\\/www.revistarambla.com\\\/wp-content\\\/uploads\\\/2018\\\/03\\\/R@MBLA-JUBILADOS-08.jpg\",\"datePublished\":\"2025-07-13T12:01:12+00:00\",\"breadcrumb\":{\"@id\":\"https:\\\/\\\/www.revistarambla.com\\\/la-realidad-del-complemento-a-las-pensiones-de-pensionistas-con-largas-carreras-de-cotizacion\\\/#breadcrumb\"},\"inLanguage\":\"en-GB\",\"potentialAction\":[{\"@type\":\"ReadAction\",\"target\":[\"https:\\\/\\\/www.revistarambla.com\\\/la-realidad-del-complemento-a-las-pensiones-de-pensionistas-con-largas-carreras-de-cotizacion\\\/\"]}]},{\"@type\":\"ImageObject\",\"inLanguage\":\"en-GB\",\"@id\":\"https:\\\/\\\/www.revistarambla.com\\\/la-realidad-del-complemento-a-las-pensiones-de-pensionistas-con-largas-carreras-de-cotizacion\\\/#primaryimage\",\"url\":\"https:\\\/\\\/www.revistarambla.com\\\/wp-content\\\/uploads\\\/2018\\\/03\\\/R@MBLA-JUBILADOS-08.jpg\",\"contentUrl\":\"https:\\\/\\\/www.revistarambla.com\\\/wp-content\\\/uploads\\\/2018\\\/03\\\/R@MBLA-JUBILADOS-08.jpg\",\"width\":950,\"height\":670,\"caption\":\"Complemento a las pensiones\"},{\"@type\":\"BreadcrumbList\",\"@id\":\"https:\\\/\\\/www.revistarambla.com\\\/la-realidad-del-complemento-a-las-pensiones-de-pensionistas-con-largas-carreras-de-cotizacion\\\/#breadcrumb\",\"itemListElement\":[{\"@type\":\"ListItem\",\"position\":1,\"name\":\"Portada\",\"item\":\"https:\\\/\\\/www.revistarambla.com\\\/\"},{\"@type\":\"ListItem\",\"position\":2,\"name\":\"La realidad del Complemento a las pensiones de pensionistas con largas carreras de cotizaci\u00f3n\"}]},{\"@type\":\"WebSite\",\"@id\":\"https:\\\/\\\/www.revistarambla.com\\\/#website\",\"url\":\"https:\\\/\\\/www.revistarambla.com\\\/\",\"name\":\"Revista Rambla Barcelona\",\"description\":\"Periodismo independiente\",\"publisher\":{\"@id\":\"https:\\\/\\\/www.revistarambla.com\\\/#organization\"},\"potentialAction\":[{\"@type\":\"SearchAction\",\"target\":{\"@type\":\"EntryPoint\",\"urlTemplate\":\"https:\\\/\\\/www.revistarambla.com\\\/?s={search_term_string}\"},\"query-input\":{\"@type\":\"PropertyValueSpecification\",\"valueRequired\":true,\"valueName\":\"search_term_string\"}}],\"inLanguage\":\"en-GB\"},{\"@type\":\"Organization\",\"@id\":\"https:\\\/\\\/www.revistarambla.com\\\/#organization\",\"name\":\"Revista Rambla\",\"url\":\"https:\\\/\\\/www.revistarambla.com\\\/\",\"logo\":{\"@type\":\"ImageObject\",\"inLanguage\":\"en-GB\",\"@id\":\"https:\\\/\\\/www.revistarambla.com\\\/#\\\/schema\\\/logo\\\/image\\\/\",\"url\":\"https:\\\/\\\/www.revistarambla.com\\\/wp-content\\\/uploads\\\/2020\\\/09\\\/banner_rambla_1900x600_BB.png\",\"contentUrl\":\"https:\\\/\\\/www.revistarambla.com\\\/wp-content\\\/uploads\\\/2020\\\/09\\\/banner_rambla_1900x600_BB.png\",\"width\":1900,\"height\":600,\"caption\":\"Revista Rambla\"},\"image\":{\"@id\":\"https:\\\/\\\/www.revistarambla.com\\\/#\\\/schema\\\/logo\\\/image\\\/\"},\"sameAs\":[\"https:\\\/\\\/www.facebook.com\\\/revistarambla\\\/\",\"https:\\\/\\\/x.com\\\/revistarambla\",\"https:\\\/\\\/www.instagram.com\\\/revista_rambla\",\"https:\\\/\\\/es.linkedin.com\\\/company\\\/revista-rambla\"]},{\"@type\":\"Person\",\"@id\":\"https:\\\/\\\/www.revistarambla.com\\\/#\\\/schema\\\/person\\\/2b19179a8ace334b829ad72cc6e6ce97\",\"name\":\"Luis Ortiga Gim\u00e9nez\"}]}<\/script>\n<!-- \/ Yoast SEO plugin. -->","yoast_head_json":{"title":"La realidad del Complemento a las pensiones de pensionistas con largas carreras de cotizaci\u00f3n - Revista Rambla","robots":{"index":"index","follow":"follow","max-snippet":"max-snippet:-1","max-image-preview":"max-image-preview:large","max-video-preview":"max-video-preview:-1"},"canonical":"https:\/\/www.revistarambla.com\/en\/la-realidad-del-complemento-a-las-pensiones-de-pensionistas-con-largas-carreras-de-cotizacion\/","og_locale":"en_GB","og_type":"article","og_title":"La realidad del Complemento a las pensiones de pensionistas con largas carreras de cotizaci\u00f3n - Revista Rambla","og_description":"En la \u00faltima reuni\u00f3n de la Comisi\u00f3n de Seguridad Social, el Secretario de Estado, Borja Su\u00e1rez, ante las preguntas de varios grupos parlamentarios, anunci\u00f3 que se reunir\u00e1 el 30 de este mes de julio con representantes de la Asociaci\u00f3n de Pensionistas ASJUBI40 para tratar el tema de los coeficientes reductores [&hellip;]","og_url":"https:\/\/www.revistarambla.com\/en\/la-realidad-del-complemento-a-las-pensiones-de-pensionistas-con-largas-carreras-de-cotizacion\/","og_site_name":"Revista Rambla","article_publisher":"https:\/\/www.facebook.com\/revistarambla\/","article_published_time":"2025-07-13T12:01:12+00:00","og_image":[{"width":950,"height":670,"url":"https:\/\/www.revistarambla.com\/wp-content\/uploads\/2018\/03\/R@MBLA-JUBILADOS-08.jpg","type":"image\/jpeg"}],"author":"Luis Ortiga Gim\u00e9nez","twitter_card":"summary_large_image","twitter_creator":"@revistarambla","twitter_site":"@revistarambla","twitter_misc":{"Written by":"Luis Ortiga Gim\u00e9nez","Estimated reading time":"2 minutes"},"schema":{"@context":"https:\/\/schema.org","@graph":[{"@type":"Article","@id":"https:\/\/www.revistarambla.com\/la-realidad-del-complemento-a-las-pensiones-de-pensionistas-con-largas-carreras-de-cotizacion\/#article","isPartOf":{"@id":"https:\/\/www.revistarambla.com\/la-realidad-del-complemento-a-las-pensiones-de-pensionistas-con-largas-carreras-de-cotizacion\/"},"author":{"name":"Luis Ortiga Gim\u00e9nez","@id":"https:\/\/www.revistarambla.com\/#\/schema\/person\/2b19179a8ace334b829ad72cc6e6ce97"},"headline":"La realidad del Complemento a las pensiones de pensionistas con largas carreras de cotizaci\u00f3n","datePublished":"2025-07-13T12:01:12+00:00","mainEntityOfPage":{"@id":"https:\/\/www.revistarambla.com\/la-realidad-del-complemento-a-las-pensiones-de-pensionistas-con-largas-carreras-de-cotizacion\/"},"wordCount":372,"publisher":{"@id":"https:\/\/www.revistarambla.com\/#organization"},"image":{"@id":"https:\/\/www.revistarambla.com\/la-realidad-del-complemento-a-las-pensiones-de-pensionistas-con-largas-carreras-de-cotizacion\/#primaryimage"},"thumbnailUrl":"https:\/\/www.revistarambla.com\/wp-content\/uploads\/2018\/03\/R@MBLA-JUBILADOS-08.jpg","articleSection":["Tribuna Libre"],"inLanguage":"en-GB"},{"@type":"WebPage","@id":"https:\/\/www.revistarambla.com\/la-realidad-del-complemento-a-las-pensiones-de-pensionistas-con-largas-carreras-de-cotizacion\/","url":"https:\/\/www.revistarambla.com\/la-realidad-del-complemento-a-las-pensiones-de-pensionistas-con-largas-carreras-de-cotizacion\/","name":"La realidad del Complemento a las pensiones de pensionistas con largas carreras de cotizaci\u00f3n - Revista Rambla","isPartOf":{"@id":"https:\/\/www.revistarambla.com\/#website"},"primaryImageOfPage":{"@id":"https:\/\/www.revistarambla.com\/la-realidad-del-complemento-a-las-pensiones-de-pensionistas-con-largas-carreras-de-cotizacion\/#primaryimage"},"image":{"@id":"https:\/\/www.revistarambla.com\/la-realidad-del-complemento-a-las-pensiones-de-pensionistas-con-largas-carreras-de-cotizacion\/#primaryimage"},"thumbnailUrl":"https:\/\/www.revistarambla.com\/wp-content\/uploads\/2018\/03\/R@MBLA-JUBILADOS-08.jpg","datePublished":"2025-07-13T12:01:12+00:00","breadcrumb":{"@id":"https:\/\/www.revistarambla.com\/la-realidad-del-complemento-a-las-pensiones-de-pensionistas-con-largas-carreras-de-cotizacion\/#breadcrumb"},"inLanguage":"en-GB","potentialAction":[{"@type":"ReadAction","target":["https:\/\/www.revistarambla.com\/la-realidad-del-complemento-a-las-pensiones-de-pensionistas-con-largas-carreras-de-cotizacion\/"]}]},{"@type":"ImageObject","inLanguage":"en-GB","@id":"https:\/\/www.revistarambla.com\/la-realidad-del-complemento-a-las-pensiones-de-pensionistas-con-largas-carreras-de-cotizacion\/#primaryimage","url":"https:\/\/www.revistarambla.com\/wp-content\/uploads\/2018\/03\/R@MBLA-JUBILADOS-08.jpg","contentUrl":"https:\/\/www.revistarambla.com\/wp-content\/uploads\/2018\/03\/R@MBLA-JUBILADOS-08.jpg","width":950,"height":670,"caption":"Complemento a las pensiones"},{"@type":"BreadcrumbList","@id":"https:\/\/www.revistarambla.com\/la-realidad-del-complemento-a-las-pensiones-de-pensionistas-con-largas-carreras-de-cotizacion\/#breadcrumb","itemListElement":[{"@type":"ListItem","position":1,"name":"Portada","item":"https:\/\/www.revistarambla.com\/"},{"@type":"ListItem","position":2,"name":"La realidad del Complemento a las pensiones de pensionistas con largas carreras de cotizaci\u00f3n"}]},{"@type":"WebSite","@id":"https:\/\/www.revistarambla.com\/#website","url":"https:\/\/www.revistarambla.com\/","name":"Revista Rambla Barcelona","description":"Periodismo independiente","publisher":{"@id":"https:\/\/www.revistarambla.com\/#organization"},"potentialAction":[{"@type":"SearchAction","target":{"@type":"EntryPoint","urlTemplate":"https:\/\/www.revistarambla.com\/?s={search_term_string}"},"query-input":{"@type":"PropertyValueSpecification","valueRequired":true,"valueName":"search_term_string"}}],"inLanguage":"en-GB"},{"@type":"Organization","@id":"https:\/\/www.revistarambla.com\/#organization","name":"Revista Rambla","url":"https:\/\/www.revistarambla.com\/","logo":{"@type":"ImageObject","inLanguage":"en-GB","@id":"https:\/\/www.revistarambla.com\/#\/schema\/logo\/image\/","url":"https:\/\/www.revistarambla.com\/wp-content\/uploads\/2020\/09\/banner_rambla_1900x600_BB.png","contentUrl":"https:\/\/www.revistarambla.com\/wp-content\/uploads\/2020\/09\/banner_rambla_1900x600_BB.png","width":1900,"height":600,"caption":"Revista Rambla"},"image":{"@id":"https:\/\/www.revistarambla.com\/#\/schema\/logo\/image\/"},"sameAs":["https:\/\/www.facebook.com\/revistarambla\/","https:\/\/x.com\/revistarambla","https:\/\/www.instagram.com\/revista_rambla","https:\/\/es.linkedin.com\/company\/revista-rambla"]},{"@type":"Person","@id":"https:\/\/www.revistarambla.com\/#\/schema\/person\/2b19179a8ace334b829ad72cc6e6ce97","name":"Luis Ortiga Gim\u00e9nez"}]}},"_links":{"self":[{"href":"https:\/\/www.revistarambla.com\/en\/wp-json\/wp\/v2\/posts\/65721","targetHints":{"allow":["GET"]}}],"collection":[{"href":"https:\/\/www.revistarambla.com\/en\/wp-json\/wp\/v2\/posts"}],"about":[{"href":"https:\/\/www.revistarambla.com\/en\/wp-json\/wp\/v2\/types\/post"}],"author":[{"embeddable":true,"href":"https:\/\/www.revistarambla.com\/en\/wp-json\/wp\/v2\/users\/15"}],"replies":[{"embeddable":true,"href":"https:\/\/www.revistarambla.com\/en\/wp-json\/wp\/v2\/comments?post=65721"}],"version-history":[{"count":1,"href":"https:\/\/www.revistarambla.com\/en\/wp-json\/wp\/v2\/posts\/65721\/revisions"}],"predecessor-version":[{"id":65722,"href":"https:\/\/www.revistarambla.com\/en\/wp-json\/wp\/v2\/posts\/65721\/revisions\/65722"}],"wp:featuredmedia":[{"embeddable":true,"href":"https:\/\/www.revistarambla.com\/en\/wp-json\/wp\/v2\/media\/15243"}],"wp:attachment":[{"href":"https:\/\/www.revistarambla.com\/en\/wp-json\/wp\/v2\/media?parent=65721"}],"wp:term":[{"taxonomy":"category","embeddable":true,"href":"https:\/\/www.revistarambla.com\/en\/wp-json\/wp\/v2\/categories?post=65721"},{"taxonomy":"post_tag","embeddable":true,"href":"https:\/\/www.revistarambla.com\/en\/wp-json\/wp\/v2\/tags?post=65721"}],"curies":[{"name":"wp","href":"https:\/\/api.w.org\/{rel}","templated":true}]}}