{"id":65715,"date":"2025-07-13T13:48:42","date_gmt":"2025-07-13T11:48:42","guid":{"rendered":"https:\/\/www.revistarambla.com\/?p=65715"},"modified":"2025-07-14T20:26:24","modified_gmt":"2025-07-14T18:26:24","slug":"torre-pacheco-un-polvorin-de-tensiones-sociales-alentadas-por-la-ultraderecha","status":"publish","type":"post","link":"https:\/\/www.revistarambla.com\/en\/torre-pacheco-un-polvorin-de-tensiones-sociales-alentadas-por-la-ultraderecha\/","title":{"rendered":"Torre Pacheco, un polvor\u00edn de tensiones sociales alentadas por la ultraderecha"},"content":{"rendered":"<p>Torre Pacheco, un municipio agr\u00edcola de poco m\u00e1s de 41.000 habitantes en la Regi\u00f3n de Murcia, Espa\u00f1a, se convirti\u00f3 en el epicentro de una tormenta social entre el 11 y el 13 de julio de 2025. Lo que comenz\u00f3 como una protesta pac\u00edfica por la brutal agresi\u00f3n a un vecino de 68 a\u00f1os deriv\u00f3 en disturbios, enfrentamientos violentos y una escalada de tensiones xen\u00f3fobas que han dejado una huella imborrable en esta localidad marcada por su diversidad cultural.<\/p>\n<h2>El detonante: una agresi\u00f3n que encendi\u00f3 la chispa<\/h2>\n<p>El mi\u00e9rcoles 9 de julio de 2025, Domingo, un jubilado de 68 a\u00f1os, paseaba por las inmediaciones del cementerio de Torre Pacheco cuando fue atacado sin motivo aparente por un grupo de j\u00f3venes. Seg\u00fan su testimonio, los agresores lo derribaron al suelo, propin\u00e1ndole pu\u00f1etazos y patadas mientras grababan la escena, en lo que parece ser un caso de *happy slapping*, una tendencia viral que consiste en agredir a desconocidos para compartir los v\u00eddeos en redes sociales. La v\u00edctima, que no reconoci\u00f3 a sus atacantes, se\u00f1al\u00f3 que parec\u00edan ser j\u00f3venes de origen magreb\u00ed, aunque las autoridades no han confirmado la nacionalidad de los responsables, quienes permanecen sin identificar ni detener.<\/p>\n<p>La agresi\u00f3n, ocurrida en un contexto de creciente percepci\u00f3n de inseguridad en el municipio, desat\u00f3 una reacci\u00f3n inmediata. El alcalde de Torre Pacheco, Pedro \u00c1ngel Roca (PP), convoc\u00f3 una concentraci\u00f3n pac\u00edfica para el viernes 11 de julio bajo el lema \u201cTorre Pacheco, libre de violencia, libre de delincuencia\u201d. La protesta, que reuni\u00f3 a unas 500 personas en la Plaza del Ayuntamiento, buscaba condenar el ataque y exigir m\u00e1s recursos policiales para garantizar la seguridad.<\/p>\n<p>Sin embargo, lo que promet\u00eda ser un acto de unidad ciudadana se transform\u00f3 en un polvor\u00edn. Grupos de ultraderecha, muchos de ellos for\u00e1neos, aprovecharon el evento para desatar una ola de violencia xen\u00f3foba, dirigiendo su ira contra la poblaci\u00f3n migrante, que representa aproximadamente el 30% de los habitantes de Torre Pacheco, en su mayor\u00eda de origen marroqu\u00ed. La chispa inicial, una agresi\u00f3n aislada, se convirti\u00f3 en el pretexto para un estallido de odio que expuso las tensiones latentes en la comunidad.<\/p>\n<h2>Las causas: un caldo de cultivo social y pol\u00edtico<\/h2>\n<p>Torre Pacheco, enclavado en el coraz\u00f3n agr\u00edcola del Campo de Cartagena, es un municipio que depende en gran medida de la mano de obra migrante para sostener su econom\u00eda. Con m\u00e1s de 35 nacionalidades registradas, la diversidad cultural ha sido tanto una fuente de riqueza como un desaf\u00edo para la convivencia. Sin embargo, varios factores contribuyeron a que este incidente aislado desencadenara una crisis de proporciones:<\/p>\n<p><strong>1. Percepci\u00f3n de inseguridad<\/strong>: Los vecinos han expresado durante a\u00f1os un creciente malestar por la delincuencia, que atribuyen, en parte, a la falta de recursos policiales. Antonio Jos\u00e9 Mart\u00ednez, presidente de la asociaci\u00f3n de vecinos de Rold\u00e1n, una pedan\u00eda del municipio, se\u00f1al\u00f3 que la delincuencia \u201cha ido creciendo y creciendo\u201d durante la \u00faltima d\u00e9cada, generando un \u201chast\u00edo\u201d que dificulta contener el malestar popular. El alcalde Roca tambi\u00e9n ha denunciado la insuficiencia de efectivos de la Guardia Civil y la necesidad de una comisar\u00eda de Polic\u00eda Nacional en el municipio.<\/p>\n<p><strong>2. Instrumentalizaci\u00f3n pol\u00edtica<\/strong>: La agresi\u00f3n a Domingo fue r\u00e1pidamente aprovechada por partidos y grupos de ultraderecha para avivar el discurso antiinmigraci\u00f3n. VOX, liderado en la regi\u00f3n por Jos\u00e9 \u00c1ngel Antelo, organiz\u00f3 un acto el s\u00e1bado 12 de julio bajo el lema \u201cDefi\u00e9ndete de la inseguridad\u201d, donde vincul\u00f3 directamente la delincuencia con la inmigraci\u00f3n ilegal, comparando Torre Pacheco con barrios conflictivos de Europa como Molenbeek. Antelo afirm\u00f3 que \u201clos espa\u00f1oles se est\u00e1n cansando\u201d y exigi\u00f3 deportaciones masivas, intensificando las tensiones. Otros grupos, como \u201cDeport Them Now\u201d y Desokupa, convocaron \u201ccacer\u00edas\u201d contra migrantes a trav\u00e9s de canales de Telegram, compartiendo nombres y direcciones de personas de origen magreb\u00ed e incluso ofreciendo armas y veh\u00edculos para las acciones.<\/p>\n<p><strong>3. Desinformaci\u00f3n en redes sociales<\/strong>: Las redes sociales jugaron un papel crucial en la escalada de la violencia. V\u00eddeos e im\u00e1genes falsas circularon masivamente, atribuyendo err\u00f3neamente la agresi\u00f3n a grupos espec\u00edficos de migrantes. Por ejemplo, un v\u00eddeo de 25 segundos que mostraba una paliza fue compartido miles de veces como si fuera el ataque a Domingo, aunque las autoridades y la propia v\u00edctima desmintieron su relaci\u00f3n con el caso. Estas narrativas alimentaron el odio y legitimaron las acciones violentas de grupos ultras.<\/p>\n<p><strong>4. Falta de respuesta institucional inmediata<\/strong>: La portavoz de Podemos, Mar\u00eda Mar\u00edn, denunci\u00f3 la \u201climitada presencia policial\u201d durante los disturbios iniciales, lo que permiti\u00f3 que los altercados escalaran sin control. La ausencia de un dispositivo robusto desde el principio dio espacio a los grupos violentos para organizarse y actuar.<\/p>\n<h2>La escalada: dos noches de disturbios<\/h2>\n<p>La noche del viernes 11 de julio marc\u00f3 el inicio de los disturbios. Tras la concentraci\u00f3n pac\u00edfica, grupos de radicales, muchos de ellos llegados de fuera del municipio, recorrieron las calles, particularmente el barrio de San Antonio, donde vive una gran comunidad migrante. Armados con palos y profiriendo insultos racistas como \u201cmoros de mierda\u201d y \u201cviva Franco\u201d, estos grupos atacaron a j\u00f3venes de origen magreb\u00ed, generando escenas de caos. La Polic\u00eda Local y la Guardia Civil, superadas en n\u00famero, intervinieron para contener la violencia, pero no se registraron detenciones esa noche.<\/p>\n<p>La tensi\u00f3n no se disip\u00f3. El s\u00e1bado 12 de julio, los disturbios continuaron con mayor intensidad. Barricadas en llamas, lanzamiento de botellas y piedras, y enfrentamientos entre grupos de ultras y migrantes marcaron una segunda noche de caos. La Guardia Civil despleg\u00f3 unidades especiales, incluyendo la Unidad de Seguridad Ciudadana (USECIC) y el Grupo de Reserva y Seguridad (GRS), para intentar controlar la situaci\u00f3n. El saldo de esa noche fue de al menos un detenido por agresi\u00f3n a las fuerzas de seguridad y tres heridos leves, uno de ellos con una brecha en la cabeza. Las c\u00e1maras de laSexta captaron la crudeza de los enfrentamientos, mostrando a agentes antidisturbios intentando separar a los \u201cdos bandos\u201d que se enfrentaban en las calles.<\/p>\n<p>El alcalde Roca, visiblemente preocupado, denunci\u00f3 que muchos de los alborotadores no eran vecinos del municipio, sino forasteros que llegaron para \u201ccomplicar la convivencia\u201d. La comunidad gitana de Cartagena tambi\u00e9n se sum\u00f3 a las protestas, siendo se\u00f1alada en redes sociales como \u201cjusticieros\u201d que defend\u00edan a los vecinos, lo que a\u00f1adi\u00f3 una capa adicional de complejidad al conflicto.<\/p>\n<h2>Las consecuencias: un municipio fracturado<\/h2>\n<p>Los disturbios de Torre Pacheco han dejado un saldo de heridas f\u00edsicas, sociales y pol\u00edticas:<\/p>\n<p><strong>1. Da\u00f1os humanos y materiales<\/strong>: Adem\u00e1s de los tres heridos leves y el detenido, los disturbios causaron da\u00f1os materiales, como contenedores quemados y barricadas destruidas. Un periodista de laSexta fue agredido y su equipo destruido mientras cubr\u00eda los sucesos. El mercadillo semanal del s\u00e1bado fue cancelado por motivos de seguridad.<\/p>\n<p><strong>2. Polarizaci\u00f3n social<\/strong>: La convivencia, que hist\u00f3ricamente ha sido un pilar en Torre Pacheco a pesar de los desaf\u00edos, se ha visto gravemente afectada. Voces migrantes, como la de un residente musulm\u00e1n citado en el blog *Islam en Murcia*, pidieron no estigmatizar a toda la comunidad por las acciones de unos pocos: \u201cNo se nos puede meter a todos en el mismo saco\u201d. Sin embargo, los ataques xen\u00f3fobos han generado miedo entre los migrantes, muchos de los cuales son esenciales para la econom\u00eda local.<\/p>\n<p><strong>3. Tensi\u00f3n pol\u00edtica<\/strong>: Los disturbios han exacerbado las divisiones pol\u00edticas. Mientras el PP, liderado regionalmente por Fernando L\u00f3pez Miras, conden\u00f3 la violencia y llam\u00f3 a la calma, VOX continu\u00f3 alimentando el discurso antiinmigraci\u00f3n. Podemos y PSOE, por su parte, acusaron a la ultraderecha de incitar el odio y criticaron la gesti\u00f3n de la Delegaci\u00f3n del Gobierno. La ministra de Juventud e Infancia, Sira Rego, denunci\u00f3 las \u201cpersecuciones racistas\u201d y se\u00f1al\u00f3 a la derecha y ultraderecha como responsables de se\u00f1alar a los migrantes para que \u201csus escuadristas act\u00faen\u201d.<\/p>\n<p><strong>4. Refuerzo policial y medidas de seguridad<\/strong>: La Guardia Civil ha mantenido un despliegue activo en el municipio, con refuerzos de unidades antidisturbios y drones para monitorear movimientos. La delegada del Gobierno, Mariola Guevara, confirm\u00f3 que las investigaciones avanzan tanto sobre la agresi\u00f3n inicial como sobre los disturbios, con posibles detenciones en las pr\u00f3ximas horas. El alcalde ha convocado una Junta Local de Seguridad para evaluar las necesidades de efectivos policiales.<\/p>\n<h2>Implicaciones a largo plazo<\/h2>\n<p>Los eventos de Torre Pacheco son un reflejo de tensiones m\u00e1s amplias en Espa\u00f1a y Europa, donde la inmigraci\u00f3n y la seguridad ciudadana son temas polarizantes. La instrumentalizaci\u00f3n de un acto delictivo para avivar el odio xen\u00f3fobo pone de manifiesto los riesgos de los discursos populistas y la desinformaci\u00f3n en redes sociales. La falta de recursos policiales y una legislaci\u00f3n percibida como laxa han alimentado la frustraci\u00f3n de los vecinos, mientras que la ausencia de una respuesta institucional coordinada permiti\u00f3 que la situaci\u00f3n escalara.<\/p>\n<p>Para Torre Pacheco, el camino hacia la recuperaci\u00f3n ser\u00e1 arduo. La comunidad debe reconstruir la confianza entre sus habitantes, promoviendo espacios de di\u00e1logo que refuercen la convivencia. La econom\u00eda local, dependiente de los trabajadores migrantes, no puede permitirse una fractura social permanente. Adem\u00e1s, las autoridades deben abordar las carencias en seguridad y combatir la desinformaci\u00f3n para evitar que incidentes similares se repitan.<\/p>\n<p>Los disturbios de Torre Pacheco en julio de 2025 son un recordatorio de c\u00f3mo un incidente aislado puede desencadenar una crisis cuando se combina con tensiones sociales, discursos de odio y una respuesta institucional insuficiente. La agresi\u00f3n a Domingo, un vecino de 68 a\u00f1os, no solo dej\u00f3 heridas f\u00edsicas, sino que expuso las grietas de una comunidad diversa que lucha por equilibrar la convivencia y la seguridad. Mientras las autoridades trabajan para restablecer el orden, el desaf\u00edo a largo plazo ser\u00e1 sanar las heridas sociales y evitar que el odio se arraigue en un municipio que, hasta ahora, hab\u00eda sido un ejemplo de coexistencia multicultural. La lecci\u00f3n es clara: la violencia no se combate con m\u00e1s violencia, sino con di\u00e1logo, justicia y una apuesta decidida por la integraci\u00f3n.<\/p>","protected":false},"excerpt":{"rendered":"<p>Torre Pacheco, un municipio agr\u00edcola de poco m\u00e1s de 41.000 habitantes en la Regi\u00f3n de Murcia, Espa\u00f1a, se convirti\u00f3 en el epicentro de una tormenta social entre el 11 y el 13 de julio de 2025. Lo que comenz\u00f3 como una protesta pac\u00edfica por la brutal agresi\u00f3n a un vecino [&hellip;]<\/p>\n","protected":false},"author":3,"featured_media":65716,"comment_status":"closed","ping_status":"closed","sticky":false,"template":"","format":"standard","meta":{"footnotes":""},"categories":[58],"tags":[],"class_list":["post-65715","post","type-post","status-publish","format-standard","has-post-thumbnail","hentry","category-estado-espanol"],"yoast_head":"<!-- This site is optimized with the Yoast SEO plugin v27.5 - https:\/\/yoast.com\/product\/yoast-seo-wordpress\/ -->\n<title>Torre Pacheco, un polvor\u00edn de tensiones sociales alentadas por la ultraderecha - Revista Rambla<\/title>\n<meta name=\"robots\" content=\"index, follow, max-snippet:-1, max-image-preview:large, max-video-preview:-1\" \/>\n<link rel=\"canonical\" href=\"https:\/\/www.revistarambla.com\/en\/torre-pacheco-un-polvorin-de-tensiones-sociales-alentadas-por-la-ultraderecha\/\" \/>\n<meta property=\"og:locale\" content=\"en_GB\" \/>\n<meta property=\"og:type\" content=\"article\" \/>\n<meta property=\"og:title\" content=\"Torre Pacheco, un polvor\u00edn de tensiones sociales alentadas por la ultraderecha - Revista Rambla\" \/>\n<meta property=\"og:description\" content=\"Torre Pacheco, un municipio agr\u00edcola de poco m\u00e1s de 41.000 habitantes en la Regi\u00f3n de Murcia, Espa\u00f1a, se convirti\u00f3 en el epicentro de una tormenta social entre el 11 y el 13 de julio de 2025. Lo que comenz\u00f3 como una protesta pac\u00edfica por la brutal agresi\u00f3n a un vecino [&hellip;]\" \/>\n<meta property=\"og:url\" content=\"https:\/\/www.revistarambla.com\/en\/torre-pacheco-un-polvorin-de-tensiones-sociales-alentadas-por-la-ultraderecha\/\" \/>\n<meta property=\"og:site_name\" content=\"Revista Rambla\" \/>\n<meta property=\"article:publisher\" content=\"https:\/\/www.facebook.com\/revistarambla\/\" \/>\n<meta property=\"article:author\" content=\"https:\/\/www.facebook.com\/revistarambla\" \/>\n<meta property=\"article:published_time\" content=\"2025-07-13T11:48:42+00:00\" \/>\n<meta property=\"article:modified_time\" content=\"2025-07-14T18:26:24+00:00\" \/>\n<meta property=\"og:image\" content=\"https:\/\/www.revistarambla.com\/wp-content\/uploads\/2025\/07\/Torre-Pacheco.jpg\" \/>\n\t<meta property=\"og:image:width\" content=\"800\" \/>\n\t<meta property=\"og:image:height\" content=\"530\" \/>\n\t<meta property=\"og:image:type\" content=\"image\/jpeg\" \/>\n<meta name=\"author\" content=\"R@mbla\" \/>\n<meta name=\"twitter:card\" content=\"summary_large_image\" \/>\n<meta name=\"twitter:creator\" content=\"@revistarambla\" \/>\n<meta name=\"twitter:site\" content=\"@revistarambla\" \/>\n<meta name=\"twitter:label1\" content=\"Written by\" \/>\n\t<meta name=\"twitter:data1\" content=\"R@mbla\" \/>\n\t<meta name=\"twitter:label2\" content=\"Estimated reading time\" \/>\n\t<meta name=\"twitter:data2\" content=\"8 minutes\" \/>\n<script type=\"application\/ld+json\" class=\"yoast-schema-graph\">{\"@context\":\"https:\\\/\\\/schema.org\",\"@graph\":[{\"@type\":\"Article\",\"@id\":\"https:\\\/\\\/www.revistarambla.com\\\/torre-pacheco-un-polvorin-de-tensiones-sociales-alentadas-por-la-ultraderecha\\\/#article\",\"isPartOf\":{\"@id\":\"https:\\\/\\\/www.revistarambla.com\\\/torre-pacheco-un-polvorin-de-tensiones-sociales-alentadas-por-la-ultraderecha\\\/\"},\"author\":{\"name\":\"R@mbla\",\"@id\":\"https:\\\/\\\/www.revistarambla.com\\\/#\\\/schema\\\/person\\\/a146a5a2550b94981a75131180e1bd9c\"},\"headline\":\"Torre Pacheco, un polvor\u00edn de tensiones sociales alentadas por la ultraderecha\",\"datePublished\":\"2025-07-13T11:48:42+00:00\",\"dateModified\":\"2025-07-14T18:26:24+00:00\",\"mainEntityOfPage\":{\"@id\":\"https:\\\/\\\/www.revistarambla.com\\\/torre-pacheco-un-polvorin-de-tensiones-sociales-alentadas-por-la-ultraderecha\\\/\"},\"wordCount\":1750,\"publisher\":{\"@id\":\"https:\\\/\\\/www.revistarambla.com\\\/#organization\"},\"image\":{\"@id\":\"https:\\\/\\\/www.revistarambla.com\\\/torre-pacheco-un-polvorin-de-tensiones-sociales-alentadas-por-la-ultraderecha\\\/#primaryimage\"},\"thumbnailUrl\":\"https:\\\/\\\/www.revistarambla.com\\\/wp-content\\\/uploads\\\/2025\\\/07\\\/Torre-Pacheco.jpg\",\"articleSection\":[\"Estado Espa\u00f1ol\"],\"inLanguage\":\"en-GB\"},{\"@type\":\"WebPage\",\"@id\":\"https:\\\/\\\/www.revistarambla.com\\\/torre-pacheco-un-polvorin-de-tensiones-sociales-alentadas-por-la-ultraderecha\\\/\",\"url\":\"https:\\\/\\\/www.revistarambla.com\\\/torre-pacheco-un-polvorin-de-tensiones-sociales-alentadas-por-la-ultraderecha\\\/\",\"name\":\"Torre Pacheco, un polvor\u00edn de tensiones sociales alentadas por la ultraderecha - Revista Rambla\",\"isPartOf\":{\"@id\":\"https:\\\/\\\/www.revistarambla.com\\\/#website\"},\"primaryImageOfPage\":{\"@id\":\"https:\\\/\\\/www.revistarambla.com\\\/torre-pacheco-un-polvorin-de-tensiones-sociales-alentadas-por-la-ultraderecha\\\/#primaryimage\"},\"image\":{\"@id\":\"https:\\\/\\\/www.revistarambla.com\\\/torre-pacheco-un-polvorin-de-tensiones-sociales-alentadas-por-la-ultraderecha\\\/#primaryimage\"},\"thumbnailUrl\":\"https:\\\/\\\/www.revistarambla.com\\\/wp-content\\\/uploads\\\/2025\\\/07\\\/Torre-Pacheco.jpg\",\"datePublished\":\"2025-07-13T11:48:42+00:00\",\"dateModified\":\"2025-07-14T18:26:24+00:00\",\"breadcrumb\":{\"@id\":\"https:\\\/\\\/www.revistarambla.com\\\/torre-pacheco-un-polvorin-de-tensiones-sociales-alentadas-por-la-ultraderecha\\\/#breadcrumb\"},\"inLanguage\":\"en-GB\",\"potentialAction\":[{\"@type\":\"ReadAction\",\"target\":[\"https:\\\/\\\/www.revistarambla.com\\\/torre-pacheco-un-polvorin-de-tensiones-sociales-alentadas-por-la-ultraderecha\\\/\"]}]},{\"@type\":\"ImageObject\",\"inLanguage\":\"en-GB\",\"@id\":\"https:\\\/\\\/www.revistarambla.com\\\/torre-pacheco-un-polvorin-de-tensiones-sociales-alentadas-por-la-ultraderecha\\\/#primaryimage\",\"url\":\"https:\\\/\\\/www.revistarambla.com\\\/wp-content\\\/uploads\\\/2025\\\/07\\\/Torre-Pacheco.jpg\",\"contentUrl\":\"https:\\\/\\\/www.revistarambla.com\\\/wp-content\\\/uploads\\\/2025\\\/07\\\/Torre-Pacheco.jpg\",\"width\":800,\"height\":530,\"caption\":\"Torre Pacheco\"},{\"@type\":\"BreadcrumbList\",\"@id\":\"https:\\\/\\\/www.revistarambla.com\\\/torre-pacheco-un-polvorin-de-tensiones-sociales-alentadas-por-la-ultraderecha\\\/#breadcrumb\",\"itemListElement\":[{\"@type\":\"ListItem\",\"position\":1,\"name\":\"Portada\",\"item\":\"https:\\\/\\\/www.revistarambla.com\\\/\"},{\"@type\":\"ListItem\",\"position\":2,\"name\":\"Torre Pacheco, un polvor\u00edn de tensiones sociales alentadas por la ultraderecha\"}]},{\"@type\":\"WebSite\",\"@id\":\"https:\\\/\\\/www.revistarambla.com\\\/#website\",\"url\":\"https:\\\/\\\/www.revistarambla.com\\\/\",\"name\":\"Revista Rambla Barcelona\",\"description\":\"Periodismo independiente\",\"publisher\":{\"@id\":\"https:\\\/\\\/www.revistarambla.com\\\/#organization\"},\"potentialAction\":[{\"@type\":\"SearchAction\",\"target\":{\"@type\":\"EntryPoint\",\"urlTemplate\":\"https:\\\/\\\/www.revistarambla.com\\\/?s={search_term_string}\"},\"query-input\":{\"@type\":\"PropertyValueSpecification\",\"valueRequired\":true,\"valueName\":\"search_term_string\"}}],\"inLanguage\":\"en-GB\"},{\"@type\":\"Organization\",\"@id\":\"https:\\\/\\\/www.revistarambla.com\\\/#organization\",\"name\":\"Revista Rambla\",\"url\":\"https:\\\/\\\/www.revistarambla.com\\\/\",\"logo\":{\"@type\":\"ImageObject\",\"inLanguage\":\"en-GB\",\"@id\":\"https:\\\/\\\/www.revistarambla.com\\\/#\\\/schema\\\/logo\\\/image\\\/\",\"url\":\"https:\\\/\\\/www.revistarambla.com\\\/wp-content\\\/uploads\\\/2020\\\/09\\\/banner_rambla_1900x600_BB.png\",\"contentUrl\":\"https:\\\/\\\/www.revistarambla.com\\\/wp-content\\\/uploads\\\/2020\\\/09\\\/banner_rambla_1900x600_BB.png\",\"width\":1900,\"height\":600,\"caption\":\"Revista Rambla\"},\"image\":{\"@id\":\"https:\\\/\\\/www.revistarambla.com\\\/#\\\/schema\\\/logo\\\/image\\\/\"},\"sameAs\":[\"https:\\\/\\\/www.facebook.com\\\/revistarambla\\\/\",\"https:\\\/\\\/x.com\\\/revistarambla\",\"https:\\\/\\\/www.instagram.com\\\/revista_rambla\",\"https:\\\/\\\/es.linkedin.com\\\/company\\\/revista-rambla\"]},{\"@type\":\"Person\",\"@id\":\"https:\\\/\\\/www.revistarambla.com\\\/#\\\/schema\\\/person\\\/a146a5a2550b94981a75131180e1bd9c\",\"name\":\"R@mbla\",\"description\":\"Este art\u00edculo ha sido redactado y\\\/o validado por el equipo de redacci\u00f3n de Revista Rambla.\",\"sameAs\":[\"https:\\\/\\\/www.revistarambla.com\\\/\",\"https:\\\/\\\/www.facebook.com\\\/revistarambla\",\"https:\\\/\\\/x.com\\\/revistarambla\"]}]}<\/script>\n<!-- \/ Yoast SEO plugin. -->","yoast_head_json":{"title":"Torre Pacheco, un polvor\u00edn de tensiones sociales alentadas por la ultraderecha - Revista Rambla","robots":{"index":"index","follow":"follow","max-snippet":"max-snippet:-1","max-image-preview":"max-image-preview:large","max-video-preview":"max-video-preview:-1"},"canonical":"https:\/\/www.revistarambla.com\/en\/torre-pacheco-un-polvorin-de-tensiones-sociales-alentadas-por-la-ultraderecha\/","og_locale":"en_GB","og_type":"article","og_title":"Torre Pacheco, un polvor\u00edn de tensiones sociales alentadas por la ultraderecha - Revista Rambla","og_description":"Torre Pacheco, un municipio agr\u00edcola de poco m\u00e1s de 41.000 habitantes en la Regi\u00f3n de Murcia, Espa\u00f1a, se convirti\u00f3 en el epicentro de una tormenta social entre el 11 y el 13 de julio de 2025. Lo que comenz\u00f3 como una protesta pac\u00edfica por la brutal agresi\u00f3n a un vecino [&hellip;]","og_url":"https:\/\/www.revistarambla.com\/en\/torre-pacheco-un-polvorin-de-tensiones-sociales-alentadas-por-la-ultraderecha\/","og_site_name":"Revista Rambla","article_publisher":"https:\/\/www.facebook.com\/revistarambla\/","article_author":"https:\/\/www.facebook.com\/revistarambla","article_published_time":"2025-07-13T11:48:42+00:00","article_modified_time":"2025-07-14T18:26:24+00:00","og_image":[{"width":800,"height":530,"url":"https:\/\/www.revistarambla.com\/wp-content\/uploads\/2025\/07\/Torre-Pacheco.jpg","type":"image\/jpeg"}],"author":"R@mbla","twitter_card":"summary_large_image","twitter_creator":"@revistarambla","twitter_site":"@revistarambla","twitter_misc":{"Written by":"R@mbla","Estimated reading time":"8 minutes"},"schema":{"@context":"https:\/\/schema.org","@graph":[{"@type":"Article","@id":"https:\/\/www.revistarambla.com\/torre-pacheco-un-polvorin-de-tensiones-sociales-alentadas-por-la-ultraderecha\/#article","isPartOf":{"@id":"https:\/\/www.revistarambla.com\/torre-pacheco-un-polvorin-de-tensiones-sociales-alentadas-por-la-ultraderecha\/"},"author":{"name":"R@mbla","@id":"https:\/\/www.revistarambla.com\/#\/schema\/person\/a146a5a2550b94981a75131180e1bd9c"},"headline":"Torre Pacheco, un polvor\u00edn de tensiones sociales alentadas por la ultraderecha","datePublished":"2025-07-13T11:48:42+00:00","dateModified":"2025-07-14T18:26:24+00:00","mainEntityOfPage":{"@id":"https:\/\/www.revistarambla.com\/torre-pacheco-un-polvorin-de-tensiones-sociales-alentadas-por-la-ultraderecha\/"},"wordCount":1750,"publisher":{"@id":"https:\/\/www.revistarambla.com\/#organization"},"image":{"@id":"https:\/\/www.revistarambla.com\/torre-pacheco-un-polvorin-de-tensiones-sociales-alentadas-por-la-ultraderecha\/#primaryimage"},"thumbnailUrl":"https:\/\/www.revistarambla.com\/wp-content\/uploads\/2025\/07\/Torre-Pacheco.jpg","articleSection":["Estado Espa\u00f1ol"],"inLanguage":"en-GB"},{"@type":"WebPage","@id":"https:\/\/www.revistarambla.com\/torre-pacheco-un-polvorin-de-tensiones-sociales-alentadas-por-la-ultraderecha\/","url":"https:\/\/www.revistarambla.com\/torre-pacheco-un-polvorin-de-tensiones-sociales-alentadas-por-la-ultraderecha\/","name":"Torre Pacheco, un polvor\u00edn de tensiones sociales alentadas por la ultraderecha - Revista Rambla","isPartOf":{"@id":"https:\/\/www.revistarambla.com\/#website"},"primaryImageOfPage":{"@id":"https:\/\/www.revistarambla.com\/torre-pacheco-un-polvorin-de-tensiones-sociales-alentadas-por-la-ultraderecha\/#primaryimage"},"image":{"@id":"https:\/\/www.revistarambla.com\/torre-pacheco-un-polvorin-de-tensiones-sociales-alentadas-por-la-ultraderecha\/#primaryimage"},"thumbnailUrl":"https:\/\/www.revistarambla.com\/wp-content\/uploads\/2025\/07\/Torre-Pacheco.jpg","datePublished":"2025-07-13T11:48:42+00:00","dateModified":"2025-07-14T18:26:24+00:00","breadcrumb":{"@id":"https:\/\/www.revistarambla.com\/torre-pacheco-un-polvorin-de-tensiones-sociales-alentadas-por-la-ultraderecha\/#breadcrumb"},"inLanguage":"en-GB","potentialAction":[{"@type":"ReadAction","target":["https:\/\/www.revistarambla.com\/torre-pacheco-un-polvorin-de-tensiones-sociales-alentadas-por-la-ultraderecha\/"]}]},{"@type":"ImageObject","inLanguage":"en-GB","@id":"https:\/\/www.revistarambla.com\/torre-pacheco-un-polvorin-de-tensiones-sociales-alentadas-por-la-ultraderecha\/#primaryimage","url":"https:\/\/www.revistarambla.com\/wp-content\/uploads\/2025\/07\/Torre-Pacheco.jpg","contentUrl":"https:\/\/www.revistarambla.com\/wp-content\/uploads\/2025\/07\/Torre-Pacheco.jpg","width":800,"height":530,"caption":"Torre Pacheco"},{"@type":"BreadcrumbList","@id":"https:\/\/www.revistarambla.com\/torre-pacheco-un-polvorin-de-tensiones-sociales-alentadas-por-la-ultraderecha\/#breadcrumb","itemListElement":[{"@type":"ListItem","position":1,"name":"Portada","item":"https:\/\/www.revistarambla.com\/"},{"@type":"ListItem","position":2,"name":"Torre Pacheco, un polvor\u00edn de tensiones sociales alentadas por la ultraderecha"}]},{"@type":"WebSite","@id":"https:\/\/www.revistarambla.com\/#website","url":"https:\/\/www.revistarambla.com\/","name":"Revista Rambla Barcelona","description":"Periodismo independiente","publisher":{"@id":"https:\/\/www.revistarambla.com\/#organization"},"potentialAction":[{"@type":"SearchAction","target":{"@type":"EntryPoint","urlTemplate":"https:\/\/www.revistarambla.com\/?s={search_term_string}"},"query-input":{"@type":"PropertyValueSpecification","valueRequired":true,"valueName":"search_term_string"}}],"inLanguage":"en-GB"},{"@type":"Organization","@id":"https:\/\/www.revistarambla.com\/#organization","name":"Revista Rambla","url":"https:\/\/www.revistarambla.com\/","logo":{"@type":"ImageObject","inLanguage":"en-GB","@id":"https:\/\/www.revistarambla.com\/#\/schema\/logo\/image\/","url":"https:\/\/www.revistarambla.com\/wp-content\/uploads\/2020\/09\/banner_rambla_1900x600_BB.png","contentUrl":"https:\/\/www.revistarambla.com\/wp-content\/uploads\/2020\/09\/banner_rambla_1900x600_BB.png","width":1900,"height":600,"caption":"Revista Rambla"},"image":{"@id":"https:\/\/www.revistarambla.com\/#\/schema\/logo\/image\/"},"sameAs":["https:\/\/www.facebook.com\/revistarambla\/","https:\/\/x.com\/revistarambla","https:\/\/www.instagram.com\/revista_rambla","https:\/\/es.linkedin.com\/company\/revista-rambla"]},{"@type":"Person","@id":"https:\/\/www.revistarambla.com\/#\/schema\/person\/a146a5a2550b94981a75131180e1bd9c","name":"R@mbla","description":"Este art\u00edculo ha sido redactado y\/o validado por el equipo de redacci\u00f3n de Revista Rambla.","sameAs":["https:\/\/www.revistarambla.com\/","https:\/\/www.facebook.com\/revistarambla","https:\/\/x.com\/revistarambla"]}]}},"_links":{"self":[{"href":"https:\/\/www.revistarambla.com\/en\/wp-json\/wp\/v2\/posts\/65715","targetHints":{"allow":["GET"]}}],"collection":[{"href":"https:\/\/www.revistarambla.com\/en\/wp-json\/wp\/v2\/posts"}],"about":[{"href":"https:\/\/www.revistarambla.com\/en\/wp-json\/wp\/v2\/types\/post"}],"author":[{"embeddable":true,"href":"https:\/\/www.revistarambla.com\/en\/wp-json\/wp\/v2\/users\/3"}],"replies":[{"embeddable":true,"href":"https:\/\/www.revistarambla.com\/en\/wp-json\/wp\/v2\/comments?post=65715"}],"version-history":[{"count":1,"href":"https:\/\/www.revistarambla.com\/en\/wp-json\/wp\/v2\/posts\/65715\/revisions"}],"predecessor-version":[{"id":65717,"href":"https:\/\/www.revistarambla.com\/en\/wp-json\/wp\/v2\/posts\/65715\/revisions\/65717"}],"wp:featuredmedia":[{"embeddable":true,"href":"https:\/\/www.revistarambla.com\/en\/wp-json\/wp\/v2\/media\/65716"}],"wp:attachment":[{"href":"https:\/\/www.revistarambla.com\/en\/wp-json\/wp\/v2\/media?parent=65715"}],"wp:term":[{"taxonomy":"category","embeddable":true,"href":"https:\/\/www.revistarambla.com\/en\/wp-json\/wp\/v2\/categories?post=65715"},{"taxonomy":"post_tag","embeddable":true,"href":"https:\/\/www.revistarambla.com\/en\/wp-json\/wp\/v2\/tags?post=65715"}],"curies":[{"name":"wp","href":"https:\/\/api.w.org\/{rel}","templated":true}]}}