{"id":65709,"date":"2025-07-11T14:27:20","date_gmt":"2025-07-11T12:27:20","guid":{"rendered":"https:\/\/www.revistarambla.com\/?p=65709"},"modified":"2025-07-11T14:27:20","modified_gmt":"2025-07-11T12:27:20","slug":"morir-trabajando-es-asesinato","status":"publish","type":"post","link":"https:\/\/www.revistarambla.com\/en\/morir-trabajando-es-asesinato\/","title":{"rendered":"Morir trabajando es asesinato"},"content":{"rendered":"<p>El pasado 28 de junio muri\u00f3 la compa\u00f1era Montse, trabajadora de la empresa de limpieza viaria de FCC, presuntamente por un golpe de calor.<br \/>\nCGT ha interpuesto 16 denuncias a FCC todas ellas con sanciones o requerimientos, por cuestiones de temperatura, una de ellas negando la empresa el volante de asistencia a la mutua por un golpe de calor a una trabajadora, sin que la empresa o el Ayuntamiento (Empresa licitadores) haya tomado medidas para proteger a las trabajadoras. Tambi\u00e9n el Tribunal Superar de Justicia de Catalunya da la raz\u00f3n a un trabajador al que le dan una invalidez tras un golpe de calor. El Ayuntamiento es c\u00f3mplice de esta falta de prevenci\u00f3n en una empresa con reiterados incumplimientos de la legislaci\u00f3n de protecci\u00f3n de la salud de los trabajadores.<\/p>\n<p>La empresa de limpieza viaria FCC dio de baja en la seguridad social el mismo d\u00eda de la muerte de la compa\u00f1era y no se ha dignado a contactar con la familia. La CGT queremos denunciar la larga lista de asesinatos que se producen en el trabajo cada a\u00f1o por golpes de calor. Morir en el trabajo es asesinato y hay responsables, por una parte, las empresas que en su af\u00e1n de avaricia y de conseguir el m\u00e1ximo de beneficios empresariales pretender mantener los mismos ritmos de trabajo haga la temperatura que haga y las personas responsables de las administraciones que realizan las licitaciones y las condiciones de los trabajadores no forman parte ni del pliego de condiciones ni del pliego t\u00e9cnico. Saben perfectamente que habr\u00e1 consecuencias sobre la seguridad y la salud de los trabajadores, pero no les importa absolutamente nada.<\/p>\n<p>Los pol\u00edticos utilizan los servicios p\u00fablicos subcontratados para hacerse fotos de lo limpia que est\u00e1 la ciudad, lo bien que va el bicing, lo chulas que son las casetas de los socorristas y as\u00ed una larga lista, no queriendo saber absolutamente nada de en que condiciones se realizan esos trabajos ni de las luchas que hemos de tener la CGT con las empresas para solucionar su dejadez, su incompetencia, para que se cumpla la legislaci\u00f3n que los mismos pol\u00edticos han aprobado. Por eso los pol\u00edticos con cargos p\u00fablicos son los responsables de las consecuencias sobre la salud y seguridad de los trabajadores.<\/p>\n<p>Para ello tenemos una Inspecci\u00f3n de Trabajo que falta de medios nos suele dar la raz\u00f3n pasados muchos meses y ya cuando ha habido consecuencias graves e irreversibles de salud, pero totalmente ineficaz cuando surge el problema. De esta manera nos encontramos con licitaciones y pliegos t\u00e9cnicos que se dice que los trabajadores deber\u00e1n ir uniformados, pero no se especifica de qu\u00e9 tejidos deber\u00e1n de ser las ropas, los veh\u00edculos si deber\u00e1n de ser el\u00e9ctricos o no, pero no pone nada de que deber\u00e1n de llevar climatizaci\u00f3n ni de si los asientos son los adecuados para el trabajo, lo mismo con los edificios, se dice cu\u00e1ntos centros de trabajo deber\u00e1 de haber, pero ni siquiera que deber\u00e1 de haber<br \/>\nclimatizaci\u00f3n, lavabos, duchas y salas de descanso.<\/p>\n<p>Por eso hacemos responsables de las muertes en el trabajo a los pol\u00edticos gestores de servicios p\u00fablicos y que los utilizan para hacerse propaganda, pero no quieren saber nada de las condiciones de trabajo consecuencias de sus licitaciones y al af\u00e1n avaricioso de la empresa que ponen por delante sus beneficios a la vida y salud de los trabajadores<\/p>","protected":false},"excerpt":{"rendered":"<p>El pasado 28 de junio muri\u00f3 la compa\u00f1era Montse, trabajadora de la empresa de limpieza viaria de FCC, presuntamente por un golpe de calor. CGT ha interpuesto 16 denuncias a FCC todas ellas con sanciones o requerimientos, por cuestiones de temperatura, una de ellas negando la empresa el volante de [&hellip;]<\/p>\n","protected":false},"author":327,"featured_media":40493,"comment_status":"closed","ping_status":"closed","sticky":false,"template":"","format":"standard","meta":{"footnotes":""},"categories":[4079],"tags":[],"class_list":["post-65709","post","type-post","status-publish","format-standard","has-post-thumbnail","hentry","category-tribuna-libre"],"yoast_head":"<!-- This site is optimized with the Yoast SEO plugin v27.5 - https:\/\/yoast.com\/product\/yoast-seo-wordpress\/ -->\n<title>Morir trabajando es asesinato - Revista Rambla<\/title>\n<meta name=\"robots\" content=\"index, follow, max-snippet:-1, max-image-preview:large, max-video-preview:-1\" \/>\n<link rel=\"canonical\" href=\"https:\/\/www.revistarambla.com\/en\/morir-trabajando-es-asesinato\/\" \/>\n<meta property=\"og:locale\" content=\"en_GB\" \/>\n<meta property=\"og:type\" content=\"article\" \/>\n<meta property=\"og:title\" content=\"Morir trabajando es asesinato - Revista Rambla\" \/>\n<meta property=\"og:description\" content=\"El pasado 28 de junio muri\u00f3 la compa\u00f1era Montse, trabajadora de la empresa de limpieza viaria de FCC, presuntamente por un golpe de calor. CGT ha interpuesto 16 denuncias a FCC todas ellas con sanciones o requerimientos, por cuestiones de temperatura, una de ellas negando la empresa el volante de [&hellip;]\" \/>\n<meta property=\"og:url\" content=\"https:\/\/www.revistarambla.com\/en\/morir-trabajando-es-asesinato\/\" \/>\n<meta property=\"og:site_name\" content=\"Revista Rambla\" \/>\n<meta property=\"article:publisher\" content=\"https:\/\/www.facebook.com\/revistarambla\/\" \/>\n<meta property=\"article:author\" content=\"https:\/\/www.facebook.com\/barcelona.cgt\" \/>\n<meta property=\"article:published_time\" content=\"2025-07-11T12:27:20+00:00\" \/>\n<meta property=\"og:image\" content=\"https:\/\/www.revistarambla.com\/wp-content\/uploads\/2022\/03\/basura-limpieza-barcelona-basureros.jpg\" \/>\n\t<meta property=\"og:image:width\" content=\"1024\" \/>\n\t<meta property=\"og:image:height\" content=\"767\" \/>\n\t<meta property=\"og:image:type\" content=\"image\/jpeg\" \/>\n<meta name=\"author\" content=\"CGT Barcelona\" \/>\n<meta name=\"twitter:card\" content=\"summary_large_image\" \/>\n<meta name=\"twitter:creator\" content=\"@CGTBarcelona\" \/>\n<meta name=\"twitter:site\" content=\"@revistarambla\" \/>\n<meta name=\"twitter:label1\" content=\"Written by\" \/>\n\t<meta name=\"twitter:data1\" content=\"CGT Barcelona\" \/>\n\t<meta name=\"twitter:label2\" content=\"Estimated reading time\" \/>\n\t<meta name=\"twitter:data2\" content=\"3 minutes\" \/>\n<script type=\"application\/ld+json\" class=\"yoast-schema-graph\">{\"@context\":\"https:\\\/\\\/schema.org\",\"@graph\":[{\"@type\":\"Article\",\"@id\":\"https:\\\/\\\/www.revistarambla.com\\\/morir-trabajando-es-asesinato\\\/#article\",\"isPartOf\":{\"@id\":\"https:\\\/\\\/www.revistarambla.com\\\/morir-trabajando-es-asesinato\\\/\"},\"author\":{\"name\":\"CGT Barcelona\",\"@id\":\"https:\\\/\\\/www.revistarambla.com\\\/#\\\/schema\\\/person\\\/50127bec5551cbc1206e826637f48e65\"},\"headline\":\"Morir trabajando es asesinato\",\"datePublished\":\"2025-07-11T12:27:20+00:00\",\"mainEntityOfPage\":{\"@id\":\"https:\\\/\\\/www.revistarambla.com\\\/morir-trabajando-es-asesinato\\\/\"},\"wordCount\":595,\"publisher\":{\"@id\":\"https:\\\/\\\/www.revistarambla.com\\\/#organization\"},\"image\":{\"@id\":\"https:\\\/\\\/www.revistarambla.com\\\/morir-trabajando-es-asesinato\\\/#primaryimage\"},\"thumbnailUrl\":\"https:\\\/\\\/www.revistarambla.com\\\/wp-content\\\/uploads\\\/2022\\\/03\\\/basura-limpieza-barcelona-basureros.jpg\",\"articleSection\":[\"Tribuna Libre\"],\"inLanguage\":\"en-GB\"},{\"@type\":\"WebPage\",\"@id\":\"https:\\\/\\\/www.revistarambla.com\\\/morir-trabajando-es-asesinato\\\/\",\"url\":\"https:\\\/\\\/www.revistarambla.com\\\/morir-trabajando-es-asesinato\\\/\",\"name\":\"Morir trabajando es asesinato - Revista Rambla\",\"isPartOf\":{\"@id\":\"https:\\\/\\\/www.revistarambla.com\\\/#website\"},\"primaryImageOfPage\":{\"@id\":\"https:\\\/\\\/www.revistarambla.com\\\/morir-trabajando-es-asesinato\\\/#primaryimage\"},\"image\":{\"@id\":\"https:\\\/\\\/www.revistarambla.com\\\/morir-trabajando-es-asesinato\\\/#primaryimage\"},\"thumbnailUrl\":\"https:\\\/\\\/www.revistarambla.com\\\/wp-content\\\/uploads\\\/2022\\\/03\\\/basura-limpieza-barcelona-basureros.jpg\",\"datePublished\":\"2025-07-11T12:27:20+00:00\",\"breadcrumb\":{\"@id\":\"https:\\\/\\\/www.revistarambla.com\\\/morir-trabajando-es-asesinato\\\/#breadcrumb\"},\"inLanguage\":\"en-GB\",\"potentialAction\":[{\"@type\":\"ReadAction\",\"target\":[\"https:\\\/\\\/www.revistarambla.com\\\/morir-trabajando-es-asesinato\\\/\"]}]},{\"@type\":\"ImageObject\",\"inLanguage\":\"en-GB\",\"@id\":\"https:\\\/\\\/www.revistarambla.com\\\/morir-trabajando-es-asesinato\\\/#primaryimage\",\"url\":\"https:\\\/\\\/www.revistarambla.com\\\/wp-content\\\/uploads\\\/2022\\\/03\\\/basura-limpieza-barcelona-basureros.jpg\",\"contentUrl\":\"https:\\\/\\\/www.revistarambla.com\\\/wp-content\\\/uploads\\\/2022\\\/03\\\/basura-limpieza-barcelona-basureros.jpg\",\"width\":1024,\"height\":767,\"caption\":\"contenedores inteligentes para pagar menos tasa de basura\"},{\"@type\":\"BreadcrumbList\",\"@id\":\"https:\\\/\\\/www.revistarambla.com\\\/morir-trabajando-es-asesinato\\\/#breadcrumb\",\"itemListElement\":[{\"@type\":\"ListItem\",\"position\":1,\"name\":\"Portada\",\"item\":\"https:\\\/\\\/www.revistarambla.com\\\/\"},{\"@type\":\"ListItem\",\"position\":2,\"name\":\"Morir trabajando es asesinato\"}]},{\"@type\":\"WebSite\",\"@id\":\"https:\\\/\\\/www.revistarambla.com\\\/#website\",\"url\":\"https:\\\/\\\/www.revistarambla.com\\\/\",\"name\":\"Revista Rambla Barcelona\",\"description\":\"Periodismo independiente\",\"publisher\":{\"@id\":\"https:\\\/\\\/www.revistarambla.com\\\/#organization\"},\"potentialAction\":[{\"@type\":\"SearchAction\",\"target\":{\"@type\":\"EntryPoint\",\"urlTemplate\":\"https:\\\/\\\/www.revistarambla.com\\\/?s={search_term_string}\"},\"query-input\":{\"@type\":\"PropertyValueSpecification\",\"valueRequired\":true,\"valueName\":\"search_term_string\"}}],\"inLanguage\":\"en-GB\"},{\"@type\":\"Organization\",\"@id\":\"https:\\\/\\\/www.revistarambla.com\\\/#organization\",\"name\":\"Revista Rambla\",\"url\":\"https:\\\/\\\/www.revistarambla.com\\\/\",\"logo\":{\"@type\":\"ImageObject\",\"inLanguage\":\"en-GB\",\"@id\":\"https:\\\/\\\/www.revistarambla.com\\\/#\\\/schema\\\/logo\\\/image\\\/\",\"url\":\"https:\\\/\\\/www.revistarambla.com\\\/wp-content\\\/uploads\\\/2020\\\/09\\\/banner_rambla_1900x600_BB.png\",\"contentUrl\":\"https:\\\/\\\/www.revistarambla.com\\\/wp-content\\\/uploads\\\/2020\\\/09\\\/banner_rambla_1900x600_BB.png\",\"width\":1900,\"height\":600,\"caption\":\"Revista Rambla\"},\"image\":{\"@id\":\"https:\\\/\\\/www.revistarambla.com\\\/#\\\/schema\\\/logo\\\/image\\\/\"},\"sameAs\":[\"https:\\\/\\\/www.facebook.com\\\/revistarambla\\\/\",\"https:\\\/\\\/x.com\\\/revistarambla\",\"https:\\\/\\\/www.instagram.com\\\/revista_rambla\",\"https:\\\/\\\/es.linkedin.com\\\/company\\\/revista-rambla\"]},{\"@type\":\"Person\",\"@id\":\"https:\\\/\\\/www.revistarambla.com\\\/#\\\/schema\\\/person\\\/50127bec5551cbc1206e826637f48e65\",\"name\":\"CGT Barcelona\",\"description\":\"Federaci\u00f3n Local de Sindicatos de Barcelona. Organizaci\u00f3n anarcosindicalista: de clase, aut\u00f3noma, autogestionaria, federalista, internacionalista y libertaria.\",\"sameAs\":[\"https:\\\/\\\/www.cgtbarcelona.org\\\/\",\"https:\\\/\\\/www.facebook.com\\\/barcelona.cgt\",\"https:\\\/\\\/www.instagram.com\\\/cgtbarcelona\\\/\",\"https:\\\/\\\/x.com\\\/CGTBarcelona\"]}]}<\/script>\n<!-- \/ Yoast SEO plugin. -->","yoast_head_json":{"title":"Morir trabajando es asesinato - Revista Rambla","robots":{"index":"index","follow":"follow","max-snippet":"max-snippet:-1","max-image-preview":"max-image-preview:large","max-video-preview":"max-video-preview:-1"},"canonical":"https:\/\/www.revistarambla.com\/en\/morir-trabajando-es-asesinato\/","og_locale":"en_GB","og_type":"article","og_title":"Morir trabajando es asesinato - Revista Rambla","og_description":"El pasado 28 de junio muri\u00f3 la compa\u00f1era Montse, trabajadora de la empresa de limpieza viaria de FCC, presuntamente por un golpe de calor. CGT ha interpuesto 16 denuncias a FCC todas ellas con sanciones o requerimientos, por cuestiones de temperatura, una de ellas negando la empresa el volante de [&hellip;]","og_url":"https:\/\/www.revistarambla.com\/en\/morir-trabajando-es-asesinato\/","og_site_name":"Revista Rambla","article_publisher":"https:\/\/www.facebook.com\/revistarambla\/","article_author":"https:\/\/www.facebook.com\/barcelona.cgt","article_published_time":"2025-07-11T12:27:20+00:00","og_image":[{"width":1024,"height":767,"url":"https:\/\/www.revistarambla.com\/wp-content\/uploads\/2022\/03\/basura-limpieza-barcelona-basureros.jpg","type":"image\/jpeg"}],"author":"CGT Barcelona","twitter_card":"summary_large_image","twitter_creator":"@CGTBarcelona","twitter_site":"@revistarambla","twitter_misc":{"Written by":"CGT Barcelona","Estimated reading time":"3 minutes"},"schema":{"@context":"https:\/\/schema.org","@graph":[{"@type":"Article","@id":"https:\/\/www.revistarambla.com\/morir-trabajando-es-asesinato\/#article","isPartOf":{"@id":"https:\/\/www.revistarambla.com\/morir-trabajando-es-asesinato\/"},"author":{"name":"CGT Barcelona","@id":"https:\/\/www.revistarambla.com\/#\/schema\/person\/50127bec5551cbc1206e826637f48e65"},"headline":"Morir trabajando es asesinato","datePublished":"2025-07-11T12:27:20+00:00","mainEntityOfPage":{"@id":"https:\/\/www.revistarambla.com\/morir-trabajando-es-asesinato\/"},"wordCount":595,"publisher":{"@id":"https:\/\/www.revistarambla.com\/#organization"},"image":{"@id":"https:\/\/www.revistarambla.com\/morir-trabajando-es-asesinato\/#primaryimage"},"thumbnailUrl":"https:\/\/www.revistarambla.com\/wp-content\/uploads\/2022\/03\/basura-limpieza-barcelona-basureros.jpg","articleSection":["Tribuna Libre"],"inLanguage":"en-GB"},{"@type":"WebPage","@id":"https:\/\/www.revistarambla.com\/morir-trabajando-es-asesinato\/","url":"https:\/\/www.revistarambla.com\/morir-trabajando-es-asesinato\/","name":"Morir trabajando es asesinato - Revista Rambla","isPartOf":{"@id":"https:\/\/www.revistarambla.com\/#website"},"primaryImageOfPage":{"@id":"https:\/\/www.revistarambla.com\/morir-trabajando-es-asesinato\/#primaryimage"},"image":{"@id":"https:\/\/www.revistarambla.com\/morir-trabajando-es-asesinato\/#primaryimage"},"thumbnailUrl":"https:\/\/www.revistarambla.com\/wp-content\/uploads\/2022\/03\/basura-limpieza-barcelona-basureros.jpg","datePublished":"2025-07-11T12:27:20+00:00","breadcrumb":{"@id":"https:\/\/www.revistarambla.com\/morir-trabajando-es-asesinato\/#breadcrumb"},"inLanguage":"en-GB","potentialAction":[{"@type":"ReadAction","target":["https:\/\/www.revistarambla.com\/morir-trabajando-es-asesinato\/"]}]},{"@type":"ImageObject","inLanguage":"en-GB","@id":"https:\/\/www.revistarambla.com\/morir-trabajando-es-asesinato\/#primaryimage","url":"https:\/\/www.revistarambla.com\/wp-content\/uploads\/2022\/03\/basura-limpieza-barcelona-basureros.jpg","contentUrl":"https:\/\/www.revistarambla.com\/wp-content\/uploads\/2022\/03\/basura-limpieza-barcelona-basureros.jpg","width":1024,"height":767,"caption":"contenedores inteligentes para pagar menos tasa de basura"},{"@type":"BreadcrumbList","@id":"https:\/\/www.revistarambla.com\/morir-trabajando-es-asesinato\/#breadcrumb","itemListElement":[{"@type":"ListItem","position":1,"name":"Portada","item":"https:\/\/www.revistarambla.com\/"},{"@type":"ListItem","position":2,"name":"Morir trabajando es asesinato"}]},{"@type":"WebSite","@id":"https:\/\/www.revistarambla.com\/#website","url":"https:\/\/www.revistarambla.com\/","name":"Revista Rambla Barcelona","description":"Periodismo independiente","publisher":{"@id":"https:\/\/www.revistarambla.com\/#organization"},"potentialAction":[{"@type":"SearchAction","target":{"@type":"EntryPoint","urlTemplate":"https:\/\/www.revistarambla.com\/?s={search_term_string}"},"query-input":{"@type":"PropertyValueSpecification","valueRequired":true,"valueName":"search_term_string"}}],"inLanguage":"en-GB"},{"@type":"Organization","@id":"https:\/\/www.revistarambla.com\/#organization","name":"Revista Rambla","url":"https:\/\/www.revistarambla.com\/","logo":{"@type":"ImageObject","inLanguage":"en-GB","@id":"https:\/\/www.revistarambla.com\/#\/schema\/logo\/image\/","url":"https:\/\/www.revistarambla.com\/wp-content\/uploads\/2020\/09\/banner_rambla_1900x600_BB.png","contentUrl":"https:\/\/www.revistarambla.com\/wp-content\/uploads\/2020\/09\/banner_rambla_1900x600_BB.png","width":1900,"height":600,"caption":"Revista Rambla"},"image":{"@id":"https:\/\/www.revistarambla.com\/#\/schema\/logo\/image\/"},"sameAs":["https:\/\/www.facebook.com\/revistarambla\/","https:\/\/x.com\/revistarambla","https:\/\/www.instagram.com\/revista_rambla","https:\/\/es.linkedin.com\/company\/revista-rambla"]},{"@type":"Person","@id":"https:\/\/www.revistarambla.com\/#\/schema\/person\/50127bec5551cbc1206e826637f48e65","name":"CGT Barcelona","description":"Federaci\u00f3n Local de Sindicatos de Barcelona. Organizaci\u00f3n anarcosindicalista: de clase, aut\u00f3noma, autogestionaria, federalista, internacionalista y libertaria.","sameAs":["https:\/\/www.cgtbarcelona.org\/","https:\/\/www.facebook.com\/barcelona.cgt","https:\/\/www.instagram.com\/cgtbarcelona\/","https:\/\/x.com\/CGTBarcelona"]}]}},"_links":{"self":[{"href":"https:\/\/www.revistarambla.com\/en\/wp-json\/wp\/v2\/posts\/65709","targetHints":{"allow":["GET"]}}],"collection":[{"href":"https:\/\/www.revistarambla.com\/en\/wp-json\/wp\/v2\/posts"}],"about":[{"href":"https:\/\/www.revistarambla.com\/en\/wp-json\/wp\/v2\/types\/post"}],"author":[{"embeddable":true,"href":"https:\/\/www.revistarambla.com\/en\/wp-json\/wp\/v2\/users\/327"}],"replies":[{"embeddable":true,"href":"https:\/\/www.revistarambla.com\/en\/wp-json\/wp\/v2\/comments?post=65709"}],"version-history":[{"count":1,"href":"https:\/\/www.revistarambla.com\/en\/wp-json\/wp\/v2\/posts\/65709\/revisions"}],"predecessor-version":[{"id":65710,"href":"https:\/\/www.revistarambla.com\/en\/wp-json\/wp\/v2\/posts\/65709\/revisions\/65710"}],"wp:featuredmedia":[{"embeddable":true,"href":"https:\/\/www.revistarambla.com\/en\/wp-json\/wp\/v2\/media\/40493"}],"wp:attachment":[{"href":"https:\/\/www.revistarambla.com\/en\/wp-json\/wp\/v2\/media?parent=65709"}],"wp:term":[{"taxonomy":"category","embeddable":true,"href":"https:\/\/www.revistarambla.com\/en\/wp-json\/wp\/v2\/categories?post=65709"},{"taxonomy":"post_tag","embeddable":true,"href":"https:\/\/www.revistarambla.com\/en\/wp-json\/wp\/v2\/tags?post=65709"}],"curies":[{"name":"wp","href":"https:\/\/api.w.org\/{rel}","templated":true}]}}