{"id":65706,"date":"2025-07-11T14:19:52","date_gmt":"2025-07-11T12:19:52","guid":{"rendered":"https:\/\/www.revistarambla.com\/?p=65706"},"modified":"2025-07-11T14:19:52","modified_gmt":"2025-07-11T12:19:52","slug":"un-centenar-de-persones-ocupen-el-palau-macaya-per-exigir-una-negociacio-col%c2%b7lectiva-en-la-lluita-per-lhabitatge-public","status":"publish","type":"post","link":"https:\/\/www.revistarambla.com\/en\/un-centenar-de-persones-ocupen-el-palau-macaya-per-exigir-una-negociacio-col%c2%b7lectiva-en-la-lluita-per-lhabitatge-public\/","title":{"rendered":"Un centenar de persones ocupen el Palau Macaya per exigir una negociaci\u00f3 col\u00b7lectiva en la lluita per l\u2019habitatge p\u00fablic"},"content":{"rendered":"<p dir=\"ltr\">Aquesta tarda, <b>un centenar de persones han ocupat el Palau Macaya, seu emblem\u00e0tica de la Fundaci\u00f3 \u201cla Caixa\u201d, per exigir una negociaci\u00f3 col\u00b7lectiva amb les 68 fam\u00edlies en vaga de lloguers des de fa 100 dies<\/b>. Durant la protesta, els manifestants han desplegat pancartes, han fet parlaments reivindicatius i han estripat les cartes amena\u00e7adores d\u2019Inmocriteria que els vaguistes han rebut durant les \u00faltimes setmanes. A m\u00e9s de vaguistes de Sitges i Sentmenat, tamb\u00e9 han participat a l\u2019acci\u00f3 ve\u00efns de diferents blocs de la Caixa a l\u2019Hospitalet de Llobregat i als barris barcelonins de Poblenou i el Bon Pastor.<\/p>\n<p dir=\"ltr\"><span id=\"x_1626452289selectionBoundary_1752084053836_7056332833686816\" class=\"x_1626452289rangySelectionBoundary\"><\/span>En menys d\u2019una hora, el <b>director del Palau Macaya<\/b>, Josep Oll\u00e9, s\u2019ha posat en contacte amb el Sindicat. El representant de la Fundaci\u00f3 \u201cla Caixa\u201d s\u2019ha <b>comprom\u00e8s a facilitar una negociaci\u00f3<\/b> entre InmoCriteria, propiet\u00e0ria actual dels habitatges, i el comit\u00e8 de vaga. Els termes de la primera reuni\u00f3 es concretaran els dies vinents.<\/p>\n<p dir=\"ltr\">Arran d\u2019aquest comprom\u00eds, s\u2019ha desconvocat la protesta. Mentre no avanci la negociaci\u00f3 col\u00b7lectiva, <b>la vaga continua endavant<\/b>. Totes les demandes del Comit\u00e8 de Vaga segueixen vigents: <b>cal aturar les expulsions i que els habitatges passin a ser p\u00fablics i protegits per sempre<\/b>.<\/p>\n<p dir=\"ltr\">La jornada ha servit per <b>assenyalar directament la responsabilitat hist\u00f2rica de la Fundaci\u00f3 \u201cla Caixa\u201d<\/b>, hereva de l\u2019Obra Social que va construir aquests pisos amb diners p\u00fablics i que ara, a trav\u00e9s de la immobili\u00e0ria InmoCriteria, pret\u00e9n fer fora les llogateres i posar els pisos al mercat lliure. \u00c9s a dir, pretenen <b>eliminar el r\u00e8gim de protecci\u00f3 oficial de tots aquests habitatges finan\u00e7ats amb diners p\u00fablics<\/b>. Tal com ha denunciat una de les vaguistes, <b>Yolanda, ve\u00efna de Sitges<\/b>:\u00a0\u201cS\u00f3n pisos constru\u00efts amb diners p\u00fablics i en s\u00f2l p\u00fablic. S\u00f3n diners de tots per al negoci rod\u00f3 de La Caixa. No ens faran fora, lluitarem fins al final.\u201d<\/p>\n<p dir=\"ltr\">Des del mes d\u2019abril, les fam\u00edlies han deixat de pagar el lloguer a La Caixa i <b>han retingut m\u00e9s de 120.000 \u20ac <\/b>en un compte com\u00fa. La Caixa, en lloc de seure a negociar, ha respost rebutjant la proposta de mediaci\u00f3 de la Generalitat i ha exercit assetjament i amenaces contra les vaguistes.<\/p>\n<h3>La Fundaci\u00f3 \u201cla Caixa\u201d no pot mirar cap a una altra banda<\/h3>\n<p dir=\"ltr\">Tal com ha expressat<b> Enric Aragon\u00e8s, portaveu del Sindicat de Llogateres<\/b>, \u201c\u00e9s una batalla clau per l\u2019habitatge p\u00fablic del pa\u00eds. La Fundaci\u00f3 no pot rentar-se les mans. T\u00e9 la responsabilitat i la capacitat de for\u00e7ar una negociaci\u00f3.\u201d<\/p>\n<p dir=\"ltr\">Aquesta acci\u00f3 massiva ha tingut lloc el mateix dia que <b>es compleixen 100 dies de vaga de lloguers <\/b>i amb un suport pol\u00edtic i social creixent. Federacions i plataformes que representen m\u00e9s de 3.600 entitats, una desena d\u2019ajuntaments i un ampli moviment ciutad\u00e0 exigeixen a La Caixa que aturi les expulsions i traspassi els pisos a la Generalitat.<\/p>","protected":false},"excerpt":{"rendered":"<p>La Fundaci\u00f3 La Caixa, hereva de l\u2019obra social de La Caixa que va constru\u00efr amb diners p\u00fablics els pisos afectats, s\u2019ha comprom\u00e8s a que s\u2019inici\u00efn negociacions entre Inmocriteria i el comit\u00e8 de vaguistes<\/p>","protected":false},"author":328,"featured_media":65707,"comment_status":"closed","ping_status":"closed","sticky":false,"template":"","format":"standard","meta":{"footnotes":""},"categories":[4079],"tags":[],"class_list":["post-65706","post","type-post","status-publish","format-standard","has-post-thumbnail","hentry","category-tribuna-libre"],"yoast_head":"<!-- This site is optimized with the Yoast SEO plugin v27.5 - https:\/\/yoast.com\/product\/yoast-seo-wordpress\/ -->\n<title>Un centenar de persones ocupen el Palau Macaya per exigir una negociaci\u00f3 col\u00b7lectiva en la lluita per l\u2019habitatge p\u00fablic - Revista Rambla<\/title>\n<meta name=\"robots\" content=\"index, follow, max-snippet:-1, max-image-preview:large, max-video-preview:-1\" \/>\n<link rel=\"canonical\" href=\"https:\/\/www.revistarambla.com\/en\/un-centenar-de-persones-ocupen-el-palau-macaya-per-exigir-una-negociacio-col\u00b7lectiva-en-la-lluita-per-lhabitatge-public\/\" \/>\n<meta property=\"og:locale\" content=\"en_GB\" \/>\n<meta property=\"og:type\" content=\"article\" \/>\n<meta property=\"og:title\" content=\"Un centenar de persones ocupen el Palau Macaya per exigir una negociaci\u00f3 col\u00b7lectiva en la lluita per l\u2019habitatge p\u00fablic - Revista Rambla\" \/>\n<meta property=\"og:description\" content=\"La Fundaci\u00f3 La Caixa, hereva de l\u2019obra social de La Caixa que va constru\u00efr amb diners p\u00fablics els pisos afectats, s\u2019ha comprom\u00e8s a que s\u2019inici\u00efn negociacions entre Inmocriteria i el comit\u00e8 de vaguistes\" \/>\n<meta property=\"og:url\" content=\"https:\/\/www.revistarambla.com\/en\/un-centenar-de-persones-ocupen-el-palau-macaya-per-exigir-una-negociacio-col\u00b7lectiva-en-la-lluita-per-lhabitatge-public\/\" \/>\n<meta property=\"og:site_name\" content=\"Revista Rambla\" \/>\n<meta property=\"article:publisher\" content=\"https:\/\/www.facebook.com\/revistarambla\/\" \/>\n<meta property=\"article:author\" content=\"https:\/\/www.facebook.com\/SindicatLloguer\/\" \/>\n<meta property=\"article:published_time\" content=\"2025-07-11T12:19:52+00:00\" \/>\n<meta property=\"og:image\" content=\"https:\/\/www.revistarambla.com\/wp-content\/uploads\/2025\/07\/photo2025-07-0920-06-33.jpg\" \/>\n\t<meta property=\"og:image:width\" content=\"1280\" \/>\n\t<meta property=\"og:image:height\" content=\"960\" \/>\n\t<meta property=\"og:image:type\" content=\"image\/jpeg\" \/>\n<meta name=\"author\" content=\"Sindicat de Llogateres\" \/>\n<meta name=\"twitter:card\" content=\"summary_large_image\" \/>\n<meta name=\"twitter:creator\" content=\"@sindicatlloguer\" \/>\n<meta name=\"twitter:site\" content=\"@revistarambla\" \/>\n<meta name=\"twitter:label1\" content=\"Written by\" \/>\n\t<meta name=\"twitter:data1\" content=\"Sindicat de Llogateres\" \/>\n\t<meta name=\"twitter:label2\" content=\"Estimated reading time\" \/>\n\t<meta name=\"twitter:data2\" content=\"3 minutes\" \/>\n<script type=\"application\/ld+json\" class=\"yoast-schema-graph\">{\"@context\":\"https:\\\/\\\/schema.org\",\"@graph\":[{\"@type\":\"Article\",\"@id\":\"https:\\\/\\\/www.revistarambla.com\\\/un-centenar-de-persones-ocupen-el-palau-macaya-per-exigir-una-negociacio-col%c2%b7lectiva-en-la-lluita-per-lhabitatge-public\\\/#article\",\"isPartOf\":{\"@id\":\"https:\\\/\\\/www.revistarambla.com\\\/un-centenar-de-persones-ocupen-el-palau-macaya-per-exigir-una-negociacio-col%c2%b7lectiva-en-la-lluita-per-lhabitatge-public\\\/\"},\"author\":{\"name\":\"Sindicat de Llogateres\",\"@id\":\"https:\\\/\\\/www.revistarambla.com\\\/#\\\/schema\\\/person\\\/cdb47f1b20cae4529e0d80b9b620ee26\"},\"headline\":\"Un centenar de persones ocupen el Palau Macaya per exigir una negociaci\u00f3 col\u00b7lectiva en la lluita per l\u2019habitatge p\u00fablic\",\"datePublished\":\"2025-07-11T12:19:52+00:00\",\"mainEntityOfPage\":{\"@id\":\"https:\\\/\\\/www.revistarambla.com\\\/un-centenar-de-persones-ocupen-el-palau-macaya-per-exigir-una-negociacio-col%c2%b7lectiva-en-la-lluita-per-lhabitatge-public\\\/\"},\"wordCount\":522,\"publisher\":{\"@id\":\"https:\\\/\\\/www.revistarambla.com\\\/#organization\"},\"image\":{\"@id\":\"https:\\\/\\\/www.revistarambla.com\\\/un-centenar-de-persones-ocupen-el-palau-macaya-per-exigir-una-negociacio-col%c2%b7lectiva-en-la-lluita-per-lhabitatge-public\\\/#primaryimage\"},\"thumbnailUrl\":\"https:\\\/\\\/www.revistarambla.com\\\/wp-content\\\/uploads\\\/2025\\\/07\\\/photo2025-07-0920-06-33.jpg\",\"articleSection\":[\"Tribuna Libre\"],\"inLanguage\":\"en-GB\"},{\"@type\":\"WebPage\",\"@id\":\"https:\\\/\\\/www.revistarambla.com\\\/un-centenar-de-persones-ocupen-el-palau-macaya-per-exigir-una-negociacio-col%c2%b7lectiva-en-la-lluita-per-lhabitatge-public\\\/\",\"url\":\"https:\\\/\\\/www.revistarambla.com\\\/un-centenar-de-persones-ocupen-el-palau-macaya-per-exigir-una-negociacio-col%c2%b7lectiva-en-la-lluita-per-lhabitatge-public\\\/\",\"name\":\"Un centenar de persones ocupen el Palau Macaya per exigir una negociaci\u00f3 col\u00b7lectiva en la lluita per l\u2019habitatge p\u00fablic - Revista Rambla\",\"isPartOf\":{\"@id\":\"https:\\\/\\\/www.revistarambla.com\\\/#website\"},\"primaryImageOfPage\":{\"@id\":\"https:\\\/\\\/www.revistarambla.com\\\/un-centenar-de-persones-ocupen-el-palau-macaya-per-exigir-una-negociacio-col%c2%b7lectiva-en-la-lluita-per-lhabitatge-public\\\/#primaryimage\"},\"image\":{\"@id\":\"https:\\\/\\\/www.revistarambla.com\\\/un-centenar-de-persones-ocupen-el-palau-macaya-per-exigir-una-negociacio-col%c2%b7lectiva-en-la-lluita-per-lhabitatge-public\\\/#primaryimage\"},\"thumbnailUrl\":\"https:\\\/\\\/www.revistarambla.com\\\/wp-content\\\/uploads\\\/2025\\\/07\\\/photo2025-07-0920-06-33.jpg\",\"datePublished\":\"2025-07-11T12:19:52+00:00\",\"breadcrumb\":{\"@id\":\"https:\\\/\\\/www.revistarambla.com\\\/un-centenar-de-persones-ocupen-el-palau-macaya-per-exigir-una-negociacio-col%c2%b7lectiva-en-la-lluita-per-lhabitatge-public\\\/#breadcrumb\"},\"inLanguage\":\"en-GB\",\"potentialAction\":[{\"@type\":\"ReadAction\",\"target\":[\"https:\\\/\\\/www.revistarambla.com\\\/un-centenar-de-persones-ocupen-el-palau-macaya-per-exigir-una-negociacio-col%c2%b7lectiva-en-la-lluita-per-lhabitatge-public\\\/\"]}]},{\"@type\":\"ImageObject\",\"inLanguage\":\"en-GB\",\"@id\":\"https:\\\/\\\/www.revistarambla.com\\\/un-centenar-de-persones-ocupen-el-palau-macaya-per-exigir-una-negociacio-col%c2%b7lectiva-en-la-lluita-per-lhabitatge-public\\\/#primaryimage\",\"url\":\"https:\\\/\\\/www.revistarambla.com\\\/wp-content\\\/uploads\\\/2025\\\/07\\\/photo2025-07-0920-06-33.jpg\",\"contentUrl\":\"https:\\\/\\\/www.revistarambla.com\\\/wp-content\\\/uploads\\\/2025\\\/07\\\/photo2025-07-0920-06-33.jpg\",\"width\":1280,\"height\":960,\"caption\":\"Palau Macaya\"},{\"@type\":\"BreadcrumbList\",\"@id\":\"https:\\\/\\\/www.revistarambla.com\\\/un-centenar-de-persones-ocupen-el-palau-macaya-per-exigir-una-negociacio-col%c2%b7lectiva-en-la-lluita-per-lhabitatge-public\\\/#breadcrumb\",\"itemListElement\":[{\"@type\":\"ListItem\",\"position\":1,\"name\":\"Portada\",\"item\":\"https:\\\/\\\/www.revistarambla.com\\\/\"},{\"@type\":\"ListItem\",\"position\":2,\"name\":\"Un centenar de persones ocupen el Palau Macaya per exigir una negociaci\u00f3 col\u00b7lectiva en la lluita per l\u2019habitatge p\u00fablic\"}]},{\"@type\":\"WebSite\",\"@id\":\"https:\\\/\\\/www.revistarambla.com\\\/#website\",\"url\":\"https:\\\/\\\/www.revistarambla.com\\\/\",\"name\":\"Revista Rambla Barcelona\",\"description\":\"Periodismo independiente\",\"publisher\":{\"@id\":\"https:\\\/\\\/www.revistarambla.com\\\/#organization\"},\"potentialAction\":[{\"@type\":\"SearchAction\",\"target\":{\"@type\":\"EntryPoint\",\"urlTemplate\":\"https:\\\/\\\/www.revistarambla.com\\\/?s={search_term_string}\"},\"query-input\":{\"@type\":\"PropertyValueSpecification\",\"valueRequired\":true,\"valueName\":\"search_term_string\"}}],\"inLanguage\":\"en-GB\"},{\"@type\":\"Organization\",\"@id\":\"https:\\\/\\\/www.revistarambla.com\\\/#organization\",\"name\":\"Revista Rambla\",\"url\":\"https:\\\/\\\/www.revistarambla.com\\\/\",\"logo\":{\"@type\":\"ImageObject\",\"inLanguage\":\"en-GB\",\"@id\":\"https:\\\/\\\/www.revistarambla.com\\\/#\\\/schema\\\/logo\\\/image\\\/\",\"url\":\"https:\\\/\\\/www.revistarambla.com\\\/wp-content\\\/uploads\\\/2020\\\/09\\\/banner_rambla_1900x600_BB.png\",\"contentUrl\":\"https:\\\/\\\/www.revistarambla.com\\\/wp-content\\\/uploads\\\/2020\\\/09\\\/banner_rambla_1900x600_BB.png\",\"width\":1900,\"height\":600,\"caption\":\"Revista Rambla\"},\"image\":{\"@id\":\"https:\\\/\\\/www.revistarambla.com\\\/#\\\/schema\\\/logo\\\/image\\\/\"},\"sameAs\":[\"https:\\\/\\\/www.facebook.com\\\/revistarambla\\\/\",\"https:\\\/\\\/x.com\\\/revistarambla\",\"https:\\\/\\\/www.instagram.com\\\/revista_rambla\",\"https:\\\/\\\/es.linkedin.com\\\/company\\\/revista-rambla\"]},{\"@type\":\"Person\",\"@id\":\"https:\\\/\\\/www.revistarambla.com\\\/#\\\/schema\\\/person\\\/cdb47f1b20cae4529e0d80b9b620ee26\",\"name\":\"Sindicat de Llogateres\",\"description\":\"Protegim el dret a l'habitatge. Millorem la vida de la gent. Ajuda'ns a seguir canviant les coses i suma-t'hi.\",\"sameAs\":[\"http:\\\/\\\/sindicatdellogateres.org\\\/\",\"https:\\\/\\\/www.facebook.com\\\/SindicatLloguer\\\/\",\"https:\\\/\\\/x.com\\\/sindicatlloguer\"]}]}<\/script>\n<!-- \/ Yoast SEO plugin. -->","yoast_head_json":{"title":"Un centenar de persones ocupen el Palau Macaya per exigir una negociaci\u00f3 col\u00b7lectiva en la lluita per l\u2019habitatge p\u00fablic - Revista Rambla","robots":{"index":"index","follow":"follow","max-snippet":"max-snippet:-1","max-image-preview":"max-image-preview:large","max-video-preview":"max-video-preview:-1"},"canonical":"https:\/\/www.revistarambla.com\/en\/un-centenar-de-persones-ocupen-el-palau-macaya-per-exigir-una-negociacio-col\u00b7lectiva-en-la-lluita-per-lhabitatge-public\/","og_locale":"en_GB","og_type":"article","og_title":"Un centenar de persones ocupen el Palau Macaya per exigir una negociaci\u00f3 col\u00b7lectiva en la lluita per l\u2019habitatge p\u00fablic - Revista Rambla","og_description":"La Fundaci\u00f3 La Caixa, hereva de l\u2019obra social de La Caixa que va constru\u00efr amb diners p\u00fablics els pisos afectats, s\u2019ha comprom\u00e8s a que s\u2019inici\u00efn negociacions entre Inmocriteria i el comit\u00e8 de vaguistes","og_url":"https:\/\/www.revistarambla.com\/en\/un-centenar-de-persones-ocupen-el-palau-macaya-per-exigir-una-negociacio-col\u00b7lectiva-en-la-lluita-per-lhabitatge-public\/","og_site_name":"Revista Rambla","article_publisher":"https:\/\/www.facebook.com\/revistarambla\/","article_author":"https:\/\/www.facebook.com\/SindicatLloguer\/","article_published_time":"2025-07-11T12:19:52+00:00","og_image":[{"width":1280,"height":960,"url":"https:\/\/www.revistarambla.com\/wp-content\/uploads\/2025\/07\/photo2025-07-0920-06-33.jpg","type":"image\/jpeg"}],"author":"Sindicat de Llogateres","twitter_card":"summary_large_image","twitter_creator":"@sindicatlloguer","twitter_site":"@revistarambla","twitter_misc":{"Written by":"Sindicat de Llogateres","Estimated reading time":"3 minutes"},"schema":{"@context":"https:\/\/schema.org","@graph":[{"@type":"Article","@id":"https:\/\/www.revistarambla.com\/un-centenar-de-persones-ocupen-el-palau-macaya-per-exigir-una-negociacio-col%c2%b7lectiva-en-la-lluita-per-lhabitatge-public\/#article","isPartOf":{"@id":"https:\/\/www.revistarambla.com\/un-centenar-de-persones-ocupen-el-palau-macaya-per-exigir-una-negociacio-col%c2%b7lectiva-en-la-lluita-per-lhabitatge-public\/"},"author":{"name":"Sindicat de Llogateres","@id":"https:\/\/www.revistarambla.com\/#\/schema\/person\/cdb47f1b20cae4529e0d80b9b620ee26"},"headline":"Un centenar de persones ocupen el Palau Macaya per exigir una negociaci\u00f3 col\u00b7lectiva en la lluita per l\u2019habitatge p\u00fablic","datePublished":"2025-07-11T12:19:52+00:00","mainEntityOfPage":{"@id":"https:\/\/www.revistarambla.com\/un-centenar-de-persones-ocupen-el-palau-macaya-per-exigir-una-negociacio-col%c2%b7lectiva-en-la-lluita-per-lhabitatge-public\/"},"wordCount":522,"publisher":{"@id":"https:\/\/www.revistarambla.com\/#organization"},"image":{"@id":"https:\/\/www.revistarambla.com\/un-centenar-de-persones-ocupen-el-palau-macaya-per-exigir-una-negociacio-col%c2%b7lectiva-en-la-lluita-per-lhabitatge-public\/#primaryimage"},"thumbnailUrl":"https:\/\/www.revistarambla.com\/wp-content\/uploads\/2025\/07\/photo2025-07-0920-06-33.jpg","articleSection":["Tribuna Libre"],"inLanguage":"en-GB"},{"@type":"WebPage","@id":"https:\/\/www.revistarambla.com\/un-centenar-de-persones-ocupen-el-palau-macaya-per-exigir-una-negociacio-col%c2%b7lectiva-en-la-lluita-per-lhabitatge-public\/","url":"https:\/\/www.revistarambla.com\/un-centenar-de-persones-ocupen-el-palau-macaya-per-exigir-una-negociacio-col%c2%b7lectiva-en-la-lluita-per-lhabitatge-public\/","name":"Un centenar de persones ocupen el Palau Macaya per exigir una negociaci\u00f3 col\u00b7lectiva en la lluita per l\u2019habitatge p\u00fablic - Revista Rambla","isPartOf":{"@id":"https:\/\/www.revistarambla.com\/#website"},"primaryImageOfPage":{"@id":"https:\/\/www.revistarambla.com\/un-centenar-de-persones-ocupen-el-palau-macaya-per-exigir-una-negociacio-col%c2%b7lectiva-en-la-lluita-per-lhabitatge-public\/#primaryimage"},"image":{"@id":"https:\/\/www.revistarambla.com\/un-centenar-de-persones-ocupen-el-palau-macaya-per-exigir-una-negociacio-col%c2%b7lectiva-en-la-lluita-per-lhabitatge-public\/#primaryimage"},"thumbnailUrl":"https:\/\/www.revistarambla.com\/wp-content\/uploads\/2025\/07\/photo2025-07-0920-06-33.jpg","datePublished":"2025-07-11T12:19:52+00:00","breadcrumb":{"@id":"https:\/\/www.revistarambla.com\/un-centenar-de-persones-ocupen-el-palau-macaya-per-exigir-una-negociacio-col%c2%b7lectiva-en-la-lluita-per-lhabitatge-public\/#breadcrumb"},"inLanguage":"en-GB","potentialAction":[{"@type":"ReadAction","target":["https:\/\/www.revistarambla.com\/un-centenar-de-persones-ocupen-el-palau-macaya-per-exigir-una-negociacio-col%c2%b7lectiva-en-la-lluita-per-lhabitatge-public\/"]}]},{"@type":"ImageObject","inLanguage":"en-GB","@id":"https:\/\/www.revistarambla.com\/un-centenar-de-persones-ocupen-el-palau-macaya-per-exigir-una-negociacio-col%c2%b7lectiva-en-la-lluita-per-lhabitatge-public\/#primaryimage","url":"https:\/\/www.revistarambla.com\/wp-content\/uploads\/2025\/07\/photo2025-07-0920-06-33.jpg","contentUrl":"https:\/\/www.revistarambla.com\/wp-content\/uploads\/2025\/07\/photo2025-07-0920-06-33.jpg","width":1280,"height":960,"caption":"Palau Macaya"},{"@type":"BreadcrumbList","@id":"https:\/\/www.revistarambla.com\/un-centenar-de-persones-ocupen-el-palau-macaya-per-exigir-una-negociacio-col%c2%b7lectiva-en-la-lluita-per-lhabitatge-public\/#breadcrumb","itemListElement":[{"@type":"ListItem","position":1,"name":"Portada","item":"https:\/\/www.revistarambla.com\/"},{"@type":"ListItem","position":2,"name":"Un centenar de persones ocupen el Palau Macaya per exigir una negociaci\u00f3 col\u00b7lectiva en la lluita per l\u2019habitatge p\u00fablic"}]},{"@type":"WebSite","@id":"https:\/\/www.revistarambla.com\/#website","url":"https:\/\/www.revistarambla.com\/","name":"Revista Rambla Barcelona","description":"Periodismo independiente","publisher":{"@id":"https:\/\/www.revistarambla.com\/#organization"},"potentialAction":[{"@type":"SearchAction","target":{"@type":"EntryPoint","urlTemplate":"https:\/\/www.revistarambla.com\/?s={search_term_string}"},"query-input":{"@type":"PropertyValueSpecification","valueRequired":true,"valueName":"search_term_string"}}],"inLanguage":"en-GB"},{"@type":"Organization","@id":"https:\/\/www.revistarambla.com\/#organization","name":"Revista Rambla","url":"https:\/\/www.revistarambla.com\/","logo":{"@type":"ImageObject","inLanguage":"en-GB","@id":"https:\/\/www.revistarambla.com\/#\/schema\/logo\/image\/","url":"https:\/\/www.revistarambla.com\/wp-content\/uploads\/2020\/09\/banner_rambla_1900x600_BB.png","contentUrl":"https:\/\/www.revistarambla.com\/wp-content\/uploads\/2020\/09\/banner_rambla_1900x600_BB.png","width":1900,"height":600,"caption":"Revista Rambla"},"image":{"@id":"https:\/\/www.revistarambla.com\/#\/schema\/logo\/image\/"},"sameAs":["https:\/\/www.facebook.com\/revistarambla\/","https:\/\/x.com\/revistarambla","https:\/\/www.instagram.com\/revista_rambla","https:\/\/es.linkedin.com\/company\/revista-rambla"]},{"@type":"Person","@id":"https:\/\/www.revistarambla.com\/#\/schema\/person\/cdb47f1b20cae4529e0d80b9b620ee26","name":"Sindicat de Llogateres","description":"Protegim el dret a l'habitatge. Millorem la vida de la gent. Ajuda'ns a seguir canviant les coses i suma-t'hi.","sameAs":["http:\/\/sindicatdellogateres.org\/","https:\/\/www.facebook.com\/SindicatLloguer\/","https:\/\/x.com\/sindicatlloguer"]}]}},"_links":{"self":[{"href":"https:\/\/www.revistarambla.com\/en\/wp-json\/wp\/v2\/posts\/65706","targetHints":{"allow":["GET"]}}],"collection":[{"href":"https:\/\/www.revistarambla.com\/en\/wp-json\/wp\/v2\/posts"}],"about":[{"href":"https:\/\/www.revistarambla.com\/en\/wp-json\/wp\/v2\/types\/post"}],"author":[{"embeddable":true,"href":"https:\/\/www.revistarambla.com\/en\/wp-json\/wp\/v2\/users\/328"}],"replies":[{"embeddable":true,"href":"https:\/\/www.revistarambla.com\/en\/wp-json\/wp\/v2\/comments?post=65706"}],"version-history":[{"count":1,"href":"https:\/\/www.revistarambla.com\/en\/wp-json\/wp\/v2\/posts\/65706\/revisions"}],"predecessor-version":[{"id":65708,"href":"https:\/\/www.revistarambla.com\/en\/wp-json\/wp\/v2\/posts\/65706\/revisions\/65708"}],"wp:featuredmedia":[{"embeddable":true,"href":"https:\/\/www.revistarambla.com\/en\/wp-json\/wp\/v2\/media\/65707"}],"wp:attachment":[{"href":"https:\/\/www.revistarambla.com\/en\/wp-json\/wp\/v2\/media?parent=65706"}],"wp:term":[{"taxonomy":"category","embeddable":true,"href":"https:\/\/www.revistarambla.com\/en\/wp-json\/wp\/v2\/categories?post=65706"},{"taxonomy":"post_tag","embeddable":true,"href":"https:\/\/www.revistarambla.com\/en\/wp-json\/wp\/v2\/tags?post=65706"}],"curies":[{"name":"wp","href":"https:\/\/api.w.org\/{rel}","templated":true}]}}