{"id":65695,"date":"2025-07-10T19:59:07","date_gmt":"2025-07-10T17:59:07","guid":{"rendered":"https:\/\/www.revistarambla.com\/?p=65695"},"modified":"2025-09-03T15:08:32","modified_gmt":"2025-09-03T13:08:32","slug":"comparativa-hp-elitebook-frente-a-otras-laptops-corporativas","status":"publish","type":"post","link":"https:\/\/www.revistarambla.com\/en\/comparativa-hp-elitebook-frente-a-otras-laptops-corporativas\/","title":{"rendered":"Comparativa: HP EliteBook frente a otras laptops corporativas"},"content":{"rendered":"<p>Cuando se trata de adquirir laptops para entornos empresariales, especialmente en compras a volumen, elegir el modelo adecuado puede tener un gran impacto en la productividad y eficiencia de una organizaci\u00f3n. En esta <b>comparativa eficiente<\/b>, analizamos por qu\u00e9 la <b>HP EliteBook<\/b> se posiciona como la mejor opci\u00f3n frente a otros equipos corporativos disponibles en el mercado. Desde su rendimiento hasta la facilidad de gesti\u00f3n, este modelo destaca en varios aspectos clave que buscan las empresas.<\/p>\n<h2><b>Dise\u00f1o y durabilidad pensados para empresas<\/b><\/h2>\n<p>La <b>HP EliteBook<\/b> est\u00e1 dise\u00f1ada para soportar el uso intensivo t\u00edpico de los entornos corporativos. Su chasis de aleaci\u00f3n de aluminio no solo ofrece un aspecto premium, sino tambi\u00e9n una resistencia superior frente a ca\u00eddas, golpes y derrames accidentales. Comparada con otros modelos como la Dell Latitude o la Lenovo ThinkPad, la EliteBook demuestra una construcci\u00f3n m\u00e1s robusta, ideal para empresas que buscan durabilidad en sus adquisiciones por volumen.<\/p>\n<h2><b>Rendimiento empresarial optimizado<\/b><\/h2>\n<p>Equipada con procesadores Intel Core i5 e i7 de \u00faltima generaci\u00f3n, la <b>HP EliteBook<\/b> asegura fluidez en tareas multitarea, uso de software empresarial y conexi\u00f3n estable con perif\u00e9ricos. Frente a otras laptops corporativas, destaca por su equilibrio entre potencia y eficiencia energ\u00e9tica, lo que se traduce en mayor autonom\u00eda y menor consumo el\u00e9ctrico \u2014una ventaja clave en compras empresariales con enfoque en ahorro operativo.<\/p>\n<h2><b>Seguridad empresarial de nivel superior<\/b><\/h2>\n<p>La <b>HP EliteBook<\/b> incorpora tecnolog\u00edas avanzadas como HP Sure Start (protecci\u00f3n de BIOS), lector de huellas digitales, y c\u00e1mara con obturador f\u00edsico, lo que la posiciona por encima de muchas laptops corporativas convencionales. En comparaci\u00f3n con modelos de otras marcas, ofrece una suite de seguridad m\u00e1s integrada y f\u00e1cil de gestionar, ideal para departamentos de TI que buscan controlar grandes vol\u00famenes de dispositivos.<\/p>\n<h2><b>Experiencia de usuario y conectividad<\/b><\/h2>\n<p>Otra gran ventaja de la <b>HP EliteBook<\/b> es su teclado ergon\u00f3mico, pantalla antirreflejo de alta resoluci\u00f3n y m\u00faltiples opciones de conectividad (Thunderbolt, HDMI, USB-C). Este tipo de configuraci\u00f3n es particularmente \u00fatil para entornos corporativos donde se requiere conexi\u00f3n con estaciones de trabajo, proyectores, o monitores externos. Frente a opciones como la ASUS ExpertBook o Acer TravelMate, la experiencia de usuario y la calidad de materiales son notablemente superiores.<\/p>\n<h2><b>Abasteo: el ecommerce ideal para compras B2B<\/b><\/h2>\n<p>En <b>Abasteo<\/b>, ecommerce especializado en ventas a volumen para empresas, puedes <span style=\"text-decoration: underline;\"><a href=\"https:\/\/www.abasteo.mx\/HP-Elitebook\/\">adquirir la HP EliteBook<\/a><\/span>\u00a0con la confianza de contar con un socio B2B que entiende las necesidades del entorno corporativo. Gracias a su experiencia en distribuci\u00f3n tecnol\u00f3gica para organizaciones, Abasteo ofrece procesos de compra \u00e1giles, atenci\u00f3n personalizada y precios competitivos en compras por mayoreo.<\/p>","protected":false},"excerpt":{"rendered":"<p>Cuando se trata de adquirir laptops para entornos empresariales, especialmente en compras a volumen, elegir el modelo adecuado puede tener un gran impacto en la productividad y eficiencia de una organizaci\u00f3n. En esta comparativa eficiente, analizamos por qu\u00e9 la HP EliteBook se posiciona como la mejor opci\u00f3n frente a otros [&hellip;]<\/p>\n","protected":false},"author":15,"featured_media":65696,"comment_status":"closed","ping_status":"closed","sticky":false,"template":"","format":"standard","meta":{"footnotes":""},"categories":[350],"tags":[],"class_list":["post-65695","post","type-post","status-publish","format-standard","has-post-thumbnail","hentry","category-miscelanea"],"yoast_head":"<!-- This site is optimized with the Yoast SEO plugin v27.5 - https:\/\/yoast.com\/product\/yoast-seo-wordpress\/ -->\n<title>Comparativa: HP EliteBook frente a otras laptops corporativas - Revista Rambla<\/title>\n<meta name=\"robots\" content=\"index, follow, max-snippet:-1, max-image-preview:large, max-video-preview:-1\" \/>\n<link rel=\"canonical\" href=\"https:\/\/www.revistarambla.com\/en\/comparativa-hp-elitebook-frente-a-otras-laptops-corporativas\/\" \/>\n<meta property=\"og:locale\" content=\"en_GB\" \/>\n<meta property=\"og:type\" content=\"article\" \/>\n<meta property=\"og:title\" content=\"Comparativa: HP EliteBook frente a otras laptops corporativas - Revista Rambla\" \/>\n<meta property=\"og:description\" content=\"Cuando se trata de adquirir laptops para entornos empresariales, especialmente en compras a volumen, elegir el modelo adecuado puede tener un gran impacto en la productividad y eficiencia de una organizaci\u00f3n. En esta comparativa eficiente, analizamos por qu\u00e9 la HP EliteBook se posiciona como la mejor opci\u00f3n frente a otros [&hellip;]\" \/>\n<meta property=\"og:url\" content=\"https:\/\/www.revistarambla.com\/en\/comparativa-hp-elitebook-frente-a-otras-laptops-corporativas\/\" \/>\n<meta property=\"og:site_name\" content=\"Revista Rambla\" \/>\n<meta property=\"article:publisher\" content=\"https:\/\/www.facebook.com\/revistarambla\/\" \/>\n<meta property=\"article:published_time\" content=\"2025-07-10T17:59:07+00:00\" \/>\n<meta property=\"article:modified_time\" content=\"2025-09-03T13:08:32+00:00\" \/>\n<meta name=\"author\" content=\"Manuel S\u00e1nchez\" \/>\n<meta name=\"twitter:card\" content=\"summary_large_image\" \/>\n<meta name=\"twitter:creator\" content=\"@revistarambla\" \/>\n<meta name=\"twitter:site\" content=\"@revistarambla\" \/>\n<meta name=\"twitter:label1\" content=\"Written by\" \/>\n\t<meta name=\"twitter:data1\" content=\"Manuel S\u00e1nchez\" \/>\n\t<meta name=\"twitter:label2\" content=\"Estimated reading time\" \/>\n\t<meta name=\"twitter:data2\" content=\"3 minutes\" \/>\n<script type=\"application\/ld+json\" class=\"yoast-schema-graph\">{\"@context\":\"https:\\\/\\\/schema.org\",\"@graph\":[{\"@type\":\"Article\",\"@id\":\"https:\\\/\\\/www.revistarambla.com\\\/comparativa-hp-elitebook-frente-a-otras-laptops-corporativas\\\/#article\",\"isPartOf\":{\"@id\":\"https:\\\/\\\/www.revistarambla.com\\\/comparativa-hp-elitebook-frente-a-otras-laptops-corporativas\\\/\"},\"author\":{\"name\":\"Manuel S\u00e1nchez\",\"@id\":\"https:\\\/\\\/www.revistarambla.com\\\/#\\\/schema\\\/person\\\/2b19179a8ace334b829ad72cc6e6ce97\"},\"headline\":\"Comparativa: HP EliteBook frente a otras laptops corporativas\",\"datePublished\":\"2025-07-10T17:59:07+00:00\",\"dateModified\":\"2025-09-03T13:08:32+00:00\",\"mainEntityOfPage\":{\"@id\":\"https:\\\/\\\/www.revistarambla.com\\\/comparativa-hp-elitebook-frente-a-otras-laptops-corporativas\\\/\"},\"wordCount\":463,\"publisher\":{\"@id\":\"https:\\\/\\\/www.revistarambla.com\\\/#organization\"},\"image\":{\"@id\":\"https:\\\/\\\/www.revistarambla.com\\\/comparativa-hp-elitebook-frente-a-otras-laptops-corporativas\\\/#primaryimage\"},\"thumbnailUrl\":\"https:\\\/\\\/www.revistarambla.com\\\/wp-content\\\/uploads\\\/2025\\\/07\\\/elitebooks-ogimage-1200x627_09102024.avif\",\"articleSection\":[\"Noticias de la vida\"],\"inLanguage\":\"en-GB\"},{\"@type\":\"WebPage\",\"@id\":\"https:\\\/\\\/www.revistarambla.com\\\/comparativa-hp-elitebook-frente-a-otras-laptops-corporativas\\\/\",\"url\":\"https:\\\/\\\/www.revistarambla.com\\\/comparativa-hp-elitebook-frente-a-otras-laptops-corporativas\\\/\",\"name\":\"Comparativa: HP EliteBook frente a otras laptops corporativas - Revista Rambla\",\"isPartOf\":{\"@id\":\"https:\\\/\\\/www.revistarambla.com\\\/#website\"},\"primaryImageOfPage\":{\"@id\":\"https:\\\/\\\/www.revistarambla.com\\\/comparativa-hp-elitebook-frente-a-otras-laptops-corporativas\\\/#primaryimage\"},\"image\":{\"@id\":\"https:\\\/\\\/www.revistarambla.com\\\/comparativa-hp-elitebook-frente-a-otras-laptops-corporativas\\\/#primaryimage\"},\"thumbnailUrl\":\"https:\\\/\\\/www.revistarambla.com\\\/wp-content\\\/uploads\\\/2025\\\/07\\\/elitebooks-ogimage-1200x627_09102024.avif\",\"datePublished\":\"2025-07-10T17:59:07+00:00\",\"dateModified\":\"2025-09-03T13:08:32+00:00\",\"breadcrumb\":{\"@id\":\"https:\\\/\\\/www.revistarambla.com\\\/comparativa-hp-elitebook-frente-a-otras-laptops-corporativas\\\/#breadcrumb\"},\"inLanguage\":\"en-GB\",\"potentialAction\":[{\"@type\":\"ReadAction\",\"target\":[\"https:\\\/\\\/www.revistarambla.com\\\/comparativa-hp-elitebook-frente-a-otras-laptops-corporativas\\\/\"]}]},{\"@type\":\"ImageObject\",\"inLanguage\":\"en-GB\",\"@id\":\"https:\\\/\\\/www.revistarambla.com\\\/comparativa-hp-elitebook-frente-a-otras-laptops-corporativas\\\/#primaryimage\",\"url\":\"https:\\\/\\\/www.revistarambla.com\\\/wp-content\\\/uploads\\\/2025\\\/07\\\/elitebooks-ogimage-1200x627_09102024.avif\",\"contentUrl\":\"https:\\\/\\\/www.revistarambla.com\\\/wp-content\\\/uploads\\\/2025\\\/07\\\/elitebooks-ogimage-1200x627_09102024.avif\",\"width\":1200,\"height\":627,\"caption\":\"laptops\"},{\"@type\":\"BreadcrumbList\",\"@id\":\"https:\\\/\\\/www.revistarambla.com\\\/comparativa-hp-elitebook-frente-a-otras-laptops-corporativas\\\/#breadcrumb\",\"itemListElement\":[{\"@type\":\"ListItem\",\"position\":1,\"name\":\"Portada\",\"item\":\"https:\\\/\\\/www.revistarambla.com\\\/\"},{\"@type\":\"ListItem\",\"position\":2,\"name\":\"Comparativa: HP EliteBook frente a otras laptops corporativas\"}]},{\"@type\":\"WebSite\",\"@id\":\"https:\\\/\\\/www.revistarambla.com\\\/#website\",\"url\":\"https:\\\/\\\/www.revistarambla.com\\\/\",\"name\":\"Revista Rambla Barcelona\",\"description\":\"Periodismo independiente\",\"publisher\":{\"@id\":\"https:\\\/\\\/www.revistarambla.com\\\/#organization\"},\"potentialAction\":[{\"@type\":\"SearchAction\",\"target\":{\"@type\":\"EntryPoint\",\"urlTemplate\":\"https:\\\/\\\/www.revistarambla.com\\\/?s={search_term_string}\"},\"query-input\":{\"@type\":\"PropertyValueSpecification\",\"valueRequired\":true,\"valueName\":\"search_term_string\"}}],\"inLanguage\":\"en-GB\"},{\"@type\":\"Organization\",\"@id\":\"https:\\\/\\\/www.revistarambla.com\\\/#organization\",\"name\":\"Revista Rambla\",\"url\":\"https:\\\/\\\/www.revistarambla.com\\\/\",\"logo\":{\"@type\":\"ImageObject\",\"inLanguage\":\"en-GB\",\"@id\":\"https:\\\/\\\/www.revistarambla.com\\\/#\\\/schema\\\/logo\\\/image\\\/\",\"url\":\"https:\\\/\\\/www.revistarambla.com\\\/wp-content\\\/uploads\\\/2020\\\/09\\\/banner_rambla_1900x600_BB.png\",\"contentUrl\":\"https:\\\/\\\/www.revistarambla.com\\\/wp-content\\\/uploads\\\/2020\\\/09\\\/banner_rambla_1900x600_BB.png\",\"width\":1900,\"height\":600,\"caption\":\"Revista Rambla\"},\"image\":{\"@id\":\"https:\\\/\\\/www.revistarambla.com\\\/#\\\/schema\\\/logo\\\/image\\\/\"},\"sameAs\":[\"https:\\\/\\\/www.facebook.com\\\/revistarambla\\\/\",\"https:\\\/\\\/x.com\\\/revistarambla\",\"https:\\\/\\\/www.instagram.com\\\/revista_rambla\",\"https:\\\/\\\/es.linkedin.com\\\/company\\\/revista-rambla\"]},{\"@type\":\"Person\",\"@id\":\"https:\\\/\\\/www.revistarambla.com\\\/#\\\/schema\\\/person\\\/2b19179a8ace334b829ad72cc6e6ce97\",\"name\":\"Manuel S\u00e1nchez\"}]}<\/script>\n<!-- \/ Yoast SEO plugin. -->","yoast_head_json":{"title":"Comparativa: HP EliteBook frente a otras laptops corporativas - Revista Rambla","robots":{"index":"index","follow":"follow","max-snippet":"max-snippet:-1","max-image-preview":"max-image-preview:large","max-video-preview":"max-video-preview:-1"},"canonical":"https:\/\/www.revistarambla.com\/en\/comparativa-hp-elitebook-frente-a-otras-laptops-corporativas\/","og_locale":"en_GB","og_type":"article","og_title":"Comparativa: HP EliteBook frente a otras laptops corporativas - Revista Rambla","og_description":"Cuando se trata de adquirir laptops para entornos empresariales, especialmente en compras a volumen, elegir el modelo adecuado puede tener un gran impacto en la productividad y eficiencia de una organizaci\u00f3n. En esta comparativa eficiente, analizamos por qu\u00e9 la HP EliteBook se posiciona como la mejor opci\u00f3n frente a otros [&hellip;]","og_url":"https:\/\/www.revistarambla.com\/en\/comparativa-hp-elitebook-frente-a-otras-laptops-corporativas\/","og_site_name":"Revista Rambla","article_publisher":"https:\/\/www.facebook.com\/revistarambla\/","article_published_time":"2025-07-10T17:59:07+00:00","article_modified_time":"2025-09-03T13:08:32+00:00","author":"Manuel S\u00e1nchez","twitter_card":"summary_large_image","twitter_creator":"@revistarambla","twitter_site":"@revistarambla","twitter_misc":{"Written by":"Manuel S\u00e1nchez","Estimated reading time":"3 minutes"},"schema":{"@context":"https:\/\/schema.org","@graph":[{"@type":"Article","@id":"https:\/\/www.revistarambla.com\/comparativa-hp-elitebook-frente-a-otras-laptops-corporativas\/#article","isPartOf":{"@id":"https:\/\/www.revistarambla.com\/comparativa-hp-elitebook-frente-a-otras-laptops-corporativas\/"},"author":{"name":"Manuel S\u00e1nchez","@id":"https:\/\/www.revistarambla.com\/#\/schema\/person\/2b19179a8ace334b829ad72cc6e6ce97"},"headline":"Comparativa: HP EliteBook frente a otras laptops corporativas","datePublished":"2025-07-10T17:59:07+00:00","dateModified":"2025-09-03T13:08:32+00:00","mainEntityOfPage":{"@id":"https:\/\/www.revistarambla.com\/comparativa-hp-elitebook-frente-a-otras-laptops-corporativas\/"},"wordCount":463,"publisher":{"@id":"https:\/\/www.revistarambla.com\/#organization"},"image":{"@id":"https:\/\/www.revistarambla.com\/comparativa-hp-elitebook-frente-a-otras-laptops-corporativas\/#primaryimage"},"thumbnailUrl":"https:\/\/www.revistarambla.com\/wp-content\/uploads\/2025\/07\/elitebooks-ogimage-1200x627_09102024.avif","articleSection":["Noticias de la vida"],"inLanguage":"en-GB"},{"@type":"WebPage","@id":"https:\/\/www.revistarambla.com\/comparativa-hp-elitebook-frente-a-otras-laptops-corporativas\/","url":"https:\/\/www.revistarambla.com\/comparativa-hp-elitebook-frente-a-otras-laptops-corporativas\/","name":"Comparativa: HP EliteBook frente a otras laptops corporativas - Revista Rambla","isPartOf":{"@id":"https:\/\/www.revistarambla.com\/#website"},"primaryImageOfPage":{"@id":"https:\/\/www.revistarambla.com\/comparativa-hp-elitebook-frente-a-otras-laptops-corporativas\/#primaryimage"},"image":{"@id":"https:\/\/www.revistarambla.com\/comparativa-hp-elitebook-frente-a-otras-laptops-corporativas\/#primaryimage"},"thumbnailUrl":"https:\/\/www.revistarambla.com\/wp-content\/uploads\/2025\/07\/elitebooks-ogimage-1200x627_09102024.avif","datePublished":"2025-07-10T17:59:07+00:00","dateModified":"2025-09-03T13:08:32+00:00","breadcrumb":{"@id":"https:\/\/www.revistarambla.com\/comparativa-hp-elitebook-frente-a-otras-laptops-corporativas\/#breadcrumb"},"inLanguage":"en-GB","potentialAction":[{"@type":"ReadAction","target":["https:\/\/www.revistarambla.com\/comparativa-hp-elitebook-frente-a-otras-laptops-corporativas\/"]}]},{"@type":"ImageObject","inLanguage":"en-GB","@id":"https:\/\/www.revistarambla.com\/comparativa-hp-elitebook-frente-a-otras-laptops-corporativas\/#primaryimage","url":"https:\/\/www.revistarambla.com\/wp-content\/uploads\/2025\/07\/elitebooks-ogimage-1200x627_09102024.avif","contentUrl":"https:\/\/www.revistarambla.com\/wp-content\/uploads\/2025\/07\/elitebooks-ogimage-1200x627_09102024.avif","width":1200,"height":627,"caption":"laptops"},{"@type":"BreadcrumbList","@id":"https:\/\/www.revistarambla.com\/comparativa-hp-elitebook-frente-a-otras-laptops-corporativas\/#breadcrumb","itemListElement":[{"@type":"ListItem","position":1,"name":"Portada","item":"https:\/\/www.revistarambla.com\/"},{"@type":"ListItem","position":2,"name":"Comparativa: HP EliteBook frente a otras laptops corporativas"}]},{"@type":"WebSite","@id":"https:\/\/www.revistarambla.com\/#website","url":"https:\/\/www.revistarambla.com\/","name":"Revista Rambla Barcelona","description":"Periodismo independiente","publisher":{"@id":"https:\/\/www.revistarambla.com\/#organization"},"potentialAction":[{"@type":"SearchAction","target":{"@type":"EntryPoint","urlTemplate":"https:\/\/www.revistarambla.com\/?s={search_term_string}"},"query-input":{"@type":"PropertyValueSpecification","valueRequired":true,"valueName":"search_term_string"}}],"inLanguage":"en-GB"},{"@type":"Organization","@id":"https:\/\/www.revistarambla.com\/#organization","name":"Revista Rambla","url":"https:\/\/www.revistarambla.com\/","logo":{"@type":"ImageObject","inLanguage":"en-GB","@id":"https:\/\/www.revistarambla.com\/#\/schema\/logo\/image\/","url":"https:\/\/www.revistarambla.com\/wp-content\/uploads\/2020\/09\/banner_rambla_1900x600_BB.png","contentUrl":"https:\/\/www.revistarambla.com\/wp-content\/uploads\/2020\/09\/banner_rambla_1900x600_BB.png","width":1900,"height":600,"caption":"Revista Rambla"},"image":{"@id":"https:\/\/www.revistarambla.com\/#\/schema\/logo\/image\/"},"sameAs":["https:\/\/www.facebook.com\/revistarambla\/","https:\/\/x.com\/revistarambla","https:\/\/www.instagram.com\/revista_rambla","https:\/\/es.linkedin.com\/company\/revista-rambla"]},{"@type":"Person","@id":"https:\/\/www.revistarambla.com\/#\/schema\/person\/2b19179a8ace334b829ad72cc6e6ce97","name":"Manuel S\u00e1nchez"}]}},"_links":{"self":[{"href":"https:\/\/www.revistarambla.com\/en\/wp-json\/wp\/v2\/posts\/65695","targetHints":{"allow":["GET"]}}],"collection":[{"href":"https:\/\/www.revistarambla.com\/en\/wp-json\/wp\/v2\/posts"}],"about":[{"href":"https:\/\/www.revistarambla.com\/en\/wp-json\/wp\/v2\/types\/post"}],"author":[{"embeddable":true,"href":"https:\/\/www.revistarambla.com\/en\/wp-json\/wp\/v2\/users\/15"}],"replies":[{"embeddable":true,"href":"https:\/\/www.revistarambla.com\/en\/wp-json\/wp\/v2\/comments?post=65695"}],"version-history":[{"count":1,"href":"https:\/\/www.revistarambla.com\/en\/wp-json\/wp\/v2\/posts\/65695\/revisions"}],"predecessor-version":[{"id":65697,"href":"https:\/\/www.revistarambla.com\/en\/wp-json\/wp\/v2\/posts\/65695\/revisions\/65697"}],"wp:featuredmedia":[{"embeddable":true,"href":"https:\/\/www.revistarambla.com\/en\/wp-json\/wp\/v2\/media\/65696"}],"wp:attachment":[{"href":"https:\/\/www.revistarambla.com\/en\/wp-json\/wp\/v2\/media?parent=65695"}],"wp:term":[{"taxonomy":"category","embeddable":true,"href":"https:\/\/www.revistarambla.com\/en\/wp-json\/wp\/v2\/categories?post=65695"},{"taxonomy":"post_tag","embeddable":true,"href":"https:\/\/www.revistarambla.com\/en\/wp-json\/wp\/v2\/tags?post=65695"}],"curies":[{"name":"wp","href":"https:\/\/api.w.org\/{rel}","templated":true}]}}