{"id":65689,"date":"2025-07-09T13:29:55","date_gmt":"2025-07-09T11:29:55","guid":{"rendered":"https:\/\/www.revistarambla.com\/?p=65689"},"modified":"2025-07-09T13:29:55","modified_gmt":"2025-07-09T11:29:55","slug":"acampada-a-las-puertas-del-albergue-de-nou-barris-por-la-saturacion-del-centro","status":"publish","type":"post","link":"https:\/\/www.revistarambla.com\/en\/acampada-a-las-puertas-del-albergue-de-nou-barris-por-la-saturacion-del-centro\/","title":{"rendered":"Acampada a las puertas del albergue de Nou Barris por la saturaci\u00f3n del centro"},"content":{"rendered":"<p>En el coraz\u00f3n del distrito de Nou Barris, uno de los m\u00e1s humildes y diversos de Barcelona, se encuentra el Parque Central, un espacio que deber\u00eda ser un pulm\u00f3n verde y un lugar de encuentro para familias, ni\u00f1os y vecinos. Sin embargo, en los \u00faltimos a\u00f1os, este entorno ha perdido su esencia de convivencia y seguridad, transform\u00e1ndose en un escenario de preocupaci\u00f3n para los residentes. La presencia de un Centro de Primera Acogida ubicado en un edificio del antiguo hospital mental, junto a la sede de la Guardia Urbana, ha generado una serie de problemas que han desatado el malestar vecinal. Desde acampadas en espacios p\u00fablicos hasta actos de incivismo, tr\u00e1fico de drogas y agresiones, los habitantes de Nou Barris claman por soluciones urgentes ante una situaci\u00f3n que, seg\u00fan ellos, \u201cha destrozado el barrio\u201d.<\/p>\n<h2>Un Barrio con Historia y Lucha<\/h2>\n<p>Nou Barris, situado en el norte de Barcelona, es conocido por su pasado de luchas vecinales y obreras. Desde los a\u00f1os 60 y 70, los residentes de este distrito han trabajado incansablemente para mejorar sus condiciones de vida, enfrent\u00e1ndose a la marginaci\u00f3n y la falta de recursos. Barrios como Ciutat Meridiana, Torre Bar\u00f3 o Les Roquetes han sido testigos de movilizaciones hist\u00f3ricas que lograron avances como el acceso a agua corriente, electricidad y mejores infraestructuras. Sin embargo, a pesar de estas conquistas, Nou Barris sigue siendo uno de los distritos m\u00e1s pobres de la ciudad, con un \u00edndice de renta familiar significativamente m\u00e1s bajo que la media barcelonesa.<\/p>\n<p>El Parque Central de Nou Barris, inaugurado como un espacio para revitalizar el distrito, representa un esfuerzo por ofrecer un lugar de esparcimiento y cohesi\u00f3n social. Con sus \u00e1reas verdes, pistas deportivas y zonas infantiles, el parque deber\u00eda ser un s\u00edmbolo de orgullo para los vecinos. Sin embargo, la realidad actual dista mucho de esta visi\u00f3n id\u00edlica. Los residentes denuncian que el entorno se ha degradado, convirti\u00e9ndose en un foco de inseguridad y conflictos que afectan la calidad de vida de quienes lo frecuentan.<\/p>\n<h2>El Centro de Primera Acogida<\/h2>\n<p>En uno de los edificios del antiguo hospital mental, un vestigio de la historia del distrito, opera un Centro de Primera Acogida que ha sido se\u00f1alado como el epicentro de los problemas. Este albergue, destinado a personas sin hogar y migrantes en situaci\u00f3n vulnerable, ha generado tensiones debido a la conducta de algunos de sus usuarios. Seg\u00fan los vecinos, lo que inicialmente fue una iniciativa bienintencionada se ha transformado en un foco de incivismo y delincuencia.<\/p>\n<p>Los testimonios de los residentes son contundentes. \u201cAlgunos de ellos acampan en los portales, tienden la ropa en los jardines y utilizan los espacios p\u00fablicos como si fueran su casa\u201d, relata Mar\u00eda, una vecina de 45 a\u00f1os que vive cerca del Parque Central. \u201cNo es solo la suciedad, es la sensaci\u00f3n de inseguridad. Hay personas que van drogadas, como zombis, y en m\u00e1s de una ocasi\u00f3n han amenazado a quienes pasan por ah\u00ed\u201d. Estas quejas se repiten en las asociaciones vecinales y en las redes sociales, donde los residentes expresan su frustraci\u00f3n por la falta de acci\u00f3n de las autoridades.<\/p>\n<p>El problema no es nuevo. Desde al menos 2018, se han documentado incidentes relacionados con el albergue, incluyendo agresiones a agentes de la Guardia Urbana. Un caso notable ocurri\u00f3 el 8 de enero de ese a\u00f1o, cuando dos polic\u00edas fueron atacados por un usuario del centro. M\u00e1s recientemente, el sindicato CSIF denunci\u00f3 un apu\u00f1alamiento entre residentes del albergue, adem\u00e1s de actos vand\u00e1licos como destrozos en veh\u00edculos particulares y mobiliario urbano. La proximidad de la comisar\u00eda de la Guardia Urbana, ubicada en el mismo complejo del antiguo hospital, no parece haber disuadido estas conductas, lo que ha llevado a los vecinos a cuestionar la efectividad de las fuerzas de seguridad.<\/p>\n<h2>La Degradaci\u00f3n del Parque Central<\/h2>\n<p>El Parque Central, dise\u00f1ado como un espacio para el disfrute de los ni\u00f1os y las familias, se ha convertido en un lugar donde muchos prefieren no transitar, especialmente al caer la noche. Los vecinos denuncian que las \u00e1reas verdes han sido ocupadas por acampadas improvisadas, con tiendas de campa\u00f1a, ropa tendida y residuos esparcidos por el c\u00e9sped. \u201cEs un parque para nuestros hijos, pero ahora da miedo llevarlos\u201d, lamenta Javier, un padre de familia de Les Roquetes. \u201cLos jardines est\u00e1n sucios, hay jeringuillas y botellas rotas. No es un lugar seguro\u201d.<\/p>\n<p>El tr\u00e1fico de drogas es otra preocupaci\u00f3n recurrente. Seg\u00fan fuentes vecinales, se han observado transacciones de estupefacientes en los alrededores del albergue y el parque, lo que contribuye a la percepci\u00f3n de inseguridad. En algunos casos, los residentes han reportado amenazas directas por parte de personas bajo los efectos de sustancias, lo que ha generado un clima de tensi\u00f3n constante. \u201cNo se trata de estigmatizar a nadie\u201d, aclara Ana, presidenta de una asociaci\u00f3n vecinal. \u201cSabemos que muchas personas en el albergue necesitan ayuda, pero tambi\u00e9n necesitamos que se controle la situaci\u00f3n para que el barrio no pague las consecuencias\u201d.<\/p>\n<h2>La Respuesta de las Autoridades: \u00bfSuficiente o Insuficiente?<\/h2>\n<p>La indignaci\u00f3n de los vecinos se dirige, en gran medida, a la aparente dejadez de las autoridades. A pesar de las protestas y las denuncias, las medidas tomadas hasta ahora han sido insuficientes para abordar el problema de ra\u00edz. En junio de 2025, cientos de residentes se manifestaron bajo el lema \u201cSeguridad, limpieza y civismo. Queremos vivir en paz\u201d, exigiendo al Ayuntamiento de Barcelona soluciones concretas. La marcha, que comenz\u00f3 en la plaza Major de Nou Barris y culmin\u00f3 en la plaza de la Rep\u00fablica, reflej\u00f3 el hartazgo de una comunidad que se siente abandonada.<\/p>\n<p>En respuesta a la presi\u00f3n vecinal, el consistorio ha implementado algunas medidas, como un aumento en la presencia policial y operativos de limpieza en el parque. Seg\u00fan un comunicado reciente del Ayuntamiento, tambi\u00e9n se han reactivado las fuentes p\u00fablicas y se ha intensificado el control de las acampadas. Sin embargo, los vecinos se\u00f1alan que estas acciones son paliativas y no resuelven el problema estructural. \u201cEs como poner una tirita en una herida abierta\u201d, afirma Carlos, un comerciante local. \u201cMientras el albergue siga generando estos conflictos, el barrio no va a mejorar\u201d.<\/p>\n<p>El sindicato CSIF ha propuesto reubicar el Centro de Primera Acogida a una zona menos transitada, argumentando que su ubicaci\u00f3n actual, cerca de una biblioteca, un colegio y un centro de atenci\u00f3n a mujeres maltratadas, agrava los problemas de convivencia. Adem\u00e1s, han se\u00f1alado la falta de efectivos en la Guardia Urbana, estimada entre 400 y 900 agentes, como un obst\u00e1culo para garantizar la seguridad en el distrito. \u201cNo tenemos las herramientas necesarias para enfrentarnos a esta situaci\u00f3n\u201d, explica un representante sindical. \u201cNecesitamos m\u00e1s recursos y una estrategia clara\u201d.<\/p>\n<h2>La Voz de los Vecinos<\/h2>\n<p>Las asociaciones vecinales de Nou Barris, como las de La Prosperitat, Les Roquetes y Ciutat Meridiana, han sido fundamentales en canalizar las demandas de los residentes. Estas organizaciones, con una larga tradici\u00f3n de activismo, han organizado asambleas, manifestaciones y campa\u00f1as en redes sociales para visibilizar la crisis. En un editorial reciente, la Asociaci\u00f3n de Vecinos del Tur\u00f3 de la Peira calific\u00f3 la situaci\u00f3n como una \u201ccapitulaci\u00f3n de la autoridad\u201d, cuestionando la falta de respuestas efectivas por parte del Ayuntamiento.<\/p>\n<p>En las redes sociales, plataformas como @HelpNouBarris y @AvvTuro han amplificado las quejas de los vecinos, compartiendo im\u00e1genes de acampadas, destrozos y basura acumulada en el Parque Central. \u201cGracias a la presi\u00f3n vecinal, hemos conseguido algo de atenci\u00f3n, pero no es suficiente\u201d, se\u00f1ala un mensaje de @HelpNouBarris. Por su parte, pol\u00edticos locales como Daniel Sirera y representantes de partidos como Vox han utilizado el tema para exigir medidas m\u00e1s contundentes, incluyendo el cierre del albergue o la deportaci\u00f3n de personas que cometan delitos.<\/p>\n<p>Sin embargo, no todos los discursos son un\u00e1nimes. Algunos vecinos y colectivos advierten contra la estigmatizaci\u00f3n de los usuarios del albergue, muchos de los cuales son personas en situaci\u00f3n de extrema vulnerabilidad. \u201cNo se trata de culpar a los migrantes o a los sintecho\u201d, explica Marta, una trabajadora social del distrito. \u201cLo que necesitamos es una gesti\u00f3n responsable que combine la ayuda social con el control del espacio p\u00fablico\u201d.<\/p>\n<h2>Hacia una Soluci\u00f3n Integral<\/h2>\n<p>La crisis en Nou Barris pone de manifiesto la complejidad de abordar problemas sociales en un contexto de desigualdad y exclusi\u00f3n. Por un lado, el Centro de Primera Acogida cumple una funci\u00f3n esencial al ofrecer refugio a personas sin hogar y migrantes, pero su gesti\u00f3n inadecuada ha generado externalidades negativas que afectan a todo el barrio. Por otro lado, la falta de recursos policiales y la dejadez en el mantenimiento de los espacios p\u00fablicos han exacerbado la percepci\u00f3n de inseguridad.<\/p>\n<p>Para resolver esta situaci\u00f3n, los expertos sugieren un enfoque integral que combine varias estrategias. En primer lugar, es crucial mejorar la gesti\u00f3n del albergue, implementando controles m\u00e1s estrictos sobre los residentes conflictivos y ofreciendo programas de integraci\u00f3n y apoyo social. En segundo lugar, el Ayuntamiento debe invertir en la limpieza y mantenimiento del Parque Central, garantizando que vuelva a ser un espacio seguro y acogedor para las familias. Finalmente, es necesario reforzar la presencia policial y dotar a la Guardia Urbana de los recursos necesarios para responder a los incidentes de manera efectiva.<\/p>\n<p>Nou Barris no es un caso aislado. Otros barrios de Barcelona, como el Raval o Ciutat Meridiana, enfrentan problemas similares de inseguridad, incivismo y exclusi\u00f3n social. La soluci\u00f3n no pasa por criminalizar a los m\u00e1s vulnerables, sino por construir pol\u00edticas p\u00fablicas que equilibren la ayuda social con la convivencia vecinal. Mientras tanto, los residentes de Nou Barris seguir\u00e1n luchando por recuperar su barrio, un espacio que, con esfuerzo y voluntad, podr\u00eda volver a ser el orgullo de la comunidad.<\/p>","protected":false},"excerpt":{"rendered":"<p>En el coraz\u00f3n del distrito de Nou Barris, uno de los m\u00e1s humildes y diversos de Barcelona, se encuentra el Parque Central, un espacio que deber\u00eda ser un pulm\u00f3n verde y un lugar de encuentro para familias, ni\u00f1os y vecinos. Sin embargo, en los \u00faltimos a\u00f1os, este entorno ha perdido [&hellip;]<\/p>\n","protected":false},"author":3,"featured_media":65690,"comment_status":"closed","ping_status":"closed","sticky":false,"template":"","format":"standard","meta":{"footnotes":""},"categories":[76],"tags":[],"class_list":["post-65689","post","type-post","status-publish","format-standard","has-post-thumbnail","hentry","category-barcelona"],"yoast_head":"<!-- This site is optimized with the Yoast SEO plugin v27.5 - https:\/\/yoast.com\/product\/yoast-seo-wordpress\/ -->\n<title>Acampada a las puertas del albergue de Nou Barris por la saturaci\u00f3n del centro - Revista Rambla<\/title>\n<meta name=\"robots\" content=\"index, follow, max-snippet:-1, max-image-preview:large, max-video-preview:-1\" \/>\n<link rel=\"canonical\" href=\"https:\/\/www.revistarambla.com\/en\/acampada-a-las-puertas-del-albergue-de-nou-barris-por-la-saturacion-del-centro\/\" \/>\n<meta property=\"og:locale\" content=\"en_GB\" \/>\n<meta property=\"og:type\" content=\"article\" \/>\n<meta property=\"og:title\" content=\"Acampada a las puertas del albergue de Nou Barris por la saturaci\u00f3n del centro - Revista Rambla\" \/>\n<meta property=\"og:description\" content=\"En el coraz\u00f3n del distrito de Nou Barris, uno de los m\u00e1s humildes y diversos de Barcelona, se encuentra el Parque Central, un espacio que deber\u00eda ser un pulm\u00f3n verde y un lugar de encuentro para familias, ni\u00f1os y vecinos. Sin embargo, en los \u00faltimos a\u00f1os, este entorno ha perdido [&hellip;]\" \/>\n<meta property=\"og:url\" content=\"https:\/\/www.revistarambla.com\/en\/acampada-a-las-puertas-del-albergue-de-nou-barris-por-la-saturacion-del-centro\/\" \/>\n<meta property=\"og:site_name\" content=\"Revista Rambla\" \/>\n<meta property=\"article:publisher\" content=\"https:\/\/www.facebook.com\/revistarambla\/\" \/>\n<meta property=\"article:author\" content=\"https:\/\/www.facebook.com\/revistarambla\" \/>\n<meta property=\"article:published_time\" content=\"2025-07-09T11:29:55+00:00\" \/>\n<meta property=\"og:image\" content=\"https:\/\/www.revistarambla.com\/wp-content\/uploads\/2025\/07\/Centre-Residencial-de-Primera-Acollida-Nou-Barris.jpg\" \/>\n\t<meta property=\"og:image:width\" content=\"750\" \/>\n\t<meta property=\"og:image:height\" content=\"450\" \/>\n\t<meta property=\"og:image:type\" content=\"image\/jpeg\" \/>\n<meta name=\"author\" content=\"R@mbla\" \/>\n<meta name=\"twitter:card\" content=\"summary_large_image\" \/>\n<meta name=\"twitter:creator\" content=\"@revistarambla\" \/>\n<meta name=\"twitter:site\" content=\"@revistarambla\" \/>\n<meta name=\"twitter:label1\" content=\"Written by\" \/>\n\t<meta name=\"twitter:data1\" content=\"R@mbla\" \/>\n\t<meta name=\"twitter:label2\" content=\"Estimated reading time\" \/>\n\t<meta name=\"twitter:data2\" content=\"8 minutes\" \/>\n<script type=\"application\/ld+json\" class=\"yoast-schema-graph\">{\"@context\":\"https:\\\/\\\/schema.org\",\"@graph\":[{\"@type\":\"Article\",\"@id\":\"https:\\\/\\\/www.revistarambla.com\\\/acampada-a-las-puertas-del-albergue-de-nou-barris-por-la-saturacion-del-centro\\\/#article\",\"isPartOf\":{\"@id\":\"https:\\\/\\\/www.revistarambla.com\\\/acampada-a-las-puertas-del-albergue-de-nou-barris-por-la-saturacion-del-centro\\\/\"},\"author\":{\"name\":\"R@mbla\",\"@id\":\"https:\\\/\\\/www.revistarambla.com\\\/#\\\/schema\\\/person\\\/a146a5a2550b94981a75131180e1bd9c\"},\"headline\":\"Acampada a las puertas del albergue de Nou Barris por la saturaci\u00f3n del centro\",\"datePublished\":\"2025-07-09T11:29:55+00:00\",\"mainEntityOfPage\":{\"@id\":\"https:\\\/\\\/www.revistarambla.com\\\/acampada-a-las-puertas-del-albergue-de-nou-barris-por-la-saturacion-del-centro\\\/\"},\"wordCount\":1704,\"publisher\":{\"@id\":\"https:\\\/\\\/www.revistarambla.com\\\/#organization\"},\"image\":{\"@id\":\"https:\\\/\\\/www.revistarambla.com\\\/acampada-a-las-puertas-del-albergue-de-nou-barris-por-la-saturacion-del-centro\\\/#primaryimage\"},\"thumbnailUrl\":\"https:\\\/\\\/www.revistarambla.com\\\/wp-content\\\/uploads\\\/2025\\\/07\\\/Centre-Residencial-de-Primera-Acollida-Nou-Barris.jpg\",\"articleSection\":[\"Barcelona\"],\"inLanguage\":\"en-GB\"},{\"@type\":\"WebPage\",\"@id\":\"https:\\\/\\\/www.revistarambla.com\\\/acampada-a-las-puertas-del-albergue-de-nou-barris-por-la-saturacion-del-centro\\\/\",\"url\":\"https:\\\/\\\/www.revistarambla.com\\\/acampada-a-las-puertas-del-albergue-de-nou-barris-por-la-saturacion-del-centro\\\/\",\"name\":\"Acampada a las puertas del albergue de Nou Barris por la saturaci\u00f3n del centro - Revista Rambla\",\"isPartOf\":{\"@id\":\"https:\\\/\\\/www.revistarambla.com\\\/#website\"},\"primaryImageOfPage\":{\"@id\":\"https:\\\/\\\/www.revistarambla.com\\\/acampada-a-las-puertas-del-albergue-de-nou-barris-por-la-saturacion-del-centro\\\/#primaryimage\"},\"image\":{\"@id\":\"https:\\\/\\\/www.revistarambla.com\\\/acampada-a-las-puertas-del-albergue-de-nou-barris-por-la-saturacion-del-centro\\\/#primaryimage\"},\"thumbnailUrl\":\"https:\\\/\\\/www.revistarambla.com\\\/wp-content\\\/uploads\\\/2025\\\/07\\\/Centre-Residencial-de-Primera-Acollida-Nou-Barris.jpg\",\"datePublished\":\"2025-07-09T11:29:55+00:00\",\"breadcrumb\":{\"@id\":\"https:\\\/\\\/www.revistarambla.com\\\/acampada-a-las-puertas-del-albergue-de-nou-barris-por-la-saturacion-del-centro\\\/#breadcrumb\"},\"inLanguage\":\"en-GB\",\"potentialAction\":[{\"@type\":\"ReadAction\",\"target\":[\"https:\\\/\\\/www.revistarambla.com\\\/acampada-a-las-puertas-del-albergue-de-nou-barris-por-la-saturacion-del-centro\\\/\"]}]},{\"@type\":\"ImageObject\",\"inLanguage\":\"en-GB\",\"@id\":\"https:\\\/\\\/www.revistarambla.com\\\/acampada-a-las-puertas-del-albergue-de-nou-barris-por-la-saturacion-del-centro\\\/#primaryimage\",\"url\":\"https:\\\/\\\/www.revistarambla.com\\\/wp-content\\\/uploads\\\/2025\\\/07\\\/Centre-Residencial-de-Primera-Acollida-Nou-Barris.jpg\",\"contentUrl\":\"https:\\\/\\\/www.revistarambla.com\\\/wp-content\\\/uploads\\\/2025\\\/07\\\/Centre-Residencial-de-Primera-Acollida-Nou-Barris.jpg\",\"width\":750,\"height\":450,\"caption\":\"acampada nou barris\"},{\"@type\":\"BreadcrumbList\",\"@id\":\"https:\\\/\\\/www.revistarambla.com\\\/acampada-a-las-puertas-del-albergue-de-nou-barris-por-la-saturacion-del-centro\\\/#breadcrumb\",\"itemListElement\":[{\"@type\":\"ListItem\",\"position\":1,\"name\":\"Portada\",\"item\":\"https:\\\/\\\/www.revistarambla.com\\\/\"},{\"@type\":\"ListItem\",\"position\":2,\"name\":\"Acampada a las puertas del albergue de Nou Barris por la saturaci\u00f3n del centro\"}]},{\"@type\":\"WebSite\",\"@id\":\"https:\\\/\\\/www.revistarambla.com\\\/#website\",\"url\":\"https:\\\/\\\/www.revistarambla.com\\\/\",\"name\":\"Revista Rambla Barcelona\",\"description\":\"Periodismo independiente\",\"publisher\":{\"@id\":\"https:\\\/\\\/www.revistarambla.com\\\/#organization\"},\"potentialAction\":[{\"@type\":\"SearchAction\",\"target\":{\"@type\":\"EntryPoint\",\"urlTemplate\":\"https:\\\/\\\/www.revistarambla.com\\\/?s={search_term_string}\"},\"query-input\":{\"@type\":\"PropertyValueSpecification\",\"valueRequired\":true,\"valueName\":\"search_term_string\"}}],\"inLanguage\":\"en-GB\"},{\"@type\":\"Organization\",\"@id\":\"https:\\\/\\\/www.revistarambla.com\\\/#organization\",\"name\":\"Revista Rambla\",\"url\":\"https:\\\/\\\/www.revistarambla.com\\\/\",\"logo\":{\"@type\":\"ImageObject\",\"inLanguage\":\"en-GB\",\"@id\":\"https:\\\/\\\/www.revistarambla.com\\\/#\\\/schema\\\/logo\\\/image\\\/\",\"url\":\"https:\\\/\\\/www.revistarambla.com\\\/wp-content\\\/uploads\\\/2020\\\/09\\\/banner_rambla_1900x600_BB.png\",\"contentUrl\":\"https:\\\/\\\/www.revistarambla.com\\\/wp-content\\\/uploads\\\/2020\\\/09\\\/banner_rambla_1900x600_BB.png\",\"width\":1900,\"height\":600,\"caption\":\"Revista Rambla\"},\"image\":{\"@id\":\"https:\\\/\\\/www.revistarambla.com\\\/#\\\/schema\\\/logo\\\/image\\\/\"},\"sameAs\":[\"https:\\\/\\\/www.facebook.com\\\/revistarambla\\\/\",\"https:\\\/\\\/x.com\\\/revistarambla\",\"https:\\\/\\\/www.instagram.com\\\/revista_rambla\",\"https:\\\/\\\/es.linkedin.com\\\/company\\\/revista-rambla\"]},{\"@type\":\"Person\",\"@id\":\"https:\\\/\\\/www.revistarambla.com\\\/#\\\/schema\\\/person\\\/a146a5a2550b94981a75131180e1bd9c\",\"name\":\"R@mbla\",\"description\":\"Este art\u00edculo ha sido redactado y\\\/o validado por el equipo de redacci\u00f3n de Revista Rambla.\",\"sameAs\":[\"https:\\\/\\\/www.revistarambla.com\\\/\",\"https:\\\/\\\/www.facebook.com\\\/revistarambla\",\"https:\\\/\\\/x.com\\\/revistarambla\"]}]}<\/script>\n<!-- \/ Yoast SEO plugin. -->","yoast_head_json":{"title":"Acampada a las puertas del albergue de Nou Barris por la saturaci\u00f3n del centro - Revista Rambla","robots":{"index":"index","follow":"follow","max-snippet":"max-snippet:-1","max-image-preview":"max-image-preview:large","max-video-preview":"max-video-preview:-1"},"canonical":"https:\/\/www.revistarambla.com\/en\/acampada-a-las-puertas-del-albergue-de-nou-barris-por-la-saturacion-del-centro\/","og_locale":"en_GB","og_type":"article","og_title":"Acampada a las puertas del albergue de Nou Barris por la saturaci\u00f3n del centro - Revista Rambla","og_description":"En el coraz\u00f3n del distrito de Nou Barris, uno de los m\u00e1s humildes y diversos de Barcelona, se encuentra el Parque Central, un espacio que deber\u00eda ser un pulm\u00f3n verde y un lugar de encuentro para familias, ni\u00f1os y vecinos. Sin embargo, en los \u00faltimos a\u00f1os, este entorno ha perdido [&hellip;]","og_url":"https:\/\/www.revistarambla.com\/en\/acampada-a-las-puertas-del-albergue-de-nou-barris-por-la-saturacion-del-centro\/","og_site_name":"Revista Rambla","article_publisher":"https:\/\/www.facebook.com\/revistarambla\/","article_author":"https:\/\/www.facebook.com\/revistarambla","article_published_time":"2025-07-09T11:29:55+00:00","og_image":[{"width":750,"height":450,"url":"https:\/\/www.revistarambla.com\/wp-content\/uploads\/2025\/07\/Centre-Residencial-de-Primera-Acollida-Nou-Barris.jpg","type":"image\/jpeg"}],"author":"R@mbla","twitter_card":"summary_large_image","twitter_creator":"@revistarambla","twitter_site":"@revistarambla","twitter_misc":{"Written by":"R@mbla","Estimated reading time":"8 minutes"},"schema":{"@context":"https:\/\/schema.org","@graph":[{"@type":"Article","@id":"https:\/\/www.revistarambla.com\/acampada-a-las-puertas-del-albergue-de-nou-barris-por-la-saturacion-del-centro\/#article","isPartOf":{"@id":"https:\/\/www.revistarambla.com\/acampada-a-las-puertas-del-albergue-de-nou-barris-por-la-saturacion-del-centro\/"},"author":{"name":"R@mbla","@id":"https:\/\/www.revistarambla.com\/#\/schema\/person\/a146a5a2550b94981a75131180e1bd9c"},"headline":"Acampada a las puertas del albergue de Nou Barris por la saturaci\u00f3n del centro","datePublished":"2025-07-09T11:29:55+00:00","mainEntityOfPage":{"@id":"https:\/\/www.revistarambla.com\/acampada-a-las-puertas-del-albergue-de-nou-barris-por-la-saturacion-del-centro\/"},"wordCount":1704,"publisher":{"@id":"https:\/\/www.revistarambla.com\/#organization"},"image":{"@id":"https:\/\/www.revistarambla.com\/acampada-a-las-puertas-del-albergue-de-nou-barris-por-la-saturacion-del-centro\/#primaryimage"},"thumbnailUrl":"https:\/\/www.revistarambla.com\/wp-content\/uploads\/2025\/07\/Centre-Residencial-de-Primera-Acollida-Nou-Barris.jpg","articleSection":["Barcelona"],"inLanguage":"en-GB"},{"@type":"WebPage","@id":"https:\/\/www.revistarambla.com\/acampada-a-las-puertas-del-albergue-de-nou-barris-por-la-saturacion-del-centro\/","url":"https:\/\/www.revistarambla.com\/acampada-a-las-puertas-del-albergue-de-nou-barris-por-la-saturacion-del-centro\/","name":"Acampada a las puertas del albergue de Nou Barris por la saturaci\u00f3n del centro - Revista Rambla","isPartOf":{"@id":"https:\/\/www.revistarambla.com\/#website"},"primaryImageOfPage":{"@id":"https:\/\/www.revistarambla.com\/acampada-a-las-puertas-del-albergue-de-nou-barris-por-la-saturacion-del-centro\/#primaryimage"},"image":{"@id":"https:\/\/www.revistarambla.com\/acampada-a-las-puertas-del-albergue-de-nou-barris-por-la-saturacion-del-centro\/#primaryimage"},"thumbnailUrl":"https:\/\/www.revistarambla.com\/wp-content\/uploads\/2025\/07\/Centre-Residencial-de-Primera-Acollida-Nou-Barris.jpg","datePublished":"2025-07-09T11:29:55+00:00","breadcrumb":{"@id":"https:\/\/www.revistarambla.com\/acampada-a-las-puertas-del-albergue-de-nou-barris-por-la-saturacion-del-centro\/#breadcrumb"},"inLanguage":"en-GB","potentialAction":[{"@type":"ReadAction","target":["https:\/\/www.revistarambla.com\/acampada-a-las-puertas-del-albergue-de-nou-barris-por-la-saturacion-del-centro\/"]}]},{"@type":"ImageObject","inLanguage":"en-GB","@id":"https:\/\/www.revistarambla.com\/acampada-a-las-puertas-del-albergue-de-nou-barris-por-la-saturacion-del-centro\/#primaryimage","url":"https:\/\/www.revistarambla.com\/wp-content\/uploads\/2025\/07\/Centre-Residencial-de-Primera-Acollida-Nou-Barris.jpg","contentUrl":"https:\/\/www.revistarambla.com\/wp-content\/uploads\/2025\/07\/Centre-Residencial-de-Primera-Acollida-Nou-Barris.jpg","width":750,"height":450,"caption":"acampada nou barris"},{"@type":"BreadcrumbList","@id":"https:\/\/www.revistarambla.com\/acampada-a-las-puertas-del-albergue-de-nou-barris-por-la-saturacion-del-centro\/#breadcrumb","itemListElement":[{"@type":"ListItem","position":1,"name":"Portada","item":"https:\/\/www.revistarambla.com\/"},{"@type":"ListItem","position":2,"name":"Acampada a las puertas del albergue de Nou Barris por la saturaci\u00f3n del centro"}]},{"@type":"WebSite","@id":"https:\/\/www.revistarambla.com\/#website","url":"https:\/\/www.revistarambla.com\/","name":"Revista Rambla Barcelona","description":"Periodismo independiente","publisher":{"@id":"https:\/\/www.revistarambla.com\/#organization"},"potentialAction":[{"@type":"SearchAction","target":{"@type":"EntryPoint","urlTemplate":"https:\/\/www.revistarambla.com\/?s={search_term_string}"},"query-input":{"@type":"PropertyValueSpecification","valueRequired":true,"valueName":"search_term_string"}}],"inLanguage":"en-GB"},{"@type":"Organization","@id":"https:\/\/www.revistarambla.com\/#organization","name":"Revista Rambla","url":"https:\/\/www.revistarambla.com\/","logo":{"@type":"ImageObject","inLanguage":"en-GB","@id":"https:\/\/www.revistarambla.com\/#\/schema\/logo\/image\/","url":"https:\/\/www.revistarambla.com\/wp-content\/uploads\/2020\/09\/banner_rambla_1900x600_BB.png","contentUrl":"https:\/\/www.revistarambla.com\/wp-content\/uploads\/2020\/09\/banner_rambla_1900x600_BB.png","width":1900,"height":600,"caption":"Revista Rambla"},"image":{"@id":"https:\/\/www.revistarambla.com\/#\/schema\/logo\/image\/"},"sameAs":["https:\/\/www.facebook.com\/revistarambla\/","https:\/\/x.com\/revistarambla","https:\/\/www.instagram.com\/revista_rambla","https:\/\/es.linkedin.com\/company\/revista-rambla"]},{"@type":"Person","@id":"https:\/\/www.revistarambla.com\/#\/schema\/person\/a146a5a2550b94981a75131180e1bd9c","name":"R@mbla","description":"Este art\u00edculo ha sido redactado y\/o validado por el equipo de redacci\u00f3n de Revista Rambla.","sameAs":["https:\/\/www.revistarambla.com\/","https:\/\/www.facebook.com\/revistarambla","https:\/\/x.com\/revistarambla"]}]}},"_links":{"self":[{"href":"https:\/\/www.revistarambla.com\/en\/wp-json\/wp\/v2\/posts\/65689","targetHints":{"allow":["GET"]}}],"collection":[{"href":"https:\/\/www.revistarambla.com\/en\/wp-json\/wp\/v2\/posts"}],"about":[{"href":"https:\/\/www.revistarambla.com\/en\/wp-json\/wp\/v2\/types\/post"}],"author":[{"embeddable":true,"href":"https:\/\/www.revistarambla.com\/en\/wp-json\/wp\/v2\/users\/3"}],"replies":[{"embeddable":true,"href":"https:\/\/www.revistarambla.com\/en\/wp-json\/wp\/v2\/comments?post=65689"}],"version-history":[{"count":1,"href":"https:\/\/www.revistarambla.com\/en\/wp-json\/wp\/v2\/posts\/65689\/revisions"}],"predecessor-version":[{"id":65691,"href":"https:\/\/www.revistarambla.com\/en\/wp-json\/wp\/v2\/posts\/65689\/revisions\/65691"}],"wp:featuredmedia":[{"embeddable":true,"href":"https:\/\/www.revistarambla.com\/en\/wp-json\/wp\/v2\/media\/65690"}],"wp:attachment":[{"href":"https:\/\/www.revistarambla.com\/en\/wp-json\/wp\/v2\/media?parent=65689"}],"wp:term":[{"taxonomy":"category","embeddable":true,"href":"https:\/\/www.revistarambla.com\/en\/wp-json\/wp\/v2\/categories?post=65689"},{"taxonomy":"post_tag","embeddable":true,"href":"https:\/\/www.revistarambla.com\/en\/wp-json\/wp\/v2\/tags?post=65689"}],"curies":[{"name":"wp","href":"https:\/\/api.w.org\/{rel}","templated":true}]}}