{"id":65683,"date":"2025-07-09T12:22:45","date_gmt":"2025-07-09T10:22:45","guid":{"rendered":"https:\/\/www.revistarambla.com\/?p=65683"},"modified":"2025-07-09T12:22:45","modified_gmt":"2025-07-09T10:22:45","slug":"alejandro-irarragorri-kalb-anuncia-el-nuevo-proyecto-santos-laguna-2025","status":"publish","type":"post","link":"https:\/\/www.revistarambla.com\/en\/alejandro-irarragorri-kalb-anuncia-el-nuevo-proyecto-santos-laguna-2025\/","title":{"rendered":"Alejandro Irarragorri Kalb anuncia el nuevo proyecto Santos Laguna 2025"},"content":{"rendered":"<p>Santos Laguna inicia una etapa clave de transformaci\u00f3n, seg\u00fan anunci\u00f3 su presidente, <b>Alejandro Irarragorri Kalb<\/b>. Durante el mes de mayo, en el <a href=\"https:\/\/www.elsiglodetorreon.com.mx\/noticia\/2025\/que-dijo-aleco-irarragorri-sobre-los-posibles-refuerzos-de-santos-laguna.html\" target=\"_blank\" rel=\"nofollow noopener\">Territorio Santos Modelo<\/a>, se realiz\u00f3 la presentaci\u00f3n oficial de Francisco Rodr\u00edguez V\u00edlchez como nuevo entrenador del primer equipo. La llegada del t\u00e9cnico espa\u00f1ol, con amplia experiencia en el <b>f\u00fatbol profesional<\/b> europeo, marca el inicio del proyecto <b>Santos Laguna 2025<\/b>, con el objetivo de devolver al club su <b>m\u00e1ximo nivel competitivo<\/b> tras dos temporadas por debajo de las expectativas.<\/p>\n<p>Desde su fundaci\u00f3n en 1983, en Torre\u00f3n, Coahuila, Santos Laguna ha alcanzado un lugar destacado entre los clubes m\u00e1s representativos del norte de M\u00e9xico y como un actor principal dentro de la <b>Liga MX<\/b>. Gracias a su moderna infraestructura y su constante apuesta por el desarrollo de <b>fuerzas b\u00e1sicas<\/b>, el club ha logrado conquistar seis t\u00edtulos de liga. Adem\u00e1s, mantiene un fuerte compromiso con su comunidad y un modelo de gesti\u00f3n adaptado a los desaf\u00edos actuales. Desde hace m\u00e1s de una d\u00e9cada, Alejandro Irarragorri Guti\u00e9rrez y su hijo Aleco Irarragorri han liderado la evoluci\u00f3n institucional.<\/p>\n<h2><b>La propuesta de Alejandro \u2018Aleco\u2019 Irarragorri para el crecimiento de Santos Laguna<\/b><\/h2>\n<p>Alejandro Irarragorri Kalb, conocido como Aleco Irarragorri, es parte de la nueva generaci\u00f3n de protagonistas dentro de la <b>gesti\u00f3n deportiva<\/b> mexicana. Hijo de Alejandro Irarragorri Guti\u00e9rrez, presidente del Consejo de Administraci\u00f3n de Orlegi Sports, ha iniciado su carrera profesional apostando por la profesionalizaci\u00f3n, la <b>tecnolog\u00eda aplicada<\/b> al deporte y la internacionalizaci\u00f3n de los modelos de negocio deportivo.<\/p>\n<p>Formado en administraci\u00f3n, negocios y deporte, Aleco Irarragorri participa en los proyectos estrat\u00e9gicos de Orlegi Sports, grupo que administra clubes como Santos Laguna, Atlas FC y el Sporting de Gij\u00f3n en Espa\u00f1a. Aunque a\u00fan en las primeras etapas de su trayectoria, ha adquirido una visi\u00f3n global de las operaciones <b>institucionales<\/b>y deportivas dentro de un modelo sustentado en la <b>sostenibilidad financiera<\/b> y el desarrollo de talento emergente.<\/p>\n<p>Durante la presentaci\u00f3n de Francisco Rodr\u00edguez V\u00edlchez, Irarragorri Kalb expres\u00f3 su plena confianza en el nuevo entrenador, destacando que su perfil es el indicado para afrontar esta etapa de transici\u00f3n. Por su parte, Rodr\u00edguez asumi\u00f3 el compromiso de devolver la <b>identidad competitiva<\/b> al equipo desde el vestuario. \u201cNo se trata de cambiar a veinte jugadores, eso no lo hace nadie. La base est\u00e1 aqu\u00ed y sobre ella vamos a construir\u201d, remarc\u00f3, dejando claro que la transformaci\u00f3n ser\u00e1 <b>progresiva y bien estructurada<\/b>.<\/p>\n<h2><b>Santos Laguna avanza bajo la presidencia de Alejandro Irarragorri Kalb<\/b><\/h2>\n<p>Consultado sobre posibles incorporaciones, Aleco Irarragorri fue prudente: \u201cYa lo estamos trabajando, pero no podemos revelar mucho ahora porque nos puede entorpecer las conversaciones. Hay que ser estrat\u00e9gicos\u201d, afirm\u00f3. Mientras tanto, Santos Laguna contin\u00faa su pretemporada de cara al siguiente torneo de <b>Liga MX<\/b>, reorganizando su plantilla. La combinaci\u00f3n de un cuerpo t\u00e9cnico renovado y una afici\u00f3n <b>apasionada y constante<\/b> sit\u00faa al club en un momento clave. Con Alejandro Irarragorri Kalb al frente de la presidencia y Francisco Rodr\u00edguez liderando el equipo, el futuro inmediato depender\u00e1 de la correcta alineaci\u00f3n entre visi\u00f3n, trabajo y resultados deportivos.<\/p>","protected":false},"excerpt":{"rendered":"<p>Santos Laguna inicia una etapa clave de transformaci\u00f3n, seg\u00fan anunci\u00f3 su presidente, Alejandro Irarragorri Kalb. Durante el mes de mayo, en el Territorio Santos Modelo, se realiz\u00f3 la presentaci\u00f3n oficial de Francisco Rodr\u00edguez V\u00edlchez como nuevo entrenador del primer equipo. La llegada del t\u00e9cnico espa\u00f1ol, con amplia experiencia en el [&hellip;]<\/p>\n","protected":false},"author":3,"featured_media":65684,"comment_status":"closed","ping_status":"closed","sticky":false,"template":"","format":"standard","meta":{"footnotes":""},"categories":[3790],"tags":[],"class_list":["post-65683","post","type-post","status-publish","format-standard","has-post-thumbnail","hentry","category-otras-noticias"],"yoast_head":"<!-- This site is optimized with the Yoast SEO plugin v27.5 - https:\/\/yoast.com\/product\/yoast-seo-wordpress\/ -->\n<title>Alejandro Irarragorri Kalb anuncia el nuevo proyecto Santos Laguna 2025 - Revista Rambla<\/title>\n<meta name=\"robots\" content=\"index, follow, max-snippet:-1, max-image-preview:large, max-video-preview:-1\" \/>\n<link rel=\"canonical\" href=\"https:\/\/www.revistarambla.com\/en\/alejandro-irarragorri-kalb-anuncia-el-nuevo-proyecto-santos-laguna-2025\/\" \/>\n<meta property=\"og:locale\" content=\"en_GB\" \/>\n<meta property=\"og:type\" content=\"article\" \/>\n<meta property=\"og:title\" content=\"Alejandro Irarragorri Kalb anuncia el nuevo proyecto Santos Laguna 2025 - Revista Rambla\" \/>\n<meta property=\"og:description\" content=\"Santos Laguna inicia una etapa clave de transformaci\u00f3n, seg\u00fan anunci\u00f3 su presidente, Alejandro Irarragorri Kalb. Durante el mes de mayo, en el Territorio Santos Modelo, se realiz\u00f3 la presentaci\u00f3n oficial de Francisco Rodr\u00edguez V\u00edlchez como nuevo entrenador del primer equipo. La llegada del t\u00e9cnico espa\u00f1ol, con amplia experiencia en el [&hellip;]\" \/>\n<meta property=\"og:url\" content=\"https:\/\/www.revistarambla.com\/en\/alejandro-irarragorri-kalb-anuncia-el-nuevo-proyecto-santos-laguna-2025\/\" \/>\n<meta property=\"og:site_name\" content=\"Revista Rambla\" \/>\n<meta property=\"article:publisher\" content=\"https:\/\/www.facebook.com\/revistarambla\/\" \/>\n<meta property=\"article:author\" content=\"https:\/\/www.facebook.com\/revistarambla\" \/>\n<meta property=\"article:published_time\" content=\"2025-07-09T10:22:45+00:00\" \/>\n<meta property=\"og:image\" content=\"https:\/\/www.revistarambla.com\/wp-content\/uploads\/2025\/07\/phpodfkPO686bb3b925875.jpg\" \/>\n\t<meta property=\"og:image:width\" content=\"1920\" \/>\n\t<meta property=\"og:image:height\" content=\"1277\" \/>\n\t<meta property=\"og:image:type\" content=\"image\/jpeg\" \/>\n<meta name=\"author\" content=\"R@mbla\" \/>\n<meta name=\"twitter:card\" content=\"summary_large_image\" \/>\n<meta name=\"twitter:creator\" content=\"@revistarambla\" \/>\n<meta name=\"twitter:site\" content=\"@revistarambla\" \/>\n<meta name=\"twitter:label1\" content=\"Written by\" \/>\n\t<meta name=\"twitter:data1\" content=\"R@mbla\" \/>\n\t<meta name=\"twitter:label2\" content=\"Estimated reading time\" \/>\n\t<meta name=\"twitter:data2\" content=\"3 minutes\" \/>\n<script type=\"application\/ld+json\" class=\"yoast-schema-graph\">{\"@context\":\"https:\\\/\\\/schema.org\",\"@graph\":[{\"@type\":\"Article\",\"@id\":\"https:\\\/\\\/www.revistarambla.com\\\/alejandro-irarragorri-kalb-anuncia-el-nuevo-proyecto-santos-laguna-2025\\\/#article\",\"isPartOf\":{\"@id\":\"https:\\\/\\\/www.revistarambla.com\\\/alejandro-irarragorri-kalb-anuncia-el-nuevo-proyecto-santos-laguna-2025\\\/\"},\"author\":{\"name\":\"R@mbla\",\"@id\":\"https:\\\/\\\/www.revistarambla.com\\\/#\\\/schema\\\/person\\\/a146a5a2550b94981a75131180e1bd9c\"},\"headline\":\"Alejandro Irarragorri Kalb anuncia el nuevo proyecto Santos Laguna 2025\",\"datePublished\":\"2025-07-09T10:22:45+00:00\",\"mainEntityOfPage\":{\"@id\":\"https:\\\/\\\/www.revistarambla.com\\\/alejandro-irarragorri-kalb-anuncia-el-nuevo-proyecto-santos-laguna-2025\\\/\"},\"wordCount\":554,\"publisher\":{\"@id\":\"https:\\\/\\\/www.revistarambla.com\\\/#organization\"},\"image\":{\"@id\":\"https:\\\/\\\/www.revistarambla.com\\\/alejandro-irarragorri-kalb-anuncia-el-nuevo-proyecto-santos-laguna-2025\\\/#primaryimage\"},\"thumbnailUrl\":\"https:\\\/\\\/www.revistarambla.com\\\/wp-content\\\/uploads\\\/2025\\\/07\\\/phpodfkPO686bb3b925875.jpg\",\"articleSection\":[\"Otras Noticias\"],\"inLanguage\":\"en-GB\"},{\"@type\":\"WebPage\",\"@id\":\"https:\\\/\\\/www.revistarambla.com\\\/alejandro-irarragorri-kalb-anuncia-el-nuevo-proyecto-santos-laguna-2025\\\/\",\"url\":\"https:\\\/\\\/www.revistarambla.com\\\/alejandro-irarragorri-kalb-anuncia-el-nuevo-proyecto-santos-laguna-2025\\\/\",\"name\":\"Alejandro Irarragorri Kalb anuncia el nuevo proyecto Santos Laguna 2025 - Revista Rambla\",\"isPartOf\":{\"@id\":\"https:\\\/\\\/www.revistarambla.com\\\/#website\"},\"primaryImageOfPage\":{\"@id\":\"https:\\\/\\\/www.revistarambla.com\\\/alejandro-irarragorri-kalb-anuncia-el-nuevo-proyecto-santos-laguna-2025\\\/#primaryimage\"},\"image\":{\"@id\":\"https:\\\/\\\/www.revistarambla.com\\\/alejandro-irarragorri-kalb-anuncia-el-nuevo-proyecto-santos-laguna-2025\\\/#primaryimage\"},\"thumbnailUrl\":\"https:\\\/\\\/www.revistarambla.com\\\/wp-content\\\/uploads\\\/2025\\\/07\\\/phpodfkPO686bb3b925875.jpg\",\"datePublished\":\"2025-07-09T10:22:45+00:00\",\"breadcrumb\":{\"@id\":\"https:\\\/\\\/www.revistarambla.com\\\/alejandro-irarragorri-kalb-anuncia-el-nuevo-proyecto-santos-laguna-2025\\\/#breadcrumb\"},\"inLanguage\":\"en-GB\",\"potentialAction\":[{\"@type\":\"ReadAction\",\"target\":[\"https:\\\/\\\/www.revistarambla.com\\\/alejandro-irarragorri-kalb-anuncia-el-nuevo-proyecto-santos-laguna-2025\\\/\"]}]},{\"@type\":\"ImageObject\",\"inLanguage\":\"en-GB\",\"@id\":\"https:\\\/\\\/www.revistarambla.com\\\/alejandro-irarragorri-kalb-anuncia-el-nuevo-proyecto-santos-laguna-2025\\\/#primaryimage\",\"url\":\"https:\\\/\\\/www.revistarambla.com\\\/wp-content\\\/uploads\\\/2025\\\/07\\\/phpodfkPO686bb3b925875.jpg\",\"contentUrl\":\"https:\\\/\\\/www.revistarambla.com\\\/wp-content\\\/uploads\\\/2025\\\/07\\\/phpodfkPO686bb3b925875.jpg\",\"width\":1920,\"height\":1277,\"caption\":\"Alejandro Irarragorri Kalb\"},{\"@type\":\"BreadcrumbList\",\"@id\":\"https:\\\/\\\/www.revistarambla.com\\\/alejandro-irarragorri-kalb-anuncia-el-nuevo-proyecto-santos-laguna-2025\\\/#breadcrumb\",\"itemListElement\":[{\"@type\":\"ListItem\",\"position\":1,\"name\":\"Portada\",\"item\":\"https:\\\/\\\/www.revistarambla.com\\\/\"},{\"@type\":\"ListItem\",\"position\":2,\"name\":\"Alejandro Irarragorri Kalb anuncia el nuevo proyecto Santos Laguna 2025\"}]},{\"@type\":\"WebSite\",\"@id\":\"https:\\\/\\\/www.revistarambla.com\\\/#website\",\"url\":\"https:\\\/\\\/www.revistarambla.com\\\/\",\"name\":\"Revista Rambla Barcelona\",\"description\":\"Periodismo independiente\",\"publisher\":{\"@id\":\"https:\\\/\\\/www.revistarambla.com\\\/#organization\"},\"potentialAction\":[{\"@type\":\"SearchAction\",\"target\":{\"@type\":\"EntryPoint\",\"urlTemplate\":\"https:\\\/\\\/www.revistarambla.com\\\/?s={search_term_string}\"},\"query-input\":{\"@type\":\"PropertyValueSpecification\",\"valueRequired\":true,\"valueName\":\"search_term_string\"}}],\"inLanguage\":\"en-GB\"},{\"@type\":\"Organization\",\"@id\":\"https:\\\/\\\/www.revistarambla.com\\\/#organization\",\"name\":\"Revista Rambla\",\"url\":\"https:\\\/\\\/www.revistarambla.com\\\/\",\"logo\":{\"@type\":\"ImageObject\",\"inLanguage\":\"en-GB\",\"@id\":\"https:\\\/\\\/www.revistarambla.com\\\/#\\\/schema\\\/logo\\\/image\\\/\",\"url\":\"https:\\\/\\\/www.revistarambla.com\\\/wp-content\\\/uploads\\\/2020\\\/09\\\/banner_rambla_1900x600_BB.png\",\"contentUrl\":\"https:\\\/\\\/www.revistarambla.com\\\/wp-content\\\/uploads\\\/2020\\\/09\\\/banner_rambla_1900x600_BB.png\",\"width\":1900,\"height\":600,\"caption\":\"Revista Rambla\"},\"image\":{\"@id\":\"https:\\\/\\\/www.revistarambla.com\\\/#\\\/schema\\\/logo\\\/image\\\/\"},\"sameAs\":[\"https:\\\/\\\/www.facebook.com\\\/revistarambla\\\/\",\"https:\\\/\\\/x.com\\\/revistarambla\",\"https:\\\/\\\/www.instagram.com\\\/revista_rambla\",\"https:\\\/\\\/es.linkedin.com\\\/company\\\/revista-rambla\"]},{\"@type\":\"Person\",\"@id\":\"https:\\\/\\\/www.revistarambla.com\\\/#\\\/schema\\\/person\\\/a146a5a2550b94981a75131180e1bd9c\",\"name\":\"R@mbla\",\"description\":\"Este art\u00edculo ha sido redactado y\\\/o validado por el equipo de redacci\u00f3n de Revista Rambla.\",\"sameAs\":[\"https:\\\/\\\/www.revistarambla.com\\\/\",\"https:\\\/\\\/www.facebook.com\\\/revistarambla\",\"https:\\\/\\\/x.com\\\/revistarambla\"]}]}<\/script>\n<!-- \/ Yoast SEO plugin. -->","yoast_head_json":{"title":"Alejandro Irarragorri Kalb anuncia el nuevo proyecto Santos Laguna 2025 - Revista Rambla","robots":{"index":"index","follow":"follow","max-snippet":"max-snippet:-1","max-image-preview":"max-image-preview:large","max-video-preview":"max-video-preview:-1"},"canonical":"https:\/\/www.revistarambla.com\/en\/alejandro-irarragorri-kalb-anuncia-el-nuevo-proyecto-santos-laguna-2025\/","og_locale":"en_GB","og_type":"article","og_title":"Alejandro Irarragorri Kalb anuncia el nuevo proyecto Santos Laguna 2025 - Revista Rambla","og_description":"Santos Laguna inicia una etapa clave de transformaci\u00f3n, seg\u00fan anunci\u00f3 su presidente, Alejandro Irarragorri Kalb. Durante el mes de mayo, en el Territorio Santos Modelo, se realiz\u00f3 la presentaci\u00f3n oficial de Francisco Rodr\u00edguez V\u00edlchez como nuevo entrenador del primer equipo. La llegada del t\u00e9cnico espa\u00f1ol, con amplia experiencia en el [&hellip;]","og_url":"https:\/\/www.revistarambla.com\/en\/alejandro-irarragorri-kalb-anuncia-el-nuevo-proyecto-santos-laguna-2025\/","og_site_name":"Revista Rambla","article_publisher":"https:\/\/www.facebook.com\/revistarambla\/","article_author":"https:\/\/www.facebook.com\/revistarambla","article_published_time":"2025-07-09T10:22:45+00:00","og_image":[{"width":1920,"height":1277,"url":"https:\/\/www.revistarambla.com\/wp-content\/uploads\/2025\/07\/phpodfkPO686bb3b925875.jpg","type":"image\/jpeg"}],"author":"R@mbla","twitter_card":"summary_large_image","twitter_creator":"@revistarambla","twitter_site":"@revistarambla","twitter_misc":{"Written by":"R@mbla","Estimated reading time":"3 minutes"},"schema":{"@context":"https:\/\/schema.org","@graph":[{"@type":"Article","@id":"https:\/\/www.revistarambla.com\/alejandro-irarragorri-kalb-anuncia-el-nuevo-proyecto-santos-laguna-2025\/#article","isPartOf":{"@id":"https:\/\/www.revistarambla.com\/alejandro-irarragorri-kalb-anuncia-el-nuevo-proyecto-santos-laguna-2025\/"},"author":{"name":"R@mbla","@id":"https:\/\/www.revistarambla.com\/#\/schema\/person\/a146a5a2550b94981a75131180e1bd9c"},"headline":"Alejandro Irarragorri Kalb anuncia el nuevo proyecto Santos Laguna 2025","datePublished":"2025-07-09T10:22:45+00:00","mainEntityOfPage":{"@id":"https:\/\/www.revistarambla.com\/alejandro-irarragorri-kalb-anuncia-el-nuevo-proyecto-santos-laguna-2025\/"},"wordCount":554,"publisher":{"@id":"https:\/\/www.revistarambla.com\/#organization"},"image":{"@id":"https:\/\/www.revistarambla.com\/alejandro-irarragorri-kalb-anuncia-el-nuevo-proyecto-santos-laguna-2025\/#primaryimage"},"thumbnailUrl":"https:\/\/www.revistarambla.com\/wp-content\/uploads\/2025\/07\/phpodfkPO686bb3b925875.jpg","articleSection":["Otras Noticias"],"inLanguage":"en-GB"},{"@type":"WebPage","@id":"https:\/\/www.revistarambla.com\/alejandro-irarragorri-kalb-anuncia-el-nuevo-proyecto-santos-laguna-2025\/","url":"https:\/\/www.revistarambla.com\/alejandro-irarragorri-kalb-anuncia-el-nuevo-proyecto-santos-laguna-2025\/","name":"Alejandro Irarragorri Kalb anuncia el nuevo proyecto Santos Laguna 2025 - Revista Rambla","isPartOf":{"@id":"https:\/\/www.revistarambla.com\/#website"},"primaryImageOfPage":{"@id":"https:\/\/www.revistarambla.com\/alejandro-irarragorri-kalb-anuncia-el-nuevo-proyecto-santos-laguna-2025\/#primaryimage"},"image":{"@id":"https:\/\/www.revistarambla.com\/alejandro-irarragorri-kalb-anuncia-el-nuevo-proyecto-santos-laguna-2025\/#primaryimage"},"thumbnailUrl":"https:\/\/www.revistarambla.com\/wp-content\/uploads\/2025\/07\/phpodfkPO686bb3b925875.jpg","datePublished":"2025-07-09T10:22:45+00:00","breadcrumb":{"@id":"https:\/\/www.revistarambla.com\/alejandro-irarragorri-kalb-anuncia-el-nuevo-proyecto-santos-laguna-2025\/#breadcrumb"},"inLanguage":"en-GB","potentialAction":[{"@type":"ReadAction","target":["https:\/\/www.revistarambla.com\/alejandro-irarragorri-kalb-anuncia-el-nuevo-proyecto-santos-laguna-2025\/"]}]},{"@type":"ImageObject","inLanguage":"en-GB","@id":"https:\/\/www.revistarambla.com\/alejandro-irarragorri-kalb-anuncia-el-nuevo-proyecto-santos-laguna-2025\/#primaryimage","url":"https:\/\/www.revistarambla.com\/wp-content\/uploads\/2025\/07\/phpodfkPO686bb3b925875.jpg","contentUrl":"https:\/\/www.revistarambla.com\/wp-content\/uploads\/2025\/07\/phpodfkPO686bb3b925875.jpg","width":1920,"height":1277,"caption":"Alejandro Irarragorri Kalb"},{"@type":"BreadcrumbList","@id":"https:\/\/www.revistarambla.com\/alejandro-irarragorri-kalb-anuncia-el-nuevo-proyecto-santos-laguna-2025\/#breadcrumb","itemListElement":[{"@type":"ListItem","position":1,"name":"Portada","item":"https:\/\/www.revistarambla.com\/"},{"@type":"ListItem","position":2,"name":"Alejandro Irarragorri Kalb anuncia el nuevo proyecto Santos Laguna 2025"}]},{"@type":"WebSite","@id":"https:\/\/www.revistarambla.com\/#website","url":"https:\/\/www.revistarambla.com\/","name":"Revista Rambla Barcelona","description":"Periodismo independiente","publisher":{"@id":"https:\/\/www.revistarambla.com\/#organization"},"potentialAction":[{"@type":"SearchAction","target":{"@type":"EntryPoint","urlTemplate":"https:\/\/www.revistarambla.com\/?s={search_term_string}"},"query-input":{"@type":"PropertyValueSpecification","valueRequired":true,"valueName":"search_term_string"}}],"inLanguage":"en-GB"},{"@type":"Organization","@id":"https:\/\/www.revistarambla.com\/#organization","name":"Revista Rambla","url":"https:\/\/www.revistarambla.com\/","logo":{"@type":"ImageObject","inLanguage":"en-GB","@id":"https:\/\/www.revistarambla.com\/#\/schema\/logo\/image\/","url":"https:\/\/www.revistarambla.com\/wp-content\/uploads\/2020\/09\/banner_rambla_1900x600_BB.png","contentUrl":"https:\/\/www.revistarambla.com\/wp-content\/uploads\/2020\/09\/banner_rambla_1900x600_BB.png","width":1900,"height":600,"caption":"Revista Rambla"},"image":{"@id":"https:\/\/www.revistarambla.com\/#\/schema\/logo\/image\/"},"sameAs":["https:\/\/www.facebook.com\/revistarambla\/","https:\/\/x.com\/revistarambla","https:\/\/www.instagram.com\/revista_rambla","https:\/\/es.linkedin.com\/company\/revista-rambla"]},{"@type":"Person","@id":"https:\/\/www.revistarambla.com\/#\/schema\/person\/a146a5a2550b94981a75131180e1bd9c","name":"R@mbla","description":"Este art\u00edculo ha sido redactado y\/o validado por el equipo de redacci\u00f3n de Revista Rambla.","sameAs":["https:\/\/www.revistarambla.com\/","https:\/\/www.facebook.com\/revistarambla","https:\/\/x.com\/revistarambla"]}]}},"_links":{"self":[{"href":"https:\/\/www.revistarambla.com\/en\/wp-json\/wp\/v2\/posts\/65683","targetHints":{"allow":["GET"]}}],"collection":[{"href":"https:\/\/www.revistarambla.com\/en\/wp-json\/wp\/v2\/posts"}],"about":[{"href":"https:\/\/www.revistarambla.com\/en\/wp-json\/wp\/v2\/types\/post"}],"author":[{"embeddable":true,"href":"https:\/\/www.revistarambla.com\/en\/wp-json\/wp\/v2\/users\/3"}],"replies":[{"embeddable":true,"href":"https:\/\/www.revistarambla.com\/en\/wp-json\/wp\/v2\/comments?post=65683"}],"version-history":[{"count":1,"href":"https:\/\/www.revistarambla.com\/en\/wp-json\/wp\/v2\/posts\/65683\/revisions"}],"predecessor-version":[{"id":65685,"href":"https:\/\/www.revistarambla.com\/en\/wp-json\/wp\/v2\/posts\/65683\/revisions\/65685"}],"wp:featuredmedia":[{"embeddable":true,"href":"https:\/\/www.revistarambla.com\/en\/wp-json\/wp\/v2\/media\/65684"}],"wp:attachment":[{"href":"https:\/\/www.revistarambla.com\/en\/wp-json\/wp\/v2\/media?parent=65683"}],"wp:term":[{"taxonomy":"category","embeddable":true,"href":"https:\/\/www.revistarambla.com\/en\/wp-json\/wp\/v2\/categories?post=65683"},{"taxonomy":"post_tag","embeddable":true,"href":"https:\/\/www.revistarambla.com\/en\/wp-json\/wp\/v2\/tags?post=65683"}],"curies":[{"name":"wp","href":"https:\/\/api.w.org\/{rel}","templated":true}]}}